{"id":993,"date":"2025-08-04T03:59:04","date_gmt":"2025-08-04T09:59:04","guid":{"rendered":"https:\/\/somos-hermanos.mx\/?p=993"},"modified":"2025-08-04T03:59:04","modified_gmt":"2025-08-04T09:59:04","slug":"ctduca-a-favor-de-la-igualdad-e-independencia-con-personas-down","status":"publish","type":"post","link":"https:\/\/somos-hermanos.mx\/index.php\/2025\/08\/04\/ctduca-a-favor-de-la-igualdad-e-independencia-con-personas-down\/","title":{"rendered":"CTDUCA, a favor de la igualdad e independencia con personas Down"},"content":{"rendered":"<p>Durante 1968, <strong>Susana Ram\u00edrez Robles, <\/strong>doctora especializada en gen\u00e9tica realizaba pruebas especiales dentro del hospital \u201c20 de noviembre\u201d del ISSSTE. La expresi\u00f3n gen\u00e9tica Trisom\u00eda 21, m\u00e1s conocida coloquialmente como s\u00edndrome Down, era la presencia de la condici\u00f3n de la cual Susana se encargaba de confirmar a los padres de familia quienes acud\u00edan al laboratorio en busca informaci\u00f3n clara sobre las circunstancias vitales de sus hijas e hijos.<\/p>\n<p>Pensando en el futuro que se avecinaba para los progenitores de los infantes con Trisom\u00eda 21, <strong>la doctora pens\u00f3 en atender a cada padre de familia con transparencia para lograr establecer un lugar seguro donde ni\u00f1as y ni\u00f1os pudiesen desarrollarse de manera independiente, <\/strong>es as\u00ed que nace en 1970, Centro de Terapia Educativa A.C. (CTDUCA).<\/p>\n<p>Destacando la innovaci\u00f3n como fundaci\u00f3n en conjunto con Palsgaard \u2013 empresa dedicada a la producci\u00f3n de emulsionantes y estabilizantes para la industria alimentaria \u2013 se realiz\u00f3 un protocolo nutricional espec\u00edficamente para cubrir las necesidades de personas con una o m\u00e1s caracter\u00edsticas fisiol\u00f3gicas o metab\u00f3licas espec\u00edficas y afines, en el cual se eligen alimentos que tengan todos los nutrientes con biodisponibilidad adecuada para que su organismo pueda absorberlos eficientemente.<\/p>\n<p>El desarrollo que propone la fundaci\u00f3n <strong>se compone de terapias de lenguaje, terapias cognitivas, asesor\u00edas psicol\u00f3gicas, taller de sensibilizaci\u00f3n, talleres de capacitaci\u00f3n externa a padres de familia e inclusi\u00f3n social,<\/strong>\u00a0la fundaci\u00f3n realiza la completa labor para el desarrollo de autodeterminaci\u00f3n e inclusi\u00f3n al entorno de estas personas, disminuyendo as\u00ed el costo econ\u00f3mico y emocional en el plano familiar y social.<\/p>\n<p>A la fecha se ubica en Patricio Sanz N\u00fam. 1804, Colonia Del Valle, una zona caracter\u00edstica por su tranquilidad y seguridad desde la cual se encarga de visibilizar a trav\u00e9s del respeto y la paciencia una condici\u00f3n gen\u00e9tica que la mayor parte de la poblaci\u00f3n confunde con una enfermedad, abriendo camino a que todas y todos puedan acceder a un espacio con circunstancias de igualdad.<\/p>\n","protected":false},"excerpt":{"rendered":"<p>Durante 1968, Susana Ram\u00edrez Robles, doctora especializada en gen\u00e9tica realizaba pruebas especiales dentro del hospital \u201c20 de noviembre\u201d del ISSSTE. La expresi\u00f3n gen\u00e9tica Trisom\u00eda 21, m\u00e1s conocida coloquialmente como s\u00edndrome Down, era la presencia de la condici\u00f3n de la cual Susana se encargaba de confirmar a los padres de familia quienes acud\u00edan al laboratorio en [&hellip;]<\/p>\n","protected":false},"author":28,"featured_media":994,"comment_status":"open","ping_status":"closed","sticky":false,"template":"","format":"standard","meta":{"footnotes":""},"categories":[6],"tags":[],"class_list":["post-993","post","type-post","status-publish","format-standard","has-post-thumbnail","hentry","category-noticias"],"yoast_head":"<!-- This site is optimized with the Yoast SEO plugin v27.5 - https:\/\/yoast.com\/product\/yoast-seo-wordpress\/ -->\n<title>CTDUCA, a favor de la igualdad e independencia con personas Down - Historias que inspiran...<\/title>\n<meta name=\"robots\" content=\"index, follow, max-snippet:-1, max-image-preview:large, max-video-preview:-1\" \/>\n<link rel=\"canonical\" href=\"https:\/\/somos-hermanos.mx\/index.php\/2025\/08\/04\/ctduca-a-favor-de-la-igualdad-e-independencia-con-personas-down\/\" \/>\n<meta property=\"og:locale\" content=\"es_MX\" \/>\n<meta property=\"og:type\" content=\"article\" \/>\n<meta property=\"og:title\" content=\"CTDUCA, a favor de la igualdad e independencia con personas Down - Historias que inspiran...\" \/>\n<meta property=\"og:description\" content=\"Durante 1968, Susana Ram\u00edrez Robles, doctora especializada en gen\u00e9tica realizaba pruebas especiales dentro del hospital \u201c20 de noviembre\u201d del ISSSTE. La expresi\u00f3n gen\u00e9tica Trisom\u00eda 21, m\u00e1s conocida coloquialmente como s\u00edndrome Down, era la presencia de la condici\u00f3n de la cual Susana se encargaba de confirmar a los padres de familia quienes acud\u00edan al laboratorio en [&hellip;]\" \/>\n<meta property=\"og:url\" content=\"https:\/\/somos-hermanos.mx\/index.php\/2025\/08\/04\/ctduca-a-favor-de-la-igualdad-e-independencia-con-personas-down\/\" \/>\n<meta property=\"og:site_name\" content=\"Historias que inspiran...\" \/>\n<meta property=\"article:publisher\" content=\"https:\/\/www.facebook.com\/SomosHermanosIAP\/\" \/>\n<meta property=\"article:published_time\" content=\"2025-08-04T09:59:04+00:00\" \/>\n<meta property=\"og:image\" content=\"https:\/\/somos-hermanos.mx\/wp-content\/uploads\/2025\/08\/ctduca.jpeg\" \/>\n\t<meta property=\"og:image:width\" content=\"999\" \/>\n\t<meta property=\"og:image:height\" content=\"999\" \/>\n\t<meta property=\"og:image:type\" content=\"image\/jpeg\" \/>\n<meta name=\"author\" content=\"Jocelyn Guzm\u00e1n Mart\u00ednez\" \/>\n<meta name=\"twitter:card\" content=\"summary_large_image\" \/>\n<meta name=\"twitter:creator\" content=\"@Somos__Hermanos\" \/>\n<meta name=\"twitter:site\" content=\"@Somos__Hermanos\" \/>\n<meta name=\"twitter:label1\" content=\"Escrito por\" \/>\n\t<meta name=\"twitter:data1\" content=\"Jocelyn Guzm\u00e1n Mart\u00ednez\" \/>\n\t<meta name=\"twitter:label2\" content=\"Tiempo de lectura\" \/>\n\t<meta name=\"twitter:data2\" content=\"2 minutos\" \/>\n<script type=\"application\/ld+json\" class=\"yoast-schema-graph\">{\"@context\":\"https:\\\/\\\/schema.org\",\"@graph\":[{\"@type\":\"Article\",\"@id\":\"https:\\\/\\\/somos-hermanos.mx\\\/index.php\\\/2025\\\/08\\\/04\\\/ctduca-a-favor-de-la-igualdad-e-independencia-con-personas-down\\\/#article\",\"isPartOf\":{\"@id\":\"https:\\\/\\\/somos-hermanos.mx\\\/index.php\\\/2025\\\/08\\\/04\\\/ctduca-a-favor-de-la-igualdad-e-independencia-con-personas-down\\\/\"},\"author\":{\"name\":\"Jocelyn Guzm\u00e1n Mart\u00ednez\",\"@id\":\"https:\\\/\\\/somos-hermanos.mx\\\/#\\\/schema\\\/person\\\/0cd447ea54751f11595557ee49ac6f23\"},\"headline\":\"CTDUCA, a favor de la igualdad e independencia con personas Down\",\"datePublished\":\"2025-08-04T09:59:04+00:00\",\"mainEntityOfPage\":{\"@id\":\"https:\\\/\\\/somos-hermanos.mx\\\/index.php\\\/2025\\\/08\\\/04\\\/ctduca-a-favor-de-la-igualdad-e-independencia-con-personas-down\\\/\"},\"wordCount\":358,\"commentCount\":0,\"publisher\":{\"@id\":\"https:\\\/\\\/somos-hermanos.mx\\\/#organization\"},\"image\":{\"@id\":\"https:\\\/\\\/somos-hermanos.mx\\\/index.php\\\/2025\\\/08\\\/04\\\/ctduca-a-favor-de-la-igualdad-e-independencia-con-personas-down\\\/#primaryimage\"},\"thumbnailUrl\":\"https:\\\/\\\/somos-hermanos.mx\\\/wp-content\\\/uploads\\\/2025\\\/08\\\/ctduca.jpeg\",\"articleSection\":[\"Noticias\"],\"inLanguage\":\"es\",\"potentialAction\":[{\"@type\":\"CommentAction\",\"name\":\"Comment\",\"target\":[\"https:\\\/\\\/somos-hermanos.mx\\\/index.php\\\/2025\\\/08\\\/04\\\/ctduca-a-favor-de-la-igualdad-e-independencia-con-personas-down\\\/#respond\"]}]},{\"@type\":\"WebPage\",\"@id\":\"https:\\\/\\\/somos-hermanos.mx\\\/index.php\\\/2025\\\/08\\\/04\\\/ctduca-a-favor-de-la-igualdad-e-independencia-con-personas-down\\\/\",\"url\":\"https:\\\/\\\/somos-hermanos.mx\\\/index.php\\\/2025\\\/08\\\/04\\\/ctduca-a-favor-de-la-igualdad-e-independencia-con-personas-down\\\/\",\"name\":\"CTDUCA, a favor de la igualdad e independencia con personas Down - Historias que inspiran...\",\"isPartOf\":{\"@id\":\"https:\\\/\\\/somos-hermanos.mx\\\/#website\"},\"primaryImageOfPage\":{\"@id\":\"https:\\\/\\\/somos-hermanos.mx\\\/index.php\\\/2025\\\/08\\\/04\\\/ctduca-a-favor-de-la-igualdad-e-independencia-con-personas-down\\\/#primaryimage\"},\"image\":{\"@id\":\"https:\\\/\\\/somos-hermanos.mx\\\/index.php\\\/2025\\\/08\\\/04\\\/ctduca-a-favor-de-la-igualdad-e-independencia-con-personas-down\\\/#primaryimage\"},\"thumbnailUrl\":\"https:\\\/\\\/somos-hermanos.mx\\\/wp-content\\\/uploads\\\/2025\\\/08\\\/ctduca.jpeg\",\"datePublished\":\"2025-08-04T09:59:04+00:00\",\"breadcrumb\":{\"@id\":\"https:\\\/\\\/somos-hermanos.mx\\\/index.php\\\/2025\\\/08\\\/04\\\/ctduca-a-favor-de-la-igualdad-e-independencia-con-personas-down\\\/#breadcrumb\"},\"inLanguage\":\"es\",\"potentialAction\":[{\"@type\":\"ReadAction\",\"target\":[\"https:\\\/\\\/somos-hermanos.mx\\\/index.php\\\/2025\\\/08\\\/04\\\/ctduca-a-favor-de-la-igualdad-e-independencia-con-personas-down\\\/\"]}]},{\"@type\":\"ImageObject\",\"inLanguage\":\"es\",\"@id\":\"https:\\\/\\\/somos-hermanos.mx\\\/index.php\\\/2025\\\/08\\\/04\\\/ctduca-a-favor-de-la-igualdad-e-independencia-con-personas-down\\\/#primaryimage\",\"url\":\"https:\\\/\\\/somos-hermanos.mx\\\/wp-content\\\/uploads\\\/2025\\\/08\\\/ctduca.jpeg\",\"contentUrl\":\"https:\\\/\\\/somos-hermanos.mx\\\/wp-content\\\/uploads\\\/2025\\\/08\\\/ctduca.jpeg\",\"width\":999,\"height\":999},{\"@type\":\"BreadcrumbList\",\"@id\":\"https:\\\/\\\/somos-hermanos.mx\\\/index.php\\\/2025\\\/08\\\/04\\\/ctduca-a-favor-de-la-igualdad-e-independencia-con-personas-down\\\/#breadcrumb\",\"itemListElement\":[{\"@type\":\"ListItem\",\"position\":1,\"name\":\"Inicio\",\"item\":\"https:\\\/\\\/somos-hermanos.mx\\\/\"},{\"@type\":\"ListItem\",\"position\":2,\"name\":\"CTDUCA, a favor de la igualdad e independencia con personas Down\"}]},{\"@type\":\"WebSite\",\"@id\":\"https:\\\/\\\/somos-hermanos.mx\\\/#website\",\"url\":\"https:\\\/\\\/somos-hermanos.mx\\\/\",\"name\":\"Historias que inspiran...\",\"description\":\"Somos la voz del altruismo en M\u00e9xico\",\"publisher\":{\"@id\":\"https:\\\/\\\/somos-hermanos.mx\\\/#organization\"},\"potentialAction\":[{\"@type\":\"SearchAction\",\"target\":{\"@type\":\"EntryPoint\",\"urlTemplate\":\"https:\\\/\\\/somos-hermanos.mx\\\/?s={search_term_string}\"},\"query-input\":{\"@type\":\"PropertyValueSpecification\",\"valueRequired\":true,\"valueName\":\"search_term_string\"}}],\"inLanguage\":\"es\"},{\"@type\":\"Organization\",\"@id\":\"https:\\\/\\\/somos-hermanos.mx\\\/#organization\",\"name\":\"Somos Hermanos\",\"url\":\"https:\\\/\\\/somos-hermanos.mx\\\/\",\"logo\":{\"@type\":\"ImageObject\",\"inLanguage\":\"es\",\"@id\":\"https:\\\/\\\/somos-hermanos.mx\\\/#\\\/schema\\\/logo\\\/image\\\/\",\"url\":\"https:\\\/\\\/somos-hermanos.mx\\\/wp-content\\\/uploads\\\/2025\\\/08\\\/SH30-1.jpeg\",\"contentUrl\":\"https:\\\/\\\/somos-hermanos.mx\\\/wp-content\\\/uploads\\\/2025\\\/08\\\/SH30-1.jpeg\",\"width\":1600,\"height\":1142,\"caption\":\"Somos Hermanos\"},\"image\":{\"@id\":\"https:\\\/\\\/somos-hermanos.mx\\\/#\\\/schema\\\/logo\\\/image\\\/\"},\"sameAs\":[\"https:\\\/\\\/www.facebook.com\\\/SomosHermanosIAP\\\/\",\"https:\\\/\\\/x.com\\\/Somos__Hermanos\",\"https:\\\/\\\/www.instagram.com\\\/somos__hermanos\\\/#\",\"https:\\\/\\\/www.tiktok.com\\\/@somoshermanosiap\",\"https:\\\/\\\/www.youtube.com\\\/@somoshermanosiap1201\\\/videos\"]},{\"@type\":\"Person\",\"@id\":\"https:\\\/\\\/somos-hermanos.mx\\\/#\\\/schema\\\/person\\\/0cd447ea54751f11595557ee49ac6f23\",\"name\":\"Jocelyn Guzm\u00e1n Mart\u00ednez\",\"image\":{\"@type\":\"ImageObject\",\"inLanguage\":\"es\",\"@id\":\"https:\\\/\\\/secure.gravatar.com\\\/avatar\\\/d5074038e8796d4eae4d9158911a66cce26c4f3f9e96ee6629aafc5c0638e08c?s=96&d=mm&r=g\",\"url\":\"https:\\\/\\\/secure.gravatar.com\\\/avatar\\\/d5074038e8796d4eae4d9158911a66cce26c4f3f9e96ee6629aafc5c0638e08c?s=96&d=mm&r=g\",\"contentUrl\":\"https:\\\/\\\/secure.gravatar.com\\\/avatar\\\/d5074038e8796d4eae4d9158911a66cce26c4f3f9e96ee6629aafc5c0638e08c?s=96&d=mm&r=g\",\"caption\":\"Jocelyn Guzm\u00e1n Mart\u00ednez\"},\"url\":\"https:\\\/\\\/somos-hermanos.mx\\\/index.php\\\/author\\\/jocelyn-guzman-martinez\\\/\"}]}<\/script>\n<!-- \/ Yoast SEO plugin. -->","yoast_head_json":{"title":"CTDUCA, a favor de la igualdad e independencia con personas Down - Historias que inspiran...","robots":{"index":"index","follow":"follow","max-snippet":"max-snippet:-1","max-image-preview":"max-image-preview:large","max-video-preview":"max-video-preview:-1"},"canonical":"https:\/\/somos-hermanos.mx\/index.php\/2025\/08\/04\/ctduca-a-favor-de-la-igualdad-e-independencia-con-personas-down\/","og_locale":"es_MX","og_type":"article","og_title":"CTDUCA, a favor de la igualdad e independencia con personas Down - Historias que inspiran...","og_description":"Durante 1968, Susana Ram\u00edrez Robles, doctora especializada en gen\u00e9tica realizaba pruebas especiales dentro del hospital \u201c20 de noviembre\u201d del ISSSTE. La expresi\u00f3n gen\u00e9tica Trisom\u00eda 21, m\u00e1s conocida coloquialmente como s\u00edndrome Down, era la presencia de la condici\u00f3n de la cual Susana se encargaba de confirmar a los padres de familia quienes acud\u00edan al laboratorio en [&hellip;]","og_url":"https:\/\/somos-hermanos.mx\/index.php\/2025\/08\/04\/ctduca-a-favor-de-la-igualdad-e-independencia-con-personas-down\/","og_site_name":"Historias que inspiran...","article_publisher":"https:\/\/www.facebook.com\/SomosHermanosIAP\/","article_published_time":"2025-08-04T09:59:04+00:00","og_image":[{"width":999,"height":999,"url":"https:\/\/somos-hermanos.mx\/wp-content\/uploads\/2025\/08\/ctduca.jpeg","type":"image\/jpeg"}],"author":"Jocelyn Guzm\u00e1n Mart\u00ednez","twitter_card":"summary_large_image","twitter_creator":"@Somos__Hermanos","twitter_site":"@Somos__Hermanos","twitter_misc":{"Escrito por":"Jocelyn Guzm\u00e1n Mart\u00ednez","Tiempo de lectura":"2 minutos"},"schema":{"@context":"https:\/\/schema.org","@graph":[{"@type":"Article","@id":"https:\/\/somos-hermanos.mx\/index.php\/2025\/08\/04\/ctduca-a-favor-de-la-igualdad-e-independencia-con-personas-down\/#article","isPartOf":{"@id":"https:\/\/somos-hermanos.mx\/index.php\/2025\/08\/04\/ctduca-a-favor-de-la-igualdad-e-independencia-con-personas-down\/"},"author":{"name":"Jocelyn Guzm\u00e1n Mart\u00ednez","@id":"https:\/\/somos-hermanos.mx\/#\/schema\/person\/0cd447ea54751f11595557ee49ac6f23"},"headline":"CTDUCA, a favor de la igualdad e independencia con personas Down","datePublished":"2025-08-04T09:59:04+00:00","mainEntityOfPage":{"@id":"https:\/\/somos-hermanos.mx\/index.php\/2025\/08\/04\/ctduca-a-favor-de-la-igualdad-e-independencia-con-personas-down\/"},"wordCount":358,"commentCount":0,"publisher":{"@id":"https:\/\/somos-hermanos.mx\/#organization"},"image":{"@id":"https:\/\/somos-hermanos.mx\/index.php\/2025\/08\/04\/ctduca-a-favor-de-la-igualdad-e-independencia-con-personas-down\/#primaryimage"},"thumbnailUrl":"https:\/\/somos-hermanos.mx\/wp-content\/uploads\/2025\/08\/ctduca.jpeg","articleSection":["Noticias"],"inLanguage":"es","potentialAction":[{"@type":"CommentAction","name":"Comment","target":["https:\/\/somos-hermanos.mx\/index.php\/2025\/08\/04\/ctduca-a-favor-de-la-igualdad-e-independencia-con-personas-down\/#respond"]}]},{"@type":"WebPage","@id":"https:\/\/somos-hermanos.mx\/index.php\/2025\/08\/04\/ctduca-a-favor-de-la-igualdad-e-independencia-con-personas-down\/","url":"https:\/\/somos-hermanos.mx\/index.php\/2025\/08\/04\/ctduca-a-favor-de-la-igualdad-e-independencia-con-personas-down\/","name":"CTDUCA, a favor de la igualdad e independencia con personas Down - Historias que inspiran...","isPartOf":{"@id":"https:\/\/somos-hermanos.mx\/#website"},"primaryImageOfPage":{"@id":"https:\/\/somos-hermanos.mx\/index.php\/2025\/08\/04\/ctduca-a-favor-de-la-igualdad-e-independencia-con-personas-down\/#primaryimage"},"image":{"@id":"https:\/\/somos-hermanos.mx\/index.php\/2025\/08\/04\/ctduca-a-favor-de-la-igualdad-e-independencia-con-personas-down\/#primaryimage"},"thumbnailUrl":"https:\/\/somos-hermanos.mx\/wp-content\/uploads\/2025\/08\/ctduca.jpeg","datePublished":"2025-08-04T09:59:04+00:00","breadcrumb":{"@id":"https:\/\/somos-hermanos.mx\/index.php\/2025\/08\/04\/ctduca-a-favor-de-la-igualdad-e-independencia-con-personas-down\/#breadcrumb"},"inLanguage":"es","potentialAction":[{"@type":"ReadAction","target":["https:\/\/somos-hermanos.mx\/index.php\/2025\/08\/04\/ctduca-a-favor-de-la-igualdad-e-independencia-con-personas-down\/"]}]},{"@type":"ImageObject","inLanguage":"es","@id":"https:\/\/somos-hermanos.mx\/index.php\/2025\/08\/04\/ctduca-a-favor-de-la-igualdad-e-independencia-con-personas-down\/#primaryimage","url":"https:\/\/somos-hermanos.mx\/wp-content\/uploads\/2025\/08\/ctduca.jpeg","contentUrl":"https:\/\/somos-hermanos.mx\/wp-content\/uploads\/2025\/08\/ctduca.jpeg","width":999,"height":999},{"@type":"BreadcrumbList","@id":"https:\/\/somos-hermanos.mx\/index.php\/2025\/08\/04\/ctduca-a-favor-de-la-igualdad-e-independencia-con-personas-down\/#breadcrumb","itemListElement":[{"@type":"ListItem","position":1,"name":"Inicio","item":"https:\/\/somos-hermanos.mx\/"},{"@type":"ListItem","position":2,"name":"CTDUCA, a favor de la igualdad e independencia con personas Down"}]},{"@type":"WebSite","@id":"https:\/\/somos-hermanos.mx\/#website","url":"https:\/\/somos-hermanos.mx\/","name":"Historias que inspiran...","description":"Somos la voz del altruismo en M\u00e9xico","publisher":{"@id":"https:\/\/somos-hermanos.mx\/#organization"},"potentialAction":[{"@type":"SearchAction","target":{"@type":"EntryPoint","urlTemplate":"https:\/\/somos-hermanos.mx\/?s={search_term_string}"},"query-input":{"@type":"PropertyValueSpecification","valueRequired":true,"valueName":"search_term_string"}}],"inLanguage":"es"},{"@type":"Organization","@id":"https:\/\/somos-hermanos.mx\/#organization","name":"Somos Hermanos","url":"https:\/\/somos-hermanos.mx\/","logo":{"@type":"ImageObject","inLanguage":"es","@id":"https:\/\/somos-hermanos.mx\/#\/schema\/logo\/image\/","url":"https:\/\/somos-hermanos.mx\/wp-content\/uploads\/2025\/08\/SH30-1.jpeg","contentUrl":"https:\/\/somos-hermanos.mx\/wp-content\/uploads\/2025\/08\/SH30-1.jpeg","width":1600,"height":1142,"caption":"Somos Hermanos"},"image":{"@id":"https:\/\/somos-hermanos.mx\/#\/schema\/logo\/image\/"},"sameAs":["https:\/\/www.facebook.com\/SomosHermanosIAP\/","https:\/\/x.com\/Somos__Hermanos","https:\/\/www.instagram.com\/somos__hermanos\/#","https:\/\/www.tiktok.com\/@somoshermanosiap","https:\/\/www.youtube.com\/@somoshermanosiap1201\/videos"]},{"@type":"Person","@id":"https:\/\/somos-hermanos.mx\/#\/schema\/person\/0cd447ea54751f11595557ee49ac6f23","name":"Jocelyn Guzm\u00e1n Mart\u00ednez","image":{"@type":"ImageObject","inLanguage":"es","@id":"https:\/\/secure.gravatar.com\/avatar\/d5074038e8796d4eae4d9158911a66cce26c4f3f9e96ee6629aafc5c0638e08c?s=96&d=mm&r=g","url":"https:\/\/secure.gravatar.com\/avatar\/d5074038e8796d4eae4d9158911a66cce26c4f3f9e96ee6629aafc5c0638e08c?s=96&d=mm&r=g","contentUrl":"https:\/\/secure.gravatar.com\/avatar\/d5074038e8796d4eae4d9158911a66cce26c4f3f9e96ee6629aafc5c0638e08c?s=96&d=mm&r=g","caption":"Jocelyn Guzm\u00e1n Mart\u00ednez"},"url":"https:\/\/somos-hermanos.mx\/index.php\/author\/jocelyn-guzman-martinez\/"}]}},"_links":{"self":[{"href":"https:\/\/somos-hermanos.mx\/index.php\/wp-json\/wp\/v2\/posts\/993","targetHints":{"allow":["GET"]}}],"collection":[{"href":"https:\/\/somos-hermanos.mx\/index.php\/wp-json\/wp\/v2\/posts"}],"about":[{"href":"https:\/\/somos-hermanos.mx\/index.php\/wp-json\/wp\/v2\/types\/post"}],"author":[{"embeddable":true,"href":"https:\/\/somos-hermanos.mx\/index.php\/wp-json\/wp\/v2\/users\/28"}],"replies":[{"embeddable":true,"href":"https:\/\/somos-hermanos.mx\/index.php\/wp-json\/wp\/v2\/comments?post=993"}],"version-history":[{"count":1,"href":"https:\/\/somos-hermanos.mx\/index.php\/wp-json\/wp\/v2\/posts\/993\/revisions"}],"predecessor-version":[{"id":995,"href":"https:\/\/somos-hermanos.mx\/index.php\/wp-json\/wp\/v2\/posts\/993\/revisions\/995"}],"wp:featuredmedia":[{"embeddable":true,"href":"https:\/\/somos-hermanos.mx\/index.php\/wp-json\/wp\/v2\/media\/994"}],"wp:attachment":[{"href":"https:\/\/somos-hermanos.mx\/index.php\/wp-json\/wp\/v2\/media?parent=993"}],"wp:term":[{"taxonomy":"category","embeddable":true,"href":"https:\/\/somos-hermanos.mx\/index.php\/wp-json\/wp\/v2\/categories?post=993"},{"taxonomy":"post_tag","embeddable":true,"href":"https:\/\/somos-hermanos.mx\/index.php\/wp-json\/wp\/v2\/tags?post=993"}],"curies":[{"name":"wp","href":"https:\/\/api.w.org\/{rel}","templated":true}]}}