{"id":990,"date":"2025-08-04T03:57:50","date_gmt":"2025-08-04T09:57:50","guid":{"rendered":"https:\/\/somos-hermanos.mx\/?p=990"},"modified":"2025-08-04T03:57:50","modified_gmt":"2025-08-04T09:57:50","slug":"alimentacion-saludable-con-los-ninos-unidos-de-tetitla-iap","status":"publish","type":"post","link":"https:\/\/somos-hermanos.mx\/index.php\/2025\/08\/04\/alimentacion-saludable-con-los-ninos-unidos-de-tetitla-iap\/","title":{"rendered":"\u201cAlimentaci\u00f3n Saludable\u201d con los Ni\u00f1os Unidos de Tetitla IAP"},"content":{"rendered":"<p>Cada centavo cuenta, y gracias a la campa\u00f1a de recaudaci\u00f3n denominada <strong>\u201cAlimentaci\u00f3n Saludable\u201d, Ni\u00f1os Unidos de Tetitla IAP<\/strong>\u00a0logr\u00f3 llegar a la meta de reunir los fondos necesarios y as\u00ed impactar en la ni\u00f1ez de Oztolotepec, EDOMEX de la mano de Fundaci\u00f3n Soriana.<\/p>\n<p>Los pasados meses de marzo y abril se llev\u00f3 a cabo este valioso proyecto que tuvo un gran resultado, porque 20 tiendas de la cadena de autoservicio y gracias a los clientes que donaron sus centavos se recaudaron $120 808.30 (Ciento veinte mil ochocientos ocho pesos 30\/100 MN) en beneficio de la IAP.<\/p>\n<p>Esta iniciativa <strong>va traer consigo cubrir la necesidad de 100 ni\u00f1as, ni\u00f1os y sus familias de 1 a 12 a\u00f1os beneficiarios de la instituci\u00f3n. <\/strong>No ser\u00eda posible este resultado sin la uni\u00f3n de fuerzas de Fundaci\u00f3n Soriana y la organizaci\u00f3n Ni\u00f1os Unidos de Tetitla IAP.<\/p>\n<p>Mediante esfuerzos como estos, <strong>el efecto en la vida de las ni\u00f1as y ni\u00f1os desde la infancia, contribuyen al sano desarrollo integral,<\/strong>\u00a0promoviendo la salud, crecimiento y bienestar a trav\u00e9s de una alimentaci\u00f3n saludable permiti\u00e9ndoles desarrollar habilidades f\u00edsicas y emocionales.<\/p>\n<p>La organizaci\u00f3n lleva un amplio recorrido con la firme misi\u00f3n de mejorar la calidad de vida de las infancias de Oztolotepec, y a trav\u00e9s de programas de educaci\u00f3n y salud que abarcan diversas actividades especializadas es la forma en la que se cumple este cometido.<\/p>\n<p>No hay espacio que no se cubra en el desarrollo integral de los peque\u00f1os, desde arte y cultura, hasta computaci\u00f3n y deporte, pasando por estimulaci\u00f3n y proyectos que involucran a toda la familia, Ni\u00f1os Unidos de Tetitla IAP ofrece una amplia oferta de actividades.<\/p>\n<p>Ya son cuatro d\u00e9cadas de trabajo sin interrupciones, y con proyectos como \u201cAlimentaci\u00f3n Saludable\u201d que la instituci\u00f3n se fortalece cada vez m\u00e1s, dise\u00f1ando estrategias que contin\u00faen salvaguardando a cada beneficiario que, junto a su familia, tienen una mejor oportunidad de vida.<\/p>\n<p>Conoce la noble labor de Ni\u00f1os Unidos de Tetitla IAP en sus redes sociales y p\u00e1gina institucional, apoyar es muy sencillo y compartir la proeza de ser un faro de esperanza para las infancias de M\u00e9xico es un paso hacia un futuro m\u00e1s brillante.<\/p>\n<p><em>P\u00e1gina web<\/em><\/p>\n<p><a href=\"https:\/\/www.ninosdetetitla.com\/\"><em><u>https:\/\/www.ninosdetetitla.com\/<\/u><\/em><\/a><\/p>\n<p><em>Facebook<\/em><\/p>\n<p><a href=\"https:\/\/www.facebook.com\/TetitlaIAP\/\"><em><u>https:\/\/www.facebook.com\/TetitlaIAP\/<\/u><\/em><\/a><\/p>\n","protected":false},"excerpt":{"rendered":"<p>Cada centavo cuenta, y gracias a la campa\u00f1a de recaudaci\u00f3n denominada \u201cAlimentaci\u00f3n Saludable\u201d, Ni\u00f1os Unidos de Tetitla IAP\u00a0logr\u00f3 llegar a la meta de reunir los fondos necesarios y as\u00ed impactar en la ni\u00f1ez de Oztolotepec, EDOMEX de la mano de Fundaci\u00f3n Soriana. Los pasados meses de marzo y abril se llev\u00f3 a cabo este valioso [&hellip;]<\/p>\n","protected":false},"author":10,"featured_media":991,"comment_status":"open","ping_status":"closed","sticky":false,"template":"","format":"standard","meta":{"footnotes":""},"categories":[6],"tags":[],"class_list":["post-990","post","type-post","status-publish","format-standard","has-post-thumbnail","hentry","category-noticias"],"yoast_head":"<!-- This site is optimized with the Yoast SEO plugin v27.5 - https:\/\/yoast.com\/product\/yoast-seo-wordpress\/ -->\n<title>\u201cAlimentaci\u00f3n Saludable\u201d con los Ni\u00f1os Unidos de Tetitla IAP - Historias que inspiran...<\/title>\n<meta name=\"robots\" content=\"index, follow, max-snippet:-1, max-image-preview:large, max-video-preview:-1\" \/>\n<link rel=\"canonical\" href=\"https:\/\/somos-hermanos.mx\/index.php\/2025\/08\/04\/alimentacion-saludable-con-los-ninos-unidos-de-tetitla-iap\/\" \/>\n<meta property=\"og:locale\" content=\"es_MX\" \/>\n<meta property=\"og:type\" content=\"article\" \/>\n<meta property=\"og:title\" content=\"\u201cAlimentaci\u00f3n Saludable\u201d con los Ni\u00f1os Unidos de Tetitla IAP - Historias que inspiran...\" \/>\n<meta property=\"og:description\" content=\"Cada centavo cuenta, y gracias a la campa\u00f1a de recaudaci\u00f3n denominada \u201cAlimentaci\u00f3n Saludable\u201d, Ni\u00f1os Unidos de Tetitla IAP\u00a0logr\u00f3 llegar a la meta de reunir los fondos necesarios y as\u00ed impactar en la ni\u00f1ez de Oztolotepec, EDOMEX de la mano de Fundaci\u00f3n Soriana. Los pasados meses de marzo y abril se llev\u00f3 a cabo este valioso [&hellip;]\" \/>\n<meta property=\"og:url\" content=\"https:\/\/somos-hermanos.mx\/index.php\/2025\/08\/04\/alimentacion-saludable-con-los-ninos-unidos-de-tetitla-iap\/\" \/>\n<meta property=\"og:site_name\" content=\"Historias que inspiran...\" \/>\n<meta property=\"article:publisher\" content=\"https:\/\/www.facebook.com\/SomosHermanosIAP\/\" \/>\n<meta property=\"article:published_time\" content=\"2025-08-04T09:57:50+00:00\" \/>\n<meta property=\"og:image\" content=\"https:\/\/somos-hermanos.mx\/wp-content\/uploads\/2025\/08\/tetitla.jpeg\" \/>\n\t<meta property=\"og:image:width\" content=\"1080\" \/>\n\t<meta property=\"og:image:height\" content=\"1080\" \/>\n\t<meta property=\"og:image:type\" content=\"image\/jpeg\" \/>\n<meta name=\"author\" content=\"Carlos Hernandez Huerta\" \/>\n<meta name=\"twitter:card\" content=\"summary_large_image\" \/>\n<meta name=\"twitter:creator\" content=\"@Somos__Hermanos\" \/>\n<meta name=\"twitter:site\" content=\"@Somos__Hermanos\" \/>\n<meta name=\"twitter:label1\" content=\"Escrito por\" \/>\n\t<meta name=\"twitter:data1\" content=\"Carlos Hernandez Huerta\" \/>\n\t<meta name=\"twitter:label2\" content=\"Tiempo de lectura\" \/>\n\t<meta name=\"twitter:data2\" content=\"2 minutos\" \/>\n<script type=\"application\/ld+json\" class=\"yoast-schema-graph\">{\"@context\":\"https:\\\/\\\/schema.org\",\"@graph\":[{\"@type\":\"Article\",\"@id\":\"https:\\\/\\\/somos-hermanos.mx\\\/index.php\\\/2025\\\/08\\\/04\\\/alimentacion-saludable-con-los-ninos-unidos-de-tetitla-iap\\\/#article\",\"isPartOf\":{\"@id\":\"https:\\\/\\\/somos-hermanos.mx\\\/index.php\\\/2025\\\/08\\\/04\\\/alimentacion-saludable-con-los-ninos-unidos-de-tetitla-iap\\\/\"},\"author\":{\"name\":\"Carlos Hernandez Huerta\",\"@id\":\"https:\\\/\\\/somos-hermanos.mx\\\/#\\\/schema\\\/person\\\/2466d21e6ade208f45dbc821298d62b6\"},\"headline\":\"\u201cAlimentaci\u00f3n Saludable\u201d con los Ni\u00f1os Unidos de Tetitla IAP\",\"datePublished\":\"2025-08-04T09:57:50+00:00\",\"mainEntityOfPage\":{\"@id\":\"https:\\\/\\\/somos-hermanos.mx\\\/index.php\\\/2025\\\/08\\\/04\\\/alimentacion-saludable-con-los-ninos-unidos-de-tetitla-iap\\\/\"},\"wordCount\":411,\"commentCount\":0,\"publisher\":{\"@id\":\"https:\\\/\\\/somos-hermanos.mx\\\/#organization\"},\"image\":{\"@id\":\"https:\\\/\\\/somos-hermanos.mx\\\/index.php\\\/2025\\\/08\\\/04\\\/alimentacion-saludable-con-los-ninos-unidos-de-tetitla-iap\\\/#primaryimage\"},\"thumbnailUrl\":\"https:\\\/\\\/somos-hermanos.mx\\\/wp-content\\\/uploads\\\/2025\\\/08\\\/tetitla.jpeg\",\"articleSection\":[\"Noticias\"],\"inLanguage\":\"es\",\"potentialAction\":[{\"@type\":\"CommentAction\",\"name\":\"Comment\",\"target\":[\"https:\\\/\\\/somos-hermanos.mx\\\/index.php\\\/2025\\\/08\\\/04\\\/alimentacion-saludable-con-los-ninos-unidos-de-tetitla-iap\\\/#respond\"]}]},{\"@type\":\"WebPage\",\"@id\":\"https:\\\/\\\/somos-hermanos.mx\\\/index.php\\\/2025\\\/08\\\/04\\\/alimentacion-saludable-con-los-ninos-unidos-de-tetitla-iap\\\/\",\"url\":\"https:\\\/\\\/somos-hermanos.mx\\\/index.php\\\/2025\\\/08\\\/04\\\/alimentacion-saludable-con-los-ninos-unidos-de-tetitla-iap\\\/\",\"name\":\"\u201cAlimentaci\u00f3n Saludable\u201d con los Ni\u00f1os Unidos de Tetitla IAP - Historias que inspiran...\",\"isPartOf\":{\"@id\":\"https:\\\/\\\/somos-hermanos.mx\\\/#website\"},\"primaryImageOfPage\":{\"@id\":\"https:\\\/\\\/somos-hermanos.mx\\\/index.php\\\/2025\\\/08\\\/04\\\/alimentacion-saludable-con-los-ninos-unidos-de-tetitla-iap\\\/#primaryimage\"},\"image\":{\"@id\":\"https:\\\/\\\/somos-hermanos.mx\\\/index.php\\\/2025\\\/08\\\/04\\\/alimentacion-saludable-con-los-ninos-unidos-de-tetitla-iap\\\/#primaryimage\"},\"thumbnailUrl\":\"https:\\\/\\\/somos-hermanos.mx\\\/wp-content\\\/uploads\\\/2025\\\/08\\\/tetitla.jpeg\",\"datePublished\":\"2025-08-04T09:57:50+00:00\",\"breadcrumb\":{\"@id\":\"https:\\\/\\\/somos-hermanos.mx\\\/index.php\\\/2025\\\/08\\\/04\\\/alimentacion-saludable-con-los-ninos-unidos-de-tetitla-iap\\\/#breadcrumb\"},\"inLanguage\":\"es\",\"potentialAction\":[{\"@type\":\"ReadAction\",\"target\":[\"https:\\\/\\\/somos-hermanos.mx\\\/index.php\\\/2025\\\/08\\\/04\\\/alimentacion-saludable-con-los-ninos-unidos-de-tetitla-iap\\\/\"]}]},{\"@type\":\"ImageObject\",\"inLanguage\":\"es\",\"@id\":\"https:\\\/\\\/somos-hermanos.mx\\\/index.php\\\/2025\\\/08\\\/04\\\/alimentacion-saludable-con-los-ninos-unidos-de-tetitla-iap\\\/#primaryimage\",\"url\":\"https:\\\/\\\/somos-hermanos.mx\\\/wp-content\\\/uploads\\\/2025\\\/08\\\/tetitla.jpeg\",\"contentUrl\":\"https:\\\/\\\/somos-hermanos.mx\\\/wp-content\\\/uploads\\\/2025\\\/08\\\/tetitla.jpeg\",\"width\":1080,\"height\":1080},{\"@type\":\"BreadcrumbList\",\"@id\":\"https:\\\/\\\/somos-hermanos.mx\\\/index.php\\\/2025\\\/08\\\/04\\\/alimentacion-saludable-con-los-ninos-unidos-de-tetitla-iap\\\/#breadcrumb\",\"itemListElement\":[{\"@type\":\"ListItem\",\"position\":1,\"name\":\"Inicio\",\"item\":\"https:\\\/\\\/somos-hermanos.mx\\\/\"},{\"@type\":\"ListItem\",\"position\":2,\"name\":\"\u201cAlimentaci\u00f3n Saludable\u201d con los Ni\u00f1os Unidos de Tetitla IAP\"}]},{\"@type\":\"WebSite\",\"@id\":\"https:\\\/\\\/somos-hermanos.mx\\\/#website\",\"url\":\"https:\\\/\\\/somos-hermanos.mx\\\/\",\"name\":\"Historias que inspiran...\",\"description\":\"Somos la voz del altruismo en M\u00e9xico\",\"publisher\":{\"@id\":\"https:\\\/\\\/somos-hermanos.mx\\\/#organization\"},\"potentialAction\":[{\"@type\":\"SearchAction\",\"target\":{\"@type\":\"EntryPoint\",\"urlTemplate\":\"https:\\\/\\\/somos-hermanos.mx\\\/?s={search_term_string}\"},\"query-input\":{\"@type\":\"PropertyValueSpecification\",\"valueRequired\":true,\"valueName\":\"search_term_string\"}}],\"inLanguage\":\"es\"},{\"@type\":\"Organization\",\"@id\":\"https:\\\/\\\/somos-hermanos.mx\\\/#organization\",\"name\":\"Somos Hermanos\",\"url\":\"https:\\\/\\\/somos-hermanos.mx\\\/\",\"logo\":{\"@type\":\"ImageObject\",\"inLanguage\":\"es\",\"@id\":\"https:\\\/\\\/somos-hermanos.mx\\\/#\\\/schema\\\/logo\\\/image\\\/\",\"url\":\"https:\\\/\\\/somos-hermanos.mx\\\/wp-content\\\/uploads\\\/2025\\\/08\\\/SH30-1.jpeg\",\"contentUrl\":\"https:\\\/\\\/somos-hermanos.mx\\\/wp-content\\\/uploads\\\/2025\\\/08\\\/SH30-1.jpeg\",\"width\":1600,\"height\":1142,\"caption\":\"Somos Hermanos\"},\"image\":{\"@id\":\"https:\\\/\\\/somos-hermanos.mx\\\/#\\\/schema\\\/logo\\\/image\\\/\"},\"sameAs\":[\"https:\\\/\\\/www.facebook.com\\\/SomosHermanosIAP\\\/\",\"https:\\\/\\\/x.com\\\/Somos__Hermanos\",\"https:\\\/\\\/www.instagram.com\\\/somos__hermanos\\\/#\",\"https:\\\/\\\/www.tiktok.com\\\/@somoshermanosiap\",\"https:\\\/\\\/www.youtube.com\\\/@somoshermanosiap1201\\\/videos\"]},{\"@type\":\"Person\",\"@id\":\"https:\\\/\\\/somos-hermanos.mx\\\/#\\\/schema\\\/person\\\/2466d21e6ade208f45dbc821298d62b6\",\"name\":\"Carlos Hernandez Huerta\",\"image\":{\"@type\":\"ImageObject\",\"inLanguage\":\"es\",\"@id\":\"https:\\\/\\\/secure.gravatar.com\\\/avatar\\\/51f6e8e89626306c560ccd8823655e34da99a1f976b5f71bb93591c6b45fd128?s=96&d=mm&r=g\",\"url\":\"https:\\\/\\\/secure.gravatar.com\\\/avatar\\\/51f6e8e89626306c560ccd8823655e34da99a1f976b5f71bb93591c6b45fd128?s=96&d=mm&r=g\",\"contentUrl\":\"https:\\\/\\\/secure.gravatar.com\\\/avatar\\\/51f6e8e89626306c560ccd8823655e34da99a1f976b5f71bb93591c6b45fd128?s=96&d=mm&r=g\",\"caption\":\"Carlos Hernandez Huerta\"},\"url\":\"https:\\\/\\\/somos-hermanos.mx\\\/index.php\\\/author\\\/carlos-hernandez-huerta\\\/\"}]}<\/script>\n<!-- \/ Yoast SEO plugin. -->","yoast_head_json":{"title":"\u201cAlimentaci\u00f3n Saludable\u201d con los Ni\u00f1os Unidos de Tetitla IAP - Historias que inspiran...","robots":{"index":"index","follow":"follow","max-snippet":"max-snippet:-1","max-image-preview":"max-image-preview:large","max-video-preview":"max-video-preview:-1"},"canonical":"https:\/\/somos-hermanos.mx\/index.php\/2025\/08\/04\/alimentacion-saludable-con-los-ninos-unidos-de-tetitla-iap\/","og_locale":"es_MX","og_type":"article","og_title":"\u201cAlimentaci\u00f3n Saludable\u201d con los Ni\u00f1os Unidos de Tetitla IAP - Historias que inspiran...","og_description":"Cada centavo cuenta, y gracias a la campa\u00f1a de recaudaci\u00f3n denominada \u201cAlimentaci\u00f3n Saludable\u201d, Ni\u00f1os Unidos de Tetitla IAP\u00a0logr\u00f3 llegar a la meta de reunir los fondos necesarios y as\u00ed impactar en la ni\u00f1ez de Oztolotepec, EDOMEX de la mano de Fundaci\u00f3n Soriana. Los pasados meses de marzo y abril se llev\u00f3 a cabo este valioso [&hellip;]","og_url":"https:\/\/somos-hermanos.mx\/index.php\/2025\/08\/04\/alimentacion-saludable-con-los-ninos-unidos-de-tetitla-iap\/","og_site_name":"Historias que inspiran...","article_publisher":"https:\/\/www.facebook.com\/SomosHermanosIAP\/","article_published_time":"2025-08-04T09:57:50+00:00","og_image":[{"width":1080,"height":1080,"url":"https:\/\/somos-hermanos.mx\/wp-content\/uploads\/2025\/08\/tetitla.jpeg","type":"image\/jpeg"}],"author":"Carlos Hernandez Huerta","twitter_card":"summary_large_image","twitter_creator":"@Somos__Hermanos","twitter_site":"@Somos__Hermanos","twitter_misc":{"Escrito por":"Carlos Hernandez Huerta","Tiempo de lectura":"2 minutos"},"schema":{"@context":"https:\/\/schema.org","@graph":[{"@type":"Article","@id":"https:\/\/somos-hermanos.mx\/index.php\/2025\/08\/04\/alimentacion-saludable-con-los-ninos-unidos-de-tetitla-iap\/#article","isPartOf":{"@id":"https:\/\/somos-hermanos.mx\/index.php\/2025\/08\/04\/alimentacion-saludable-con-los-ninos-unidos-de-tetitla-iap\/"},"author":{"name":"Carlos Hernandez Huerta","@id":"https:\/\/somos-hermanos.mx\/#\/schema\/person\/2466d21e6ade208f45dbc821298d62b6"},"headline":"\u201cAlimentaci\u00f3n Saludable\u201d con los Ni\u00f1os Unidos de Tetitla IAP","datePublished":"2025-08-04T09:57:50+00:00","mainEntityOfPage":{"@id":"https:\/\/somos-hermanos.mx\/index.php\/2025\/08\/04\/alimentacion-saludable-con-los-ninos-unidos-de-tetitla-iap\/"},"wordCount":411,"commentCount":0,"publisher":{"@id":"https:\/\/somos-hermanos.mx\/#organization"},"image":{"@id":"https:\/\/somos-hermanos.mx\/index.php\/2025\/08\/04\/alimentacion-saludable-con-los-ninos-unidos-de-tetitla-iap\/#primaryimage"},"thumbnailUrl":"https:\/\/somos-hermanos.mx\/wp-content\/uploads\/2025\/08\/tetitla.jpeg","articleSection":["Noticias"],"inLanguage":"es","potentialAction":[{"@type":"CommentAction","name":"Comment","target":["https:\/\/somos-hermanos.mx\/index.php\/2025\/08\/04\/alimentacion-saludable-con-los-ninos-unidos-de-tetitla-iap\/#respond"]}]},{"@type":"WebPage","@id":"https:\/\/somos-hermanos.mx\/index.php\/2025\/08\/04\/alimentacion-saludable-con-los-ninos-unidos-de-tetitla-iap\/","url":"https:\/\/somos-hermanos.mx\/index.php\/2025\/08\/04\/alimentacion-saludable-con-los-ninos-unidos-de-tetitla-iap\/","name":"\u201cAlimentaci\u00f3n Saludable\u201d con los Ni\u00f1os Unidos de Tetitla IAP - Historias que inspiran...","isPartOf":{"@id":"https:\/\/somos-hermanos.mx\/#website"},"primaryImageOfPage":{"@id":"https:\/\/somos-hermanos.mx\/index.php\/2025\/08\/04\/alimentacion-saludable-con-los-ninos-unidos-de-tetitla-iap\/#primaryimage"},"image":{"@id":"https:\/\/somos-hermanos.mx\/index.php\/2025\/08\/04\/alimentacion-saludable-con-los-ninos-unidos-de-tetitla-iap\/#primaryimage"},"thumbnailUrl":"https:\/\/somos-hermanos.mx\/wp-content\/uploads\/2025\/08\/tetitla.jpeg","datePublished":"2025-08-04T09:57:50+00:00","breadcrumb":{"@id":"https:\/\/somos-hermanos.mx\/index.php\/2025\/08\/04\/alimentacion-saludable-con-los-ninos-unidos-de-tetitla-iap\/#breadcrumb"},"inLanguage":"es","potentialAction":[{"@type":"ReadAction","target":["https:\/\/somos-hermanos.mx\/index.php\/2025\/08\/04\/alimentacion-saludable-con-los-ninos-unidos-de-tetitla-iap\/"]}]},{"@type":"ImageObject","inLanguage":"es","@id":"https:\/\/somos-hermanos.mx\/index.php\/2025\/08\/04\/alimentacion-saludable-con-los-ninos-unidos-de-tetitla-iap\/#primaryimage","url":"https:\/\/somos-hermanos.mx\/wp-content\/uploads\/2025\/08\/tetitla.jpeg","contentUrl":"https:\/\/somos-hermanos.mx\/wp-content\/uploads\/2025\/08\/tetitla.jpeg","width":1080,"height":1080},{"@type":"BreadcrumbList","@id":"https:\/\/somos-hermanos.mx\/index.php\/2025\/08\/04\/alimentacion-saludable-con-los-ninos-unidos-de-tetitla-iap\/#breadcrumb","itemListElement":[{"@type":"ListItem","position":1,"name":"Inicio","item":"https:\/\/somos-hermanos.mx\/"},{"@type":"ListItem","position":2,"name":"\u201cAlimentaci\u00f3n Saludable\u201d con los Ni\u00f1os Unidos de Tetitla IAP"}]},{"@type":"WebSite","@id":"https:\/\/somos-hermanos.mx\/#website","url":"https:\/\/somos-hermanos.mx\/","name":"Historias que inspiran...","description":"Somos la voz del altruismo en M\u00e9xico","publisher":{"@id":"https:\/\/somos-hermanos.mx\/#organization"},"potentialAction":[{"@type":"SearchAction","target":{"@type":"EntryPoint","urlTemplate":"https:\/\/somos-hermanos.mx\/?s={search_term_string}"},"query-input":{"@type":"PropertyValueSpecification","valueRequired":true,"valueName":"search_term_string"}}],"inLanguage":"es"},{"@type":"Organization","@id":"https:\/\/somos-hermanos.mx\/#organization","name":"Somos Hermanos","url":"https:\/\/somos-hermanos.mx\/","logo":{"@type":"ImageObject","inLanguage":"es","@id":"https:\/\/somos-hermanos.mx\/#\/schema\/logo\/image\/","url":"https:\/\/somos-hermanos.mx\/wp-content\/uploads\/2025\/08\/SH30-1.jpeg","contentUrl":"https:\/\/somos-hermanos.mx\/wp-content\/uploads\/2025\/08\/SH30-1.jpeg","width":1600,"height":1142,"caption":"Somos Hermanos"},"image":{"@id":"https:\/\/somos-hermanos.mx\/#\/schema\/logo\/image\/"},"sameAs":["https:\/\/www.facebook.com\/SomosHermanosIAP\/","https:\/\/x.com\/Somos__Hermanos","https:\/\/www.instagram.com\/somos__hermanos\/#","https:\/\/www.tiktok.com\/@somoshermanosiap","https:\/\/www.youtube.com\/@somoshermanosiap1201\/videos"]},{"@type":"Person","@id":"https:\/\/somos-hermanos.mx\/#\/schema\/person\/2466d21e6ade208f45dbc821298d62b6","name":"Carlos Hernandez Huerta","image":{"@type":"ImageObject","inLanguage":"es","@id":"https:\/\/secure.gravatar.com\/avatar\/51f6e8e89626306c560ccd8823655e34da99a1f976b5f71bb93591c6b45fd128?s=96&d=mm&r=g","url":"https:\/\/secure.gravatar.com\/avatar\/51f6e8e89626306c560ccd8823655e34da99a1f976b5f71bb93591c6b45fd128?s=96&d=mm&r=g","contentUrl":"https:\/\/secure.gravatar.com\/avatar\/51f6e8e89626306c560ccd8823655e34da99a1f976b5f71bb93591c6b45fd128?s=96&d=mm&r=g","caption":"Carlos Hernandez Huerta"},"url":"https:\/\/somos-hermanos.mx\/index.php\/author\/carlos-hernandez-huerta\/"}]}},"_links":{"self":[{"href":"https:\/\/somos-hermanos.mx\/index.php\/wp-json\/wp\/v2\/posts\/990","targetHints":{"allow":["GET"]}}],"collection":[{"href":"https:\/\/somos-hermanos.mx\/index.php\/wp-json\/wp\/v2\/posts"}],"about":[{"href":"https:\/\/somos-hermanos.mx\/index.php\/wp-json\/wp\/v2\/types\/post"}],"author":[{"embeddable":true,"href":"https:\/\/somos-hermanos.mx\/index.php\/wp-json\/wp\/v2\/users\/10"}],"replies":[{"embeddable":true,"href":"https:\/\/somos-hermanos.mx\/index.php\/wp-json\/wp\/v2\/comments?post=990"}],"version-history":[{"count":1,"href":"https:\/\/somos-hermanos.mx\/index.php\/wp-json\/wp\/v2\/posts\/990\/revisions"}],"predecessor-version":[{"id":992,"href":"https:\/\/somos-hermanos.mx\/index.php\/wp-json\/wp\/v2\/posts\/990\/revisions\/992"}],"wp:featuredmedia":[{"embeddable":true,"href":"https:\/\/somos-hermanos.mx\/index.php\/wp-json\/wp\/v2\/media\/991"}],"wp:attachment":[{"href":"https:\/\/somos-hermanos.mx\/index.php\/wp-json\/wp\/v2\/media?parent=990"}],"wp:term":[{"taxonomy":"category","embeddable":true,"href":"https:\/\/somos-hermanos.mx\/index.php\/wp-json\/wp\/v2\/categories?post=990"},{"taxonomy":"post_tag","embeddable":true,"href":"https:\/\/somos-hermanos.mx\/index.php\/wp-json\/wp\/v2\/tags?post=990"}],"curies":[{"name":"wp","href":"https:\/\/api.w.org\/{rel}","templated":true}]}}