{"id":972,"date":"2025-08-04T03:51:10","date_gmt":"2025-08-04T09:51:10","guid":{"rendered":"https:\/\/somos-hermanos.mx\/?p=972"},"modified":"2025-08-04T03:51:10","modified_gmt":"2025-08-04T09:51:10","slug":"para-verte-bien-llego-a-colima","status":"publish","type":"post","link":"https:\/\/somos-hermanos.mx\/index.php\/2025\/08\/04\/para-verte-bien-llego-a-colima\/","title":{"rendered":"Para verte bien lleg\u00f3 a Colima"},"content":{"rendered":"<p>La Fundaci\u00f3n Cimarr\u00f3n AC y el Sistema para el Desarrollo Integral de la Familia (DIF) Colima <strong>formalizaron una alianza estrat\u00e9gica para implementar en la entidad el programa \u201cPara Verte Bien\u201d, <\/strong>el cual tiene como objetivo atender las necesidades visuales de la ni\u00f1ez colimense mediante la entrega gratuita de 500 lentes correctivos a ni\u00f1as y ni\u00f1os de escasos recursos.<\/p>\n<p>De acuerdo a estudios de la Agencia Internacional para Prevenci\u00f3n de la Ceguera (IABP por sus siglas en ingl\u00e9s) el no atender la salud visual de los ni\u00f1os, puede tener consecuencias en su desarrollo cognitivo, baja autoestima y el potencial socio-econ\u00f3mico de su futuro. Es por esta raz\u00f3n que es necesaria la creaci\u00f3n de alianzas para la atenci\u00f3n temprana a trav\u00e9s de intervenciones que permitan a los ni\u00f1os tener acceso a revisiones y especialistas, as\u00ed como a lentes que les ayuden a corregir su condici\u00f3n.<\/p>\n<p>La firma del convenio se llev\u00f3 a cabo en las instalaciones del DIF Estatal Colima, ubicadas en la colonia Rinconada de Pereyra, y cont\u00f3 con la presencia de Diana Zepeda Figueroa, Directora General del DIF Estatal Colima; Rafael Contreras Ochoa, Director de Asistencia Social del DIF Colima; Tania Silvina Loya Fierro, Directora de Fundaci\u00f3n Cimarr\u00f3n; y Homero Mendoza Ortiz, Coordinador de Programas y Donativos de la Fundaci\u00f3n.<\/p>\n<p>El programa <strong>\u201cPara Verte Bien\u201d forma parte del eje de acci\u00f3n en salud visual de Fundaci\u00f3n Cimarr\u00f3n y ha sido implementado con \u00e9xito en distintos estados de la Rep\u00fablica.<\/strong><\/p>\n<p>A partir del 7 de julio, se dar\u00e1 inicio al proceso de canalizaci\u00f3n para que las y los beneficiarios puedan acceder a un examen de la vista profesional y, en caso de requerirlo, recibir sus lentes graduados de manera totalmente gratuita.<\/p>\n<p>\u201cLa presidenta de la Fundaci\u00f3n Cimarr\u00f3n, Ana Cristina Gonz\u00e1lez Bohon, nos ha encomendado <strong>fortalecer los lazos que hagan posible que cada vez m\u00e1s ni\u00f1as y ni\u00f1os en M\u00e9xico accedan a un derecho tan fundamental como un aprendizaje digno.<\/strong>\u00a0Por eso, nos llena de entusiasmo sumarnos al DIF Colima y colaborar para transformar vidas y construir un futuro con m\u00e1s oportunidades para todos.\u201d, expres\u00f3 Tania Loya Fierro, directora de Fundaci\u00f3n Cimarr\u00f3n.<\/p>\n<p>Por su parte, el DIF Estatal Colima celebr\u00f3 esta suma de esfuerzos para ampliar su cobertura de atenci\u00f3n a la infancia y trabajar de la mano con organizaciones comprometidas con el bienestar social.<\/p>\n<p>La iniciativa se pondr\u00e1 en marcha en las pr\u00f3ximas semanas, y se definir\u00e1 junto con el DIF Colima el cronograma de escuelas y comunidades que ser\u00e1n beneficiadas.<\/p>\n","protected":false},"excerpt":{"rendered":"<p>La Fundaci\u00f3n Cimarr\u00f3n AC y el Sistema para el Desarrollo Integral de la Familia (DIF) Colima formalizaron una alianza estrat\u00e9gica para implementar en la entidad el programa \u201cPara Verte Bien\u201d, el cual tiene como objetivo atender las necesidades visuales de la ni\u00f1ez colimense mediante la entrega gratuita de 500 lentes correctivos a ni\u00f1as y ni\u00f1os [&hellip;]<\/p>\n","protected":false},"author":29,"featured_media":973,"comment_status":"open","ping_status":"closed","sticky":false,"template":"","format":"standard","meta":{"footnotes":""},"categories":[6],"tags":[],"class_list":["post-972","post","type-post","status-publish","format-standard","has-post-thumbnail","hentry","category-noticias"],"yoast_head":"<!-- This site is optimized with the Yoast SEO plugin v27.5 - https:\/\/yoast.com\/product\/yoast-seo-wordpress\/ -->\n<title>Para verte bien lleg\u00f3 a Colima - Historias que inspiran...<\/title>\n<meta name=\"robots\" content=\"index, follow, max-snippet:-1, max-image-preview:large, max-video-preview:-1\" \/>\n<link rel=\"canonical\" href=\"https:\/\/somos-hermanos.mx\/index.php\/2025\/08\/04\/para-verte-bien-llego-a-colima\/\" \/>\n<meta property=\"og:locale\" content=\"es_MX\" \/>\n<meta property=\"og:type\" content=\"article\" \/>\n<meta property=\"og:title\" content=\"Para verte bien lleg\u00f3 a Colima - Historias que inspiran...\" \/>\n<meta property=\"og:description\" content=\"La Fundaci\u00f3n Cimarr\u00f3n AC y el Sistema para el Desarrollo Integral de la Familia (DIF) Colima formalizaron una alianza estrat\u00e9gica para implementar en la entidad el programa \u201cPara Verte Bien\u201d, el cual tiene como objetivo atender las necesidades visuales de la ni\u00f1ez colimense mediante la entrega gratuita de 500 lentes correctivos a ni\u00f1as y ni\u00f1os [&hellip;]\" \/>\n<meta property=\"og:url\" content=\"https:\/\/somos-hermanos.mx\/index.php\/2025\/08\/04\/para-verte-bien-llego-a-colima\/\" \/>\n<meta property=\"og:site_name\" content=\"Historias que inspiran...\" \/>\n<meta property=\"article:publisher\" content=\"https:\/\/www.facebook.com\/SomosHermanosIAP\/\" \/>\n<meta property=\"article:published_time\" content=\"2025-08-04T09:51:10+00:00\" \/>\n<meta property=\"og:image\" content=\"https:\/\/somos-hermanos.mx\/wp-content\/uploads\/2025\/08\/cima.jpeg\" \/>\n\t<meta property=\"og:image:width\" content=\"1280\" \/>\n\t<meta property=\"og:image:height\" content=\"853\" \/>\n\t<meta property=\"og:image:type\" content=\"image\/jpeg\" \/>\n<meta name=\"author\" content=\"Daniela Ramirez Andrade\" \/>\n<meta name=\"twitter:card\" content=\"summary_large_image\" \/>\n<meta name=\"twitter:creator\" content=\"@Somos__Hermanos\" \/>\n<meta name=\"twitter:site\" content=\"@Somos__Hermanos\" \/>\n<meta name=\"twitter:label1\" content=\"Escrito por\" \/>\n\t<meta name=\"twitter:data1\" content=\"Daniela Ramirez Andrade\" \/>\n\t<meta name=\"twitter:label2\" content=\"Tiempo de lectura\" \/>\n\t<meta name=\"twitter:data2\" content=\"3 minutos\" \/>\n<script type=\"application\/ld+json\" class=\"yoast-schema-graph\">{\"@context\":\"https:\\\/\\\/schema.org\",\"@graph\":[{\"@type\":\"Article\",\"@id\":\"https:\\\/\\\/somos-hermanos.mx\\\/index.php\\\/2025\\\/08\\\/04\\\/para-verte-bien-llego-a-colima\\\/#article\",\"isPartOf\":{\"@id\":\"https:\\\/\\\/somos-hermanos.mx\\\/index.php\\\/2025\\\/08\\\/04\\\/para-verte-bien-llego-a-colima\\\/\"},\"author\":{\"name\":\"Daniela Ramirez Andrade\",\"@id\":\"https:\\\/\\\/somos-hermanos.mx\\\/#\\\/schema\\\/person\\\/bbbf4e7ce755556dfd1cf54f76f7796a\"},\"headline\":\"Para verte bien lleg\u00f3 a Colima\",\"datePublished\":\"2025-08-04T09:51:10+00:00\",\"mainEntityOfPage\":{\"@id\":\"https:\\\/\\\/somos-hermanos.mx\\\/index.php\\\/2025\\\/08\\\/04\\\/para-verte-bien-llego-a-colima\\\/\"},\"wordCount\":451,\"commentCount\":0,\"publisher\":{\"@id\":\"https:\\\/\\\/somos-hermanos.mx\\\/#organization\"},\"image\":{\"@id\":\"https:\\\/\\\/somos-hermanos.mx\\\/index.php\\\/2025\\\/08\\\/04\\\/para-verte-bien-llego-a-colima\\\/#primaryimage\"},\"thumbnailUrl\":\"https:\\\/\\\/somos-hermanos.mx\\\/wp-content\\\/uploads\\\/2025\\\/08\\\/cima.jpeg\",\"articleSection\":[\"Noticias\"],\"inLanguage\":\"es\",\"potentialAction\":[{\"@type\":\"CommentAction\",\"name\":\"Comment\",\"target\":[\"https:\\\/\\\/somos-hermanos.mx\\\/index.php\\\/2025\\\/08\\\/04\\\/para-verte-bien-llego-a-colima\\\/#respond\"]}]},{\"@type\":\"WebPage\",\"@id\":\"https:\\\/\\\/somos-hermanos.mx\\\/index.php\\\/2025\\\/08\\\/04\\\/para-verte-bien-llego-a-colima\\\/\",\"url\":\"https:\\\/\\\/somos-hermanos.mx\\\/index.php\\\/2025\\\/08\\\/04\\\/para-verte-bien-llego-a-colima\\\/\",\"name\":\"Para verte bien lleg\u00f3 a Colima - Historias que inspiran...\",\"isPartOf\":{\"@id\":\"https:\\\/\\\/somos-hermanos.mx\\\/#website\"},\"primaryImageOfPage\":{\"@id\":\"https:\\\/\\\/somos-hermanos.mx\\\/index.php\\\/2025\\\/08\\\/04\\\/para-verte-bien-llego-a-colima\\\/#primaryimage\"},\"image\":{\"@id\":\"https:\\\/\\\/somos-hermanos.mx\\\/index.php\\\/2025\\\/08\\\/04\\\/para-verte-bien-llego-a-colima\\\/#primaryimage\"},\"thumbnailUrl\":\"https:\\\/\\\/somos-hermanos.mx\\\/wp-content\\\/uploads\\\/2025\\\/08\\\/cima.jpeg\",\"datePublished\":\"2025-08-04T09:51:10+00:00\",\"breadcrumb\":{\"@id\":\"https:\\\/\\\/somos-hermanos.mx\\\/index.php\\\/2025\\\/08\\\/04\\\/para-verte-bien-llego-a-colima\\\/#breadcrumb\"},\"inLanguage\":\"es\",\"potentialAction\":[{\"@type\":\"ReadAction\",\"target\":[\"https:\\\/\\\/somos-hermanos.mx\\\/index.php\\\/2025\\\/08\\\/04\\\/para-verte-bien-llego-a-colima\\\/\"]}]},{\"@type\":\"ImageObject\",\"inLanguage\":\"es\",\"@id\":\"https:\\\/\\\/somos-hermanos.mx\\\/index.php\\\/2025\\\/08\\\/04\\\/para-verte-bien-llego-a-colima\\\/#primaryimage\",\"url\":\"https:\\\/\\\/somos-hermanos.mx\\\/wp-content\\\/uploads\\\/2025\\\/08\\\/cima.jpeg\",\"contentUrl\":\"https:\\\/\\\/somos-hermanos.mx\\\/wp-content\\\/uploads\\\/2025\\\/08\\\/cima.jpeg\",\"width\":1280,\"height\":853},{\"@type\":\"BreadcrumbList\",\"@id\":\"https:\\\/\\\/somos-hermanos.mx\\\/index.php\\\/2025\\\/08\\\/04\\\/para-verte-bien-llego-a-colima\\\/#breadcrumb\",\"itemListElement\":[{\"@type\":\"ListItem\",\"position\":1,\"name\":\"Inicio\",\"item\":\"https:\\\/\\\/somos-hermanos.mx\\\/\"},{\"@type\":\"ListItem\",\"position\":2,\"name\":\"Para verte bien lleg\u00f3 a Colima\"}]},{\"@type\":\"WebSite\",\"@id\":\"https:\\\/\\\/somos-hermanos.mx\\\/#website\",\"url\":\"https:\\\/\\\/somos-hermanos.mx\\\/\",\"name\":\"Historias que inspiran...\",\"description\":\"Somos la voz del altruismo en M\u00e9xico\",\"publisher\":{\"@id\":\"https:\\\/\\\/somos-hermanos.mx\\\/#organization\"},\"potentialAction\":[{\"@type\":\"SearchAction\",\"target\":{\"@type\":\"EntryPoint\",\"urlTemplate\":\"https:\\\/\\\/somos-hermanos.mx\\\/?s={search_term_string}\"},\"query-input\":{\"@type\":\"PropertyValueSpecification\",\"valueRequired\":true,\"valueName\":\"search_term_string\"}}],\"inLanguage\":\"es\"},{\"@type\":\"Organization\",\"@id\":\"https:\\\/\\\/somos-hermanos.mx\\\/#organization\",\"name\":\"Somos Hermanos\",\"url\":\"https:\\\/\\\/somos-hermanos.mx\\\/\",\"logo\":{\"@type\":\"ImageObject\",\"inLanguage\":\"es\",\"@id\":\"https:\\\/\\\/somos-hermanos.mx\\\/#\\\/schema\\\/logo\\\/image\\\/\",\"url\":\"https:\\\/\\\/somos-hermanos.mx\\\/wp-content\\\/uploads\\\/2025\\\/08\\\/SH30-1.jpeg\",\"contentUrl\":\"https:\\\/\\\/somos-hermanos.mx\\\/wp-content\\\/uploads\\\/2025\\\/08\\\/SH30-1.jpeg\",\"width\":1600,\"height\":1142,\"caption\":\"Somos Hermanos\"},\"image\":{\"@id\":\"https:\\\/\\\/somos-hermanos.mx\\\/#\\\/schema\\\/logo\\\/image\\\/\"},\"sameAs\":[\"https:\\\/\\\/www.facebook.com\\\/SomosHermanosIAP\\\/\",\"https:\\\/\\\/x.com\\\/Somos__Hermanos\",\"https:\\\/\\\/www.instagram.com\\\/somos__hermanos\\\/#\",\"https:\\\/\\\/www.tiktok.com\\\/@somoshermanosiap\",\"https:\\\/\\\/www.youtube.com\\\/@somoshermanosiap1201\\\/videos\"]},{\"@type\":\"Person\",\"@id\":\"https:\\\/\\\/somos-hermanos.mx\\\/#\\\/schema\\\/person\\\/bbbf4e7ce755556dfd1cf54f76f7796a\",\"name\":\"Daniela Ramirez Andrade\",\"image\":{\"@type\":\"ImageObject\",\"inLanguage\":\"es\",\"@id\":\"https:\\\/\\\/secure.gravatar.com\\\/avatar\\\/60e8d0b58755e00600ff71ec94913999a3c40ddd6caec825f6757d72bc10ea2a?s=96&d=mm&r=g\",\"url\":\"https:\\\/\\\/secure.gravatar.com\\\/avatar\\\/60e8d0b58755e00600ff71ec94913999a3c40ddd6caec825f6757d72bc10ea2a?s=96&d=mm&r=g\",\"contentUrl\":\"https:\\\/\\\/secure.gravatar.com\\\/avatar\\\/60e8d0b58755e00600ff71ec94913999a3c40ddd6caec825f6757d72bc10ea2a?s=96&d=mm&r=g\",\"caption\":\"Daniela Ramirez Andrade\"},\"url\":\"https:\\\/\\\/somos-hermanos.mx\\\/index.php\\\/author\\\/daniela-ramirez-andrade\\\/\"}]}<\/script>\n<!-- \/ Yoast SEO plugin. -->","yoast_head_json":{"title":"Para verte bien lleg\u00f3 a Colima - Historias que inspiran...","robots":{"index":"index","follow":"follow","max-snippet":"max-snippet:-1","max-image-preview":"max-image-preview:large","max-video-preview":"max-video-preview:-1"},"canonical":"https:\/\/somos-hermanos.mx\/index.php\/2025\/08\/04\/para-verte-bien-llego-a-colima\/","og_locale":"es_MX","og_type":"article","og_title":"Para verte bien lleg\u00f3 a Colima - Historias que inspiran...","og_description":"La Fundaci\u00f3n Cimarr\u00f3n AC y el Sistema para el Desarrollo Integral de la Familia (DIF) Colima formalizaron una alianza estrat\u00e9gica para implementar en la entidad el programa \u201cPara Verte Bien\u201d, el cual tiene como objetivo atender las necesidades visuales de la ni\u00f1ez colimense mediante la entrega gratuita de 500 lentes correctivos a ni\u00f1as y ni\u00f1os [&hellip;]","og_url":"https:\/\/somos-hermanos.mx\/index.php\/2025\/08\/04\/para-verte-bien-llego-a-colima\/","og_site_name":"Historias que inspiran...","article_publisher":"https:\/\/www.facebook.com\/SomosHermanosIAP\/","article_published_time":"2025-08-04T09:51:10+00:00","og_image":[{"width":1280,"height":853,"url":"https:\/\/somos-hermanos.mx\/wp-content\/uploads\/2025\/08\/cima.jpeg","type":"image\/jpeg"}],"author":"Daniela Ramirez Andrade","twitter_card":"summary_large_image","twitter_creator":"@Somos__Hermanos","twitter_site":"@Somos__Hermanos","twitter_misc":{"Escrito por":"Daniela Ramirez Andrade","Tiempo de lectura":"3 minutos"},"schema":{"@context":"https:\/\/schema.org","@graph":[{"@type":"Article","@id":"https:\/\/somos-hermanos.mx\/index.php\/2025\/08\/04\/para-verte-bien-llego-a-colima\/#article","isPartOf":{"@id":"https:\/\/somos-hermanos.mx\/index.php\/2025\/08\/04\/para-verte-bien-llego-a-colima\/"},"author":{"name":"Daniela Ramirez Andrade","@id":"https:\/\/somos-hermanos.mx\/#\/schema\/person\/bbbf4e7ce755556dfd1cf54f76f7796a"},"headline":"Para verte bien lleg\u00f3 a Colima","datePublished":"2025-08-04T09:51:10+00:00","mainEntityOfPage":{"@id":"https:\/\/somos-hermanos.mx\/index.php\/2025\/08\/04\/para-verte-bien-llego-a-colima\/"},"wordCount":451,"commentCount":0,"publisher":{"@id":"https:\/\/somos-hermanos.mx\/#organization"},"image":{"@id":"https:\/\/somos-hermanos.mx\/index.php\/2025\/08\/04\/para-verte-bien-llego-a-colima\/#primaryimage"},"thumbnailUrl":"https:\/\/somos-hermanos.mx\/wp-content\/uploads\/2025\/08\/cima.jpeg","articleSection":["Noticias"],"inLanguage":"es","potentialAction":[{"@type":"CommentAction","name":"Comment","target":["https:\/\/somos-hermanos.mx\/index.php\/2025\/08\/04\/para-verte-bien-llego-a-colima\/#respond"]}]},{"@type":"WebPage","@id":"https:\/\/somos-hermanos.mx\/index.php\/2025\/08\/04\/para-verte-bien-llego-a-colima\/","url":"https:\/\/somos-hermanos.mx\/index.php\/2025\/08\/04\/para-verte-bien-llego-a-colima\/","name":"Para verte bien lleg\u00f3 a Colima - Historias que inspiran...","isPartOf":{"@id":"https:\/\/somos-hermanos.mx\/#website"},"primaryImageOfPage":{"@id":"https:\/\/somos-hermanos.mx\/index.php\/2025\/08\/04\/para-verte-bien-llego-a-colima\/#primaryimage"},"image":{"@id":"https:\/\/somos-hermanos.mx\/index.php\/2025\/08\/04\/para-verte-bien-llego-a-colima\/#primaryimage"},"thumbnailUrl":"https:\/\/somos-hermanos.mx\/wp-content\/uploads\/2025\/08\/cima.jpeg","datePublished":"2025-08-04T09:51:10+00:00","breadcrumb":{"@id":"https:\/\/somos-hermanos.mx\/index.php\/2025\/08\/04\/para-verte-bien-llego-a-colima\/#breadcrumb"},"inLanguage":"es","potentialAction":[{"@type":"ReadAction","target":["https:\/\/somos-hermanos.mx\/index.php\/2025\/08\/04\/para-verte-bien-llego-a-colima\/"]}]},{"@type":"ImageObject","inLanguage":"es","@id":"https:\/\/somos-hermanos.mx\/index.php\/2025\/08\/04\/para-verte-bien-llego-a-colima\/#primaryimage","url":"https:\/\/somos-hermanos.mx\/wp-content\/uploads\/2025\/08\/cima.jpeg","contentUrl":"https:\/\/somos-hermanos.mx\/wp-content\/uploads\/2025\/08\/cima.jpeg","width":1280,"height":853},{"@type":"BreadcrumbList","@id":"https:\/\/somos-hermanos.mx\/index.php\/2025\/08\/04\/para-verte-bien-llego-a-colima\/#breadcrumb","itemListElement":[{"@type":"ListItem","position":1,"name":"Inicio","item":"https:\/\/somos-hermanos.mx\/"},{"@type":"ListItem","position":2,"name":"Para verte bien lleg\u00f3 a Colima"}]},{"@type":"WebSite","@id":"https:\/\/somos-hermanos.mx\/#website","url":"https:\/\/somos-hermanos.mx\/","name":"Historias que inspiran...","description":"Somos la voz del altruismo en M\u00e9xico","publisher":{"@id":"https:\/\/somos-hermanos.mx\/#organization"},"potentialAction":[{"@type":"SearchAction","target":{"@type":"EntryPoint","urlTemplate":"https:\/\/somos-hermanos.mx\/?s={search_term_string}"},"query-input":{"@type":"PropertyValueSpecification","valueRequired":true,"valueName":"search_term_string"}}],"inLanguage":"es"},{"@type":"Organization","@id":"https:\/\/somos-hermanos.mx\/#organization","name":"Somos Hermanos","url":"https:\/\/somos-hermanos.mx\/","logo":{"@type":"ImageObject","inLanguage":"es","@id":"https:\/\/somos-hermanos.mx\/#\/schema\/logo\/image\/","url":"https:\/\/somos-hermanos.mx\/wp-content\/uploads\/2025\/08\/SH30-1.jpeg","contentUrl":"https:\/\/somos-hermanos.mx\/wp-content\/uploads\/2025\/08\/SH30-1.jpeg","width":1600,"height":1142,"caption":"Somos Hermanos"},"image":{"@id":"https:\/\/somos-hermanos.mx\/#\/schema\/logo\/image\/"},"sameAs":["https:\/\/www.facebook.com\/SomosHermanosIAP\/","https:\/\/x.com\/Somos__Hermanos","https:\/\/www.instagram.com\/somos__hermanos\/#","https:\/\/www.tiktok.com\/@somoshermanosiap","https:\/\/www.youtube.com\/@somoshermanosiap1201\/videos"]},{"@type":"Person","@id":"https:\/\/somos-hermanos.mx\/#\/schema\/person\/bbbf4e7ce755556dfd1cf54f76f7796a","name":"Daniela Ramirez Andrade","image":{"@type":"ImageObject","inLanguage":"es","@id":"https:\/\/secure.gravatar.com\/avatar\/60e8d0b58755e00600ff71ec94913999a3c40ddd6caec825f6757d72bc10ea2a?s=96&d=mm&r=g","url":"https:\/\/secure.gravatar.com\/avatar\/60e8d0b58755e00600ff71ec94913999a3c40ddd6caec825f6757d72bc10ea2a?s=96&d=mm&r=g","contentUrl":"https:\/\/secure.gravatar.com\/avatar\/60e8d0b58755e00600ff71ec94913999a3c40ddd6caec825f6757d72bc10ea2a?s=96&d=mm&r=g","caption":"Daniela Ramirez Andrade"},"url":"https:\/\/somos-hermanos.mx\/index.php\/author\/daniela-ramirez-andrade\/"}]}},"_links":{"self":[{"href":"https:\/\/somos-hermanos.mx\/index.php\/wp-json\/wp\/v2\/posts\/972","targetHints":{"allow":["GET"]}}],"collection":[{"href":"https:\/\/somos-hermanos.mx\/index.php\/wp-json\/wp\/v2\/posts"}],"about":[{"href":"https:\/\/somos-hermanos.mx\/index.php\/wp-json\/wp\/v2\/types\/post"}],"author":[{"embeddable":true,"href":"https:\/\/somos-hermanos.mx\/index.php\/wp-json\/wp\/v2\/users\/29"}],"replies":[{"embeddable":true,"href":"https:\/\/somos-hermanos.mx\/index.php\/wp-json\/wp\/v2\/comments?post=972"}],"version-history":[{"count":1,"href":"https:\/\/somos-hermanos.mx\/index.php\/wp-json\/wp\/v2\/posts\/972\/revisions"}],"predecessor-version":[{"id":974,"href":"https:\/\/somos-hermanos.mx\/index.php\/wp-json\/wp\/v2\/posts\/972\/revisions\/974"}],"wp:featuredmedia":[{"embeddable":true,"href":"https:\/\/somos-hermanos.mx\/index.php\/wp-json\/wp\/v2\/media\/973"}],"wp:attachment":[{"href":"https:\/\/somos-hermanos.mx\/index.php\/wp-json\/wp\/v2\/media?parent=972"}],"wp:term":[{"taxonomy":"category","embeddable":true,"href":"https:\/\/somos-hermanos.mx\/index.php\/wp-json\/wp\/v2\/categories?post=972"},{"taxonomy":"post_tag","embeddable":true,"href":"https:\/\/somos-hermanos.mx\/index.php\/wp-json\/wp\/v2\/tags?post=972"}],"curies":[{"name":"wp","href":"https:\/\/api.w.org\/{rel}","templated":true}]}}