{"id":963,"date":"2025-08-04T03:46:29","date_gmt":"2025-08-04T09:46:29","guid":{"rendered":"https:\/\/somos-hermanos.mx\/?p=963"},"modified":"2025-08-04T03:46:29","modified_gmt":"2025-08-04T09:46:29","slug":"fundacion-majocca-20-anos-de-compromiso-con-los-grupos-vulnerables","status":"publish","type":"post","link":"https:\/\/somos-hermanos.mx\/index.php\/2025\/08\/04\/fundacion-majocca-20-anos-de-compromiso-con-los-grupos-vulnerables\/","title":{"rendered":"Fundaci\u00f3n Majocca 20 a\u00f1os de compromiso con los grupos vulnerables"},"content":{"rendered":"<p>En un pa\u00eds donde la desigualdad y la vulnerabilidad a\u00fan son desaf\u00edos persistentes, hay instituciones que no solo resisten, sino que florecen como faros de esperanza. Una de ellas es <strong>Fundaci\u00f3n Majocca, una organizaci\u00f3n altruista que, desde hace m\u00e1s de 20 a\u00f1os, ha forjado un camino s\u00f3lido de profesionalismo, compromiso social y filantrop\u00eda inteligente.<\/strong><\/p>\n<p>Con una visi\u00f3n profundamente humana y una estructura t\u00e9cnica impecable, la fundaci\u00f3n ha enfocado su labor en fortalecer a las organizaciones de la sociedad civil (OSC) a trav\u00e9s de <strong>cuatro ejes clave: vinculaci\u00f3n, gesti\u00f3n, comunicaci\u00f3n e imagen institucional. Su trabajo se traduce en acciones concretas que elevan la pr\u00e1ctica social, promueven la participaci\u00f3n ciudadana solidaria y mejoran las condiciones de vida de miles de personas en situaci\u00f3n de pobreza o exclusi\u00f3n.<\/strong><\/p>\n<p>La misi\u00f3n de Fundaci\u00f3n Majocca es tan clara como poderosa: <strong>fortalecer el tri\u00e1ngulo social \u2014conformado por el gobierno, la iniciativa privada y la sociedad civil\u2014 para generar oportunidades reales a los grupos m\u00e1s vulnerables. <\/strong>Su visi\u00f3n: ser una organizaci\u00f3n profesional y din\u00e1mica, capaz de crear programas innovadores que contribuyan al desarrollo sostenible, desde lo local hasta lo estructural.<\/p>\n<p>Consciente de las dificultades que enfrentan muchas <strong>OSC<\/strong>\u00a0para acceder a recursos, <strong>Fundaci\u00f3n Majocca<\/strong>\u00a0dise\u00f1\u00f3 el Programa de Canalizaci\u00f3n de Donativos, una estrategia que permite a estas organizaciones recibir insumos en especie de forma \u00e1gil, eficiente y transparente. Los productos \u2014provenientes de empresas o particulares solidarios\u2014 se destinan directamente a quienes m\u00e1s los necesitan: familias en pobreza, comunidades ind\u00edgenas, personas con discapacidad, entre otros sectores olvidados.<\/p>\n<p>Este programa no solo atiende necesidades materiales, sino que tambi\u00e9n fortalece la estructura operativa de las organizaciones beneficiadas, permiti\u00e9ndoles concentrarse en lo que mejor saben hacer: transformar realidades.<\/p>\n<p>En un pa\u00eds que envejece r\u00e1pidamente, pero a\u00fan falla en garantizar una vejez digna, Fundaci\u00f3n Majocca responde con empat\u00eda y acci\u00f3n. Cada a\u00f1o, en el marco del<strong>\u00a0D\u00eda del Abuelo <\/strong>(28 de agosto), lanza su ya tradicional campa\u00f1a \u201cA los abuelos dales lata\u201d, una colecta masiva de alimentos no perecederos y enlatados que beneficia a la <strong>Casa Hogar San Francisco de As\u00eds Calpan A.C.<\/strong><\/p>\n<p>Gracias a la participaci\u00f3n de universidades, empresas y ciudadanos comprometidos, la fundaci\u00f3n ha logrado reunir m\u00e1s de 4,000 latas por edici\u00f3n, garantizando as\u00ed la alimentaci\u00f3n de m\u00e1s de 100 personas mayores durante todo un a\u00f1o. Una muestra de que la solidaridad intergeneracional no solo es posible, sino urgente.<\/p>\n<p>En alianza con la organizaci\u00f3n internacional <strong>One World F\u00fatbol Project, Fundaci\u00f3n Majocca <\/strong>impulsa una campa\u00f1a tan creativa como entra\u00f1able: la distribuci\u00f3n de balones \u201cimponchables\u201d en comunidades marginadas. Estos balones, dise\u00f1ados con tecnolog\u00eda que impide que se ponchen, son entregados a equipos escolares, de barrios y colonias populares, fomentando entre ni\u00f1as y ni\u00f1os la cultura del juego, el respeto, el trabajo en equipo y la alegr\u00eda compartida.<\/p>\n<p>Con un costo de producci\u00f3n de $40 d\u00f3lares por unidad, estos balones representan algo m\u00e1s que un objeto: son una herramienta de inclusi\u00f3n, resiliencia y desarrollo comunitario. Fundaci\u00f3n Majocca no solo coordina la log\u00edstica, sino que invita a la sociedad a sumarse en la tarea de hacer llegar este juego eterno a quienes lo merecen.<\/p>\n<p>Adem\u00e1s, desde 2002, la fundaci\u00f3n ha participado activamente en el <strong>Programa de Redondeo de OXXO<\/strong>, una de las iniciativas m\u00e1s exitosas de donaci\u00f3n voluntaria en el pa\u00eds. Gracias a la confianza de millones de clientes y a la transparencia del programa \u2014que destina el 100% de los recursos recaudados a organizaciones beneficiadas\u2014, se han apoyado proyectos que atienden a ni\u00f1os, j\u00f3venes y adultos mayores afectados por la pobreza, enfermedades, maltrato o abandono.<\/p>\n<p>En el primer trimestre de 2015, por ejemplo, Fundaci\u00f3n Majocca recibi\u00f3 m\u00e1s de 400 mil pesos en donativos, recursos que se transformaron en atenci\u00f3n directa a cientos de personas. Esta colaboraci\u00f3n demuestra c\u00f3mo la suma de peque\u00f1os gestos puede tener un gran impacto social.<\/p>\n<p>La filantrop\u00eda tambi\u00e9n puede \u2014y debe\u2014 mirar hacia el medio ambiente. Por ello, Fundaci\u00f3n Majocca impulsa el programa<strong>\u00a0\u201cCuidado, manejo y t\u00e9cnicas comunitarias para mejorar la disponibilidad de agua para consumo humano\u201d <\/strong>en la comunidad de San Miguel Tecuanipa, Puebla.<\/p>\n<p>En coinversi\u00f3n con la <strong>Secretar\u00eda de Bienestar del Estado<\/strong>, este proyecto brinda capacitaci\u00f3n, instala tecnolog\u00edas adecuadas y promueve el uso responsable del agua para garantizar su disponibilidad en los hogares. El objetivo es claro: acceso digno, sostenibilidad h\u00eddrica y salud para todos.<\/p>\n<p>Uno de los espacios m\u00e1s esperados por el sector social es el Encuentro de Socios en la Filantrop\u00eda, un congreso organizado por Fundaci\u00f3n Majocca que fusiona conocimiento, experiencias y alianzas estrat\u00e9gicas. Dirigido a organizaciones sociales, este foro se ha convertido en una plataforma clave para potenciar capacidades, crear sinergias y descubrir nuevas formas de colaboraci\u00f3n.<\/p>\n<p>Aqu\u00ed, las ideas fluyen, las soluciones se multiplican y la innovaci\u00f3n social encuentra terreno f\u00e9rtil. Un evento donde las OSC no solo se inspiran, sino que regresan m\u00e1s fuertes, conectadas y preparadas para afrontar los retos del tercer sector.<\/p>\n<p>En un contexto donde la confianza es uno de los activos m\u00e1s valiosos, Fundaci\u00f3n Majocca ha demostrado que es posible hacer filantrop\u00eda con rigor, transparencia y coraz\u00f3n. Su trayectoria de dos d\u00e9cadas no solo refleja resultados, sino una visi\u00f3n \u00e9tica y humana del desarrollo social, donde todas las personas cuentan y cada causa importa.<\/p>\n<p>Hoy, m\u00e1s que nunca, la fundaci\u00f3n extiende una invitaci\u00f3n a sumar: a creer que el cambio es posible cuando se construye en comunidad, y que el compromiso con los dem\u00e1s no es un acto de caridad, sino de justicia. Para m\u00e1s informaci\u00f3n visita su sitio web oficial: <a href=\"https:\/\/fundacionmajocca.org\/index.php\/contacto.html\"><u>https:\/\/fundacionmajocca.org\/index.php\/contacto.html<\/u><\/a><\/p>\n","protected":false},"excerpt":{"rendered":"<p>En un pa\u00eds donde la desigualdad y la vulnerabilidad a\u00fan son desaf\u00edos persistentes, hay instituciones que no solo resisten, sino que florecen como faros de esperanza. Una de ellas es Fundaci\u00f3n Majocca, una organizaci\u00f3n altruista que, desde hace m\u00e1s de 20 a\u00f1os, ha forjado un camino s\u00f3lido de profesionalismo, compromiso social y filantrop\u00eda inteligente. Con [&hellip;]<\/p>\n","protected":false},"author":6,"featured_media":964,"comment_status":"open","ping_status":"closed","sticky":false,"template":"","format":"standard","meta":{"footnotes":""},"categories":[6],"tags":[],"class_list":["post-963","post","type-post","status-publish","format-standard","has-post-thumbnail","hentry","category-noticias"],"yoast_head":"<!-- This site is optimized with the Yoast SEO plugin v27.5 - https:\/\/yoast.com\/product\/yoast-seo-wordpress\/ -->\n<title>Fundaci\u00f3n Majocca 20 a\u00f1os de compromiso con los grupos vulnerables - Historias que inspiran...<\/title>\n<meta name=\"robots\" content=\"index, follow, max-snippet:-1, max-image-preview:large, max-video-preview:-1\" \/>\n<link rel=\"canonical\" href=\"https:\/\/somos-hermanos.mx\/index.php\/2025\/08\/04\/fundacion-majocca-20-anos-de-compromiso-con-los-grupos-vulnerables\/\" \/>\n<meta property=\"og:locale\" content=\"es_MX\" \/>\n<meta property=\"og:type\" content=\"article\" \/>\n<meta property=\"og:title\" content=\"Fundaci\u00f3n Majocca 20 a\u00f1os de compromiso con los grupos vulnerables - Historias que inspiran...\" \/>\n<meta property=\"og:description\" content=\"En un pa\u00eds donde la desigualdad y la vulnerabilidad a\u00fan son desaf\u00edos persistentes, hay instituciones que no solo resisten, sino que florecen como faros de esperanza. Una de ellas es Fundaci\u00f3n Majocca, una organizaci\u00f3n altruista que, desde hace m\u00e1s de 20 a\u00f1os, ha forjado un camino s\u00f3lido de profesionalismo, compromiso social y filantrop\u00eda inteligente. Con [&hellip;]\" \/>\n<meta property=\"og:url\" content=\"https:\/\/somos-hermanos.mx\/index.php\/2025\/08\/04\/fundacion-majocca-20-anos-de-compromiso-con-los-grupos-vulnerables\/\" \/>\n<meta property=\"og:site_name\" content=\"Historias que inspiran...\" \/>\n<meta property=\"article:publisher\" content=\"https:\/\/www.facebook.com\/SomosHermanosIAP\/\" \/>\n<meta property=\"article:published_time\" content=\"2025-08-04T09:46:29+00:00\" \/>\n<meta property=\"og:image\" content=\"https:\/\/somos-hermanos.mx\/wp-content\/uploads\/2025\/08\/majoc1.jpeg\" \/>\n\t<meta property=\"og:image:width\" content=\"1440\" \/>\n\t<meta property=\"og:image:height\" content=\"1440\" \/>\n\t<meta property=\"og:image:type\" content=\"image\/jpeg\" \/>\n<meta name=\"author\" content=\"Jessica Iniestra Montoya\" \/>\n<meta name=\"twitter:card\" content=\"summary_large_image\" \/>\n<meta name=\"twitter:creator\" content=\"@Somos__Hermanos\" \/>\n<meta name=\"twitter:site\" content=\"@Somos__Hermanos\" \/>\n<meta name=\"twitter:label1\" content=\"Escrito por\" \/>\n\t<meta name=\"twitter:data1\" content=\"Jessica Iniestra Montoya\" \/>\n\t<meta name=\"twitter:label2\" content=\"Tiempo de lectura\" \/>\n\t<meta name=\"twitter:data2\" content=\"5 minutos\" \/>\n<script type=\"application\/ld+json\" class=\"yoast-schema-graph\">{\"@context\":\"https:\\\/\\\/schema.org\",\"@graph\":[{\"@type\":\"Article\",\"@id\":\"https:\\\/\\\/somos-hermanos.mx\\\/index.php\\\/2025\\\/08\\\/04\\\/fundacion-majocca-20-anos-de-compromiso-con-los-grupos-vulnerables\\\/#article\",\"isPartOf\":{\"@id\":\"https:\\\/\\\/somos-hermanos.mx\\\/index.php\\\/2025\\\/08\\\/04\\\/fundacion-majocca-20-anos-de-compromiso-con-los-grupos-vulnerables\\\/\"},\"author\":{\"name\":\"Jessica Iniestra Montoya\",\"@id\":\"https:\\\/\\\/somos-hermanos.mx\\\/#\\\/schema\\\/person\\\/556c08a8ffe5461f078f6d4ee7c7edc6\"},\"headline\":\"Fundaci\u00f3n Majocca 20 a\u00f1os de compromiso con los grupos vulnerables\",\"datePublished\":\"2025-08-04T09:46:29+00:00\",\"mainEntityOfPage\":{\"@id\":\"https:\\\/\\\/somos-hermanos.mx\\\/index.php\\\/2025\\\/08\\\/04\\\/fundacion-majocca-20-anos-de-compromiso-con-los-grupos-vulnerables\\\/\"},\"wordCount\":1022,\"commentCount\":0,\"publisher\":{\"@id\":\"https:\\\/\\\/somos-hermanos.mx\\\/#organization\"},\"image\":{\"@id\":\"https:\\\/\\\/somos-hermanos.mx\\\/index.php\\\/2025\\\/08\\\/04\\\/fundacion-majocca-20-anos-de-compromiso-con-los-grupos-vulnerables\\\/#primaryimage\"},\"thumbnailUrl\":\"https:\\\/\\\/somos-hermanos.mx\\\/wp-content\\\/uploads\\\/2025\\\/08\\\/majoc1.jpeg\",\"articleSection\":[\"Noticias\"],\"inLanguage\":\"es\",\"potentialAction\":[{\"@type\":\"CommentAction\",\"name\":\"Comment\",\"target\":[\"https:\\\/\\\/somos-hermanos.mx\\\/index.php\\\/2025\\\/08\\\/04\\\/fundacion-majocca-20-anos-de-compromiso-con-los-grupos-vulnerables\\\/#respond\"]}]},{\"@type\":\"WebPage\",\"@id\":\"https:\\\/\\\/somos-hermanos.mx\\\/index.php\\\/2025\\\/08\\\/04\\\/fundacion-majocca-20-anos-de-compromiso-con-los-grupos-vulnerables\\\/\",\"url\":\"https:\\\/\\\/somos-hermanos.mx\\\/index.php\\\/2025\\\/08\\\/04\\\/fundacion-majocca-20-anos-de-compromiso-con-los-grupos-vulnerables\\\/\",\"name\":\"Fundaci\u00f3n Majocca 20 a\u00f1os de compromiso con los grupos vulnerables - Historias que inspiran...\",\"isPartOf\":{\"@id\":\"https:\\\/\\\/somos-hermanos.mx\\\/#website\"},\"primaryImageOfPage\":{\"@id\":\"https:\\\/\\\/somos-hermanos.mx\\\/index.php\\\/2025\\\/08\\\/04\\\/fundacion-majocca-20-anos-de-compromiso-con-los-grupos-vulnerables\\\/#primaryimage\"},\"image\":{\"@id\":\"https:\\\/\\\/somos-hermanos.mx\\\/index.php\\\/2025\\\/08\\\/04\\\/fundacion-majocca-20-anos-de-compromiso-con-los-grupos-vulnerables\\\/#primaryimage\"},\"thumbnailUrl\":\"https:\\\/\\\/somos-hermanos.mx\\\/wp-content\\\/uploads\\\/2025\\\/08\\\/majoc1.jpeg\",\"datePublished\":\"2025-08-04T09:46:29+00:00\",\"breadcrumb\":{\"@id\":\"https:\\\/\\\/somos-hermanos.mx\\\/index.php\\\/2025\\\/08\\\/04\\\/fundacion-majocca-20-anos-de-compromiso-con-los-grupos-vulnerables\\\/#breadcrumb\"},\"inLanguage\":\"es\",\"potentialAction\":[{\"@type\":\"ReadAction\",\"target\":[\"https:\\\/\\\/somos-hermanos.mx\\\/index.php\\\/2025\\\/08\\\/04\\\/fundacion-majocca-20-anos-de-compromiso-con-los-grupos-vulnerables\\\/\"]}]},{\"@type\":\"ImageObject\",\"inLanguage\":\"es\",\"@id\":\"https:\\\/\\\/somos-hermanos.mx\\\/index.php\\\/2025\\\/08\\\/04\\\/fundacion-majocca-20-anos-de-compromiso-con-los-grupos-vulnerables\\\/#primaryimage\",\"url\":\"https:\\\/\\\/somos-hermanos.mx\\\/wp-content\\\/uploads\\\/2025\\\/08\\\/majoc1.jpeg\",\"contentUrl\":\"https:\\\/\\\/somos-hermanos.mx\\\/wp-content\\\/uploads\\\/2025\\\/08\\\/majoc1.jpeg\",\"width\":1440,\"height\":1440},{\"@type\":\"BreadcrumbList\",\"@id\":\"https:\\\/\\\/somos-hermanos.mx\\\/index.php\\\/2025\\\/08\\\/04\\\/fundacion-majocca-20-anos-de-compromiso-con-los-grupos-vulnerables\\\/#breadcrumb\",\"itemListElement\":[{\"@type\":\"ListItem\",\"position\":1,\"name\":\"Inicio\",\"item\":\"https:\\\/\\\/somos-hermanos.mx\\\/\"},{\"@type\":\"ListItem\",\"position\":2,\"name\":\"Fundaci\u00f3n Majocca 20 a\u00f1os de compromiso con los grupos vulnerables\"}]},{\"@type\":\"WebSite\",\"@id\":\"https:\\\/\\\/somos-hermanos.mx\\\/#website\",\"url\":\"https:\\\/\\\/somos-hermanos.mx\\\/\",\"name\":\"Historias que inspiran...\",\"description\":\"Somos la voz del altruismo en M\u00e9xico\",\"publisher\":{\"@id\":\"https:\\\/\\\/somos-hermanos.mx\\\/#organization\"},\"potentialAction\":[{\"@type\":\"SearchAction\",\"target\":{\"@type\":\"EntryPoint\",\"urlTemplate\":\"https:\\\/\\\/somos-hermanos.mx\\\/?s={search_term_string}\"},\"query-input\":{\"@type\":\"PropertyValueSpecification\",\"valueRequired\":true,\"valueName\":\"search_term_string\"}}],\"inLanguage\":\"es\"},{\"@type\":\"Organization\",\"@id\":\"https:\\\/\\\/somos-hermanos.mx\\\/#organization\",\"name\":\"Somos Hermanos\",\"url\":\"https:\\\/\\\/somos-hermanos.mx\\\/\",\"logo\":{\"@type\":\"ImageObject\",\"inLanguage\":\"es\",\"@id\":\"https:\\\/\\\/somos-hermanos.mx\\\/#\\\/schema\\\/logo\\\/image\\\/\",\"url\":\"https:\\\/\\\/somos-hermanos.mx\\\/wp-content\\\/uploads\\\/2025\\\/08\\\/SH30-1.jpeg\",\"contentUrl\":\"https:\\\/\\\/somos-hermanos.mx\\\/wp-content\\\/uploads\\\/2025\\\/08\\\/SH30-1.jpeg\",\"width\":1600,\"height\":1142,\"caption\":\"Somos Hermanos\"},\"image\":{\"@id\":\"https:\\\/\\\/somos-hermanos.mx\\\/#\\\/schema\\\/logo\\\/image\\\/\"},\"sameAs\":[\"https:\\\/\\\/www.facebook.com\\\/SomosHermanosIAP\\\/\",\"https:\\\/\\\/x.com\\\/Somos__Hermanos\",\"https:\\\/\\\/www.instagram.com\\\/somos__hermanos\\\/#\",\"https:\\\/\\\/www.tiktok.com\\\/@somoshermanosiap\",\"https:\\\/\\\/www.youtube.com\\\/@somoshermanosiap1201\\\/videos\"]},{\"@type\":\"Person\",\"@id\":\"https:\\\/\\\/somos-hermanos.mx\\\/#\\\/schema\\\/person\\\/556c08a8ffe5461f078f6d4ee7c7edc6\",\"name\":\"Jessica Iniestra Montoya\",\"image\":{\"@type\":\"ImageObject\",\"inLanguage\":\"es\",\"@id\":\"https:\\\/\\\/secure.gravatar.com\\\/avatar\\\/106ac0d17a09f7597c4b7d5101b852538c07d5e73e903cb99fc44476e15e52aa?s=96&d=mm&r=g\",\"url\":\"https:\\\/\\\/secure.gravatar.com\\\/avatar\\\/106ac0d17a09f7597c4b7d5101b852538c07d5e73e903cb99fc44476e15e52aa?s=96&d=mm&r=g\",\"contentUrl\":\"https:\\\/\\\/secure.gravatar.com\\\/avatar\\\/106ac0d17a09f7597c4b7d5101b852538c07d5e73e903cb99fc44476e15e52aa?s=96&d=mm&r=g\",\"caption\":\"Jessica Iniestra Montoya\"},\"url\":\"https:\\\/\\\/somos-hermanos.mx\\\/index.php\\\/author\\\/jessica-iniestra-montoya\\\/\"}]}<\/script>\n<!-- \/ Yoast SEO plugin. -->","yoast_head_json":{"title":"Fundaci\u00f3n Majocca 20 a\u00f1os de compromiso con los grupos vulnerables - Historias que inspiran...","robots":{"index":"index","follow":"follow","max-snippet":"max-snippet:-1","max-image-preview":"max-image-preview:large","max-video-preview":"max-video-preview:-1"},"canonical":"https:\/\/somos-hermanos.mx\/index.php\/2025\/08\/04\/fundacion-majocca-20-anos-de-compromiso-con-los-grupos-vulnerables\/","og_locale":"es_MX","og_type":"article","og_title":"Fundaci\u00f3n Majocca 20 a\u00f1os de compromiso con los grupos vulnerables - Historias que inspiran...","og_description":"En un pa\u00eds donde la desigualdad y la vulnerabilidad a\u00fan son desaf\u00edos persistentes, hay instituciones que no solo resisten, sino que florecen como faros de esperanza. Una de ellas es Fundaci\u00f3n Majocca, una organizaci\u00f3n altruista que, desde hace m\u00e1s de 20 a\u00f1os, ha forjado un camino s\u00f3lido de profesionalismo, compromiso social y filantrop\u00eda inteligente. Con [&hellip;]","og_url":"https:\/\/somos-hermanos.mx\/index.php\/2025\/08\/04\/fundacion-majocca-20-anos-de-compromiso-con-los-grupos-vulnerables\/","og_site_name":"Historias que inspiran...","article_publisher":"https:\/\/www.facebook.com\/SomosHermanosIAP\/","article_published_time":"2025-08-04T09:46:29+00:00","og_image":[{"width":1440,"height":1440,"url":"https:\/\/somos-hermanos.mx\/wp-content\/uploads\/2025\/08\/majoc1.jpeg","type":"image\/jpeg"}],"author":"Jessica Iniestra Montoya","twitter_card":"summary_large_image","twitter_creator":"@Somos__Hermanos","twitter_site":"@Somos__Hermanos","twitter_misc":{"Escrito por":"Jessica Iniestra Montoya","Tiempo de lectura":"5 minutos"},"schema":{"@context":"https:\/\/schema.org","@graph":[{"@type":"Article","@id":"https:\/\/somos-hermanos.mx\/index.php\/2025\/08\/04\/fundacion-majocca-20-anos-de-compromiso-con-los-grupos-vulnerables\/#article","isPartOf":{"@id":"https:\/\/somos-hermanos.mx\/index.php\/2025\/08\/04\/fundacion-majocca-20-anos-de-compromiso-con-los-grupos-vulnerables\/"},"author":{"name":"Jessica Iniestra Montoya","@id":"https:\/\/somos-hermanos.mx\/#\/schema\/person\/556c08a8ffe5461f078f6d4ee7c7edc6"},"headline":"Fundaci\u00f3n Majocca 20 a\u00f1os de compromiso con los grupos vulnerables","datePublished":"2025-08-04T09:46:29+00:00","mainEntityOfPage":{"@id":"https:\/\/somos-hermanos.mx\/index.php\/2025\/08\/04\/fundacion-majocca-20-anos-de-compromiso-con-los-grupos-vulnerables\/"},"wordCount":1022,"commentCount":0,"publisher":{"@id":"https:\/\/somos-hermanos.mx\/#organization"},"image":{"@id":"https:\/\/somos-hermanos.mx\/index.php\/2025\/08\/04\/fundacion-majocca-20-anos-de-compromiso-con-los-grupos-vulnerables\/#primaryimage"},"thumbnailUrl":"https:\/\/somos-hermanos.mx\/wp-content\/uploads\/2025\/08\/majoc1.jpeg","articleSection":["Noticias"],"inLanguage":"es","potentialAction":[{"@type":"CommentAction","name":"Comment","target":["https:\/\/somos-hermanos.mx\/index.php\/2025\/08\/04\/fundacion-majocca-20-anos-de-compromiso-con-los-grupos-vulnerables\/#respond"]}]},{"@type":"WebPage","@id":"https:\/\/somos-hermanos.mx\/index.php\/2025\/08\/04\/fundacion-majocca-20-anos-de-compromiso-con-los-grupos-vulnerables\/","url":"https:\/\/somos-hermanos.mx\/index.php\/2025\/08\/04\/fundacion-majocca-20-anos-de-compromiso-con-los-grupos-vulnerables\/","name":"Fundaci\u00f3n Majocca 20 a\u00f1os de compromiso con los grupos vulnerables - Historias que inspiran...","isPartOf":{"@id":"https:\/\/somos-hermanos.mx\/#website"},"primaryImageOfPage":{"@id":"https:\/\/somos-hermanos.mx\/index.php\/2025\/08\/04\/fundacion-majocca-20-anos-de-compromiso-con-los-grupos-vulnerables\/#primaryimage"},"image":{"@id":"https:\/\/somos-hermanos.mx\/index.php\/2025\/08\/04\/fundacion-majocca-20-anos-de-compromiso-con-los-grupos-vulnerables\/#primaryimage"},"thumbnailUrl":"https:\/\/somos-hermanos.mx\/wp-content\/uploads\/2025\/08\/majoc1.jpeg","datePublished":"2025-08-04T09:46:29+00:00","breadcrumb":{"@id":"https:\/\/somos-hermanos.mx\/index.php\/2025\/08\/04\/fundacion-majocca-20-anos-de-compromiso-con-los-grupos-vulnerables\/#breadcrumb"},"inLanguage":"es","potentialAction":[{"@type":"ReadAction","target":["https:\/\/somos-hermanos.mx\/index.php\/2025\/08\/04\/fundacion-majocca-20-anos-de-compromiso-con-los-grupos-vulnerables\/"]}]},{"@type":"ImageObject","inLanguage":"es","@id":"https:\/\/somos-hermanos.mx\/index.php\/2025\/08\/04\/fundacion-majocca-20-anos-de-compromiso-con-los-grupos-vulnerables\/#primaryimage","url":"https:\/\/somos-hermanos.mx\/wp-content\/uploads\/2025\/08\/majoc1.jpeg","contentUrl":"https:\/\/somos-hermanos.mx\/wp-content\/uploads\/2025\/08\/majoc1.jpeg","width":1440,"height":1440},{"@type":"BreadcrumbList","@id":"https:\/\/somos-hermanos.mx\/index.php\/2025\/08\/04\/fundacion-majocca-20-anos-de-compromiso-con-los-grupos-vulnerables\/#breadcrumb","itemListElement":[{"@type":"ListItem","position":1,"name":"Inicio","item":"https:\/\/somos-hermanos.mx\/"},{"@type":"ListItem","position":2,"name":"Fundaci\u00f3n Majocca 20 a\u00f1os de compromiso con los grupos vulnerables"}]},{"@type":"WebSite","@id":"https:\/\/somos-hermanos.mx\/#website","url":"https:\/\/somos-hermanos.mx\/","name":"Historias que inspiran...","description":"Somos la voz del altruismo en M\u00e9xico","publisher":{"@id":"https:\/\/somos-hermanos.mx\/#organization"},"potentialAction":[{"@type":"SearchAction","target":{"@type":"EntryPoint","urlTemplate":"https:\/\/somos-hermanos.mx\/?s={search_term_string}"},"query-input":{"@type":"PropertyValueSpecification","valueRequired":true,"valueName":"search_term_string"}}],"inLanguage":"es"},{"@type":"Organization","@id":"https:\/\/somos-hermanos.mx\/#organization","name":"Somos Hermanos","url":"https:\/\/somos-hermanos.mx\/","logo":{"@type":"ImageObject","inLanguage":"es","@id":"https:\/\/somos-hermanos.mx\/#\/schema\/logo\/image\/","url":"https:\/\/somos-hermanos.mx\/wp-content\/uploads\/2025\/08\/SH30-1.jpeg","contentUrl":"https:\/\/somos-hermanos.mx\/wp-content\/uploads\/2025\/08\/SH30-1.jpeg","width":1600,"height":1142,"caption":"Somos Hermanos"},"image":{"@id":"https:\/\/somos-hermanos.mx\/#\/schema\/logo\/image\/"},"sameAs":["https:\/\/www.facebook.com\/SomosHermanosIAP\/","https:\/\/x.com\/Somos__Hermanos","https:\/\/www.instagram.com\/somos__hermanos\/#","https:\/\/www.tiktok.com\/@somoshermanosiap","https:\/\/www.youtube.com\/@somoshermanosiap1201\/videos"]},{"@type":"Person","@id":"https:\/\/somos-hermanos.mx\/#\/schema\/person\/556c08a8ffe5461f078f6d4ee7c7edc6","name":"Jessica Iniestra Montoya","image":{"@type":"ImageObject","inLanguage":"es","@id":"https:\/\/secure.gravatar.com\/avatar\/106ac0d17a09f7597c4b7d5101b852538c07d5e73e903cb99fc44476e15e52aa?s=96&d=mm&r=g","url":"https:\/\/secure.gravatar.com\/avatar\/106ac0d17a09f7597c4b7d5101b852538c07d5e73e903cb99fc44476e15e52aa?s=96&d=mm&r=g","contentUrl":"https:\/\/secure.gravatar.com\/avatar\/106ac0d17a09f7597c4b7d5101b852538c07d5e73e903cb99fc44476e15e52aa?s=96&d=mm&r=g","caption":"Jessica Iniestra Montoya"},"url":"https:\/\/somos-hermanos.mx\/index.php\/author\/jessica-iniestra-montoya\/"}]}},"_links":{"self":[{"href":"https:\/\/somos-hermanos.mx\/index.php\/wp-json\/wp\/v2\/posts\/963","targetHints":{"allow":["GET"]}}],"collection":[{"href":"https:\/\/somos-hermanos.mx\/index.php\/wp-json\/wp\/v2\/posts"}],"about":[{"href":"https:\/\/somos-hermanos.mx\/index.php\/wp-json\/wp\/v2\/types\/post"}],"author":[{"embeddable":true,"href":"https:\/\/somos-hermanos.mx\/index.php\/wp-json\/wp\/v2\/users\/6"}],"replies":[{"embeddable":true,"href":"https:\/\/somos-hermanos.mx\/index.php\/wp-json\/wp\/v2\/comments?post=963"}],"version-history":[{"count":1,"href":"https:\/\/somos-hermanos.mx\/index.php\/wp-json\/wp\/v2\/posts\/963\/revisions"}],"predecessor-version":[{"id":965,"href":"https:\/\/somos-hermanos.mx\/index.php\/wp-json\/wp\/v2\/posts\/963\/revisions\/965"}],"wp:featuredmedia":[{"embeddable":true,"href":"https:\/\/somos-hermanos.mx\/index.php\/wp-json\/wp\/v2\/media\/964"}],"wp:attachment":[{"href":"https:\/\/somos-hermanos.mx\/index.php\/wp-json\/wp\/v2\/media?parent=963"}],"wp:term":[{"taxonomy":"category","embeddable":true,"href":"https:\/\/somos-hermanos.mx\/index.php\/wp-json\/wp\/v2\/categories?post=963"},{"taxonomy":"post_tag","embeddable":true,"href":"https:\/\/somos-hermanos.mx\/index.php\/wp-json\/wp\/v2\/tags?post=963"}],"curies":[{"name":"wp","href":"https:\/\/api.w.org\/{rel}","templated":true}]}}