{"id":960,"date":"2025-08-04T03:45:15","date_gmt":"2025-08-04T09:45:15","guid":{"rendered":"https:\/\/somos-hermanos.mx\/?p=960"},"modified":"2025-08-04T03:45:15","modified_gmt":"2025-08-04T09:45:15","slug":"cardi-ayuda-con-labores-humanitarias-a-pacientes-de-la-cdmx","status":"publish","type":"post","link":"https:\/\/somos-hermanos.mx\/index.php\/2025\/08\/04\/cardi-ayuda-con-labores-humanitarias-a-pacientes-de-la-cdmx\/","title":{"rendered":"CARDI ayuda con labores humanitarias a pacientes de la CDMX"},"content":{"rendered":"<p>Entre las calles del coraz\u00f3n de una de las ciudades m\u00e1s grandes del mundo como lo es la Ciudad de M\u00e9xico, en la Colonia Doctores de la Alcald\u00eda Cuauht\u00e9moc, <strong>CARDI AC trabaja para la comunidad y las personas que vienen a los hospitales de la zona: <\/strong>Hospital General de M\u00e9xico, Hospital Infantil de M\u00e9xico Federico G\u00f3mez y Hospital Centro M\u00e9dico Siglo XXI <strong>brindando apoyo social a quienes se encuentran en situaciones adversas<\/strong>\u00a0por motivos de salud, beneficiando y acompa\u00f1ando tanto a pacientes como familiares.<\/p>\n<p>Comenzando sus <strong>labores altruistas basadas en la fe de los Agustinos Recoletos, en 1906<\/strong><strong>, <\/strong>Do\u00f1a Carlota Landeros de Algara uni\u00f3 los esfuerzos de colonos, de una compa\u00f1\u00eda bancaria, y de personal del Hospital General para la construcci\u00f3n de una capilla sin ostentosidades,\u00a0con\u00a0estilo neog\u00f3tico, pero sin mucho valor art\u00edstico.<\/p>\n<p>A\u00f1os m\u00e1s tarde el recinto se tuvo que adaptar al contexto de la Guerra Cristera siento utilizado como bodega para guardar semillas lo cual provoc\u00f3 serios da\u00f1os al interior.<\/p>\n<p>El templo tuvo constantes cambios y adaptaciones moduladas por arzobispos, p\u00e1rrocos; incluso el presidente Adolfo L\u00f3pez Mateos, tras el terremoto de 1985 decidi\u00f3 reconstruir y ampliar las instalaciones.<\/p>\n<p>No fue hasta el a\u00f1o 1961 que naci\u00f3 la asociaci\u00f3n CARDI AC. Despu\u00e9s de d\u00e9cadas de labor en el a\u00f1o 2003 se impuls\u00f3 un proyecto social en respuesta a la vulnerabilidad de la situaci\u00f3n del pa\u00eds durante la celebraci\u00f3n de la Asamblea General de los Agustinos Recoletos de la Vicar\u00eda de M\u00e9xico-Costa Rica, en Cholula (Puebla).<\/p>\n<p>Aqu\u00ed ofrecen servicios de alimentos, dispensarios, lavado e higiene y acompa\u00f1amiento para los pacientes y familiares; tambi\u00e9n proporciona espacios y actividades al p\u00fablico en general y grupos espec\u00edficos para la promoci\u00f3n del desarrollo Integral de la persona, a trav\u00e9s de conferencias, talleres, diplomados, cursos de inducci\u00f3n y procesos de capacitaci\u00f3n. Algunos de estos cursos y diplomados tienen validez oficial por Universidad La Salle.<\/p>\n<p>CARDI AC <strong>es de las instituciones que m\u00e1s favorecen y abrazan las necesidades de miles de capitalinos de la ciudad; inspirada en la fe agustiniana, <\/strong>est\u00e1 asociaci\u00f3n realiza las labores humanitarias que pocos se atreven a hacer en la actualidad y adem\u00e1s lo hace sin ning\u00fan \u00e1nimo de lucro.<\/p>\n","protected":false},"excerpt":{"rendered":"<p>Entre las calles del coraz\u00f3n de una de las ciudades m\u00e1s grandes del mundo como lo es la Ciudad de M\u00e9xico, en la Colonia Doctores de la Alcald\u00eda Cuauht\u00e9moc, CARDI AC trabaja para la comunidad y las personas que vienen a los hospitales de la zona: Hospital General de M\u00e9xico, Hospital Infantil de M\u00e9xico Federico [&hellip;]<\/p>\n","protected":false},"author":28,"featured_media":961,"comment_status":"open","ping_status":"closed","sticky":false,"template":"","format":"standard","meta":{"footnotes":""},"categories":[6],"tags":[],"class_list":["post-960","post","type-post","status-publish","format-standard","has-post-thumbnail","hentry","category-noticias"],"yoast_head":"<!-- This site is optimized with the Yoast SEO plugin v27.5 - https:\/\/yoast.com\/product\/yoast-seo-wordpress\/ -->\n<title>CARDI ayuda con labores humanitarias a pacientes de la CDMX - Historias que inspiran...<\/title>\n<meta name=\"robots\" content=\"index, follow, max-snippet:-1, max-image-preview:large, max-video-preview:-1\" \/>\n<link rel=\"canonical\" href=\"https:\/\/somos-hermanos.mx\/index.php\/2025\/08\/04\/cardi-ayuda-con-labores-humanitarias-a-pacientes-de-la-cdmx\/\" \/>\n<meta property=\"og:locale\" content=\"es_MX\" \/>\n<meta property=\"og:type\" content=\"article\" \/>\n<meta property=\"og:title\" content=\"CARDI ayuda con labores humanitarias a pacientes de la CDMX - Historias que inspiran...\" \/>\n<meta property=\"og:description\" content=\"Entre las calles del coraz\u00f3n de una de las ciudades m\u00e1s grandes del mundo como lo es la Ciudad de M\u00e9xico, en la Colonia Doctores de la Alcald\u00eda Cuauht\u00e9moc, CARDI AC trabaja para la comunidad y las personas que vienen a los hospitales de la zona: Hospital General de M\u00e9xico, Hospital Infantil de M\u00e9xico Federico [&hellip;]\" \/>\n<meta property=\"og:url\" content=\"https:\/\/somos-hermanos.mx\/index.php\/2025\/08\/04\/cardi-ayuda-con-labores-humanitarias-a-pacientes-de-la-cdmx\/\" \/>\n<meta property=\"og:site_name\" content=\"Historias que inspiran...\" \/>\n<meta property=\"article:publisher\" content=\"https:\/\/www.facebook.com\/SomosHermanosIAP\/\" \/>\n<meta property=\"article:published_time\" content=\"2025-08-04T09:45:15+00:00\" \/>\n<meta property=\"og:image\" content=\"https:\/\/somos-hermanos.mx\/wp-content\/uploads\/2025\/08\/cardiac.jpeg\" \/>\n\t<meta property=\"og:image:width\" content=\"1600\" \/>\n\t<meta property=\"og:image:height\" content=\"1066\" \/>\n\t<meta property=\"og:image:type\" content=\"image\/jpeg\" \/>\n<meta name=\"author\" content=\"Jocelyn Guzm\u00e1n Mart\u00ednez\" \/>\n<meta name=\"twitter:card\" content=\"summary_large_image\" \/>\n<meta name=\"twitter:creator\" content=\"@Somos__Hermanos\" \/>\n<meta name=\"twitter:site\" content=\"@Somos__Hermanos\" \/>\n<meta name=\"twitter:label1\" content=\"Escrito por\" \/>\n\t<meta name=\"twitter:data1\" content=\"Jocelyn Guzm\u00e1n Mart\u00ednez\" \/>\n\t<meta name=\"twitter:label2\" content=\"Tiempo de lectura\" \/>\n\t<meta name=\"twitter:data2\" content=\"2 minutos\" \/>\n<script type=\"application\/ld+json\" class=\"yoast-schema-graph\">{\"@context\":\"https:\\\/\\\/schema.org\",\"@graph\":[{\"@type\":\"Article\",\"@id\":\"https:\\\/\\\/somos-hermanos.mx\\\/index.php\\\/2025\\\/08\\\/04\\\/cardi-ayuda-con-labores-humanitarias-a-pacientes-de-la-cdmx\\\/#article\",\"isPartOf\":{\"@id\":\"https:\\\/\\\/somos-hermanos.mx\\\/index.php\\\/2025\\\/08\\\/04\\\/cardi-ayuda-con-labores-humanitarias-a-pacientes-de-la-cdmx\\\/\"},\"author\":{\"name\":\"Jocelyn Guzm\u00e1n Mart\u00ednez\",\"@id\":\"https:\\\/\\\/somos-hermanos.mx\\\/#\\\/schema\\\/person\\\/0cd447ea54751f11595557ee49ac6f23\"},\"headline\":\"CARDI ayuda con labores humanitarias a pacientes de la CDMX\",\"datePublished\":\"2025-08-04T09:45:15+00:00\",\"mainEntityOfPage\":{\"@id\":\"https:\\\/\\\/somos-hermanos.mx\\\/index.php\\\/2025\\\/08\\\/04\\\/cardi-ayuda-con-labores-humanitarias-a-pacientes-de-la-cdmx\\\/\"},\"wordCount\":407,\"commentCount\":0,\"publisher\":{\"@id\":\"https:\\\/\\\/somos-hermanos.mx\\\/#organization\"},\"image\":{\"@id\":\"https:\\\/\\\/somos-hermanos.mx\\\/index.php\\\/2025\\\/08\\\/04\\\/cardi-ayuda-con-labores-humanitarias-a-pacientes-de-la-cdmx\\\/#primaryimage\"},\"thumbnailUrl\":\"https:\\\/\\\/somos-hermanos.mx\\\/wp-content\\\/uploads\\\/2025\\\/08\\\/cardiac.jpeg\",\"articleSection\":[\"Noticias\"],\"inLanguage\":\"es\",\"potentialAction\":[{\"@type\":\"CommentAction\",\"name\":\"Comment\",\"target\":[\"https:\\\/\\\/somos-hermanos.mx\\\/index.php\\\/2025\\\/08\\\/04\\\/cardi-ayuda-con-labores-humanitarias-a-pacientes-de-la-cdmx\\\/#respond\"]}]},{\"@type\":\"WebPage\",\"@id\":\"https:\\\/\\\/somos-hermanos.mx\\\/index.php\\\/2025\\\/08\\\/04\\\/cardi-ayuda-con-labores-humanitarias-a-pacientes-de-la-cdmx\\\/\",\"url\":\"https:\\\/\\\/somos-hermanos.mx\\\/index.php\\\/2025\\\/08\\\/04\\\/cardi-ayuda-con-labores-humanitarias-a-pacientes-de-la-cdmx\\\/\",\"name\":\"CARDI ayuda con labores humanitarias a pacientes de la CDMX - Historias que inspiran...\",\"isPartOf\":{\"@id\":\"https:\\\/\\\/somos-hermanos.mx\\\/#website\"},\"primaryImageOfPage\":{\"@id\":\"https:\\\/\\\/somos-hermanos.mx\\\/index.php\\\/2025\\\/08\\\/04\\\/cardi-ayuda-con-labores-humanitarias-a-pacientes-de-la-cdmx\\\/#primaryimage\"},\"image\":{\"@id\":\"https:\\\/\\\/somos-hermanos.mx\\\/index.php\\\/2025\\\/08\\\/04\\\/cardi-ayuda-con-labores-humanitarias-a-pacientes-de-la-cdmx\\\/#primaryimage\"},\"thumbnailUrl\":\"https:\\\/\\\/somos-hermanos.mx\\\/wp-content\\\/uploads\\\/2025\\\/08\\\/cardiac.jpeg\",\"datePublished\":\"2025-08-04T09:45:15+00:00\",\"breadcrumb\":{\"@id\":\"https:\\\/\\\/somos-hermanos.mx\\\/index.php\\\/2025\\\/08\\\/04\\\/cardi-ayuda-con-labores-humanitarias-a-pacientes-de-la-cdmx\\\/#breadcrumb\"},\"inLanguage\":\"es\",\"potentialAction\":[{\"@type\":\"ReadAction\",\"target\":[\"https:\\\/\\\/somos-hermanos.mx\\\/index.php\\\/2025\\\/08\\\/04\\\/cardi-ayuda-con-labores-humanitarias-a-pacientes-de-la-cdmx\\\/\"]}]},{\"@type\":\"ImageObject\",\"inLanguage\":\"es\",\"@id\":\"https:\\\/\\\/somos-hermanos.mx\\\/index.php\\\/2025\\\/08\\\/04\\\/cardi-ayuda-con-labores-humanitarias-a-pacientes-de-la-cdmx\\\/#primaryimage\",\"url\":\"https:\\\/\\\/somos-hermanos.mx\\\/wp-content\\\/uploads\\\/2025\\\/08\\\/cardiac.jpeg\",\"contentUrl\":\"https:\\\/\\\/somos-hermanos.mx\\\/wp-content\\\/uploads\\\/2025\\\/08\\\/cardiac.jpeg\",\"width\":1600,\"height\":1066},{\"@type\":\"BreadcrumbList\",\"@id\":\"https:\\\/\\\/somos-hermanos.mx\\\/index.php\\\/2025\\\/08\\\/04\\\/cardi-ayuda-con-labores-humanitarias-a-pacientes-de-la-cdmx\\\/#breadcrumb\",\"itemListElement\":[{\"@type\":\"ListItem\",\"position\":1,\"name\":\"Inicio\",\"item\":\"https:\\\/\\\/somos-hermanos.mx\\\/\"},{\"@type\":\"ListItem\",\"position\":2,\"name\":\"CARDI ayuda con labores humanitarias a pacientes de la CDMX\"}]},{\"@type\":\"WebSite\",\"@id\":\"https:\\\/\\\/somos-hermanos.mx\\\/#website\",\"url\":\"https:\\\/\\\/somos-hermanos.mx\\\/\",\"name\":\"Historias que inspiran...\",\"description\":\"Somos la voz del altruismo en M\u00e9xico\",\"publisher\":{\"@id\":\"https:\\\/\\\/somos-hermanos.mx\\\/#organization\"},\"potentialAction\":[{\"@type\":\"SearchAction\",\"target\":{\"@type\":\"EntryPoint\",\"urlTemplate\":\"https:\\\/\\\/somos-hermanos.mx\\\/?s={search_term_string}\"},\"query-input\":{\"@type\":\"PropertyValueSpecification\",\"valueRequired\":true,\"valueName\":\"search_term_string\"}}],\"inLanguage\":\"es\"},{\"@type\":\"Organization\",\"@id\":\"https:\\\/\\\/somos-hermanos.mx\\\/#organization\",\"name\":\"Somos Hermanos\",\"url\":\"https:\\\/\\\/somos-hermanos.mx\\\/\",\"logo\":{\"@type\":\"ImageObject\",\"inLanguage\":\"es\",\"@id\":\"https:\\\/\\\/somos-hermanos.mx\\\/#\\\/schema\\\/logo\\\/image\\\/\",\"url\":\"https:\\\/\\\/somos-hermanos.mx\\\/wp-content\\\/uploads\\\/2025\\\/08\\\/SH30-1.jpeg\",\"contentUrl\":\"https:\\\/\\\/somos-hermanos.mx\\\/wp-content\\\/uploads\\\/2025\\\/08\\\/SH30-1.jpeg\",\"width\":1600,\"height\":1142,\"caption\":\"Somos Hermanos\"},\"image\":{\"@id\":\"https:\\\/\\\/somos-hermanos.mx\\\/#\\\/schema\\\/logo\\\/image\\\/\"},\"sameAs\":[\"https:\\\/\\\/www.facebook.com\\\/SomosHermanosIAP\\\/\",\"https:\\\/\\\/x.com\\\/Somos__Hermanos\",\"https:\\\/\\\/www.instagram.com\\\/somos__hermanos\\\/#\",\"https:\\\/\\\/www.tiktok.com\\\/@somoshermanosiap\",\"https:\\\/\\\/www.youtube.com\\\/@somoshermanosiap1201\\\/videos\"]},{\"@type\":\"Person\",\"@id\":\"https:\\\/\\\/somos-hermanos.mx\\\/#\\\/schema\\\/person\\\/0cd447ea54751f11595557ee49ac6f23\",\"name\":\"Jocelyn Guzm\u00e1n Mart\u00ednez\",\"image\":{\"@type\":\"ImageObject\",\"inLanguage\":\"es\",\"@id\":\"https:\\\/\\\/secure.gravatar.com\\\/avatar\\\/d5074038e8796d4eae4d9158911a66cce26c4f3f9e96ee6629aafc5c0638e08c?s=96&d=mm&r=g\",\"url\":\"https:\\\/\\\/secure.gravatar.com\\\/avatar\\\/d5074038e8796d4eae4d9158911a66cce26c4f3f9e96ee6629aafc5c0638e08c?s=96&d=mm&r=g\",\"contentUrl\":\"https:\\\/\\\/secure.gravatar.com\\\/avatar\\\/d5074038e8796d4eae4d9158911a66cce26c4f3f9e96ee6629aafc5c0638e08c?s=96&d=mm&r=g\",\"caption\":\"Jocelyn Guzm\u00e1n Mart\u00ednez\"},\"url\":\"https:\\\/\\\/somos-hermanos.mx\\\/index.php\\\/author\\\/jocelyn-guzman-martinez\\\/\"}]}<\/script>\n<!-- \/ Yoast SEO plugin. -->","yoast_head_json":{"title":"CARDI ayuda con labores humanitarias a pacientes de la CDMX - Historias que inspiran...","robots":{"index":"index","follow":"follow","max-snippet":"max-snippet:-1","max-image-preview":"max-image-preview:large","max-video-preview":"max-video-preview:-1"},"canonical":"https:\/\/somos-hermanos.mx\/index.php\/2025\/08\/04\/cardi-ayuda-con-labores-humanitarias-a-pacientes-de-la-cdmx\/","og_locale":"es_MX","og_type":"article","og_title":"CARDI ayuda con labores humanitarias a pacientes de la CDMX - Historias que inspiran...","og_description":"Entre las calles del coraz\u00f3n de una de las ciudades m\u00e1s grandes del mundo como lo es la Ciudad de M\u00e9xico, en la Colonia Doctores de la Alcald\u00eda Cuauht\u00e9moc, CARDI AC trabaja para la comunidad y las personas que vienen a los hospitales de la zona: Hospital General de M\u00e9xico, Hospital Infantil de M\u00e9xico Federico [&hellip;]","og_url":"https:\/\/somos-hermanos.mx\/index.php\/2025\/08\/04\/cardi-ayuda-con-labores-humanitarias-a-pacientes-de-la-cdmx\/","og_site_name":"Historias que inspiran...","article_publisher":"https:\/\/www.facebook.com\/SomosHermanosIAP\/","article_published_time":"2025-08-04T09:45:15+00:00","og_image":[{"width":1600,"height":1066,"url":"https:\/\/somos-hermanos.mx\/wp-content\/uploads\/2025\/08\/cardiac.jpeg","type":"image\/jpeg"}],"author":"Jocelyn Guzm\u00e1n Mart\u00ednez","twitter_card":"summary_large_image","twitter_creator":"@Somos__Hermanos","twitter_site":"@Somos__Hermanos","twitter_misc":{"Escrito por":"Jocelyn Guzm\u00e1n Mart\u00ednez","Tiempo de lectura":"2 minutos"},"schema":{"@context":"https:\/\/schema.org","@graph":[{"@type":"Article","@id":"https:\/\/somos-hermanos.mx\/index.php\/2025\/08\/04\/cardi-ayuda-con-labores-humanitarias-a-pacientes-de-la-cdmx\/#article","isPartOf":{"@id":"https:\/\/somos-hermanos.mx\/index.php\/2025\/08\/04\/cardi-ayuda-con-labores-humanitarias-a-pacientes-de-la-cdmx\/"},"author":{"name":"Jocelyn Guzm\u00e1n Mart\u00ednez","@id":"https:\/\/somos-hermanos.mx\/#\/schema\/person\/0cd447ea54751f11595557ee49ac6f23"},"headline":"CARDI ayuda con labores humanitarias a pacientes de la CDMX","datePublished":"2025-08-04T09:45:15+00:00","mainEntityOfPage":{"@id":"https:\/\/somos-hermanos.mx\/index.php\/2025\/08\/04\/cardi-ayuda-con-labores-humanitarias-a-pacientes-de-la-cdmx\/"},"wordCount":407,"commentCount":0,"publisher":{"@id":"https:\/\/somos-hermanos.mx\/#organization"},"image":{"@id":"https:\/\/somos-hermanos.mx\/index.php\/2025\/08\/04\/cardi-ayuda-con-labores-humanitarias-a-pacientes-de-la-cdmx\/#primaryimage"},"thumbnailUrl":"https:\/\/somos-hermanos.mx\/wp-content\/uploads\/2025\/08\/cardiac.jpeg","articleSection":["Noticias"],"inLanguage":"es","potentialAction":[{"@type":"CommentAction","name":"Comment","target":["https:\/\/somos-hermanos.mx\/index.php\/2025\/08\/04\/cardi-ayuda-con-labores-humanitarias-a-pacientes-de-la-cdmx\/#respond"]}]},{"@type":"WebPage","@id":"https:\/\/somos-hermanos.mx\/index.php\/2025\/08\/04\/cardi-ayuda-con-labores-humanitarias-a-pacientes-de-la-cdmx\/","url":"https:\/\/somos-hermanos.mx\/index.php\/2025\/08\/04\/cardi-ayuda-con-labores-humanitarias-a-pacientes-de-la-cdmx\/","name":"CARDI ayuda con labores humanitarias a pacientes de la CDMX - Historias que inspiran...","isPartOf":{"@id":"https:\/\/somos-hermanos.mx\/#website"},"primaryImageOfPage":{"@id":"https:\/\/somos-hermanos.mx\/index.php\/2025\/08\/04\/cardi-ayuda-con-labores-humanitarias-a-pacientes-de-la-cdmx\/#primaryimage"},"image":{"@id":"https:\/\/somos-hermanos.mx\/index.php\/2025\/08\/04\/cardi-ayuda-con-labores-humanitarias-a-pacientes-de-la-cdmx\/#primaryimage"},"thumbnailUrl":"https:\/\/somos-hermanos.mx\/wp-content\/uploads\/2025\/08\/cardiac.jpeg","datePublished":"2025-08-04T09:45:15+00:00","breadcrumb":{"@id":"https:\/\/somos-hermanos.mx\/index.php\/2025\/08\/04\/cardi-ayuda-con-labores-humanitarias-a-pacientes-de-la-cdmx\/#breadcrumb"},"inLanguage":"es","potentialAction":[{"@type":"ReadAction","target":["https:\/\/somos-hermanos.mx\/index.php\/2025\/08\/04\/cardi-ayuda-con-labores-humanitarias-a-pacientes-de-la-cdmx\/"]}]},{"@type":"ImageObject","inLanguage":"es","@id":"https:\/\/somos-hermanos.mx\/index.php\/2025\/08\/04\/cardi-ayuda-con-labores-humanitarias-a-pacientes-de-la-cdmx\/#primaryimage","url":"https:\/\/somos-hermanos.mx\/wp-content\/uploads\/2025\/08\/cardiac.jpeg","contentUrl":"https:\/\/somos-hermanos.mx\/wp-content\/uploads\/2025\/08\/cardiac.jpeg","width":1600,"height":1066},{"@type":"BreadcrumbList","@id":"https:\/\/somos-hermanos.mx\/index.php\/2025\/08\/04\/cardi-ayuda-con-labores-humanitarias-a-pacientes-de-la-cdmx\/#breadcrumb","itemListElement":[{"@type":"ListItem","position":1,"name":"Inicio","item":"https:\/\/somos-hermanos.mx\/"},{"@type":"ListItem","position":2,"name":"CARDI ayuda con labores humanitarias a pacientes de la CDMX"}]},{"@type":"WebSite","@id":"https:\/\/somos-hermanos.mx\/#website","url":"https:\/\/somos-hermanos.mx\/","name":"Historias que inspiran...","description":"Somos la voz del altruismo en M\u00e9xico","publisher":{"@id":"https:\/\/somos-hermanos.mx\/#organization"},"potentialAction":[{"@type":"SearchAction","target":{"@type":"EntryPoint","urlTemplate":"https:\/\/somos-hermanos.mx\/?s={search_term_string}"},"query-input":{"@type":"PropertyValueSpecification","valueRequired":true,"valueName":"search_term_string"}}],"inLanguage":"es"},{"@type":"Organization","@id":"https:\/\/somos-hermanos.mx\/#organization","name":"Somos Hermanos","url":"https:\/\/somos-hermanos.mx\/","logo":{"@type":"ImageObject","inLanguage":"es","@id":"https:\/\/somos-hermanos.mx\/#\/schema\/logo\/image\/","url":"https:\/\/somos-hermanos.mx\/wp-content\/uploads\/2025\/08\/SH30-1.jpeg","contentUrl":"https:\/\/somos-hermanos.mx\/wp-content\/uploads\/2025\/08\/SH30-1.jpeg","width":1600,"height":1142,"caption":"Somos Hermanos"},"image":{"@id":"https:\/\/somos-hermanos.mx\/#\/schema\/logo\/image\/"},"sameAs":["https:\/\/www.facebook.com\/SomosHermanosIAP\/","https:\/\/x.com\/Somos__Hermanos","https:\/\/www.instagram.com\/somos__hermanos\/#","https:\/\/www.tiktok.com\/@somoshermanosiap","https:\/\/www.youtube.com\/@somoshermanosiap1201\/videos"]},{"@type":"Person","@id":"https:\/\/somos-hermanos.mx\/#\/schema\/person\/0cd447ea54751f11595557ee49ac6f23","name":"Jocelyn Guzm\u00e1n Mart\u00ednez","image":{"@type":"ImageObject","inLanguage":"es","@id":"https:\/\/secure.gravatar.com\/avatar\/d5074038e8796d4eae4d9158911a66cce26c4f3f9e96ee6629aafc5c0638e08c?s=96&d=mm&r=g","url":"https:\/\/secure.gravatar.com\/avatar\/d5074038e8796d4eae4d9158911a66cce26c4f3f9e96ee6629aafc5c0638e08c?s=96&d=mm&r=g","contentUrl":"https:\/\/secure.gravatar.com\/avatar\/d5074038e8796d4eae4d9158911a66cce26c4f3f9e96ee6629aafc5c0638e08c?s=96&d=mm&r=g","caption":"Jocelyn Guzm\u00e1n Mart\u00ednez"},"url":"https:\/\/somos-hermanos.mx\/index.php\/author\/jocelyn-guzman-martinez\/"}]}},"_links":{"self":[{"href":"https:\/\/somos-hermanos.mx\/index.php\/wp-json\/wp\/v2\/posts\/960","targetHints":{"allow":["GET"]}}],"collection":[{"href":"https:\/\/somos-hermanos.mx\/index.php\/wp-json\/wp\/v2\/posts"}],"about":[{"href":"https:\/\/somos-hermanos.mx\/index.php\/wp-json\/wp\/v2\/types\/post"}],"author":[{"embeddable":true,"href":"https:\/\/somos-hermanos.mx\/index.php\/wp-json\/wp\/v2\/users\/28"}],"replies":[{"embeddable":true,"href":"https:\/\/somos-hermanos.mx\/index.php\/wp-json\/wp\/v2\/comments?post=960"}],"version-history":[{"count":1,"href":"https:\/\/somos-hermanos.mx\/index.php\/wp-json\/wp\/v2\/posts\/960\/revisions"}],"predecessor-version":[{"id":962,"href":"https:\/\/somos-hermanos.mx\/index.php\/wp-json\/wp\/v2\/posts\/960\/revisions\/962"}],"wp:featuredmedia":[{"embeddable":true,"href":"https:\/\/somos-hermanos.mx\/index.php\/wp-json\/wp\/v2\/media\/961"}],"wp:attachment":[{"href":"https:\/\/somos-hermanos.mx\/index.php\/wp-json\/wp\/v2\/media?parent=960"}],"wp:term":[{"taxonomy":"category","embeddable":true,"href":"https:\/\/somos-hermanos.mx\/index.php\/wp-json\/wp\/v2\/categories?post=960"},{"taxonomy":"post_tag","embeddable":true,"href":"https:\/\/somos-hermanos.mx\/index.php\/wp-json\/wp\/v2\/tags?post=960"}],"curies":[{"name":"wp","href":"https:\/\/api.w.org\/{rel}","templated":true}]}}