{"id":954,"date":"2025-08-04T03:41:42","date_gmt":"2025-08-04T09:41:42","guid":{"rendered":"https:\/\/somos-hermanos.mx\/?p=954"},"modified":"2025-08-04T03:41:42","modified_gmt":"2025-08-04T09:41:42","slug":"la-discapacidad-motriz-la-mas-frecuente-en-mexico","status":"publish","type":"post","link":"https:\/\/somos-hermanos.mx\/index.php\/2025\/08\/04\/la-discapacidad-motriz-la-mas-frecuente-en-mexico\/","title":{"rendered":"La discapacidad motriz la m\u00e1s frecuente en M\u00e9xico"},"content":{"rendered":"<p>Muchas personas al ver a alguien con discapacidad motriz causada por un accidente o por nacimiento, <strong>creen que no tienen la capacidad para realizar alg\u00fan trabajo o cualquier otra actividad, <\/strong>sin considerar que se puede desarrollar habilidades que permitan realizarlo como cualquier otro individuo.<\/p>\n<p>S\u00f3lo se necesita que existan instituciones, agrupaciones y escuelas que los ayuden a integrar alguna ayuda t\u00e9cnica que supla la parte del cuerpo afectada, o reintegrar sus habilidades a trav\u00e9s de terapias. Sin perder de vista que las personas con discapacidad motriz enfrentan no solo las barreras f\u00edsicas y sociales que limitan su participaci\u00f3n.<\/p>\n<p>En nuestro pa\u00eds, seg\u00fan el INEGI, la discapacidad motriz es la m\u00e1s frecuente, <strong>afectando al 6% de la poblaci\u00f3n<\/strong>, mientras que<strong>\u00a0<\/strong>el Centro de Poblaci\u00f3n y vivienda 2020 se\u00f1ala que existen <strong>8,096,386 personas que tienen dificultad para caminar, <\/strong>sin embargo, estas instituciones reconocen que no hay cifras reales, ya que una persona puede presentar diversas discapacidades.<\/p>\n<p>Por lo anterior, FHADI es una de las instituciones de Asistencia Privada fundada en 1997 por Mar\u00eda Antonieta Osornio Ram\u00edrez, para ayudar a este sector de la poblaci\u00f3n, cuya motivaci\u00f3n fue las secuelas que le dej\u00f3 un accidente, del cual sali\u00f3 muy fortalecida.<\/p>\n<p>Fue entonces que Osornio Ram\u00edrez decidi\u00f3 junto con un grupo de personas interesadas sumar a la causa, de las personas con discapacidad motriz.<\/p>\n<p>La misi\u00f3n de FAHDI es promover y trasmitir a la persona en condici\u00f3n de discapacidad motora, las herramientas, conocimientos, experiencias y motivaci\u00f3n para que logre incluirse en la sociedad y a la vida productiva, de forma responsable, independiente y digna.<\/p>\n<p>En sus 26 a\u00f1os de trayectoria, la instituci\u00f3n ha tejido una red de apoyo que ha transformado m\u00e1s de tres mil vidas, entre sus programas se encuentra la\u00a0<strong><b>Rehabilitaci\u00f3n Psicol\u00f3gica,<\/b><\/strong>\u00a0que fortalece la autopercepci\u00f3n y la seguridad, ofreciendo nuevas perspectivas para abordar y resolver los desaf\u00edos personales y profesionales.<\/p>\n<p>Otro pilar fundamental es el\u00a0<strong><b>Taller de Manejo de Silla de Ruedas,<\/b><\/strong>\u00a0impartido por la Organizaci\u00f3n Internacional Vida Independiente para Personas con Discapacidad AC (VIM), donde\u00a0<strong><b>los participantes aprenden de instructores que, al igual que ellos, utilizan silla de ruedas.\u00a0<\/b><\/strong>Este programa no solo mejora las habilidades pr\u00e1cticas, sino que tambi\u00e9n fomenta una red de apoyo y empat\u00eda.<\/p>\n<p>Esta instituci\u00f3n como otra, son muy importantes para atender a la poblaci\u00f3n que han sido afectadas y que requieren una atenci\u00f3n de calidad con calidez, en un mundo tan diverso y desigual.<\/p>\n","protected":false},"excerpt":{"rendered":"<p>Muchas personas al ver a alguien con discapacidad motriz causada por un accidente o por nacimiento, creen que no tienen la capacidad para realizar alg\u00fan trabajo o cualquier otra actividad, sin considerar que se puede desarrollar habilidades que permitan realizarlo como cualquier otro individuo. S\u00f3lo se necesita que existan instituciones, agrupaciones y escuelas que los [&hellip;]<\/p>\n","protected":false},"author":27,"featured_media":955,"comment_status":"open","ping_status":"closed","sticky":false,"template":"","format":"standard","meta":{"footnotes":""},"categories":[6],"tags":[],"class_list":["post-954","post","type-post","status-publish","format-standard","has-post-thumbnail","hentry","category-noticias"],"yoast_head":"<!-- This site is optimized with the Yoast SEO plugin v27.5 - https:\/\/yoast.com\/product\/yoast-seo-wordpress\/ -->\n<title>La discapacidad motriz la m\u00e1s frecuente en M\u00e9xico - Historias que inspiran...<\/title>\n<meta name=\"robots\" content=\"index, follow, max-snippet:-1, max-image-preview:large, max-video-preview:-1\" \/>\n<link rel=\"canonical\" href=\"https:\/\/somos-hermanos.mx\/index.php\/2025\/08\/04\/la-discapacidad-motriz-la-mas-frecuente-en-mexico\/\" \/>\n<meta property=\"og:locale\" content=\"es_MX\" \/>\n<meta property=\"og:type\" content=\"article\" \/>\n<meta property=\"og:title\" content=\"La discapacidad motriz la m\u00e1s frecuente en M\u00e9xico - Historias que inspiran...\" \/>\n<meta property=\"og:description\" content=\"Muchas personas al ver a alguien con discapacidad motriz causada por un accidente o por nacimiento, creen que no tienen la capacidad para realizar alg\u00fan trabajo o cualquier otra actividad, sin considerar que se puede desarrollar habilidades que permitan realizarlo como cualquier otro individuo. S\u00f3lo se necesita que existan instituciones, agrupaciones y escuelas que los [&hellip;]\" \/>\n<meta property=\"og:url\" content=\"https:\/\/somos-hermanos.mx\/index.php\/2025\/08\/04\/la-discapacidad-motriz-la-mas-frecuente-en-mexico\/\" \/>\n<meta property=\"og:site_name\" content=\"Historias que inspiran...\" \/>\n<meta property=\"article:publisher\" content=\"https:\/\/www.facebook.com\/SomosHermanosIAP\/\" \/>\n<meta property=\"article:published_time\" content=\"2025-08-04T09:41:42+00:00\" \/>\n<meta property=\"og:image\" content=\"https:\/\/somos-hermanos.mx\/wp-content\/uploads\/2025\/08\/fhadi2.jpeg\" \/>\n\t<meta property=\"og:image:width\" content=\"1170\" \/>\n\t<meta property=\"og:image:height\" content=\"1170\" \/>\n\t<meta property=\"og:image:type\" content=\"image\/jpeg\" \/>\n<meta name=\"author\" content=\"Beatriz Chora Guzm\u00e1n\" \/>\n<meta name=\"twitter:card\" content=\"summary_large_image\" \/>\n<meta name=\"twitter:creator\" content=\"@Somos__Hermanos\" \/>\n<meta name=\"twitter:site\" content=\"@Somos__Hermanos\" \/>\n<meta name=\"twitter:label1\" content=\"Escrito por\" \/>\n\t<meta name=\"twitter:data1\" content=\"Beatriz Chora Guzm\u00e1n\" \/>\n\t<meta name=\"twitter:label2\" content=\"Tiempo de lectura\" \/>\n\t<meta name=\"twitter:data2\" content=\"2 minutos\" \/>\n<script type=\"application\/ld+json\" class=\"yoast-schema-graph\">{\"@context\":\"https:\\\/\\\/schema.org\",\"@graph\":[{\"@type\":\"Article\",\"@id\":\"https:\\\/\\\/somos-hermanos.mx\\\/index.php\\\/2025\\\/08\\\/04\\\/la-discapacidad-motriz-la-mas-frecuente-en-mexico\\\/#article\",\"isPartOf\":{\"@id\":\"https:\\\/\\\/somos-hermanos.mx\\\/index.php\\\/2025\\\/08\\\/04\\\/la-discapacidad-motriz-la-mas-frecuente-en-mexico\\\/\"},\"author\":{\"name\":\"Beatriz Chora Guzm\u00e1n\",\"@id\":\"https:\\\/\\\/somos-hermanos.mx\\\/#\\\/schema\\\/person\\\/b19b77952ccfcc29216b64875087fd1d\"},\"headline\":\"La discapacidad motriz la m\u00e1s frecuente en M\u00e9xico\",\"datePublished\":\"2025-08-04T09:41:42+00:00\",\"mainEntityOfPage\":{\"@id\":\"https:\\\/\\\/somos-hermanos.mx\\\/index.php\\\/2025\\\/08\\\/04\\\/la-discapacidad-motriz-la-mas-frecuente-en-mexico\\\/\"},\"wordCount\":438,\"commentCount\":0,\"publisher\":{\"@id\":\"https:\\\/\\\/somos-hermanos.mx\\\/#organization\"},\"image\":{\"@id\":\"https:\\\/\\\/somos-hermanos.mx\\\/index.php\\\/2025\\\/08\\\/04\\\/la-discapacidad-motriz-la-mas-frecuente-en-mexico\\\/#primaryimage\"},\"thumbnailUrl\":\"https:\\\/\\\/somos-hermanos.mx\\\/wp-content\\\/uploads\\\/2025\\\/08\\\/fhadi2.jpeg\",\"articleSection\":[\"Noticias\"],\"inLanguage\":\"es\",\"potentialAction\":[{\"@type\":\"CommentAction\",\"name\":\"Comment\",\"target\":[\"https:\\\/\\\/somos-hermanos.mx\\\/index.php\\\/2025\\\/08\\\/04\\\/la-discapacidad-motriz-la-mas-frecuente-en-mexico\\\/#respond\"]}]},{\"@type\":\"WebPage\",\"@id\":\"https:\\\/\\\/somos-hermanos.mx\\\/index.php\\\/2025\\\/08\\\/04\\\/la-discapacidad-motriz-la-mas-frecuente-en-mexico\\\/\",\"url\":\"https:\\\/\\\/somos-hermanos.mx\\\/index.php\\\/2025\\\/08\\\/04\\\/la-discapacidad-motriz-la-mas-frecuente-en-mexico\\\/\",\"name\":\"La discapacidad motriz la m\u00e1s frecuente en M\u00e9xico - Historias que inspiran...\",\"isPartOf\":{\"@id\":\"https:\\\/\\\/somos-hermanos.mx\\\/#website\"},\"primaryImageOfPage\":{\"@id\":\"https:\\\/\\\/somos-hermanos.mx\\\/index.php\\\/2025\\\/08\\\/04\\\/la-discapacidad-motriz-la-mas-frecuente-en-mexico\\\/#primaryimage\"},\"image\":{\"@id\":\"https:\\\/\\\/somos-hermanos.mx\\\/index.php\\\/2025\\\/08\\\/04\\\/la-discapacidad-motriz-la-mas-frecuente-en-mexico\\\/#primaryimage\"},\"thumbnailUrl\":\"https:\\\/\\\/somos-hermanos.mx\\\/wp-content\\\/uploads\\\/2025\\\/08\\\/fhadi2.jpeg\",\"datePublished\":\"2025-08-04T09:41:42+00:00\",\"breadcrumb\":{\"@id\":\"https:\\\/\\\/somos-hermanos.mx\\\/index.php\\\/2025\\\/08\\\/04\\\/la-discapacidad-motriz-la-mas-frecuente-en-mexico\\\/#breadcrumb\"},\"inLanguage\":\"es\",\"potentialAction\":[{\"@type\":\"ReadAction\",\"target\":[\"https:\\\/\\\/somos-hermanos.mx\\\/index.php\\\/2025\\\/08\\\/04\\\/la-discapacidad-motriz-la-mas-frecuente-en-mexico\\\/\"]}]},{\"@type\":\"ImageObject\",\"inLanguage\":\"es\",\"@id\":\"https:\\\/\\\/somos-hermanos.mx\\\/index.php\\\/2025\\\/08\\\/04\\\/la-discapacidad-motriz-la-mas-frecuente-en-mexico\\\/#primaryimage\",\"url\":\"https:\\\/\\\/somos-hermanos.mx\\\/wp-content\\\/uploads\\\/2025\\\/08\\\/fhadi2.jpeg\",\"contentUrl\":\"https:\\\/\\\/somos-hermanos.mx\\\/wp-content\\\/uploads\\\/2025\\\/08\\\/fhadi2.jpeg\",\"width\":1170,\"height\":1170},{\"@type\":\"BreadcrumbList\",\"@id\":\"https:\\\/\\\/somos-hermanos.mx\\\/index.php\\\/2025\\\/08\\\/04\\\/la-discapacidad-motriz-la-mas-frecuente-en-mexico\\\/#breadcrumb\",\"itemListElement\":[{\"@type\":\"ListItem\",\"position\":1,\"name\":\"Inicio\",\"item\":\"https:\\\/\\\/somos-hermanos.mx\\\/\"},{\"@type\":\"ListItem\",\"position\":2,\"name\":\"La discapacidad motriz la m\u00e1s frecuente en M\u00e9xico\"}]},{\"@type\":\"WebSite\",\"@id\":\"https:\\\/\\\/somos-hermanos.mx\\\/#website\",\"url\":\"https:\\\/\\\/somos-hermanos.mx\\\/\",\"name\":\"Historias que inspiran...\",\"description\":\"Somos la voz del altruismo en M\u00e9xico\",\"publisher\":{\"@id\":\"https:\\\/\\\/somos-hermanos.mx\\\/#organization\"},\"potentialAction\":[{\"@type\":\"SearchAction\",\"target\":{\"@type\":\"EntryPoint\",\"urlTemplate\":\"https:\\\/\\\/somos-hermanos.mx\\\/?s={search_term_string}\"},\"query-input\":{\"@type\":\"PropertyValueSpecification\",\"valueRequired\":true,\"valueName\":\"search_term_string\"}}],\"inLanguage\":\"es\"},{\"@type\":\"Organization\",\"@id\":\"https:\\\/\\\/somos-hermanos.mx\\\/#organization\",\"name\":\"Somos Hermanos\",\"url\":\"https:\\\/\\\/somos-hermanos.mx\\\/\",\"logo\":{\"@type\":\"ImageObject\",\"inLanguage\":\"es\",\"@id\":\"https:\\\/\\\/somos-hermanos.mx\\\/#\\\/schema\\\/logo\\\/image\\\/\",\"url\":\"https:\\\/\\\/somos-hermanos.mx\\\/wp-content\\\/uploads\\\/2025\\\/08\\\/SH30-1.jpeg\",\"contentUrl\":\"https:\\\/\\\/somos-hermanos.mx\\\/wp-content\\\/uploads\\\/2025\\\/08\\\/SH30-1.jpeg\",\"width\":1600,\"height\":1142,\"caption\":\"Somos Hermanos\"},\"image\":{\"@id\":\"https:\\\/\\\/somos-hermanos.mx\\\/#\\\/schema\\\/logo\\\/image\\\/\"},\"sameAs\":[\"https:\\\/\\\/www.facebook.com\\\/SomosHermanosIAP\\\/\",\"https:\\\/\\\/x.com\\\/Somos__Hermanos\",\"https:\\\/\\\/www.instagram.com\\\/somos__hermanos\\\/#\",\"https:\\\/\\\/www.tiktok.com\\\/@somoshermanosiap\",\"https:\\\/\\\/www.youtube.com\\\/@somoshermanosiap1201\\\/videos\"]},{\"@type\":\"Person\",\"@id\":\"https:\\\/\\\/somos-hermanos.mx\\\/#\\\/schema\\\/person\\\/b19b77952ccfcc29216b64875087fd1d\",\"name\":\"Beatriz Chora Guzm\u00e1n\",\"image\":{\"@type\":\"ImageObject\",\"inLanguage\":\"es\",\"@id\":\"https:\\\/\\\/secure.gravatar.com\\\/avatar\\\/989d787ee1763c8a47386fa8fc7a28b2ca0543ace37e917230a50f8165df7e6c?s=96&d=mm&r=g\",\"url\":\"https:\\\/\\\/secure.gravatar.com\\\/avatar\\\/989d787ee1763c8a47386fa8fc7a28b2ca0543ace37e917230a50f8165df7e6c?s=96&d=mm&r=g\",\"contentUrl\":\"https:\\\/\\\/secure.gravatar.com\\\/avatar\\\/989d787ee1763c8a47386fa8fc7a28b2ca0543ace37e917230a50f8165df7e6c?s=96&d=mm&r=g\",\"caption\":\"Beatriz Chora Guzm\u00e1n\"},\"url\":\"https:\\\/\\\/somos-hermanos.mx\\\/index.php\\\/author\\\/beatriz-chora-guzman\\\/\"}]}<\/script>\n<!-- \/ Yoast SEO plugin. -->","yoast_head_json":{"title":"La discapacidad motriz la m\u00e1s frecuente en M\u00e9xico - Historias que inspiran...","robots":{"index":"index","follow":"follow","max-snippet":"max-snippet:-1","max-image-preview":"max-image-preview:large","max-video-preview":"max-video-preview:-1"},"canonical":"https:\/\/somos-hermanos.mx\/index.php\/2025\/08\/04\/la-discapacidad-motriz-la-mas-frecuente-en-mexico\/","og_locale":"es_MX","og_type":"article","og_title":"La discapacidad motriz la m\u00e1s frecuente en M\u00e9xico - Historias que inspiran...","og_description":"Muchas personas al ver a alguien con discapacidad motriz causada por un accidente o por nacimiento, creen que no tienen la capacidad para realizar alg\u00fan trabajo o cualquier otra actividad, sin considerar que se puede desarrollar habilidades que permitan realizarlo como cualquier otro individuo. S\u00f3lo se necesita que existan instituciones, agrupaciones y escuelas que los [&hellip;]","og_url":"https:\/\/somos-hermanos.mx\/index.php\/2025\/08\/04\/la-discapacidad-motriz-la-mas-frecuente-en-mexico\/","og_site_name":"Historias que inspiran...","article_publisher":"https:\/\/www.facebook.com\/SomosHermanosIAP\/","article_published_time":"2025-08-04T09:41:42+00:00","og_image":[{"width":1170,"height":1170,"url":"https:\/\/somos-hermanos.mx\/wp-content\/uploads\/2025\/08\/fhadi2.jpeg","type":"image\/jpeg"}],"author":"Beatriz Chora Guzm\u00e1n","twitter_card":"summary_large_image","twitter_creator":"@Somos__Hermanos","twitter_site":"@Somos__Hermanos","twitter_misc":{"Escrito por":"Beatriz Chora Guzm\u00e1n","Tiempo de lectura":"2 minutos"},"schema":{"@context":"https:\/\/schema.org","@graph":[{"@type":"Article","@id":"https:\/\/somos-hermanos.mx\/index.php\/2025\/08\/04\/la-discapacidad-motriz-la-mas-frecuente-en-mexico\/#article","isPartOf":{"@id":"https:\/\/somos-hermanos.mx\/index.php\/2025\/08\/04\/la-discapacidad-motriz-la-mas-frecuente-en-mexico\/"},"author":{"name":"Beatriz Chora Guzm\u00e1n","@id":"https:\/\/somos-hermanos.mx\/#\/schema\/person\/b19b77952ccfcc29216b64875087fd1d"},"headline":"La discapacidad motriz la m\u00e1s frecuente en M\u00e9xico","datePublished":"2025-08-04T09:41:42+00:00","mainEntityOfPage":{"@id":"https:\/\/somos-hermanos.mx\/index.php\/2025\/08\/04\/la-discapacidad-motriz-la-mas-frecuente-en-mexico\/"},"wordCount":438,"commentCount":0,"publisher":{"@id":"https:\/\/somos-hermanos.mx\/#organization"},"image":{"@id":"https:\/\/somos-hermanos.mx\/index.php\/2025\/08\/04\/la-discapacidad-motriz-la-mas-frecuente-en-mexico\/#primaryimage"},"thumbnailUrl":"https:\/\/somos-hermanos.mx\/wp-content\/uploads\/2025\/08\/fhadi2.jpeg","articleSection":["Noticias"],"inLanguage":"es","potentialAction":[{"@type":"CommentAction","name":"Comment","target":["https:\/\/somos-hermanos.mx\/index.php\/2025\/08\/04\/la-discapacidad-motriz-la-mas-frecuente-en-mexico\/#respond"]}]},{"@type":"WebPage","@id":"https:\/\/somos-hermanos.mx\/index.php\/2025\/08\/04\/la-discapacidad-motriz-la-mas-frecuente-en-mexico\/","url":"https:\/\/somos-hermanos.mx\/index.php\/2025\/08\/04\/la-discapacidad-motriz-la-mas-frecuente-en-mexico\/","name":"La discapacidad motriz la m\u00e1s frecuente en M\u00e9xico - Historias que inspiran...","isPartOf":{"@id":"https:\/\/somos-hermanos.mx\/#website"},"primaryImageOfPage":{"@id":"https:\/\/somos-hermanos.mx\/index.php\/2025\/08\/04\/la-discapacidad-motriz-la-mas-frecuente-en-mexico\/#primaryimage"},"image":{"@id":"https:\/\/somos-hermanos.mx\/index.php\/2025\/08\/04\/la-discapacidad-motriz-la-mas-frecuente-en-mexico\/#primaryimage"},"thumbnailUrl":"https:\/\/somos-hermanos.mx\/wp-content\/uploads\/2025\/08\/fhadi2.jpeg","datePublished":"2025-08-04T09:41:42+00:00","breadcrumb":{"@id":"https:\/\/somos-hermanos.mx\/index.php\/2025\/08\/04\/la-discapacidad-motriz-la-mas-frecuente-en-mexico\/#breadcrumb"},"inLanguage":"es","potentialAction":[{"@type":"ReadAction","target":["https:\/\/somos-hermanos.mx\/index.php\/2025\/08\/04\/la-discapacidad-motriz-la-mas-frecuente-en-mexico\/"]}]},{"@type":"ImageObject","inLanguage":"es","@id":"https:\/\/somos-hermanos.mx\/index.php\/2025\/08\/04\/la-discapacidad-motriz-la-mas-frecuente-en-mexico\/#primaryimage","url":"https:\/\/somos-hermanos.mx\/wp-content\/uploads\/2025\/08\/fhadi2.jpeg","contentUrl":"https:\/\/somos-hermanos.mx\/wp-content\/uploads\/2025\/08\/fhadi2.jpeg","width":1170,"height":1170},{"@type":"BreadcrumbList","@id":"https:\/\/somos-hermanos.mx\/index.php\/2025\/08\/04\/la-discapacidad-motriz-la-mas-frecuente-en-mexico\/#breadcrumb","itemListElement":[{"@type":"ListItem","position":1,"name":"Inicio","item":"https:\/\/somos-hermanos.mx\/"},{"@type":"ListItem","position":2,"name":"La discapacidad motriz la m\u00e1s frecuente en M\u00e9xico"}]},{"@type":"WebSite","@id":"https:\/\/somos-hermanos.mx\/#website","url":"https:\/\/somos-hermanos.mx\/","name":"Historias que inspiran...","description":"Somos la voz del altruismo en M\u00e9xico","publisher":{"@id":"https:\/\/somos-hermanos.mx\/#organization"},"potentialAction":[{"@type":"SearchAction","target":{"@type":"EntryPoint","urlTemplate":"https:\/\/somos-hermanos.mx\/?s={search_term_string}"},"query-input":{"@type":"PropertyValueSpecification","valueRequired":true,"valueName":"search_term_string"}}],"inLanguage":"es"},{"@type":"Organization","@id":"https:\/\/somos-hermanos.mx\/#organization","name":"Somos Hermanos","url":"https:\/\/somos-hermanos.mx\/","logo":{"@type":"ImageObject","inLanguage":"es","@id":"https:\/\/somos-hermanos.mx\/#\/schema\/logo\/image\/","url":"https:\/\/somos-hermanos.mx\/wp-content\/uploads\/2025\/08\/SH30-1.jpeg","contentUrl":"https:\/\/somos-hermanos.mx\/wp-content\/uploads\/2025\/08\/SH30-1.jpeg","width":1600,"height":1142,"caption":"Somos Hermanos"},"image":{"@id":"https:\/\/somos-hermanos.mx\/#\/schema\/logo\/image\/"},"sameAs":["https:\/\/www.facebook.com\/SomosHermanosIAP\/","https:\/\/x.com\/Somos__Hermanos","https:\/\/www.instagram.com\/somos__hermanos\/#","https:\/\/www.tiktok.com\/@somoshermanosiap","https:\/\/www.youtube.com\/@somoshermanosiap1201\/videos"]},{"@type":"Person","@id":"https:\/\/somos-hermanos.mx\/#\/schema\/person\/b19b77952ccfcc29216b64875087fd1d","name":"Beatriz Chora Guzm\u00e1n","image":{"@type":"ImageObject","inLanguage":"es","@id":"https:\/\/secure.gravatar.com\/avatar\/989d787ee1763c8a47386fa8fc7a28b2ca0543ace37e917230a50f8165df7e6c?s=96&d=mm&r=g","url":"https:\/\/secure.gravatar.com\/avatar\/989d787ee1763c8a47386fa8fc7a28b2ca0543ace37e917230a50f8165df7e6c?s=96&d=mm&r=g","contentUrl":"https:\/\/secure.gravatar.com\/avatar\/989d787ee1763c8a47386fa8fc7a28b2ca0543ace37e917230a50f8165df7e6c?s=96&d=mm&r=g","caption":"Beatriz Chora Guzm\u00e1n"},"url":"https:\/\/somos-hermanos.mx\/index.php\/author\/beatriz-chora-guzman\/"}]}},"_links":{"self":[{"href":"https:\/\/somos-hermanos.mx\/index.php\/wp-json\/wp\/v2\/posts\/954","targetHints":{"allow":["GET"]}}],"collection":[{"href":"https:\/\/somos-hermanos.mx\/index.php\/wp-json\/wp\/v2\/posts"}],"about":[{"href":"https:\/\/somos-hermanos.mx\/index.php\/wp-json\/wp\/v2\/types\/post"}],"author":[{"embeddable":true,"href":"https:\/\/somos-hermanos.mx\/index.php\/wp-json\/wp\/v2\/users\/27"}],"replies":[{"embeddable":true,"href":"https:\/\/somos-hermanos.mx\/index.php\/wp-json\/wp\/v2\/comments?post=954"}],"version-history":[{"count":1,"href":"https:\/\/somos-hermanos.mx\/index.php\/wp-json\/wp\/v2\/posts\/954\/revisions"}],"predecessor-version":[{"id":956,"href":"https:\/\/somos-hermanos.mx\/index.php\/wp-json\/wp\/v2\/posts\/954\/revisions\/956"}],"wp:featuredmedia":[{"embeddable":true,"href":"https:\/\/somos-hermanos.mx\/index.php\/wp-json\/wp\/v2\/media\/955"}],"wp:attachment":[{"href":"https:\/\/somos-hermanos.mx\/index.php\/wp-json\/wp\/v2\/media?parent=954"}],"wp:term":[{"taxonomy":"category","embeddable":true,"href":"https:\/\/somos-hermanos.mx\/index.php\/wp-json\/wp\/v2\/categories?post=954"},{"taxonomy":"post_tag","embeddable":true,"href":"https:\/\/somos-hermanos.mx\/index.php\/wp-json\/wp\/v2\/tags?post=954"}],"curies":[{"name":"wp","href":"https:\/\/api.w.org\/{rel}","templated":true}]}}