{"id":948,"date":"2025-08-04T03:37:40","date_gmt":"2025-08-04T09:37:40","guid":{"rendered":"https:\/\/somos-hermanos.mx\/?p=948"},"modified":"2025-08-04T03:37:40","modified_gmt":"2025-08-04T09:37:40","slug":"sabias-que-educacion-y-esperanza-para-quienes-mas-lo-necesitan","status":"publish","type":"post","link":"https:\/\/somos-hermanos.mx\/index.php\/2025\/08\/04\/sabias-que-educacion-y-esperanza-para-quienes-mas-lo-necesitan\/","title":{"rendered":"\u00bfSab\u00edas que?: educaci\u00f3n y esperanza para quienes m\u00e1s lo necesitan"},"content":{"rendered":"<p>La Fundaci\u00f3n \u201c\u00bfSab\u00edas que?\u201d es una instituci\u00f3n de beneficencia privada que <strong>trabaja incansablemente para mejorar las condiciones de vida de las comunidades m\u00e1s vulnerables a trav\u00e9s de la educaci\u00f3n. <\/strong>Su compromiso nace de la firme creencia de que el desarrollo social comienza con el conocimiento, y que es posible transformar la realidad de muchas personas mediante el acceso a oportunidades educativas.<\/p>\n<p>Trabaja bajo una misi\u00f3n bien definida: <strong>impulsar el desarrollo integral de ni\u00f1os y j\u00f3venes en situaci\u00f3n de vulnerabilidad mediante acciones educativas no convencionales.<\/strong>\u00a0Estos programas, lejos de replicar el modelo tradicional, buscan compensar las carencias del sistema formal, adapt\u00e1ndose a las necesidades particulares de cada comunidad.<\/p>\n<p>Su enfoque est\u00e1 centrado en generar autonom\u00eda intelectual y fomentar la capacidad de an\u00e1lisis, habilidades que resultan fundamentales en la construcci\u00f3n de ciudadanos activos y responsables.<\/p>\n<p>A futuro, la Fundaci\u00f3n \u201c\u00bfSab\u00edas que?\u201d se proyecta como una instituci\u00f3n autosostenible que opere a trav\u00e9s de una red de colaboraci\u00f3n a nivel global. Esta visi\u00f3n contempla tanto la consolidaci\u00f3n de su estructura interna como el fortalecimiento de alianzas estrat\u00e9gicas con actores sociales, organismos nacionales e internacionales, y voluntarios comprometidos con el bienestar colectivo.<\/p>\n<p>Parte esencial de esta visi\u00f3n es tambi\u00e9n la interacci\u00f3n directa con los sujetos de derecho, es decir, las personas beneficiadas por los programas, garantizando as\u00ed una labor transparente, participativa y efectiva.<\/p>\n<p>Para materializar sus objetivos, la fundaci\u00f3n organiza de forma regular eventos sociales, culturales y deportivos. Estas actividades tienen un doble prop\u00f3sito: por un lado, servir como espacios de integraci\u00f3n comunitaria y, por otro, actuar como fuentes de financiamiento.<\/p>\n<p>Gracias a la generosidad de la sociedad civil, <strong>han logrado llevar a cabo m\u00faltiples iniciativas exitosas que han permitido ampliar el alcance de sus programas. <\/strong>Cada evento representa un pelda\u00f1o m\u00e1s hacia la meta com\u00fan de garantizar el acceso a una educaci\u00f3n digna.<\/p>\n<p>Existen dos formas principales de apoyar esta causa: la primera, mediante donaciones directas a su cuenta de PayPal, destinadas \u00edntegramente a proyectos educativos para ni\u00f1os en situaci\u00f3n de vulnerabilidad, adem\u00e1s del apoyo econ\u00f3mico, la fundaci\u00f3n promueve activamente el voluntariado como una forma significativa de colaboraci\u00f3n.<\/p>\n<p>Las personas interesadas pueden sumarse a esta causa brindando su tiempo en distintas \u00e1reas operativas de la organizaci\u00f3n. Desde labores administrativas hasta actividades en campo, cada contribuci\u00f3n representa un eslab\u00f3n clave en la cadena de ayuda que impulsa la transformaci\u00f3n social.<\/p>\n<p>En un pa\u00eds donde a\u00fan persisten profundas desigualdades, iniciativas como la de \u201c\u00bfSab\u00edas que?\u201d representan un faro de esperanza y un llamado a la acci\u00f3n colectiva. Porque transformar vidas a trav\u00e9s de la educaci\u00f3n no es solo una meta: es una necesidad urgente.<\/p>\n","protected":false},"excerpt":{"rendered":"<p>La Fundaci\u00f3n \u201c\u00bfSab\u00edas que?\u201d es una instituci\u00f3n de beneficencia privada que trabaja incansablemente para mejorar las condiciones de vida de las comunidades m\u00e1s vulnerables a trav\u00e9s de la educaci\u00f3n. Su compromiso nace de la firme creencia de que el desarrollo social comienza con el conocimiento, y que es posible transformar la realidad de muchas personas [&hellip;]<\/p>\n","protected":false},"author":24,"featured_media":949,"comment_status":"open","ping_status":"closed","sticky":false,"template":"","format":"standard","meta":{"footnotes":""},"categories":[6],"tags":[],"class_list":["post-948","post","type-post","status-publish","format-standard","has-post-thumbnail","hentry","category-noticias"],"yoast_head":"<!-- This site is optimized with the Yoast SEO plugin v27.5 - https:\/\/yoast.com\/product\/yoast-seo-wordpress\/ -->\n<title>\u00bfSab\u00edas que?: educaci\u00f3n y esperanza para quienes m\u00e1s lo necesitan - Historias que inspiran...<\/title>\n<meta name=\"robots\" content=\"index, follow, max-snippet:-1, max-image-preview:large, max-video-preview:-1\" \/>\n<link rel=\"canonical\" href=\"https:\/\/somos-hermanos.mx\/index.php\/2025\/08\/04\/sabias-que-educacion-y-esperanza-para-quienes-mas-lo-necesitan\/\" \/>\n<meta property=\"og:locale\" content=\"es_MX\" \/>\n<meta property=\"og:type\" content=\"article\" \/>\n<meta property=\"og:title\" content=\"\u00bfSab\u00edas que?: educaci\u00f3n y esperanza para quienes m\u00e1s lo necesitan - Historias que inspiran...\" \/>\n<meta property=\"og:description\" content=\"La Fundaci\u00f3n \u201c\u00bfSab\u00edas que?\u201d es una instituci\u00f3n de beneficencia privada que trabaja incansablemente para mejorar las condiciones de vida de las comunidades m\u00e1s vulnerables a trav\u00e9s de la educaci\u00f3n. Su compromiso nace de la firme creencia de que el desarrollo social comienza con el conocimiento, y que es posible transformar la realidad de muchas personas [&hellip;]\" \/>\n<meta property=\"og:url\" content=\"https:\/\/somos-hermanos.mx\/index.php\/2025\/08\/04\/sabias-que-educacion-y-esperanza-para-quienes-mas-lo-necesitan\/\" \/>\n<meta property=\"og:site_name\" content=\"Historias que inspiran...\" \/>\n<meta property=\"article:publisher\" content=\"https:\/\/www.facebook.com\/SomosHermanosIAP\/\" \/>\n<meta property=\"article:published_time\" content=\"2025-08-04T09:37:40+00:00\" \/>\n<meta property=\"og:image\" content=\"https:\/\/somos-hermanos.mx\/wp-content\/uploads\/2025\/08\/abias.jpeg\" \/>\n\t<meta property=\"og:image:width\" content=\"512\" \/>\n\t<meta property=\"og:image:height\" content=\"512\" \/>\n\t<meta property=\"og:image:type\" content=\"image\/jpeg\" \/>\n<meta name=\"author\" content=\"Joaquin Samano Rodriguez\" \/>\n<meta name=\"twitter:card\" content=\"summary_large_image\" \/>\n<meta name=\"twitter:creator\" content=\"@Somos__Hermanos\" \/>\n<meta name=\"twitter:site\" content=\"@Somos__Hermanos\" \/>\n<meta name=\"twitter:label1\" content=\"Escrito por\" \/>\n\t<meta name=\"twitter:data1\" content=\"Joaquin Samano Rodriguez\" \/>\n\t<meta name=\"twitter:label2\" content=\"Tiempo de lectura\" \/>\n\t<meta name=\"twitter:data2\" content=\"3 minutos\" \/>\n<script type=\"application\/ld+json\" class=\"yoast-schema-graph\">{\"@context\":\"https:\\\/\\\/schema.org\",\"@graph\":[{\"@type\":\"Article\",\"@id\":\"https:\\\/\\\/somos-hermanos.mx\\\/index.php\\\/2025\\\/08\\\/04\\\/sabias-que-educacion-y-esperanza-para-quienes-mas-lo-necesitan\\\/#article\",\"isPartOf\":{\"@id\":\"https:\\\/\\\/somos-hermanos.mx\\\/index.php\\\/2025\\\/08\\\/04\\\/sabias-que-educacion-y-esperanza-para-quienes-mas-lo-necesitan\\\/\"},\"author\":{\"name\":\"Joaquin Samano Rodriguez\",\"@id\":\"https:\\\/\\\/somos-hermanos.mx\\\/#\\\/schema\\\/person\\\/5b3557797474582d21f3cc36320a00fb\"},\"headline\":\"\u00bfSab\u00edas que?: educaci\u00f3n y esperanza para quienes m\u00e1s lo necesitan\",\"datePublished\":\"2025-08-04T09:37:40+00:00\",\"mainEntityOfPage\":{\"@id\":\"https:\\\/\\\/somos-hermanos.mx\\\/index.php\\\/2025\\\/08\\\/04\\\/sabias-que-educacion-y-esperanza-para-quienes-mas-lo-necesitan\\\/\"},\"wordCount\":490,\"commentCount\":0,\"publisher\":{\"@id\":\"https:\\\/\\\/somos-hermanos.mx\\\/#organization\"},\"image\":{\"@id\":\"https:\\\/\\\/somos-hermanos.mx\\\/index.php\\\/2025\\\/08\\\/04\\\/sabias-que-educacion-y-esperanza-para-quienes-mas-lo-necesitan\\\/#primaryimage\"},\"thumbnailUrl\":\"https:\\\/\\\/somos-hermanos.mx\\\/wp-content\\\/uploads\\\/2025\\\/08\\\/abias.jpeg\",\"articleSection\":[\"Noticias\"],\"inLanguage\":\"es\",\"potentialAction\":[{\"@type\":\"CommentAction\",\"name\":\"Comment\",\"target\":[\"https:\\\/\\\/somos-hermanos.mx\\\/index.php\\\/2025\\\/08\\\/04\\\/sabias-que-educacion-y-esperanza-para-quienes-mas-lo-necesitan\\\/#respond\"]}]},{\"@type\":\"WebPage\",\"@id\":\"https:\\\/\\\/somos-hermanos.mx\\\/index.php\\\/2025\\\/08\\\/04\\\/sabias-que-educacion-y-esperanza-para-quienes-mas-lo-necesitan\\\/\",\"url\":\"https:\\\/\\\/somos-hermanos.mx\\\/index.php\\\/2025\\\/08\\\/04\\\/sabias-que-educacion-y-esperanza-para-quienes-mas-lo-necesitan\\\/\",\"name\":\"\u00bfSab\u00edas que?: educaci\u00f3n y esperanza para quienes m\u00e1s lo necesitan - Historias que inspiran...\",\"isPartOf\":{\"@id\":\"https:\\\/\\\/somos-hermanos.mx\\\/#website\"},\"primaryImageOfPage\":{\"@id\":\"https:\\\/\\\/somos-hermanos.mx\\\/index.php\\\/2025\\\/08\\\/04\\\/sabias-que-educacion-y-esperanza-para-quienes-mas-lo-necesitan\\\/#primaryimage\"},\"image\":{\"@id\":\"https:\\\/\\\/somos-hermanos.mx\\\/index.php\\\/2025\\\/08\\\/04\\\/sabias-que-educacion-y-esperanza-para-quienes-mas-lo-necesitan\\\/#primaryimage\"},\"thumbnailUrl\":\"https:\\\/\\\/somos-hermanos.mx\\\/wp-content\\\/uploads\\\/2025\\\/08\\\/abias.jpeg\",\"datePublished\":\"2025-08-04T09:37:40+00:00\",\"breadcrumb\":{\"@id\":\"https:\\\/\\\/somos-hermanos.mx\\\/index.php\\\/2025\\\/08\\\/04\\\/sabias-que-educacion-y-esperanza-para-quienes-mas-lo-necesitan\\\/#breadcrumb\"},\"inLanguage\":\"es\",\"potentialAction\":[{\"@type\":\"ReadAction\",\"target\":[\"https:\\\/\\\/somos-hermanos.mx\\\/index.php\\\/2025\\\/08\\\/04\\\/sabias-que-educacion-y-esperanza-para-quienes-mas-lo-necesitan\\\/\"]}]},{\"@type\":\"ImageObject\",\"inLanguage\":\"es\",\"@id\":\"https:\\\/\\\/somos-hermanos.mx\\\/index.php\\\/2025\\\/08\\\/04\\\/sabias-que-educacion-y-esperanza-para-quienes-mas-lo-necesitan\\\/#primaryimage\",\"url\":\"https:\\\/\\\/somos-hermanos.mx\\\/wp-content\\\/uploads\\\/2025\\\/08\\\/abias.jpeg\",\"contentUrl\":\"https:\\\/\\\/somos-hermanos.mx\\\/wp-content\\\/uploads\\\/2025\\\/08\\\/abias.jpeg\",\"width\":512,\"height\":512},{\"@type\":\"BreadcrumbList\",\"@id\":\"https:\\\/\\\/somos-hermanos.mx\\\/index.php\\\/2025\\\/08\\\/04\\\/sabias-que-educacion-y-esperanza-para-quienes-mas-lo-necesitan\\\/#breadcrumb\",\"itemListElement\":[{\"@type\":\"ListItem\",\"position\":1,\"name\":\"Inicio\",\"item\":\"https:\\\/\\\/somos-hermanos.mx\\\/\"},{\"@type\":\"ListItem\",\"position\":2,\"name\":\"\u00bfSab\u00edas que?: educaci\u00f3n y esperanza para quienes m\u00e1s lo necesitan\"}]},{\"@type\":\"WebSite\",\"@id\":\"https:\\\/\\\/somos-hermanos.mx\\\/#website\",\"url\":\"https:\\\/\\\/somos-hermanos.mx\\\/\",\"name\":\"Historias que inspiran...\",\"description\":\"Somos la voz del altruismo en M\u00e9xico\",\"publisher\":{\"@id\":\"https:\\\/\\\/somos-hermanos.mx\\\/#organization\"},\"potentialAction\":[{\"@type\":\"SearchAction\",\"target\":{\"@type\":\"EntryPoint\",\"urlTemplate\":\"https:\\\/\\\/somos-hermanos.mx\\\/?s={search_term_string}\"},\"query-input\":{\"@type\":\"PropertyValueSpecification\",\"valueRequired\":true,\"valueName\":\"search_term_string\"}}],\"inLanguage\":\"es\"},{\"@type\":\"Organization\",\"@id\":\"https:\\\/\\\/somos-hermanos.mx\\\/#organization\",\"name\":\"Somos Hermanos\",\"url\":\"https:\\\/\\\/somos-hermanos.mx\\\/\",\"logo\":{\"@type\":\"ImageObject\",\"inLanguage\":\"es\",\"@id\":\"https:\\\/\\\/somos-hermanos.mx\\\/#\\\/schema\\\/logo\\\/image\\\/\",\"url\":\"https:\\\/\\\/somos-hermanos.mx\\\/wp-content\\\/uploads\\\/2025\\\/08\\\/SH30-1.jpeg\",\"contentUrl\":\"https:\\\/\\\/somos-hermanos.mx\\\/wp-content\\\/uploads\\\/2025\\\/08\\\/SH30-1.jpeg\",\"width\":1600,\"height\":1142,\"caption\":\"Somos Hermanos\"},\"image\":{\"@id\":\"https:\\\/\\\/somos-hermanos.mx\\\/#\\\/schema\\\/logo\\\/image\\\/\"},\"sameAs\":[\"https:\\\/\\\/www.facebook.com\\\/SomosHermanosIAP\\\/\",\"https:\\\/\\\/x.com\\\/Somos__Hermanos\",\"https:\\\/\\\/www.instagram.com\\\/somos__hermanos\\\/#\",\"https:\\\/\\\/www.tiktok.com\\\/@somoshermanosiap\",\"https:\\\/\\\/www.youtube.com\\\/@somoshermanosiap1201\\\/videos\"]},{\"@type\":\"Person\",\"@id\":\"https:\\\/\\\/somos-hermanos.mx\\\/#\\\/schema\\\/person\\\/5b3557797474582d21f3cc36320a00fb\",\"name\":\"Joaquin Samano Rodriguez\",\"image\":{\"@type\":\"ImageObject\",\"inLanguage\":\"es\",\"@id\":\"https:\\\/\\\/secure.gravatar.com\\\/avatar\\\/27bf3879265a77b9831b2ead2a268051b3e31f39ceebd5858d7cdd8540196a35?s=96&d=mm&r=g\",\"url\":\"https:\\\/\\\/secure.gravatar.com\\\/avatar\\\/27bf3879265a77b9831b2ead2a268051b3e31f39ceebd5858d7cdd8540196a35?s=96&d=mm&r=g\",\"contentUrl\":\"https:\\\/\\\/secure.gravatar.com\\\/avatar\\\/27bf3879265a77b9831b2ead2a268051b3e31f39ceebd5858d7cdd8540196a35?s=96&d=mm&r=g\",\"caption\":\"Joaquin Samano Rodriguez\"},\"url\":\"https:\\\/\\\/somos-hermanos.mx\\\/index.php\\\/author\\\/joaquin-samano-rodriguez\\\/\"}]}<\/script>\n<!-- \/ Yoast SEO plugin. -->","yoast_head_json":{"title":"\u00bfSab\u00edas que?: educaci\u00f3n y esperanza para quienes m\u00e1s lo necesitan - Historias que inspiran...","robots":{"index":"index","follow":"follow","max-snippet":"max-snippet:-1","max-image-preview":"max-image-preview:large","max-video-preview":"max-video-preview:-1"},"canonical":"https:\/\/somos-hermanos.mx\/index.php\/2025\/08\/04\/sabias-que-educacion-y-esperanza-para-quienes-mas-lo-necesitan\/","og_locale":"es_MX","og_type":"article","og_title":"\u00bfSab\u00edas que?: educaci\u00f3n y esperanza para quienes m\u00e1s lo necesitan - Historias que inspiran...","og_description":"La Fundaci\u00f3n \u201c\u00bfSab\u00edas que?\u201d es una instituci\u00f3n de beneficencia privada que trabaja incansablemente para mejorar las condiciones de vida de las comunidades m\u00e1s vulnerables a trav\u00e9s de la educaci\u00f3n. Su compromiso nace de la firme creencia de que el desarrollo social comienza con el conocimiento, y que es posible transformar la realidad de muchas personas [&hellip;]","og_url":"https:\/\/somos-hermanos.mx\/index.php\/2025\/08\/04\/sabias-que-educacion-y-esperanza-para-quienes-mas-lo-necesitan\/","og_site_name":"Historias que inspiran...","article_publisher":"https:\/\/www.facebook.com\/SomosHermanosIAP\/","article_published_time":"2025-08-04T09:37:40+00:00","og_image":[{"width":512,"height":512,"url":"https:\/\/somos-hermanos.mx\/wp-content\/uploads\/2025\/08\/abias.jpeg","type":"image\/jpeg"}],"author":"Joaquin Samano Rodriguez","twitter_card":"summary_large_image","twitter_creator":"@Somos__Hermanos","twitter_site":"@Somos__Hermanos","twitter_misc":{"Escrito por":"Joaquin Samano Rodriguez","Tiempo de lectura":"3 minutos"},"schema":{"@context":"https:\/\/schema.org","@graph":[{"@type":"Article","@id":"https:\/\/somos-hermanos.mx\/index.php\/2025\/08\/04\/sabias-que-educacion-y-esperanza-para-quienes-mas-lo-necesitan\/#article","isPartOf":{"@id":"https:\/\/somos-hermanos.mx\/index.php\/2025\/08\/04\/sabias-que-educacion-y-esperanza-para-quienes-mas-lo-necesitan\/"},"author":{"name":"Joaquin Samano Rodriguez","@id":"https:\/\/somos-hermanos.mx\/#\/schema\/person\/5b3557797474582d21f3cc36320a00fb"},"headline":"\u00bfSab\u00edas que?: educaci\u00f3n y esperanza para quienes m\u00e1s lo necesitan","datePublished":"2025-08-04T09:37:40+00:00","mainEntityOfPage":{"@id":"https:\/\/somos-hermanos.mx\/index.php\/2025\/08\/04\/sabias-que-educacion-y-esperanza-para-quienes-mas-lo-necesitan\/"},"wordCount":490,"commentCount":0,"publisher":{"@id":"https:\/\/somos-hermanos.mx\/#organization"},"image":{"@id":"https:\/\/somos-hermanos.mx\/index.php\/2025\/08\/04\/sabias-que-educacion-y-esperanza-para-quienes-mas-lo-necesitan\/#primaryimage"},"thumbnailUrl":"https:\/\/somos-hermanos.mx\/wp-content\/uploads\/2025\/08\/abias.jpeg","articleSection":["Noticias"],"inLanguage":"es","potentialAction":[{"@type":"CommentAction","name":"Comment","target":["https:\/\/somos-hermanos.mx\/index.php\/2025\/08\/04\/sabias-que-educacion-y-esperanza-para-quienes-mas-lo-necesitan\/#respond"]}]},{"@type":"WebPage","@id":"https:\/\/somos-hermanos.mx\/index.php\/2025\/08\/04\/sabias-que-educacion-y-esperanza-para-quienes-mas-lo-necesitan\/","url":"https:\/\/somos-hermanos.mx\/index.php\/2025\/08\/04\/sabias-que-educacion-y-esperanza-para-quienes-mas-lo-necesitan\/","name":"\u00bfSab\u00edas que?: educaci\u00f3n y esperanza para quienes m\u00e1s lo necesitan - Historias que inspiran...","isPartOf":{"@id":"https:\/\/somos-hermanos.mx\/#website"},"primaryImageOfPage":{"@id":"https:\/\/somos-hermanos.mx\/index.php\/2025\/08\/04\/sabias-que-educacion-y-esperanza-para-quienes-mas-lo-necesitan\/#primaryimage"},"image":{"@id":"https:\/\/somos-hermanos.mx\/index.php\/2025\/08\/04\/sabias-que-educacion-y-esperanza-para-quienes-mas-lo-necesitan\/#primaryimage"},"thumbnailUrl":"https:\/\/somos-hermanos.mx\/wp-content\/uploads\/2025\/08\/abias.jpeg","datePublished":"2025-08-04T09:37:40+00:00","breadcrumb":{"@id":"https:\/\/somos-hermanos.mx\/index.php\/2025\/08\/04\/sabias-que-educacion-y-esperanza-para-quienes-mas-lo-necesitan\/#breadcrumb"},"inLanguage":"es","potentialAction":[{"@type":"ReadAction","target":["https:\/\/somos-hermanos.mx\/index.php\/2025\/08\/04\/sabias-que-educacion-y-esperanza-para-quienes-mas-lo-necesitan\/"]}]},{"@type":"ImageObject","inLanguage":"es","@id":"https:\/\/somos-hermanos.mx\/index.php\/2025\/08\/04\/sabias-que-educacion-y-esperanza-para-quienes-mas-lo-necesitan\/#primaryimage","url":"https:\/\/somos-hermanos.mx\/wp-content\/uploads\/2025\/08\/abias.jpeg","contentUrl":"https:\/\/somos-hermanos.mx\/wp-content\/uploads\/2025\/08\/abias.jpeg","width":512,"height":512},{"@type":"BreadcrumbList","@id":"https:\/\/somos-hermanos.mx\/index.php\/2025\/08\/04\/sabias-que-educacion-y-esperanza-para-quienes-mas-lo-necesitan\/#breadcrumb","itemListElement":[{"@type":"ListItem","position":1,"name":"Inicio","item":"https:\/\/somos-hermanos.mx\/"},{"@type":"ListItem","position":2,"name":"\u00bfSab\u00edas que?: educaci\u00f3n y esperanza para quienes m\u00e1s lo necesitan"}]},{"@type":"WebSite","@id":"https:\/\/somos-hermanos.mx\/#website","url":"https:\/\/somos-hermanos.mx\/","name":"Historias que inspiran...","description":"Somos la voz del altruismo en M\u00e9xico","publisher":{"@id":"https:\/\/somos-hermanos.mx\/#organization"},"potentialAction":[{"@type":"SearchAction","target":{"@type":"EntryPoint","urlTemplate":"https:\/\/somos-hermanos.mx\/?s={search_term_string}"},"query-input":{"@type":"PropertyValueSpecification","valueRequired":true,"valueName":"search_term_string"}}],"inLanguage":"es"},{"@type":"Organization","@id":"https:\/\/somos-hermanos.mx\/#organization","name":"Somos Hermanos","url":"https:\/\/somos-hermanos.mx\/","logo":{"@type":"ImageObject","inLanguage":"es","@id":"https:\/\/somos-hermanos.mx\/#\/schema\/logo\/image\/","url":"https:\/\/somos-hermanos.mx\/wp-content\/uploads\/2025\/08\/SH30-1.jpeg","contentUrl":"https:\/\/somos-hermanos.mx\/wp-content\/uploads\/2025\/08\/SH30-1.jpeg","width":1600,"height":1142,"caption":"Somos Hermanos"},"image":{"@id":"https:\/\/somos-hermanos.mx\/#\/schema\/logo\/image\/"},"sameAs":["https:\/\/www.facebook.com\/SomosHermanosIAP\/","https:\/\/x.com\/Somos__Hermanos","https:\/\/www.instagram.com\/somos__hermanos\/#","https:\/\/www.tiktok.com\/@somoshermanosiap","https:\/\/www.youtube.com\/@somoshermanosiap1201\/videos"]},{"@type":"Person","@id":"https:\/\/somos-hermanos.mx\/#\/schema\/person\/5b3557797474582d21f3cc36320a00fb","name":"Joaquin Samano Rodriguez","image":{"@type":"ImageObject","inLanguage":"es","@id":"https:\/\/secure.gravatar.com\/avatar\/27bf3879265a77b9831b2ead2a268051b3e31f39ceebd5858d7cdd8540196a35?s=96&d=mm&r=g","url":"https:\/\/secure.gravatar.com\/avatar\/27bf3879265a77b9831b2ead2a268051b3e31f39ceebd5858d7cdd8540196a35?s=96&d=mm&r=g","contentUrl":"https:\/\/secure.gravatar.com\/avatar\/27bf3879265a77b9831b2ead2a268051b3e31f39ceebd5858d7cdd8540196a35?s=96&d=mm&r=g","caption":"Joaquin Samano Rodriguez"},"url":"https:\/\/somos-hermanos.mx\/index.php\/author\/joaquin-samano-rodriguez\/"}]}},"_links":{"self":[{"href":"https:\/\/somos-hermanos.mx\/index.php\/wp-json\/wp\/v2\/posts\/948","targetHints":{"allow":["GET"]}}],"collection":[{"href":"https:\/\/somos-hermanos.mx\/index.php\/wp-json\/wp\/v2\/posts"}],"about":[{"href":"https:\/\/somos-hermanos.mx\/index.php\/wp-json\/wp\/v2\/types\/post"}],"author":[{"embeddable":true,"href":"https:\/\/somos-hermanos.mx\/index.php\/wp-json\/wp\/v2\/users\/24"}],"replies":[{"embeddable":true,"href":"https:\/\/somos-hermanos.mx\/index.php\/wp-json\/wp\/v2\/comments?post=948"}],"version-history":[{"count":1,"href":"https:\/\/somos-hermanos.mx\/index.php\/wp-json\/wp\/v2\/posts\/948\/revisions"}],"predecessor-version":[{"id":950,"href":"https:\/\/somos-hermanos.mx\/index.php\/wp-json\/wp\/v2\/posts\/948\/revisions\/950"}],"wp:featuredmedia":[{"embeddable":true,"href":"https:\/\/somos-hermanos.mx\/index.php\/wp-json\/wp\/v2\/media\/949"}],"wp:attachment":[{"href":"https:\/\/somos-hermanos.mx\/index.php\/wp-json\/wp\/v2\/media?parent=948"}],"wp:term":[{"taxonomy":"category","embeddable":true,"href":"https:\/\/somos-hermanos.mx\/index.php\/wp-json\/wp\/v2\/categories?post=948"},{"taxonomy":"post_tag","embeddable":true,"href":"https:\/\/somos-hermanos.mx\/index.php\/wp-json\/wp\/v2\/tags?post=948"}],"curies":[{"name":"wp","href":"https:\/\/api.w.org\/{rel}","templated":true}]}}