{"id":945,"date":"2025-08-04T03:36:35","date_gmt":"2025-08-04T09:36:35","guid":{"rendered":"https:\/\/somos-hermanos.mx\/?p=945"},"modified":"2025-08-04T03:36:35","modified_gmt":"2025-08-04T09:36:35","slug":"sumate-iap-ocho-anos-formando-liderazgos-juveniles-para-la-paz-en-mexico","status":"publish","type":"post","link":"https:\/\/somos-hermanos.mx\/index.php\/2025\/08\/04\/sumate-iap-ocho-anos-formando-liderazgos-juveniles-para-la-paz-en-mexico\/","title":{"rendered":"S\u00famate IAP: Ocho a\u00f1os formando liderazgos juveniles para la paz en M\u00e9xico"},"content":{"rendered":"<p>Desde su fundaci\u00f3n, <strong>S\u00famate I.A.P.<\/strong>\u00a0se ha consolidado como una organizaci\u00f3n de la sociedad civil comprometida con la transformaci\u00f3n social a trav\u00e9s del trabajo directo con adolescentes en contextos de vulnerabilidad. Con una trayectoria de m\u00e1s de <strong>ocho a\u00f1os<\/strong>, la fundaci\u00f3n ha generado espacios seguros donde las y los j\u00f3venes pueden desarrollar habilidades de liderazgo, pensamiento cr\u00edtico y participaci\u00f3n activa en sus comunidades.<\/p>\n<p><strong>Testimonios que inspiran<\/strong><\/p>\n<p>A trav\u00e9s de programas como <em>Ch\u00e9vere<\/em>, enfocados en la formaci\u00f3n socioemocional, y de testimonios como el de <strong>Mayra S\u00e1nchez<\/strong>, quien ha formado parte de la organizaci\u00f3n desde sus inicios, S\u00famate ha demostrado que <strong>la educaci\u00f3n y el acompa\u00f1amiento integral pueden cambiar vidas<\/strong>. Seg\u00fan datos de la fundaci\u00f3n, m\u00e1s de <strong>7,000 adolescentes<\/strong>\u00a0han sido beneficiados de manera directa, y su labor ha sido reconocida por el impacto positivo en la promoci\u00f3n de los derechos humanos y la cultura de paz.<\/p>\n<p>\u201cS\u00famate me ense\u00f1\u00f3 a mirar al otro desde la empat\u00eda, a confiar en mi capacidad de liderar con amor y a creer en que otra realidad es posible si trabajamos juntos.\u201d<\/p>\n<p>Adem\u00e1s, la organizaci\u00f3n ha dise\u00f1ado rutas educativas personalizadas y procesos de acompa\u00f1amiento psicosocial que responden a las realidades concretas de las y los j\u00f3venes. Todo esto con el objetivo de empoderarlos como sujetos de derecho y como actores clave en la transformaci\u00f3n social.<\/p>\n<p>El coraz\u00f3n de su trabajo est\u00e1 en los barrios, escuelas y comunidades donde m\u00e1s se necesita: espacios donde los j\u00f3venes pueden encontrar contenci\u00f3n, herramientas para la vida y oportunidades de liderazgo. Bajo el lema <em>\u201cSumando a la generaci\u00f3n de liderazgos de paz\u201d<\/em>, la organizaci\u00f3n ha acompa\u00f1ado a miles de adolescentes en un proceso formativo que va m\u00e1s all\u00e1 del aula, fortaleciendo su autoestima, habilidades socioemocionales y sentido de pertenencia comunitaria.<\/p>\n<p><strong>En sinton\u00eda con el D\u00eda Internacional de la Paz<\/strong><\/p>\n<p>En el marco del <strong>D\u00eda Internacional de la Paz<\/strong>, proclamado por la ONU cada 21 de septiembre, S\u00famate reafirma su misi\u00f3n de <strong>sumar a una generaci\u00f3n de liderazgos juveniles con enfoque humanista y comunitario<\/strong>. Su blog institucional y redes sociales documentan historias de vida, experiencias colectivas y reflexiones sobre c\u00f3mo construir un M\u00e9xico m\u00e1s justo y pac\u00edfico desde lo local.<\/p>\n<p>A trav\u00e9s de talleres, encuentros comunitarios y procesos de incidencia local, la organizaci\u00f3n impulsa una visi\u00f3n de paz que se construye desde abajo, desde la juventud, desde la escucha y la acci\u00f3n colectiva.<\/p>\n<p><strong>Un llamado a sumar<\/strong><\/p>\n<p>S\u00famate invita a m\u00e1s personas, organizaciones e instituciones a unirse a esta causa. En su p\u00e1gina web (<a href=\"https:\/\/sumate.mx\"><u>sumate.mx<\/u><\/a>) y redes sociales como<a href=\"https:\/\/www.instagram.com\/suma_iap\/?hl=es\">\u00a0<\/a><a href=\"https:\/\/www.instagram.com\/suma_iap\/?hl=es\"><u>Instagram<\/u><\/a>, comparten regularmente historias, reflexiones y avances de sus programas, as\u00ed como formas de colaborar a trav\u00e9s de voluntariado, donaciones o alianzas.<\/p>\n<p>En tiempos donde la violencia, la discriminaci\u00f3n y la desesperanza amenazan la integridad de muchas juventudes, propuestas como la de <strong>S\u00famate I.A.P. <\/strong>se convierten en faros de esperanza, record\u00e1ndonos que <strong>educar desde el amor, el respeto y la dignidad es una de las formas m\u00e1s poderosas de construir paz duradera<\/strong>.<\/p>\n","protected":false},"excerpt":{"rendered":"<p>Desde su fundaci\u00f3n, S\u00famate I.A.P.\u00a0se ha consolidado como una organizaci\u00f3n de la sociedad civil comprometida con la transformaci\u00f3n social a trav\u00e9s del trabajo directo con adolescentes en contextos de vulnerabilidad. Con una trayectoria de m\u00e1s de ocho a\u00f1os, la fundaci\u00f3n ha generado espacios seguros donde las y los j\u00f3venes pueden desarrollar habilidades de liderazgo, pensamiento [&hellip;]<\/p>\n","protected":false},"author":14,"featured_media":946,"comment_status":"open","ping_status":"closed","sticky":false,"template":"","format":"standard","meta":{"footnotes":""},"categories":[6],"tags":[],"class_list":["post-945","post","type-post","status-publish","format-standard","has-post-thumbnail","hentry","category-noticias"],"yoast_head":"<!-- This site is optimized with the Yoast SEO plugin v27.5 - https:\/\/yoast.com\/product\/yoast-seo-wordpress\/ -->\n<title>S\u00famate IAP: Ocho a\u00f1os formando liderazgos juveniles para la paz en M\u00e9xico - Historias que inspiran...<\/title>\n<meta name=\"robots\" content=\"index, follow, max-snippet:-1, max-image-preview:large, max-video-preview:-1\" \/>\n<link rel=\"canonical\" href=\"https:\/\/somos-hermanos.mx\/index.php\/2025\/08\/04\/sumate-iap-ocho-anos-formando-liderazgos-juveniles-para-la-paz-en-mexico\/\" \/>\n<meta property=\"og:locale\" content=\"es_MX\" \/>\n<meta property=\"og:type\" content=\"article\" \/>\n<meta property=\"og:title\" content=\"S\u00famate IAP: Ocho a\u00f1os formando liderazgos juveniles para la paz en M\u00e9xico - Historias que inspiran...\" \/>\n<meta property=\"og:description\" content=\"Desde su fundaci\u00f3n, S\u00famate I.A.P.\u00a0se ha consolidado como una organizaci\u00f3n de la sociedad civil comprometida con la transformaci\u00f3n social a trav\u00e9s del trabajo directo con adolescentes en contextos de vulnerabilidad. Con una trayectoria de m\u00e1s de ocho a\u00f1os, la fundaci\u00f3n ha generado espacios seguros donde las y los j\u00f3venes pueden desarrollar habilidades de liderazgo, pensamiento [&hellip;]\" \/>\n<meta property=\"og:url\" content=\"https:\/\/somos-hermanos.mx\/index.php\/2025\/08\/04\/sumate-iap-ocho-anos-formando-liderazgos-juveniles-para-la-paz-en-mexico\/\" \/>\n<meta property=\"og:site_name\" content=\"Historias que inspiran...\" \/>\n<meta property=\"article:publisher\" content=\"https:\/\/www.facebook.com\/SomosHermanosIAP\/\" \/>\n<meta property=\"article:published_time\" content=\"2025-08-04T09:36:35+00:00\" \/>\n<meta property=\"og:image\" content=\"https:\/\/somos-hermanos.mx\/wp-content\/uploads\/2025\/08\/suma.jpeg\" \/>\n\t<meta property=\"og:image:width\" content=\"1182\" \/>\n\t<meta property=\"og:image:height\" content=\"1182\" \/>\n\t<meta property=\"og:image:type\" content=\"image\/jpeg\" \/>\n<meta name=\"author\" content=\"Ivon D\u00edaz Rojas\" \/>\n<meta name=\"twitter:card\" content=\"summary_large_image\" \/>\n<meta name=\"twitter:creator\" content=\"@Somos__Hermanos\" \/>\n<meta name=\"twitter:site\" content=\"@Somos__Hermanos\" \/>\n<meta name=\"twitter:label1\" content=\"Escrito por\" \/>\n\t<meta name=\"twitter:data1\" content=\"Ivon D\u00edaz Rojas\" \/>\n\t<meta name=\"twitter:label2\" content=\"Tiempo de lectura\" \/>\n\t<meta name=\"twitter:data2\" content=\"3 minutos\" \/>\n<script type=\"application\/ld+json\" class=\"yoast-schema-graph\">{\"@context\":\"https:\\\/\\\/schema.org\",\"@graph\":[{\"@type\":\"Article\",\"@id\":\"https:\\\/\\\/somos-hermanos.mx\\\/index.php\\\/2025\\\/08\\\/04\\\/sumate-iap-ocho-anos-formando-liderazgos-juveniles-para-la-paz-en-mexico\\\/#article\",\"isPartOf\":{\"@id\":\"https:\\\/\\\/somos-hermanos.mx\\\/index.php\\\/2025\\\/08\\\/04\\\/sumate-iap-ocho-anos-formando-liderazgos-juveniles-para-la-paz-en-mexico\\\/\"},\"author\":{\"name\":\"Ivon D\u00edaz Rojas\",\"@id\":\"https:\\\/\\\/somos-hermanos.mx\\\/#\\\/schema\\\/person\\\/ca47b05d4e7735cde01b6c20df3ff500\"},\"headline\":\"S\u00famate IAP: Ocho a\u00f1os formando liderazgos juveniles para la paz en M\u00e9xico\",\"datePublished\":\"2025-08-04T09:36:35+00:00\",\"mainEntityOfPage\":{\"@id\":\"https:\\\/\\\/somos-hermanos.mx\\\/index.php\\\/2025\\\/08\\\/04\\\/sumate-iap-ocho-anos-formando-liderazgos-juveniles-para-la-paz-en-mexico\\\/\"},\"wordCount\":568,\"commentCount\":0,\"publisher\":{\"@id\":\"https:\\\/\\\/somos-hermanos.mx\\\/#organization\"},\"image\":{\"@id\":\"https:\\\/\\\/somos-hermanos.mx\\\/index.php\\\/2025\\\/08\\\/04\\\/sumate-iap-ocho-anos-formando-liderazgos-juveniles-para-la-paz-en-mexico\\\/#primaryimage\"},\"thumbnailUrl\":\"https:\\\/\\\/somos-hermanos.mx\\\/wp-content\\\/uploads\\\/2025\\\/08\\\/suma.jpeg\",\"articleSection\":[\"Noticias\"],\"inLanguage\":\"es\",\"potentialAction\":[{\"@type\":\"CommentAction\",\"name\":\"Comment\",\"target\":[\"https:\\\/\\\/somos-hermanos.mx\\\/index.php\\\/2025\\\/08\\\/04\\\/sumate-iap-ocho-anos-formando-liderazgos-juveniles-para-la-paz-en-mexico\\\/#respond\"]}]},{\"@type\":\"WebPage\",\"@id\":\"https:\\\/\\\/somos-hermanos.mx\\\/index.php\\\/2025\\\/08\\\/04\\\/sumate-iap-ocho-anos-formando-liderazgos-juveniles-para-la-paz-en-mexico\\\/\",\"url\":\"https:\\\/\\\/somos-hermanos.mx\\\/index.php\\\/2025\\\/08\\\/04\\\/sumate-iap-ocho-anos-formando-liderazgos-juveniles-para-la-paz-en-mexico\\\/\",\"name\":\"S\u00famate IAP: Ocho a\u00f1os formando liderazgos juveniles para la paz en M\u00e9xico - Historias que inspiran...\",\"isPartOf\":{\"@id\":\"https:\\\/\\\/somos-hermanos.mx\\\/#website\"},\"primaryImageOfPage\":{\"@id\":\"https:\\\/\\\/somos-hermanos.mx\\\/index.php\\\/2025\\\/08\\\/04\\\/sumate-iap-ocho-anos-formando-liderazgos-juveniles-para-la-paz-en-mexico\\\/#primaryimage\"},\"image\":{\"@id\":\"https:\\\/\\\/somos-hermanos.mx\\\/index.php\\\/2025\\\/08\\\/04\\\/sumate-iap-ocho-anos-formando-liderazgos-juveniles-para-la-paz-en-mexico\\\/#primaryimage\"},\"thumbnailUrl\":\"https:\\\/\\\/somos-hermanos.mx\\\/wp-content\\\/uploads\\\/2025\\\/08\\\/suma.jpeg\",\"datePublished\":\"2025-08-04T09:36:35+00:00\",\"breadcrumb\":{\"@id\":\"https:\\\/\\\/somos-hermanos.mx\\\/index.php\\\/2025\\\/08\\\/04\\\/sumate-iap-ocho-anos-formando-liderazgos-juveniles-para-la-paz-en-mexico\\\/#breadcrumb\"},\"inLanguage\":\"es\",\"potentialAction\":[{\"@type\":\"ReadAction\",\"target\":[\"https:\\\/\\\/somos-hermanos.mx\\\/index.php\\\/2025\\\/08\\\/04\\\/sumate-iap-ocho-anos-formando-liderazgos-juveniles-para-la-paz-en-mexico\\\/\"]}]},{\"@type\":\"ImageObject\",\"inLanguage\":\"es\",\"@id\":\"https:\\\/\\\/somos-hermanos.mx\\\/index.php\\\/2025\\\/08\\\/04\\\/sumate-iap-ocho-anos-formando-liderazgos-juveniles-para-la-paz-en-mexico\\\/#primaryimage\",\"url\":\"https:\\\/\\\/somos-hermanos.mx\\\/wp-content\\\/uploads\\\/2025\\\/08\\\/suma.jpeg\",\"contentUrl\":\"https:\\\/\\\/somos-hermanos.mx\\\/wp-content\\\/uploads\\\/2025\\\/08\\\/suma.jpeg\",\"width\":1182,\"height\":1182},{\"@type\":\"BreadcrumbList\",\"@id\":\"https:\\\/\\\/somos-hermanos.mx\\\/index.php\\\/2025\\\/08\\\/04\\\/sumate-iap-ocho-anos-formando-liderazgos-juveniles-para-la-paz-en-mexico\\\/#breadcrumb\",\"itemListElement\":[{\"@type\":\"ListItem\",\"position\":1,\"name\":\"Inicio\",\"item\":\"https:\\\/\\\/somos-hermanos.mx\\\/\"},{\"@type\":\"ListItem\",\"position\":2,\"name\":\"S\u00famate IAP: Ocho a\u00f1os formando liderazgos juveniles para la paz en M\u00e9xico\"}]},{\"@type\":\"WebSite\",\"@id\":\"https:\\\/\\\/somos-hermanos.mx\\\/#website\",\"url\":\"https:\\\/\\\/somos-hermanos.mx\\\/\",\"name\":\"Historias que inspiran...\",\"description\":\"Somos la voz del altruismo en M\u00e9xico\",\"publisher\":{\"@id\":\"https:\\\/\\\/somos-hermanos.mx\\\/#organization\"},\"potentialAction\":[{\"@type\":\"SearchAction\",\"target\":{\"@type\":\"EntryPoint\",\"urlTemplate\":\"https:\\\/\\\/somos-hermanos.mx\\\/?s={search_term_string}\"},\"query-input\":{\"@type\":\"PropertyValueSpecification\",\"valueRequired\":true,\"valueName\":\"search_term_string\"}}],\"inLanguage\":\"es\"},{\"@type\":\"Organization\",\"@id\":\"https:\\\/\\\/somos-hermanos.mx\\\/#organization\",\"name\":\"Somos Hermanos\",\"url\":\"https:\\\/\\\/somos-hermanos.mx\\\/\",\"logo\":{\"@type\":\"ImageObject\",\"inLanguage\":\"es\",\"@id\":\"https:\\\/\\\/somos-hermanos.mx\\\/#\\\/schema\\\/logo\\\/image\\\/\",\"url\":\"https:\\\/\\\/somos-hermanos.mx\\\/wp-content\\\/uploads\\\/2025\\\/08\\\/SH30-1.jpeg\",\"contentUrl\":\"https:\\\/\\\/somos-hermanos.mx\\\/wp-content\\\/uploads\\\/2025\\\/08\\\/SH30-1.jpeg\",\"width\":1600,\"height\":1142,\"caption\":\"Somos Hermanos\"},\"image\":{\"@id\":\"https:\\\/\\\/somos-hermanos.mx\\\/#\\\/schema\\\/logo\\\/image\\\/\"},\"sameAs\":[\"https:\\\/\\\/www.facebook.com\\\/SomosHermanosIAP\\\/\",\"https:\\\/\\\/x.com\\\/Somos__Hermanos\",\"https:\\\/\\\/www.instagram.com\\\/somos__hermanos\\\/#\",\"https:\\\/\\\/www.tiktok.com\\\/@somoshermanosiap\",\"https:\\\/\\\/www.youtube.com\\\/@somoshermanosiap1201\\\/videos\"]},{\"@type\":\"Person\",\"@id\":\"https:\\\/\\\/somos-hermanos.mx\\\/#\\\/schema\\\/person\\\/ca47b05d4e7735cde01b6c20df3ff500\",\"name\":\"Ivon D\u00edaz Rojas\",\"image\":{\"@type\":\"ImageObject\",\"inLanguage\":\"es\",\"@id\":\"https:\\\/\\\/secure.gravatar.com\\\/avatar\\\/1c19107828bb690213f343d5aa89eef40d6744894d5f632754fec79e3043dbb3?s=96&d=mm&r=g\",\"url\":\"https:\\\/\\\/secure.gravatar.com\\\/avatar\\\/1c19107828bb690213f343d5aa89eef40d6744894d5f632754fec79e3043dbb3?s=96&d=mm&r=g\",\"contentUrl\":\"https:\\\/\\\/secure.gravatar.com\\\/avatar\\\/1c19107828bb690213f343d5aa89eef40d6744894d5f632754fec79e3043dbb3?s=96&d=mm&r=g\",\"caption\":\"Ivon D\u00edaz Rojas\"},\"url\":\"https:\\\/\\\/somos-hermanos.mx\\\/index.php\\\/author\\\/ivon-diaz-rojas\\\/\"}]}<\/script>\n<!-- \/ Yoast SEO plugin. -->","yoast_head_json":{"title":"S\u00famate IAP: Ocho a\u00f1os formando liderazgos juveniles para la paz en M\u00e9xico - Historias que inspiran...","robots":{"index":"index","follow":"follow","max-snippet":"max-snippet:-1","max-image-preview":"max-image-preview:large","max-video-preview":"max-video-preview:-1"},"canonical":"https:\/\/somos-hermanos.mx\/index.php\/2025\/08\/04\/sumate-iap-ocho-anos-formando-liderazgos-juveniles-para-la-paz-en-mexico\/","og_locale":"es_MX","og_type":"article","og_title":"S\u00famate IAP: Ocho a\u00f1os formando liderazgos juveniles para la paz en M\u00e9xico - Historias que inspiran...","og_description":"Desde su fundaci\u00f3n, S\u00famate I.A.P.\u00a0se ha consolidado como una organizaci\u00f3n de la sociedad civil comprometida con la transformaci\u00f3n social a trav\u00e9s del trabajo directo con adolescentes en contextos de vulnerabilidad. Con una trayectoria de m\u00e1s de ocho a\u00f1os, la fundaci\u00f3n ha generado espacios seguros donde las y los j\u00f3venes pueden desarrollar habilidades de liderazgo, pensamiento [&hellip;]","og_url":"https:\/\/somos-hermanos.mx\/index.php\/2025\/08\/04\/sumate-iap-ocho-anos-formando-liderazgos-juveniles-para-la-paz-en-mexico\/","og_site_name":"Historias que inspiran...","article_publisher":"https:\/\/www.facebook.com\/SomosHermanosIAP\/","article_published_time":"2025-08-04T09:36:35+00:00","og_image":[{"width":1182,"height":1182,"url":"https:\/\/somos-hermanos.mx\/wp-content\/uploads\/2025\/08\/suma.jpeg","type":"image\/jpeg"}],"author":"Ivon D\u00edaz Rojas","twitter_card":"summary_large_image","twitter_creator":"@Somos__Hermanos","twitter_site":"@Somos__Hermanos","twitter_misc":{"Escrito por":"Ivon D\u00edaz Rojas","Tiempo de lectura":"3 minutos"},"schema":{"@context":"https:\/\/schema.org","@graph":[{"@type":"Article","@id":"https:\/\/somos-hermanos.mx\/index.php\/2025\/08\/04\/sumate-iap-ocho-anos-formando-liderazgos-juveniles-para-la-paz-en-mexico\/#article","isPartOf":{"@id":"https:\/\/somos-hermanos.mx\/index.php\/2025\/08\/04\/sumate-iap-ocho-anos-formando-liderazgos-juveniles-para-la-paz-en-mexico\/"},"author":{"name":"Ivon D\u00edaz Rojas","@id":"https:\/\/somos-hermanos.mx\/#\/schema\/person\/ca47b05d4e7735cde01b6c20df3ff500"},"headline":"S\u00famate IAP: Ocho a\u00f1os formando liderazgos juveniles para la paz en M\u00e9xico","datePublished":"2025-08-04T09:36:35+00:00","mainEntityOfPage":{"@id":"https:\/\/somos-hermanos.mx\/index.php\/2025\/08\/04\/sumate-iap-ocho-anos-formando-liderazgos-juveniles-para-la-paz-en-mexico\/"},"wordCount":568,"commentCount":0,"publisher":{"@id":"https:\/\/somos-hermanos.mx\/#organization"},"image":{"@id":"https:\/\/somos-hermanos.mx\/index.php\/2025\/08\/04\/sumate-iap-ocho-anos-formando-liderazgos-juveniles-para-la-paz-en-mexico\/#primaryimage"},"thumbnailUrl":"https:\/\/somos-hermanos.mx\/wp-content\/uploads\/2025\/08\/suma.jpeg","articleSection":["Noticias"],"inLanguage":"es","potentialAction":[{"@type":"CommentAction","name":"Comment","target":["https:\/\/somos-hermanos.mx\/index.php\/2025\/08\/04\/sumate-iap-ocho-anos-formando-liderazgos-juveniles-para-la-paz-en-mexico\/#respond"]}]},{"@type":"WebPage","@id":"https:\/\/somos-hermanos.mx\/index.php\/2025\/08\/04\/sumate-iap-ocho-anos-formando-liderazgos-juveniles-para-la-paz-en-mexico\/","url":"https:\/\/somos-hermanos.mx\/index.php\/2025\/08\/04\/sumate-iap-ocho-anos-formando-liderazgos-juveniles-para-la-paz-en-mexico\/","name":"S\u00famate IAP: Ocho a\u00f1os formando liderazgos juveniles para la paz en M\u00e9xico - Historias que inspiran...","isPartOf":{"@id":"https:\/\/somos-hermanos.mx\/#website"},"primaryImageOfPage":{"@id":"https:\/\/somos-hermanos.mx\/index.php\/2025\/08\/04\/sumate-iap-ocho-anos-formando-liderazgos-juveniles-para-la-paz-en-mexico\/#primaryimage"},"image":{"@id":"https:\/\/somos-hermanos.mx\/index.php\/2025\/08\/04\/sumate-iap-ocho-anos-formando-liderazgos-juveniles-para-la-paz-en-mexico\/#primaryimage"},"thumbnailUrl":"https:\/\/somos-hermanos.mx\/wp-content\/uploads\/2025\/08\/suma.jpeg","datePublished":"2025-08-04T09:36:35+00:00","breadcrumb":{"@id":"https:\/\/somos-hermanos.mx\/index.php\/2025\/08\/04\/sumate-iap-ocho-anos-formando-liderazgos-juveniles-para-la-paz-en-mexico\/#breadcrumb"},"inLanguage":"es","potentialAction":[{"@type":"ReadAction","target":["https:\/\/somos-hermanos.mx\/index.php\/2025\/08\/04\/sumate-iap-ocho-anos-formando-liderazgos-juveniles-para-la-paz-en-mexico\/"]}]},{"@type":"ImageObject","inLanguage":"es","@id":"https:\/\/somos-hermanos.mx\/index.php\/2025\/08\/04\/sumate-iap-ocho-anos-formando-liderazgos-juveniles-para-la-paz-en-mexico\/#primaryimage","url":"https:\/\/somos-hermanos.mx\/wp-content\/uploads\/2025\/08\/suma.jpeg","contentUrl":"https:\/\/somos-hermanos.mx\/wp-content\/uploads\/2025\/08\/suma.jpeg","width":1182,"height":1182},{"@type":"BreadcrumbList","@id":"https:\/\/somos-hermanos.mx\/index.php\/2025\/08\/04\/sumate-iap-ocho-anos-formando-liderazgos-juveniles-para-la-paz-en-mexico\/#breadcrumb","itemListElement":[{"@type":"ListItem","position":1,"name":"Inicio","item":"https:\/\/somos-hermanos.mx\/"},{"@type":"ListItem","position":2,"name":"S\u00famate IAP: Ocho a\u00f1os formando liderazgos juveniles para la paz en M\u00e9xico"}]},{"@type":"WebSite","@id":"https:\/\/somos-hermanos.mx\/#website","url":"https:\/\/somos-hermanos.mx\/","name":"Historias que inspiran...","description":"Somos la voz del altruismo en M\u00e9xico","publisher":{"@id":"https:\/\/somos-hermanos.mx\/#organization"},"potentialAction":[{"@type":"SearchAction","target":{"@type":"EntryPoint","urlTemplate":"https:\/\/somos-hermanos.mx\/?s={search_term_string}"},"query-input":{"@type":"PropertyValueSpecification","valueRequired":true,"valueName":"search_term_string"}}],"inLanguage":"es"},{"@type":"Organization","@id":"https:\/\/somos-hermanos.mx\/#organization","name":"Somos Hermanos","url":"https:\/\/somos-hermanos.mx\/","logo":{"@type":"ImageObject","inLanguage":"es","@id":"https:\/\/somos-hermanos.mx\/#\/schema\/logo\/image\/","url":"https:\/\/somos-hermanos.mx\/wp-content\/uploads\/2025\/08\/SH30-1.jpeg","contentUrl":"https:\/\/somos-hermanos.mx\/wp-content\/uploads\/2025\/08\/SH30-1.jpeg","width":1600,"height":1142,"caption":"Somos Hermanos"},"image":{"@id":"https:\/\/somos-hermanos.mx\/#\/schema\/logo\/image\/"},"sameAs":["https:\/\/www.facebook.com\/SomosHermanosIAP\/","https:\/\/x.com\/Somos__Hermanos","https:\/\/www.instagram.com\/somos__hermanos\/#","https:\/\/www.tiktok.com\/@somoshermanosiap","https:\/\/www.youtube.com\/@somoshermanosiap1201\/videos"]},{"@type":"Person","@id":"https:\/\/somos-hermanos.mx\/#\/schema\/person\/ca47b05d4e7735cde01b6c20df3ff500","name":"Ivon D\u00edaz Rojas","image":{"@type":"ImageObject","inLanguage":"es","@id":"https:\/\/secure.gravatar.com\/avatar\/1c19107828bb690213f343d5aa89eef40d6744894d5f632754fec79e3043dbb3?s=96&d=mm&r=g","url":"https:\/\/secure.gravatar.com\/avatar\/1c19107828bb690213f343d5aa89eef40d6744894d5f632754fec79e3043dbb3?s=96&d=mm&r=g","contentUrl":"https:\/\/secure.gravatar.com\/avatar\/1c19107828bb690213f343d5aa89eef40d6744894d5f632754fec79e3043dbb3?s=96&d=mm&r=g","caption":"Ivon D\u00edaz Rojas"},"url":"https:\/\/somos-hermanos.mx\/index.php\/author\/ivon-diaz-rojas\/"}]}},"_links":{"self":[{"href":"https:\/\/somos-hermanos.mx\/index.php\/wp-json\/wp\/v2\/posts\/945","targetHints":{"allow":["GET"]}}],"collection":[{"href":"https:\/\/somos-hermanos.mx\/index.php\/wp-json\/wp\/v2\/posts"}],"about":[{"href":"https:\/\/somos-hermanos.mx\/index.php\/wp-json\/wp\/v2\/types\/post"}],"author":[{"embeddable":true,"href":"https:\/\/somos-hermanos.mx\/index.php\/wp-json\/wp\/v2\/users\/14"}],"replies":[{"embeddable":true,"href":"https:\/\/somos-hermanos.mx\/index.php\/wp-json\/wp\/v2\/comments?post=945"}],"version-history":[{"count":1,"href":"https:\/\/somos-hermanos.mx\/index.php\/wp-json\/wp\/v2\/posts\/945\/revisions"}],"predecessor-version":[{"id":947,"href":"https:\/\/somos-hermanos.mx\/index.php\/wp-json\/wp\/v2\/posts\/945\/revisions\/947"}],"wp:featuredmedia":[{"embeddable":true,"href":"https:\/\/somos-hermanos.mx\/index.php\/wp-json\/wp\/v2\/media\/946"}],"wp:attachment":[{"href":"https:\/\/somos-hermanos.mx\/index.php\/wp-json\/wp\/v2\/media?parent=945"}],"wp:term":[{"taxonomy":"category","embeddable":true,"href":"https:\/\/somos-hermanos.mx\/index.php\/wp-json\/wp\/v2\/categories?post=945"},{"taxonomy":"post_tag","embeddable":true,"href":"https:\/\/somos-hermanos.mx\/index.php\/wp-json\/wp\/v2\/tags?post=945"}],"curies":[{"name":"wp","href":"https:\/\/api.w.org\/{rel}","templated":true}]}}