{"id":942,"date":"2025-08-04T03:35:36","date_gmt":"2025-08-04T09:35:36","guid":{"rendered":"https:\/\/somos-hermanos.mx\/?p=942"},"modified":"2025-08-04T03:35:36","modified_gmt":"2025-08-04T09:35:36","slug":"mas-que-un-hogar-una-posibilidad-proyecto-de-vida-y-su-labor-transformadora","status":"publish","type":"post","link":"https:\/\/somos-hermanos.mx\/index.php\/2025\/08\/04\/mas-que-un-hogar-una-posibilidad-proyecto-de-vida-y-su-labor-transformadora\/","title":{"rendered":"M\u00e1s que un hogar, una posibilidad: Proyecto de Vida y su labor transformadora"},"content":{"rendered":"<p>Ubicada en el coraz\u00f3n del municipio de Ezequiel Montes, Quer\u00e9taro, <strong>Proyecto de Vida IAP es una instituci\u00f3n de Asistencia Privada que, desde hace m\u00e1s de quince a\u00f1os, ha dedicado su labor a acoger, proteger y acompa\u00f1ar a ni\u00f1os, ni\u00f1as y adolescentes que han perdido el cuidado parental. <\/strong>Con una visi\u00f3n profundamente humana y un enfoque centrado en el desarrollo integral, esta organizaci\u00f3n ha logrado consolidarse como un referente en la atenci\u00f3n de la ni\u00f1ez y adolescencia en situaci\u00f3n de vulnerabilidad.<\/p>\n<p>A trav\u00e9s de un modelo que entrelaza la educaci\u00f3n, el bienestar f\u00edsico y emocional, y la formaci\u00f3n para la vida independiente, Proyecto de Vida responde con sensibilidad, compromiso y eficacia a una de las problem\u00e1ticas m\u00e1s complejas del tejido social mexicano: la desprotecci\u00f3n infantil.<\/p>\n<p>La misi\u00f3n de Proyecto de Vida es <strong>proporcionar una alternativa de vida digna a los menores que atiende, ofreci\u00e9ndoles las herramientas necesarias para su desarrollo integral en las dimensiones humana, acad\u00e9mica, espiritual y social.<\/strong>\u00a0Actualmente, la instituci\u00f3n brinda atenci\u00f3n a 35 ni\u00f1as, ni\u00f1os y adolescentes, cuyas edades oscilan entre los 5 y los 18 a\u00f1os.<\/p>\n<p><strong>La organizaci\u00f3n no solo act\u00faa como un refugio, sino como un espacio de formaci\u00f3n, contenci\u00f3n emocional y empoderamiento<\/strong>, donde cada beneficiario es acompa\u00f1ado en la construcci\u00f3n de su propio camino. De ah\u00ed su nombre: m\u00e1s que ofrecer una soluci\u00f3n temporal, su objetivo es impulsar a cada persona hacia la creaci\u00f3n de un verdadero proyecto de vida.<\/p>\n<p>Uno de los aspectos m\u00e1s destacados de esta instituci\u00f3n es su<strong>\u00a0alineaci\u00f3n estrat\u00e9gica con los Objetivos de Desarrollo Sostenible (ODS) de la Organizaci\u00f3n de las Naciones Unidas.<\/strong>\u00a0Desde su dise\u00f1o institucional hasta la ejecuci\u00f3n cotidiana de programas, Proyecto de Vida integra estos objetivos a trav\u00e9s de acciones espec\u00edficas, alianzas multisectoriales y procesos de capacitaci\u00f3n especializada.<\/p>\n<p>Este enfoque no solo les permite generar un impacto social duradero, sino tambi\u00e9n garantizar que dicho impacto est\u00e9 guiado por una visi\u00f3n \u00e9tica, de derechos humanos y orientada a resultados medibles en t\u00e9rminos de desarrollo.<\/p>\n<p>Proyecto de Vida articula su intervenci\u00f3n a trav\u00e9s de <strong>cuatro ejes estrat\u00e9gicos, cada uno de los cuales busca responder a las m\u00faltiples dimensiones que configuran el bienestar y el desarrollo de una persona:<\/strong><\/p>\n<p><strong>Formaci\u00f3n Humana<\/strong><\/p>\n<p>Desde el \u00e1mbito educativo hasta el desarrollo espiritual, el enfoque formativo de Proyecto de Vida va m\u00e1s all\u00e1 de la escolarizaci\u00f3n. A trav\u00e9s de programas de regularizaci\u00f3n acad\u00e9mica, talleres culturales y art\u00edsticos, formaci\u00f3n espiritual y entrenamiento en habilidades sociales, se busca formar personas \u00edntegras, conscientes de su valor y capaces de interactuar con el mundo desde un lugar de confianza y autonom\u00eda.<\/p>\n<p><strong>Salud F\u00edsica<\/strong><\/p>\n<p>El bienestar f\u00edsico es una prioridad. La instituci\u00f3n garantiza una atenci\u00f3n m\u00e9dica preventiva y curativa, complementada con una alimentaci\u00f3n equilibrada, espacios de ejercitaci\u00f3n f\u00edsica y fomento de h\u00e1bitos de higiene y autocuidado, fundamentales para el desarrollo saludable de la infancia.<\/p>\n<p><strong>Salud Psico-social<\/strong><\/p>\n<p>La salud emocional y psicol\u00f3gica ocupa un lugar central en el modelo de atenci\u00f3n. Proyecto de Vida ofrece atenci\u00f3n psicol\u00f3gica, adem\u00e1s de trabajar en el desarrollo de habilidades socioemocionales y en la canalizaci\u00f3n especializada de aquellos casos que requieren intervenci\u00f3n cl\u00ednica m\u00e1s profunda. El acompa\u00f1amiento emocional permite reparar v\u00ednculos, fortalecer la autoestima y generar herramientas para afrontar los desaf\u00edos personales.<\/p>\n<p><strong>Vida Independiente<\/strong><\/p>\n<p>Una de las metas m\u00e1s ambiciosas y necesarias del proyecto es preparar a los adolescentes para la vida aut\u00f3noma. Esto se logra mediante programas de orientaci\u00f3n vocacional, formaci\u00f3n laboral, h\u00e1bitos financieros, movilidad y fomento al emprendimiento, que les permiten so\u00f1ar y construir un futuro viable, libre y autodeterminado.<\/p>\n<p>Los rostros de quienes hoy viven en Proyecto de Vida cuentan historias marcadas por la p\u00e9rdida, el abandono o la negligencia. Sin embargo, tambi\u00e9n relatan procesos de resiliencia, transformaci\u00f3n y esperanza. <strong>Detr\u00e1s de cada logro acad\u00e9mico, cada expresi\u00f3n art\u00edstica o cada decisi\u00f3n de futuro, se encuentra un equipo multidisciplinario que trabaja con pasi\u00f3n, profesionalismo y calidez humana.<\/strong><\/p>\n<p>Gracias al acompa\u00f1amiento continuo y a una red de aliados estrat\u00e9gicos \u2014incluyendo empresas, donadores particulares, voluntariado y organizaciones civiles\u2014, la instituci\u00f3n ha logrado tejer una comunidad protectora y proactiva, en la que cada menor es visto, escuchado y valorado como sujeto de derechos y no como objeto de asistencia.<\/p>\n<p>En un pa\u00eds donde miles de ni\u00f1as, ni\u00f1os y adolescentes viven sin el cuidado parental adecuado, iniciativas como <strong>Proyecto de Vida nos recuerdan que el verdadero cambio se gesta desde lo cotidiano, desde lo estructural y desde la comunidad.<\/strong>\u00a0Su labor representa una respuesta concreta y sostenida a una deuda social profunda, y nos invita a reflexionar sobre nuestro rol como sociedad en la protecci\u00f3n, inclusi\u00f3n y desarrollo pleno de la infancia.<\/p>\n<p><strong>Proyecto de Vida I.A.P.<\/strong>\u00a0es, en esencia, un lugar donde la esperanza se traduce en acci\u00f3n, y donde cada historia, por m\u00e1s adversa que haya sido su partida, tiene la posibilidad de reescribirse con dignidad, amor y prop\u00f3sito. Para conocer m\u00e1s sobre su labor o sumarse como aliado, puede visitar su sitio web oficial <a href=\"https:\/\/proyectodevida.org.mx\/sobre-nosotros\/\"><u>https:\/\/proyectodevida.org.mx\/sobre-nosotros\/<\/u><\/a>\u00a0o seguirlos a trav\u00e9s de sus redes sociales.<\/p>\n","protected":false},"excerpt":{"rendered":"<p>Ubicada en el coraz\u00f3n del municipio de Ezequiel Montes, Quer\u00e9taro, Proyecto de Vida IAP es una instituci\u00f3n de Asistencia Privada que, desde hace m\u00e1s de quince a\u00f1os, ha dedicado su labor a acoger, proteger y acompa\u00f1ar a ni\u00f1os, ni\u00f1as y adolescentes que han perdido el cuidado parental. Con una visi\u00f3n profundamente humana y un enfoque [&hellip;]<\/p>\n","protected":false},"author":6,"featured_media":943,"comment_status":"open","ping_status":"closed","sticky":false,"template":"","format":"standard","meta":{"footnotes":""},"categories":[6],"tags":[],"class_list":["post-942","post","type-post","status-publish","format-standard","has-post-thumbnail","hentry","category-noticias"],"yoast_head":"<!-- This site is optimized with the Yoast SEO plugin v27.5 - https:\/\/yoast.com\/product\/yoast-seo-wordpress\/ -->\n<title>M\u00e1s que un hogar, una posibilidad: Proyecto de Vida y su labor transformadora - Historias que inspiran...<\/title>\n<meta name=\"robots\" content=\"index, follow, max-snippet:-1, max-image-preview:large, max-video-preview:-1\" \/>\n<link rel=\"canonical\" href=\"https:\/\/somos-hermanos.mx\/index.php\/2025\/08\/04\/mas-que-un-hogar-una-posibilidad-proyecto-de-vida-y-su-labor-transformadora\/\" \/>\n<meta property=\"og:locale\" content=\"es_MX\" \/>\n<meta property=\"og:type\" content=\"article\" \/>\n<meta property=\"og:title\" content=\"M\u00e1s que un hogar, una posibilidad: Proyecto de Vida y su labor transformadora - Historias que inspiran...\" \/>\n<meta property=\"og:description\" content=\"Ubicada en el coraz\u00f3n del municipio de Ezequiel Montes, Quer\u00e9taro, Proyecto de Vida IAP es una instituci\u00f3n de Asistencia Privada que, desde hace m\u00e1s de quince a\u00f1os, ha dedicado su labor a acoger, proteger y acompa\u00f1ar a ni\u00f1os, ni\u00f1as y adolescentes que han perdido el cuidado parental. Con una visi\u00f3n profundamente humana y un enfoque [&hellip;]\" \/>\n<meta property=\"og:url\" content=\"https:\/\/somos-hermanos.mx\/index.php\/2025\/08\/04\/mas-que-un-hogar-una-posibilidad-proyecto-de-vida-y-su-labor-transformadora\/\" \/>\n<meta property=\"og:site_name\" content=\"Historias que inspiran...\" \/>\n<meta property=\"article:publisher\" content=\"https:\/\/www.facebook.com\/SomosHermanosIAP\/\" \/>\n<meta property=\"article:published_time\" content=\"2025-08-04T09:35:36+00:00\" \/>\n<meta property=\"og:image\" content=\"https:\/\/somos-hermanos.mx\/wp-content\/uploads\/2025\/08\/idaiap.jpeg\" \/>\n\t<meta property=\"og:image:width\" content=\"1063\" \/>\n\t<meta property=\"og:image:height\" content=\"1064\" \/>\n\t<meta property=\"og:image:type\" content=\"image\/jpeg\" \/>\n<meta name=\"author\" content=\"Jessica Iniestra Montoya\" \/>\n<meta name=\"twitter:card\" content=\"summary_large_image\" \/>\n<meta name=\"twitter:creator\" content=\"@Somos__Hermanos\" \/>\n<meta name=\"twitter:site\" content=\"@Somos__Hermanos\" \/>\n<meta name=\"twitter:label1\" content=\"Escrito por\" \/>\n\t<meta name=\"twitter:data1\" content=\"Jessica Iniestra Montoya\" \/>\n\t<meta name=\"twitter:label2\" content=\"Tiempo de lectura\" \/>\n\t<meta name=\"twitter:data2\" content=\"4 minutos\" \/>\n<script type=\"application\/ld+json\" class=\"yoast-schema-graph\">{\"@context\":\"https:\\\/\\\/schema.org\",\"@graph\":[{\"@type\":\"Article\",\"@id\":\"https:\\\/\\\/somos-hermanos.mx\\\/index.php\\\/2025\\\/08\\\/04\\\/mas-que-un-hogar-una-posibilidad-proyecto-de-vida-y-su-labor-transformadora\\\/#article\",\"isPartOf\":{\"@id\":\"https:\\\/\\\/somos-hermanos.mx\\\/index.php\\\/2025\\\/08\\\/04\\\/mas-que-un-hogar-una-posibilidad-proyecto-de-vida-y-su-labor-transformadora\\\/\"},\"author\":{\"name\":\"Jessica Iniestra Montoya\",\"@id\":\"https:\\\/\\\/somos-hermanos.mx\\\/#\\\/schema\\\/person\\\/556c08a8ffe5461f078f6d4ee7c7edc6\"},\"headline\":\"M\u00e1s que un hogar, una posibilidad: Proyecto de Vida y su labor transformadora\",\"datePublished\":\"2025-08-04T09:35:36+00:00\",\"mainEntityOfPage\":{\"@id\":\"https:\\\/\\\/somos-hermanos.mx\\\/index.php\\\/2025\\\/08\\\/04\\\/mas-que-un-hogar-una-posibilidad-proyecto-de-vida-y-su-labor-transformadora\\\/\"},\"wordCount\":946,\"commentCount\":0,\"publisher\":{\"@id\":\"https:\\\/\\\/somos-hermanos.mx\\\/#organization\"},\"image\":{\"@id\":\"https:\\\/\\\/somos-hermanos.mx\\\/index.php\\\/2025\\\/08\\\/04\\\/mas-que-un-hogar-una-posibilidad-proyecto-de-vida-y-su-labor-transformadora\\\/#primaryimage\"},\"thumbnailUrl\":\"https:\\\/\\\/somos-hermanos.mx\\\/wp-content\\\/uploads\\\/2025\\\/08\\\/idaiap.jpeg\",\"articleSection\":[\"Noticias\"],\"inLanguage\":\"es\",\"potentialAction\":[{\"@type\":\"CommentAction\",\"name\":\"Comment\",\"target\":[\"https:\\\/\\\/somos-hermanos.mx\\\/index.php\\\/2025\\\/08\\\/04\\\/mas-que-un-hogar-una-posibilidad-proyecto-de-vida-y-su-labor-transformadora\\\/#respond\"]}]},{\"@type\":\"WebPage\",\"@id\":\"https:\\\/\\\/somos-hermanos.mx\\\/index.php\\\/2025\\\/08\\\/04\\\/mas-que-un-hogar-una-posibilidad-proyecto-de-vida-y-su-labor-transformadora\\\/\",\"url\":\"https:\\\/\\\/somos-hermanos.mx\\\/index.php\\\/2025\\\/08\\\/04\\\/mas-que-un-hogar-una-posibilidad-proyecto-de-vida-y-su-labor-transformadora\\\/\",\"name\":\"M\u00e1s que un hogar, una posibilidad: Proyecto de Vida y su labor transformadora - Historias que inspiran...\",\"isPartOf\":{\"@id\":\"https:\\\/\\\/somos-hermanos.mx\\\/#website\"},\"primaryImageOfPage\":{\"@id\":\"https:\\\/\\\/somos-hermanos.mx\\\/index.php\\\/2025\\\/08\\\/04\\\/mas-que-un-hogar-una-posibilidad-proyecto-de-vida-y-su-labor-transformadora\\\/#primaryimage\"},\"image\":{\"@id\":\"https:\\\/\\\/somos-hermanos.mx\\\/index.php\\\/2025\\\/08\\\/04\\\/mas-que-un-hogar-una-posibilidad-proyecto-de-vida-y-su-labor-transformadora\\\/#primaryimage\"},\"thumbnailUrl\":\"https:\\\/\\\/somos-hermanos.mx\\\/wp-content\\\/uploads\\\/2025\\\/08\\\/idaiap.jpeg\",\"datePublished\":\"2025-08-04T09:35:36+00:00\",\"breadcrumb\":{\"@id\":\"https:\\\/\\\/somos-hermanos.mx\\\/index.php\\\/2025\\\/08\\\/04\\\/mas-que-un-hogar-una-posibilidad-proyecto-de-vida-y-su-labor-transformadora\\\/#breadcrumb\"},\"inLanguage\":\"es\",\"potentialAction\":[{\"@type\":\"ReadAction\",\"target\":[\"https:\\\/\\\/somos-hermanos.mx\\\/index.php\\\/2025\\\/08\\\/04\\\/mas-que-un-hogar-una-posibilidad-proyecto-de-vida-y-su-labor-transformadora\\\/\"]}]},{\"@type\":\"ImageObject\",\"inLanguage\":\"es\",\"@id\":\"https:\\\/\\\/somos-hermanos.mx\\\/index.php\\\/2025\\\/08\\\/04\\\/mas-que-un-hogar-una-posibilidad-proyecto-de-vida-y-su-labor-transformadora\\\/#primaryimage\",\"url\":\"https:\\\/\\\/somos-hermanos.mx\\\/wp-content\\\/uploads\\\/2025\\\/08\\\/idaiap.jpeg\",\"contentUrl\":\"https:\\\/\\\/somos-hermanos.mx\\\/wp-content\\\/uploads\\\/2025\\\/08\\\/idaiap.jpeg\",\"width\":1063,\"height\":1064},{\"@type\":\"BreadcrumbList\",\"@id\":\"https:\\\/\\\/somos-hermanos.mx\\\/index.php\\\/2025\\\/08\\\/04\\\/mas-que-un-hogar-una-posibilidad-proyecto-de-vida-y-su-labor-transformadora\\\/#breadcrumb\",\"itemListElement\":[{\"@type\":\"ListItem\",\"position\":1,\"name\":\"Inicio\",\"item\":\"https:\\\/\\\/somos-hermanos.mx\\\/\"},{\"@type\":\"ListItem\",\"position\":2,\"name\":\"M\u00e1s que un hogar, una posibilidad: Proyecto de Vida y su labor transformadora\"}]},{\"@type\":\"WebSite\",\"@id\":\"https:\\\/\\\/somos-hermanos.mx\\\/#website\",\"url\":\"https:\\\/\\\/somos-hermanos.mx\\\/\",\"name\":\"Historias que inspiran...\",\"description\":\"Somos la voz del altruismo en M\u00e9xico\",\"publisher\":{\"@id\":\"https:\\\/\\\/somos-hermanos.mx\\\/#organization\"},\"potentialAction\":[{\"@type\":\"SearchAction\",\"target\":{\"@type\":\"EntryPoint\",\"urlTemplate\":\"https:\\\/\\\/somos-hermanos.mx\\\/?s={search_term_string}\"},\"query-input\":{\"@type\":\"PropertyValueSpecification\",\"valueRequired\":true,\"valueName\":\"search_term_string\"}}],\"inLanguage\":\"es\"},{\"@type\":\"Organization\",\"@id\":\"https:\\\/\\\/somos-hermanos.mx\\\/#organization\",\"name\":\"Somos Hermanos\",\"url\":\"https:\\\/\\\/somos-hermanos.mx\\\/\",\"logo\":{\"@type\":\"ImageObject\",\"inLanguage\":\"es\",\"@id\":\"https:\\\/\\\/somos-hermanos.mx\\\/#\\\/schema\\\/logo\\\/image\\\/\",\"url\":\"https:\\\/\\\/somos-hermanos.mx\\\/wp-content\\\/uploads\\\/2025\\\/08\\\/SH30-1.jpeg\",\"contentUrl\":\"https:\\\/\\\/somos-hermanos.mx\\\/wp-content\\\/uploads\\\/2025\\\/08\\\/SH30-1.jpeg\",\"width\":1600,\"height\":1142,\"caption\":\"Somos Hermanos\"},\"image\":{\"@id\":\"https:\\\/\\\/somos-hermanos.mx\\\/#\\\/schema\\\/logo\\\/image\\\/\"},\"sameAs\":[\"https:\\\/\\\/www.facebook.com\\\/SomosHermanosIAP\\\/\",\"https:\\\/\\\/x.com\\\/Somos__Hermanos\",\"https:\\\/\\\/www.instagram.com\\\/somos__hermanos\\\/#\",\"https:\\\/\\\/www.tiktok.com\\\/@somoshermanosiap\",\"https:\\\/\\\/www.youtube.com\\\/@somoshermanosiap1201\\\/videos\"]},{\"@type\":\"Person\",\"@id\":\"https:\\\/\\\/somos-hermanos.mx\\\/#\\\/schema\\\/person\\\/556c08a8ffe5461f078f6d4ee7c7edc6\",\"name\":\"Jessica Iniestra Montoya\",\"image\":{\"@type\":\"ImageObject\",\"inLanguage\":\"es\",\"@id\":\"https:\\\/\\\/secure.gravatar.com\\\/avatar\\\/106ac0d17a09f7597c4b7d5101b852538c07d5e73e903cb99fc44476e15e52aa?s=96&d=mm&r=g\",\"url\":\"https:\\\/\\\/secure.gravatar.com\\\/avatar\\\/106ac0d17a09f7597c4b7d5101b852538c07d5e73e903cb99fc44476e15e52aa?s=96&d=mm&r=g\",\"contentUrl\":\"https:\\\/\\\/secure.gravatar.com\\\/avatar\\\/106ac0d17a09f7597c4b7d5101b852538c07d5e73e903cb99fc44476e15e52aa?s=96&d=mm&r=g\",\"caption\":\"Jessica Iniestra Montoya\"},\"url\":\"https:\\\/\\\/somos-hermanos.mx\\\/index.php\\\/author\\\/jessica-iniestra-montoya\\\/\"}]}<\/script>\n<!-- \/ Yoast SEO plugin. -->","yoast_head_json":{"title":"M\u00e1s que un hogar, una posibilidad: Proyecto de Vida y su labor transformadora - Historias que inspiran...","robots":{"index":"index","follow":"follow","max-snippet":"max-snippet:-1","max-image-preview":"max-image-preview:large","max-video-preview":"max-video-preview:-1"},"canonical":"https:\/\/somos-hermanos.mx\/index.php\/2025\/08\/04\/mas-que-un-hogar-una-posibilidad-proyecto-de-vida-y-su-labor-transformadora\/","og_locale":"es_MX","og_type":"article","og_title":"M\u00e1s que un hogar, una posibilidad: Proyecto de Vida y su labor transformadora - Historias que inspiran...","og_description":"Ubicada en el coraz\u00f3n del municipio de Ezequiel Montes, Quer\u00e9taro, Proyecto de Vida IAP es una instituci\u00f3n de Asistencia Privada que, desde hace m\u00e1s de quince a\u00f1os, ha dedicado su labor a acoger, proteger y acompa\u00f1ar a ni\u00f1os, ni\u00f1as y adolescentes que han perdido el cuidado parental. Con una visi\u00f3n profundamente humana y un enfoque [&hellip;]","og_url":"https:\/\/somos-hermanos.mx\/index.php\/2025\/08\/04\/mas-que-un-hogar-una-posibilidad-proyecto-de-vida-y-su-labor-transformadora\/","og_site_name":"Historias que inspiran...","article_publisher":"https:\/\/www.facebook.com\/SomosHermanosIAP\/","article_published_time":"2025-08-04T09:35:36+00:00","og_image":[{"width":1063,"height":1064,"url":"https:\/\/somos-hermanos.mx\/wp-content\/uploads\/2025\/08\/idaiap.jpeg","type":"image\/jpeg"}],"author":"Jessica Iniestra Montoya","twitter_card":"summary_large_image","twitter_creator":"@Somos__Hermanos","twitter_site":"@Somos__Hermanos","twitter_misc":{"Escrito por":"Jessica Iniestra Montoya","Tiempo de lectura":"4 minutos"},"schema":{"@context":"https:\/\/schema.org","@graph":[{"@type":"Article","@id":"https:\/\/somos-hermanos.mx\/index.php\/2025\/08\/04\/mas-que-un-hogar-una-posibilidad-proyecto-de-vida-y-su-labor-transformadora\/#article","isPartOf":{"@id":"https:\/\/somos-hermanos.mx\/index.php\/2025\/08\/04\/mas-que-un-hogar-una-posibilidad-proyecto-de-vida-y-su-labor-transformadora\/"},"author":{"name":"Jessica Iniestra Montoya","@id":"https:\/\/somos-hermanos.mx\/#\/schema\/person\/556c08a8ffe5461f078f6d4ee7c7edc6"},"headline":"M\u00e1s que un hogar, una posibilidad: Proyecto de Vida y su labor transformadora","datePublished":"2025-08-04T09:35:36+00:00","mainEntityOfPage":{"@id":"https:\/\/somos-hermanos.mx\/index.php\/2025\/08\/04\/mas-que-un-hogar-una-posibilidad-proyecto-de-vida-y-su-labor-transformadora\/"},"wordCount":946,"commentCount":0,"publisher":{"@id":"https:\/\/somos-hermanos.mx\/#organization"},"image":{"@id":"https:\/\/somos-hermanos.mx\/index.php\/2025\/08\/04\/mas-que-un-hogar-una-posibilidad-proyecto-de-vida-y-su-labor-transformadora\/#primaryimage"},"thumbnailUrl":"https:\/\/somos-hermanos.mx\/wp-content\/uploads\/2025\/08\/idaiap.jpeg","articleSection":["Noticias"],"inLanguage":"es","potentialAction":[{"@type":"CommentAction","name":"Comment","target":["https:\/\/somos-hermanos.mx\/index.php\/2025\/08\/04\/mas-que-un-hogar-una-posibilidad-proyecto-de-vida-y-su-labor-transformadora\/#respond"]}]},{"@type":"WebPage","@id":"https:\/\/somos-hermanos.mx\/index.php\/2025\/08\/04\/mas-que-un-hogar-una-posibilidad-proyecto-de-vida-y-su-labor-transformadora\/","url":"https:\/\/somos-hermanos.mx\/index.php\/2025\/08\/04\/mas-que-un-hogar-una-posibilidad-proyecto-de-vida-y-su-labor-transformadora\/","name":"M\u00e1s que un hogar, una posibilidad: Proyecto de Vida y su labor transformadora - Historias que inspiran...","isPartOf":{"@id":"https:\/\/somos-hermanos.mx\/#website"},"primaryImageOfPage":{"@id":"https:\/\/somos-hermanos.mx\/index.php\/2025\/08\/04\/mas-que-un-hogar-una-posibilidad-proyecto-de-vida-y-su-labor-transformadora\/#primaryimage"},"image":{"@id":"https:\/\/somos-hermanos.mx\/index.php\/2025\/08\/04\/mas-que-un-hogar-una-posibilidad-proyecto-de-vida-y-su-labor-transformadora\/#primaryimage"},"thumbnailUrl":"https:\/\/somos-hermanos.mx\/wp-content\/uploads\/2025\/08\/idaiap.jpeg","datePublished":"2025-08-04T09:35:36+00:00","breadcrumb":{"@id":"https:\/\/somos-hermanos.mx\/index.php\/2025\/08\/04\/mas-que-un-hogar-una-posibilidad-proyecto-de-vida-y-su-labor-transformadora\/#breadcrumb"},"inLanguage":"es","potentialAction":[{"@type":"ReadAction","target":["https:\/\/somos-hermanos.mx\/index.php\/2025\/08\/04\/mas-que-un-hogar-una-posibilidad-proyecto-de-vida-y-su-labor-transformadora\/"]}]},{"@type":"ImageObject","inLanguage":"es","@id":"https:\/\/somos-hermanos.mx\/index.php\/2025\/08\/04\/mas-que-un-hogar-una-posibilidad-proyecto-de-vida-y-su-labor-transformadora\/#primaryimage","url":"https:\/\/somos-hermanos.mx\/wp-content\/uploads\/2025\/08\/idaiap.jpeg","contentUrl":"https:\/\/somos-hermanos.mx\/wp-content\/uploads\/2025\/08\/idaiap.jpeg","width":1063,"height":1064},{"@type":"BreadcrumbList","@id":"https:\/\/somos-hermanos.mx\/index.php\/2025\/08\/04\/mas-que-un-hogar-una-posibilidad-proyecto-de-vida-y-su-labor-transformadora\/#breadcrumb","itemListElement":[{"@type":"ListItem","position":1,"name":"Inicio","item":"https:\/\/somos-hermanos.mx\/"},{"@type":"ListItem","position":2,"name":"M\u00e1s que un hogar, una posibilidad: Proyecto de Vida y su labor transformadora"}]},{"@type":"WebSite","@id":"https:\/\/somos-hermanos.mx\/#website","url":"https:\/\/somos-hermanos.mx\/","name":"Historias que inspiran...","description":"Somos la voz del altruismo en M\u00e9xico","publisher":{"@id":"https:\/\/somos-hermanos.mx\/#organization"},"potentialAction":[{"@type":"SearchAction","target":{"@type":"EntryPoint","urlTemplate":"https:\/\/somos-hermanos.mx\/?s={search_term_string}"},"query-input":{"@type":"PropertyValueSpecification","valueRequired":true,"valueName":"search_term_string"}}],"inLanguage":"es"},{"@type":"Organization","@id":"https:\/\/somos-hermanos.mx\/#organization","name":"Somos Hermanos","url":"https:\/\/somos-hermanos.mx\/","logo":{"@type":"ImageObject","inLanguage":"es","@id":"https:\/\/somos-hermanos.mx\/#\/schema\/logo\/image\/","url":"https:\/\/somos-hermanos.mx\/wp-content\/uploads\/2025\/08\/SH30-1.jpeg","contentUrl":"https:\/\/somos-hermanos.mx\/wp-content\/uploads\/2025\/08\/SH30-1.jpeg","width":1600,"height":1142,"caption":"Somos Hermanos"},"image":{"@id":"https:\/\/somos-hermanos.mx\/#\/schema\/logo\/image\/"},"sameAs":["https:\/\/www.facebook.com\/SomosHermanosIAP\/","https:\/\/x.com\/Somos__Hermanos","https:\/\/www.instagram.com\/somos__hermanos\/#","https:\/\/www.tiktok.com\/@somoshermanosiap","https:\/\/www.youtube.com\/@somoshermanosiap1201\/videos"]},{"@type":"Person","@id":"https:\/\/somos-hermanos.mx\/#\/schema\/person\/556c08a8ffe5461f078f6d4ee7c7edc6","name":"Jessica Iniestra Montoya","image":{"@type":"ImageObject","inLanguage":"es","@id":"https:\/\/secure.gravatar.com\/avatar\/106ac0d17a09f7597c4b7d5101b852538c07d5e73e903cb99fc44476e15e52aa?s=96&d=mm&r=g","url":"https:\/\/secure.gravatar.com\/avatar\/106ac0d17a09f7597c4b7d5101b852538c07d5e73e903cb99fc44476e15e52aa?s=96&d=mm&r=g","contentUrl":"https:\/\/secure.gravatar.com\/avatar\/106ac0d17a09f7597c4b7d5101b852538c07d5e73e903cb99fc44476e15e52aa?s=96&d=mm&r=g","caption":"Jessica Iniestra Montoya"},"url":"https:\/\/somos-hermanos.mx\/index.php\/author\/jessica-iniestra-montoya\/"}]}},"_links":{"self":[{"href":"https:\/\/somos-hermanos.mx\/index.php\/wp-json\/wp\/v2\/posts\/942","targetHints":{"allow":["GET"]}}],"collection":[{"href":"https:\/\/somos-hermanos.mx\/index.php\/wp-json\/wp\/v2\/posts"}],"about":[{"href":"https:\/\/somos-hermanos.mx\/index.php\/wp-json\/wp\/v2\/types\/post"}],"author":[{"embeddable":true,"href":"https:\/\/somos-hermanos.mx\/index.php\/wp-json\/wp\/v2\/users\/6"}],"replies":[{"embeddable":true,"href":"https:\/\/somos-hermanos.mx\/index.php\/wp-json\/wp\/v2\/comments?post=942"}],"version-history":[{"count":1,"href":"https:\/\/somos-hermanos.mx\/index.php\/wp-json\/wp\/v2\/posts\/942\/revisions"}],"predecessor-version":[{"id":944,"href":"https:\/\/somos-hermanos.mx\/index.php\/wp-json\/wp\/v2\/posts\/942\/revisions\/944"}],"wp:featuredmedia":[{"embeddable":true,"href":"https:\/\/somos-hermanos.mx\/index.php\/wp-json\/wp\/v2\/media\/943"}],"wp:attachment":[{"href":"https:\/\/somos-hermanos.mx\/index.php\/wp-json\/wp\/v2\/media?parent=942"}],"wp:term":[{"taxonomy":"category","embeddable":true,"href":"https:\/\/somos-hermanos.mx\/index.php\/wp-json\/wp\/v2\/categories?post=942"},{"taxonomy":"post_tag","embeddable":true,"href":"https:\/\/somos-hermanos.mx\/index.php\/wp-json\/wp\/v2\/tags?post=942"}],"curies":[{"name":"wp","href":"https:\/\/api.w.org\/{rel}","templated":true}]}}