{"id":939,"date":"2025-08-04T03:34:10","date_gmt":"2025-08-04T09:34:10","guid":{"rendered":"https:\/\/somos-hermanos.mx\/?p=939"},"modified":"2025-08-04T03:34:10","modified_gmt":"2025-08-04T09:34:10","slug":"fundacion-adm-lleva-el-programa-de-cepidi-a-primaras-de-la-cdmx","status":"publish","type":"post","link":"https:\/\/somos-hermanos.mx\/index.php\/2025\/08\/04\/fundacion-adm-lleva-el-programa-de-cepidi-a-primaras-de-la-cdmx\/","title":{"rendered":"Fundaci\u00f3n ADM lleva el programa de CEPIDI a primaras de la CDMX"},"content":{"rendered":"<p>La salud bucal en ni\u00f1os\u00a0<strong>es crucial para su bienestar general, incluyendo la nutrici\u00f3n, el habla, la autoestima<\/strong>\u00a0y el desarrollo de dientes permanentes saludables.<\/p>\n<p>Una buena higiene bucal desde temprana edad previene problemas como caries, enfermedades de las enc\u00edas y otras complicaciones que pueden afectar la salud general del ni\u00f1o.<\/p>\n<p>Por tal motivo y con el objetivo de promover\u00a0h\u00e1bitos de higiene bucodental desde la infancia, la Fundaci\u00f3n de la Asociaci\u00f3n Dental Mexicana IAP llev\u00f3 a la escuela primaria Estado de Hidalgo su <strong>programa CEPIDI, <\/strong>una iniciativa gratuita de prevenci\u00f3n en salud bucal dirigida a escuelas primarias de la Ciudad de M\u00e9xico.<\/p>\n<p>El evento se realiz\u00f3 en el auditorio de la Escuela Primaria Estado de Hidalgo, en la alcald\u00eda Miguel Hidalgo, beneficiando a m\u00e1s de 900 ni\u00f1as y ni\u00f1os mediante actividades educativas, entrega de kits dentales, pl\u00e1ticas sobre salud bucal y talleres pr\u00e1cticos de t\u00e9cnica de cepillado.<\/p>\n<p>Durante el acto protocolario, Jaime Edelson, presidente de Fundaci\u00f3n ADM IAP resalt\u00f3 la importancia de sembrar una cultura de prevenci\u00f3n desde las aulas.<\/p>\n<p>Por su parte, la diputada Am\u00e9rica Rangel Lorenzana, congresista de la C\u00e1mara de la CDMX reiter\u00f3 su respaldo a este tipo de iniciativas en beneficio de la infancia, destacando la relevancia del trabajo conjunto entre sociedad civil y espacios educativos.<\/p>\n<p><strong>Recomendaciones para mantener la salud bucal de los ni\u00f1os:<\/strong><\/p>\n<p><strong><b>Higiene bucal:<\/b><\/strong><\/p>\n<p>Cepillado regular con pasta dental con fl\u00faor, uso de hilo dental y visitas regulares al dentista.<\/p>\n<p><strong><b>Dieta:<\/b><\/strong><\/p>\n<p>Reducir el consumo de alimentos y bebidas azucaradas, y fomentar una dieta equilibrada rica en calcio y otros nutrientes importantes para la salud dental.<\/p>\n<p><strong><b>H\u00e1bitos:<\/b><\/strong><\/p>\n<p>Evitar el uso prolongado de chupetes y biberones con l\u00edquidos azucarados, especialmente antes de dormir.\u00a0<strong><b>\u00a0<\/b><\/strong><\/p>\n<p><strong><b>Educaci\u00f3n:<\/b><\/strong><\/p>\n<p>Ense\u00f1ar a los ni\u00f1os sobre la importancia de la higiene bucal y c\u00f3mo cuidar sus dientes.<\/p>\n<p><strong><b>Revisiones:<\/b><\/strong><\/p>\n<p>Realizar revisiones dentales regulares para detectar y tratar problemas a tiempo<\/p>\n","protected":false},"excerpt":{"rendered":"<p>La salud bucal en ni\u00f1os\u00a0es crucial para su bienestar general, incluyendo la nutrici\u00f3n, el habla, la autoestima\u00a0y el desarrollo de dientes permanentes saludables. Una buena higiene bucal desde temprana edad previene problemas como caries, enfermedades de las enc\u00edas y otras complicaciones que pueden afectar la salud general del ni\u00f1o. Por tal motivo y con el [&hellip;]<\/p>\n","protected":false},"author":8,"featured_media":940,"comment_status":"open","ping_status":"closed","sticky":false,"template":"","format":"standard","meta":{"footnotes":""},"categories":[6],"tags":[],"class_list":["post-939","post","type-post","status-publish","format-standard","has-post-thumbnail","hentry","category-noticias"],"yoast_head":"<!-- This site is optimized with the Yoast SEO plugin v27.5 - https:\/\/yoast.com\/product\/yoast-seo-wordpress\/ -->\n<title>Fundaci\u00f3n ADM lleva el programa de CEPIDI a primaras de la CDMX - Historias que inspiran...<\/title>\n<meta name=\"robots\" content=\"index, follow, max-snippet:-1, max-image-preview:large, max-video-preview:-1\" \/>\n<link rel=\"canonical\" href=\"https:\/\/somos-hermanos.mx\/index.php\/2025\/08\/04\/fundacion-adm-lleva-el-programa-de-cepidi-a-primaras-de-la-cdmx\/\" \/>\n<meta property=\"og:locale\" content=\"es_MX\" \/>\n<meta property=\"og:type\" content=\"article\" \/>\n<meta property=\"og:title\" content=\"Fundaci\u00f3n ADM lleva el programa de CEPIDI a primaras de la CDMX - Historias que inspiran...\" \/>\n<meta property=\"og:description\" content=\"La salud bucal en ni\u00f1os\u00a0es crucial para su bienestar general, incluyendo la nutrici\u00f3n, el habla, la autoestima\u00a0y el desarrollo de dientes permanentes saludables. Una buena higiene bucal desde temprana edad previene problemas como caries, enfermedades de las enc\u00edas y otras complicaciones que pueden afectar la salud general del ni\u00f1o. Por tal motivo y con el [&hellip;]\" \/>\n<meta property=\"og:url\" content=\"https:\/\/somos-hermanos.mx\/index.php\/2025\/08\/04\/fundacion-adm-lleva-el-programa-de-cepidi-a-primaras-de-la-cdmx\/\" \/>\n<meta property=\"og:site_name\" content=\"Historias que inspiran...\" \/>\n<meta property=\"article:publisher\" content=\"https:\/\/www.facebook.com\/SomosHermanosIAP\/\" \/>\n<meta property=\"article:published_time\" content=\"2025-08-04T09:34:10+00:00\" \/>\n<meta property=\"og:image\" content=\"https:\/\/somos-hermanos.mx\/wp-content\/uploads\/2025\/08\/adm1.jpeg\" \/>\n\t<meta property=\"og:image:width\" content=\"1600\" \/>\n\t<meta property=\"og:image:height\" content=\"1204\" \/>\n\t<meta property=\"og:image:type\" content=\"image\/jpeg\" \/>\n<meta name=\"author\" content=\"Jes\u00fas Arizmendi\" \/>\n<meta name=\"twitter:card\" content=\"summary_large_image\" \/>\n<meta name=\"twitter:creator\" content=\"@Somos__Hermanos\" \/>\n<meta name=\"twitter:site\" content=\"@Somos__Hermanos\" \/>\n<meta name=\"twitter:label1\" content=\"Escrito por\" \/>\n\t<meta name=\"twitter:data1\" content=\"Jes\u00fas Arizmendi\" \/>\n\t<meta name=\"twitter:label2\" content=\"Tiempo de lectura\" \/>\n\t<meta name=\"twitter:data2\" content=\"2 minutos\" \/>\n<script type=\"application\/ld+json\" class=\"yoast-schema-graph\">{\"@context\":\"https:\\\/\\\/schema.org\",\"@graph\":[{\"@type\":\"Article\",\"@id\":\"https:\\\/\\\/somos-hermanos.mx\\\/index.php\\\/2025\\\/08\\\/04\\\/fundacion-adm-lleva-el-programa-de-cepidi-a-primaras-de-la-cdmx\\\/#article\",\"isPartOf\":{\"@id\":\"https:\\\/\\\/somos-hermanos.mx\\\/index.php\\\/2025\\\/08\\\/04\\\/fundacion-adm-lleva-el-programa-de-cepidi-a-primaras-de-la-cdmx\\\/\"},\"author\":{\"name\":\"Jes\u00fas Arizmendi\",\"@id\":\"https:\\\/\\\/somos-hermanos.mx\\\/#\\\/schema\\\/person\\\/945cdfed39314d9db1242f593aecb908\"},\"headline\":\"Fundaci\u00f3n ADM lleva el programa de CEPIDI a primaras de la CDMX\",\"datePublished\":\"2025-08-04T09:34:10+00:00\",\"mainEntityOfPage\":{\"@id\":\"https:\\\/\\\/somos-hermanos.mx\\\/index.php\\\/2025\\\/08\\\/04\\\/fundacion-adm-lleva-el-programa-de-cepidi-a-primaras-de-la-cdmx\\\/\"},\"wordCount\":348,\"commentCount\":0,\"publisher\":{\"@id\":\"https:\\\/\\\/somos-hermanos.mx\\\/#organization\"},\"image\":{\"@id\":\"https:\\\/\\\/somos-hermanos.mx\\\/index.php\\\/2025\\\/08\\\/04\\\/fundacion-adm-lleva-el-programa-de-cepidi-a-primaras-de-la-cdmx\\\/#primaryimage\"},\"thumbnailUrl\":\"https:\\\/\\\/somos-hermanos.mx\\\/wp-content\\\/uploads\\\/2025\\\/08\\\/adm1.jpeg\",\"articleSection\":[\"Noticias\"],\"inLanguage\":\"es\",\"potentialAction\":[{\"@type\":\"CommentAction\",\"name\":\"Comment\",\"target\":[\"https:\\\/\\\/somos-hermanos.mx\\\/index.php\\\/2025\\\/08\\\/04\\\/fundacion-adm-lleva-el-programa-de-cepidi-a-primaras-de-la-cdmx\\\/#respond\"]}]},{\"@type\":\"WebPage\",\"@id\":\"https:\\\/\\\/somos-hermanos.mx\\\/index.php\\\/2025\\\/08\\\/04\\\/fundacion-adm-lleva-el-programa-de-cepidi-a-primaras-de-la-cdmx\\\/\",\"url\":\"https:\\\/\\\/somos-hermanos.mx\\\/index.php\\\/2025\\\/08\\\/04\\\/fundacion-adm-lleva-el-programa-de-cepidi-a-primaras-de-la-cdmx\\\/\",\"name\":\"Fundaci\u00f3n ADM lleva el programa de CEPIDI a primaras de la CDMX - Historias que inspiran...\",\"isPartOf\":{\"@id\":\"https:\\\/\\\/somos-hermanos.mx\\\/#website\"},\"primaryImageOfPage\":{\"@id\":\"https:\\\/\\\/somos-hermanos.mx\\\/index.php\\\/2025\\\/08\\\/04\\\/fundacion-adm-lleva-el-programa-de-cepidi-a-primaras-de-la-cdmx\\\/#primaryimage\"},\"image\":{\"@id\":\"https:\\\/\\\/somos-hermanos.mx\\\/index.php\\\/2025\\\/08\\\/04\\\/fundacion-adm-lleva-el-programa-de-cepidi-a-primaras-de-la-cdmx\\\/#primaryimage\"},\"thumbnailUrl\":\"https:\\\/\\\/somos-hermanos.mx\\\/wp-content\\\/uploads\\\/2025\\\/08\\\/adm1.jpeg\",\"datePublished\":\"2025-08-04T09:34:10+00:00\",\"breadcrumb\":{\"@id\":\"https:\\\/\\\/somos-hermanos.mx\\\/index.php\\\/2025\\\/08\\\/04\\\/fundacion-adm-lleva-el-programa-de-cepidi-a-primaras-de-la-cdmx\\\/#breadcrumb\"},\"inLanguage\":\"es\",\"potentialAction\":[{\"@type\":\"ReadAction\",\"target\":[\"https:\\\/\\\/somos-hermanos.mx\\\/index.php\\\/2025\\\/08\\\/04\\\/fundacion-adm-lleva-el-programa-de-cepidi-a-primaras-de-la-cdmx\\\/\"]}]},{\"@type\":\"ImageObject\",\"inLanguage\":\"es\",\"@id\":\"https:\\\/\\\/somos-hermanos.mx\\\/index.php\\\/2025\\\/08\\\/04\\\/fundacion-adm-lleva-el-programa-de-cepidi-a-primaras-de-la-cdmx\\\/#primaryimage\",\"url\":\"https:\\\/\\\/somos-hermanos.mx\\\/wp-content\\\/uploads\\\/2025\\\/08\\\/adm1.jpeg\",\"contentUrl\":\"https:\\\/\\\/somos-hermanos.mx\\\/wp-content\\\/uploads\\\/2025\\\/08\\\/adm1.jpeg\",\"width\":1600,\"height\":1204},{\"@type\":\"BreadcrumbList\",\"@id\":\"https:\\\/\\\/somos-hermanos.mx\\\/index.php\\\/2025\\\/08\\\/04\\\/fundacion-adm-lleva-el-programa-de-cepidi-a-primaras-de-la-cdmx\\\/#breadcrumb\",\"itemListElement\":[{\"@type\":\"ListItem\",\"position\":1,\"name\":\"Inicio\",\"item\":\"https:\\\/\\\/somos-hermanos.mx\\\/\"},{\"@type\":\"ListItem\",\"position\":2,\"name\":\"Fundaci\u00f3n ADM lleva el programa de CEPIDI a primaras de la CDMX\"}]},{\"@type\":\"WebSite\",\"@id\":\"https:\\\/\\\/somos-hermanos.mx\\\/#website\",\"url\":\"https:\\\/\\\/somos-hermanos.mx\\\/\",\"name\":\"Historias que inspiran...\",\"description\":\"Somos la voz del altruismo en M\u00e9xico\",\"publisher\":{\"@id\":\"https:\\\/\\\/somos-hermanos.mx\\\/#organization\"},\"potentialAction\":[{\"@type\":\"SearchAction\",\"target\":{\"@type\":\"EntryPoint\",\"urlTemplate\":\"https:\\\/\\\/somos-hermanos.mx\\\/?s={search_term_string}\"},\"query-input\":{\"@type\":\"PropertyValueSpecification\",\"valueRequired\":true,\"valueName\":\"search_term_string\"}}],\"inLanguage\":\"es\"},{\"@type\":\"Organization\",\"@id\":\"https:\\\/\\\/somos-hermanos.mx\\\/#organization\",\"name\":\"Somos Hermanos\",\"url\":\"https:\\\/\\\/somos-hermanos.mx\\\/\",\"logo\":{\"@type\":\"ImageObject\",\"inLanguage\":\"es\",\"@id\":\"https:\\\/\\\/somos-hermanos.mx\\\/#\\\/schema\\\/logo\\\/image\\\/\",\"url\":\"https:\\\/\\\/somos-hermanos.mx\\\/wp-content\\\/uploads\\\/2025\\\/08\\\/SH30-1.jpeg\",\"contentUrl\":\"https:\\\/\\\/somos-hermanos.mx\\\/wp-content\\\/uploads\\\/2025\\\/08\\\/SH30-1.jpeg\",\"width\":1600,\"height\":1142,\"caption\":\"Somos Hermanos\"},\"image\":{\"@id\":\"https:\\\/\\\/somos-hermanos.mx\\\/#\\\/schema\\\/logo\\\/image\\\/\"},\"sameAs\":[\"https:\\\/\\\/www.facebook.com\\\/SomosHermanosIAP\\\/\",\"https:\\\/\\\/x.com\\\/Somos__Hermanos\",\"https:\\\/\\\/www.instagram.com\\\/somos__hermanos\\\/#\",\"https:\\\/\\\/www.tiktok.com\\\/@somoshermanosiap\",\"https:\\\/\\\/www.youtube.com\\\/@somoshermanosiap1201\\\/videos\"]},{\"@type\":\"Person\",\"@id\":\"https:\\\/\\\/somos-hermanos.mx\\\/#\\\/schema\\\/person\\\/945cdfed39314d9db1242f593aecb908\",\"name\":\"Jes\u00fas Arizmendi\",\"image\":{\"@type\":\"ImageObject\",\"inLanguage\":\"es\",\"@id\":\"https:\\\/\\\/secure.gravatar.com\\\/avatar\\\/9d2f2284f2cc108aae42b8fdb13afa29b801f64001b731516b830e4926cc1b4b?s=96&d=mm&r=g\",\"url\":\"https:\\\/\\\/secure.gravatar.com\\\/avatar\\\/9d2f2284f2cc108aae42b8fdb13afa29b801f64001b731516b830e4926cc1b4b?s=96&d=mm&r=g\",\"contentUrl\":\"https:\\\/\\\/secure.gravatar.com\\\/avatar\\\/9d2f2284f2cc108aae42b8fdb13afa29b801f64001b731516b830e4926cc1b4b?s=96&d=mm&r=g\",\"caption\":\"Jes\u00fas Arizmendi\"},\"url\":\"https:\\\/\\\/somos-hermanos.mx\\\/index.php\\\/author\\\/jesus-arizmendi\\\/\"}]}<\/script>\n<!-- \/ Yoast SEO plugin. -->","yoast_head_json":{"title":"Fundaci\u00f3n ADM lleva el programa de CEPIDI a primaras de la CDMX - Historias que inspiran...","robots":{"index":"index","follow":"follow","max-snippet":"max-snippet:-1","max-image-preview":"max-image-preview:large","max-video-preview":"max-video-preview:-1"},"canonical":"https:\/\/somos-hermanos.mx\/index.php\/2025\/08\/04\/fundacion-adm-lleva-el-programa-de-cepidi-a-primaras-de-la-cdmx\/","og_locale":"es_MX","og_type":"article","og_title":"Fundaci\u00f3n ADM lleva el programa de CEPIDI a primaras de la CDMX - Historias que inspiran...","og_description":"La salud bucal en ni\u00f1os\u00a0es crucial para su bienestar general, incluyendo la nutrici\u00f3n, el habla, la autoestima\u00a0y el desarrollo de dientes permanentes saludables. Una buena higiene bucal desde temprana edad previene problemas como caries, enfermedades de las enc\u00edas y otras complicaciones que pueden afectar la salud general del ni\u00f1o. Por tal motivo y con el [&hellip;]","og_url":"https:\/\/somos-hermanos.mx\/index.php\/2025\/08\/04\/fundacion-adm-lleva-el-programa-de-cepidi-a-primaras-de-la-cdmx\/","og_site_name":"Historias que inspiran...","article_publisher":"https:\/\/www.facebook.com\/SomosHermanosIAP\/","article_published_time":"2025-08-04T09:34:10+00:00","og_image":[{"width":1600,"height":1204,"url":"https:\/\/somos-hermanos.mx\/wp-content\/uploads\/2025\/08\/adm1.jpeg","type":"image\/jpeg"}],"author":"Jes\u00fas Arizmendi","twitter_card":"summary_large_image","twitter_creator":"@Somos__Hermanos","twitter_site":"@Somos__Hermanos","twitter_misc":{"Escrito por":"Jes\u00fas Arizmendi","Tiempo de lectura":"2 minutos"},"schema":{"@context":"https:\/\/schema.org","@graph":[{"@type":"Article","@id":"https:\/\/somos-hermanos.mx\/index.php\/2025\/08\/04\/fundacion-adm-lleva-el-programa-de-cepidi-a-primaras-de-la-cdmx\/#article","isPartOf":{"@id":"https:\/\/somos-hermanos.mx\/index.php\/2025\/08\/04\/fundacion-adm-lleva-el-programa-de-cepidi-a-primaras-de-la-cdmx\/"},"author":{"name":"Jes\u00fas Arizmendi","@id":"https:\/\/somos-hermanos.mx\/#\/schema\/person\/945cdfed39314d9db1242f593aecb908"},"headline":"Fundaci\u00f3n ADM lleva el programa de CEPIDI a primaras de la CDMX","datePublished":"2025-08-04T09:34:10+00:00","mainEntityOfPage":{"@id":"https:\/\/somos-hermanos.mx\/index.php\/2025\/08\/04\/fundacion-adm-lleva-el-programa-de-cepidi-a-primaras-de-la-cdmx\/"},"wordCount":348,"commentCount":0,"publisher":{"@id":"https:\/\/somos-hermanos.mx\/#organization"},"image":{"@id":"https:\/\/somos-hermanos.mx\/index.php\/2025\/08\/04\/fundacion-adm-lleva-el-programa-de-cepidi-a-primaras-de-la-cdmx\/#primaryimage"},"thumbnailUrl":"https:\/\/somos-hermanos.mx\/wp-content\/uploads\/2025\/08\/adm1.jpeg","articleSection":["Noticias"],"inLanguage":"es","potentialAction":[{"@type":"CommentAction","name":"Comment","target":["https:\/\/somos-hermanos.mx\/index.php\/2025\/08\/04\/fundacion-adm-lleva-el-programa-de-cepidi-a-primaras-de-la-cdmx\/#respond"]}]},{"@type":"WebPage","@id":"https:\/\/somos-hermanos.mx\/index.php\/2025\/08\/04\/fundacion-adm-lleva-el-programa-de-cepidi-a-primaras-de-la-cdmx\/","url":"https:\/\/somos-hermanos.mx\/index.php\/2025\/08\/04\/fundacion-adm-lleva-el-programa-de-cepidi-a-primaras-de-la-cdmx\/","name":"Fundaci\u00f3n ADM lleva el programa de CEPIDI a primaras de la CDMX - Historias que inspiran...","isPartOf":{"@id":"https:\/\/somos-hermanos.mx\/#website"},"primaryImageOfPage":{"@id":"https:\/\/somos-hermanos.mx\/index.php\/2025\/08\/04\/fundacion-adm-lleva-el-programa-de-cepidi-a-primaras-de-la-cdmx\/#primaryimage"},"image":{"@id":"https:\/\/somos-hermanos.mx\/index.php\/2025\/08\/04\/fundacion-adm-lleva-el-programa-de-cepidi-a-primaras-de-la-cdmx\/#primaryimage"},"thumbnailUrl":"https:\/\/somos-hermanos.mx\/wp-content\/uploads\/2025\/08\/adm1.jpeg","datePublished":"2025-08-04T09:34:10+00:00","breadcrumb":{"@id":"https:\/\/somos-hermanos.mx\/index.php\/2025\/08\/04\/fundacion-adm-lleva-el-programa-de-cepidi-a-primaras-de-la-cdmx\/#breadcrumb"},"inLanguage":"es","potentialAction":[{"@type":"ReadAction","target":["https:\/\/somos-hermanos.mx\/index.php\/2025\/08\/04\/fundacion-adm-lleva-el-programa-de-cepidi-a-primaras-de-la-cdmx\/"]}]},{"@type":"ImageObject","inLanguage":"es","@id":"https:\/\/somos-hermanos.mx\/index.php\/2025\/08\/04\/fundacion-adm-lleva-el-programa-de-cepidi-a-primaras-de-la-cdmx\/#primaryimage","url":"https:\/\/somos-hermanos.mx\/wp-content\/uploads\/2025\/08\/adm1.jpeg","contentUrl":"https:\/\/somos-hermanos.mx\/wp-content\/uploads\/2025\/08\/adm1.jpeg","width":1600,"height":1204},{"@type":"BreadcrumbList","@id":"https:\/\/somos-hermanos.mx\/index.php\/2025\/08\/04\/fundacion-adm-lleva-el-programa-de-cepidi-a-primaras-de-la-cdmx\/#breadcrumb","itemListElement":[{"@type":"ListItem","position":1,"name":"Inicio","item":"https:\/\/somos-hermanos.mx\/"},{"@type":"ListItem","position":2,"name":"Fundaci\u00f3n ADM lleva el programa de CEPIDI a primaras de la CDMX"}]},{"@type":"WebSite","@id":"https:\/\/somos-hermanos.mx\/#website","url":"https:\/\/somos-hermanos.mx\/","name":"Historias que inspiran...","description":"Somos la voz del altruismo en M\u00e9xico","publisher":{"@id":"https:\/\/somos-hermanos.mx\/#organization"},"potentialAction":[{"@type":"SearchAction","target":{"@type":"EntryPoint","urlTemplate":"https:\/\/somos-hermanos.mx\/?s={search_term_string}"},"query-input":{"@type":"PropertyValueSpecification","valueRequired":true,"valueName":"search_term_string"}}],"inLanguage":"es"},{"@type":"Organization","@id":"https:\/\/somos-hermanos.mx\/#organization","name":"Somos Hermanos","url":"https:\/\/somos-hermanos.mx\/","logo":{"@type":"ImageObject","inLanguage":"es","@id":"https:\/\/somos-hermanos.mx\/#\/schema\/logo\/image\/","url":"https:\/\/somos-hermanos.mx\/wp-content\/uploads\/2025\/08\/SH30-1.jpeg","contentUrl":"https:\/\/somos-hermanos.mx\/wp-content\/uploads\/2025\/08\/SH30-1.jpeg","width":1600,"height":1142,"caption":"Somos Hermanos"},"image":{"@id":"https:\/\/somos-hermanos.mx\/#\/schema\/logo\/image\/"},"sameAs":["https:\/\/www.facebook.com\/SomosHermanosIAP\/","https:\/\/x.com\/Somos__Hermanos","https:\/\/www.instagram.com\/somos__hermanos\/#","https:\/\/www.tiktok.com\/@somoshermanosiap","https:\/\/www.youtube.com\/@somoshermanosiap1201\/videos"]},{"@type":"Person","@id":"https:\/\/somos-hermanos.mx\/#\/schema\/person\/945cdfed39314d9db1242f593aecb908","name":"Jes\u00fas Arizmendi","image":{"@type":"ImageObject","inLanguage":"es","@id":"https:\/\/secure.gravatar.com\/avatar\/9d2f2284f2cc108aae42b8fdb13afa29b801f64001b731516b830e4926cc1b4b?s=96&d=mm&r=g","url":"https:\/\/secure.gravatar.com\/avatar\/9d2f2284f2cc108aae42b8fdb13afa29b801f64001b731516b830e4926cc1b4b?s=96&d=mm&r=g","contentUrl":"https:\/\/secure.gravatar.com\/avatar\/9d2f2284f2cc108aae42b8fdb13afa29b801f64001b731516b830e4926cc1b4b?s=96&d=mm&r=g","caption":"Jes\u00fas Arizmendi"},"url":"https:\/\/somos-hermanos.mx\/index.php\/author\/jesus-arizmendi\/"}]}},"_links":{"self":[{"href":"https:\/\/somos-hermanos.mx\/index.php\/wp-json\/wp\/v2\/posts\/939","targetHints":{"allow":["GET"]}}],"collection":[{"href":"https:\/\/somos-hermanos.mx\/index.php\/wp-json\/wp\/v2\/posts"}],"about":[{"href":"https:\/\/somos-hermanos.mx\/index.php\/wp-json\/wp\/v2\/types\/post"}],"author":[{"embeddable":true,"href":"https:\/\/somos-hermanos.mx\/index.php\/wp-json\/wp\/v2\/users\/8"}],"replies":[{"embeddable":true,"href":"https:\/\/somos-hermanos.mx\/index.php\/wp-json\/wp\/v2\/comments?post=939"}],"version-history":[{"count":1,"href":"https:\/\/somos-hermanos.mx\/index.php\/wp-json\/wp\/v2\/posts\/939\/revisions"}],"predecessor-version":[{"id":941,"href":"https:\/\/somos-hermanos.mx\/index.php\/wp-json\/wp\/v2\/posts\/939\/revisions\/941"}],"wp:featuredmedia":[{"embeddable":true,"href":"https:\/\/somos-hermanos.mx\/index.php\/wp-json\/wp\/v2\/media\/940"}],"wp:attachment":[{"href":"https:\/\/somos-hermanos.mx\/index.php\/wp-json\/wp\/v2\/media?parent=939"}],"wp:term":[{"taxonomy":"category","embeddable":true,"href":"https:\/\/somos-hermanos.mx\/index.php\/wp-json\/wp\/v2\/categories?post=939"},{"taxonomy":"post_tag","embeddable":true,"href":"https:\/\/somos-hermanos.mx\/index.php\/wp-json\/wp\/v2\/tags?post=939"}],"curies":[{"name":"wp","href":"https:\/\/api.w.org\/{rel}","templated":true}]}}