{"id":936,"date":"2025-08-04T03:33:06","date_gmt":"2025-08-04T09:33:06","guid":{"rendered":"https:\/\/somos-hermanos.mx\/?p=936"},"modified":"2025-08-04T03:33:06","modified_gmt":"2025-08-04T09:33:06","slug":"aulas-sin-miedo-dialogos-por-entornos-escolares-libres-de-violencia-en-el-primer-foro-anti-bullying-protocol","status":"publish","type":"post","link":"https:\/\/somos-hermanos.mx\/index.php\/2025\/08\/04\/aulas-sin-miedo-dialogos-por-entornos-escolares-libres-de-violencia-en-el-primer-foro-anti-bullying-protocol\/","title":{"rendered":"Aulas sin Miedo: Di\u00e1logos por Entornos Escolares Libres de Violencia en el primer foro Anti-Bullying Protocol"},"content":{"rendered":"<p>El acoso escolar <strong>es un tema alarmante en la sociedad mexicana. <\/strong>Las acciones para detener la violencia escolar y el cyberacoso lograron que se realizara <strong>el primer foro \u201cAulas sin Miedo: Di\u00e1logos por Entornos Escolares Libres de Violencia\u201d <\/strong>el pasado 16 de junio.<\/p>\n<p>Bajo el proyecto de <strong>Anti-Bullying Protocol, <\/strong>se efectu\u00f3 en las instalaciones del Partido Acci\u00f3n Nacional en la CDMX, un encuentro sin precedentes de escala nacional que reuni\u00f3 a expertos del \u00e1mbito educativo, tecnol\u00f3gico, y de salud mental para abordar estas alarmantes tem\u00e1ticas.<\/p>\n<p>Para la materializaci\u00f3n de este foro, se tuvo como objetivo principal develar el acoso escolar en todas sus manifestaciones, por lo que la ma\u00f1ana y tarde de aquel martes fue dedicado a brindar informaci\u00f3n, estad\u00edsticas, datos duros y testimonios por parte de los asistentes.<\/p>\n<p>En este foro tambi\u00e9n se mencion\u00f3 la revisi\u00f3n de la norma <strong>BULL-LI-2015\/A<\/strong>, el primer instrumento normativo en su tipo de magnitud global para abordar el bullying en entornos escolares, que inici\u00f3 el pasado <strong>7 de mayo de 2025<\/strong>, que marc\u00f3 un antes y un despu\u00e9s en la forma en la que M\u00e9xico va enfrentar esta problem\u00e1tica.<\/p>\n<p>Dentro de los exponentes, se encontraba el Dr. Carlos Ruiz, Consejero Honor\u00edfico Antibullying compar\u00f3 mediante experiencias internacionales las estad\u00edsticas de otros pa\u00edses y c\u00f3mo se ha logrado disminuir de forma considerable las tasas de violencia y acoso escolar y que es posible aplicar estas acciones en M\u00e9xico.<\/p>\n<p>Tras dar la conferencia inicial del foro, el Lic. \u00d3scar David Hern\u00e1ndez Carranza, tom\u00f3 la palabra para dirigirse a los presentes y destacar el impacto econ\u00f3mico que trae consigo el bullying para M\u00e9xico.<\/p>\n<p>Abordar el apartado psicol\u00f3gico y emocional se cubri\u00f3 gracias a la Mtra. Tania Mart\u00ednez Liz\u00e1rraga, Directora de la Unidad de Medicina Cl\u00ednica de la Universidad Panamericana para destacar que el \u201cbullying no solo lastima el cuerpo, hiere la mente. Por ello proteger la salud mental es crear aulas sin miedo\u201d. Mencion\u00f3.<\/p>\n<p><strong>Abarcar el \u00e1mbito legal fue posible mediante la intervenci\u00f3n de Ana Luc\u00eda Medina, cofundadora de la organizaci\u00f3n de activismo Digital SocCivilMX, <\/strong>quien present\u00f3 el panorama actual jur\u00eddico de las leyes y normas a nivel federal y local, que a su vez propuso la creaci\u00f3n de una asignatura obligatoria sobre prevenci\u00f3n del delito y convivencia escolar.<\/p>\n<p>Finalmente, la Dra. Herzel Garc\u00eda M\u00e1rquez explic\u00f3 que Elab es un laboratorio de Pol\u00edticas Educativas y busca promover la educaci\u00f3n como derecho humano, bien p\u00fablico y elemento de transformaci\u00f3n social.<\/p>\n<p>Para concluir el evento, se dio paso a que los asistentes pudieran compartir experiencias y puntos de vista acerca de los temas planteados, y desde madres de familia contando los casos que sufrieron con sus hijos a causa del cyberacoso y violencia escolar, hasta actores de la Sociedad Civil que buscan encontrar m\u00e1s espacios de compartici\u00f3n y acci\u00f3n.<\/p>\n<p><strong>Tener Aulas sin Miedo es posible, pero es cuesti\u00f3n de trabajo en equipo entre todos los actores<\/strong>\u00a0desde dentro de las instancias educativas, hasta padres de familia y comunidades en la sociedad, este fue un paso firme para lograr el objetivo y con unidad es posible lograrlo.<\/p>\n","protected":false},"excerpt":{"rendered":"<p>El acoso escolar es un tema alarmante en la sociedad mexicana. Las acciones para detener la violencia escolar y el cyberacoso lograron que se realizara el primer foro \u201cAulas sin Miedo: Di\u00e1logos por Entornos Escolares Libres de Violencia\u201d el pasado 16 de junio. Bajo el proyecto de Anti-Bullying Protocol, se efectu\u00f3 en las instalaciones del [&hellip;]<\/p>\n","protected":false},"author":10,"featured_media":937,"comment_status":"open","ping_status":"closed","sticky":false,"template":"","format":"standard","meta":{"footnotes":""},"categories":[6],"tags":[],"class_list":["post-936","post","type-post","status-publish","format-standard","has-post-thumbnail","hentry","category-noticias"],"yoast_head":"<!-- This site is optimized with the Yoast SEO plugin v27.5 - https:\/\/yoast.com\/product\/yoast-seo-wordpress\/ -->\n<title>Aulas sin Miedo: Di\u00e1logos por Entornos Escolares Libres de Violencia en el primer foro Anti-Bullying Protocol - Historias que inspiran...<\/title>\n<meta name=\"robots\" content=\"index, follow, max-snippet:-1, max-image-preview:large, max-video-preview:-1\" \/>\n<link rel=\"canonical\" href=\"https:\/\/somos-hermanos.mx\/index.php\/2025\/08\/04\/aulas-sin-miedo-dialogos-por-entornos-escolares-libres-de-violencia-en-el-primer-foro-anti-bullying-protocol\/\" \/>\n<meta property=\"og:locale\" content=\"es_MX\" \/>\n<meta property=\"og:type\" content=\"article\" \/>\n<meta property=\"og:title\" content=\"Aulas sin Miedo: Di\u00e1logos por Entornos Escolares Libres de Violencia en el primer foro Anti-Bullying Protocol - Historias que inspiran...\" \/>\n<meta property=\"og:description\" content=\"El acoso escolar es un tema alarmante en la sociedad mexicana. Las acciones para detener la violencia escolar y el cyberacoso lograron que se realizara el primer foro \u201cAulas sin Miedo: Di\u00e1logos por Entornos Escolares Libres de Violencia\u201d el pasado 16 de junio. Bajo el proyecto de Anti-Bullying Protocol, se efectu\u00f3 en las instalaciones del [&hellip;]\" \/>\n<meta property=\"og:url\" content=\"https:\/\/somos-hermanos.mx\/index.php\/2025\/08\/04\/aulas-sin-miedo-dialogos-por-entornos-escolares-libres-de-violencia-en-el-primer-foro-anti-bullying-protocol\/\" \/>\n<meta property=\"og:site_name\" content=\"Historias que inspiran...\" \/>\n<meta property=\"article:publisher\" content=\"https:\/\/www.facebook.com\/SomosHermanosIAP\/\" \/>\n<meta property=\"article:published_time\" content=\"2025-08-04T09:33:06+00:00\" \/>\n<meta property=\"og:image\" content=\"https:\/\/somos-hermanos.mx\/wp-content\/uploads\/2025\/08\/bully.jpeg\" \/>\n\t<meta property=\"og:image:width\" content=\"1600\" \/>\n\t<meta property=\"og:image:height\" content=\"900\" \/>\n\t<meta property=\"og:image:type\" content=\"image\/jpeg\" \/>\n<meta name=\"author\" content=\"Carlos Hernandez Huerta\" \/>\n<meta name=\"twitter:card\" content=\"summary_large_image\" \/>\n<meta name=\"twitter:creator\" content=\"@Somos__Hermanos\" \/>\n<meta name=\"twitter:site\" content=\"@Somos__Hermanos\" \/>\n<meta name=\"twitter:label1\" content=\"Escrito por\" \/>\n\t<meta name=\"twitter:data1\" content=\"Carlos Hernandez Huerta\" \/>\n\t<meta name=\"twitter:label2\" content=\"Tiempo de lectura\" \/>\n\t<meta name=\"twitter:data2\" content=\"3 minutos\" \/>\n<script type=\"application\/ld+json\" class=\"yoast-schema-graph\">{\"@context\":\"https:\\\/\\\/schema.org\",\"@graph\":[{\"@type\":\"Article\",\"@id\":\"https:\\\/\\\/somos-hermanos.mx\\\/index.php\\\/2025\\\/08\\\/04\\\/aulas-sin-miedo-dialogos-por-entornos-escolares-libres-de-violencia-en-el-primer-foro-anti-bullying-protocol\\\/#article\",\"isPartOf\":{\"@id\":\"https:\\\/\\\/somos-hermanos.mx\\\/index.php\\\/2025\\\/08\\\/04\\\/aulas-sin-miedo-dialogos-por-entornos-escolares-libres-de-violencia-en-el-primer-foro-anti-bullying-protocol\\\/\"},\"author\":{\"name\":\"Carlos Hernandez Huerta\",\"@id\":\"https:\\\/\\\/somos-hermanos.mx\\\/#\\\/schema\\\/person\\\/2466d21e6ade208f45dbc821298d62b6\"},\"headline\":\"Aulas sin Miedo: Di\u00e1logos por Entornos Escolares Libres de Violencia en el primer foro Anti-Bullying Protocol\",\"datePublished\":\"2025-08-04T09:33:06+00:00\",\"mainEntityOfPage\":{\"@id\":\"https:\\\/\\\/somos-hermanos.mx\\\/index.php\\\/2025\\\/08\\\/04\\\/aulas-sin-miedo-dialogos-por-entornos-escolares-libres-de-violencia-en-el-primer-foro-anti-bullying-protocol\\\/\"},\"wordCount\":562,\"commentCount\":0,\"publisher\":{\"@id\":\"https:\\\/\\\/somos-hermanos.mx\\\/#organization\"},\"image\":{\"@id\":\"https:\\\/\\\/somos-hermanos.mx\\\/index.php\\\/2025\\\/08\\\/04\\\/aulas-sin-miedo-dialogos-por-entornos-escolares-libres-de-violencia-en-el-primer-foro-anti-bullying-protocol\\\/#primaryimage\"},\"thumbnailUrl\":\"https:\\\/\\\/somos-hermanos.mx\\\/wp-content\\\/uploads\\\/2025\\\/08\\\/bully.jpeg\",\"articleSection\":[\"Noticias\"],\"inLanguage\":\"es\",\"potentialAction\":[{\"@type\":\"CommentAction\",\"name\":\"Comment\",\"target\":[\"https:\\\/\\\/somos-hermanos.mx\\\/index.php\\\/2025\\\/08\\\/04\\\/aulas-sin-miedo-dialogos-por-entornos-escolares-libres-de-violencia-en-el-primer-foro-anti-bullying-protocol\\\/#respond\"]}]},{\"@type\":\"WebPage\",\"@id\":\"https:\\\/\\\/somos-hermanos.mx\\\/index.php\\\/2025\\\/08\\\/04\\\/aulas-sin-miedo-dialogos-por-entornos-escolares-libres-de-violencia-en-el-primer-foro-anti-bullying-protocol\\\/\",\"url\":\"https:\\\/\\\/somos-hermanos.mx\\\/index.php\\\/2025\\\/08\\\/04\\\/aulas-sin-miedo-dialogos-por-entornos-escolares-libres-de-violencia-en-el-primer-foro-anti-bullying-protocol\\\/\",\"name\":\"Aulas sin Miedo: Di\u00e1logos por Entornos Escolares Libres de Violencia en el primer foro Anti-Bullying Protocol - Historias que inspiran...\",\"isPartOf\":{\"@id\":\"https:\\\/\\\/somos-hermanos.mx\\\/#website\"},\"primaryImageOfPage\":{\"@id\":\"https:\\\/\\\/somos-hermanos.mx\\\/index.php\\\/2025\\\/08\\\/04\\\/aulas-sin-miedo-dialogos-por-entornos-escolares-libres-de-violencia-en-el-primer-foro-anti-bullying-protocol\\\/#primaryimage\"},\"image\":{\"@id\":\"https:\\\/\\\/somos-hermanos.mx\\\/index.php\\\/2025\\\/08\\\/04\\\/aulas-sin-miedo-dialogos-por-entornos-escolares-libres-de-violencia-en-el-primer-foro-anti-bullying-protocol\\\/#primaryimage\"},\"thumbnailUrl\":\"https:\\\/\\\/somos-hermanos.mx\\\/wp-content\\\/uploads\\\/2025\\\/08\\\/bully.jpeg\",\"datePublished\":\"2025-08-04T09:33:06+00:00\",\"breadcrumb\":{\"@id\":\"https:\\\/\\\/somos-hermanos.mx\\\/index.php\\\/2025\\\/08\\\/04\\\/aulas-sin-miedo-dialogos-por-entornos-escolares-libres-de-violencia-en-el-primer-foro-anti-bullying-protocol\\\/#breadcrumb\"},\"inLanguage\":\"es\",\"potentialAction\":[{\"@type\":\"ReadAction\",\"target\":[\"https:\\\/\\\/somos-hermanos.mx\\\/index.php\\\/2025\\\/08\\\/04\\\/aulas-sin-miedo-dialogos-por-entornos-escolares-libres-de-violencia-en-el-primer-foro-anti-bullying-protocol\\\/\"]}]},{\"@type\":\"ImageObject\",\"inLanguage\":\"es\",\"@id\":\"https:\\\/\\\/somos-hermanos.mx\\\/index.php\\\/2025\\\/08\\\/04\\\/aulas-sin-miedo-dialogos-por-entornos-escolares-libres-de-violencia-en-el-primer-foro-anti-bullying-protocol\\\/#primaryimage\",\"url\":\"https:\\\/\\\/somos-hermanos.mx\\\/wp-content\\\/uploads\\\/2025\\\/08\\\/bully.jpeg\",\"contentUrl\":\"https:\\\/\\\/somos-hermanos.mx\\\/wp-content\\\/uploads\\\/2025\\\/08\\\/bully.jpeg\",\"width\":1600,\"height\":900},{\"@type\":\"BreadcrumbList\",\"@id\":\"https:\\\/\\\/somos-hermanos.mx\\\/index.php\\\/2025\\\/08\\\/04\\\/aulas-sin-miedo-dialogos-por-entornos-escolares-libres-de-violencia-en-el-primer-foro-anti-bullying-protocol\\\/#breadcrumb\",\"itemListElement\":[{\"@type\":\"ListItem\",\"position\":1,\"name\":\"Inicio\",\"item\":\"https:\\\/\\\/somos-hermanos.mx\\\/\"},{\"@type\":\"ListItem\",\"position\":2,\"name\":\"Aulas sin Miedo: Di\u00e1logos por Entornos Escolares Libres de Violencia en el primer foro Anti-Bullying Protocol\"}]},{\"@type\":\"WebSite\",\"@id\":\"https:\\\/\\\/somos-hermanos.mx\\\/#website\",\"url\":\"https:\\\/\\\/somos-hermanos.mx\\\/\",\"name\":\"Historias que inspiran...\",\"description\":\"Somos la voz del altruismo en M\u00e9xico\",\"publisher\":{\"@id\":\"https:\\\/\\\/somos-hermanos.mx\\\/#organization\"},\"potentialAction\":[{\"@type\":\"SearchAction\",\"target\":{\"@type\":\"EntryPoint\",\"urlTemplate\":\"https:\\\/\\\/somos-hermanos.mx\\\/?s={search_term_string}\"},\"query-input\":{\"@type\":\"PropertyValueSpecification\",\"valueRequired\":true,\"valueName\":\"search_term_string\"}}],\"inLanguage\":\"es\"},{\"@type\":\"Organization\",\"@id\":\"https:\\\/\\\/somos-hermanos.mx\\\/#organization\",\"name\":\"Somos Hermanos\",\"url\":\"https:\\\/\\\/somos-hermanos.mx\\\/\",\"logo\":{\"@type\":\"ImageObject\",\"inLanguage\":\"es\",\"@id\":\"https:\\\/\\\/somos-hermanos.mx\\\/#\\\/schema\\\/logo\\\/image\\\/\",\"url\":\"https:\\\/\\\/somos-hermanos.mx\\\/wp-content\\\/uploads\\\/2025\\\/08\\\/SH30-1.jpeg\",\"contentUrl\":\"https:\\\/\\\/somos-hermanos.mx\\\/wp-content\\\/uploads\\\/2025\\\/08\\\/SH30-1.jpeg\",\"width\":1600,\"height\":1142,\"caption\":\"Somos Hermanos\"},\"image\":{\"@id\":\"https:\\\/\\\/somos-hermanos.mx\\\/#\\\/schema\\\/logo\\\/image\\\/\"},\"sameAs\":[\"https:\\\/\\\/www.facebook.com\\\/SomosHermanosIAP\\\/\",\"https:\\\/\\\/x.com\\\/Somos__Hermanos\",\"https:\\\/\\\/www.instagram.com\\\/somos__hermanos\\\/#\",\"https:\\\/\\\/www.tiktok.com\\\/@somoshermanosiap\",\"https:\\\/\\\/www.youtube.com\\\/@somoshermanosiap1201\\\/videos\"]},{\"@type\":\"Person\",\"@id\":\"https:\\\/\\\/somos-hermanos.mx\\\/#\\\/schema\\\/person\\\/2466d21e6ade208f45dbc821298d62b6\",\"name\":\"Carlos Hernandez Huerta\",\"image\":{\"@type\":\"ImageObject\",\"inLanguage\":\"es\",\"@id\":\"https:\\\/\\\/secure.gravatar.com\\\/avatar\\\/51f6e8e89626306c560ccd8823655e34da99a1f976b5f71bb93591c6b45fd128?s=96&d=mm&r=g\",\"url\":\"https:\\\/\\\/secure.gravatar.com\\\/avatar\\\/51f6e8e89626306c560ccd8823655e34da99a1f976b5f71bb93591c6b45fd128?s=96&d=mm&r=g\",\"contentUrl\":\"https:\\\/\\\/secure.gravatar.com\\\/avatar\\\/51f6e8e89626306c560ccd8823655e34da99a1f976b5f71bb93591c6b45fd128?s=96&d=mm&r=g\",\"caption\":\"Carlos Hernandez Huerta\"},\"url\":\"https:\\\/\\\/somos-hermanos.mx\\\/index.php\\\/author\\\/carlos-hernandez-huerta\\\/\"}]}<\/script>\n<!-- \/ Yoast SEO plugin. -->","yoast_head_json":{"title":"Aulas sin Miedo: Di\u00e1logos por Entornos Escolares Libres de Violencia en el primer foro Anti-Bullying Protocol - Historias que inspiran...","robots":{"index":"index","follow":"follow","max-snippet":"max-snippet:-1","max-image-preview":"max-image-preview:large","max-video-preview":"max-video-preview:-1"},"canonical":"https:\/\/somos-hermanos.mx\/index.php\/2025\/08\/04\/aulas-sin-miedo-dialogos-por-entornos-escolares-libres-de-violencia-en-el-primer-foro-anti-bullying-protocol\/","og_locale":"es_MX","og_type":"article","og_title":"Aulas sin Miedo: Di\u00e1logos por Entornos Escolares Libres de Violencia en el primer foro Anti-Bullying Protocol - Historias que inspiran...","og_description":"El acoso escolar es un tema alarmante en la sociedad mexicana. Las acciones para detener la violencia escolar y el cyberacoso lograron que se realizara el primer foro \u201cAulas sin Miedo: Di\u00e1logos por Entornos Escolares Libres de Violencia\u201d el pasado 16 de junio. Bajo el proyecto de Anti-Bullying Protocol, se efectu\u00f3 en las instalaciones del [&hellip;]","og_url":"https:\/\/somos-hermanos.mx\/index.php\/2025\/08\/04\/aulas-sin-miedo-dialogos-por-entornos-escolares-libres-de-violencia-en-el-primer-foro-anti-bullying-protocol\/","og_site_name":"Historias que inspiran...","article_publisher":"https:\/\/www.facebook.com\/SomosHermanosIAP\/","article_published_time":"2025-08-04T09:33:06+00:00","og_image":[{"width":1600,"height":900,"url":"https:\/\/somos-hermanos.mx\/wp-content\/uploads\/2025\/08\/bully.jpeg","type":"image\/jpeg"}],"author":"Carlos Hernandez Huerta","twitter_card":"summary_large_image","twitter_creator":"@Somos__Hermanos","twitter_site":"@Somos__Hermanos","twitter_misc":{"Escrito por":"Carlos Hernandez Huerta","Tiempo de lectura":"3 minutos"},"schema":{"@context":"https:\/\/schema.org","@graph":[{"@type":"Article","@id":"https:\/\/somos-hermanos.mx\/index.php\/2025\/08\/04\/aulas-sin-miedo-dialogos-por-entornos-escolares-libres-de-violencia-en-el-primer-foro-anti-bullying-protocol\/#article","isPartOf":{"@id":"https:\/\/somos-hermanos.mx\/index.php\/2025\/08\/04\/aulas-sin-miedo-dialogos-por-entornos-escolares-libres-de-violencia-en-el-primer-foro-anti-bullying-protocol\/"},"author":{"name":"Carlos Hernandez Huerta","@id":"https:\/\/somos-hermanos.mx\/#\/schema\/person\/2466d21e6ade208f45dbc821298d62b6"},"headline":"Aulas sin Miedo: Di\u00e1logos por Entornos Escolares Libres de Violencia en el primer foro Anti-Bullying Protocol","datePublished":"2025-08-04T09:33:06+00:00","mainEntityOfPage":{"@id":"https:\/\/somos-hermanos.mx\/index.php\/2025\/08\/04\/aulas-sin-miedo-dialogos-por-entornos-escolares-libres-de-violencia-en-el-primer-foro-anti-bullying-protocol\/"},"wordCount":562,"commentCount":0,"publisher":{"@id":"https:\/\/somos-hermanos.mx\/#organization"},"image":{"@id":"https:\/\/somos-hermanos.mx\/index.php\/2025\/08\/04\/aulas-sin-miedo-dialogos-por-entornos-escolares-libres-de-violencia-en-el-primer-foro-anti-bullying-protocol\/#primaryimage"},"thumbnailUrl":"https:\/\/somos-hermanos.mx\/wp-content\/uploads\/2025\/08\/bully.jpeg","articleSection":["Noticias"],"inLanguage":"es","potentialAction":[{"@type":"CommentAction","name":"Comment","target":["https:\/\/somos-hermanos.mx\/index.php\/2025\/08\/04\/aulas-sin-miedo-dialogos-por-entornos-escolares-libres-de-violencia-en-el-primer-foro-anti-bullying-protocol\/#respond"]}]},{"@type":"WebPage","@id":"https:\/\/somos-hermanos.mx\/index.php\/2025\/08\/04\/aulas-sin-miedo-dialogos-por-entornos-escolares-libres-de-violencia-en-el-primer-foro-anti-bullying-protocol\/","url":"https:\/\/somos-hermanos.mx\/index.php\/2025\/08\/04\/aulas-sin-miedo-dialogos-por-entornos-escolares-libres-de-violencia-en-el-primer-foro-anti-bullying-protocol\/","name":"Aulas sin Miedo: Di\u00e1logos por Entornos Escolares Libres de Violencia en el primer foro Anti-Bullying Protocol - Historias que inspiran...","isPartOf":{"@id":"https:\/\/somos-hermanos.mx\/#website"},"primaryImageOfPage":{"@id":"https:\/\/somos-hermanos.mx\/index.php\/2025\/08\/04\/aulas-sin-miedo-dialogos-por-entornos-escolares-libres-de-violencia-en-el-primer-foro-anti-bullying-protocol\/#primaryimage"},"image":{"@id":"https:\/\/somos-hermanos.mx\/index.php\/2025\/08\/04\/aulas-sin-miedo-dialogos-por-entornos-escolares-libres-de-violencia-en-el-primer-foro-anti-bullying-protocol\/#primaryimage"},"thumbnailUrl":"https:\/\/somos-hermanos.mx\/wp-content\/uploads\/2025\/08\/bully.jpeg","datePublished":"2025-08-04T09:33:06+00:00","breadcrumb":{"@id":"https:\/\/somos-hermanos.mx\/index.php\/2025\/08\/04\/aulas-sin-miedo-dialogos-por-entornos-escolares-libres-de-violencia-en-el-primer-foro-anti-bullying-protocol\/#breadcrumb"},"inLanguage":"es","potentialAction":[{"@type":"ReadAction","target":["https:\/\/somos-hermanos.mx\/index.php\/2025\/08\/04\/aulas-sin-miedo-dialogos-por-entornos-escolares-libres-de-violencia-en-el-primer-foro-anti-bullying-protocol\/"]}]},{"@type":"ImageObject","inLanguage":"es","@id":"https:\/\/somos-hermanos.mx\/index.php\/2025\/08\/04\/aulas-sin-miedo-dialogos-por-entornos-escolares-libres-de-violencia-en-el-primer-foro-anti-bullying-protocol\/#primaryimage","url":"https:\/\/somos-hermanos.mx\/wp-content\/uploads\/2025\/08\/bully.jpeg","contentUrl":"https:\/\/somos-hermanos.mx\/wp-content\/uploads\/2025\/08\/bully.jpeg","width":1600,"height":900},{"@type":"BreadcrumbList","@id":"https:\/\/somos-hermanos.mx\/index.php\/2025\/08\/04\/aulas-sin-miedo-dialogos-por-entornos-escolares-libres-de-violencia-en-el-primer-foro-anti-bullying-protocol\/#breadcrumb","itemListElement":[{"@type":"ListItem","position":1,"name":"Inicio","item":"https:\/\/somos-hermanos.mx\/"},{"@type":"ListItem","position":2,"name":"Aulas sin Miedo: Di\u00e1logos por Entornos Escolares Libres de Violencia en el primer foro Anti-Bullying Protocol"}]},{"@type":"WebSite","@id":"https:\/\/somos-hermanos.mx\/#website","url":"https:\/\/somos-hermanos.mx\/","name":"Historias que inspiran...","description":"Somos la voz del altruismo en M\u00e9xico","publisher":{"@id":"https:\/\/somos-hermanos.mx\/#organization"},"potentialAction":[{"@type":"SearchAction","target":{"@type":"EntryPoint","urlTemplate":"https:\/\/somos-hermanos.mx\/?s={search_term_string}"},"query-input":{"@type":"PropertyValueSpecification","valueRequired":true,"valueName":"search_term_string"}}],"inLanguage":"es"},{"@type":"Organization","@id":"https:\/\/somos-hermanos.mx\/#organization","name":"Somos Hermanos","url":"https:\/\/somos-hermanos.mx\/","logo":{"@type":"ImageObject","inLanguage":"es","@id":"https:\/\/somos-hermanos.mx\/#\/schema\/logo\/image\/","url":"https:\/\/somos-hermanos.mx\/wp-content\/uploads\/2025\/08\/SH30-1.jpeg","contentUrl":"https:\/\/somos-hermanos.mx\/wp-content\/uploads\/2025\/08\/SH30-1.jpeg","width":1600,"height":1142,"caption":"Somos Hermanos"},"image":{"@id":"https:\/\/somos-hermanos.mx\/#\/schema\/logo\/image\/"},"sameAs":["https:\/\/www.facebook.com\/SomosHermanosIAP\/","https:\/\/x.com\/Somos__Hermanos","https:\/\/www.instagram.com\/somos__hermanos\/#","https:\/\/www.tiktok.com\/@somoshermanosiap","https:\/\/www.youtube.com\/@somoshermanosiap1201\/videos"]},{"@type":"Person","@id":"https:\/\/somos-hermanos.mx\/#\/schema\/person\/2466d21e6ade208f45dbc821298d62b6","name":"Carlos Hernandez Huerta","image":{"@type":"ImageObject","inLanguage":"es","@id":"https:\/\/secure.gravatar.com\/avatar\/51f6e8e89626306c560ccd8823655e34da99a1f976b5f71bb93591c6b45fd128?s=96&d=mm&r=g","url":"https:\/\/secure.gravatar.com\/avatar\/51f6e8e89626306c560ccd8823655e34da99a1f976b5f71bb93591c6b45fd128?s=96&d=mm&r=g","contentUrl":"https:\/\/secure.gravatar.com\/avatar\/51f6e8e89626306c560ccd8823655e34da99a1f976b5f71bb93591c6b45fd128?s=96&d=mm&r=g","caption":"Carlos Hernandez Huerta"},"url":"https:\/\/somos-hermanos.mx\/index.php\/author\/carlos-hernandez-huerta\/"}]}},"_links":{"self":[{"href":"https:\/\/somos-hermanos.mx\/index.php\/wp-json\/wp\/v2\/posts\/936","targetHints":{"allow":["GET"]}}],"collection":[{"href":"https:\/\/somos-hermanos.mx\/index.php\/wp-json\/wp\/v2\/posts"}],"about":[{"href":"https:\/\/somos-hermanos.mx\/index.php\/wp-json\/wp\/v2\/types\/post"}],"author":[{"embeddable":true,"href":"https:\/\/somos-hermanos.mx\/index.php\/wp-json\/wp\/v2\/users\/10"}],"replies":[{"embeddable":true,"href":"https:\/\/somos-hermanos.mx\/index.php\/wp-json\/wp\/v2\/comments?post=936"}],"version-history":[{"count":1,"href":"https:\/\/somos-hermanos.mx\/index.php\/wp-json\/wp\/v2\/posts\/936\/revisions"}],"predecessor-version":[{"id":938,"href":"https:\/\/somos-hermanos.mx\/index.php\/wp-json\/wp\/v2\/posts\/936\/revisions\/938"}],"wp:featuredmedia":[{"embeddable":true,"href":"https:\/\/somos-hermanos.mx\/index.php\/wp-json\/wp\/v2\/media\/937"}],"wp:attachment":[{"href":"https:\/\/somos-hermanos.mx\/index.php\/wp-json\/wp\/v2\/media?parent=936"}],"wp:term":[{"taxonomy":"category","embeddable":true,"href":"https:\/\/somos-hermanos.mx\/index.php\/wp-json\/wp\/v2\/categories?post=936"},{"taxonomy":"post_tag","embeddable":true,"href":"https:\/\/somos-hermanos.mx\/index.php\/wp-json\/wp\/v2\/tags?post=936"}],"curies":[{"name":"wp","href":"https:\/\/api.w.org\/{rel}","templated":true}]}}