{"id":933,"date":"2025-08-04T03:32:04","date_gmt":"2025-08-04T09:32:04","guid":{"rendered":"https:\/\/somos-hermanos.mx\/?p=933"},"modified":"2025-08-04T03:32:04","modified_gmt":"2025-08-04T09:32:04","slug":"inaugura-sistema-para-captar-agua-de-lluvia-para-beneficiar-a-comunidades-escolares-de-cuernavaca","status":"publish","type":"post","link":"https:\/\/somos-hermanos.mx\/index.php\/2025\/08\/04\/inaugura-sistema-para-captar-agua-de-lluvia-para-beneficiar-a-comunidades-escolares-de-cuernavaca\/","title":{"rendered":"Inaugura sistema para captar agua de lluvia para beneficiar a comunidades escolares de Cuernavaca"},"content":{"rendered":"<p>La Fundaci\u00f3n AlEn, Casa Alonso y Alpe Supermercados, en colaboraci\u00f3n con Isla Urbana, entregaron un nuevo sistema de captaci\u00f3n de agua en la escuela primaria Hidalgo, en <strong>un esfuerzo por apoyar a la autonom\u00eda y seguridad h\u00eddrica en la regi\u00f3n.<\/strong><\/p>\n<p>\u201cAgua en mi Escuela\u201d <strong>es un programa que busca contribuir al acceso de agua limpia en escuelas de educaci\u00f3n p\u00fablica mediante la instalaci\u00f3n de sistemas de captaci\u00f3n de agua de lluvia<\/strong>\u00a0y la impartici\u00f3n de talleres de educaci\u00f3n ambiental. Aunque la lluvia es frecuente, contar con agua limpia no siempre es garant\u00eda. Este programa ayuda a transformar esa abundancia en un recurso seguro y disponible para todos. El nuevo sistema instalado tiene una capacidad de captaci\u00f3n anual de m\u00e1s de 375 mil litros de agua de lluvia, equivalente a 37 pipas de este recurso vital.<\/p>\n<p>Gracias a este nuevo cap\u00edtulo de Agua en mi Escuela, <strong>m\u00e1s de 900 personas de la comunidad escolar tendr\u00e1n acceso a agua limpia para necesidades diarias como el lavado de manos, el uso de sanitarios y riego. <\/strong>Adem\u00e1s, las organizaciones se comprometieron a instalar un segundo sistema en Morelos en los pr\u00f3ximos meses. Cada sistema puede abastecer los litros diarios de agua que requieren maestros y alumnos por hasta seis meses. Con un buen mantenimiento, estos sistemas podr\u00edan proporcionar acceso al agua limpia en las escuelas hasta el a\u00f1o 2055.<\/p>\n<p>Diego Borrego, Gerente Senior de Sostenibilidad y Fundaci\u00f3n AlEn, destac\u00f3: <strong>\u201ccuando un ni\u00f1o aprende que el agua de lluvia puede transformarse en agua potable, est\u00e1 descubriendo que los retos ambientales tienen soluciones creativas.<\/strong>\u00a0Ese es el verdadero legado de &#8216;Agua en mi Escuela&#8217;, sembrar curiosidad y capacidad de acci\u00f3n en las nuevas generaciones\u201d.<\/p>\n<p>Por su parte, Roc\u00edo Alonso, directora de Trademarketing de Casa Alonso y Alpe Supermercados, se\u00f1al\u00f3: \u201cNuestra colaboraci\u00f3n con Fundaci\u00f3n AlEn va m\u00e1s all\u00e1 de instalar sistemas: es un compromiso con las comunidades de Cuernavaca. <strong>Cuando una escuela tiene agua segura, las ni\u00f1as y ni\u00f1os no solo previenen enfermedades; Tambi\u00e9n tienen mejores condiciones para aprender, jugar y convivir\u201d.<\/strong><\/p>\n<p>\u201cCada vez que una escuela capta y usa el agua de lluvia, le est\u00e1 dando un ejemplo al resto de su comunidad. Gracias a esta alianza con Fundaci\u00f3n AlEn y Casa Alonso, hoy llegamos a m\u00e1s estudiantes, que no solo tendr\u00e1n acceso a agua, sino tambi\u00e9n al conocimiento para cuidarla y valorarla desde peque\u00f1os\u201d, coment\u00f3 Davi Vargas, Cofundador de Isla Urbana.<\/p>\n<p>Estos esfuerzos forman parte de la estrategia de sostenibilidad \u201cIr M\u00e1s All\u00e1\u201d de Grupo AlEn, la cual busca llevar bienestar y prosperidad a las comunidades donde tiene presencia, sumando litros de agua para lograr un balance positivo.<\/p>\n<p>A la fecha, Fundaci\u00f3n AlEn ha instalado 59 sistemas de captaci\u00f3n de lluvia a nivel nacional como parte del programa Agua en mi Escuela, beneficiando a m\u00e1s de 15,000 personas en diversos estados, entre ellos Jalisco, Nuevo Le\u00f3n, Estado de M\u00e9xico, Quer\u00e9taro, Michoac\u00e1n, Chiapas, Veracruz y Morelos.<\/p>\n","protected":false},"excerpt":{"rendered":"<p>La Fundaci\u00f3n AlEn, Casa Alonso y Alpe Supermercados, en colaboraci\u00f3n con Isla Urbana, entregaron un nuevo sistema de captaci\u00f3n de agua en la escuela primaria Hidalgo, en un esfuerzo por apoyar a la autonom\u00eda y seguridad h\u00eddrica en la regi\u00f3n. \u201cAgua en mi Escuela\u201d es un programa que busca contribuir al acceso de agua limpia [&hellip;]<\/p>\n","protected":false},"author":8,"featured_media":934,"comment_status":"open","ping_status":"closed","sticky":false,"template":"","format":"standard","meta":{"footnotes":""},"categories":[6],"tags":[],"class_list":["post-933","post","type-post","status-publish","format-standard","has-post-thumbnail","hentry","category-noticias"],"yoast_head":"<!-- This site is optimized with the Yoast SEO plugin v27.5 - https:\/\/yoast.com\/product\/yoast-seo-wordpress\/ -->\n<title>Inaugura sistema para captar agua de lluvia para beneficiar a comunidades escolares de Cuernavaca - Historias que inspiran...<\/title>\n<meta name=\"robots\" content=\"index, follow, max-snippet:-1, max-image-preview:large, max-video-preview:-1\" \/>\n<link rel=\"canonical\" href=\"https:\/\/somos-hermanos.mx\/index.php\/2025\/08\/04\/inaugura-sistema-para-captar-agua-de-lluvia-para-beneficiar-a-comunidades-escolares-de-cuernavaca\/\" \/>\n<meta property=\"og:locale\" content=\"es_MX\" \/>\n<meta property=\"og:type\" content=\"article\" \/>\n<meta property=\"og:title\" content=\"Inaugura sistema para captar agua de lluvia para beneficiar a comunidades escolares de Cuernavaca - Historias que inspiran...\" \/>\n<meta property=\"og:description\" content=\"La Fundaci\u00f3n AlEn, Casa Alonso y Alpe Supermercados, en colaboraci\u00f3n con Isla Urbana, entregaron un nuevo sistema de captaci\u00f3n de agua en la escuela primaria Hidalgo, en un esfuerzo por apoyar a la autonom\u00eda y seguridad h\u00eddrica en la regi\u00f3n. \u201cAgua en mi Escuela\u201d es un programa que busca contribuir al acceso de agua limpia [&hellip;]\" \/>\n<meta property=\"og:url\" content=\"https:\/\/somos-hermanos.mx\/index.php\/2025\/08\/04\/inaugura-sistema-para-captar-agua-de-lluvia-para-beneficiar-a-comunidades-escolares-de-cuernavaca\/\" \/>\n<meta property=\"og:site_name\" content=\"Historias que inspiran...\" \/>\n<meta property=\"article:publisher\" content=\"https:\/\/www.facebook.com\/SomosHermanosIAP\/\" \/>\n<meta property=\"article:published_time\" content=\"2025-08-04T09:32:04+00:00\" \/>\n<meta property=\"og:image\" content=\"https:\/\/somos-hermanos.mx\/wp-content\/uploads\/2025\/08\/aien.jpeg\" \/>\n\t<meta property=\"og:image:width\" content=\"1600\" \/>\n\t<meta property=\"og:image:height\" content=\"898\" \/>\n\t<meta property=\"og:image:type\" content=\"image\/jpeg\" \/>\n<meta name=\"author\" content=\"Jes\u00fas Arizmendi\" \/>\n<meta name=\"twitter:card\" content=\"summary_large_image\" \/>\n<meta name=\"twitter:creator\" content=\"@Somos__Hermanos\" \/>\n<meta name=\"twitter:site\" content=\"@Somos__Hermanos\" \/>\n<meta name=\"twitter:label1\" content=\"Escrito por\" \/>\n\t<meta name=\"twitter:data1\" content=\"Jes\u00fas Arizmendi\" \/>\n\t<meta name=\"twitter:label2\" content=\"Tiempo de lectura\" \/>\n\t<meta name=\"twitter:data2\" content=\"3 minutos\" \/>\n<script type=\"application\/ld+json\" class=\"yoast-schema-graph\">{\"@context\":\"https:\\\/\\\/schema.org\",\"@graph\":[{\"@type\":\"Article\",\"@id\":\"https:\\\/\\\/somos-hermanos.mx\\\/index.php\\\/2025\\\/08\\\/04\\\/inaugura-sistema-para-captar-agua-de-lluvia-para-beneficiar-a-comunidades-escolares-de-cuernavaca\\\/#article\",\"isPartOf\":{\"@id\":\"https:\\\/\\\/somos-hermanos.mx\\\/index.php\\\/2025\\\/08\\\/04\\\/inaugura-sistema-para-captar-agua-de-lluvia-para-beneficiar-a-comunidades-escolares-de-cuernavaca\\\/\"},\"author\":{\"name\":\"Jes\u00fas Arizmendi\",\"@id\":\"https:\\\/\\\/somos-hermanos.mx\\\/#\\\/schema\\\/person\\\/945cdfed39314d9db1242f593aecb908\"},\"headline\":\"Inaugura sistema para captar agua de lluvia para beneficiar a comunidades escolares de Cuernavaca\",\"datePublished\":\"2025-08-04T09:32:04+00:00\",\"mainEntityOfPage\":{\"@id\":\"https:\\\/\\\/somos-hermanos.mx\\\/index.php\\\/2025\\\/08\\\/04\\\/inaugura-sistema-para-captar-agua-de-lluvia-para-beneficiar-a-comunidades-escolares-de-cuernavaca\\\/\"},\"wordCount\":534,\"commentCount\":0,\"publisher\":{\"@id\":\"https:\\\/\\\/somos-hermanos.mx\\\/#organization\"},\"image\":{\"@id\":\"https:\\\/\\\/somos-hermanos.mx\\\/index.php\\\/2025\\\/08\\\/04\\\/inaugura-sistema-para-captar-agua-de-lluvia-para-beneficiar-a-comunidades-escolares-de-cuernavaca\\\/#primaryimage\"},\"thumbnailUrl\":\"https:\\\/\\\/somos-hermanos.mx\\\/wp-content\\\/uploads\\\/2025\\\/08\\\/aien.jpeg\",\"articleSection\":[\"Noticias\"],\"inLanguage\":\"es\",\"potentialAction\":[{\"@type\":\"CommentAction\",\"name\":\"Comment\",\"target\":[\"https:\\\/\\\/somos-hermanos.mx\\\/index.php\\\/2025\\\/08\\\/04\\\/inaugura-sistema-para-captar-agua-de-lluvia-para-beneficiar-a-comunidades-escolares-de-cuernavaca\\\/#respond\"]}]},{\"@type\":\"WebPage\",\"@id\":\"https:\\\/\\\/somos-hermanos.mx\\\/index.php\\\/2025\\\/08\\\/04\\\/inaugura-sistema-para-captar-agua-de-lluvia-para-beneficiar-a-comunidades-escolares-de-cuernavaca\\\/\",\"url\":\"https:\\\/\\\/somos-hermanos.mx\\\/index.php\\\/2025\\\/08\\\/04\\\/inaugura-sistema-para-captar-agua-de-lluvia-para-beneficiar-a-comunidades-escolares-de-cuernavaca\\\/\",\"name\":\"Inaugura sistema para captar agua de lluvia para beneficiar a comunidades escolares de Cuernavaca - Historias que inspiran...\",\"isPartOf\":{\"@id\":\"https:\\\/\\\/somos-hermanos.mx\\\/#website\"},\"primaryImageOfPage\":{\"@id\":\"https:\\\/\\\/somos-hermanos.mx\\\/index.php\\\/2025\\\/08\\\/04\\\/inaugura-sistema-para-captar-agua-de-lluvia-para-beneficiar-a-comunidades-escolares-de-cuernavaca\\\/#primaryimage\"},\"image\":{\"@id\":\"https:\\\/\\\/somos-hermanos.mx\\\/index.php\\\/2025\\\/08\\\/04\\\/inaugura-sistema-para-captar-agua-de-lluvia-para-beneficiar-a-comunidades-escolares-de-cuernavaca\\\/#primaryimage\"},\"thumbnailUrl\":\"https:\\\/\\\/somos-hermanos.mx\\\/wp-content\\\/uploads\\\/2025\\\/08\\\/aien.jpeg\",\"datePublished\":\"2025-08-04T09:32:04+00:00\",\"breadcrumb\":{\"@id\":\"https:\\\/\\\/somos-hermanos.mx\\\/index.php\\\/2025\\\/08\\\/04\\\/inaugura-sistema-para-captar-agua-de-lluvia-para-beneficiar-a-comunidades-escolares-de-cuernavaca\\\/#breadcrumb\"},\"inLanguage\":\"es\",\"potentialAction\":[{\"@type\":\"ReadAction\",\"target\":[\"https:\\\/\\\/somos-hermanos.mx\\\/index.php\\\/2025\\\/08\\\/04\\\/inaugura-sistema-para-captar-agua-de-lluvia-para-beneficiar-a-comunidades-escolares-de-cuernavaca\\\/\"]}]},{\"@type\":\"ImageObject\",\"inLanguage\":\"es\",\"@id\":\"https:\\\/\\\/somos-hermanos.mx\\\/index.php\\\/2025\\\/08\\\/04\\\/inaugura-sistema-para-captar-agua-de-lluvia-para-beneficiar-a-comunidades-escolares-de-cuernavaca\\\/#primaryimage\",\"url\":\"https:\\\/\\\/somos-hermanos.mx\\\/wp-content\\\/uploads\\\/2025\\\/08\\\/aien.jpeg\",\"contentUrl\":\"https:\\\/\\\/somos-hermanos.mx\\\/wp-content\\\/uploads\\\/2025\\\/08\\\/aien.jpeg\",\"width\":1600,\"height\":898},{\"@type\":\"BreadcrumbList\",\"@id\":\"https:\\\/\\\/somos-hermanos.mx\\\/index.php\\\/2025\\\/08\\\/04\\\/inaugura-sistema-para-captar-agua-de-lluvia-para-beneficiar-a-comunidades-escolares-de-cuernavaca\\\/#breadcrumb\",\"itemListElement\":[{\"@type\":\"ListItem\",\"position\":1,\"name\":\"Inicio\",\"item\":\"https:\\\/\\\/somos-hermanos.mx\\\/\"},{\"@type\":\"ListItem\",\"position\":2,\"name\":\"Inaugura sistema para captar agua de lluvia para beneficiar a comunidades escolares de Cuernavaca\"}]},{\"@type\":\"WebSite\",\"@id\":\"https:\\\/\\\/somos-hermanos.mx\\\/#website\",\"url\":\"https:\\\/\\\/somos-hermanos.mx\\\/\",\"name\":\"Historias que inspiran...\",\"description\":\"Somos la voz del altruismo en M\u00e9xico\",\"publisher\":{\"@id\":\"https:\\\/\\\/somos-hermanos.mx\\\/#organization\"},\"potentialAction\":[{\"@type\":\"SearchAction\",\"target\":{\"@type\":\"EntryPoint\",\"urlTemplate\":\"https:\\\/\\\/somos-hermanos.mx\\\/?s={search_term_string}\"},\"query-input\":{\"@type\":\"PropertyValueSpecification\",\"valueRequired\":true,\"valueName\":\"search_term_string\"}}],\"inLanguage\":\"es\"},{\"@type\":\"Organization\",\"@id\":\"https:\\\/\\\/somos-hermanos.mx\\\/#organization\",\"name\":\"Somos Hermanos\",\"url\":\"https:\\\/\\\/somos-hermanos.mx\\\/\",\"logo\":{\"@type\":\"ImageObject\",\"inLanguage\":\"es\",\"@id\":\"https:\\\/\\\/somos-hermanos.mx\\\/#\\\/schema\\\/logo\\\/image\\\/\",\"url\":\"https:\\\/\\\/somos-hermanos.mx\\\/wp-content\\\/uploads\\\/2025\\\/08\\\/SH30-1.jpeg\",\"contentUrl\":\"https:\\\/\\\/somos-hermanos.mx\\\/wp-content\\\/uploads\\\/2025\\\/08\\\/SH30-1.jpeg\",\"width\":1600,\"height\":1142,\"caption\":\"Somos Hermanos\"},\"image\":{\"@id\":\"https:\\\/\\\/somos-hermanos.mx\\\/#\\\/schema\\\/logo\\\/image\\\/\"},\"sameAs\":[\"https:\\\/\\\/www.facebook.com\\\/SomosHermanosIAP\\\/\",\"https:\\\/\\\/x.com\\\/Somos__Hermanos\",\"https:\\\/\\\/www.instagram.com\\\/somos__hermanos\\\/#\",\"https:\\\/\\\/www.tiktok.com\\\/@somoshermanosiap\",\"https:\\\/\\\/www.youtube.com\\\/@somoshermanosiap1201\\\/videos\"]},{\"@type\":\"Person\",\"@id\":\"https:\\\/\\\/somos-hermanos.mx\\\/#\\\/schema\\\/person\\\/945cdfed39314d9db1242f593aecb908\",\"name\":\"Jes\u00fas Arizmendi\",\"image\":{\"@type\":\"ImageObject\",\"inLanguage\":\"es\",\"@id\":\"https:\\\/\\\/secure.gravatar.com\\\/avatar\\\/9d2f2284f2cc108aae42b8fdb13afa29b801f64001b731516b830e4926cc1b4b?s=96&d=mm&r=g\",\"url\":\"https:\\\/\\\/secure.gravatar.com\\\/avatar\\\/9d2f2284f2cc108aae42b8fdb13afa29b801f64001b731516b830e4926cc1b4b?s=96&d=mm&r=g\",\"contentUrl\":\"https:\\\/\\\/secure.gravatar.com\\\/avatar\\\/9d2f2284f2cc108aae42b8fdb13afa29b801f64001b731516b830e4926cc1b4b?s=96&d=mm&r=g\",\"caption\":\"Jes\u00fas Arizmendi\"},\"url\":\"https:\\\/\\\/somos-hermanos.mx\\\/index.php\\\/author\\\/jesus-arizmendi\\\/\"}]}<\/script>\n<!-- \/ Yoast SEO plugin. -->","yoast_head_json":{"title":"Inaugura sistema para captar agua de lluvia para beneficiar a comunidades escolares de Cuernavaca - Historias que inspiran...","robots":{"index":"index","follow":"follow","max-snippet":"max-snippet:-1","max-image-preview":"max-image-preview:large","max-video-preview":"max-video-preview:-1"},"canonical":"https:\/\/somos-hermanos.mx\/index.php\/2025\/08\/04\/inaugura-sistema-para-captar-agua-de-lluvia-para-beneficiar-a-comunidades-escolares-de-cuernavaca\/","og_locale":"es_MX","og_type":"article","og_title":"Inaugura sistema para captar agua de lluvia para beneficiar a comunidades escolares de Cuernavaca - Historias que inspiran...","og_description":"La Fundaci\u00f3n AlEn, Casa Alonso y Alpe Supermercados, en colaboraci\u00f3n con Isla Urbana, entregaron un nuevo sistema de captaci\u00f3n de agua en la escuela primaria Hidalgo, en un esfuerzo por apoyar a la autonom\u00eda y seguridad h\u00eddrica en la regi\u00f3n. \u201cAgua en mi Escuela\u201d es un programa que busca contribuir al acceso de agua limpia [&hellip;]","og_url":"https:\/\/somos-hermanos.mx\/index.php\/2025\/08\/04\/inaugura-sistema-para-captar-agua-de-lluvia-para-beneficiar-a-comunidades-escolares-de-cuernavaca\/","og_site_name":"Historias que inspiran...","article_publisher":"https:\/\/www.facebook.com\/SomosHermanosIAP\/","article_published_time":"2025-08-04T09:32:04+00:00","og_image":[{"width":1600,"height":898,"url":"https:\/\/somos-hermanos.mx\/wp-content\/uploads\/2025\/08\/aien.jpeg","type":"image\/jpeg"}],"author":"Jes\u00fas Arizmendi","twitter_card":"summary_large_image","twitter_creator":"@Somos__Hermanos","twitter_site":"@Somos__Hermanos","twitter_misc":{"Escrito por":"Jes\u00fas Arizmendi","Tiempo de lectura":"3 minutos"},"schema":{"@context":"https:\/\/schema.org","@graph":[{"@type":"Article","@id":"https:\/\/somos-hermanos.mx\/index.php\/2025\/08\/04\/inaugura-sistema-para-captar-agua-de-lluvia-para-beneficiar-a-comunidades-escolares-de-cuernavaca\/#article","isPartOf":{"@id":"https:\/\/somos-hermanos.mx\/index.php\/2025\/08\/04\/inaugura-sistema-para-captar-agua-de-lluvia-para-beneficiar-a-comunidades-escolares-de-cuernavaca\/"},"author":{"name":"Jes\u00fas Arizmendi","@id":"https:\/\/somos-hermanos.mx\/#\/schema\/person\/945cdfed39314d9db1242f593aecb908"},"headline":"Inaugura sistema para captar agua de lluvia para beneficiar a comunidades escolares de Cuernavaca","datePublished":"2025-08-04T09:32:04+00:00","mainEntityOfPage":{"@id":"https:\/\/somos-hermanos.mx\/index.php\/2025\/08\/04\/inaugura-sistema-para-captar-agua-de-lluvia-para-beneficiar-a-comunidades-escolares-de-cuernavaca\/"},"wordCount":534,"commentCount":0,"publisher":{"@id":"https:\/\/somos-hermanos.mx\/#organization"},"image":{"@id":"https:\/\/somos-hermanos.mx\/index.php\/2025\/08\/04\/inaugura-sistema-para-captar-agua-de-lluvia-para-beneficiar-a-comunidades-escolares-de-cuernavaca\/#primaryimage"},"thumbnailUrl":"https:\/\/somos-hermanos.mx\/wp-content\/uploads\/2025\/08\/aien.jpeg","articleSection":["Noticias"],"inLanguage":"es","potentialAction":[{"@type":"CommentAction","name":"Comment","target":["https:\/\/somos-hermanos.mx\/index.php\/2025\/08\/04\/inaugura-sistema-para-captar-agua-de-lluvia-para-beneficiar-a-comunidades-escolares-de-cuernavaca\/#respond"]}]},{"@type":"WebPage","@id":"https:\/\/somos-hermanos.mx\/index.php\/2025\/08\/04\/inaugura-sistema-para-captar-agua-de-lluvia-para-beneficiar-a-comunidades-escolares-de-cuernavaca\/","url":"https:\/\/somos-hermanos.mx\/index.php\/2025\/08\/04\/inaugura-sistema-para-captar-agua-de-lluvia-para-beneficiar-a-comunidades-escolares-de-cuernavaca\/","name":"Inaugura sistema para captar agua de lluvia para beneficiar a comunidades escolares de Cuernavaca - Historias que inspiran...","isPartOf":{"@id":"https:\/\/somos-hermanos.mx\/#website"},"primaryImageOfPage":{"@id":"https:\/\/somos-hermanos.mx\/index.php\/2025\/08\/04\/inaugura-sistema-para-captar-agua-de-lluvia-para-beneficiar-a-comunidades-escolares-de-cuernavaca\/#primaryimage"},"image":{"@id":"https:\/\/somos-hermanos.mx\/index.php\/2025\/08\/04\/inaugura-sistema-para-captar-agua-de-lluvia-para-beneficiar-a-comunidades-escolares-de-cuernavaca\/#primaryimage"},"thumbnailUrl":"https:\/\/somos-hermanos.mx\/wp-content\/uploads\/2025\/08\/aien.jpeg","datePublished":"2025-08-04T09:32:04+00:00","breadcrumb":{"@id":"https:\/\/somos-hermanos.mx\/index.php\/2025\/08\/04\/inaugura-sistema-para-captar-agua-de-lluvia-para-beneficiar-a-comunidades-escolares-de-cuernavaca\/#breadcrumb"},"inLanguage":"es","potentialAction":[{"@type":"ReadAction","target":["https:\/\/somos-hermanos.mx\/index.php\/2025\/08\/04\/inaugura-sistema-para-captar-agua-de-lluvia-para-beneficiar-a-comunidades-escolares-de-cuernavaca\/"]}]},{"@type":"ImageObject","inLanguage":"es","@id":"https:\/\/somos-hermanos.mx\/index.php\/2025\/08\/04\/inaugura-sistema-para-captar-agua-de-lluvia-para-beneficiar-a-comunidades-escolares-de-cuernavaca\/#primaryimage","url":"https:\/\/somos-hermanos.mx\/wp-content\/uploads\/2025\/08\/aien.jpeg","contentUrl":"https:\/\/somos-hermanos.mx\/wp-content\/uploads\/2025\/08\/aien.jpeg","width":1600,"height":898},{"@type":"BreadcrumbList","@id":"https:\/\/somos-hermanos.mx\/index.php\/2025\/08\/04\/inaugura-sistema-para-captar-agua-de-lluvia-para-beneficiar-a-comunidades-escolares-de-cuernavaca\/#breadcrumb","itemListElement":[{"@type":"ListItem","position":1,"name":"Inicio","item":"https:\/\/somos-hermanos.mx\/"},{"@type":"ListItem","position":2,"name":"Inaugura sistema para captar agua de lluvia para beneficiar a comunidades escolares de Cuernavaca"}]},{"@type":"WebSite","@id":"https:\/\/somos-hermanos.mx\/#website","url":"https:\/\/somos-hermanos.mx\/","name":"Historias que inspiran...","description":"Somos la voz del altruismo en M\u00e9xico","publisher":{"@id":"https:\/\/somos-hermanos.mx\/#organization"},"potentialAction":[{"@type":"SearchAction","target":{"@type":"EntryPoint","urlTemplate":"https:\/\/somos-hermanos.mx\/?s={search_term_string}"},"query-input":{"@type":"PropertyValueSpecification","valueRequired":true,"valueName":"search_term_string"}}],"inLanguage":"es"},{"@type":"Organization","@id":"https:\/\/somos-hermanos.mx\/#organization","name":"Somos Hermanos","url":"https:\/\/somos-hermanos.mx\/","logo":{"@type":"ImageObject","inLanguage":"es","@id":"https:\/\/somos-hermanos.mx\/#\/schema\/logo\/image\/","url":"https:\/\/somos-hermanos.mx\/wp-content\/uploads\/2025\/08\/SH30-1.jpeg","contentUrl":"https:\/\/somos-hermanos.mx\/wp-content\/uploads\/2025\/08\/SH30-1.jpeg","width":1600,"height":1142,"caption":"Somos Hermanos"},"image":{"@id":"https:\/\/somos-hermanos.mx\/#\/schema\/logo\/image\/"},"sameAs":["https:\/\/www.facebook.com\/SomosHermanosIAP\/","https:\/\/x.com\/Somos__Hermanos","https:\/\/www.instagram.com\/somos__hermanos\/#","https:\/\/www.tiktok.com\/@somoshermanosiap","https:\/\/www.youtube.com\/@somoshermanosiap1201\/videos"]},{"@type":"Person","@id":"https:\/\/somos-hermanos.mx\/#\/schema\/person\/945cdfed39314d9db1242f593aecb908","name":"Jes\u00fas Arizmendi","image":{"@type":"ImageObject","inLanguage":"es","@id":"https:\/\/secure.gravatar.com\/avatar\/9d2f2284f2cc108aae42b8fdb13afa29b801f64001b731516b830e4926cc1b4b?s=96&d=mm&r=g","url":"https:\/\/secure.gravatar.com\/avatar\/9d2f2284f2cc108aae42b8fdb13afa29b801f64001b731516b830e4926cc1b4b?s=96&d=mm&r=g","contentUrl":"https:\/\/secure.gravatar.com\/avatar\/9d2f2284f2cc108aae42b8fdb13afa29b801f64001b731516b830e4926cc1b4b?s=96&d=mm&r=g","caption":"Jes\u00fas Arizmendi"},"url":"https:\/\/somos-hermanos.mx\/index.php\/author\/jesus-arizmendi\/"}]}},"_links":{"self":[{"href":"https:\/\/somos-hermanos.mx\/index.php\/wp-json\/wp\/v2\/posts\/933","targetHints":{"allow":["GET"]}}],"collection":[{"href":"https:\/\/somos-hermanos.mx\/index.php\/wp-json\/wp\/v2\/posts"}],"about":[{"href":"https:\/\/somos-hermanos.mx\/index.php\/wp-json\/wp\/v2\/types\/post"}],"author":[{"embeddable":true,"href":"https:\/\/somos-hermanos.mx\/index.php\/wp-json\/wp\/v2\/users\/8"}],"replies":[{"embeddable":true,"href":"https:\/\/somos-hermanos.mx\/index.php\/wp-json\/wp\/v2\/comments?post=933"}],"version-history":[{"count":1,"href":"https:\/\/somos-hermanos.mx\/index.php\/wp-json\/wp\/v2\/posts\/933\/revisions"}],"predecessor-version":[{"id":935,"href":"https:\/\/somos-hermanos.mx\/index.php\/wp-json\/wp\/v2\/posts\/933\/revisions\/935"}],"wp:featuredmedia":[{"embeddable":true,"href":"https:\/\/somos-hermanos.mx\/index.php\/wp-json\/wp\/v2\/media\/934"}],"wp:attachment":[{"href":"https:\/\/somos-hermanos.mx\/index.php\/wp-json\/wp\/v2\/media?parent=933"}],"wp:term":[{"taxonomy":"category","embeddable":true,"href":"https:\/\/somos-hermanos.mx\/index.php\/wp-json\/wp\/v2\/categories?post=933"},{"taxonomy":"post_tag","embeddable":true,"href":"https:\/\/somos-hermanos.mx\/index.php\/wp-json\/wp\/v2\/tags?post=933"}],"curies":[{"name":"wp","href":"https:\/\/api.w.org\/{rel}","templated":true}]}}