{"id":930,"date":"2025-08-04T03:31:04","date_gmt":"2025-08-04T09:31:04","guid":{"rendered":"https:\/\/somos-hermanos.mx\/?p=930"},"modified":"2025-08-04T03:31:04","modified_gmt":"2025-08-04T09:31:04","slug":"impulsan-fundacion-para-la-proteccion-de-la-ninez-y-smiths-group-foundation-habilidades-digitales","status":"publish","type":"post","link":"https:\/\/somos-hermanos.mx\/index.php\/2025\/08\/04\/impulsan-fundacion-para-la-proteccion-de-la-ninez-y-smiths-group-foundation-habilidades-digitales\/","title":{"rendered":"Impulsan Fundaci\u00f3n para la Protecci\u00f3n de la Ni\u00f1ez y Smiths Group Foundation habilidades digitales"},"content":{"rendered":"<p>Gracias a una alianza con la Smiths Group Foundation con sede en Inglaterra, la Fundaci\u00f3n para la Protecci\u00f3n de la Ni\u00f1ez IAP, realizar\u00e1 <strong>un proyecto que beneficiar\u00e1 directamente a cerca de mil ni\u00f1as y ni\u00f1os atendidos en casas hogar y centros comunitarios en M\u00e9xico, <\/strong>brind\u00e1ndoles acceso a conocimientos de programaci\u00f3n, rob\u00f3tica, reforzamiento acad\u00e9mico y pensamiento l\u00f3gico a trav\u00e9s de herramientas digitales innovadoras.<\/p>\n<p>El proyecto, titulado <strong>\u201cExplorando la educaci\u00f3n STEM mediante la programaci\u00f3n y el apoyo acad\u00e9mico\u201d,<\/strong>\u00a0se desplegar\u00e1 en Baja California, Ciudad de M\u00e9xico, Estado de M\u00e9xico, Quer\u00e9taro, Guanajuato, Tamaulipas y Yucat\u00e1n y responde a la alarmante baja en el rendimiento de estudiantes mexicanos en materias como matem\u00e1ticas y ciencias (PISA, 2022).<\/p>\n<p>Mediante una inversi\u00f3n de \u00a3180,000 libras esterlinas equivalente a m\u00e1s de 4.5 millones de pesos por parte de Smiths Group Foundation, se busca cerrar esta brecha educativa entre ni\u00f1os en centros de alojamiento, quienes habitualmente tienen acceso limitado a actividades extracurriculares.<\/p>\n<p>Club Lia ser\u00e1 quien dotar\u00e1 de aplicaciones, plataformas y tecnolog\u00eda para promover e incluir habilidades digitales y educaci\u00f3n STEM (Ciencia Tecnolog\u00eda, Ingenier\u00eda y Matem\u00e1ticas) como parte de la formaci\u00f3n de los alumnos y docentes de las nuevas generaciones.<\/p>\n<p>\u201cEl acceso a la educaci\u00f3n STEM no debe ser un privilegio. Este programa apuesta por el talento, es un compromiso con la equidad, porque sabemos que el acercamiento a la ciencia y tecnolog\u00eda no puede ser solo para unos pocos.\u201d, se\u00f1al\u00f3 Miguel \u00c1ngel Pichardo, director general de la Fundaci\u00f3n para la Protecci\u00f3n de la Ni\u00f1ez, I.A.P.<\/p>\n<p>Por su parte, Ulises Araiza, gerente de Recursos Humanos de Smiths Interconnect se\u00f1al\u00f3 que &#8220;la postulaci\u00f3n de la Fundaci\u00f3n para la Protecci\u00f3n de la Ni\u00f1ez se realiz\u00f3 debido a su presencia a nivel nacional, lo que permitir\u00e1 que ni\u00f1as, ni\u00f1os y adolescentes accedan a conocimientos en programaci\u00f3n, ingenier\u00eda y matem\u00e1ticas, y con ello, aspiren a un mejor futuro&#8221;.<\/p>\n<p><strong>Entre los componentes clave del proyecto destacan:<\/strong><strong>\u00a0<\/strong><\/p>\n<ul>\n<li>Un curso presencial de programaci\u00f3n de 70 horas para 257 ni\u00f1as y ni\u00f1os, utilizando la plataforma <a href=\"https:\/\/l.facebook.com\/l.php?u=http%3A%2F%2Fcode.org%2F%3Ffbclid%3DIwZXh0bgNhZW0CMTAAYnJpZBExYXFCdWhJSk1xbFVKTDJMZwEeTQf2HxDcAwpEpBxsbjCANWfYVKc_pQTB-3H7n_Scv764svktiC942VfjDVM_aem_DqudhtIHto55U5Z3lSdXcQ&amp;h=AT1E0Qi-VKZipuX0guhpLwLCzdO-ZZ1zpv-gAz0huo_VS_BjuoDEwMZvbnSVE8hI91pw0s9cFTcPum6qWmohakHcdrdKN1roi92TOUhEZny37IIviCMHflLNT5ZbKuRNOn7y8voAWMoa2AAvUms-16vH_khjISEq&amp;__tn__=-UK-y-R&amp;c%5b0%5d=AT2dzm6L2uSzGy7CXyf0y5row_Luak1ujNZ1WwVTXxD9wKAV_p3kaBLvLZZP46W10ZMQ9hoyYF-T5WAxj4jF5tsGgtmxco1BsDS29GAgpwhdGZ6WU3eM7q5VkW36r0ZgWZ4S6RwdoDvc0ZlmykeyYCH5WwHj_J86P7PielXNeZGPzveX9t7UvtSyoFsMCuLHmoTV-dN5abfKSIVscfs-7Wa3vFDEcQzFAsvgrzWdvovyEEVH7mFuLNPb1-m-C2DyTEBWK01KotOGPw4h\"><strong><u><b>code.org.<\/b><\/u><\/strong><\/a><\/li>\n<li>Acceso libre a Club L\u00eda para 730 estudiantes, quienes reforzar\u00e1n habilidades STEM con el acompa\u00f1amiento de docentes capacitados.<\/li>\n<li>Dotaci\u00f3n de equipo de c\u00f3mputo y mobiliario a 4 organizaciones en ciudades donde las condiciones tecnol\u00f3gicas eran una barrera para participar en el programa.<\/li>\n<li>Certificados de finalizaci\u00f3n y ceremonias de graduaci\u00f3n al t\u00e9rmino del proyecto en el 2026.<\/li>\n<\/ul>\n<p>Asimismo, el proyecto contempla la participaci\u00f3n activa de empleados de Smiths Group en M\u00e9xico en las localidades donde la empresa tiene operaciones, incluyendo Tijuana, Reynosa y Estado de M\u00e9xico, en actividades de voluntariado corporativo como recolecci\u00f3n de \u00fatiles escolares o eventos de exhibici\u00f3n tecnol\u00f3gica con las infancias beneficiadas.<\/p>\n<p>Este esfuerzo forma parte de la segunda ronda de subvenciones globales que la Fundaci\u00f3n Smiths Group lanz\u00f3 en 2023 con la visi\u00f3n de \u201cmejorar nuestro mundo a trav\u00e9s de una ingenier\u00eda m\u00e1s inteligente\u201d. La Fundaci\u00f3n para la Protecci\u00f3n de la Ni\u00f1ez, I.A.P., con 35 a\u00f1os de existencia cuenta con toda experiencia necesaria ya que ha operado programas similares de manera exitosa durante varios a\u00f1os en otros estados del pa\u00eds.<\/p>\n<p>En 2024, gracias a alianzas como esta, beneficiamos a m\u00e1s de 85,000 personas en situaci\u00f3n de vulnerabilidad, a trav\u00e9s del apoyo a 204 organizaciones de la sociedad civil en 18 estados del pa\u00eds.<\/p>\n","protected":false},"excerpt":{"rendered":"<p>Gracias a una alianza con la Smiths Group Foundation con sede en Inglaterra, la Fundaci\u00f3n para la Protecci\u00f3n de la Ni\u00f1ez IAP, realizar\u00e1 un proyecto que beneficiar\u00e1 directamente a cerca de mil ni\u00f1as y ni\u00f1os atendidos en casas hogar y centros comunitarios en M\u00e9xico, brind\u00e1ndoles acceso a conocimientos de programaci\u00f3n, rob\u00f3tica, reforzamiento acad\u00e9mico y pensamiento [&hellip;]<\/p>\n","protected":false},"author":2,"featured_media":931,"comment_status":"open","ping_status":"closed","sticky":false,"template":"","format":"standard","meta":{"footnotes":""},"categories":[6],"tags":[],"class_list":["post-930","post","type-post","status-publish","format-standard","has-post-thumbnail","hentry","category-noticias"],"yoast_head":"<!-- This site is optimized with the Yoast SEO plugin v27.5 - https:\/\/yoast.com\/product\/yoast-seo-wordpress\/ -->\n<title>Impulsan Fundaci\u00f3n para la Protecci\u00f3n de la Ni\u00f1ez y Smiths Group Foundation habilidades digitales - Historias que inspiran...<\/title>\n<meta name=\"robots\" content=\"index, follow, max-snippet:-1, max-image-preview:large, max-video-preview:-1\" \/>\n<link rel=\"canonical\" href=\"https:\/\/somos-hermanos.mx\/index.php\/2025\/08\/04\/impulsan-fundacion-para-la-proteccion-de-la-ninez-y-smiths-group-foundation-habilidades-digitales\/\" \/>\n<meta property=\"og:locale\" content=\"es_MX\" \/>\n<meta property=\"og:type\" content=\"article\" \/>\n<meta property=\"og:title\" content=\"Impulsan Fundaci\u00f3n para la Protecci\u00f3n de la Ni\u00f1ez y Smiths Group Foundation habilidades digitales - Historias que inspiran...\" \/>\n<meta property=\"og:description\" content=\"Gracias a una alianza con la Smiths Group Foundation con sede en Inglaterra, la Fundaci\u00f3n para la Protecci\u00f3n de la Ni\u00f1ez IAP, realizar\u00e1 un proyecto que beneficiar\u00e1 directamente a cerca de mil ni\u00f1as y ni\u00f1os atendidos en casas hogar y centros comunitarios en M\u00e9xico, brind\u00e1ndoles acceso a conocimientos de programaci\u00f3n, rob\u00f3tica, reforzamiento acad\u00e9mico y pensamiento [&hellip;]\" \/>\n<meta property=\"og:url\" content=\"https:\/\/somos-hermanos.mx\/index.php\/2025\/08\/04\/impulsan-fundacion-para-la-proteccion-de-la-ninez-y-smiths-group-foundation-habilidades-digitales\/\" \/>\n<meta property=\"og:site_name\" content=\"Historias que inspiran...\" \/>\n<meta property=\"article:publisher\" content=\"https:\/\/www.facebook.com\/SomosHermanosIAP\/\" \/>\n<meta property=\"article:published_time\" content=\"2025-08-04T09:31:04+00:00\" \/>\n<meta property=\"og:image\" content=\"https:\/\/somos-hermanos.mx\/wp-content\/uploads\/2025\/08\/proteni.jpeg\" \/>\n\t<meta property=\"og:image:width\" content=\"1600\" \/>\n\t<meta property=\"og:image:height\" content=\"1066\" \/>\n\t<meta property=\"og:image:type\" content=\"image\/jpeg\" \/>\n<meta name=\"author\" content=\"Redacci\u00f3n\" \/>\n<meta name=\"twitter:card\" content=\"summary_large_image\" \/>\n<meta name=\"twitter:creator\" content=\"@Somos__Hermanos\" \/>\n<meta name=\"twitter:site\" content=\"@Somos__Hermanos\" \/>\n<meta name=\"twitter:label1\" content=\"Escrito por\" \/>\n\t<meta name=\"twitter:data1\" content=\"Redacci\u00f3n\" \/>\n\t<meta name=\"twitter:label2\" content=\"Tiempo de lectura\" \/>\n\t<meta name=\"twitter:data2\" content=\"3 minutos\" \/>\n<script type=\"application\/ld+json\" class=\"yoast-schema-graph\">{\"@context\":\"https:\\\/\\\/schema.org\",\"@graph\":[{\"@type\":\"Article\",\"@id\":\"https:\\\/\\\/somos-hermanos.mx\\\/index.php\\\/2025\\\/08\\\/04\\\/impulsan-fundacion-para-la-proteccion-de-la-ninez-y-smiths-group-foundation-habilidades-digitales\\\/#article\",\"isPartOf\":{\"@id\":\"https:\\\/\\\/somos-hermanos.mx\\\/index.php\\\/2025\\\/08\\\/04\\\/impulsan-fundacion-para-la-proteccion-de-la-ninez-y-smiths-group-foundation-habilidades-digitales\\\/\"},\"author\":{\"name\":\"Redacci\u00f3n\",\"@id\":\"https:\\\/\\\/somos-hermanos.mx\\\/#\\\/schema\\\/person\\\/72be0deaeb1d387148bc8db9a84cd13a\"},\"headline\":\"Impulsan Fundaci\u00f3n para la Protecci\u00f3n de la Ni\u00f1ez y Smiths Group Foundation habilidades digitales\",\"datePublished\":\"2025-08-04T09:31:04+00:00\",\"mainEntityOfPage\":{\"@id\":\"https:\\\/\\\/somos-hermanos.mx\\\/index.php\\\/2025\\\/08\\\/04\\\/impulsan-fundacion-para-la-proteccion-de-la-ninez-y-smiths-group-foundation-habilidades-digitales\\\/\"},\"wordCount\":621,\"commentCount\":0,\"publisher\":{\"@id\":\"https:\\\/\\\/somos-hermanos.mx\\\/#organization\"},\"image\":{\"@id\":\"https:\\\/\\\/somos-hermanos.mx\\\/index.php\\\/2025\\\/08\\\/04\\\/impulsan-fundacion-para-la-proteccion-de-la-ninez-y-smiths-group-foundation-habilidades-digitales\\\/#primaryimage\"},\"thumbnailUrl\":\"https:\\\/\\\/somos-hermanos.mx\\\/wp-content\\\/uploads\\\/2025\\\/08\\\/proteni.jpeg\",\"articleSection\":[\"Noticias\"],\"inLanguage\":\"es\",\"potentialAction\":[{\"@type\":\"CommentAction\",\"name\":\"Comment\",\"target\":[\"https:\\\/\\\/somos-hermanos.mx\\\/index.php\\\/2025\\\/08\\\/04\\\/impulsan-fundacion-para-la-proteccion-de-la-ninez-y-smiths-group-foundation-habilidades-digitales\\\/#respond\"]}]},{\"@type\":\"WebPage\",\"@id\":\"https:\\\/\\\/somos-hermanos.mx\\\/index.php\\\/2025\\\/08\\\/04\\\/impulsan-fundacion-para-la-proteccion-de-la-ninez-y-smiths-group-foundation-habilidades-digitales\\\/\",\"url\":\"https:\\\/\\\/somos-hermanos.mx\\\/index.php\\\/2025\\\/08\\\/04\\\/impulsan-fundacion-para-la-proteccion-de-la-ninez-y-smiths-group-foundation-habilidades-digitales\\\/\",\"name\":\"Impulsan Fundaci\u00f3n para la Protecci\u00f3n de la Ni\u00f1ez y Smiths Group Foundation habilidades digitales - Historias que inspiran...\",\"isPartOf\":{\"@id\":\"https:\\\/\\\/somos-hermanos.mx\\\/#website\"},\"primaryImageOfPage\":{\"@id\":\"https:\\\/\\\/somos-hermanos.mx\\\/index.php\\\/2025\\\/08\\\/04\\\/impulsan-fundacion-para-la-proteccion-de-la-ninez-y-smiths-group-foundation-habilidades-digitales\\\/#primaryimage\"},\"image\":{\"@id\":\"https:\\\/\\\/somos-hermanos.mx\\\/index.php\\\/2025\\\/08\\\/04\\\/impulsan-fundacion-para-la-proteccion-de-la-ninez-y-smiths-group-foundation-habilidades-digitales\\\/#primaryimage\"},\"thumbnailUrl\":\"https:\\\/\\\/somos-hermanos.mx\\\/wp-content\\\/uploads\\\/2025\\\/08\\\/proteni.jpeg\",\"datePublished\":\"2025-08-04T09:31:04+00:00\",\"breadcrumb\":{\"@id\":\"https:\\\/\\\/somos-hermanos.mx\\\/index.php\\\/2025\\\/08\\\/04\\\/impulsan-fundacion-para-la-proteccion-de-la-ninez-y-smiths-group-foundation-habilidades-digitales\\\/#breadcrumb\"},\"inLanguage\":\"es\",\"potentialAction\":[{\"@type\":\"ReadAction\",\"target\":[\"https:\\\/\\\/somos-hermanos.mx\\\/index.php\\\/2025\\\/08\\\/04\\\/impulsan-fundacion-para-la-proteccion-de-la-ninez-y-smiths-group-foundation-habilidades-digitales\\\/\"]}]},{\"@type\":\"ImageObject\",\"inLanguage\":\"es\",\"@id\":\"https:\\\/\\\/somos-hermanos.mx\\\/index.php\\\/2025\\\/08\\\/04\\\/impulsan-fundacion-para-la-proteccion-de-la-ninez-y-smiths-group-foundation-habilidades-digitales\\\/#primaryimage\",\"url\":\"https:\\\/\\\/somos-hermanos.mx\\\/wp-content\\\/uploads\\\/2025\\\/08\\\/proteni.jpeg\",\"contentUrl\":\"https:\\\/\\\/somos-hermanos.mx\\\/wp-content\\\/uploads\\\/2025\\\/08\\\/proteni.jpeg\",\"width\":1600,\"height\":1066},{\"@type\":\"BreadcrumbList\",\"@id\":\"https:\\\/\\\/somos-hermanos.mx\\\/index.php\\\/2025\\\/08\\\/04\\\/impulsan-fundacion-para-la-proteccion-de-la-ninez-y-smiths-group-foundation-habilidades-digitales\\\/#breadcrumb\",\"itemListElement\":[{\"@type\":\"ListItem\",\"position\":1,\"name\":\"Inicio\",\"item\":\"https:\\\/\\\/somos-hermanos.mx\\\/\"},{\"@type\":\"ListItem\",\"position\":2,\"name\":\"Impulsan Fundaci\u00f3n para la Protecci\u00f3n de la Ni\u00f1ez y Smiths Group Foundation habilidades digitales\"}]},{\"@type\":\"WebSite\",\"@id\":\"https:\\\/\\\/somos-hermanos.mx\\\/#website\",\"url\":\"https:\\\/\\\/somos-hermanos.mx\\\/\",\"name\":\"Historias que inspiran...\",\"description\":\"Somos la voz del altruismo en M\u00e9xico\",\"publisher\":{\"@id\":\"https:\\\/\\\/somos-hermanos.mx\\\/#organization\"},\"potentialAction\":[{\"@type\":\"SearchAction\",\"target\":{\"@type\":\"EntryPoint\",\"urlTemplate\":\"https:\\\/\\\/somos-hermanos.mx\\\/?s={search_term_string}\"},\"query-input\":{\"@type\":\"PropertyValueSpecification\",\"valueRequired\":true,\"valueName\":\"search_term_string\"}}],\"inLanguage\":\"es\"},{\"@type\":\"Organization\",\"@id\":\"https:\\\/\\\/somos-hermanos.mx\\\/#organization\",\"name\":\"Somos Hermanos\",\"url\":\"https:\\\/\\\/somos-hermanos.mx\\\/\",\"logo\":{\"@type\":\"ImageObject\",\"inLanguage\":\"es\",\"@id\":\"https:\\\/\\\/somos-hermanos.mx\\\/#\\\/schema\\\/logo\\\/image\\\/\",\"url\":\"https:\\\/\\\/somos-hermanos.mx\\\/wp-content\\\/uploads\\\/2025\\\/08\\\/SH30-1.jpeg\",\"contentUrl\":\"https:\\\/\\\/somos-hermanos.mx\\\/wp-content\\\/uploads\\\/2025\\\/08\\\/SH30-1.jpeg\",\"width\":1600,\"height\":1142,\"caption\":\"Somos Hermanos\"},\"image\":{\"@id\":\"https:\\\/\\\/somos-hermanos.mx\\\/#\\\/schema\\\/logo\\\/image\\\/\"},\"sameAs\":[\"https:\\\/\\\/www.facebook.com\\\/SomosHermanosIAP\\\/\",\"https:\\\/\\\/x.com\\\/Somos__Hermanos\",\"https:\\\/\\\/www.instagram.com\\\/somos__hermanos\\\/#\",\"https:\\\/\\\/www.tiktok.com\\\/@somoshermanosiap\",\"https:\\\/\\\/www.youtube.com\\\/@somoshermanosiap1201\\\/videos\"]},{\"@type\":\"Person\",\"@id\":\"https:\\\/\\\/somos-hermanos.mx\\\/#\\\/schema\\\/person\\\/72be0deaeb1d387148bc8db9a84cd13a\",\"name\":\"Redacci\u00f3n\",\"image\":{\"@type\":\"ImageObject\",\"inLanguage\":\"es\",\"@id\":\"https:\\\/\\\/secure.gravatar.com\\\/avatar\\\/0471f62dae6ab1c39ae7c79f265de6a8ede1928a658b55db6bd71466aa956832?s=96&d=mm&r=g\",\"url\":\"https:\\\/\\\/secure.gravatar.com\\\/avatar\\\/0471f62dae6ab1c39ae7c79f265de6a8ede1928a658b55db6bd71466aa956832?s=96&d=mm&r=g\",\"contentUrl\":\"https:\\\/\\\/secure.gravatar.com\\\/avatar\\\/0471f62dae6ab1c39ae7c79f265de6a8ede1928a658b55db6bd71466aa956832?s=96&d=mm&r=g\",\"caption\":\"Redacci\u00f3n\"},\"url\":\"https:\\\/\\\/somos-hermanos.mx\\\/index.php\\\/author\\\/redaccion\\\/\"}]}<\/script>\n<!-- \/ Yoast SEO plugin. -->","yoast_head_json":{"title":"Impulsan Fundaci\u00f3n para la Protecci\u00f3n de la Ni\u00f1ez y Smiths Group Foundation habilidades digitales - Historias que inspiran...","robots":{"index":"index","follow":"follow","max-snippet":"max-snippet:-1","max-image-preview":"max-image-preview:large","max-video-preview":"max-video-preview:-1"},"canonical":"https:\/\/somos-hermanos.mx\/index.php\/2025\/08\/04\/impulsan-fundacion-para-la-proteccion-de-la-ninez-y-smiths-group-foundation-habilidades-digitales\/","og_locale":"es_MX","og_type":"article","og_title":"Impulsan Fundaci\u00f3n para la Protecci\u00f3n de la Ni\u00f1ez y Smiths Group Foundation habilidades digitales - Historias que inspiran...","og_description":"Gracias a una alianza con la Smiths Group Foundation con sede en Inglaterra, la Fundaci\u00f3n para la Protecci\u00f3n de la Ni\u00f1ez IAP, realizar\u00e1 un proyecto que beneficiar\u00e1 directamente a cerca de mil ni\u00f1as y ni\u00f1os atendidos en casas hogar y centros comunitarios en M\u00e9xico, brind\u00e1ndoles acceso a conocimientos de programaci\u00f3n, rob\u00f3tica, reforzamiento acad\u00e9mico y pensamiento [&hellip;]","og_url":"https:\/\/somos-hermanos.mx\/index.php\/2025\/08\/04\/impulsan-fundacion-para-la-proteccion-de-la-ninez-y-smiths-group-foundation-habilidades-digitales\/","og_site_name":"Historias que inspiran...","article_publisher":"https:\/\/www.facebook.com\/SomosHermanosIAP\/","article_published_time":"2025-08-04T09:31:04+00:00","og_image":[{"width":1600,"height":1066,"url":"https:\/\/somos-hermanos.mx\/wp-content\/uploads\/2025\/08\/proteni.jpeg","type":"image\/jpeg"}],"author":"Redacci\u00f3n","twitter_card":"summary_large_image","twitter_creator":"@Somos__Hermanos","twitter_site":"@Somos__Hermanos","twitter_misc":{"Escrito por":"Redacci\u00f3n","Tiempo de lectura":"3 minutos"},"schema":{"@context":"https:\/\/schema.org","@graph":[{"@type":"Article","@id":"https:\/\/somos-hermanos.mx\/index.php\/2025\/08\/04\/impulsan-fundacion-para-la-proteccion-de-la-ninez-y-smiths-group-foundation-habilidades-digitales\/#article","isPartOf":{"@id":"https:\/\/somos-hermanos.mx\/index.php\/2025\/08\/04\/impulsan-fundacion-para-la-proteccion-de-la-ninez-y-smiths-group-foundation-habilidades-digitales\/"},"author":{"name":"Redacci\u00f3n","@id":"https:\/\/somos-hermanos.mx\/#\/schema\/person\/72be0deaeb1d387148bc8db9a84cd13a"},"headline":"Impulsan Fundaci\u00f3n para la Protecci\u00f3n de la Ni\u00f1ez y Smiths Group Foundation habilidades digitales","datePublished":"2025-08-04T09:31:04+00:00","mainEntityOfPage":{"@id":"https:\/\/somos-hermanos.mx\/index.php\/2025\/08\/04\/impulsan-fundacion-para-la-proteccion-de-la-ninez-y-smiths-group-foundation-habilidades-digitales\/"},"wordCount":621,"commentCount":0,"publisher":{"@id":"https:\/\/somos-hermanos.mx\/#organization"},"image":{"@id":"https:\/\/somos-hermanos.mx\/index.php\/2025\/08\/04\/impulsan-fundacion-para-la-proteccion-de-la-ninez-y-smiths-group-foundation-habilidades-digitales\/#primaryimage"},"thumbnailUrl":"https:\/\/somos-hermanos.mx\/wp-content\/uploads\/2025\/08\/proteni.jpeg","articleSection":["Noticias"],"inLanguage":"es","potentialAction":[{"@type":"CommentAction","name":"Comment","target":["https:\/\/somos-hermanos.mx\/index.php\/2025\/08\/04\/impulsan-fundacion-para-la-proteccion-de-la-ninez-y-smiths-group-foundation-habilidades-digitales\/#respond"]}]},{"@type":"WebPage","@id":"https:\/\/somos-hermanos.mx\/index.php\/2025\/08\/04\/impulsan-fundacion-para-la-proteccion-de-la-ninez-y-smiths-group-foundation-habilidades-digitales\/","url":"https:\/\/somos-hermanos.mx\/index.php\/2025\/08\/04\/impulsan-fundacion-para-la-proteccion-de-la-ninez-y-smiths-group-foundation-habilidades-digitales\/","name":"Impulsan Fundaci\u00f3n para la Protecci\u00f3n de la Ni\u00f1ez y Smiths Group Foundation habilidades digitales - Historias que inspiran...","isPartOf":{"@id":"https:\/\/somos-hermanos.mx\/#website"},"primaryImageOfPage":{"@id":"https:\/\/somos-hermanos.mx\/index.php\/2025\/08\/04\/impulsan-fundacion-para-la-proteccion-de-la-ninez-y-smiths-group-foundation-habilidades-digitales\/#primaryimage"},"image":{"@id":"https:\/\/somos-hermanos.mx\/index.php\/2025\/08\/04\/impulsan-fundacion-para-la-proteccion-de-la-ninez-y-smiths-group-foundation-habilidades-digitales\/#primaryimage"},"thumbnailUrl":"https:\/\/somos-hermanos.mx\/wp-content\/uploads\/2025\/08\/proteni.jpeg","datePublished":"2025-08-04T09:31:04+00:00","breadcrumb":{"@id":"https:\/\/somos-hermanos.mx\/index.php\/2025\/08\/04\/impulsan-fundacion-para-la-proteccion-de-la-ninez-y-smiths-group-foundation-habilidades-digitales\/#breadcrumb"},"inLanguage":"es","potentialAction":[{"@type":"ReadAction","target":["https:\/\/somos-hermanos.mx\/index.php\/2025\/08\/04\/impulsan-fundacion-para-la-proteccion-de-la-ninez-y-smiths-group-foundation-habilidades-digitales\/"]}]},{"@type":"ImageObject","inLanguage":"es","@id":"https:\/\/somos-hermanos.mx\/index.php\/2025\/08\/04\/impulsan-fundacion-para-la-proteccion-de-la-ninez-y-smiths-group-foundation-habilidades-digitales\/#primaryimage","url":"https:\/\/somos-hermanos.mx\/wp-content\/uploads\/2025\/08\/proteni.jpeg","contentUrl":"https:\/\/somos-hermanos.mx\/wp-content\/uploads\/2025\/08\/proteni.jpeg","width":1600,"height":1066},{"@type":"BreadcrumbList","@id":"https:\/\/somos-hermanos.mx\/index.php\/2025\/08\/04\/impulsan-fundacion-para-la-proteccion-de-la-ninez-y-smiths-group-foundation-habilidades-digitales\/#breadcrumb","itemListElement":[{"@type":"ListItem","position":1,"name":"Inicio","item":"https:\/\/somos-hermanos.mx\/"},{"@type":"ListItem","position":2,"name":"Impulsan Fundaci\u00f3n para la Protecci\u00f3n de la Ni\u00f1ez y Smiths Group Foundation habilidades digitales"}]},{"@type":"WebSite","@id":"https:\/\/somos-hermanos.mx\/#website","url":"https:\/\/somos-hermanos.mx\/","name":"Historias que inspiran...","description":"Somos la voz del altruismo en M\u00e9xico","publisher":{"@id":"https:\/\/somos-hermanos.mx\/#organization"},"potentialAction":[{"@type":"SearchAction","target":{"@type":"EntryPoint","urlTemplate":"https:\/\/somos-hermanos.mx\/?s={search_term_string}"},"query-input":{"@type":"PropertyValueSpecification","valueRequired":true,"valueName":"search_term_string"}}],"inLanguage":"es"},{"@type":"Organization","@id":"https:\/\/somos-hermanos.mx\/#organization","name":"Somos Hermanos","url":"https:\/\/somos-hermanos.mx\/","logo":{"@type":"ImageObject","inLanguage":"es","@id":"https:\/\/somos-hermanos.mx\/#\/schema\/logo\/image\/","url":"https:\/\/somos-hermanos.mx\/wp-content\/uploads\/2025\/08\/SH30-1.jpeg","contentUrl":"https:\/\/somos-hermanos.mx\/wp-content\/uploads\/2025\/08\/SH30-1.jpeg","width":1600,"height":1142,"caption":"Somos Hermanos"},"image":{"@id":"https:\/\/somos-hermanos.mx\/#\/schema\/logo\/image\/"},"sameAs":["https:\/\/www.facebook.com\/SomosHermanosIAP\/","https:\/\/x.com\/Somos__Hermanos","https:\/\/www.instagram.com\/somos__hermanos\/#","https:\/\/www.tiktok.com\/@somoshermanosiap","https:\/\/www.youtube.com\/@somoshermanosiap1201\/videos"]},{"@type":"Person","@id":"https:\/\/somos-hermanos.mx\/#\/schema\/person\/72be0deaeb1d387148bc8db9a84cd13a","name":"Redacci\u00f3n","image":{"@type":"ImageObject","inLanguage":"es","@id":"https:\/\/secure.gravatar.com\/avatar\/0471f62dae6ab1c39ae7c79f265de6a8ede1928a658b55db6bd71466aa956832?s=96&d=mm&r=g","url":"https:\/\/secure.gravatar.com\/avatar\/0471f62dae6ab1c39ae7c79f265de6a8ede1928a658b55db6bd71466aa956832?s=96&d=mm&r=g","contentUrl":"https:\/\/secure.gravatar.com\/avatar\/0471f62dae6ab1c39ae7c79f265de6a8ede1928a658b55db6bd71466aa956832?s=96&d=mm&r=g","caption":"Redacci\u00f3n"},"url":"https:\/\/somos-hermanos.mx\/index.php\/author\/redaccion\/"}]}},"_links":{"self":[{"href":"https:\/\/somos-hermanos.mx\/index.php\/wp-json\/wp\/v2\/posts\/930","targetHints":{"allow":["GET"]}}],"collection":[{"href":"https:\/\/somos-hermanos.mx\/index.php\/wp-json\/wp\/v2\/posts"}],"about":[{"href":"https:\/\/somos-hermanos.mx\/index.php\/wp-json\/wp\/v2\/types\/post"}],"author":[{"embeddable":true,"href":"https:\/\/somos-hermanos.mx\/index.php\/wp-json\/wp\/v2\/users\/2"}],"replies":[{"embeddable":true,"href":"https:\/\/somos-hermanos.mx\/index.php\/wp-json\/wp\/v2\/comments?post=930"}],"version-history":[{"count":1,"href":"https:\/\/somos-hermanos.mx\/index.php\/wp-json\/wp\/v2\/posts\/930\/revisions"}],"predecessor-version":[{"id":932,"href":"https:\/\/somos-hermanos.mx\/index.php\/wp-json\/wp\/v2\/posts\/930\/revisions\/932"}],"wp:featuredmedia":[{"embeddable":true,"href":"https:\/\/somos-hermanos.mx\/index.php\/wp-json\/wp\/v2\/media\/931"}],"wp:attachment":[{"href":"https:\/\/somos-hermanos.mx\/index.php\/wp-json\/wp\/v2\/media?parent=930"}],"wp:term":[{"taxonomy":"category","embeddable":true,"href":"https:\/\/somos-hermanos.mx\/index.php\/wp-json\/wp\/v2\/categories?post=930"},{"taxonomy":"post_tag","embeddable":true,"href":"https:\/\/somos-hermanos.mx\/index.php\/wp-json\/wp\/v2\/tags?post=930"}],"curies":[{"name":"wp","href":"https:\/\/api.w.org\/{rel}","templated":true}]}}