{"id":927,"date":"2025-08-04T03:29:58","date_gmt":"2025-08-04T09:29:58","guid":{"rendered":"https:\/\/somos-hermanos.mx\/?p=927"},"modified":"2025-08-04T03:29:58","modified_gmt":"2025-08-04T09:29:58","slug":"ceip-iap-un-modelo-integral-de-educacion-y-desarrollo-comunitario","status":"publish","type":"post","link":"https:\/\/somos-hermanos.mx\/index.php\/2025\/08\/04\/ceip-iap-un-modelo-integral-de-educacion-y-desarrollo-comunitario\/","title":{"rendered":"CEIP IAP: Un modelo integral de educaci\u00f3n y desarrollo comunitario"},"content":{"rendered":"<p>Desde su fundaci\u00f3n en 1982, el Centro de Educaci\u00f3n Infantil para el Pueblo (CEIP) IAP, <strong>se ha consolidado como una instituci\u00f3n de asistencia privada sin fines de lucro dedicada a la atenci\u00f3n integral de la primera infancia y el fortalecimiento familiar en comunidades populares de la Ciudad de M\u00e9xico.<\/strong> Su misi\u00f3n es ofrecer educaci\u00f3n, cuidado y desarrollo integral a ni\u00f1as y ni\u00f1os desde los 10 meses hasta los 6 a\u00f1os de edad, con un modelo educativo inclusivo, humanista y basado en la participaci\u00f3n activa de la comunidad<\/p>\n<p><strong>Estancia Infantil y Servicios Integrales<\/strong><\/p>\n<p>El CEIP opera una Estancia Infantil que brinda servicios adaptados a las necesidades laborales de las madres trabajadoras de colonias populares, ofreciendo horarios flexibles y atenci\u00f3n para 80 ni\u00f1as y ni\u00f1os en un entorno seguro y afectivo. La gesti\u00f3n de estos servicios se caracteriza por la eficiencia y la transparencia, con un equipo profesional comprometido y una comunicaci\u00f3n abierta y constante con las familias y las instituciones aliadas.<\/p>\n<p><strong>Educaci\u00f3n y Desarrollo Integral<\/strong><\/p>\n<p>La instituci\u00f3n ha desarrollado una metodolog\u00eda propia sustentada en un enfoque constructivista, que promueve el aprendizaje activo y la participaci\u00f3n de los ni\u00f1os, fomentando el conocimiento y ejercicio de sus derechos, as\u00ed como el desarrollo de sus capacidades intelectuales, f\u00edsicas, sociales y afectivas. El Sistema de Educaci\u00f3n Integral Popular (SEIP) organiza los espacios educativos por \u00e1reas tem\u00e1ticas como lenguaje, matem\u00e1ticas, ciencias, arte, vida pr\u00e1ctica y motricidad, permitiendo a los ni\u00f1os elegir libremente sus actividades y recibir acompa\u00f1amiento individualizado por parte de las educadoras.<\/p>\n<p><strong>Formaci\u00f3n y Capacitaci\u00f3n de Madres Educadoras<\/strong><\/p>\n<p>Una caracter\u00edstica fundamental del CEIP es su compromiso con la comunidad a trav\u00e9s de la formaci\u00f3n de madres educadoras, mujeres de las mismas colonias que reciben capacitaci\u00f3n constante para desempe\u00f1ar el trabajo educativo con excelencia. Muchas de estas mujeres, que inicialmente cuentan s\u00f3lo con educaci\u00f3n b\u00e1sica, acceden a trav\u00e9s del programa a niveles superiores de formaci\u00f3n, incluso licenciaturas en educaci\u00f3n preescolar, fortaleciendo as\u00ed el tejido comunitario y el desarrollo local.<\/p>\n<p><strong>Nutrici\u00f3n y Bienestar<\/strong><strong>\u00a0<\/strong><\/p>\n<p>La nutrici\u00f3n es un eje central en la atenci\u00f3n que ofrece el CEIP. Cada ni\u00f1a y ni\u00f1o recibe un acompa\u00f1amiento nutricional personalizado por especialistas que monitorean su peso, talla y h\u00e1bitos alimenticios para garantizar un desarrollo saludable. Adem\u00e1s, se proporcionan cuatro alimentos diarios \u2014desayuno, comida y dos colaciones\u2014 equilibrados y adecuados en cantidad y calidad. Las familias participan activamente en la preparaci\u00f3n de los alimentos y reciben formaci\u00f3n b\u00e1sica sobre su valor nutricional.<\/p>\n<p><strong>Formaci\u00f3n a Madres y Padres de Familia<\/strong><strong>\u00a0<\/strong><\/p>\n<p>El CEIP reconoce que la familia es el primer agente de desarrollo para los ni\u00f1os, por lo que ofrece talleres, asesor\u00edas y acompa\u00f1amiento a madres y padres de familia para fortalecer pr\u00e1cticas de crianza positiva, comunicaci\u00f3n efectiva y prevenci\u00f3n del maltrato infantil, generando un impacto directo en el bienestar integral de la ni\u00f1ez.<\/p>\n<p><strong>Impacto Social y Reconocimientos<\/strong><\/p>\n<p>Desde su creaci\u00f3n, el CEIP ha atendido a m\u00e1s de 1,600 ni\u00f1as y ni\u00f1os, y ha logrado que m\u00e1s de 1,000 familias mejoren significativamente sus pr\u00e1cticas de crianza. El 18% de las madres educadoras han accedido a estudios superiores en educaci\u00f3n preescolar gracias al apoyo del programa. En 2019, la instituci\u00f3n fue reconocida por la Fundaci\u00f3n Sertull como una \u201cPr\u00e1ctica de mayor incidencia\u201d en el \u00e1rea educativa, avalando la efectividad y el alcance de su trabajo.<\/p>\n<p><strong>Voces de la Comunidad: Testimonios<\/strong><\/p>\n<p>Madres y educadoras comparten su experiencia y el valor que CEIP ha tenido en sus vidas:<\/p>\n<p><em>\u201cMi hijo ha crecido feliz, aprendiendo y desarroll\u00e1ndose en un ambiente seguro y lleno de cari\u00f1o.\u201d \u2013 Cristina G.<\/em><\/p>\n<p><em>\u201cGracias a la nutri\u00f3loga y los talleres, hemos mejorado la alimentaci\u00f3n y la relaci\u00f3n con nuestros hijos.\u201d \u2013 Aida \u00c1.<\/em><em>\u00a0<\/em><\/p>\n<p><em>\u201cLos talleres fortalecieron la confianza y habilidades sociales de mi hijo, antes t\u00edmido y ahora m\u00e1s expresivo.\u201d \u2013 Rosa M.<\/em><em>\u00a0<\/em><\/p>\n<p><em>\u201cTrabajar aqu\u00ed y ver crecer a mi hijo con el apoyo del CEIP ha sido una bendici\u00f3n.\u201d \u2013 Fabiola G.<\/em><\/p>\n<p><strong>Colabora y Haz la Diferencia<\/strong><\/p>\n<p>El CEIP invita a toda la comunidad a sumarse a su causa mediante diferentes formas de colaboraci\u00f3n:<\/p>\n<p>Donativos econ\u00f3micos: Apoyar con donativos mensuales o \u00fanicos, deducibles de impuestos, a trav\u00e9s de transferencias o dep\u00f3sitos bancarios.<\/p>\n<p>Donativos en especie: Alimentos, material did\u00e1ctico, art\u00edculos de limpieza y libros.<\/p>\n<p>Voluntariado, servicio social y pr\u00e1cticas profesionales: Brindar tiempo, habilidades y conocimientos para fortalecer las actividades y ampliar el impacto de la instituci\u00f3n.<\/p>\n<p>Para colaborar o recibir m\u00e1s informaci\u00f3n, se puede contactar al CEIP v\u00eda telef\u00f3nica al (55) 5637.9649 o al correo electr\u00f3nico <a href=\"mailto:info@ceip.edu.mx\"><u>info@ceip.edu.mx<\/u><\/a><\/p>\n","protected":false},"excerpt":{"rendered":"<p>Desde su fundaci\u00f3n en 1982, el Centro de Educaci\u00f3n Infantil para el Pueblo (CEIP) IAP, se ha consolidado como una instituci\u00f3n de asistencia privada sin fines de lucro dedicada a la atenci\u00f3n integral de la primera infancia y el fortalecimiento familiar en comunidades populares de la Ciudad de M\u00e9xico. Su misi\u00f3n es ofrecer educaci\u00f3n, cuidado [&hellip;]<\/p>\n","protected":false},"author":23,"featured_media":928,"comment_status":"open","ping_status":"closed","sticky":false,"template":"","format":"standard","meta":{"footnotes":""},"categories":[6],"tags":[],"class_list":["post-927","post","type-post","status-publish","format-standard","has-post-thumbnail","hentry","category-noticias"],"yoast_head":"<!-- This site is optimized with the Yoast SEO plugin v27.5 - https:\/\/yoast.com\/product\/yoast-seo-wordpress\/ -->\n<title>CEIP IAP: Un modelo integral de educaci\u00f3n y desarrollo comunitario - Historias que inspiran...<\/title>\n<meta name=\"robots\" content=\"index, follow, max-snippet:-1, max-image-preview:large, max-video-preview:-1\" \/>\n<link rel=\"canonical\" href=\"https:\/\/somos-hermanos.mx\/index.php\/2025\/08\/04\/ceip-iap-un-modelo-integral-de-educacion-y-desarrollo-comunitario\/\" \/>\n<meta property=\"og:locale\" content=\"es_MX\" \/>\n<meta property=\"og:type\" content=\"article\" \/>\n<meta property=\"og:title\" content=\"CEIP IAP: Un modelo integral de educaci\u00f3n y desarrollo comunitario - Historias que inspiran...\" \/>\n<meta property=\"og:description\" content=\"Desde su fundaci\u00f3n en 1982, el Centro de Educaci\u00f3n Infantil para el Pueblo (CEIP) IAP, se ha consolidado como una instituci\u00f3n de asistencia privada sin fines de lucro dedicada a la atenci\u00f3n integral de la primera infancia y el fortalecimiento familiar en comunidades populares de la Ciudad de M\u00e9xico. Su misi\u00f3n es ofrecer educaci\u00f3n, cuidado [&hellip;]\" \/>\n<meta property=\"og:url\" content=\"https:\/\/somos-hermanos.mx\/index.php\/2025\/08\/04\/ceip-iap-un-modelo-integral-de-educacion-y-desarrollo-comunitario\/\" \/>\n<meta property=\"og:site_name\" content=\"Historias que inspiran...\" \/>\n<meta property=\"article:publisher\" content=\"https:\/\/www.facebook.com\/SomosHermanosIAP\/\" \/>\n<meta property=\"article:published_time\" content=\"2025-08-04T09:29:58+00:00\" \/>\n<meta property=\"og:image\" content=\"https:\/\/somos-hermanos.mx\/wp-content\/uploads\/2025\/08\/infapu2.jpeg\" \/>\n\t<meta property=\"og:image:width\" content=\"1280\" \/>\n\t<meta property=\"og:image:height\" content=\"960\" \/>\n\t<meta property=\"og:image:type\" content=\"image\/jpeg\" \/>\n<meta name=\"author\" content=\"Jorge Luevanos Colunga\" \/>\n<meta name=\"twitter:card\" content=\"summary_large_image\" \/>\n<meta name=\"twitter:creator\" content=\"@Somos__Hermanos\" \/>\n<meta name=\"twitter:site\" content=\"@Somos__Hermanos\" \/>\n<meta name=\"twitter:label1\" content=\"Escrito por\" \/>\n\t<meta name=\"twitter:data1\" content=\"Jorge Luevanos Colunga\" \/>\n\t<meta name=\"twitter:label2\" content=\"Tiempo de lectura\" \/>\n\t<meta name=\"twitter:data2\" content=\"4 minutos\" \/>\n<script type=\"application\/ld+json\" class=\"yoast-schema-graph\">{\"@context\":\"https:\\\/\\\/schema.org\",\"@graph\":[{\"@type\":\"Article\",\"@id\":\"https:\\\/\\\/somos-hermanos.mx\\\/index.php\\\/2025\\\/08\\\/04\\\/ceip-iap-un-modelo-integral-de-educacion-y-desarrollo-comunitario\\\/#article\",\"isPartOf\":{\"@id\":\"https:\\\/\\\/somos-hermanos.mx\\\/index.php\\\/2025\\\/08\\\/04\\\/ceip-iap-un-modelo-integral-de-educacion-y-desarrollo-comunitario\\\/\"},\"author\":{\"name\":\"Jorge Luevanos Colunga\",\"@id\":\"https:\\\/\\\/somos-hermanos.mx\\\/#\\\/schema\\\/person\\\/9a6f4846be3f6417120bd52d3c372a2a\"},\"headline\":\"CEIP IAP: Un modelo integral de educaci\u00f3n y desarrollo comunitario\",\"datePublished\":\"2025-08-04T09:29:58+00:00\",\"mainEntityOfPage\":{\"@id\":\"https:\\\/\\\/somos-hermanos.mx\\\/index.php\\\/2025\\\/08\\\/04\\\/ceip-iap-un-modelo-integral-de-educacion-y-desarrollo-comunitario\\\/\"},\"wordCount\":823,\"commentCount\":0,\"publisher\":{\"@id\":\"https:\\\/\\\/somos-hermanos.mx\\\/#organization\"},\"image\":{\"@id\":\"https:\\\/\\\/somos-hermanos.mx\\\/index.php\\\/2025\\\/08\\\/04\\\/ceip-iap-un-modelo-integral-de-educacion-y-desarrollo-comunitario\\\/#primaryimage\"},\"thumbnailUrl\":\"https:\\\/\\\/somos-hermanos.mx\\\/wp-content\\\/uploads\\\/2025\\\/08\\\/infapu2.jpeg\",\"articleSection\":[\"Noticias\"],\"inLanguage\":\"es\",\"potentialAction\":[{\"@type\":\"CommentAction\",\"name\":\"Comment\",\"target\":[\"https:\\\/\\\/somos-hermanos.mx\\\/index.php\\\/2025\\\/08\\\/04\\\/ceip-iap-un-modelo-integral-de-educacion-y-desarrollo-comunitario\\\/#respond\"]}]},{\"@type\":\"WebPage\",\"@id\":\"https:\\\/\\\/somos-hermanos.mx\\\/index.php\\\/2025\\\/08\\\/04\\\/ceip-iap-un-modelo-integral-de-educacion-y-desarrollo-comunitario\\\/\",\"url\":\"https:\\\/\\\/somos-hermanos.mx\\\/index.php\\\/2025\\\/08\\\/04\\\/ceip-iap-un-modelo-integral-de-educacion-y-desarrollo-comunitario\\\/\",\"name\":\"CEIP IAP: Un modelo integral de educaci\u00f3n y desarrollo comunitario - Historias que inspiran...\",\"isPartOf\":{\"@id\":\"https:\\\/\\\/somos-hermanos.mx\\\/#website\"},\"primaryImageOfPage\":{\"@id\":\"https:\\\/\\\/somos-hermanos.mx\\\/index.php\\\/2025\\\/08\\\/04\\\/ceip-iap-un-modelo-integral-de-educacion-y-desarrollo-comunitario\\\/#primaryimage\"},\"image\":{\"@id\":\"https:\\\/\\\/somos-hermanos.mx\\\/index.php\\\/2025\\\/08\\\/04\\\/ceip-iap-un-modelo-integral-de-educacion-y-desarrollo-comunitario\\\/#primaryimage\"},\"thumbnailUrl\":\"https:\\\/\\\/somos-hermanos.mx\\\/wp-content\\\/uploads\\\/2025\\\/08\\\/infapu2.jpeg\",\"datePublished\":\"2025-08-04T09:29:58+00:00\",\"breadcrumb\":{\"@id\":\"https:\\\/\\\/somos-hermanos.mx\\\/index.php\\\/2025\\\/08\\\/04\\\/ceip-iap-un-modelo-integral-de-educacion-y-desarrollo-comunitario\\\/#breadcrumb\"},\"inLanguage\":\"es\",\"potentialAction\":[{\"@type\":\"ReadAction\",\"target\":[\"https:\\\/\\\/somos-hermanos.mx\\\/index.php\\\/2025\\\/08\\\/04\\\/ceip-iap-un-modelo-integral-de-educacion-y-desarrollo-comunitario\\\/\"]}]},{\"@type\":\"ImageObject\",\"inLanguage\":\"es\",\"@id\":\"https:\\\/\\\/somos-hermanos.mx\\\/index.php\\\/2025\\\/08\\\/04\\\/ceip-iap-un-modelo-integral-de-educacion-y-desarrollo-comunitario\\\/#primaryimage\",\"url\":\"https:\\\/\\\/somos-hermanos.mx\\\/wp-content\\\/uploads\\\/2025\\\/08\\\/infapu2.jpeg\",\"contentUrl\":\"https:\\\/\\\/somos-hermanos.mx\\\/wp-content\\\/uploads\\\/2025\\\/08\\\/infapu2.jpeg\",\"width\":1280,\"height\":960},{\"@type\":\"BreadcrumbList\",\"@id\":\"https:\\\/\\\/somos-hermanos.mx\\\/index.php\\\/2025\\\/08\\\/04\\\/ceip-iap-un-modelo-integral-de-educacion-y-desarrollo-comunitario\\\/#breadcrumb\",\"itemListElement\":[{\"@type\":\"ListItem\",\"position\":1,\"name\":\"Inicio\",\"item\":\"https:\\\/\\\/somos-hermanos.mx\\\/\"},{\"@type\":\"ListItem\",\"position\":2,\"name\":\"CEIP IAP: Un modelo integral de educaci\u00f3n y desarrollo comunitario\"}]},{\"@type\":\"WebSite\",\"@id\":\"https:\\\/\\\/somos-hermanos.mx\\\/#website\",\"url\":\"https:\\\/\\\/somos-hermanos.mx\\\/\",\"name\":\"Historias que inspiran...\",\"description\":\"Somos la voz del altruismo en M\u00e9xico\",\"publisher\":{\"@id\":\"https:\\\/\\\/somos-hermanos.mx\\\/#organization\"},\"potentialAction\":[{\"@type\":\"SearchAction\",\"target\":{\"@type\":\"EntryPoint\",\"urlTemplate\":\"https:\\\/\\\/somos-hermanos.mx\\\/?s={search_term_string}\"},\"query-input\":{\"@type\":\"PropertyValueSpecification\",\"valueRequired\":true,\"valueName\":\"search_term_string\"}}],\"inLanguage\":\"es\"},{\"@type\":\"Organization\",\"@id\":\"https:\\\/\\\/somos-hermanos.mx\\\/#organization\",\"name\":\"Somos Hermanos\",\"url\":\"https:\\\/\\\/somos-hermanos.mx\\\/\",\"logo\":{\"@type\":\"ImageObject\",\"inLanguage\":\"es\",\"@id\":\"https:\\\/\\\/somos-hermanos.mx\\\/#\\\/schema\\\/logo\\\/image\\\/\",\"url\":\"https:\\\/\\\/somos-hermanos.mx\\\/wp-content\\\/uploads\\\/2025\\\/08\\\/SH30-1.jpeg\",\"contentUrl\":\"https:\\\/\\\/somos-hermanos.mx\\\/wp-content\\\/uploads\\\/2025\\\/08\\\/SH30-1.jpeg\",\"width\":1600,\"height\":1142,\"caption\":\"Somos Hermanos\"},\"image\":{\"@id\":\"https:\\\/\\\/somos-hermanos.mx\\\/#\\\/schema\\\/logo\\\/image\\\/\"},\"sameAs\":[\"https:\\\/\\\/www.facebook.com\\\/SomosHermanosIAP\\\/\",\"https:\\\/\\\/x.com\\\/Somos__Hermanos\",\"https:\\\/\\\/www.instagram.com\\\/somos__hermanos\\\/#\",\"https:\\\/\\\/www.tiktok.com\\\/@somoshermanosiap\",\"https:\\\/\\\/www.youtube.com\\\/@somoshermanosiap1201\\\/videos\"]},{\"@type\":\"Person\",\"@id\":\"https:\\\/\\\/somos-hermanos.mx\\\/#\\\/schema\\\/person\\\/9a6f4846be3f6417120bd52d3c372a2a\",\"name\":\"Jorge Luevanos Colunga\",\"image\":{\"@type\":\"ImageObject\",\"inLanguage\":\"es\",\"@id\":\"https:\\\/\\\/secure.gravatar.com\\\/avatar\\\/fe89ce57773d4ca96fa3ec60521226cfd01e86886055be4fe89607061d716c35?s=96&d=mm&r=g\",\"url\":\"https:\\\/\\\/secure.gravatar.com\\\/avatar\\\/fe89ce57773d4ca96fa3ec60521226cfd01e86886055be4fe89607061d716c35?s=96&d=mm&r=g\",\"contentUrl\":\"https:\\\/\\\/secure.gravatar.com\\\/avatar\\\/fe89ce57773d4ca96fa3ec60521226cfd01e86886055be4fe89607061d716c35?s=96&d=mm&r=g\",\"caption\":\"Jorge Luevanos Colunga\"},\"url\":\"https:\\\/\\\/somos-hermanos.mx\\\/index.php\\\/author\\\/jorge-luevanos-colunga\\\/\"}]}<\/script>\n<!-- \/ Yoast SEO plugin. -->","yoast_head_json":{"title":"CEIP IAP: Un modelo integral de educaci\u00f3n y desarrollo comunitario - Historias que inspiran...","robots":{"index":"index","follow":"follow","max-snippet":"max-snippet:-1","max-image-preview":"max-image-preview:large","max-video-preview":"max-video-preview:-1"},"canonical":"https:\/\/somos-hermanos.mx\/index.php\/2025\/08\/04\/ceip-iap-un-modelo-integral-de-educacion-y-desarrollo-comunitario\/","og_locale":"es_MX","og_type":"article","og_title":"CEIP IAP: Un modelo integral de educaci\u00f3n y desarrollo comunitario - Historias que inspiran...","og_description":"Desde su fundaci\u00f3n en 1982, el Centro de Educaci\u00f3n Infantil para el Pueblo (CEIP) IAP, se ha consolidado como una instituci\u00f3n de asistencia privada sin fines de lucro dedicada a la atenci\u00f3n integral de la primera infancia y el fortalecimiento familiar en comunidades populares de la Ciudad de M\u00e9xico. Su misi\u00f3n es ofrecer educaci\u00f3n, cuidado [&hellip;]","og_url":"https:\/\/somos-hermanos.mx\/index.php\/2025\/08\/04\/ceip-iap-un-modelo-integral-de-educacion-y-desarrollo-comunitario\/","og_site_name":"Historias que inspiran...","article_publisher":"https:\/\/www.facebook.com\/SomosHermanosIAP\/","article_published_time":"2025-08-04T09:29:58+00:00","og_image":[{"width":1280,"height":960,"url":"https:\/\/somos-hermanos.mx\/wp-content\/uploads\/2025\/08\/infapu2.jpeg","type":"image\/jpeg"}],"author":"Jorge Luevanos Colunga","twitter_card":"summary_large_image","twitter_creator":"@Somos__Hermanos","twitter_site":"@Somos__Hermanos","twitter_misc":{"Escrito por":"Jorge Luevanos Colunga","Tiempo de lectura":"4 minutos"},"schema":{"@context":"https:\/\/schema.org","@graph":[{"@type":"Article","@id":"https:\/\/somos-hermanos.mx\/index.php\/2025\/08\/04\/ceip-iap-un-modelo-integral-de-educacion-y-desarrollo-comunitario\/#article","isPartOf":{"@id":"https:\/\/somos-hermanos.mx\/index.php\/2025\/08\/04\/ceip-iap-un-modelo-integral-de-educacion-y-desarrollo-comunitario\/"},"author":{"name":"Jorge Luevanos Colunga","@id":"https:\/\/somos-hermanos.mx\/#\/schema\/person\/9a6f4846be3f6417120bd52d3c372a2a"},"headline":"CEIP IAP: Un modelo integral de educaci\u00f3n y desarrollo comunitario","datePublished":"2025-08-04T09:29:58+00:00","mainEntityOfPage":{"@id":"https:\/\/somos-hermanos.mx\/index.php\/2025\/08\/04\/ceip-iap-un-modelo-integral-de-educacion-y-desarrollo-comunitario\/"},"wordCount":823,"commentCount":0,"publisher":{"@id":"https:\/\/somos-hermanos.mx\/#organization"},"image":{"@id":"https:\/\/somos-hermanos.mx\/index.php\/2025\/08\/04\/ceip-iap-un-modelo-integral-de-educacion-y-desarrollo-comunitario\/#primaryimage"},"thumbnailUrl":"https:\/\/somos-hermanos.mx\/wp-content\/uploads\/2025\/08\/infapu2.jpeg","articleSection":["Noticias"],"inLanguage":"es","potentialAction":[{"@type":"CommentAction","name":"Comment","target":["https:\/\/somos-hermanos.mx\/index.php\/2025\/08\/04\/ceip-iap-un-modelo-integral-de-educacion-y-desarrollo-comunitario\/#respond"]}]},{"@type":"WebPage","@id":"https:\/\/somos-hermanos.mx\/index.php\/2025\/08\/04\/ceip-iap-un-modelo-integral-de-educacion-y-desarrollo-comunitario\/","url":"https:\/\/somos-hermanos.mx\/index.php\/2025\/08\/04\/ceip-iap-un-modelo-integral-de-educacion-y-desarrollo-comunitario\/","name":"CEIP IAP: Un modelo integral de educaci\u00f3n y desarrollo comunitario - Historias que inspiran...","isPartOf":{"@id":"https:\/\/somos-hermanos.mx\/#website"},"primaryImageOfPage":{"@id":"https:\/\/somos-hermanos.mx\/index.php\/2025\/08\/04\/ceip-iap-un-modelo-integral-de-educacion-y-desarrollo-comunitario\/#primaryimage"},"image":{"@id":"https:\/\/somos-hermanos.mx\/index.php\/2025\/08\/04\/ceip-iap-un-modelo-integral-de-educacion-y-desarrollo-comunitario\/#primaryimage"},"thumbnailUrl":"https:\/\/somos-hermanos.mx\/wp-content\/uploads\/2025\/08\/infapu2.jpeg","datePublished":"2025-08-04T09:29:58+00:00","breadcrumb":{"@id":"https:\/\/somos-hermanos.mx\/index.php\/2025\/08\/04\/ceip-iap-un-modelo-integral-de-educacion-y-desarrollo-comunitario\/#breadcrumb"},"inLanguage":"es","potentialAction":[{"@type":"ReadAction","target":["https:\/\/somos-hermanos.mx\/index.php\/2025\/08\/04\/ceip-iap-un-modelo-integral-de-educacion-y-desarrollo-comunitario\/"]}]},{"@type":"ImageObject","inLanguage":"es","@id":"https:\/\/somos-hermanos.mx\/index.php\/2025\/08\/04\/ceip-iap-un-modelo-integral-de-educacion-y-desarrollo-comunitario\/#primaryimage","url":"https:\/\/somos-hermanos.mx\/wp-content\/uploads\/2025\/08\/infapu2.jpeg","contentUrl":"https:\/\/somos-hermanos.mx\/wp-content\/uploads\/2025\/08\/infapu2.jpeg","width":1280,"height":960},{"@type":"BreadcrumbList","@id":"https:\/\/somos-hermanos.mx\/index.php\/2025\/08\/04\/ceip-iap-un-modelo-integral-de-educacion-y-desarrollo-comunitario\/#breadcrumb","itemListElement":[{"@type":"ListItem","position":1,"name":"Inicio","item":"https:\/\/somos-hermanos.mx\/"},{"@type":"ListItem","position":2,"name":"CEIP IAP: Un modelo integral de educaci\u00f3n y desarrollo comunitario"}]},{"@type":"WebSite","@id":"https:\/\/somos-hermanos.mx\/#website","url":"https:\/\/somos-hermanos.mx\/","name":"Historias que inspiran...","description":"Somos la voz del altruismo en M\u00e9xico","publisher":{"@id":"https:\/\/somos-hermanos.mx\/#organization"},"potentialAction":[{"@type":"SearchAction","target":{"@type":"EntryPoint","urlTemplate":"https:\/\/somos-hermanos.mx\/?s={search_term_string}"},"query-input":{"@type":"PropertyValueSpecification","valueRequired":true,"valueName":"search_term_string"}}],"inLanguage":"es"},{"@type":"Organization","@id":"https:\/\/somos-hermanos.mx\/#organization","name":"Somos Hermanos","url":"https:\/\/somos-hermanos.mx\/","logo":{"@type":"ImageObject","inLanguage":"es","@id":"https:\/\/somos-hermanos.mx\/#\/schema\/logo\/image\/","url":"https:\/\/somos-hermanos.mx\/wp-content\/uploads\/2025\/08\/SH30-1.jpeg","contentUrl":"https:\/\/somos-hermanos.mx\/wp-content\/uploads\/2025\/08\/SH30-1.jpeg","width":1600,"height":1142,"caption":"Somos Hermanos"},"image":{"@id":"https:\/\/somos-hermanos.mx\/#\/schema\/logo\/image\/"},"sameAs":["https:\/\/www.facebook.com\/SomosHermanosIAP\/","https:\/\/x.com\/Somos__Hermanos","https:\/\/www.instagram.com\/somos__hermanos\/#","https:\/\/www.tiktok.com\/@somoshermanosiap","https:\/\/www.youtube.com\/@somoshermanosiap1201\/videos"]},{"@type":"Person","@id":"https:\/\/somos-hermanos.mx\/#\/schema\/person\/9a6f4846be3f6417120bd52d3c372a2a","name":"Jorge Luevanos Colunga","image":{"@type":"ImageObject","inLanguage":"es","@id":"https:\/\/secure.gravatar.com\/avatar\/fe89ce57773d4ca96fa3ec60521226cfd01e86886055be4fe89607061d716c35?s=96&d=mm&r=g","url":"https:\/\/secure.gravatar.com\/avatar\/fe89ce57773d4ca96fa3ec60521226cfd01e86886055be4fe89607061d716c35?s=96&d=mm&r=g","contentUrl":"https:\/\/secure.gravatar.com\/avatar\/fe89ce57773d4ca96fa3ec60521226cfd01e86886055be4fe89607061d716c35?s=96&d=mm&r=g","caption":"Jorge Luevanos Colunga"},"url":"https:\/\/somos-hermanos.mx\/index.php\/author\/jorge-luevanos-colunga\/"}]}},"_links":{"self":[{"href":"https:\/\/somos-hermanos.mx\/index.php\/wp-json\/wp\/v2\/posts\/927","targetHints":{"allow":["GET"]}}],"collection":[{"href":"https:\/\/somos-hermanos.mx\/index.php\/wp-json\/wp\/v2\/posts"}],"about":[{"href":"https:\/\/somos-hermanos.mx\/index.php\/wp-json\/wp\/v2\/types\/post"}],"author":[{"embeddable":true,"href":"https:\/\/somos-hermanos.mx\/index.php\/wp-json\/wp\/v2\/users\/23"}],"replies":[{"embeddable":true,"href":"https:\/\/somos-hermanos.mx\/index.php\/wp-json\/wp\/v2\/comments?post=927"}],"version-history":[{"count":1,"href":"https:\/\/somos-hermanos.mx\/index.php\/wp-json\/wp\/v2\/posts\/927\/revisions"}],"predecessor-version":[{"id":929,"href":"https:\/\/somos-hermanos.mx\/index.php\/wp-json\/wp\/v2\/posts\/927\/revisions\/929"}],"wp:featuredmedia":[{"embeddable":true,"href":"https:\/\/somos-hermanos.mx\/index.php\/wp-json\/wp\/v2\/media\/928"}],"wp:attachment":[{"href":"https:\/\/somos-hermanos.mx\/index.php\/wp-json\/wp\/v2\/media?parent=927"}],"wp:term":[{"taxonomy":"category","embeddable":true,"href":"https:\/\/somos-hermanos.mx\/index.php\/wp-json\/wp\/v2\/categories?post=927"},{"taxonomy":"post_tag","embeddable":true,"href":"https:\/\/somos-hermanos.mx\/index.php\/wp-json\/wp\/v2\/tags?post=927"}],"curies":[{"name":"wp","href":"https:\/\/api.w.org\/{rel}","templated":true}]}}