{"id":924,"date":"2025-08-04T03:28:09","date_gmt":"2025-08-04T09:28:09","guid":{"rendered":"https:\/\/somos-hermanos.mx\/?p=924"},"modified":"2025-08-04T03:28:09","modified_gmt":"2025-08-04T09:28:09","slug":"leucemia-promielocitica-aguda-cancer-de-la-sangre-poco-conocido-que-afecta-a-adultos-jovenes-y-adultos-mayores","status":"publish","type":"post","link":"https:\/\/somos-hermanos.mx\/index.php\/2025\/08\/04\/leucemia-promielocitica-aguda-cancer-de-la-sangre-poco-conocido-que-afecta-a-adultos-jovenes-y-adultos-mayores\/","title":{"rendered":"Leucemia Promieloc\u00edtica Aguda, c\u00e1ncer de la sangre poco conocido que afecta a adultos j\u00f3venes y adultos mayores"},"content":{"rendered":"<p>Sentir fatiga extrema o sensaci\u00f3n de cansancio que no mejora con el descanso, fiebre sin causa aparente, as\u00ed como sangrados de las enc\u00edas o nasales frecuentes, adem\u00e1s de dolor \u00f3seo y molestias articulares, <strong>puede ser indicadores de Leucemia Promieloc\u00edtica Aguda (LPA), alert\u00f3 el doctor Luis Meill\u00f3n.<\/strong><\/p>\n<p>El m\u00e9dico especialista en Hematolog\u00eda expuso que <strong>la LPA es un tipo de c\u00e1ncer de la sangre que se origina en las c\u00e9lulas mieloides<\/strong>\u00a0y que, a pesar de ser menos conocida, es una de las formas de leucemia m\u00e1s tratables si se detecta de manera temprana. \u201cEs importante reconocer los signos y s\u00edntomas de esta enfermedad para poder actuar a tiempo y evitar complicaciones\u201d.<\/p>\n<p>Meill\u00f3n Garc\u00eda agreg\u00f3 que la LPA es una enfermedad que <strong>afecta principalmente a adultos j\u00f3venes y adultos mayores, aunque puede presentarse en cualquier edad, <\/strong>pero aclar\u00f3 que la mortalidad asociada a esa enfermedad ha disminuido en los \u00faltimos a\u00f1os \u201cgracias al diagn\u00f3stico temprano y al tratamiento con \u00e1cido holo-trans-retinoico ATRA, que es una terapia efectiva para LPA de nuevo diagn\u00f3stico\u201d.<\/p>\n<p>El ex presidente de la Agrupaci\u00f3n Mexicana para el Estudio de la Hematolog\u00eda (AMEH), a\u00f1adi\u00f3 que con dicha alternativa \u201cse ha reportado una tasa de remisi\u00f3n completa del 89% de los pacientes, lo cual es una alta tasa de remisi\u00f3n molecular y una supervivencia global prometedora\u201d.<\/p>\n<p>En entrevista, agreg\u00f3 que \u201cla hemorragia es una causa frecuente de mortalidad en LPA, ante lo cual el uso temprano de la tretino\u00edna reduce complicaciones hemorr\u00e1gicas de forma r\u00e1pida y reduce la mortalidad\u201d pero, adem\u00e1s, destac\u00f3 que la LPA actualmente \u201cya es tratable y sobre todo curable sin necesidad de usar quimioterapia sino solamente tretino\u00edna y tri\u00f3xido de ars\u00e9nico, con lo cual se evitan los efectos adversos y secuelas que tiene la quimioterapia\u201d.<\/p>\n<p>El destacado especialista, expuso que \u201cesa forma de leucemia es como una alerta en el cuerpo: nuestras c\u00e9lulas sangu\u00edneas no maduran correctamente, lo que genera un \u2018tr\u00e1fico\u2019 de c\u00e9lulas inmaduras que no pueden cumplir su funci\u00f3n, lo cual hace que los pacientes sean m\u00e1s susceptibles a infecciones, sangrados o cansancio extremo.\u201d<\/p>\n<p><strong>Por ello lanz\u00f3 un llamado a detectar a tiempo la LPA <\/strong>porque reconocer los s\u00edntomas apoya el tratamiento oportuno. Entre los signos m\u00e1s comunes est\u00e1n:<\/p>\n<ul>\n<li>Fatiga extrema o sensaci\u00f3n de cansancio que no mejora con el descanso.<\/li>\n<li>Fiebre sin causa aparente.<\/li>\n<li>Sangrados inexplicables como moretones f\u00e1ciles, sangrado de las enc\u00edas o sangrados nasales frecuentes.<\/li>\n<li>Infecciones recurrentes debido a la disminuci\u00f3n de la cantidad de gl\u00f3bulos blancos.<\/li>\n<li>Palidez o color p\u00e1lido de la piel por falta de gl\u00f3bulos rojos saludables.<\/li>\n<li>Dolor \u00f3seo o molestias articulares.<\/li>\n<\/ul>\n","protected":false},"excerpt":{"rendered":"<p>Sentir fatiga extrema o sensaci\u00f3n de cansancio que no mejora con el descanso, fiebre sin causa aparente, as\u00ed como sangrados de las enc\u00edas o nasales frecuentes, adem\u00e1s de dolor \u00f3seo y molestias articulares, puede ser indicadores de Leucemia Promieloc\u00edtica Aguda (LPA), alert\u00f3 el doctor Luis Meill\u00f3n. El m\u00e9dico especialista en Hematolog\u00eda expuso que la LPA [&hellip;]<\/p>\n","protected":false},"author":8,"featured_media":925,"comment_status":"open","ping_status":"closed","sticky":false,"template":"","format":"standard","meta":{"footnotes":""},"categories":[6],"tags":[],"class_list":["post-924","post","type-post","status-publish","format-standard","has-post-thumbnail","hentry","category-noticias"],"yoast_head":"<!-- This site is optimized with the Yoast SEO plugin v27.5 - https:\/\/yoast.com\/product\/yoast-seo-wordpress\/ -->\n<title>Leucemia Promieloc\u00edtica Aguda, c\u00e1ncer de la sangre poco conocido que afecta a adultos j\u00f3venes y adultos mayores - Historias que inspiran...<\/title>\n<meta name=\"robots\" content=\"index, follow, max-snippet:-1, max-image-preview:large, max-video-preview:-1\" \/>\n<link rel=\"canonical\" href=\"https:\/\/somos-hermanos.mx\/index.php\/2025\/08\/04\/leucemia-promielocitica-aguda-cancer-de-la-sangre-poco-conocido-que-afecta-a-adultos-jovenes-y-adultos-mayores\/\" \/>\n<meta property=\"og:locale\" content=\"es_MX\" \/>\n<meta property=\"og:type\" content=\"article\" \/>\n<meta property=\"og:title\" content=\"Leucemia Promieloc\u00edtica Aguda, c\u00e1ncer de la sangre poco conocido que afecta a adultos j\u00f3venes y adultos mayores - Historias que inspiran...\" \/>\n<meta property=\"og:description\" content=\"Sentir fatiga extrema o sensaci\u00f3n de cansancio que no mejora con el descanso, fiebre sin causa aparente, as\u00ed como sangrados de las enc\u00edas o nasales frecuentes, adem\u00e1s de dolor \u00f3seo y molestias articulares, puede ser indicadores de Leucemia Promieloc\u00edtica Aguda (LPA), alert\u00f3 el doctor Luis Meill\u00f3n. El m\u00e9dico especialista en Hematolog\u00eda expuso que la LPA [&hellip;]\" \/>\n<meta property=\"og:url\" content=\"https:\/\/somos-hermanos.mx\/index.php\/2025\/08\/04\/leucemia-promielocitica-aguda-cancer-de-la-sangre-poco-conocido-que-afecta-a-adultos-jovenes-y-adultos-mayores\/\" \/>\n<meta property=\"og:site_name\" content=\"Historias que inspiran...\" \/>\n<meta property=\"article:publisher\" content=\"https:\/\/www.facebook.com\/SomosHermanosIAP\/\" \/>\n<meta property=\"article:published_time\" content=\"2025-08-04T09:28:09+00:00\" \/>\n<meta property=\"og:image\" content=\"https:\/\/somos-hermanos.mx\/wp-content\/uploads\/2025\/08\/promie1.jpeg\" \/>\n\t<meta property=\"og:image:width\" content=\"1280\" \/>\n\t<meta property=\"og:image:height\" content=\"854\" \/>\n\t<meta property=\"og:image:type\" content=\"image\/jpeg\" \/>\n<meta name=\"author\" content=\"Jes\u00fas Arizmendi\" \/>\n<meta name=\"twitter:card\" content=\"summary_large_image\" \/>\n<meta name=\"twitter:creator\" content=\"@Somos__Hermanos\" \/>\n<meta name=\"twitter:site\" content=\"@Somos__Hermanos\" \/>\n<meta name=\"twitter:label1\" content=\"Escrito por\" \/>\n\t<meta name=\"twitter:data1\" content=\"Jes\u00fas Arizmendi\" \/>\n\t<meta name=\"twitter:label2\" content=\"Tiempo de lectura\" \/>\n\t<meta name=\"twitter:data2\" content=\"3 minutos\" \/>\n<script type=\"application\/ld+json\" class=\"yoast-schema-graph\">{\"@context\":\"https:\\\/\\\/schema.org\",\"@graph\":[{\"@type\":\"Article\",\"@id\":\"https:\\\/\\\/somos-hermanos.mx\\\/index.php\\\/2025\\\/08\\\/04\\\/leucemia-promielocitica-aguda-cancer-de-la-sangre-poco-conocido-que-afecta-a-adultos-jovenes-y-adultos-mayores\\\/#article\",\"isPartOf\":{\"@id\":\"https:\\\/\\\/somos-hermanos.mx\\\/index.php\\\/2025\\\/08\\\/04\\\/leucemia-promielocitica-aguda-cancer-de-la-sangre-poco-conocido-que-afecta-a-adultos-jovenes-y-adultos-mayores\\\/\"},\"author\":{\"name\":\"Jes\u00fas Arizmendi\",\"@id\":\"https:\\\/\\\/somos-hermanos.mx\\\/#\\\/schema\\\/person\\\/945cdfed39314d9db1242f593aecb908\"},\"headline\":\"Leucemia Promieloc\u00edtica Aguda, c\u00e1ncer de la sangre poco conocido que afecta a adultos j\u00f3venes y adultos mayores\",\"datePublished\":\"2025-08-04T09:28:09+00:00\",\"mainEntityOfPage\":{\"@id\":\"https:\\\/\\\/somos-hermanos.mx\\\/index.php\\\/2025\\\/08\\\/04\\\/leucemia-promielocitica-aguda-cancer-de-la-sangre-poco-conocido-que-afecta-a-adultos-jovenes-y-adultos-mayores\\\/\"},\"wordCount\":489,\"commentCount\":0,\"publisher\":{\"@id\":\"https:\\\/\\\/somos-hermanos.mx\\\/#organization\"},\"image\":{\"@id\":\"https:\\\/\\\/somos-hermanos.mx\\\/index.php\\\/2025\\\/08\\\/04\\\/leucemia-promielocitica-aguda-cancer-de-la-sangre-poco-conocido-que-afecta-a-adultos-jovenes-y-adultos-mayores\\\/#primaryimage\"},\"thumbnailUrl\":\"https:\\\/\\\/somos-hermanos.mx\\\/wp-content\\\/uploads\\\/2025\\\/08\\\/promie1.jpeg\",\"articleSection\":[\"Noticias\"],\"inLanguage\":\"es\",\"potentialAction\":[{\"@type\":\"CommentAction\",\"name\":\"Comment\",\"target\":[\"https:\\\/\\\/somos-hermanos.mx\\\/index.php\\\/2025\\\/08\\\/04\\\/leucemia-promielocitica-aguda-cancer-de-la-sangre-poco-conocido-que-afecta-a-adultos-jovenes-y-adultos-mayores\\\/#respond\"]}]},{\"@type\":\"WebPage\",\"@id\":\"https:\\\/\\\/somos-hermanos.mx\\\/index.php\\\/2025\\\/08\\\/04\\\/leucemia-promielocitica-aguda-cancer-de-la-sangre-poco-conocido-que-afecta-a-adultos-jovenes-y-adultos-mayores\\\/\",\"url\":\"https:\\\/\\\/somos-hermanos.mx\\\/index.php\\\/2025\\\/08\\\/04\\\/leucemia-promielocitica-aguda-cancer-de-la-sangre-poco-conocido-que-afecta-a-adultos-jovenes-y-adultos-mayores\\\/\",\"name\":\"Leucemia Promieloc\u00edtica Aguda, c\u00e1ncer de la sangre poco conocido que afecta a adultos j\u00f3venes y adultos mayores - Historias que inspiran...\",\"isPartOf\":{\"@id\":\"https:\\\/\\\/somos-hermanos.mx\\\/#website\"},\"primaryImageOfPage\":{\"@id\":\"https:\\\/\\\/somos-hermanos.mx\\\/index.php\\\/2025\\\/08\\\/04\\\/leucemia-promielocitica-aguda-cancer-de-la-sangre-poco-conocido-que-afecta-a-adultos-jovenes-y-adultos-mayores\\\/#primaryimage\"},\"image\":{\"@id\":\"https:\\\/\\\/somos-hermanos.mx\\\/index.php\\\/2025\\\/08\\\/04\\\/leucemia-promielocitica-aguda-cancer-de-la-sangre-poco-conocido-que-afecta-a-adultos-jovenes-y-adultos-mayores\\\/#primaryimage\"},\"thumbnailUrl\":\"https:\\\/\\\/somos-hermanos.mx\\\/wp-content\\\/uploads\\\/2025\\\/08\\\/promie1.jpeg\",\"datePublished\":\"2025-08-04T09:28:09+00:00\",\"breadcrumb\":{\"@id\":\"https:\\\/\\\/somos-hermanos.mx\\\/index.php\\\/2025\\\/08\\\/04\\\/leucemia-promielocitica-aguda-cancer-de-la-sangre-poco-conocido-que-afecta-a-adultos-jovenes-y-adultos-mayores\\\/#breadcrumb\"},\"inLanguage\":\"es\",\"potentialAction\":[{\"@type\":\"ReadAction\",\"target\":[\"https:\\\/\\\/somos-hermanos.mx\\\/index.php\\\/2025\\\/08\\\/04\\\/leucemia-promielocitica-aguda-cancer-de-la-sangre-poco-conocido-que-afecta-a-adultos-jovenes-y-adultos-mayores\\\/\"]}]},{\"@type\":\"ImageObject\",\"inLanguage\":\"es\",\"@id\":\"https:\\\/\\\/somos-hermanos.mx\\\/index.php\\\/2025\\\/08\\\/04\\\/leucemia-promielocitica-aguda-cancer-de-la-sangre-poco-conocido-que-afecta-a-adultos-jovenes-y-adultos-mayores\\\/#primaryimage\",\"url\":\"https:\\\/\\\/somos-hermanos.mx\\\/wp-content\\\/uploads\\\/2025\\\/08\\\/promie1.jpeg\",\"contentUrl\":\"https:\\\/\\\/somos-hermanos.mx\\\/wp-content\\\/uploads\\\/2025\\\/08\\\/promie1.jpeg\",\"width\":1280,\"height\":854},{\"@type\":\"BreadcrumbList\",\"@id\":\"https:\\\/\\\/somos-hermanos.mx\\\/index.php\\\/2025\\\/08\\\/04\\\/leucemia-promielocitica-aguda-cancer-de-la-sangre-poco-conocido-que-afecta-a-adultos-jovenes-y-adultos-mayores\\\/#breadcrumb\",\"itemListElement\":[{\"@type\":\"ListItem\",\"position\":1,\"name\":\"Inicio\",\"item\":\"https:\\\/\\\/somos-hermanos.mx\\\/\"},{\"@type\":\"ListItem\",\"position\":2,\"name\":\"Leucemia Promieloc\u00edtica Aguda, c\u00e1ncer de la sangre poco conocido que afecta a adultos j\u00f3venes y adultos mayores\"}]},{\"@type\":\"WebSite\",\"@id\":\"https:\\\/\\\/somos-hermanos.mx\\\/#website\",\"url\":\"https:\\\/\\\/somos-hermanos.mx\\\/\",\"name\":\"Historias que inspiran...\",\"description\":\"Somos la voz del altruismo en M\u00e9xico\",\"publisher\":{\"@id\":\"https:\\\/\\\/somos-hermanos.mx\\\/#organization\"},\"potentialAction\":[{\"@type\":\"SearchAction\",\"target\":{\"@type\":\"EntryPoint\",\"urlTemplate\":\"https:\\\/\\\/somos-hermanos.mx\\\/?s={search_term_string}\"},\"query-input\":{\"@type\":\"PropertyValueSpecification\",\"valueRequired\":true,\"valueName\":\"search_term_string\"}}],\"inLanguage\":\"es\"},{\"@type\":\"Organization\",\"@id\":\"https:\\\/\\\/somos-hermanos.mx\\\/#organization\",\"name\":\"Somos Hermanos\",\"url\":\"https:\\\/\\\/somos-hermanos.mx\\\/\",\"logo\":{\"@type\":\"ImageObject\",\"inLanguage\":\"es\",\"@id\":\"https:\\\/\\\/somos-hermanos.mx\\\/#\\\/schema\\\/logo\\\/image\\\/\",\"url\":\"https:\\\/\\\/somos-hermanos.mx\\\/wp-content\\\/uploads\\\/2025\\\/08\\\/SH30-1.jpeg\",\"contentUrl\":\"https:\\\/\\\/somos-hermanos.mx\\\/wp-content\\\/uploads\\\/2025\\\/08\\\/SH30-1.jpeg\",\"width\":1600,\"height\":1142,\"caption\":\"Somos Hermanos\"},\"image\":{\"@id\":\"https:\\\/\\\/somos-hermanos.mx\\\/#\\\/schema\\\/logo\\\/image\\\/\"},\"sameAs\":[\"https:\\\/\\\/www.facebook.com\\\/SomosHermanosIAP\\\/\",\"https:\\\/\\\/x.com\\\/Somos__Hermanos\",\"https:\\\/\\\/www.instagram.com\\\/somos__hermanos\\\/#\",\"https:\\\/\\\/www.tiktok.com\\\/@somoshermanosiap\",\"https:\\\/\\\/www.youtube.com\\\/@somoshermanosiap1201\\\/videos\"]},{\"@type\":\"Person\",\"@id\":\"https:\\\/\\\/somos-hermanos.mx\\\/#\\\/schema\\\/person\\\/945cdfed39314d9db1242f593aecb908\",\"name\":\"Jes\u00fas Arizmendi\",\"image\":{\"@type\":\"ImageObject\",\"inLanguage\":\"es\",\"@id\":\"https:\\\/\\\/secure.gravatar.com\\\/avatar\\\/9d2f2284f2cc108aae42b8fdb13afa29b801f64001b731516b830e4926cc1b4b?s=96&d=mm&r=g\",\"url\":\"https:\\\/\\\/secure.gravatar.com\\\/avatar\\\/9d2f2284f2cc108aae42b8fdb13afa29b801f64001b731516b830e4926cc1b4b?s=96&d=mm&r=g\",\"contentUrl\":\"https:\\\/\\\/secure.gravatar.com\\\/avatar\\\/9d2f2284f2cc108aae42b8fdb13afa29b801f64001b731516b830e4926cc1b4b?s=96&d=mm&r=g\",\"caption\":\"Jes\u00fas Arizmendi\"},\"url\":\"https:\\\/\\\/somos-hermanos.mx\\\/index.php\\\/author\\\/jesus-arizmendi\\\/\"}]}<\/script>\n<!-- \/ Yoast SEO plugin. -->","yoast_head_json":{"title":"Leucemia Promieloc\u00edtica Aguda, c\u00e1ncer de la sangre poco conocido que afecta a adultos j\u00f3venes y adultos mayores - Historias que inspiran...","robots":{"index":"index","follow":"follow","max-snippet":"max-snippet:-1","max-image-preview":"max-image-preview:large","max-video-preview":"max-video-preview:-1"},"canonical":"https:\/\/somos-hermanos.mx\/index.php\/2025\/08\/04\/leucemia-promielocitica-aguda-cancer-de-la-sangre-poco-conocido-que-afecta-a-adultos-jovenes-y-adultos-mayores\/","og_locale":"es_MX","og_type":"article","og_title":"Leucemia Promieloc\u00edtica Aguda, c\u00e1ncer de la sangre poco conocido que afecta a adultos j\u00f3venes y adultos mayores - Historias que inspiran...","og_description":"Sentir fatiga extrema o sensaci\u00f3n de cansancio que no mejora con el descanso, fiebre sin causa aparente, as\u00ed como sangrados de las enc\u00edas o nasales frecuentes, adem\u00e1s de dolor \u00f3seo y molestias articulares, puede ser indicadores de Leucemia Promieloc\u00edtica Aguda (LPA), alert\u00f3 el doctor Luis Meill\u00f3n. El m\u00e9dico especialista en Hematolog\u00eda expuso que la LPA [&hellip;]","og_url":"https:\/\/somos-hermanos.mx\/index.php\/2025\/08\/04\/leucemia-promielocitica-aguda-cancer-de-la-sangre-poco-conocido-que-afecta-a-adultos-jovenes-y-adultos-mayores\/","og_site_name":"Historias que inspiran...","article_publisher":"https:\/\/www.facebook.com\/SomosHermanosIAP\/","article_published_time":"2025-08-04T09:28:09+00:00","og_image":[{"width":1280,"height":854,"url":"https:\/\/somos-hermanos.mx\/wp-content\/uploads\/2025\/08\/promie1.jpeg","type":"image\/jpeg"}],"author":"Jes\u00fas Arizmendi","twitter_card":"summary_large_image","twitter_creator":"@Somos__Hermanos","twitter_site":"@Somos__Hermanos","twitter_misc":{"Escrito por":"Jes\u00fas Arizmendi","Tiempo de lectura":"3 minutos"},"schema":{"@context":"https:\/\/schema.org","@graph":[{"@type":"Article","@id":"https:\/\/somos-hermanos.mx\/index.php\/2025\/08\/04\/leucemia-promielocitica-aguda-cancer-de-la-sangre-poco-conocido-que-afecta-a-adultos-jovenes-y-adultos-mayores\/#article","isPartOf":{"@id":"https:\/\/somos-hermanos.mx\/index.php\/2025\/08\/04\/leucemia-promielocitica-aguda-cancer-de-la-sangre-poco-conocido-que-afecta-a-adultos-jovenes-y-adultos-mayores\/"},"author":{"name":"Jes\u00fas Arizmendi","@id":"https:\/\/somos-hermanos.mx\/#\/schema\/person\/945cdfed39314d9db1242f593aecb908"},"headline":"Leucemia Promieloc\u00edtica Aguda, c\u00e1ncer de la sangre poco conocido que afecta a adultos j\u00f3venes y adultos mayores","datePublished":"2025-08-04T09:28:09+00:00","mainEntityOfPage":{"@id":"https:\/\/somos-hermanos.mx\/index.php\/2025\/08\/04\/leucemia-promielocitica-aguda-cancer-de-la-sangre-poco-conocido-que-afecta-a-adultos-jovenes-y-adultos-mayores\/"},"wordCount":489,"commentCount":0,"publisher":{"@id":"https:\/\/somos-hermanos.mx\/#organization"},"image":{"@id":"https:\/\/somos-hermanos.mx\/index.php\/2025\/08\/04\/leucemia-promielocitica-aguda-cancer-de-la-sangre-poco-conocido-que-afecta-a-adultos-jovenes-y-adultos-mayores\/#primaryimage"},"thumbnailUrl":"https:\/\/somos-hermanos.mx\/wp-content\/uploads\/2025\/08\/promie1.jpeg","articleSection":["Noticias"],"inLanguage":"es","potentialAction":[{"@type":"CommentAction","name":"Comment","target":["https:\/\/somos-hermanos.mx\/index.php\/2025\/08\/04\/leucemia-promielocitica-aguda-cancer-de-la-sangre-poco-conocido-que-afecta-a-adultos-jovenes-y-adultos-mayores\/#respond"]}]},{"@type":"WebPage","@id":"https:\/\/somos-hermanos.mx\/index.php\/2025\/08\/04\/leucemia-promielocitica-aguda-cancer-de-la-sangre-poco-conocido-que-afecta-a-adultos-jovenes-y-adultos-mayores\/","url":"https:\/\/somos-hermanos.mx\/index.php\/2025\/08\/04\/leucemia-promielocitica-aguda-cancer-de-la-sangre-poco-conocido-que-afecta-a-adultos-jovenes-y-adultos-mayores\/","name":"Leucemia Promieloc\u00edtica Aguda, c\u00e1ncer de la sangre poco conocido que afecta a adultos j\u00f3venes y adultos mayores - Historias que inspiran...","isPartOf":{"@id":"https:\/\/somos-hermanos.mx\/#website"},"primaryImageOfPage":{"@id":"https:\/\/somos-hermanos.mx\/index.php\/2025\/08\/04\/leucemia-promielocitica-aguda-cancer-de-la-sangre-poco-conocido-que-afecta-a-adultos-jovenes-y-adultos-mayores\/#primaryimage"},"image":{"@id":"https:\/\/somos-hermanos.mx\/index.php\/2025\/08\/04\/leucemia-promielocitica-aguda-cancer-de-la-sangre-poco-conocido-que-afecta-a-adultos-jovenes-y-adultos-mayores\/#primaryimage"},"thumbnailUrl":"https:\/\/somos-hermanos.mx\/wp-content\/uploads\/2025\/08\/promie1.jpeg","datePublished":"2025-08-04T09:28:09+00:00","breadcrumb":{"@id":"https:\/\/somos-hermanos.mx\/index.php\/2025\/08\/04\/leucemia-promielocitica-aguda-cancer-de-la-sangre-poco-conocido-que-afecta-a-adultos-jovenes-y-adultos-mayores\/#breadcrumb"},"inLanguage":"es","potentialAction":[{"@type":"ReadAction","target":["https:\/\/somos-hermanos.mx\/index.php\/2025\/08\/04\/leucemia-promielocitica-aguda-cancer-de-la-sangre-poco-conocido-que-afecta-a-adultos-jovenes-y-adultos-mayores\/"]}]},{"@type":"ImageObject","inLanguage":"es","@id":"https:\/\/somos-hermanos.mx\/index.php\/2025\/08\/04\/leucemia-promielocitica-aguda-cancer-de-la-sangre-poco-conocido-que-afecta-a-adultos-jovenes-y-adultos-mayores\/#primaryimage","url":"https:\/\/somos-hermanos.mx\/wp-content\/uploads\/2025\/08\/promie1.jpeg","contentUrl":"https:\/\/somos-hermanos.mx\/wp-content\/uploads\/2025\/08\/promie1.jpeg","width":1280,"height":854},{"@type":"BreadcrumbList","@id":"https:\/\/somos-hermanos.mx\/index.php\/2025\/08\/04\/leucemia-promielocitica-aguda-cancer-de-la-sangre-poco-conocido-que-afecta-a-adultos-jovenes-y-adultos-mayores\/#breadcrumb","itemListElement":[{"@type":"ListItem","position":1,"name":"Inicio","item":"https:\/\/somos-hermanos.mx\/"},{"@type":"ListItem","position":2,"name":"Leucemia Promieloc\u00edtica Aguda, c\u00e1ncer de la sangre poco conocido que afecta a adultos j\u00f3venes y adultos mayores"}]},{"@type":"WebSite","@id":"https:\/\/somos-hermanos.mx\/#website","url":"https:\/\/somos-hermanos.mx\/","name":"Historias que inspiran...","description":"Somos la voz del altruismo en M\u00e9xico","publisher":{"@id":"https:\/\/somos-hermanos.mx\/#organization"},"potentialAction":[{"@type":"SearchAction","target":{"@type":"EntryPoint","urlTemplate":"https:\/\/somos-hermanos.mx\/?s={search_term_string}"},"query-input":{"@type":"PropertyValueSpecification","valueRequired":true,"valueName":"search_term_string"}}],"inLanguage":"es"},{"@type":"Organization","@id":"https:\/\/somos-hermanos.mx\/#organization","name":"Somos Hermanos","url":"https:\/\/somos-hermanos.mx\/","logo":{"@type":"ImageObject","inLanguage":"es","@id":"https:\/\/somos-hermanos.mx\/#\/schema\/logo\/image\/","url":"https:\/\/somos-hermanos.mx\/wp-content\/uploads\/2025\/08\/SH30-1.jpeg","contentUrl":"https:\/\/somos-hermanos.mx\/wp-content\/uploads\/2025\/08\/SH30-1.jpeg","width":1600,"height":1142,"caption":"Somos Hermanos"},"image":{"@id":"https:\/\/somos-hermanos.mx\/#\/schema\/logo\/image\/"},"sameAs":["https:\/\/www.facebook.com\/SomosHermanosIAP\/","https:\/\/x.com\/Somos__Hermanos","https:\/\/www.instagram.com\/somos__hermanos\/#","https:\/\/www.tiktok.com\/@somoshermanosiap","https:\/\/www.youtube.com\/@somoshermanosiap1201\/videos"]},{"@type":"Person","@id":"https:\/\/somos-hermanos.mx\/#\/schema\/person\/945cdfed39314d9db1242f593aecb908","name":"Jes\u00fas Arizmendi","image":{"@type":"ImageObject","inLanguage":"es","@id":"https:\/\/secure.gravatar.com\/avatar\/9d2f2284f2cc108aae42b8fdb13afa29b801f64001b731516b830e4926cc1b4b?s=96&d=mm&r=g","url":"https:\/\/secure.gravatar.com\/avatar\/9d2f2284f2cc108aae42b8fdb13afa29b801f64001b731516b830e4926cc1b4b?s=96&d=mm&r=g","contentUrl":"https:\/\/secure.gravatar.com\/avatar\/9d2f2284f2cc108aae42b8fdb13afa29b801f64001b731516b830e4926cc1b4b?s=96&d=mm&r=g","caption":"Jes\u00fas Arizmendi"},"url":"https:\/\/somos-hermanos.mx\/index.php\/author\/jesus-arizmendi\/"}]}},"_links":{"self":[{"href":"https:\/\/somos-hermanos.mx\/index.php\/wp-json\/wp\/v2\/posts\/924","targetHints":{"allow":["GET"]}}],"collection":[{"href":"https:\/\/somos-hermanos.mx\/index.php\/wp-json\/wp\/v2\/posts"}],"about":[{"href":"https:\/\/somos-hermanos.mx\/index.php\/wp-json\/wp\/v2\/types\/post"}],"author":[{"embeddable":true,"href":"https:\/\/somos-hermanos.mx\/index.php\/wp-json\/wp\/v2\/users\/8"}],"replies":[{"embeddable":true,"href":"https:\/\/somos-hermanos.mx\/index.php\/wp-json\/wp\/v2\/comments?post=924"}],"version-history":[{"count":1,"href":"https:\/\/somos-hermanos.mx\/index.php\/wp-json\/wp\/v2\/posts\/924\/revisions"}],"predecessor-version":[{"id":926,"href":"https:\/\/somos-hermanos.mx\/index.php\/wp-json\/wp\/v2\/posts\/924\/revisions\/926"}],"wp:featuredmedia":[{"embeddable":true,"href":"https:\/\/somos-hermanos.mx\/index.php\/wp-json\/wp\/v2\/media\/925"}],"wp:attachment":[{"href":"https:\/\/somos-hermanos.mx\/index.php\/wp-json\/wp\/v2\/media?parent=924"}],"wp:term":[{"taxonomy":"category","embeddable":true,"href":"https:\/\/somos-hermanos.mx\/index.php\/wp-json\/wp\/v2\/categories?post=924"},{"taxonomy":"post_tag","embeddable":true,"href":"https:\/\/somos-hermanos.mx\/index.php\/wp-json\/wp\/v2\/tags?post=924"}],"curies":[{"name":"wp","href":"https:\/\/api.w.org\/{rel}","templated":true}]}}