{"id":921,"date":"2025-08-04T03:27:13","date_gmt":"2025-08-04T09:27:13","guid":{"rendered":"https:\/\/somos-hermanos.mx\/?p=921"},"modified":"2025-08-04T03:27:13","modified_gmt":"2025-08-04T09:27:13","slug":"soffy-una-mano-amiga-para-los-ninos-que-mas-lo-necesitan","status":"publish","type":"post","link":"https:\/\/somos-hermanos.mx\/index.php\/2025\/08\/04\/soffy-una-mano-amiga-para-los-ninos-que-mas-lo-necesitan\/","title":{"rendered":"Soffy: Una mano amiga para los ni\u00f1os que m\u00e1s lo necesitan"},"content":{"rendered":"<p>En el coraz\u00f3n de Quer\u00e9taro, hay una luz que no se apaga: la<strong><b>\u00a0Fundaci\u00f3n Soffy Una Mano Amiga AC<\/b><\/strong>. Desde el a\u00f1o 2013, se ha convertido en s\u00edmbolo de esperanza, empat\u00eda y solidaridad para muchas familias que enfrentan diariamente la dif\u00edcil realidad de tener un hijo o hija con una enfermedad cr\u00f3nica.<\/p>\n<p>Esta organizaci\u00f3n sin fines de lucro ha dedicado todos sus esfuerzos a mejorar la calidad de vida de ni\u00f1os, ni\u00f1as y adolescentes diagnosticados con padecimientos como insuficiencia renal cr\u00f3nica, c\u00e1ncer, lupus, entre otros.<\/p>\n<p>M\u00e1s que brindar asistencia, la Fundaci\u00f3n Soffy <strong>ofrece compa\u00f1\u00eda, escucha y contenci\u00f3n emocional.<\/strong>\u00a0Su enfoque va mucho m\u00e1s all\u00e1 de lo m\u00e9dico; se trata de abrazar a las familias en su momento m\u00e1s vulnerable y caminar junto a ellas con empat\u00eda, respeto y amor.<\/p>\n<p>Detr\u00e1s de cada acci\u00f3n est\u00e1 el deseo profundo de hacer que los d\u00edas dif\u00edciles sean un poco m\u00e1s llevaderos. Porque cuando un ni\u00f1o enferma, toda la familia acompa\u00f1a el padecimiento. En estas ocasiones la fundaci\u00f3n brinda no solamente apoyo m\u00e9dico y material, sino tambi\u00e9n contenci\u00f3n emocional y humana.<\/p>\n<h3><strong>Apoyo que se siente con el coraz\u00f3n<\/strong><\/h3>\n<p>La fundaci\u00f3n ha desarrollado diversos programas enfocados no solo en las necesidades cl\u00ednicas, sino tambi\u00e9n en el bienestar emocional y social de sus beneficiarios. Uno de sus programas m\u00e1s destacados es el <strong><b>Centro de Conocimientos<\/b><\/strong>\u00a0el cual se encarga de disminuir el rezago educativo tanto de los pacientes como de sus hermanos con el objetivo de continuar con sus estudios y potenciar su futuro tanto acad\u00e9mico como laboral.<\/p>\n<p>Otro eje fundamental es el <strong><b>programa de nutrici\u00f3n<\/b><\/strong>, el cual atiende\u00a0las necesidades de los pacientes y familiares en su padecimiento m\u00e9dico, as\u00ed al mismo tiempo la fundaci\u00f3n hace entrega de alimentos de canasta b\u00e1sica o de productos en espec\u00edfico para la familia. Este gesto alivia un peso emocional y econ\u00f3mico enorme para quienes acompa\u00f1an a sus hijos en procesos m\u00e9dicos prolongados.<\/p>\n<p>El acompa\u00f1amiento emocional tambi\u00e9n es clave. A trav\u00e9s del programa de <strong><b>acompa\u00f1amiento psicol\u00f3gico<\/b><\/strong>, la fundaci\u00f3n lo ofrece a las familias tanto dentro como fuera del hospital. La enfermedad no solo afecta al cuerpo; tambi\u00e9n golpea la mente y el alma, por lo que este acompa\u00f1amiento resulta vital para sobrellevar la carga emocional del diagn\u00f3stico y el tratamiento.<\/p>\n<p>Adem\u00e1s, conscientes de que muchos tratamientos requieren donaciones constantes de sangre y plaquetas. La Fundaci\u00f3n Soffy ha creado una <strong><b>Red de Donantes<\/b><\/strong>, convocando a la ciudadan\u00eda a sumarse a esta causa de vida. Gracias a esta red solidaria, ni\u00f1os en situaciones cr\u00edticas pueden continuar sus tratamientos sin interrupciones.<\/p>\n<p>Por \u00faltimo, a trav\u00e9s del \u00e1rea de <strong><b>Gesti\u00f3n Social<\/b><\/strong>, la fundaci\u00f3n identifica y responde a otras necesidades urgentes de las familias, como el acceso a medicamentos costosos o la adecuaci\u00f3n de espacios en sus hogares para recibir tratamiento en condiciones dignas.<\/p>\n<h3><strong>El recorrido de un sue\u00f1o: la estafeta contra el c\u00e1ncer<\/strong><\/h3>\n<p>Este a\u00f1o la Fundaci\u00f3n Soffy ser\u00e1 part\u00edcipe de un evento importante. La Estafeta contra el c\u00e1ncer es un rally de carrera de relevos en motocicleta que empieza desde Cabos San Lucas y recorre cada una de las ciudades del pa\u00eds hasta llegar a Quintana Roo. Este a\u00f1o el beneficiario ser\u00e1 el estado de Quer\u00e9taro y la ayuda ser\u00e1 dirigida a la fundaci\u00f3n.<\/p>\n<p>La ciudad en la que se encuentra la estafeta debe realizar distintas actividades que van desde rifas, boteos o cualquier otra actividad para recaudar la cuota m\u00ednima de la estafeta que va desde cinco mil pesos. Una vez cubierta la cuota, la estafeta pasa a otro estado y as\u00ed sucesivamente hasta llegar al lugar de recaudaci\u00f3n que este a\u00f1o es el estado de Quer\u00e9taro y va dirigido a la fundaci\u00f3n.<\/p>\n<h3><strong>T\u00fa tambi\u00e9n puedes ser parte<\/strong><\/h3>\n<p>Aparte de apoyar en la estafeta donando o bien participando en el rally que la comunidad mexicana de motocicletas organiz\u00f3 tambi\u00e9n hay la posibilidad de apoyar a Fundaci\u00f3n Soffy de la siguiente manera:<\/p>\n<ul>\n<li>Con una donaci\u00f3n desde $1 peso en tiendas participantes como Farmacias Guadalajara, Chedraui o Soriana.<\/li>\n<li>Realizando una transferencia directa (detalles en su p\u00e1gina web).<\/li>\n<li>Sum\u00e1ndote como voluntario, ofreciendo tu tiempo y tu coraz\u00f3n.<\/li>\n<\/ul>\n<p><strong><b>La Fundaci\u00f3n Soffy<\/b><\/strong>\u00a0nos recuerda que, incluso en medio del dolor, hay espacio para la esperanza, porque cuando un ni\u00f1o lucha por su vida, lo que m\u00e1s necesita es una mano amiga. Y esa mano, quiz\u00e1s, puede ser la tuya.<\/p>\n","protected":false},"excerpt":{"rendered":"<p>En el coraz\u00f3n de Quer\u00e9taro, hay una luz que no se apaga: la\u00a0Fundaci\u00f3n Soffy Una Mano Amiga AC. Desde el a\u00f1o 2013, se ha convertido en s\u00edmbolo de esperanza, empat\u00eda y solidaridad para muchas familias que enfrentan diariamente la dif\u00edcil realidad de tener un hijo o hija con una enfermedad cr\u00f3nica. Esta organizaci\u00f3n sin fines [&hellip;]<\/p>\n","protected":false},"author":26,"featured_media":922,"comment_status":"open","ping_status":"closed","sticky":false,"template":"","format":"standard","meta":{"footnotes":""},"categories":[6],"tags":[],"class_list":["post-921","post","type-post","status-publish","format-standard","has-post-thumbnail","hentry","category-noticias"],"yoast_head":"<!-- This site is optimized with the Yoast SEO plugin v27.5 - https:\/\/yoast.com\/product\/yoast-seo-wordpress\/ -->\n<title>Soffy: Una mano amiga para los ni\u00f1os que m\u00e1s lo necesitan - Historias que inspiran...<\/title>\n<meta name=\"robots\" content=\"index, follow, max-snippet:-1, max-image-preview:large, max-video-preview:-1\" \/>\n<link rel=\"canonical\" href=\"https:\/\/somos-hermanos.mx\/index.php\/2025\/08\/04\/soffy-una-mano-amiga-para-los-ninos-que-mas-lo-necesitan\/\" \/>\n<meta property=\"og:locale\" content=\"es_MX\" \/>\n<meta property=\"og:type\" content=\"article\" \/>\n<meta property=\"og:title\" content=\"Soffy: Una mano amiga para los ni\u00f1os que m\u00e1s lo necesitan - Historias que inspiran...\" \/>\n<meta property=\"og:description\" content=\"En el coraz\u00f3n de Quer\u00e9taro, hay una luz que no se apaga: la\u00a0Fundaci\u00f3n Soffy Una Mano Amiga AC. Desde el a\u00f1o 2013, se ha convertido en s\u00edmbolo de esperanza, empat\u00eda y solidaridad para muchas familias que enfrentan diariamente la dif\u00edcil realidad de tener un hijo o hija con una enfermedad cr\u00f3nica. Esta organizaci\u00f3n sin fines [&hellip;]\" \/>\n<meta property=\"og:url\" content=\"https:\/\/somos-hermanos.mx\/index.php\/2025\/08\/04\/soffy-una-mano-amiga-para-los-ninos-que-mas-lo-necesitan\/\" \/>\n<meta property=\"og:site_name\" content=\"Historias que inspiran...\" \/>\n<meta property=\"article:publisher\" content=\"https:\/\/www.facebook.com\/SomosHermanosIAP\/\" \/>\n<meta property=\"article:published_time\" content=\"2025-08-04T09:27:13+00:00\" \/>\n<meta property=\"og:image\" content=\"https:\/\/somos-hermanos.mx\/wp-content\/uploads\/2025\/08\/soff1.jpeg\" \/>\n\t<meta property=\"og:image:width\" content=\"1440\" \/>\n\t<meta property=\"og:image:height\" content=\"871\" \/>\n\t<meta property=\"og:image:type\" content=\"image\/jpeg\" \/>\n<meta name=\"author\" content=\"Juliette Mart\u00ednez Recio\" \/>\n<meta name=\"twitter:card\" content=\"summary_large_image\" \/>\n<meta name=\"twitter:creator\" content=\"@Somos__Hermanos\" \/>\n<meta name=\"twitter:site\" content=\"@Somos__Hermanos\" \/>\n<meta name=\"twitter:label1\" content=\"Escrito por\" \/>\n\t<meta name=\"twitter:data1\" content=\"Juliette Mart\u00ednez Recio\" \/>\n\t<meta name=\"twitter:label2\" content=\"Tiempo de lectura\" \/>\n\t<meta name=\"twitter:data2\" content=\"4 minutos\" \/>\n<script type=\"application\/ld+json\" class=\"yoast-schema-graph\">{\"@context\":\"https:\\\/\\\/schema.org\",\"@graph\":[{\"@type\":\"Article\",\"@id\":\"https:\\\/\\\/somos-hermanos.mx\\\/index.php\\\/2025\\\/08\\\/04\\\/soffy-una-mano-amiga-para-los-ninos-que-mas-lo-necesitan\\\/#article\",\"isPartOf\":{\"@id\":\"https:\\\/\\\/somos-hermanos.mx\\\/index.php\\\/2025\\\/08\\\/04\\\/soffy-una-mano-amiga-para-los-ninos-que-mas-lo-necesitan\\\/\"},\"author\":{\"name\":\"Juliette Mart\u00ednez Recio\",\"@id\":\"https:\\\/\\\/somos-hermanos.mx\\\/#\\\/schema\\\/person\\\/451a0d627824379db3cf12d5f836bbfa\"},\"headline\":\"Soffy: Una mano amiga para los ni\u00f1os que m\u00e1s lo necesitan\",\"datePublished\":\"2025-08-04T09:27:13+00:00\",\"mainEntityOfPage\":{\"@id\":\"https:\\\/\\\/somos-hermanos.mx\\\/index.php\\\/2025\\\/08\\\/04\\\/soffy-una-mano-amiga-para-los-ninos-que-mas-lo-necesitan\\\/\"},\"wordCount\":814,\"commentCount\":0,\"publisher\":{\"@id\":\"https:\\\/\\\/somos-hermanos.mx\\\/#organization\"},\"image\":{\"@id\":\"https:\\\/\\\/somos-hermanos.mx\\\/index.php\\\/2025\\\/08\\\/04\\\/soffy-una-mano-amiga-para-los-ninos-que-mas-lo-necesitan\\\/#primaryimage\"},\"thumbnailUrl\":\"https:\\\/\\\/somos-hermanos.mx\\\/wp-content\\\/uploads\\\/2025\\\/08\\\/soff1.jpeg\",\"articleSection\":[\"Noticias\"],\"inLanguage\":\"es\",\"potentialAction\":[{\"@type\":\"CommentAction\",\"name\":\"Comment\",\"target\":[\"https:\\\/\\\/somos-hermanos.mx\\\/index.php\\\/2025\\\/08\\\/04\\\/soffy-una-mano-amiga-para-los-ninos-que-mas-lo-necesitan\\\/#respond\"]}]},{\"@type\":\"WebPage\",\"@id\":\"https:\\\/\\\/somos-hermanos.mx\\\/index.php\\\/2025\\\/08\\\/04\\\/soffy-una-mano-amiga-para-los-ninos-que-mas-lo-necesitan\\\/\",\"url\":\"https:\\\/\\\/somos-hermanos.mx\\\/index.php\\\/2025\\\/08\\\/04\\\/soffy-una-mano-amiga-para-los-ninos-que-mas-lo-necesitan\\\/\",\"name\":\"Soffy: Una mano amiga para los ni\u00f1os que m\u00e1s lo necesitan - Historias que inspiran...\",\"isPartOf\":{\"@id\":\"https:\\\/\\\/somos-hermanos.mx\\\/#website\"},\"primaryImageOfPage\":{\"@id\":\"https:\\\/\\\/somos-hermanos.mx\\\/index.php\\\/2025\\\/08\\\/04\\\/soffy-una-mano-amiga-para-los-ninos-que-mas-lo-necesitan\\\/#primaryimage\"},\"image\":{\"@id\":\"https:\\\/\\\/somos-hermanos.mx\\\/index.php\\\/2025\\\/08\\\/04\\\/soffy-una-mano-amiga-para-los-ninos-que-mas-lo-necesitan\\\/#primaryimage\"},\"thumbnailUrl\":\"https:\\\/\\\/somos-hermanos.mx\\\/wp-content\\\/uploads\\\/2025\\\/08\\\/soff1.jpeg\",\"datePublished\":\"2025-08-04T09:27:13+00:00\",\"breadcrumb\":{\"@id\":\"https:\\\/\\\/somos-hermanos.mx\\\/index.php\\\/2025\\\/08\\\/04\\\/soffy-una-mano-amiga-para-los-ninos-que-mas-lo-necesitan\\\/#breadcrumb\"},\"inLanguage\":\"es\",\"potentialAction\":[{\"@type\":\"ReadAction\",\"target\":[\"https:\\\/\\\/somos-hermanos.mx\\\/index.php\\\/2025\\\/08\\\/04\\\/soffy-una-mano-amiga-para-los-ninos-que-mas-lo-necesitan\\\/\"]}]},{\"@type\":\"ImageObject\",\"inLanguage\":\"es\",\"@id\":\"https:\\\/\\\/somos-hermanos.mx\\\/index.php\\\/2025\\\/08\\\/04\\\/soffy-una-mano-amiga-para-los-ninos-que-mas-lo-necesitan\\\/#primaryimage\",\"url\":\"https:\\\/\\\/somos-hermanos.mx\\\/wp-content\\\/uploads\\\/2025\\\/08\\\/soff1.jpeg\",\"contentUrl\":\"https:\\\/\\\/somos-hermanos.mx\\\/wp-content\\\/uploads\\\/2025\\\/08\\\/soff1.jpeg\",\"width\":1440,\"height\":871},{\"@type\":\"BreadcrumbList\",\"@id\":\"https:\\\/\\\/somos-hermanos.mx\\\/index.php\\\/2025\\\/08\\\/04\\\/soffy-una-mano-amiga-para-los-ninos-que-mas-lo-necesitan\\\/#breadcrumb\",\"itemListElement\":[{\"@type\":\"ListItem\",\"position\":1,\"name\":\"Inicio\",\"item\":\"https:\\\/\\\/somos-hermanos.mx\\\/\"},{\"@type\":\"ListItem\",\"position\":2,\"name\":\"Soffy: Una mano amiga para los ni\u00f1os que m\u00e1s lo necesitan\"}]},{\"@type\":\"WebSite\",\"@id\":\"https:\\\/\\\/somos-hermanos.mx\\\/#website\",\"url\":\"https:\\\/\\\/somos-hermanos.mx\\\/\",\"name\":\"Historias que inspiran...\",\"description\":\"Somos la voz del altruismo en M\u00e9xico\",\"publisher\":{\"@id\":\"https:\\\/\\\/somos-hermanos.mx\\\/#organization\"},\"potentialAction\":[{\"@type\":\"SearchAction\",\"target\":{\"@type\":\"EntryPoint\",\"urlTemplate\":\"https:\\\/\\\/somos-hermanos.mx\\\/?s={search_term_string}\"},\"query-input\":{\"@type\":\"PropertyValueSpecification\",\"valueRequired\":true,\"valueName\":\"search_term_string\"}}],\"inLanguage\":\"es\"},{\"@type\":\"Organization\",\"@id\":\"https:\\\/\\\/somos-hermanos.mx\\\/#organization\",\"name\":\"Somos Hermanos\",\"url\":\"https:\\\/\\\/somos-hermanos.mx\\\/\",\"logo\":{\"@type\":\"ImageObject\",\"inLanguage\":\"es\",\"@id\":\"https:\\\/\\\/somos-hermanos.mx\\\/#\\\/schema\\\/logo\\\/image\\\/\",\"url\":\"https:\\\/\\\/somos-hermanos.mx\\\/wp-content\\\/uploads\\\/2025\\\/08\\\/SH30-1.jpeg\",\"contentUrl\":\"https:\\\/\\\/somos-hermanos.mx\\\/wp-content\\\/uploads\\\/2025\\\/08\\\/SH30-1.jpeg\",\"width\":1600,\"height\":1142,\"caption\":\"Somos Hermanos\"},\"image\":{\"@id\":\"https:\\\/\\\/somos-hermanos.mx\\\/#\\\/schema\\\/logo\\\/image\\\/\"},\"sameAs\":[\"https:\\\/\\\/www.facebook.com\\\/SomosHermanosIAP\\\/\",\"https:\\\/\\\/x.com\\\/Somos__Hermanos\",\"https:\\\/\\\/www.instagram.com\\\/somos__hermanos\\\/#\",\"https:\\\/\\\/www.tiktok.com\\\/@somoshermanosiap\",\"https:\\\/\\\/www.youtube.com\\\/@somoshermanosiap1201\\\/videos\"]},{\"@type\":\"Person\",\"@id\":\"https:\\\/\\\/somos-hermanos.mx\\\/#\\\/schema\\\/person\\\/451a0d627824379db3cf12d5f836bbfa\",\"name\":\"Juliette Mart\u00ednez Recio\",\"image\":{\"@type\":\"ImageObject\",\"inLanguage\":\"es\",\"@id\":\"https:\\\/\\\/secure.gravatar.com\\\/avatar\\\/599f88f567ce76c625ea13e7702a88cd83b107603f3bdb54f014d7b0cb87af34?s=96&d=mm&r=g\",\"url\":\"https:\\\/\\\/secure.gravatar.com\\\/avatar\\\/599f88f567ce76c625ea13e7702a88cd83b107603f3bdb54f014d7b0cb87af34?s=96&d=mm&r=g\",\"contentUrl\":\"https:\\\/\\\/secure.gravatar.com\\\/avatar\\\/599f88f567ce76c625ea13e7702a88cd83b107603f3bdb54f014d7b0cb87af34?s=96&d=mm&r=g\",\"caption\":\"Juliette Mart\u00ednez Recio\"},\"url\":\"https:\\\/\\\/somos-hermanos.mx\\\/index.php\\\/author\\\/juliette-martinez-recio\\\/\"}]}<\/script>\n<!-- \/ Yoast SEO plugin. -->","yoast_head_json":{"title":"Soffy: Una mano amiga para los ni\u00f1os que m\u00e1s lo necesitan - Historias que inspiran...","robots":{"index":"index","follow":"follow","max-snippet":"max-snippet:-1","max-image-preview":"max-image-preview:large","max-video-preview":"max-video-preview:-1"},"canonical":"https:\/\/somos-hermanos.mx\/index.php\/2025\/08\/04\/soffy-una-mano-amiga-para-los-ninos-que-mas-lo-necesitan\/","og_locale":"es_MX","og_type":"article","og_title":"Soffy: Una mano amiga para los ni\u00f1os que m\u00e1s lo necesitan - Historias que inspiran...","og_description":"En el coraz\u00f3n de Quer\u00e9taro, hay una luz que no se apaga: la\u00a0Fundaci\u00f3n Soffy Una Mano Amiga AC. Desde el a\u00f1o 2013, se ha convertido en s\u00edmbolo de esperanza, empat\u00eda y solidaridad para muchas familias que enfrentan diariamente la dif\u00edcil realidad de tener un hijo o hija con una enfermedad cr\u00f3nica. Esta organizaci\u00f3n sin fines [&hellip;]","og_url":"https:\/\/somos-hermanos.mx\/index.php\/2025\/08\/04\/soffy-una-mano-amiga-para-los-ninos-que-mas-lo-necesitan\/","og_site_name":"Historias que inspiran...","article_publisher":"https:\/\/www.facebook.com\/SomosHermanosIAP\/","article_published_time":"2025-08-04T09:27:13+00:00","og_image":[{"width":1440,"height":871,"url":"https:\/\/somos-hermanos.mx\/wp-content\/uploads\/2025\/08\/soff1.jpeg","type":"image\/jpeg"}],"author":"Juliette Mart\u00ednez Recio","twitter_card":"summary_large_image","twitter_creator":"@Somos__Hermanos","twitter_site":"@Somos__Hermanos","twitter_misc":{"Escrito por":"Juliette Mart\u00ednez Recio","Tiempo de lectura":"4 minutos"},"schema":{"@context":"https:\/\/schema.org","@graph":[{"@type":"Article","@id":"https:\/\/somos-hermanos.mx\/index.php\/2025\/08\/04\/soffy-una-mano-amiga-para-los-ninos-que-mas-lo-necesitan\/#article","isPartOf":{"@id":"https:\/\/somos-hermanos.mx\/index.php\/2025\/08\/04\/soffy-una-mano-amiga-para-los-ninos-que-mas-lo-necesitan\/"},"author":{"name":"Juliette Mart\u00ednez Recio","@id":"https:\/\/somos-hermanos.mx\/#\/schema\/person\/451a0d627824379db3cf12d5f836bbfa"},"headline":"Soffy: Una mano amiga para los ni\u00f1os que m\u00e1s lo necesitan","datePublished":"2025-08-04T09:27:13+00:00","mainEntityOfPage":{"@id":"https:\/\/somos-hermanos.mx\/index.php\/2025\/08\/04\/soffy-una-mano-amiga-para-los-ninos-que-mas-lo-necesitan\/"},"wordCount":814,"commentCount":0,"publisher":{"@id":"https:\/\/somos-hermanos.mx\/#organization"},"image":{"@id":"https:\/\/somos-hermanos.mx\/index.php\/2025\/08\/04\/soffy-una-mano-amiga-para-los-ninos-que-mas-lo-necesitan\/#primaryimage"},"thumbnailUrl":"https:\/\/somos-hermanos.mx\/wp-content\/uploads\/2025\/08\/soff1.jpeg","articleSection":["Noticias"],"inLanguage":"es","potentialAction":[{"@type":"CommentAction","name":"Comment","target":["https:\/\/somos-hermanos.mx\/index.php\/2025\/08\/04\/soffy-una-mano-amiga-para-los-ninos-que-mas-lo-necesitan\/#respond"]}]},{"@type":"WebPage","@id":"https:\/\/somos-hermanos.mx\/index.php\/2025\/08\/04\/soffy-una-mano-amiga-para-los-ninos-que-mas-lo-necesitan\/","url":"https:\/\/somos-hermanos.mx\/index.php\/2025\/08\/04\/soffy-una-mano-amiga-para-los-ninos-que-mas-lo-necesitan\/","name":"Soffy: Una mano amiga para los ni\u00f1os que m\u00e1s lo necesitan - Historias que inspiran...","isPartOf":{"@id":"https:\/\/somos-hermanos.mx\/#website"},"primaryImageOfPage":{"@id":"https:\/\/somos-hermanos.mx\/index.php\/2025\/08\/04\/soffy-una-mano-amiga-para-los-ninos-que-mas-lo-necesitan\/#primaryimage"},"image":{"@id":"https:\/\/somos-hermanos.mx\/index.php\/2025\/08\/04\/soffy-una-mano-amiga-para-los-ninos-que-mas-lo-necesitan\/#primaryimage"},"thumbnailUrl":"https:\/\/somos-hermanos.mx\/wp-content\/uploads\/2025\/08\/soff1.jpeg","datePublished":"2025-08-04T09:27:13+00:00","breadcrumb":{"@id":"https:\/\/somos-hermanos.mx\/index.php\/2025\/08\/04\/soffy-una-mano-amiga-para-los-ninos-que-mas-lo-necesitan\/#breadcrumb"},"inLanguage":"es","potentialAction":[{"@type":"ReadAction","target":["https:\/\/somos-hermanos.mx\/index.php\/2025\/08\/04\/soffy-una-mano-amiga-para-los-ninos-que-mas-lo-necesitan\/"]}]},{"@type":"ImageObject","inLanguage":"es","@id":"https:\/\/somos-hermanos.mx\/index.php\/2025\/08\/04\/soffy-una-mano-amiga-para-los-ninos-que-mas-lo-necesitan\/#primaryimage","url":"https:\/\/somos-hermanos.mx\/wp-content\/uploads\/2025\/08\/soff1.jpeg","contentUrl":"https:\/\/somos-hermanos.mx\/wp-content\/uploads\/2025\/08\/soff1.jpeg","width":1440,"height":871},{"@type":"BreadcrumbList","@id":"https:\/\/somos-hermanos.mx\/index.php\/2025\/08\/04\/soffy-una-mano-amiga-para-los-ninos-que-mas-lo-necesitan\/#breadcrumb","itemListElement":[{"@type":"ListItem","position":1,"name":"Inicio","item":"https:\/\/somos-hermanos.mx\/"},{"@type":"ListItem","position":2,"name":"Soffy: Una mano amiga para los ni\u00f1os que m\u00e1s lo necesitan"}]},{"@type":"WebSite","@id":"https:\/\/somos-hermanos.mx\/#website","url":"https:\/\/somos-hermanos.mx\/","name":"Historias que inspiran...","description":"Somos la voz del altruismo en M\u00e9xico","publisher":{"@id":"https:\/\/somos-hermanos.mx\/#organization"},"potentialAction":[{"@type":"SearchAction","target":{"@type":"EntryPoint","urlTemplate":"https:\/\/somos-hermanos.mx\/?s={search_term_string}"},"query-input":{"@type":"PropertyValueSpecification","valueRequired":true,"valueName":"search_term_string"}}],"inLanguage":"es"},{"@type":"Organization","@id":"https:\/\/somos-hermanos.mx\/#organization","name":"Somos Hermanos","url":"https:\/\/somos-hermanos.mx\/","logo":{"@type":"ImageObject","inLanguage":"es","@id":"https:\/\/somos-hermanos.mx\/#\/schema\/logo\/image\/","url":"https:\/\/somos-hermanos.mx\/wp-content\/uploads\/2025\/08\/SH30-1.jpeg","contentUrl":"https:\/\/somos-hermanos.mx\/wp-content\/uploads\/2025\/08\/SH30-1.jpeg","width":1600,"height":1142,"caption":"Somos Hermanos"},"image":{"@id":"https:\/\/somos-hermanos.mx\/#\/schema\/logo\/image\/"},"sameAs":["https:\/\/www.facebook.com\/SomosHermanosIAP\/","https:\/\/x.com\/Somos__Hermanos","https:\/\/www.instagram.com\/somos__hermanos\/#","https:\/\/www.tiktok.com\/@somoshermanosiap","https:\/\/www.youtube.com\/@somoshermanosiap1201\/videos"]},{"@type":"Person","@id":"https:\/\/somos-hermanos.mx\/#\/schema\/person\/451a0d627824379db3cf12d5f836bbfa","name":"Juliette Mart\u00ednez Recio","image":{"@type":"ImageObject","inLanguage":"es","@id":"https:\/\/secure.gravatar.com\/avatar\/599f88f567ce76c625ea13e7702a88cd83b107603f3bdb54f014d7b0cb87af34?s=96&d=mm&r=g","url":"https:\/\/secure.gravatar.com\/avatar\/599f88f567ce76c625ea13e7702a88cd83b107603f3bdb54f014d7b0cb87af34?s=96&d=mm&r=g","contentUrl":"https:\/\/secure.gravatar.com\/avatar\/599f88f567ce76c625ea13e7702a88cd83b107603f3bdb54f014d7b0cb87af34?s=96&d=mm&r=g","caption":"Juliette Mart\u00ednez Recio"},"url":"https:\/\/somos-hermanos.mx\/index.php\/author\/juliette-martinez-recio\/"}]}},"_links":{"self":[{"href":"https:\/\/somos-hermanos.mx\/index.php\/wp-json\/wp\/v2\/posts\/921","targetHints":{"allow":["GET"]}}],"collection":[{"href":"https:\/\/somos-hermanos.mx\/index.php\/wp-json\/wp\/v2\/posts"}],"about":[{"href":"https:\/\/somos-hermanos.mx\/index.php\/wp-json\/wp\/v2\/types\/post"}],"author":[{"embeddable":true,"href":"https:\/\/somos-hermanos.mx\/index.php\/wp-json\/wp\/v2\/users\/26"}],"replies":[{"embeddable":true,"href":"https:\/\/somos-hermanos.mx\/index.php\/wp-json\/wp\/v2\/comments?post=921"}],"version-history":[{"count":1,"href":"https:\/\/somos-hermanos.mx\/index.php\/wp-json\/wp\/v2\/posts\/921\/revisions"}],"predecessor-version":[{"id":923,"href":"https:\/\/somos-hermanos.mx\/index.php\/wp-json\/wp\/v2\/posts\/921\/revisions\/923"}],"wp:featuredmedia":[{"embeddable":true,"href":"https:\/\/somos-hermanos.mx\/index.php\/wp-json\/wp\/v2\/media\/922"}],"wp:attachment":[{"href":"https:\/\/somos-hermanos.mx\/index.php\/wp-json\/wp\/v2\/media?parent=921"}],"wp:term":[{"taxonomy":"category","embeddable":true,"href":"https:\/\/somos-hermanos.mx\/index.php\/wp-json\/wp\/v2\/categories?post=921"},{"taxonomy":"post_tag","embeddable":true,"href":"https:\/\/somos-hermanos.mx\/index.php\/wp-json\/wp\/v2\/tags?post=921"}],"curies":[{"name":"wp","href":"https:\/\/api.w.org\/{rel}","templated":true}]}}