{"id":918,"date":"2025-08-04T03:25:04","date_gmt":"2025-08-04T09:25:04","guid":{"rendered":"https:\/\/somos-hermanos.mx\/?p=918"},"modified":"2025-08-04T03:25:04","modified_gmt":"2025-08-04T09:25:04","slug":"hogar-de-la-misericordia-compromiso-y-dignidad-en-favor-de-los-adultos-mayores","status":"publish","type":"post","link":"https:\/\/somos-hermanos.mx\/index.php\/2025\/08\/04\/hogar-de-la-misericordia-compromiso-y-dignidad-en-favor-de-los-adultos-mayores\/","title":{"rendered":"Hogar de la Misericordia: Compromiso y dignidad en favor de los adultos mayores"},"content":{"rendered":"<p>Desde hace m\u00e1s de 35 a\u00f1os, el <strong>Hogar de la Misericordia A.B.P.<\/strong>, con tres sedes en Guadalupe, San Nicol\u00e1s de los Garza y Santa Catarina, brinda atenci\u00f3n integral a <strong>personas adultas mayores y adultos en abandono<\/strong>, con enfermedades irreversibles o terminales, carentes de apoyo familiar o recursos econ\u00f3micos.<\/p>\n<p><strong>Historias de vida y esperanza<\/strong><\/p>\n<p><strong>Britany<\/strong>, una ni\u00f1a de 9 a\u00f1os con par\u00e1lisis cerebral, fue rescatada de un ambiente de abandono y recibe terapia f\u00edsica especializada que la ha ayudado a sostener objetos y mejorar su coordinaci\u00f3n<\/p>\n<p><strong>Panchita<\/strong>, hu\u00e9rfana desde los 10 a\u00f1os, encontr\u00f3 amistad y dignidad al compartir con <strong>Cipriano<\/strong>, un hombre de 89 a\u00f1os, dentro del Hogar, donde ambos han recibido cuidado integral que ha mejorado su calidad de vida significativamente<\/p>\n<p><strong>Estrategia y voluntariado<\/strong><\/p>\n<p>El Hogar abre sus puertas no solo a los residentes, sino tambi\u00e9n a la comunidad: m\u00e9dicos, religiosas, cocineras, personal de enfermer\u00eda y voluntarios trabajan en conjunto para el aseo, alimentaci\u00f3n, medicaci\u00f3n y cuidado diario de 145 personas, con m\u00e1s de 350 asistencias diarias<\/p>\n<p>Adem\u00e1s, organiza exposiciones de arte como la \u201cColectiva, Los \u00c1ngeles\u201d, donde artistas donan obras para recaudar fondos destinados a su labor.<\/p>\n<p><strong>\u00bfC\u00f3mo colaborar?<\/strong><\/p>\n<p>La instituci\u00f3n invita a participar mediante donativos econ\u00f3micos (cuenta Banorte), donaci\u00f3n en especie (medicamentos, pa\u00f1ales, ropa, alimentos), voluntariado y el programa \u201cAdopta a un abuelito\u201d.<\/p>\n<p>Tambi\u00e9n mantiene presencia digital activa en Instagram, donde comparte testimonios, eventos y formas de apoyo.<\/p>\n<p><strong>Contexto global del envejecimiento<\/strong><\/p>\n<p>A nivel mundial, los <strong>adultos mayores representan una proporci\u00f3n creciente<\/strong>, y se espera que para 2050 una de cada seis personas tenga m\u00e1s de 65 a\u00f1os; en unos 60 a\u00f1os, podr\u00edan superar en n\u00famero a los menores de 18.<\/p>\n<p>La ONU impulsa la <strong>D\u00e9cada del Envejecimiento Saludable 2021<\/strong><strong>\u2011<\/strong><strong>2030<\/strong>, con recomendaciones que incluyen pol\u00edticas inclusivas, entornos propicios y sistemas de salud que respondan a las necesidades de las personas mayores.<\/p>\n<p>El <strong>Hogar de la Misericordia<\/strong>\u00a0ejemplifica c\u00f3mo una instituci\u00f3n de base \u2014con voluntariado, programas solidarios y visibilidad medi\u00e1tica\u2014 puede traducir los lineamientos globales de envejecimiento saludable en acciones concretas a nivel local.<\/p>\n<p>Adem\u00e1s, destaca la importancia de iniciativas ciudadanas en un mundo donde <strong>la poblaci\u00f3n envejece r\u00e1pidamente<\/strong>, y las redes de apoyo ser\u00e1n clave para garantizar la dignidad, salud y bienestar de las personas mayores.<\/p>\n<p>Para quienes deseen apoyar, participar o conocer m\u00e1s, el Hogar recibe donaciones, voluntarios y visitantes. Su trabajo es un ejemplo de que, con voluntad y compromiso, las ciudades pueden ser entornos respetuosos e inclusivos para quienes atraviesan la etapa final de la vida.<\/p>\n","protected":false},"excerpt":{"rendered":"<p>Desde hace m\u00e1s de 35 a\u00f1os, el Hogar de la Misericordia A.B.P., con tres sedes en Guadalupe, San Nicol\u00e1s de los Garza y Santa Catarina, brinda atenci\u00f3n integral a personas adultas mayores y adultos en abandono, con enfermedades irreversibles o terminales, carentes de apoyo familiar o recursos econ\u00f3micos. Historias de vida y esperanza Britany, una [&hellip;]<\/p>\n","protected":false},"author":14,"featured_media":919,"comment_status":"open","ping_status":"closed","sticky":false,"template":"","format":"standard","meta":{"footnotes":""},"categories":[6],"tags":[],"class_list":["post-918","post","type-post","status-publish","format-standard","has-post-thumbnail","hentry","category-noticias"],"yoast_head":"<!-- This site is optimized with the Yoast SEO plugin v27.5 - https:\/\/yoast.com\/product\/yoast-seo-wordpress\/ -->\n<title>Hogar de la Misericordia: Compromiso y dignidad en favor de los adultos mayores - Historias que inspiran...<\/title>\n<meta name=\"robots\" content=\"index, follow, max-snippet:-1, max-image-preview:large, max-video-preview:-1\" \/>\n<link rel=\"canonical\" href=\"https:\/\/somos-hermanos.mx\/index.php\/2025\/08\/04\/hogar-de-la-misericordia-compromiso-y-dignidad-en-favor-de-los-adultos-mayores\/\" \/>\n<meta property=\"og:locale\" content=\"es_MX\" \/>\n<meta property=\"og:type\" content=\"article\" \/>\n<meta property=\"og:title\" content=\"Hogar de la Misericordia: Compromiso y dignidad en favor de los adultos mayores - Historias que inspiran...\" \/>\n<meta property=\"og:description\" content=\"Desde hace m\u00e1s de 35 a\u00f1os, el Hogar de la Misericordia A.B.P., con tres sedes en Guadalupe, San Nicol\u00e1s de los Garza y Santa Catarina, brinda atenci\u00f3n integral a personas adultas mayores y adultos en abandono, con enfermedades irreversibles o terminales, carentes de apoyo familiar o recursos econ\u00f3micos. Historias de vida y esperanza Britany, una [&hellip;]\" \/>\n<meta property=\"og:url\" content=\"https:\/\/somos-hermanos.mx\/index.php\/2025\/08\/04\/hogar-de-la-misericordia-compromiso-y-dignidad-en-favor-de-los-adultos-mayores\/\" \/>\n<meta property=\"og:site_name\" content=\"Historias que inspiran...\" \/>\n<meta property=\"article:publisher\" content=\"https:\/\/www.facebook.com\/SomosHermanosIAP\/\" \/>\n<meta property=\"article:published_time\" content=\"2025-08-04T09:25:04+00:00\" \/>\n<meta property=\"og:image\" content=\"https:\/\/somos-hermanos.mx\/wp-content\/uploads\/2025\/08\/miser2.jpeg\" \/>\n\t<meta property=\"og:image:width\" content=\"960\" \/>\n\t<meta property=\"og:image:height\" content=\"720\" \/>\n\t<meta property=\"og:image:type\" content=\"image\/jpeg\" \/>\n<meta name=\"author\" content=\"Ivon D\u00edaz Rojas\" \/>\n<meta name=\"twitter:card\" content=\"summary_large_image\" \/>\n<meta name=\"twitter:creator\" content=\"@Somos__Hermanos\" \/>\n<meta name=\"twitter:site\" content=\"@Somos__Hermanos\" \/>\n<meta name=\"twitter:label1\" content=\"Escrito por\" \/>\n\t<meta name=\"twitter:data1\" content=\"Ivon D\u00edaz Rojas\" \/>\n\t<meta name=\"twitter:label2\" content=\"Tiempo de lectura\" \/>\n\t<meta name=\"twitter:data2\" content=\"3 minutos\" \/>\n<script type=\"application\/ld+json\" class=\"yoast-schema-graph\">{\"@context\":\"https:\\\/\\\/schema.org\",\"@graph\":[{\"@type\":\"Article\",\"@id\":\"https:\\\/\\\/somos-hermanos.mx\\\/index.php\\\/2025\\\/08\\\/04\\\/hogar-de-la-misericordia-compromiso-y-dignidad-en-favor-de-los-adultos-mayores\\\/#article\",\"isPartOf\":{\"@id\":\"https:\\\/\\\/somos-hermanos.mx\\\/index.php\\\/2025\\\/08\\\/04\\\/hogar-de-la-misericordia-compromiso-y-dignidad-en-favor-de-los-adultos-mayores\\\/\"},\"author\":{\"name\":\"Ivon D\u00edaz Rojas\",\"@id\":\"https:\\\/\\\/somos-hermanos.mx\\\/#\\\/schema\\\/person\\\/ca47b05d4e7735cde01b6c20df3ff500\"},\"headline\":\"Hogar de la Misericordia: Compromiso y dignidad en favor de los adultos mayores\",\"datePublished\":\"2025-08-04T09:25:04+00:00\",\"mainEntityOfPage\":{\"@id\":\"https:\\\/\\\/somos-hermanos.mx\\\/index.php\\\/2025\\\/08\\\/04\\\/hogar-de-la-misericordia-compromiso-y-dignidad-en-favor-de-los-adultos-mayores\\\/\"},\"wordCount\":457,\"commentCount\":0,\"publisher\":{\"@id\":\"https:\\\/\\\/somos-hermanos.mx\\\/#organization\"},\"image\":{\"@id\":\"https:\\\/\\\/somos-hermanos.mx\\\/index.php\\\/2025\\\/08\\\/04\\\/hogar-de-la-misericordia-compromiso-y-dignidad-en-favor-de-los-adultos-mayores\\\/#primaryimage\"},\"thumbnailUrl\":\"https:\\\/\\\/somos-hermanos.mx\\\/wp-content\\\/uploads\\\/2025\\\/08\\\/miser2.jpeg\",\"articleSection\":[\"Noticias\"],\"inLanguage\":\"es\",\"potentialAction\":[{\"@type\":\"CommentAction\",\"name\":\"Comment\",\"target\":[\"https:\\\/\\\/somos-hermanos.mx\\\/index.php\\\/2025\\\/08\\\/04\\\/hogar-de-la-misericordia-compromiso-y-dignidad-en-favor-de-los-adultos-mayores\\\/#respond\"]}]},{\"@type\":\"WebPage\",\"@id\":\"https:\\\/\\\/somos-hermanos.mx\\\/index.php\\\/2025\\\/08\\\/04\\\/hogar-de-la-misericordia-compromiso-y-dignidad-en-favor-de-los-adultos-mayores\\\/\",\"url\":\"https:\\\/\\\/somos-hermanos.mx\\\/index.php\\\/2025\\\/08\\\/04\\\/hogar-de-la-misericordia-compromiso-y-dignidad-en-favor-de-los-adultos-mayores\\\/\",\"name\":\"Hogar de la Misericordia: Compromiso y dignidad en favor de los adultos mayores - Historias que inspiran...\",\"isPartOf\":{\"@id\":\"https:\\\/\\\/somos-hermanos.mx\\\/#website\"},\"primaryImageOfPage\":{\"@id\":\"https:\\\/\\\/somos-hermanos.mx\\\/index.php\\\/2025\\\/08\\\/04\\\/hogar-de-la-misericordia-compromiso-y-dignidad-en-favor-de-los-adultos-mayores\\\/#primaryimage\"},\"image\":{\"@id\":\"https:\\\/\\\/somos-hermanos.mx\\\/index.php\\\/2025\\\/08\\\/04\\\/hogar-de-la-misericordia-compromiso-y-dignidad-en-favor-de-los-adultos-mayores\\\/#primaryimage\"},\"thumbnailUrl\":\"https:\\\/\\\/somos-hermanos.mx\\\/wp-content\\\/uploads\\\/2025\\\/08\\\/miser2.jpeg\",\"datePublished\":\"2025-08-04T09:25:04+00:00\",\"breadcrumb\":{\"@id\":\"https:\\\/\\\/somos-hermanos.mx\\\/index.php\\\/2025\\\/08\\\/04\\\/hogar-de-la-misericordia-compromiso-y-dignidad-en-favor-de-los-adultos-mayores\\\/#breadcrumb\"},\"inLanguage\":\"es\",\"potentialAction\":[{\"@type\":\"ReadAction\",\"target\":[\"https:\\\/\\\/somos-hermanos.mx\\\/index.php\\\/2025\\\/08\\\/04\\\/hogar-de-la-misericordia-compromiso-y-dignidad-en-favor-de-los-adultos-mayores\\\/\"]}]},{\"@type\":\"ImageObject\",\"inLanguage\":\"es\",\"@id\":\"https:\\\/\\\/somos-hermanos.mx\\\/index.php\\\/2025\\\/08\\\/04\\\/hogar-de-la-misericordia-compromiso-y-dignidad-en-favor-de-los-adultos-mayores\\\/#primaryimage\",\"url\":\"https:\\\/\\\/somos-hermanos.mx\\\/wp-content\\\/uploads\\\/2025\\\/08\\\/miser2.jpeg\",\"contentUrl\":\"https:\\\/\\\/somos-hermanos.mx\\\/wp-content\\\/uploads\\\/2025\\\/08\\\/miser2.jpeg\",\"width\":960,\"height\":720},{\"@type\":\"BreadcrumbList\",\"@id\":\"https:\\\/\\\/somos-hermanos.mx\\\/index.php\\\/2025\\\/08\\\/04\\\/hogar-de-la-misericordia-compromiso-y-dignidad-en-favor-de-los-adultos-mayores\\\/#breadcrumb\",\"itemListElement\":[{\"@type\":\"ListItem\",\"position\":1,\"name\":\"Inicio\",\"item\":\"https:\\\/\\\/somos-hermanos.mx\\\/\"},{\"@type\":\"ListItem\",\"position\":2,\"name\":\"Hogar de la Misericordia: Compromiso y dignidad en favor de los adultos mayores\"}]},{\"@type\":\"WebSite\",\"@id\":\"https:\\\/\\\/somos-hermanos.mx\\\/#website\",\"url\":\"https:\\\/\\\/somos-hermanos.mx\\\/\",\"name\":\"Historias que inspiran...\",\"description\":\"Somos la voz del altruismo en M\u00e9xico\",\"publisher\":{\"@id\":\"https:\\\/\\\/somos-hermanos.mx\\\/#organization\"},\"potentialAction\":[{\"@type\":\"SearchAction\",\"target\":{\"@type\":\"EntryPoint\",\"urlTemplate\":\"https:\\\/\\\/somos-hermanos.mx\\\/?s={search_term_string}\"},\"query-input\":{\"@type\":\"PropertyValueSpecification\",\"valueRequired\":true,\"valueName\":\"search_term_string\"}}],\"inLanguage\":\"es\"},{\"@type\":\"Organization\",\"@id\":\"https:\\\/\\\/somos-hermanos.mx\\\/#organization\",\"name\":\"Somos Hermanos\",\"url\":\"https:\\\/\\\/somos-hermanos.mx\\\/\",\"logo\":{\"@type\":\"ImageObject\",\"inLanguage\":\"es\",\"@id\":\"https:\\\/\\\/somos-hermanos.mx\\\/#\\\/schema\\\/logo\\\/image\\\/\",\"url\":\"https:\\\/\\\/somos-hermanos.mx\\\/wp-content\\\/uploads\\\/2025\\\/08\\\/SH30-1.jpeg\",\"contentUrl\":\"https:\\\/\\\/somos-hermanos.mx\\\/wp-content\\\/uploads\\\/2025\\\/08\\\/SH30-1.jpeg\",\"width\":1600,\"height\":1142,\"caption\":\"Somos Hermanos\"},\"image\":{\"@id\":\"https:\\\/\\\/somos-hermanos.mx\\\/#\\\/schema\\\/logo\\\/image\\\/\"},\"sameAs\":[\"https:\\\/\\\/www.facebook.com\\\/SomosHermanosIAP\\\/\",\"https:\\\/\\\/x.com\\\/Somos__Hermanos\",\"https:\\\/\\\/www.instagram.com\\\/somos__hermanos\\\/#\",\"https:\\\/\\\/www.tiktok.com\\\/@somoshermanosiap\",\"https:\\\/\\\/www.youtube.com\\\/@somoshermanosiap1201\\\/videos\"]},{\"@type\":\"Person\",\"@id\":\"https:\\\/\\\/somos-hermanos.mx\\\/#\\\/schema\\\/person\\\/ca47b05d4e7735cde01b6c20df3ff500\",\"name\":\"Ivon D\u00edaz Rojas\",\"image\":{\"@type\":\"ImageObject\",\"inLanguage\":\"es\",\"@id\":\"https:\\\/\\\/secure.gravatar.com\\\/avatar\\\/1c19107828bb690213f343d5aa89eef40d6744894d5f632754fec79e3043dbb3?s=96&d=mm&r=g\",\"url\":\"https:\\\/\\\/secure.gravatar.com\\\/avatar\\\/1c19107828bb690213f343d5aa89eef40d6744894d5f632754fec79e3043dbb3?s=96&d=mm&r=g\",\"contentUrl\":\"https:\\\/\\\/secure.gravatar.com\\\/avatar\\\/1c19107828bb690213f343d5aa89eef40d6744894d5f632754fec79e3043dbb3?s=96&d=mm&r=g\",\"caption\":\"Ivon D\u00edaz Rojas\"},\"url\":\"https:\\\/\\\/somos-hermanos.mx\\\/index.php\\\/author\\\/ivon-diaz-rojas\\\/\"}]}<\/script>\n<!-- \/ Yoast SEO plugin. -->","yoast_head_json":{"title":"Hogar de la Misericordia: Compromiso y dignidad en favor de los adultos mayores - Historias que inspiran...","robots":{"index":"index","follow":"follow","max-snippet":"max-snippet:-1","max-image-preview":"max-image-preview:large","max-video-preview":"max-video-preview:-1"},"canonical":"https:\/\/somos-hermanos.mx\/index.php\/2025\/08\/04\/hogar-de-la-misericordia-compromiso-y-dignidad-en-favor-de-los-adultos-mayores\/","og_locale":"es_MX","og_type":"article","og_title":"Hogar de la Misericordia: Compromiso y dignidad en favor de los adultos mayores - Historias que inspiran...","og_description":"Desde hace m\u00e1s de 35 a\u00f1os, el Hogar de la Misericordia A.B.P., con tres sedes en Guadalupe, San Nicol\u00e1s de los Garza y Santa Catarina, brinda atenci\u00f3n integral a personas adultas mayores y adultos en abandono, con enfermedades irreversibles o terminales, carentes de apoyo familiar o recursos econ\u00f3micos. Historias de vida y esperanza Britany, una [&hellip;]","og_url":"https:\/\/somos-hermanos.mx\/index.php\/2025\/08\/04\/hogar-de-la-misericordia-compromiso-y-dignidad-en-favor-de-los-adultos-mayores\/","og_site_name":"Historias que inspiran...","article_publisher":"https:\/\/www.facebook.com\/SomosHermanosIAP\/","article_published_time":"2025-08-04T09:25:04+00:00","og_image":[{"width":960,"height":720,"url":"https:\/\/somos-hermanos.mx\/wp-content\/uploads\/2025\/08\/miser2.jpeg","type":"image\/jpeg"}],"author":"Ivon D\u00edaz Rojas","twitter_card":"summary_large_image","twitter_creator":"@Somos__Hermanos","twitter_site":"@Somos__Hermanos","twitter_misc":{"Escrito por":"Ivon D\u00edaz Rojas","Tiempo de lectura":"3 minutos"},"schema":{"@context":"https:\/\/schema.org","@graph":[{"@type":"Article","@id":"https:\/\/somos-hermanos.mx\/index.php\/2025\/08\/04\/hogar-de-la-misericordia-compromiso-y-dignidad-en-favor-de-los-adultos-mayores\/#article","isPartOf":{"@id":"https:\/\/somos-hermanos.mx\/index.php\/2025\/08\/04\/hogar-de-la-misericordia-compromiso-y-dignidad-en-favor-de-los-adultos-mayores\/"},"author":{"name":"Ivon D\u00edaz Rojas","@id":"https:\/\/somos-hermanos.mx\/#\/schema\/person\/ca47b05d4e7735cde01b6c20df3ff500"},"headline":"Hogar de la Misericordia: Compromiso y dignidad en favor de los adultos mayores","datePublished":"2025-08-04T09:25:04+00:00","mainEntityOfPage":{"@id":"https:\/\/somos-hermanos.mx\/index.php\/2025\/08\/04\/hogar-de-la-misericordia-compromiso-y-dignidad-en-favor-de-los-adultos-mayores\/"},"wordCount":457,"commentCount":0,"publisher":{"@id":"https:\/\/somos-hermanos.mx\/#organization"},"image":{"@id":"https:\/\/somos-hermanos.mx\/index.php\/2025\/08\/04\/hogar-de-la-misericordia-compromiso-y-dignidad-en-favor-de-los-adultos-mayores\/#primaryimage"},"thumbnailUrl":"https:\/\/somos-hermanos.mx\/wp-content\/uploads\/2025\/08\/miser2.jpeg","articleSection":["Noticias"],"inLanguage":"es","potentialAction":[{"@type":"CommentAction","name":"Comment","target":["https:\/\/somos-hermanos.mx\/index.php\/2025\/08\/04\/hogar-de-la-misericordia-compromiso-y-dignidad-en-favor-de-los-adultos-mayores\/#respond"]}]},{"@type":"WebPage","@id":"https:\/\/somos-hermanos.mx\/index.php\/2025\/08\/04\/hogar-de-la-misericordia-compromiso-y-dignidad-en-favor-de-los-adultos-mayores\/","url":"https:\/\/somos-hermanos.mx\/index.php\/2025\/08\/04\/hogar-de-la-misericordia-compromiso-y-dignidad-en-favor-de-los-adultos-mayores\/","name":"Hogar de la Misericordia: Compromiso y dignidad en favor de los adultos mayores - Historias que inspiran...","isPartOf":{"@id":"https:\/\/somos-hermanos.mx\/#website"},"primaryImageOfPage":{"@id":"https:\/\/somos-hermanos.mx\/index.php\/2025\/08\/04\/hogar-de-la-misericordia-compromiso-y-dignidad-en-favor-de-los-adultos-mayores\/#primaryimage"},"image":{"@id":"https:\/\/somos-hermanos.mx\/index.php\/2025\/08\/04\/hogar-de-la-misericordia-compromiso-y-dignidad-en-favor-de-los-adultos-mayores\/#primaryimage"},"thumbnailUrl":"https:\/\/somos-hermanos.mx\/wp-content\/uploads\/2025\/08\/miser2.jpeg","datePublished":"2025-08-04T09:25:04+00:00","breadcrumb":{"@id":"https:\/\/somos-hermanos.mx\/index.php\/2025\/08\/04\/hogar-de-la-misericordia-compromiso-y-dignidad-en-favor-de-los-adultos-mayores\/#breadcrumb"},"inLanguage":"es","potentialAction":[{"@type":"ReadAction","target":["https:\/\/somos-hermanos.mx\/index.php\/2025\/08\/04\/hogar-de-la-misericordia-compromiso-y-dignidad-en-favor-de-los-adultos-mayores\/"]}]},{"@type":"ImageObject","inLanguage":"es","@id":"https:\/\/somos-hermanos.mx\/index.php\/2025\/08\/04\/hogar-de-la-misericordia-compromiso-y-dignidad-en-favor-de-los-adultos-mayores\/#primaryimage","url":"https:\/\/somos-hermanos.mx\/wp-content\/uploads\/2025\/08\/miser2.jpeg","contentUrl":"https:\/\/somos-hermanos.mx\/wp-content\/uploads\/2025\/08\/miser2.jpeg","width":960,"height":720},{"@type":"BreadcrumbList","@id":"https:\/\/somos-hermanos.mx\/index.php\/2025\/08\/04\/hogar-de-la-misericordia-compromiso-y-dignidad-en-favor-de-los-adultos-mayores\/#breadcrumb","itemListElement":[{"@type":"ListItem","position":1,"name":"Inicio","item":"https:\/\/somos-hermanos.mx\/"},{"@type":"ListItem","position":2,"name":"Hogar de la Misericordia: Compromiso y dignidad en favor de los adultos mayores"}]},{"@type":"WebSite","@id":"https:\/\/somos-hermanos.mx\/#website","url":"https:\/\/somos-hermanos.mx\/","name":"Historias que inspiran...","description":"Somos la voz del altruismo en M\u00e9xico","publisher":{"@id":"https:\/\/somos-hermanos.mx\/#organization"},"potentialAction":[{"@type":"SearchAction","target":{"@type":"EntryPoint","urlTemplate":"https:\/\/somos-hermanos.mx\/?s={search_term_string}"},"query-input":{"@type":"PropertyValueSpecification","valueRequired":true,"valueName":"search_term_string"}}],"inLanguage":"es"},{"@type":"Organization","@id":"https:\/\/somos-hermanos.mx\/#organization","name":"Somos Hermanos","url":"https:\/\/somos-hermanos.mx\/","logo":{"@type":"ImageObject","inLanguage":"es","@id":"https:\/\/somos-hermanos.mx\/#\/schema\/logo\/image\/","url":"https:\/\/somos-hermanos.mx\/wp-content\/uploads\/2025\/08\/SH30-1.jpeg","contentUrl":"https:\/\/somos-hermanos.mx\/wp-content\/uploads\/2025\/08\/SH30-1.jpeg","width":1600,"height":1142,"caption":"Somos Hermanos"},"image":{"@id":"https:\/\/somos-hermanos.mx\/#\/schema\/logo\/image\/"},"sameAs":["https:\/\/www.facebook.com\/SomosHermanosIAP\/","https:\/\/x.com\/Somos__Hermanos","https:\/\/www.instagram.com\/somos__hermanos\/#","https:\/\/www.tiktok.com\/@somoshermanosiap","https:\/\/www.youtube.com\/@somoshermanosiap1201\/videos"]},{"@type":"Person","@id":"https:\/\/somos-hermanos.mx\/#\/schema\/person\/ca47b05d4e7735cde01b6c20df3ff500","name":"Ivon D\u00edaz Rojas","image":{"@type":"ImageObject","inLanguage":"es","@id":"https:\/\/secure.gravatar.com\/avatar\/1c19107828bb690213f343d5aa89eef40d6744894d5f632754fec79e3043dbb3?s=96&d=mm&r=g","url":"https:\/\/secure.gravatar.com\/avatar\/1c19107828bb690213f343d5aa89eef40d6744894d5f632754fec79e3043dbb3?s=96&d=mm&r=g","contentUrl":"https:\/\/secure.gravatar.com\/avatar\/1c19107828bb690213f343d5aa89eef40d6744894d5f632754fec79e3043dbb3?s=96&d=mm&r=g","caption":"Ivon D\u00edaz Rojas"},"url":"https:\/\/somos-hermanos.mx\/index.php\/author\/ivon-diaz-rojas\/"}]}},"_links":{"self":[{"href":"https:\/\/somos-hermanos.mx\/index.php\/wp-json\/wp\/v2\/posts\/918","targetHints":{"allow":["GET"]}}],"collection":[{"href":"https:\/\/somos-hermanos.mx\/index.php\/wp-json\/wp\/v2\/posts"}],"about":[{"href":"https:\/\/somos-hermanos.mx\/index.php\/wp-json\/wp\/v2\/types\/post"}],"author":[{"embeddable":true,"href":"https:\/\/somos-hermanos.mx\/index.php\/wp-json\/wp\/v2\/users\/14"}],"replies":[{"embeddable":true,"href":"https:\/\/somos-hermanos.mx\/index.php\/wp-json\/wp\/v2\/comments?post=918"}],"version-history":[{"count":1,"href":"https:\/\/somos-hermanos.mx\/index.php\/wp-json\/wp\/v2\/posts\/918\/revisions"}],"predecessor-version":[{"id":920,"href":"https:\/\/somos-hermanos.mx\/index.php\/wp-json\/wp\/v2\/posts\/918\/revisions\/920"}],"wp:featuredmedia":[{"embeddable":true,"href":"https:\/\/somos-hermanos.mx\/index.php\/wp-json\/wp\/v2\/media\/919"}],"wp:attachment":[{"href":"https:\/\/somos-hermanos.mx\/index.php\/wp-json\/wp\/v2\/media?parent=918"}],"wp:term":[{"taxonomy":"category","embeddable":true,"href":"https:\/\/somos-hermanos.mx\/index.php\/wp-json\/wp\/v2\/categories?post=918"},{"taxonomy":"post_tag","embeddable":true,"href":"https:\/\/somos-hermanos.mx\/index.php\/wp-json\/wp\/v2\/tags?post=918"}],"curies":[{"name":"wp","href":"https:\/\/api.w.org\/{rel}","templated":true}]}}