{"id":915,"date":"2025-08-04T03:23:58","date_gmt":"2025-08-04T09:23:58","guid":{"rendered":"https:\/\/somos-hermanos.mx\/?p=915"},"modified":"2025-08-04T03:23:58","modified_gmt":"2025-08-04T09:23:58","slug":"apt-acciones-contra-el-hambre-en-beneficio-de-las-y-los-mexicanos","status":"publish","type":"post","link":"https:\/\/somos-hermanos.mx\/index.php\/2025\/08\/04\/apt-acciones-contra-el-hambre-en-beneficio-de-las-y-los-mexicanos\/","title":{"rendered":"APT: Acciones contra el hambre en beneficio de las y los mexicanos"},"content":{"rendered":"<p>En un pa\u00eds donde millones de personas enfrentan inseguridad alimentaria, la organizaci\u00f3n Alimento para Todos se ha consolidado como un actor clave en la lucha contra el hambre. A trav\u00e9s del modelo de bancos de alimentos, <strong>esta instituci\u00f3n se inserta en las cadenas de valor alimentarias, actuando como un agente de resiliencia e inclusi\u00f3n social.<\/strong><\/p>\n<p>Como miembro de la Red de Bancos de Alimentos de M\u00e9xico (BAMX), la m\u00e1s extensa del pa\u00eds, Alimento para Todos contribuye al fortalecimiento de m\u00e1s de 55 bancos de alimentos distribuidos en todo el territorio nacional. Su trabajo no se limita al acopio y distribuci\u00f3n de alimentos; tambi\u00e9n impulsa el desarrollo comunitario mediante proyectos locales orientados a erradicar el hambre de manera sostenible.<\/p>\n<p>Su compromiso con la transparencia ha generado confianza entre productores, marcas, organizaciones y voluntarios que comparten una visi\u00f3n com\u00fan: un futuro sin hambre. Entre sus programas m\u00e1s destacados se encuentran:<\/p>\n<p><strong><b>Atenci\u00f3n Alimentaria: <\/b><\/strong>Este programa beneficia tanto a productores como a personas en situaci\u00f3n vulnerable. Recpera alimentos en buen estado que de otro modo ser\u00edan desperdiciados, y los canaliza a quienes m\u00e1s los necesitan. De esta manera, se reduce el desperdicio de comida, se protege el medio ambiente y se aprovechan recursos valiosos.<\/p>\n<p><strong><b>Una Comida para Todos: <\/b><\/strong>En colaboraci\u00f3n con la Fundaci\u00f3n del Dr. Simi y comerciantes locales, se ha establecido el primer comedor comunitario en la Central de Abasto (CEDA), con el objetivo de ofrecer comidas nutritivas a personas en situaci\u00f3n de calle o vulnerabilidad.<\/p>\n<p><strong><b>Backpack Program:<\/b><\/strong>\u00a0Esta iniciativa, apoyada por Global Foodbanking Network (GFN), busca garantizar la alimentaci\u00f3n de estudiantes en riesgo durante fines de semana y d\u00edas festivos. A trav\u00e9s de mochilas llenas de alimentos nutritivos y f\u00e1ciles de preparar, se asegura que los menores contin\u00faen recibiendo sustento m\u00e1s all\u00e1 del horario escolar.<\/p>\n<p>Existen tres formas principales de apoyar a esta organizaci\u00f3n:<\/p>\n<p><strong><b>Donaciones:<\/b><\/strong>\u00a0Aportando productos o servicios, especialmente alimentos no perecederos o art\u00edculos de primera necesidad.<\/p>\n<p><strong><b>Voluntariado:<\/b><\/strong>\u00a0Brindando tiempo y esfuerzo en distintas \u00e1reas operativas de la organizaci\u00f3n.<\/p>\n<p><strong><b>Difusi\u00f3n: <\/b><\/strong>Ayudando a dar visibilidad a su labor para que m\u00e1s personas se sumen a esta causa solidaria.<\/p>\n<p>Alimento para Todos demuestra que el combate al hambre requiere no solo voluntad, sino tambi\u00e9n organizaci\u00f3n, alianzas estrat\u00e9gicas y participaci\u00f3n ciudadana. Su labor es un recordatorio de que la solidaridad puede transformar realidades.<\/p>\n","protected":false},"excerpt":{"rendered":"<p>En un pa\u00eds donde millones de personas enfrentan inseguridad alimentaria, la organizaci\u00f3n Alimento para Todos se ha consolidado como un actor clave en la lucha contra el hambre. A trav\u00e9s del modelo de bancos de alimentos, esta instituci\u00f3n se inserta en las cadenas de valor alimentarias, actuando como un agente de resiliencia e inclusi\u00f3n social. [&hellip;]<\/p>\n","protected":false},"author":24,"featured_media":916,"comment_status":"open","ping_status":"closed","sticky":false,"template":"","format":"standard","meta":{"footnotes":""},"categories":[6],"tags":[],"class_list":["post-915","post","type-post","status-publish","format-standard","has-post-thumbnail","hentry","category-noticias"],"yoast_head":"<!-- This site is optimized with the Yoast SEO plugin v27.5 - https:\/\/yoast.com\/product\/yoast-seo-wordpress\/ -->\n<title>APT: Acciones contra el hambre en beneficio de las y los mexicanos - Historias que inspiran...<\/title>\n<meta name=\"robots\" content=\"index, follow, max-snippet:-1, max-image-preview:large, max-video-preview:-1\" \/>\n<link rel=\"canonical\" href=\"https:\/\/somos-hermanos.mx\/index.php\/2025\/08\/04\/apt-acciones-contra-el-hambre-en-beneficio-de-las-y-los-mexicanos\/\" \/>\n<meta property=\"og:locale\" content=\"es_MX\" \/>\n<meta property=\"og:type\" content=\"article\" \/>\n<meta property=\"og:title\" content=\"APT: Acciones contra el hambre en beneficio de las y los mexicanos - Historias que inspiran...\" \/>\n<meta property=\"og:description\" content=\"En un pa\u00eds donde millones de personas enfrentan inseguridad alimentaria, la organizaci\u00f3n Alimento para Todos se ha consolidado como un actor clave en la lucha contra el hambre. A trav\u00e9s del modelo de bancos de alimentos, esta instituci\u00f3n se inserta en las cadenas de valor alimentarias, actuando como un agente de resiliencia e inclusi\u00f3n social. [&hellip;]\" \/>\n<meta property=\"og:url\" content=\"https:\/\/somos-hermanos.mx\/index.php\/2025\/08\/04\/apt-acciones-contra-el-hambre-en-beneficio-de-las-y-los-mexicanos\/\" \/>\n<meta property=\"og:site_name\" content=\"Historias que inspiran...\" \/>\n<meta property=\"article:publisher\" content=\"https:\/\/www.facebook.com\/SomosHermanosIAP\/\" \/>\n<meta property=\"article:published_time\" content=\"2025-08-04T09:23:58+00:00\" \/>\n<meta property=\"og:image\" content=\"https:\/\/somos-hermanos.mx\/wp-content\/uploads\/2025\/08\/alimt1.jpeg\" \/>\n\t<meta property=\"og:image:width\" content=\"1024\" \/>\n\t<meta property=\"og:image:height\" content=\"682\" \/>\n\t<meta property=\"og:image:type\" content=\"image\/jpeg\" \/>\n<meta name=\"author\" content=\"Joaquin Samano Rodriguez\" \/>\n<meta name=\"twitter:card\" content=\"summary_large_image\" \/>\n<meta name=\"twitter:creator\" content=\"@Somos__Hermanos\" \/>\n<meta name=\"twitter:site\" content=\"@Somos__Hermanos\" \/>\n<meta name=\"twitter:label1\" content=\"Escrito por\" \/>\n\t<meta name=\"twitter:data1\" content=\"Joaquin Samano Rodriguez\" \/>\n\t<meta name=\"twitter:label2\" content=\"Tiempo de lectura\" \/>\n\t<meta name=\"twitter:data2\" content=\"2 minutos\" \/>\n<script type=\"application\/ld+json\" class=\"yoast-schema-graph\">{\"@context\":\"https:\\\/\\\/schema.org\",\"@graph\":[{\"@type\":\"Article\",\"@id\":\"https:\\\/\\\/somos-hermanos.mx\\\/index.php\\\/2025\\\/08\\\/04\\\/apt-acciones-contra-el-hambre-en-beneficio-de-las-y-los-mexicanos\\\/#article\",\"isPartOf\":{\"@id\":\"https:\\\/\\\/somos-hermanos.mx\\\/index.php\\\/2025\\\/08\\\/04\\\/apt-acciones-contra-el-hambre-en-beneficio-de-las-y-los-mexicanos\\\/\"},\"author\":{\"name\":\"Joaquin Samano Rodriguez\",\"@id\":\"https:\\\/\\\/somos-hermanos.mx\\\/#\\\/schema\\\/person\\\/5b3557797474582d21f3cc36320a00fb\"},\"headline\":\"APT: Acciones contra el hambre en beneficio de las y los mexicanos\",\"datePublished\":\"2025-08-04T09:23:58+00:00\",\"mainEntityOfPage\":{\"@id\":\"https:\\\/\\\/somos-hermanos.mx\\\/index.php\\\/2025\\\/08\\\/04\\\/apt-acciones-contra-el-hambre-en-beneficio-de-las-y-los-mexicanos\\\/\"},\"wordCount\":426,\"commentCount\":0,\"publisher\":{\"@id\":\"https:\\\/\\\/somos-hermanos.mx\\\/#organization\"},\"image\":{\"@id\":\"https:\\\/\\\/somos-hermanos.mx\\\/index.php\\\/2025\\\/08\\\/04\\\/apt-acciones-contra-el-hambre-en-beneficio-de-las-y-los-mexicanos\\\/#primaryimage\"},\"thumbnailUrl\":\"https:\\\/\\\/somos-hermanos.mx\\\/wp-content\\\/uploads\\\/2025\\\/08\\\/alimt1.jpeg\",\"articleSection\":[\"Noticias\"],\"inLanguage\":\"es\",\"potentialAction\":[{\"@type\":\"CommentAction\",\"name\":\"Comment\",\"target\":[\"https:\\\/\\\/somos-hermanos.mx\\\/index.php\\\/2025\\\/08\\\/04\\\/apt-acciones-contra-el-hambre-en-beneficio-de-las-y-los-mexicanos\\\/#respond\"]}]},{\"@type\":\"WebPage\",\"@id\":\"https:\\\/\\\/somos-hermanos.mx\\\/index.php\\\/2025\\\/08\\\/04\\\/apt-acciones-contra-el-hambre-en-beneficio-de-las-y-los-mexicanos\\\/\",\"url\":\"https:\\\/\\\/somos-hermanos.mx\\\/index.php\\\/2025\\\/08\\\/04\\\/apt-acciones-contra-el-hambre-en-beneficio-de-las-y-los-mexicanos\\\/\",\"name\":\"APT: Acciones contra el hambre en beneficio de las y los mexicanos - Historias que inspiran...\",\"isPartOf\":{\"@id\":\"https:\\\/\\\/somos-hermanos.mx\\\/#website\"},\"primaryImageOfPage\":{\"@id\":\"https:\\\/\\\/somos-hermanos.mx\\\/index.php\\\/2025\\\/08\\\/04\\\/apt-acciones-contra-el-hambre-en-beneficio-de-las-y-los-mexicanos\\\/#primaryimage\"},\"image\":{\"@id\":\"https:\\\/\\\/somos-hermanos.mx\\\/index.php\\\/2025\\\/08\\\/04\\\/apt-acciones-contra-el-hambre-en-beneficio-de-las-y-los-mexicanos\\\/#primaryimage\"},\"thumbnailUrl\":\"https:\\\/\\\/somos-hermanos.mx\\\/wp-content\\\/uploads\\\/2025\\\/08\\\/alimt1.jpeg\",\"datePublished\":\"2025-08-04T09:23:58+00:00\",\"breadcrumb\":{\"@id\":\"https:\\\/\\\/somos-hermanos.mx\\\/index.php\\\/2025\\\/08\\\/04\\\/apt-acciones-contra-el-hambre-en-beneficio-de-las-y-los-mexicanos\\\/#breadcrumb\"},\"inLanguage\":\"es\",\"potentialAction\":[{\"@type\":\"ReadAction\",\"target\":[\"https:\\\/\\\/somos-hermanos.mx\\\/index.php\\\/2025\\\/08\\\/04\\\/apt-acciones-contra-el-hambre-en-beneficio-de-las-y-los-mexicanos\\\/\"]}]},{\"@type\":\"ImageObject\",\"inLanguage\":\"es\",\"@id\":\"https:\\\/\\\/somos-hermanos.mx\\\/index.php\\\/2025\\\/08\\\/04\\\/apt-acciones-contra-el-hambre-en-beneficio-de-las-y-los-mexicanos\\\/#primaryimage\",\"url\":\"https:\\\/\\\/somos-hermanos.mx\\\/wp-content\\\/uploads\\\/2025\\\/08\\\/alimt1.jpeg\",\"contentUrl\":\"https:\\\/\\\/somos-hermanos.mx\\\/wp-content\\\/uploads\\\/2025\\\/08\\\/alimt1.jpeg\",\"width\":1024,\"height\":682},{\"@type\":\"BreadcrumbList\",\"@id\":\"https:\\\/\\\/somos-hermanos.mx\\\/index.php\\\/2025\\\/08\\\/04\\\/apt-acciones-contra-el-hambre-en-beneficio-de-las-y-los-mexicanos\\\/#breadcrumb\",\"itemListElement\":[{\"@type\":\"ListItem\",\"position\":1,\"name\":\"Inicio\",\"item\":\"https:\\\/\\\/somos-hermanos.mx\\\/\"},{\"@type\":\"ListItem\",\"position\":2,\"name\":\"APT: Acciones contra el hambre en beneficio de las y los mexicanos\"}]},{\"@type\":\"WebSite\",\"@id\":\"https:\\\/\\\/somos-hermanos.mx\\\/#website\",\"url\":\"https:\\\/\\\/somos-hermanos.mx\\\/\",\"name\":\"Historias que inspiran...\",\"description\":\"Somos la voz del altruismo en M\u00e9xico\",\"publisher\":{\"@id\":\"https:\\\/\\\/somos-hermanos.mx\\\/#organization\"},\"potentialAction\":[{\"@type\":\"SearchAction\",\"target\":{\"@type\":\"EntryPoint\",\"urlTemplate\":\"https:\\\/\\\/somos-hermanos.mx\\\/?s={search_term_string}\"},\"query-input\":{\"@type\":\"PropertyValueSpecification\",\"valueRequired\":true,\"valueName\":\"search_term_string\"}}],\"inLanguage\":\"es\"},{\"@type\":\"Organization\",\"@id\":\"https:\\\/\\\/somos-hermanos.mx\\\/#organization\",\"name\":\"Somos Hermanos\",\"url\":\"https:\\\/\\\/somos-hermanos.mx\\\/\",\"logo\":{\"@type\":\"ImageObject\",\"inLanguage\":\"es\",\"@id\":\"https:\\\/\\\/somos-hermanos.mx\\\/#\\\/schema\\\/logo\\\/image\\\/\",\"url\":\"https:\\\/\\\/somos-hermanos.mx\\\/wp-content\\\/uploads\\\/2025\\\/08\\\/SH30-1.jpeg\",\"contentUrl\":\"https:\\\/\\\/somos-hermanos.mx\\\/wp-content\\\/uploads\\\/2025\\\/08\\\/SH30-1.jpeg\",\"width\":1600,\"height\":1142,\"caption\":\"Somos Hermanos\"},\"image\":{\"@id\":\"https:\\\/\\\/somos-hermanos.mx\\\/#\\\/schema\\\/logo\\\/image\\\/\"},\"sameAs\":[\"https:\\\/\\\/www.facebook.com\\\/SomosHermanosIAP\\\/\",\"https:\\\/\\\/x.com\\\/Somos__Hermanos\",\"https:\\\/\\\/www.instagram.com\\\/somos__hermanos\\\/#\",\"https:\\\/\\\/www.tiktok.com\\\/@somoshermanosiap\",\"https:\\\/\\\/www.youtube.com\\\/@somoshermanosiap1201\\\/videos\"]},{\"@type\":\"Person\",\"@id\":\"https:\\\/\\\/somos-hermanos.mx\\\/#\\\/schema\\\/person\\\/5b3557797474582d21f3cc36320a00fb\",\"name\":\"Joaquin Samano Rodriguez\",\"image\":{\"@type\":\"ImageObject\",\"inLanguage\":\"es\",\"@id\":\"https:\\\/\\\/secure.gravatar.com\\\/avatar\\\/27bf3879265a77b9831b2ead2a268051b3e31f39ceebd5858d7cdd8540196a35?s=96&d=mm&r=g\",\"url\":\"https:\\\/\\\/secure.gravatar.com\\\/avatar\\\/27bf3879265a77b9831b2ead2a268051b3e31f39ceebd5858d7cdd8540196a35?s=96&d=mm&r=g\",\"contentUrl\":\"https:\\\/\\\/secure.gravatar.com\\\/avatar\\\/27bf3879265a77b9831b2ead2a268051b3e31f39ceebd5858d7cdd8540196a35?s=96&d=mm&r=g\",\"caption\":\"Joaquin Samano Rodriguez\"},\"url\":\"https:\\\/\\\/somos-hermanos.mx\\\/index.php\\\/author\\\/joaquin-samano-rodriguez\\\/\"}]}<\/script>\n<!-- \/ Yoast SEO plugin. -->","yoast_head_json":{"title":"APT: Acciones contra el hambre en beneficio de las y los mexicanos - Historias que inspiran...","robots":{"index":"index","follow":"follow","max-snippet":"max-snippet:-1","max-image-preview":"max-image-preview:large","max-video-preview":"max-video-preview:-1"},"canonical":"https:\/\/somos-hermanos.mx\/index.php\/2025\/08\/04\/apt-acciones-contra-el-hambre-en-beneficio-de-las-y-los-mexicanos\/","og_locale":"es_MX","og_type":"article","og_title":"APT: Acciones contra el hambre en beneficio de las y los mexicanos - Historias que inspiran...","og_description":"En un pa\u00eds donde millones de personas enfrentan inseguridad alimentaria, la organizaci\u00f3n Alimento para Todos se ha consolidado como un actor clave en la lucha contra el hambre. A trav\u00e9s del modelo de bancos de alimentos, esta instituci\u00f3n se inserta en las cadenas de valor alimentarias, actuando como un agente de resiliencia e inclusi\u00f3n social. [&hellip;]","og_url":"https:\/\/somos-hermanos.mx\/index.php\/2025\/08\/04\/apt-acciones-contra-el-hambre-en-beneficio-de-las-y-los-mexicanos\/","og_site_name":"Historias que inspiran...","article_publisher":"https:\/\/www.facebook.com\/SomosHermanosIAP\/","article_published_time":"2025-08-04T09:23:58+00:00","og_image":[{"width":1024,"height":682,"url":"https:\/\/somos-hermanos.mx\/wp-content\/uploads\/2025\/08\/alimt1.jpeg","type":"image\/jpeg"}],"author":"Joaquin Samano Rodriguez","twitter_card":"summary_large_image","twitter_creator":"@Somos__Hermanos","twitter_site":"@Somos__Hermanos","twitter_misc":{"Escrito por":"Joaquin Samano Rodriguez","Tiempo de lectura":"2 minutos"},"schema":{"@context":"https:\/\/schema.org","@graph":[{"@type":"Article","@id":"https:\/\/somos-hermanos.mx\/index.php\/2025\/08\/04\/apt-acciones-contra-el-hambre-en-beneficio-de-las-y-los-mexicanos\/#article","isPartOf":{"@id":"https:\/\/somos-hermanos.mx\/index.php\/2025\/08\/04\/apt-acciones-contra-el-hambre-en-beneficio-de-las-y-los-mexicanos\/"},"author":{"name":"Joaquin Samano Rodriguez","@id":"https:\/\/somos-hermanos.mx\/#\/schema\/person\/5b3557797474582d21f3cc36320a00fb"},"headline":"APT: Acciones contra el hambre en beneficio de las y los mexicanos","datePublished":"2025-08-04T09:23:58+00:00","mainEntityOfPage":{"@id":"https:\/\/somos-hermanos.mx\/index.php\/2025\/08\/04\/apt-acciones-contra-el-hambre-en-beneficio-de-las-y-los-mexicanos\/"},"wordCount":426,"commentCount":0,"publisher":{"@id":"https:\/\/somos-hermanos.mx\/#organization"},"image":{"@id":"https:\/\/somos-hermanos.mx\/index.php\/2025\/08\/04\/apt-acciones-contra-el-hambre-en-beneficio-de-las-y-los-mexicanos\/#primaryimage"},"thumbnailUrl":"https:\/\/somos-hermanos.mx\/wp-content\/uploads\/2025\/08\/alimt1.jpeg","articleSection":["Noticias"],"inLanguage":"es","potentialAction":[{"@type":"CommentAction","name":"Comment","target":["https:\/\/somos-hermanos.mx\/index.php\/2025\/08\/04\/apt-acciones-contra-el-hambre-en-beneficio-de-las-y-los-mexicanos\/#respond"]}]},{"@type":"WebPage","@id":"https:\/\/somos-hermanos.mx\/index.php\/2025\/08\/04\/apt-acciones-contra-el-hambre-en-beneficio-de-las-y-los-mexicanos\/","url":"https:\/\/somos-hermanos.mx\/index.php\/2025\/08\/04\/apt-acciones-contra-el-hambre-en-beneficio-de-las-y-los-mexicanos\/","name":"APT: Acciones contra el hambre en beneficio de las y los mexicanos - Historias que inspiran...","isPartOf":{"@id":"https:\/\/somos-hermanos.mx\/#website"},"primaryImageOfPage":{"@id":"https:\/\/somos-hermanos.mx\/index.php\/2025\/08\/04\/apt-acciones-contra-el-hambre-en-beneficio-de-las-y-los-mexicanos\/#primaryimage"},"image":{"@id":"https:\/\/somos-hermanos.mx\/index.php\/2025\/08\/04\/apt-acciones-contra-el-hambre-en-beneficio-de-las-y-los-mexicanos\/#primaryimage"},"thumbnailUrl":"https:\/\/somos-hermanos.mx\/wp-content\/uploads\/2025\/08\/alimt1.jpeg","datePublished":"2025-08-04T09:23:58+00:00","breadcrumb":{"@id":"https:\/\/somos-hermanos.mx\/index.php\/2025\/08\/04\/apt-acciones-contra-el-hambre-en-beneficio-de-las-y-los-mexicanos\/#breadcrumb"},"inLanguage":"es","potentialAction":[{"@type":"ReadAction","target":["https:\/\/somos-hermanos.mx\/index.php\/2025\/08\/04\/apt-acciones-contra-el-hambre-en-beneficio-de-las-y-los-mexicanos\/"]}]},{"@type":"ImageObject","inLanguage":"es","@id":"https:\/\/somos-hermanos.mx\/index.php\/2025\/08\/04\/apt-acciones-contra-el-hambre-en-beneficio-de-las-y-los-mexicanos\/#primaryimage","url":"https:\/\/somos-hermanos.mx\/wp-content\/uploads\/2025\/08\/alimt1.jpeg","contentUrl":"https:\/\/somos-hermanos.mx\/wp-content\/uploads\/2025\/08\/alimt1.jpeg","width":1024,"height":682},{"@type":"BreadcrumbList","@id":"https:\/\/somos-hermanos.mx\/index.php\/2025\/08\/04\/apt-acciones-contra-el-hambre-en-beneficio-de-las-y-los-mexicanos\/#breadcrumb","itemListElement":[{"@type":"ListItem","position":1,"name":"Inicio","item":"https:\/\/somos-hermanos.mx\/"},{"@type":"ListItem","position":2,"name":"APT: Acciones contra el hambre en beneficio de las y los mexicanos"}]},{"@type":"WebSite","@id":"https:\/\/somos-hermanos.mx\/#website","url":"https:\/\/somos-hermanos.mx\/","name":"Historias que inspiran...","description":"Somos la voz del altruismo en M\u00e9xico","publisher":{"@id":"https:\/\/somos-hermanos.mx\/#organization"},"potentialAction":[{"@type":"SearchAction","target":{"@type":"EntryPoint","urlTemplate":"https:\/\/somos-hermanos.mx\/?s={search_term_string}"},"query-input":{"@type":"PropertyValueSpecification","valueRequired":true,"valueName":"search_term_string"}}],"inLanguage":"es"},{"@type":"Organization","@id":"https:\/\/somos-hermanos.mx\/#organization","name":"Somos Hermanos","url":"https:\/\/somos-hermanos.mx\/","logo":{"@type":"ImageObject","inLanguage":"es","@id":"https:\/\/somos-hermanos.mx\/#\/schema\/logo\/image\/","url":"https:\/\/somos-hermanos.mx\/wp-content\/uploads\/2025\/08\/SH30-1.jpeg","contentUrl":"https:\/\/somos-hermanos.mx\/wp-content\/uploads\/2025\/08\/SH30-1.jpeg","width":1600,"height":1142,"caption":"Somos Hermanos"},"image":{"@id":"https:\/\/somos-hermanos.mx\/#\/schema\/logo\/image\/"},"sameAs":["https:\/\/www.facebook.com\/SomosHermanosIAP\/","https:\/\/x.com\/Somos__Hermanos","https:\/\/www.instagram.com\/somos__hermanos\/#","https:\/\/www.tiktok.com\/@somoshermanosiap","https:\/\/www.youtube.com\/@somoshermanosiap1201\/videos"]},{"@type":"Person","@id":"https:\/\/somos-hermanos.mx\/#\/schema\/person\/5b3557797474582d21f3cc36320a00fb","name":"Joaquin Samano Rodriguez","image":{"@type":"ImageObject","inLanguage":"es","@id":"https:\/\/secure.gravatar.com\/avatar\/27bf3879265a77b9831b2ead2a268051b3e31f39ceebd5858d7cdd8540196a35?s=96&d=mm&r=g","url":"https:\/\/secure.gravatar.com\/avatar\/27bf3879265a77b9831b2ead2a268051b3e31f39ceebd5858d7cdd8540196a35?s=96&d=mm&r=g","contentUrl":"https:\/\/secure.gravatar.com\/avatar\/27bf3879265a77b9831b2ead2a268051b3e31f39ceebd5858d7cdd8540196a35?s=96&d=mm&r=g","caption":"Joaquin Samano Rodriguez"},"url":"https:\/\/somos-hermanos.mx\/index.php\/author\/joaquin-samano-rodriguez\/"}]}},"_links":{"self":[{"href":"https:\/\/somos-hermanos.mx\/index.php\/wp-json\/wp\/v2\/posts\/915","targetHints":{"allow":["GET"]}}],"collection":[{"href":"https:\/\/somos-hermanos.mx\/index.php\/wp-json\/wp\/v2\/posts"}],"about":[{"href":"https:\/\/somos-hermanos.mx\/index.php\/wp-json\/wp\/v2\/types\/post"}],"author":[{"embeddable":true,"href":"https:\/\/somos-hermanos.mx\/index.php\/wp-json\/wp\/v2\/users\/24"}],"replies":[{"embeddable":true,"href":"https:\/\/somos-hermanos.mx\/index.php\/wp-json\/wp\/v2\/comments?post=915"}],"version-history":[{"count":1,"href":"https:\/\/somos-hermanos.mx\/index.php\/wp-json\/wp\/v2\/posts\/915\/revisions"}],"predecessor-version":[{"id":917,"href":"https:\/\/somos-hermanos.mx\/index.php\/wp-json\/wp\/v2\/posts\/915\/revisions\/917"}],"wp:featuredmedia":[{"embeddable":true,"href":"https:\/\/somos-hermanos.mx\/index.php\/wp-json\/wp\/v2\/media\/916"}],"wp:attachment":[{"href":"https:\/\/somos-hermanos.mx\/index.php\/wp-json\/wp\/v2\/media?parent=915"}],"wp:term":[{"taxonomy":"category","embeddable":true,"href":"https:\/\/somos-hermanos.mx\/index.php\/wp-json\/wp\/v2\/categories?post=915"},{"taxonomy":"post_tag","embeddable":true,"href":"https:\/\/somos-hermanos.mx\/index.php\/wp-json\/wp\/v2\/tags?post=915"}],"curies":[{"name":"wp","href":"https:\/\/api.w.org\/{rel}","templated":true}]}}