{"id":911,"date":"2025-08-04T03:22:55","date_gmt":"2025-08-04T09:22:55","guid":{"rendered":"https:\/\/somos-hermanos.mx\/?p=911"},"modified":"2025-08-04T03:22:55","modified_gmt":"2025-08-04T09:22:55","slug":"fundacion-autismo-tato-una-asociacion-por-la-cultura-de-la-aceptacion","status":"publish","type":"post","link":"https:\/\/somos-hermanos.mx\/index.php\/2025\/08\/04\/fundacion-autismo-tato-una-asociacion-por-la-cultura-de-la-aceptacion\/","title":{"rendered":"Fundaci\u00f3n Autismo Tato: Una asociaci\u00f3n por la cultura de la aceptaci\u00f3n"},"content":{"rendered":"<p>El Trastorno del Espectro Autista (TEA) <strong>es un trastorno del neurodesarrollo, se estima que 1 de cada 115 ni\u00f1os tiene autismo, lo que equivale al 1% de la poblaci\u00f3n infantil. <\/strong>A pesar de la informaci\u00f3n que existe alrededor del autismo, a\u00fan existen personas que lo consideran como una enfermedad. Lo que ocasiona que exista desinformaci\u00f3n alrededor de este trastorno.<\/p>\n<p>Fundaci\u00f3n Autismo TATO es una asociaci\u00f3n sin fines de lucro conformada por padres con hijos con TEA. En \u00e9sta se brinda atenci\u00f3n multidisciplinaria a ni\u00f1os, j\u00f3venes y adultos que tienen alg\u00fan tipo de TEA. <strong>Su misi\u00f3n es promover, respetar, proteger y apoyar los derechos humanos de las personas con TEA y sus familiares, <\/strong>con el fin de mejorar su calidad de vida.<\/p>\n<p>Funciona como un programa especializado en atenci\u00f3n medica integral que atiende las necesidades espec\u00edficas, mediante el uso de avanzada tecnolog\u00eda de punta. Tambi\u00e9n ofrecen un programa educativo especializado en desarrollar programas cognitivos para que las personas con TEA cuenten con herramientas psicosociales y puedan desarrollar sus habilidades y destrezas, adem\u00e1s de contar con una educaci\u00f3n de calidad.<\/p>\n<p><strong><b>Historia de Fundaci\u00f3n Autismo TATO<\/b><\/strong><\/p>\n<p>Al ser un centro especializado proporciona servicios educativos, de salud, de inclusi\u00f3n laboral y residencia pedag\u00f3gica en un mismo lugar a personas con TEA y del neurodesarrollo. De hecho, la historia de esta fundaci\u00f3n comenz\u00f3 desde hace 30 a\u00f1os, fue creado por la Sra. Mar\u00eda de Jes\u00fas Elisa Chaves Mart\u00ednez despu\u00e9s de tener a sus hijos Eduardo y Octavio y ver que sus hijos ten\u00edan \u201calgo\u201d, busco ayuda y asesor\u00edas con m\u00e9dicos y psic\u00f3logos hasta que un familiar suyo de Estados Unidos, le hablo sobre el autismo. Esta fue la primera vez que escucho la palabra \u201cautismo\u201d, desde entonces ha trabajado en compa\u00f1\u00eda de otros padres de familia de ni\u00f1os con autismo para acabar con la discriminaci\u00f3n que existe alrededor y se les reconozca su dignidad de personas antes de cualquier etiqueta o estigma.<\/p>\n<p><strong><b>Instalaciones y servicios <\/b><\/strong><\/p>\n<p>Actualmente se encuentran laborando en Colima, dentro de sus instalaciones cuentan con \u00e1reas verdes, un invernadero y albercas para que los j\u00f3venes puedan realizar actividades al aire libre.<\/p>\n<p>Dentro de los servicios que ofrecen en la fundaci\u00f3n se encuentra el programa CafeTEando, este es un espacio donde los padres de familia con una taza de caf\u00e9 comparten experiencias y reciben pl\u00e1ticas sobre el desarrollo, aprendizaje y manejo social de sus familiares con alg\u00fan trastorno de desarrollo.<\/p>\n<p>Tambi\u00e9n cuentan con la cocina pedag\u00f3gica, un taller para el desarrollo de habilidades culinarias a personas con autismo para ense\u00f1arles autosuficiencia e independencia para elaborar sus alimentos.<\/p>\n<p>En caso de querer ser parte de la asociaci\u00f3n puedes hacer un voluntariado, en este voluntariado debes realizar actividades en conjunto con los chicos de la asociaci\u00f3n para apoyar en el desarrollo de habilidades que mejoren su calidad de vida.<\/p>\n<p><strong><b>\u00bfD\u00f3nde puedo donar?<\/b><\/strong><\/p>\n<p>Dentro de su sitio web puedes realizar alg\u00fan tipo de donaci\u00f3n desde los $100 hasta los $4000 pesos mexicanos. Si deseas contactarlos y recibir informaci\u00f3n m\u00e1s detallada puedes buscarlos en sus oficinas en un horario de lunes a viernes desde las 08:30 a.m., hasta las 14:40 p.m., en Mexcalli No. 100 Col. Villa Izcalli Caxitl\u00e1n,<br \/>\nVilla de \u00c1lvarez, Colima.<\/p>\n","protected":false},"excerpt":{"rendered":"<p>El Trastorno del Espectro Autista (TEA) es un trastorno del neurodesarrollo, se estima que 1 de cada 115 ni\u00f1os tiene autismo, lo que equivale al 1% de la poblaci\u00f3n infantil. A pesar de la informaci\u00f3n que existe alrededor del autismo, a\u00fan existen personas que lo consideran como una enfermedad. Lo que ocasiona que exista desinformaci\u00f3n [&hellip;]<\/p>\n","protected":false},"author":19,"featured_media":912,"comment_status":"open","ping_status":"closed","sticky":false,"template":"","format":"standard","meta":{"footnotes":""},"categories":[6],"tags":[],"class_list":["post-911","post","type-post","status-publish","format-standard","has-post-thumbnail","hentry","category-noticias"],"yoast_head":"<!-- This site is optimized with the Yoast SEO plugin v27.5 - https:\/\/yoast.com\/product\/yoast-seo-wordpress\/ -->\n<title>Fundaci\u00f3n Autismo Tato: Una asociaci\u00f3n por la cultura de la aceptaci\u00f3n - Historias que inspiran...<\/title>\n<meta name=\"robots\" content=\"index, follow, max-snippet:-1, max-image-preview:large, max-video-preview:-1\" \/>\n<link rel=\"canonical\" href=\"https:\/\/somos-hermanos.mx\/index.php\/2025\/08\/04\/fundacion-autismo-tato-una-asociacion-por-la-cultura-de-la-aceptacion\/\" \/>\n<meta property=\"og:locale\" content=\"es_MX\" \/>\n<meta property=\"og:type\" content=\"article\" \/>\n<meta property=\"og:title\" content=\"Fundaci\u00f3n Autismo Tato: Una asociaci\u00f3n por la cultura de la aceptaci\u00f3n - Historias que inspiran...\" \/>\n<meta property=\"og:description\" content=\"El Trastorno del Espectro Autista (TEA) es un trastorno del neurodesarrollo, se estima que 1 de cada 115 ni\u00f1os tiene autismo, lo que equivale al 1% de la poblaci\u00f3n infantil. A pesar de la informaci\u00f3n que existe alrededor del autismo, a\u00fan existen personas que lo consideran como una enfermedad. Lo que ocasiona que exista desinformaci\u00f3n [&hellip;]\" \/>\n<meta property=\"og:url\" content=\"https:\/\/somos-hermanos.mx\/index.php\/2025\/08\/04\/fundacion-autismo-tato-una-asociacion-por-la-cultura-de-la-aceptacion\/\" \/>\n<meta property=\"og:site_name\" content=\"Historias que inspiran...\" \/>\n<meta property=\"article:publisher\" content=\"https:\/\/www.facebook.com\/SomosHermanosIAP\/\" \/>\n<meta property=\"article:published_time\" content=\"2025-08-04T09:22:55+00:00\" \/>\n<meta property=\"og:image\" content=\"https:\/\/somos-hermanos.mx\/wp-content\/uploads\/2025\/08\/tato.jpeg\" \/>\n\t<meta property=\"og:image:width\" content=\"874\" \/>\n\t<meta property=\"og:image:height\" content=\"529\" \/>\n\t<meta property=\"og:image:type\" content=\"image\/jpeg\" \/>\n<meta name=\"author\" content=\"Karina Hern\u00e1ndez Flores\" \/>\n<meta name=\"twitter:card\" content=\"summary_large_image\" \/>\n<meta name=\"twitter:creator\" content=\"@Somos__Hermanos\" \/>\n<meta name=\"twitter:site\" content=\"@Somos__Hermanos\" \/>\n<meta name=\"twitter:label1\" content=\"Escrito por\" \/>\n\t<meta name=\"twitter:data1\" content=\"Karina Hern\u00e1ndez Flores\" \/>\n\t<meta name=\"twitter:label2\" content=\"Tiempo de lectura\" \/>\n\t<meta name=\"twitter:data2\" content=\"3 minutos\" \/>\n<script type=\"application\/ld+json\" class=\"yoast-schema-graph\">{\"@context\":\"https:\\\/\\\/schema.org\",\"@graph\":[{\"@type\":\"Article\",\"@id\":\"https:\\\/\\\/somos-hermanos.mx\\\/index.php\\\/2025\\\/08\\\/04\\\/fundacion-autismo-tato-una-asociacion-por-la-cultura-de-la-aceptacion\\\/#article\",\"isPartOf\":{\"@id\":\"https:\\\/\\\/somos-hermanos.mx\\\/index.php\\\/2025\\\/08\\\/04\\\/fundacion-autismo-tato-una-asociacion-por-la-cultura-de-la-aceptacion\\\/\"},\"author\":{\"name\":\"Karina Hern\u00e1ndez Flores\",\"@id\":\"https:\\\/\\\/somos-hermanos.mx\\\/#\\\/schema\\\/person\\\/de3ab70150c2d9a40634e5ea37c6ef10\"},\"headline\":\"Fundaci\u00f3n Autismo Tato: Una asociaci\u00f3n por la cultura de la aceptaci\u00f3n\",\"datePublished\":\"2025-08-04T09:22:55+00:00\",\"mainEntityOfPage\":{\"@id\":\"https:\\\/\\\/somos-hermanos.mx\\\/index.php\\\/2025\\\/08\\\/04\\\/fundacion-autismo-tato-una-asociacion-por-la-cultura-de-la-aceptacion\\\/\"},\"wordCount\":581,\"commentCount\":0,\"publisher\":{\"@id\":\"https:\\\/\\\/somos-hermanos.mx\\\/#organization\"},\"image\":{\"@id\":\"https:\\\/\\\/somos-hermanos.mx\\\/index.php\\\/2025\\\/08\\\/04\\\/fundacion-autismo-tato-una-asociacion-por-la-cultura-de-la-aceptacion\\\/#primaryimage\"},\"thumbnailUrl\":\"https:\\\/\\\/somos-hermanos.mx\\\/wp-content\\\/uploads\\\/2025\\\/08\\\/tato.jpeg\",\"articleSection\":[\"Noticias\"],\"inLanguage\":\"es\",\"potentialAction\":[{\"@type\":\"CommentAction\",\"name\":\"Comment\",\"target\":[\"https:\\\/\\\/somos-hermanos.mx\\\/index.php\\\/2025\\\/08\\\/04\\\/fundacion-autismo-tato-una-asociacion-por-la-cultura-de-la-aceptacion\\\/#respond\"]}]},{\"@type\":\"WebPage\",\"@id\":\"https:\\\/\\\/somos-hermanos.mx\\\/index.php\\\/2025\\\/08\\\/04\\\/fundacion-autismo-tato-una-asociacion-por-la-cultura-de-la-aceptacion\\\/\",\"url\":\"https:\\\/\\\/somos-hermanos.mx\\\/index.php\\\/2025\\\/08\\\/04\\\/fundacion-autismo-tato-una-asociacion-por-la-cultura-de-la-aceptacion\\\/\",\"name\":\"Fundaci\u00f3n Autismo Tato: Una asociaci\u00f3n por la cultura de la aceptaci\u00f3n - Historias que inspiran...\",\"isPartOf\":{\"@id\":\"https:\\\/\\\/somos-hermanos.mx\\\/#website\"},\"primaryImageOfPage\":{\"@id\":\"https:\\\/\\\/somos-hermanos.mx\\\/index.php\\\/2025\\\/08\\\/04\\\/fundacion-autismo-tato-una-asociacion-por-la-cultura-de-la-aceptacion\\\/#primaryimage\"},\"image\":{\"@id\":\"https:\\\/\\\/somos-hermanos.mx\\\/index.php\\\/2025\\\/08\\\/04\\\/fundacion-autismo-tato-una-asociacion-por-la-cultura-de-la-aceptacion\\\/#primaryimage\"},\"thumbnailUrl\":\"https:\\\/\\\/somos-hermanos.mx\\\/wp-content\\\/uploads\\\/2025\\\/08\\\/tato.jpeg\",\"datePublished\":\"2025-08-04T09:22:55+00:00\",\"breadcrumb\":{\"@id\":\"https:\\\/\\\/somos-hermanos.mx\\\/index.php\\\/2025\\\/08\\\/04\\\/fundacion-autismo-tato-una-asociacion-por-la-cultura-de-la-aceptacion\\\/#breadcrumb\"},\"inLanguage\":\"es\",\"potentialAction\":[{\"@type\":\"ReadAction\",\"target\":[\"https:\\\/\\\/somos-hermanos.mx\\\/index.php\\\/2025\\\/08\\\/04\\\/fundacion-autismo-tato-una-asociacion-por-la-cultura-de-la-aceptacion\\\/\"]}]},{\"@type\":\"ImageObject\",\"inLanguage\":\"es\",\"@id\":\"https:\\\/\\\/somos-hermanos.mx\\\/index.php\\\/2025\\\/08\\\/04\\\/fundacion-autismo-tato-una-asociacion-por-la-cultura-de-la-aceptacion\\\/#primaryimage\",\"url\":\"https:\\\/\\\/somos-hermanos.mx\\\/wp-content\\\/uploads\\\/2025\\\/08\\\/tato.jpeg\",\"contentUrl\":\"https:\\\/\\\/somos-hermanos.mx\\\/wp-content\\\/uploads\\\/2025\\\/08\\\/tato.jpeg\",\"width\":874,\"height\":529},{\"@type\":\"BreadcrumbList\",\"@id\":\"https:\\\/\\\/somos-hermanos.mx\\\/index.php\\\/2025\\\/08\\\/04\\\/fundacion-autismo-tato-una-asociacion-por-la-cultura-de-la-aceptacion\\\/#breadcrumb\",\"itemListElement\":[{\"@type\":\"ListItem\",\"position\":1,\"name\":\"Inicio\",\"item\":\"https:\\\/\\\/somos-hermanos.mx\\\/\"},{\"@type\":\"ListItem\",\"position\":2,\"name\":\"Fundaci\u00f3n Autismo Tato: Una asociaci\u00f3n por la cultura de la aceptaci\u00f3n\"}]},{\"@type\":\"WebSite\",\"@id\":\"https:\\\/\\\/somos-hermanos.mx\\\/#website\",\"url\":\"https:\\\/\\\/somos-hermanos.mx\\\/\",\"name\":\"Historias que inspiran...\",\"description\":\"Somos la voz del altruismo en M\u00e9xico\",\"publisher\":{\"@id\":\"https:\\\/\\\/somos-hermanos.mx\\\/#organization\"},\"potentialAction\":[{\"@type\":\"SearchAction\",\"target\":{\"@type\":\"EntryPoint\",\"urlTemplate\":\"https:\\\/\\\/somos-hermanos.mx\\\/?s={search_term_string}\"},\"query-input\":{\"@type\":\"PropertyValueSpecification\",\"valueRequired\":true,\"valueName\":\"search_term_string\"}}],\"inLanguage\":\"es\"},{\"@type\":\"Organization\",\"@id\":\"https:\\\/\\\/somos-hermanos.mx\\\/#organization\",\"name\":\"Somos Hermanos\",\"url\":\"https:\\\/\\\/somos-hermanos.mx\\\/\",\"logo\":{\"@type\":\"ImageObject\",\"inLanguage\":\"es\",\"@id\":\"https:\\\/\\\/somos-hermanos.mx\\\/#\\\/schema\\\/logo\\\/image\\\/\",\"url\":\"https:\\\/\\\/somos-hermanos.mx\\\/wp-content\\\/uploads\\\/2025\\\/08\\\/SH30-1.jpeg\",\"contentUrl\":\"https:\\\/\\\/somos-hermanos.mx\\\/wp-content\\\/uploads\\\/2025\\\/08\\\/SH30-1.jpeg\",\"width\":1600,\"height\":1142,\"caption\":\"Somos Hermanos\"},\"image\":{\"@id\":\"https:\\\/\\\/somos-hermanos.mx\\\/#\\\/schema\\\/logo\\\/image\\\/\"},\"sameAs\":[\"https:\\\/\\\/www.facebook.com\\\/SomosHermanosIAP\\\/\",\"https:\\\/\\\/x.com\\\/Somos__Hermanos\",\"https:\\\/\\\/www.instagram.com\\\/somos__hermanos\\\/#\",\"https:\\\/\\\/www.tiktok.com\\\/@somoshermanosiap\",\"https:\\\/\\\/www.youtube.com\\\/@somoshermanosiap1201\\\/videos\"]},{\"@type\":\"Person\",\"@id\":\"https:\\\/\\\/somos-hermanos.mx\\\/#\\\/schema\\\/person\\\/de3ab70150c2d9a40634e5ea37c6ef10\",\"name\":\"Karina Hern\u00e1ndez Flores\",\"image\":{\"@type\":\"ImageObject\",\"inLanguage\":\"es\",\"@id\":\"https:\\\/\\\/secure.gravatar.com\\\/avatar\\\/b881cf961dfbebfa1094490b61a3c10e871664dba37ac04c3a35065d40ed843c?s=96&d=mm&r=g\",\"url\":\"https:\\\/\\\/secure.gravatar.com\\\/avatar\\\/b881cf961dfbebfa1094490b61a3c10e871664dba37ac04c3a35065d40ed843c?s=96&d=mm&r=g\",\"contentUrl\":\"https:\\\/\\\/secure.gravatar.com\\\/avatar\\\/b881cf961dfbebfa1094490b61a3c10e871664dba37ac04c3a35065d40ed843c?s=96&d=mm&r=g\",\"caption\":\"Karina Hern\u00e1ndez Flores\"},\"url\":\"https:\\\/\\\/somos-hermanos.mx\\\/index.php\\\/author\\\/karina-hernandez-flores\\\/\"}]}<\/script>\n<!-- \/ Yoast SEO plugin. -->","yoast_head_json":{"title":"Fundaci\u00f3n Autismo Tato: Una asociaci\u00f3n por la cultura de la aceptaci\u00f3n - Historias que inspiran...","robots":{"index":"index","follow":"follow","max-snippet":"max-snippet:-1","max-image-preview":"max-image-preview:large","max-video-preview":"max-video-preview:-1"},"canonical":"https:\/\/somos-hermanos.mx\/index.php\/2025\/08\/04\/fundacion-autismo-tato-una-asociacion-por-la-cultura-de-la-aceptacion\/","og_locale":"es_MX","og_type":"article","og_title":"Fundaci\u00f3n Autismo Tato: Una asociaci\u00f3n por la cultura de la aceptaci\u00f3n - Historias que inspiran...","og_description":"El Trastorno del Espectro Autista (TEA) es un trastorno del neurodesarrollo, se estima que 1 de cada 115 ni\u00f1os tiene autismo, lo que equivale al 1% de la poblaci\u00f3n infantil. A pesar de la informaci\u00f3n que existe alrededor del autismo, a\u00fan existen personas que lo consideran como una enfermedad. Lo que ocasiona que exista desinformaci\u00f3n [&hellip;]","og_url":"https:\/\/somos-hermanos.mx\/index.php\/2025\/08\/04\/fundacion-autismo-tato-una-asociacion-por-la-cultura-de-la-aceptacion\/","og_site_name":"Historias que inspiran...","article_publisher":"https:\/\/www.facebook.com\/SomosHermanosIAP\/","article_published_time":"2025-08-04T09:22:55+00:00","og_image":[{"width":874,"height":529,"url":"https:\/\/somos-hermanos.mx\/wp-content\/uploads\/2025\/08\/tato.jpeg","type":"image\/jpeg"}],"author":"Karina Hern\u00e1ndez Flores","twitter_card":"summary_large_image","twitter_creator":"@Somos__Hermanos","twitter_site":"@Somos__Hermanos","twitter_misc":{"Escrito por":"Karina Hern\u00e1ndez Flores","Tiempo de lectura":"3 minutos"},"schema":{"@context":"https:\/\/schema.org","@graph":[{"@type":"Article","@id":"https:\/\/somos-hermanos.mx\/index.php\/2025\/08\/04\/fundacion-autismo-tato-una-asociacion-por-la-cultura-de-la-aceptacion\/#article","isPartOf":{"@id":"https:\/\/somos-hermanos.mx\/index.php\/2025\/08\/04\/fundacion-autismo-tato-una-asociacion-por-la-cultura-de-la-aceptacion\/"},"author":{"name":"Karina Hern\u00e1ndez Flores","@id":"https:\/\/somos-hermanos.mx\/#\/schema\/person\/de3ab70150c2d9a40634e5ea37c6ef10"},"headline":"Fundaci\u00f3n Autismo Tato: Una asociaci\u00f3n por la cultura de la aceptaci\u00f3n","datePublished":"2025-08-04T09:22:55+00:00","mainEntityOfPage":{"@id":"https:\/\/somos-hermanos.mx\/index.php\/2025\/08\/04\/fundacion-autismo-tato-una-asociacion-por-la-cultura-de-la-aceptacion\/"},"wordCount":581,"commentCount":0,"publisher":{"@id":"https:\/\/somos-hermanos.mx\/#organization"},"image":{"@id":"https:\/\/somos-hermanos.mx\/index.php\/2025\/08\/04\/fundacion-autismo-tato-una-asociacion-por-la-cultura-de-la-aceptacion\/#primaryimage"},"thumbnailUrl":"https:\/\/somos-hermanos.mx\/wp-content\/uploads\/2025\/08\/tato.jpeg","articleSection":["Noticias"],"inLanguage":"es","potentialAction":[{"@type":"CommentAction","name":"Comment","target":["https:\/\/somos-hermanos.mx\/index.php\/2025\/08\/04\/fundacion-autismo-tato-una-asociacion-por-la-cultura-de-la-aceptacion\/#respond"]}]},{"@type":"WebPage","@id":"https:\/\/somos-hermanos.mx\/index.php\/2025\/08\/04\/fundacion-autismo-tato-una-asociacion-por-la-cultura-de-la-aceptacion\/","url":"https:\/\/somos-hermanos.mx\/index.php\/2025\/08\/04\/fundacion-autismo-tato-una-asociacion-por-la-cultura-de-la-aceptacion\/","name":"Fundaci\u00f3n Autismo Tato: Una asociaci\u00f3n por la cultura de la aceptaci\u00f3n - Historias que inspiran...","isPartOf":{"@id":"https:\/\/somos-hermanos.mx\/#website"},"primaryImageOfPage":{"@id":"https:\/\/somos-hermanos.mx\/index.php\/2025\/08\/04\/fundacion-autismo-tato-una-asociacion-por-la-cultura-de-la-aceptacion\/#primaryimage"},"image":{"@id":"https:\/\/somos-hermanos.mx\/index.php\/2025\/08\/04\/fundacion-autismo-tato-una-asociacion-por-la-cultura-de-la-aceptacion\/#primaryimage"},"thumbnailUrl":"https:\/\/somos-hermanos.mx\/wp-content\/uploads\/2025\/08\/tato.jpeg","datePublished":"2025-08-04T09:22:55+00:00","breadcrumb":{"@id":"https:\/\/somos-hermanos.mx\/index.php\/2025\/08\/04\/fundacion-autismo-tato-una-asociacion-por-la-cultura-de-la-aceptacion\/#breadcrumb"},"inLanguage":"es","potentialAction":[{"@type":"ReadAction","target":["https:\/\/somos-hermanos.mx\/index.php\/2025\/08\/04\/fundacion-autismo-tato-una-asociacion-por-la-cultura-de-la-aceptacion\/"]}]},{"@type":"ImageObject","inLanguage":"es","@id":"https:\/\/somos-hermanos.mx\/index.php\/2025\/08\/04\/fundacion-autismo-tato-una-asociacion-por-la-cultura-de-la-aceptacion\/#primaryimage","url":"https:\/\/somos-hermanos.mx\/wp-content\/uploads\/2025\/08\/tato.jpeg","contentUrl":"https:\/\/somos-hermanos.mx\/wp-content\/uploads\/2025\/08\/tato.jpeg","width":874,"height":529},{"@type":"BreadcrumbList","@id":"https:\/\/somos-hermanos.mx\/index.php\/2025\/08\/04\/fundacion-autismo-tato-una-asociacion-por-la-cultura-de-la-aceptacion\/#breadcrumb","itemListElement":[{"@type":"ListItem","position":1,"name":"Inicio","item":"https:\/\/somos-hermanos.mx\/"},{"@type":"ListItem","position":2,"name":"Fundaci\u00f3n Autismo Tato: Una asociaci\u00f3n por la cultura de la aceptaci\u00f3n"}]},{"@type":"WebSite","@id":"https:\/\/somos-hermanos.mx\/#website","url":"https:\/\/somos-hermanos.mx\/","name":"Historias que inspiran...","description":"Somos la voz del altruismo en M\u00e9xico","publisher":{"@id":"https:\/\/somos-hermanos.mx\/#organization"},"potentialAction":[{"@type":"SearchAction","target":{"@type":"EntryPoint","urlTemplate":"https:\/\/somos-hermanos.mx\/?s={search_term_string}"},"query-input":{"@type":"PropertyValueSpecification","valueRequired":true,"valueName":"search_term_string"}}],"inLanguage":"es"},{"@type":"Organization","@id":"https:\/\/somos-hermanos.mx\/#organization","name":"Somos Hermanos","url":"https:\/\/somos-hermanos.mx\/","logo":{"@type":"ImageObject","inLanguage":"es","@id":"https:\/\/somos-hermanos.mx\/#\/schema\/logo\/image\/","url":"https:\/\/somos-hermanos.mx\/wp-content\/uploads\/2025\/08\/SH30-1.jpeg","contentUrl":"https:\/\/somos-hermanos.mx\/wp-content\/uploads\/2025\/08\/SH30-1.jpeg","width":1600,"height":1142,"caption":"Somos Hermanos"},"image":{"@id":"https:\/\/somos-hermanos.mx\/#\/schema\/logo\/image\/"},"sameAs":["https:\/\/www.facebook.com\/SomosHermanosIAP\/","https:\/\/x.com\/Somos__Hermanos","https:\/\/www.instagram.com\/somos__hermanos\/#","https:\/\/www.tiktok.com\/@somoshermanosiap","https:\/\/www.youtube.com\/@somoshermanosiap1201\/videos"]},{"@type":"Person","@id":"https:\/\/somos-hermanos.mx\/#\/schema\/person\/de3ab70150c2d9a40634e5ea37c6ef10","name":"Karina Hern\u00e1ndez Flores","image":{"@type":"ImageObject","inLanguage":"es","@id":"https:\/\/secure.gravatar.com\/avatar\/b881cf961dfbebfa1094490b61a3c10e871664dba37ac04c3a35065d40ed843c?s=96&d=mm&r=g","url":"https:\/\/secure.gravatar.com\/avatar\/b881cf961dfbebfa1094490b61a3c10e871664dba37ac04c3a35065d40ed843c?s=96&d=mm&r=g","contentUrl":"https:\/\/secure.gravatar.com\/avatar\/b881cf961dfbebfa1094490b61a3c10e871664dba37ac04c3a35065d40ed843c?s=96&d=mm&r=g","caption":"Karina Hern\u00e1ndez Flores"},"url":"https:\/\/somos-hermanos.mx\/index.php\/author\/karina-hernandez-flores\/"}]}},"_links":{"self":[{"href":"https:\/\/somos-hermanos.mx\/index.php\/wp-json\/wp\/v2\/posts\/911","targetHints":{"allow":["GET"]}}],"collection":[{"href":"https:\/\/somos-hermanos.mx\/index.php\/wp-json\/wp\/v2\/posts"}],"about":[{"href":"https:\/\/somos-hermanos.mx\/index.php\/wp-json\/wp\/v2\/types\/post"}],"author":[{"embeddable":true,"href":"https:\/\/somos-hermanos.mx\/index.php\/wp-json\/wp\/v2\/users\/19"}],"replies":[{"embeddable":true,"href":"https:\/\/somos-hermanos.mx\/index.php\/wp-json\/wp\/v2\/comments?post=911"}],"version-history":[{"count":1,"href":"https:\/\/somos-hermanos.mx\/index.php\/wp-json\/wp\/v2\/posts\/911\/revisions"}],"predecessor-version":[{"id":913,"href":"https:\/\/somos-hermanos.mx\/index.php\/wp-json\/wp\/v2\/posts\/911\/revisions\/913"}],"wp:featuredmedia":[{"embeddable":true,"href":"https:\/\/somos-hermanos.mx\/index.php\/wp-json\/wp\/v2\/media\/912"}],"wp:attachment":[{"href":"https:\/\/somos-hermanos.mx\/index.php\/wp-json\/wp\/v2\/media?parent=911"}],"wp:term":[{"taxonomy":"category","embeddable":true,"href":"https:\/\/somos-hermanos.mx\/index.php\/wp-json\/wp\/v2\/categories?post=911"},{"taxonomy":"post_tag","embeddable":true,"href":"https:\/\/somos-hermanos.mx\/index.php\/wp-json\/wp\/v2\/tags?post=911"}],"curies":[{"name":"wp","href":"https:\/\/api.w.org\/{rel}","templated":true}]}}