{"id":908,"date":"2025-08-04T03:21:47","date_gmt":"2025-08-04T09:21:47","guid":{"rendered":"https:\/\/somos-hermanos.mx\/?p=908"},"modified":"2025-08-04T03:21:47","modified_gmt":"2025-08-04T09:21:47","slug":"nazareos-iap-y-su-compromiso-con-las-infancias-y-adolescencias-del-estado-de-mexico","status":"publish","type":"post","link":"https:\/\/somos-hermanos.mx\/index.php\/2025\/08\/04\/nazareos-iap-y-su-compromiso-con-las-infancias-y-adolescencias-del-estado-de-mexico\/","title":{"rendered":"Nazareos IAP y su compromiso con las infancias y adolescencias del Estado de M\u00e9xico"},"content":{"rendered":"<p>Nazareos es una instituci\u00f3n de asistencia privada, ubicada en Tultepec Estado de M\u00e9xico, que brinda <strong>alimento, ropa, hogar y salud, a ni\u00f1os y adolescentes en estado de orfandad. <\/strong>Mediante programas de desarrollo, busca formarlos hasta que cumplan la mayor\u00eda de edad.<\/p>\n<p>Su misi\u00f3n es brindar hogares a ni\u00f1os y adolescentes, as\u00ed como tambi\u00e9n una formaci\u00f3n en el que se implemente el respeto, la justicia, la igualdad, etc\u00e9tera.<\/p>\n<p>Todo esto con el fin de que puedan adaptarse de una mejor manera al mundo y tengan la autonom\u00eda suficiente para tomar decisiones.<\/p>\n<p>En sus compromisos se encuentran proporcionar las herramientas necesarias, en todos los \u00e1mbitos; <strong>lograr la paz interior en cada ni\u00f1o y adolescente; <\/strong>tener las actividades, programas e iniciativas necesarias para un desarrollo integral.<\/p>\n<p>En los m\u00e1s de diez a\u00f1os que llevan operando, han obtenido m\u00e1s de 60 ingresos y, durante siete a\u00f1os, el certificado de la Junta de Asistencia Privada del Estado de M\u00e9xico.<\/p>\n<p>Su modelo de formaci\u00f3n es muy \u00edntegro. En el pedag\u00f3gico, realizan un examen de diagn\u00f3stico donde eval\u00faan las necesidades educativas de cada ni\u00f1o y las formas en las que su aprendizaje se adapta. En el apartado m\u00e9dico buscan que los integrantes tengan un estado de salud en condiciones saludables y dignas.<\/p>\n<p>La atenci\u00f3n nutricional es de suma importancia, pues es vital que se pueda lograr el peso ideal en cada ni\u00f1o y educarlos en el buen comer. Brindan atenci\u00f3n nutricional personalizada y un seguimiento e implementaci\u00f3n de salubridad. \u00a0Para mantener el bienestar f\u00edsico y crear h\u00e1bitos saludables, se practican deportes como lo son el karate, yoga y f\u00fatbol americano.<\/p>\n<p>Tambi\u00e9n, en el aspecto cultural, hay cursos de verano, d\u00edas de campo, salida a parques, cines y museos. Y por \u00faltimo est\u00e1 la parte psicol\u00f3gica y vocacional.<\/p>\n<p>Puedes hacer tu donaci\u00f3n en su sitio web: <a href=\"#aporta\"><u>https:\/\/www.nazareosiap.org\/HTML\/Sumate.html#aporta<\/u><\/a>\u00a0\u00a0y sumarte al esfuerzo de proporcionar la ayuda a ni\u00f1os y adolescentes que m\u00e1s lo necesitan.<\/p>\n","protected":false},"excerpt":{"rendered":"<p>Nazareos es una instituci\u00f3n de asistencia privada, ubicada en Tultepec Estado de M\u00e9xico, que brinda alimento, ropa, hogar y salud, a ni\u00f1os y adolescentes en estado de orfandad. Mediante programas de desarrollo, busca formarlos hasta que cumplan la mayor\u00eda de edad. Su misi\u00f3n es brindar hogares a ni\u00f1os y adolescentes, as\u00ed como tambi\u00e9n una formaci\u00f3n [&hellip;]<\/p>\n","protected":false},"author":21,"featured_media":909,"comment_status":"open","ping_status":"closed","sticky":false,"template":"","format":"standard","meta":{"footnotes":""},"categories":[6],"tags":[],"class_list":["post-908","post","type-post","status-publish","format-standard","has-post-thumbnail","hentry","category-noticias"],"yoast_head":"<!-- This site is optimized with the Yoast SEO plugin v27.5 - https:\/\/yoast.com\/product\/yoast-seo-wordpress\/ -->\n<title>Nazareos IAP y su compromiso con las infancias y adolescencias del Estado de M\u00e9xico - Historias que inspiran...<\/title>\n<meta name=\"robots\" content=\"index, follow, max-snippet:-1, max-image-preview:large, max-video-preview:-1\" \/>\n<link rel=\"canonical\" href=\"https:\/\/somos-hermanos.mx\/index.php\/2025\/08\/04\/nazareos-iap-y-su-compromiso-con-las-infancias-y-adolescencias-del-estado-de-mexico\/\" \/>\n<meta property=\"og:locale\" content=\"es_MX\" \/>\n<meta property=\"og:type\" content=\"article\" \/>\n<meta property=\"og:title\" content=\"Nazareos IAP y su compromiso con las infancias y adolescencias del Estado de M\u00e9xico - Historias que inspiran...\" \/>\n<meta property=\"og:description\" content=\"Nazareos es una instituci\u00f3n de asistencia privada, ubicada en Tultepec Estado de M\u00e9xico, que brinda alimento, ropa, hogar y salud, a ni\u00f1os y adolescentes en estado de orfandad. Mediante programas de desarrollo, busca formarlos hasta que cumplan la mayor\u00eda de edad. Su misi\u00f3n es brindar hogares a ni\u00f1os y adolescentes, as\u00ed como tambi\u00e9n una formaci\u00f3n [&hellip;]\" \/>\n<meta property=\"og:url\" content=\"https:\/\/somos-hermanos.mx\/index.php\/2025\/08\/04\/nazareos-iap-y-su-compromiso-con-las-infancias-y-adolescencias-del-estado-de-mexico\/\" \/>\n<meta property=\"og:site_name\" content=\"Historias que inspiran...\" \/>\n<meta property=\"article:publisher\" content=\"https:\/\/www.facebook.com\/SomosHermanosIAP\/\" \/>\n<meta property=\"article:published_time\" content=\"2025-08-04T09:21:47+00:00\" \/>\n<meta property=\"og:image\" content=\"https:\/\/somos-hermanos.mx\/wp-content\/uploads\/2025\/08\/naza1.jpeg\" \/>\n\t<meta property=\"og:image:width\" content=\"940\" \/>\n\t<meta property=\"og:image:height\" content=\"788\" \/>\n\t<meta property=\"og:image:type\" content=\"image\/jpeg\" \/>\n<meta name=\"author\" content=\"Jes\u00fas Pe\u00f1a Aguirre\" \/>\n<meta name=\"twitter:card\" content=\"summary_large_image\" \/>\n<meta name=\"twitter:creator\" content=\"@Somos__Hermanos\" \/>\n<meta name=\"twitter:site\" content=\"@Somos__Hermanos\" \/>\n<meta name=\"twitter:label1\" content=\"Escrito por\" \/>\n\t<meta name=\"twitter:data1\" content=\"Jes\u00fas Pe\u00f1a Aguirre\" \/>\n\t<meta name=\"twitter:label2\" content=\"Tiempo de lectura\" \/>\n\t<meta name=\"twitter:data2\" content=\"2 minutos\" \/>\n<script type=\"application\/ld+json\" class=\"yoast-schema-graph\">{\"@context\":\"https:\\\/\\\/schema.org\",\"@graph\":[{\"@type\":\"Article\",\"@id\":\"https:\\\/\\\/somos-hermanos.mx\\\/index.php\\\/2025\\\/08\\\/04\\\/nazareos-iap-y-su-compromiso-con-las-infancias-y-adolescencias-del-estado-de-mexico\\\/#article\",\"isPartOf\":{\"@id\":\"https:\\\/\\\/somos-hermanos.mx\\\/index.php\\\/2025\\\/08\\\/04\\\/nazareos-iap-y-su-compromiso-con-las-infancias-y-adolescencias-del-estado-de-mexico\\\/\"},\"author\":{\"name\":\"Jes\u00fas Pe\u00f1a Aguirre\",\"@id\":\"https:\\\/\\\/somos-hermanos.mx\\\/#\\\/schema\\\/person\\\/8acd26a8688e659352b79b33c534872c\"},\"headline\":\"Nazareos IAP y su compromiso con las infancias y adolescencias del Estado de M\u00e9xico\",\"datePublished\":\"2025-08-04T09:21:47+00:00\",\"mainEntityOfPage\":{\"@id\":\"https:\\\/\\\/somos-hermanos.mx\\\/index.php\\\/2025\\\/08\\\/04\\\/nazareos-iap-y-su-compromiso-con-las-infancias-y-adolescencias-del-estado-de-mexico\\\/\"},\"wordCount\":371,\"commentCount\":0,\"publisher\":{\"@id\":\"https:\\\/\\\/somos-hermanos.mx\\\/#organization\"},\"image\":{\"@id\":\"https:\\\/\\\/somos-hermanos.mx\\\/index.php\\\/2025\\\/08\\\/04\\\/nazareos-iap-y-su-compromiso-con-las-infancias-y-adolescencias-del-estado-de-mexico\\\/#primaryimage\"},\"thumbnailUrl\":\"https:\\\/\\\/somos-hermanos.mx\\\/wp-content\\\/uploads\\\/2025\\\/08\\\/naza1.jpeg\",\"articleSection\":[\"Noticias\"],\"inLanguage\":\"es\",\"potentialAction\":[{\"@type\":\"CommentAction\",\"name\":\"Comment\",\"target\":[\"https:\\\/\\\/somos-hermanos.mx\\\/index.php\\\/2025\\\/08\\\/04\\\/nazareos-iap-y-su-compromiso-con-las-infancias-y-adolescencias-del-estado-de-mexico\\\/#respond\"]}]},{\"@type\":\"WebPage\",\"@id\":\"https:\\\/\\\/somos-hermanos.mx\\\/index.php\\\/2025\\\/08\\\/04\\\/nazareos-iap-y-su-compromiso-con-las-infancias-y-adolescencias-del-estado-de-mexico\\\/\",\"url\":\"https:\\\/\\\/somos-hermanos.mx\\\/index.php\\\/2025\\\/08\\\/04\\\/nazareos-iap-y-su-compromiso-con-las-infancias-y-adolescencias-del-estado-de-mexico\\\/\",\"name\":\"Nazareos IAP y su compromiso con las infancias y adolescencias del Estado de M\u00e9xico - Historias que inspiran...\",\"isPartOf\":{\"@id\":\"https:\\\/\\\/somos-hermanos.mx\\\/#website\"},\"primaryImageOfPage\":{\"@id\":\"https:\\\/\\\/somos-hermanos.mx\\\/index.php\\\/2025\\\/08\\\/04\\\/nazareos-iap-y-su-compromiso-con-las-infancias-y-adolescencias-del-estado-de-mexico\\\/#primaryimage\"},\"image\":{\"@id\":\"https:\\\/\\\/somos-hermanos.mx\\\/index.php\\\/2025\\\/08\\\/04\\\/nazareos-iap-y-su-compromiso-con-las-infancias-y-adolescencias-del-estado-de-mexico\\\/#primaryimage\"},\"thumbnailUrl\":\"https:\\\/\\\/somos-hermanos.mx\\\/wp-content\\\/uploads\\\/2025\\\/08\\\/naza1.jpeg\",\"datePublished\":\"2025-08-04T09:21:47+00:00\",\"breadcrumb\":{\"@id\":\"https:\\\/\\\/somos-hermanos.mx\\\/index.php\\\/2025\\\/08\\\/04\\\/nazareos-iap-y-su-compromiso-con-las-infancias-y-adolescencias-del-estado-de-mexico\\\/#breadcrumb\"},\"inLanguage\":\"es\",\"potentialAction\":[{\"@type\":\"ReadAction\",\"target\":[\"https:\\\/\\\/somos-hermanos.mx\\\/index.php\\\/2025\\\/08\\\/04\\\/nazareos-iap-y-su-compromiso-con-las-infancias-y-adolescencias-del-estado-de-mexico\\\/\"]}]},{\"@type\":\"ImageObject\",\"inLanguage\":\"es\",\"@id\":\"https:\\\/\\\/somos-hermanos.mx\\\/index.php\\\/2025\\\/08\\\/04\\\/nazareos-iap-y-su-compromiso-con-las-infancias-y-adolescencias-del-estado-de-mexico\\\/#primaryimage\",\"url\":\"https:\\\/\\\/somos-hermanos.mx\\\/wp-content\\\/uploads\\\/2025\\\/08\\\/naza1.jpeg\",\"contentUrl\":\"https:\\\/\\\/somos-hermanos.mx\\\/wp-content\\\/uploads\\\/2025\\\/08\\\/naza1.jpeg\",\"width\":940,\"height\":788},{\"@type\":\"BreadcrumbList\",\"@id\":\"https:\\\/\\\/somos-hermanos.mx\\\/index.php\\\/2025\\\/08\\\/04\\\/nazareos-iap-y-su-compromiso-con-las-infancias-y-adolescencias-del-estado-de-mexico\\\/#breadcrumb\",\"itemListElement\":[{\"@type\":\"ListItem\",\"position\":1,\"name\":\"Inicio\",\"item\":\"https:\\\/\\\/somos-hermanos.mx\\\/\"},{\"@type\":\"ListItem\",\"position\":2,\"name\":\"Nazareos IAP y su compromiso con las infancias y adolescencias del Estado de M\u00e9xico\"}]},{\"@type\":\"WebSite\",\"@id\":\"https:\\\/\\\/somos-hermanos.mx\\\/#website\",\"url\":\"https:\\\/\\\/somos-hermanos.mx\\\/\",\"name\":\"Historias que inspiran...\",\"description\":\"Somos la voz del altruismo en M\u00e9xico\",\"publisher\":{\"@id\":\"https:\\\/\\\/somos-hermanos.mx\\\/#organization\"},\"potentialAction\":[{\"@type\":\"SearchAction\",\"target\":{\"@type\":\"EntryPoint\",\"urlTemplate\":\"https:\\\/\\\/somos-hermanos.mx\\\/?s={search_term_string}\"},\"query-input\":{\"@type\":\"PropertyValueSpecification\",\"valueRequired\":true,\"valueName\":\"search_term_string\"}}],\"inLanguage\":\"es\"},{\"@type\":\"Organization\",\"@id\":\"https:\\\/\\\/somos-hermanos.mx\\\/#organization\",\"name\":\"Somos Hermanos\",\"url\":\"https:\\\/\\\/somos-hermanos.mx\\\/\",\"logo\":{\"@type\":\"ImageObject\",\"inLanguage\":\"es\",\"@id\":\"https:\\\/\\\/somos-hermanos.mx\\\/#\\\/schema\\\/logo\\\/image\\\/\",\"url\":\"https:\\\/\\\/somos-hermanos.mx\\\/wp-content\\\/uploads\\\/2025\\\/08\\\/SH30-1.jpeg\",\"contentUrl\":\"https:\\\/\\\/somos-hermanos.mx\\\/wp-content\\\/uploads\\\/2025\\\/08\\\/SH30-1.jpeg\",\"width\":1600,\"height\":1142,\"caption\":\"Somos Hermanos\"},\"image\":{\"@id\":\"https:\\\/\\\/somos-hermanos.mx\\\/#\\\/schema\\\/logo\\\/image\\\/\"},\"sameAs\":[\"https:\\\/\\\/www.facebook.com\\\/SomosHermanosIAP\\\/\",\"https:\\\/\\\/x.com\\\/Somos__Hermanos\",\"https:\\\/\\\/www.instagram.com\\\/somos__hermanos\\\/#\",\"https:\\\/\\\/www.tiktok.com\\\/@somoshermanosiap\",\"https:\\\/\\\/www.youtube.com\\\/@somoshermanosiap1201\\\/videos\"]},{\"@type\":\"Person\",\"@id\":\"https:\\\/\\\/somos-hermanos.mx\\\/#\\\/schema\\\/person\\\/8acd26a8688e659352b79b33c534872c\",\"name\":\"Jes\u00fas Pe\u00f1a Aguirre\",\"image\":{\"@type\":\"ImageObject\",\"inLanguage\":\"es\",\"@id\":\"https:\\\/\\\/secure.gravatar.com\\\/avatar\\\/a3d489e680e76cdf1b7ccc620e427d14f54a929f15306ea1d436efc89ee85c7c?s=96&d=mm&r=g\",\"url\":\"https:\\\/\\\/secure.gravatar.com\\\/avatar\\\/a3d489e680e76cdf1b7ccc620e427d14f54a929f15306ea1d436efc89ee85c7c?s=96&d=mm&r=g\",\"contentUrl\":\"https:\\\/\\\/secure.gravatar.com\\\/avatar\\\/a3d489e680e76cdf1b7ccc620e427d14f54a929f15306ea1d436efc89ee85c7c?s=96&d=mm&r=g\",\"caption\":\"Jes\u00fas Pe\u00f1a Aguirre\"},\"url\":\"https:\\\/\\\/somos-hermanos.mx\\\/index.php\\\/author\\\/jesus-pena-aguirre\\\/\"}]}<\/script>\n<!-- \/ Yoast SEO plugin. -->","yoast_head_json":{"title":"Nazareos IAP y su compromiso con las infancias y adolescencias del Estado de M\u00e9xico - Historias que inspiran...","robots":{"index":"index","follow":"follow","max-snippet":"max-snippet:-1","max-image-preview":"max-image-preview:large","max-video-preview":"max-video-preview:-1"},"canonical":"https:\/\/somos-hermanos.mx\/index.php\/2025\/08\/04\/nazareos-iap-y-su-compromiso-con-las-infancias-y-adolescencias-del-estado-de-mexico\/","og_locale":"es_MX","og_type":"article","og_title":"Nazareos IAP y su compromiso con las infancias y adolescencias del Estado de M\u00e9xico - Historias que inspiran...","og_description":"Nazareos es una instituci\u00f3n de asistencia privada, ubicada en Tultepec Estado de M\u00e9xico, que brinda alimento, ropa, hogar y salud, a ni\u00f1os y adolescentes en estado de orfandad. Mediante programas de desarrollo, busca formarlos hasta que cumplan la mayor\u00eda de edad. Su misi\u00f3n es brindar hogares a ni\u00f1os y adolescentes, as\u00ed como tambi\u00e9n una formaci\u00f3n [&hellip;]","og_url":"https:\/\/somos-hermanos.mx\/index.php\/2025\/08\/04\/nazareos-iap-y-su-compromiso-con-las-infancias-y-adolescencias-del-estado-de-mexico\/","og_site_name":"Historias que inspiran...","article_publisher":"https:\/\/www.facebook.com\/SomosHermanosIAP\/","article_published_time":"2025-08-04T09:21:47+00:00","og_image":[{"width":940,"height":788,"url":"https:\/\/somos-hermanos.mx\/wp-content\/uploads\/2025\/08\/naza1.jpeg","type":"image\/jpeg"}],"author":"Jes\u00fas Pe\u00f1a Aguirre","twitter_card":"summary_large_image","twitter_creator":"@Somos__Hermanos","twitter_site":"@Somos__Hermanos","twitter_misc":{"Escrito por":"Jes\u00fas Pe\u00f1a Aguirre","Tiempo de lectura":"2 minutos"},"schema":{"@context":"https:\/\/schema.org","@graph":[{"@type":"Article","@id":"https:\/\/somos-hermanos.mx\/index.php\/2025\/08\/04\/nazareos-iap-y-su-compromiso-con-las-infancias-y-adolescencias-del-estado-de-mexico\/#article","isPartOf":{"@id":"https:\/\/somos-hermanos.mx\/index.php\/2025\/08\/04\/nazareos-iap-y-su-compromiso-con-las-infancias-y-adolescencias-del-estado-de-mexico\/"},"author":{"name":"Jes\u00fas Pe\u00f1a Aguirre","@id":"https:\/\/somos-hermanos.mx\/#\/schema\/person\/8acd26a8688e659352b79b33c534872c"},"headline":"Nazareos IAP y su compromiso con las infancias y adolescencias del Estado de M\u00e9xico","datePublished":"2025-08-04T09:21:47+00:00","mainEntityOfPage":{"@id":"https:\/\/somos-hermanos.mx\/index.php\/2025\/08\/04\/nazareos-iap-y-su-compromiso-con-las-infancias-y-adolescencias-del-estado-de-mexico\/"},"wordCount":371,"commentCount":0,"publisher":{"@id":"https:\/\/somos-hermanos.mx\/#organization"},"image":{"@id":"https:\/\/somos-hermanos.mx\/index.php\/2025\/08\/04\/nazareos-iap-y-su-compromiso-con-las-infancias-y-adolescencias-del-estado-de-mexico\/#primaryimage"},"thumbnailUrl":"https:\/\/somos-hermanos.mx\/wp-content\/uploads\/2025\/08\/naza1.jpeg","articleSection":["Noticias"],"inLanguage":"es","potentialAction":[{"@type":"CommentAction","name":"Comment","target":["https:\/\/somos-hermanos.mx\/index.php\/2025\/08\/04\/nazareos-iap-y-su-compromiso-con-las-infancias-y-adolescencias-del-estado-de-mexico\/#respond"]}]},{"@type":"WebPage","@id":"https:\/\/somos-hermanos.mx\/index.php\/2025\/08\/04\/nazareos-iap-y-su-compromiso-con-las-infancias-y-adolescencias-del-estado-de-mexico\/","url":"https:\/\/somos-hermanos.mx\/index.php\/2025\/08\/04\/nazareos-iap-y-su-compromiso-con-las-infancias-y-adolescencias-del-estado-de-mexico\/","name":"Nazareos IAP y su compromiso con las infancias y adolescencias del Estado de M\u00e9xico - Historias que inspiran...","isPartOf":{"@id":"https:\/\/somos-hermanos.mx\/#website"},"primaryImageOfPage":{"@id":"https:\/\/somos-hermanos.mx\/index.php\/2025\/08\/04\/nazareos-iap-y-su-compromiso-con-las-infancias-y-adolescencias-del-estado-de-mexico\/#primaryimage"},"image":{"@id":"https:\/\/somos-hermanos.mx\/index.php\/2025\/08\/04\/nazareos-iap-y-su-compromiso-con-las-infancias-y-adolescencias-del-estado-de-mexico\/#primaryimage"},"thumbnailUrl":"https:\/\/somos-hermanos.mx\/wp-content\/uploads\/2025\/08\/naza1.jpeg","datePublished":"2025-08-04T09:21:47+00:00","breadcrumb":{"@id":"https:\/\/somos-hermanos.mx\/index.php\/2025\/08\/04\/nazareos-iap-y-su-compromiso-con-las-infancias-y-adolescencias-del-estado-de-mexico\/#breadcrumb"},"inLanguage":"es","potentialAction":[{"@type":"ReadAction","target":["https:\/\/somos-hermanos.mx\/index.php\/2025\/08\/04\/nazareos-iap-y-su-compromiso-con-las-infancias-y-adolescencias-del-estado-de-mexico\/"]}]},{"@type":"ImageObject","inLanguage":"es","@id":"https:\/\/somos-hermanos.mx\/index.php\/2025\/08\/04\/nazareos-iap-y-su-compromiso-con-las-infancias-y-adolescencias-del-estado-de-mexico\/#primaryimage","url":"https:\/\/somos-hermanos.mx\/wp-content\/uploads\/2025\/08\/naza1.jpeg","contentUrl":"https:\/\/somos-hermanos.mx\/wp-content\/uploads\/2025\/08\/naza1.jpeg","width":940,"height":788},{"@type":"BreadcrumbList","@id":"https:\/\/somos-hermanos.mx\/index.php\/2025\/08\/04\/nazareos-iap-y-su-compromiso-con-las-infancias-y-adolescencias-del-estado-de-mexico\/#breadcrumb","itemListElement":[{"@type":"ListItem","position":1,"name":"Inicio","item":"https:\/\/somos-hermanos.mx\/"},{"@type":"ListItem","position":2,"name":"Nazareos IAP y su compromiso con las infancias y adolescencias del Estado de M\u00e9xico"}]},{"@type":"WebSite","@id":"https:\/\/somos-hermanos.mx\/#website","url":"https:\/\/somos-hermanos.mx\/","name":"Historias que inspiran...","description":"Somos la voz del altruismo en M\u00e9xico","publisher":{"@id":"https:\/\/somos-hermanos.mx\/#organization"},"potentialAction":[{"@type":"SearchAction","target":{"@type":"EntryPoint","urlTemplate":"https:\/\/somos-hermanos.mx\/?s={search_term_string}"},"query-input":{"@type":"PropertyValueSpecification","valueRequired":true,"valueName":"search_term_string"}}],"inLanguage":"es"},{"@type":"Organization","@id":"https:\/\/somos-hermanos.mx\/#organization","name":"Somos Hermanos","url":"https:\/\/somos-hermanos.mx\/","logo":{"@type":"ImageObject","inLanguage":"es","@id":"https:\/\/somos-hermanos.mx\/#\/schema\/logo\/image\/","url":"https:\/\/somos-hermanos.mx\/wp-content\/uploads\/2025\/08\/SH30-1.jpeg","contentUrl":"https:\/\/somos-hermanos.mx\/wp-content\/uploads\/2025\/08\/SH30-1.jpeg","width":1600,"height":1142,"caption":"Somos Hermanos"},"image":{"@id":"https:\/\/somos-hermanos.mx\/#\/schema\/logo\/image\/"},"sameAs":["https:\/\/www.facebook.com\/SomosHermanosIAP\/","https:\/\/x.com\/Somos__Hermanos","https:\/\/www.instagram.com\/somos__hermanos\/#","https:\/\/www.tiktok.com\/@somoshermanosiap","https:\/\/www.youtube.com\/@somoshermanosiap1201\/videos"]},{"@type":"Person","@id":"https:\/\/somos-hermanos.mx\/#\/schema\/person\/8acd26a8688e659352b79b33c534872c","name":"Jes\u00fas Pe\u00f1a Aguirre","image":{"@type":"ImageObject","inLanguage":"es","@id":"https:\/\/secure.gravatar.com\/avatar\/a3d489e680e76cdf1b7ccc620e427d14f54a929f15306ea1d436efc89ee85c7c?s=96&d=mm&r=g","url":"https:\/\/secure.gravatar.com\/avatar\/a3d489e680e76cdf1b7ccc620e427d14f54a929f15306ea1d436efc89ee85c7c?s=96&d=mm&r=g","contentUrl":"https:\/\/secure.gravatar.com\/avatar\/a3d489e680e76cdf1b7ccc620e427d14f54a929f15306ea1d436efc89ee85c7c?s=96&d=mm&r=g","caption":"Jes\u00fas Pe\u00f1a Aguirre"},"url":"https:\/\/somos-hermanos.mx\/index.php\/author\/jesus-pena-aguirre\/"}]}},"_links":{"self":[{"href":"https:\/\/somos-hermanos.mx\/index.php\/wp-json\/wp\/v2\/posts\/908","targetHints":{"allow":["GET"]}}],"collection":[{"href":"https:\/\/somos-hermanos.mx\/index.php\/wp-json\/wp\/v2\/posts"}],"about":[{"href":"https:\/\/somos-hermanos.mx\/index.php\/wp-json\/wp\/v2\/types\/post"}],"author":[{"embeddable":true,"href":"https:\/\/somos-hermanos.mx\/index.php\/wp-json\/wp\/v2\/users\/21"}],"replies":[{"embeddable":true,"href":"https:\/\/somos-hermanos.mx\/index.php\/wp-json\/wp\/v2\/comments?post=908"}],"version-history":[{"count":1,"href":"https:\/\/somos-hermanos.mx\/index.php\/wp-json\/wp\/v2\/posts\/908\/revisions"}],"predecessor-version":[{"id":910,"href":"https:\/\/somos-hermanos.mx\/index.php\/wp-json\/wp\/v2\/posts\/908\/revisions\/910"}],"wp:featuredmedia":[{"embeddable":true,"href":"https:\/\/somos-hermanos.mx\/index.php\/wp-json\/wp\/v2\/media\/909"}],"wp:attachment":[{"href":"https:\/\/somos-hermanos.mx\/index.php\/wp-json\/wp\/v2\/media?parent=908"}],"wp:term":[{"taxonomy":"category","embeddable":true,"href":"https:\/\/somos-hermanos.mx\/index.php\/wp-json\/wp\/v2\/categories?post=908"},{"taxonomy":"post_tag","embeddable":true,"href":"https:\/\/somos-hermanos.mx\/index.php\/wp-json\/wp\/v2\/tags?post=908"}],"curies":[{"name":"wp","href":"https:\/\/api.w.org\/{rel}","templated":true}]}}