{"id":905,"date":"2025-08-04T03:20:53","date_gmt":"2025-08-04T09:20:53","guid":{"rendered":"https:\/\/somos-hermanos.mx\/?p=905"},"modified":"2025-08-04T03:20:53","modified_gmt":"2025-08-04T09:20:53","slug":"feedi-iap-brinda-educacion-rehabilitacion-y-asistencia-social-para-la-inclusion","status":"publish","type":"post","link":"https:\/\/somos-hermanos.mx\/index.php\/2025\/08\/04\/feedi-iap-brinda-educacion-rehabilitacion-y-asistencia-social-para-la-inclusion\/","title":{"rendered":"FEEDI IAP brinda educaci\u00f3n, rehabilitaci\u00f3n y asistencia social para la inclusi\u00f3n"},"content":{"rendered":"<p>En M\u00e9xico la poblaci\u00f3n con discapacidad <strong>es uno de los grupos m\u00e1s rezagados y vulnerables en la sociedad. <\/strong>De acuerdo a las estad\u00edsticas cerca del 50% de PCD viven en pobreza.<\/p>\n<p>De este porcentaje, el 48% se encuentra en rezago educativo y <strong>dos de cada diez personas no saben leer o escribir. Y 25% reporta haber sido v\u00edctima de alg\u00fan tipo de discriminaci\u00f3n o violencia.<\/strong><\/p>\n<p>Dichos reportes resultan alarmantes, pero dentro de este marco, existen organizaciones que combaten esta gran problem\u00e1tica social d\u00eda con d\u00eda mediante una altruista y admirable labor.<\/p>\n<p>Fundaci\u00f3n <strong>FEEDI IAP es una instituci\u00f3n con 19 a\u00f1os de experiencia que apoya a la poblaci\u00f3n de escasos recursos con discapacidad en Manzanillo, Colima. <\/strong>El Centro FEEDI brinda educaci\u00f3n y asistencia social a ni\u00f1as, ni\u00f1os, j\u00f3venes y adultos con discapacidad en estado vulnerable.<\/p>\n<p>Gracias a su modelo de atenci\u00f3n la acci\u00f3n de la OSC ha causado impacto y resultados, pues se enfoca en apegarse a los planes curriculares de la SEP para la poblaci\u00f3n con necesidades educativas especiales.<\/p>\n<p>Esto quiere decir que tanto en niveles de preescolar y primaria los planes de estudio est\u00e1n dise\u00f1ados espec\u00edficamente para la educaci\u00f3n especial, mientras que tambi\u00e9n incorporan estrategias educativas basadas en el <em>M\u00e9todo Filadelfia <\/em>para dise\u00f1ar experiencias de aprendizaje significativas.<\/p>\n<p>Adherido a este sistema, las actividades que se realizan tienen una modalidad presencial y a distancia con el fin de adaptarse a las distintas condiciones del entorno.<\/p>\n<p>Mediante distintos talleres como el de reposter\u00eda se implementa diferentes habilidades para que los beneficiarios aprendan oficios en paralelo que obtienen educaci\u00f3n de calidad dise\u00f1ada para que desarrollen su conocimiento de forma integral.<\/p>\n<p>Contar con un distintivo de transparencia y buenas pr\u00e1cticas para que la confiabilidad sea genuina en la instituci\u00f3n es posible gracias al respaldo de la Junta de Asistencia Privada del Estado de Colima, quien recientemente le otorg\u00f3 a la fundaci\u00f3n su Certificado de Transparencia, que se coloca como un logro que inspira a la OSC para continuar trabajando por la rendici\u00f3n de cuentas.<\/p>\n<p>La Fundaci\u00f3n de Educaci\u00f3n Especial y Desarrollo Integral, IAP trabaja sin descanso por la educaci\u00f3n e inclusi\u00f3n de las PCD en Colima, y gracias a su intervenci\u00f3n miles de familias han obtenido una mejor calidad de vida y oportunidades en la sociedad mexicana.<\/p>\n","protected":false},"excerpt":{"rendered":"<p>En M\u00e9xico la poblaci\u00f3n con discapacidad es uno de los grupos m\u00e1s rezagados y vulnerables en la sociedad. De acuerdo a las estad\u00edsticas cerca del 50% de PCD viven en pobreza. De este porcentaje, el 48% se encuentra en rezago educativo y dos de cada diez personas no saben leer o escribir. Y 25% reporta [&hellip;]<\/p>\n","protected":false},"author":10,"featured_media":906,"comment_status":"open","ping_status":"closed","sticky":false,"template":"","format":"standard","meta":{"footnotes":""},"categories":[6],"tags":[],"class_list":["post-905","post","type-post","status-publish","format-standard","has-post-thumbnail","hentry","category-noticias"],"yoast_head":"<!-- This site is optimized with the Yoast SEO plugin v27.5 - https:\/\/yoast.com\/product\/yoast-seo-wordpress\/ -->\n<title>FEEDI IAP brinda educaci\u00f3n, rehabilitaci\u00f3n y asistencia social para la inclusi\u00f3n - Historias que inspiran...<\/title>\n<meta name=\"robots\" content=\"index, follow, max-snippet:-1, max-image-preview:large, max-video-preview:-1\" \/>\n<link rel=\"canonical\" href=\"https:\/\/somos-hermanos.mx\/index.php\/2025\/08\/04\/feedi-iap-brinda-educacion-rehabilitacion-y-asistencia-social-para-la-inclusion\/\" \/>\n<meta property=\"og:locale\" content=\"es_MX\" \/>\n<meta property=\"og:type\" content=\"article\" \/>\n<meta property=\"og:title\" content=\"FEEDI IAP brinda educaci\u00f3n, rehabilitaci\u00f3n y asistencia social para la inclusi\u00f3n - Historias que inspiran...\" \/>\n<meta property=\"og:description\" content=\"En M\u00e9xico la poblaci\u00f3n con discapacidad es uno de los grupos m\u00e1s rezagados y vulnerables en la sociedad. De acuerdo a las estad\u00edsticas cerca del 50% de PCD viven en pobreza. De este porcentaje, el 48% se encuentra en rezago educativo y dos de cada diez personas no saben leer o escribir. Y 25% reporta [&hellip;]\" \/>\n<meta property=\"og:url\" content=\"https:\/\/somos-hermanos.mx\/index.php\/2025\/08\/04\/feedi-iap-brinda-educacion-rehabilitacion-y-asistencia-social-para-la-inclusion\/\" \/>\n<meta property=\"og:site_name\" content=\"Historias que inspiran...\" \/>\n<meta property=\"article:publisher\" content=\"https:\/\/www.facebook.com\/SomosHermanosIAP\/\" \/>\n<meta property=\"article:published_time\" content=\"2025-08-04T09:20:53+00:00\" \/>\n<meta property=\"og:image\" content=\"https:\/\/somos-hermanos.mx\/wp-content\/uploads\/2025\/08\/fee.jpeg\" \/>\n\t<meta property=\"og:image:width\" content=\"421\" \/>\n\t<meta property=\"og:image:height\" content=\"421\" \/>\n\t<meta property=\"og:image:type\" content=\"image\/jpeg\" \/>\n<meta name=\"author\" content=\"Carlos Hernandez Huerta\" \/>\n<meta name=\"twitter:card\" content=\"summary_large_image\" \/>\n<meta name=\"twitter:creator\" content=\"@Somos__Hermanos\" \/>\n<meta name=\"twitter:site\" content=\"@Somos__Hermanos\" \/>\n<meta name=\"twitter:label1\" content=\"Escrito por\" \/>\n\t<meta name=\"twitter:data1\" content=\"Carlos Hernandez Huerta\" \/>\n\t<meta name=\"twitter:label2\" content=\"Tiempo de lectura\" \/>\n\t<meta name=\"twitter:data2\" content=\"2 minutos\" \/>\n<script type=\"application\/ld+json\" class=\"yoast-schema-graph\">{\"@context\":\"https:\\\/\\\/schema.org\",\"@graph\":[{\"@type\":\"Article\",\"@id\":\"https:\\\/\\\/somos-hermanos.mx\\\/index.php\\\/2025\\\/08\\\/04\\\/feedi-iap-brinda-educacion-rehabilitacion-y-asistencia-social-para-la-inclusion\\\/#article\",\"isPartOf\":{\"@id\":\"https:\\\/\\\/somos-hermanos.mx\\\/index.php\\\/2025\\\/08\\\/04\\\/feedi-iap-brinda-educacion-rehabilitacion-y-asistencia-social-para-la-inclusion\\\/\"},\"author\":{\"name\":\"Carlos Hernandez Huerta\",\"@id\":\"https:\\\/\\\/somos-hermanos.mx\\\/#\\\/schema\\\/person\\\/2466d21e6ade208f45dbc821298d62b6\"},\"headline\":\"FEEDI IAP brinda educaci\u00f3n, rehabilitaci\u00f3n y asistencia social para la inclusi\u00f3n\",\"datePublished\":\"2025-08-04T09:20:53+00:00\",\"mainEntityOfPage\":{\"@id\":\"https:\\\/\\\/somos-hermanos.mx\\\/index.php\\\/2025\\\/08\\\/04\\\/feedi-iap-brinda-educacion-rehabilitacion-y-asistencia-social-para-la-inclusion\\\/\"},\"wordCount\":424,\"commentCount\":0,\"publisher\":{\"@id\":\"https:\\\/\\\/somos-hermanos.mx\\\/#organization\"},\"image\":{\"@id\":\"https:\\\/\\\/somos-hermanos.mx\\\/index.php\\\/2025\\\/08\\\/04\\\/feedi-iap-brinda-educacion-rehabilitacion-y-asistencia-social-para-la-inclusion\\\/#primaryimage\"},\"thumbnailUrl\":\"https:\\\/\\\/somos-hermanos.mx\\\/wp-content\\\/uploads\\\/2025\\\/08\\\/fee.jpeg\",\"articleSection\":[\"Noticias\"],\"inLanguage\":\"es\",\"potentialAction\":[{\"@type\":\"CommentAction\",\"name\":\"Comment\",\"target\":[\"https:\\\/\\\/somos-hermanos.mx\\\/index.php\\\/2025\\\/08\\\/04\\\/feedi-iap-brinda-educacion-rehabilitacion-y-asistencia-social-para-la-inclusion\\\/#respond\"]}]},{\"@type\":\"WebPage\",\"@id\":\"https:\\\/\\\/somos-hermanos.mx\\\/index.php\\\/2025\\\/08\\\/04\\\/feedi-iap-brinda-educacion-rehabilitacion-y-asistencia-social-para-la-inclusion\\\/\",\"url\":\"https:\\\/\\\/somos-hermanos.mx\\\/index.php\\\/2025\\\/08\\\/04\\\/feedi-iap-brinda-educacion-rehabilitacion-y-asistencia-social-para-la-inclusion\\\/\",\"name\":\"FEEDI IAP brinda educaci\u00f3n, rehabilitaci\u00f3n y asistencia social para la inclusi\u00f3n - Historias que inspiran...\",\"isPartOf\":{\"@id\":\"https:\\\/\\\/somos-hermanos.mx\\\/#website\"},\"primaryImageOfPage\":{\"@id\":\"https:\\\/\\\/somos-hermanos.mx\\\/index.php\\\/2025\\\/08\\\/04\\\/feedi-iap-brinda-educacion-rehabilitacion-y-asistencia-social-para-la-inclusion\\\/#primaryimage\"},\"image\":{\"@id\":\"https:\\\/\\\/somos-hermanos.mx\\\/index.php\\\/2025\\\/08\\\/04\\\/feedi-iap-brinda-educacion-rehabilitacion-y-asistencia-social-para-la-inclusion\\\/#primaryimage\"},\"thumbnailUrl\":\"https:\\\/\\\/somos-hermanos.mx\\\/wp-content\\\/uploads\\\/2025\\\/08\\\/fee.jpeg\",\"datePublished\":\"2025-08-04T09:20:53+00:00\",\"breadcrumb\":{\"@id\":\"https:\\\/\\\/somos-hermanos.mx\\\/index.php\\\/2025\\\/08\\\/04\\\/feedi-iap-brinda-educacion-rehabilitacion-y-asistencia-social-para-la-inclusion\\\/#breadcrumb\"},\"inLanguage\":\"es\",\"potentialAction\":[{\"@type\":\"ReadAction\",\"target\":[\"https:\\\/\\\/somos-hermanos.mx\\\/index.php\\\/2025\\\/08\\\/04\\\/feedi-iap-brinda-educacion-rehabilitacion-y-asistencia-social-para-la-inclusion\\\/\"]}]},{\"@type\":\"ImageObject\",\"inLanguage\":\"es\",\"@id\":\"https:\\\/\\\/somos-hermanos.mx\\\/index.php\\\/2025\\\/08\\\/04\\\/feedi-iap-brinda-educacion-rehabilitacion-y-asistencia-social-para-la-inclusion\\\/#primaryimage\",\"url\":\"https:\\\/\\\/somos-hermanos.mx\\\/wp-content\\\/uploads\\\/2025\\\/08\\\/fee.jpeg\",\"contentUrl\":\"https:\\\/\\\/somos-hermanos.mx\\\/wp-content\\\/uploads\\\/2025\\\/08\\\/fee.jpeg\",\"width\":421,\"height\":421},{\"@type\":\"BreadcrumbList\",\"@id\":\"https:\\\/\\\/somos-hermanos.mx\\\/index.php\\\/2025\\\/08\\\/04\\\/feedi-iap-brinda-educacion-rehabilitacion-y-asistencia-social-para-la-inclusion\\\/#breadcrumb\",\"itemListElement\":[{\"@type\":\"ListItem\",\"position\":1,\"name\":\"Inicio\",\"item\":\"https:\\\/\\\/somos-hermanos.mx\\\/\"},{\"@type\":\"ListItem\",\"position\":2,\"name\":\"FEEDI IAP brinda educaci\u00f3n, rehabilitaci\u00f3n y asistencia social para la inclusi\u00f3n\"}]},{\"@type\":\"WebSite\",\"@id\":\"https:\\\/\\\/somos-hermanos.mx\\\/#website\",\"url\":\"https:\\\/\\\/somos-hermanos.mx\\\/\",\"name\":\"Historias que inspiran...\",\"description\":\"Somos la voz del altruismo en M\u00e9xico\",\"publisher\":{\"@id\":\"https:\\\/\\\/somos-hermanos.mx\\\/#organization\"},\"potentialAction\":[{\"@type\":\"SearchAction\",\"target\":{\"@type\":\"EntryPoint\",\"urlTemplate\":\"https:\\\/\\\/somos-hermanos.mx\\\/?s={search_term_string}\"},\"query-input\":{\"@type\":\"PropertyValueSpecification\",\"valueRequired\":true,\"valueName\":\"search_term_string\"}}],\"inLanguage\":\"es\"},{\"@type\":\"Organization\",\"@id\":\"https:\\\/\\\/somos-hermanos.mx\\\/#organization\",\"name\":\"Somos Hermanos\",\"url\":\"https:\\\/\\\/somos-hermanos.mx\\\/\",\"logo\":{\"@type\":\"ImageObject\",\"inLanguage\":\"es\",\"@id\":\"https:\\\/\\\/somos-hermanos.mx\\\/#\\\/schema\\\/logo\\\/image\\\/\",\"url\":\"https:\\\/\\\/somos-hermanos.mx\\\/wp-content\\\/uploads\\\/2025\\\/08\\\/SH30-1.jpeg\",\"contentUrl\":\"https:\\\/\\\/somos-hermanos.mx\\\/wp-content\\\/uploads\\\/2025\\\/08\\\/SH30-1.jpeg\",\"width\":1600,\"height\":1142,\"caption\":\"Somos Hermanos\"},\"image\":{\"@id\":\"https:\\\/\\\/somos-hermanos.mx\\\/#\\\/schema\\\/logo\\\/image\\\/\"},\"sameAs\":[\"https:\\\/\\\/www.facebook.com\\\/SomosHermanosIAP\\\/\",\"https:\\\/\\\/x.com\\\/Somos__Hermanos\",\"https:\\\/\\\/www.instagram.com\\\/somos__hermanos\\\/#\",\"https:\\\/\\\/www.tiktok.com\\\/@somoshermanosiap\",\"https:\\\/\\\/www.youtube.com\\\/@somoshermanosiap1201\\\/videos\"]},{\"@type\":\"Person\",\"@id\":\"https:\\\/\\\/somos-hermanos.mx\\\/#\\\/schema\\\/person\\\/2466d21e6ade208f45dbc821298d62b6\",\"name\":\"Carlos Hernandez Huerta\",\"image\":{\"@type\":\"ImageObject\",\"inLanguage\":\"es\",\"@id\":\"https:\\\/\\\/secure.gravatar.com\\\/avatar\\\/51f6e8e89626306c560ccd8823655e34da99a1f976b5f71bb93591c6b45fd128?s=96&d=mm&r=g\",\"url\":\"https:\\\/\\\/secure.gravatar.com\\\/avatar\\\/51f6e8e89626306c560ccd8823655e34da99a1f976b5f71bb93591c6b45fd128?s=96&d=mm&r=g\",\"contentUrl\":\"https:\\\/\\\/secure.gravatar.com\\\/avatar\\\/51f6e8e89626306c560ccd8823655e34da99a1f976b5f71bb93591c6b45fd128?s=96&d=mm&r=g\",\"caption\":\"Carlos Hernandez Huerta\"},\"url\":\"https:\\\/\\\/somos-hermanos.mx\\\/index.php\\\/author\\\/carlos-hernandez-huerta\\\/\"}]}<\/script>\n<!-- \/ Yoast SEO plugin. -->","yoast_head_json":{"title":"FEEDI IAP brinda educaci\u00f3n, rehabilitaci\u00f3n y asistencia social para la inclusi\u00f3n - Historias que inspiran...","robots":{"index":"index","follow":"follow","max-snippet":"max-snippet:-1","max-image-preview":"max-image-preview:large","max-video-preview":"max-video-preview:-1"},"canonical":"https:\/\/somos-hermanos.mx\/index.php\/2025\/08\/04\/feedi-iap-brinda-educacion-rehabilitacion-y-asistencia-social-para-la-inclusion\/","og_locale":"es_MX","og_type":"article","og_title":"FEEDI IAP brinda educaci\u00f3n, rehabilitaci\u00f3n y asistencia social para la inclusi\u00f3n - Historias que inspiran...","og_description":"En M\u00e9xico la poblaci\u00f3n con discapacidad es uno de los grupos m\u00e1s rezagados y vulnerables en la sociedad. De acuerdo a las estad\u00edsticas cerca del 50% de PCD viven en pobreza. De este porcentaje, el 48% se encuentra en rezago educativo y dos de cada diez personas no saben leer o escribir. Y 25% reporta [&hellip;]","og_url":"https:\/\/somos-hermanos.mx\/index.php\/2025\/08\/04\/feedi-iap-brinda-educacion-rehabilitacion-y-asistencia-social-para-la-inclusion\/","og_site_name":"Historias que inspiran...","article_publisher":"https:\/\/www.facebook.com\/SomosHermanosIAP\/","article_published_time":"2025-08-04T09:20:53+00:00","og_image":[{"width":421,"height":421,"url":"https:\/\/somos-hermanos.mx\/wp-content\/uploads\/2025\/08\/fee.jpeg","type":"image\/jpeg"}],"author":"Carlos Hernandez Huerta","twitter_card":"summary_large_image","twitter_creator":"@Somos__Hermanos","twitter_site":"@Somos__Hermanos","twitter_misc":{"Escrito por":"Carlos Hernandez Huerta","Tiempo de lectura":"2 minutos"},"schema":{"@context":"https:\/\/schema.org","@graph":[{"@type":"Article","@id":"https:\/\/somos-hermanos.mx\/index.php\/2025\/08\/04\/feedi-iap-brinda-educacion-rehabilitacion-y-asistencia-social-para-la-inclusion\/#article","isPartOf":{"@id":"https:\/\/somos-hermanos.mx\/index.php\/2025\/08\/04\/feedi-iap-brinda-educacion-rehabilitacion-y-asistencia-social-para-la-inclusion\/"},"author":{"name":"Carlos Hernandez Huerta","@id":"https:\/\/somos-hermanos.mx\/#\/schema\/person\/2466d21e6ade208f45dbc821298d62b6"},"headline":"FEEDI IAP brinda educaci\u00f3n, rehabilitaci\u00f3n y asistencia social para la inclusi\u00f3n","datePublished":"2025-08-04T09:20:53+00:00","mainEntityOfPage":{"@id":"https:\/\/somos-hermanos.mx\/index.php\/2025\/08\/04\/feedi-iap-brinda-educacion-rehabilitacion-y-asistencia-social-para-la-inclusion\/"},"wordCount":424,"commentCount":0,"publisher":{"@id":"https:\/\/somos-hermanos.mx\/#organization"},"image":{"@id":"https:\/\/somos-hermanos.mx\/index.php\/2025\/08\/04\/feedi-iap-brinda-educacion-rehabilitacion-y-asistencia-social-para-la-inclusion\/#primaryimage"},"thumbnailUrl":"https:\/\/somos-hermanos.mx\/wp-content\/uploads\/2025\/08\/fee.jpeg","articleSection":["Noticias"],"inLanguage":"es","potentialAction":[{"@type":"CommentAction","name":"Comment","target":["https:\/\/somos-hermanos.mx\/index.php\/2025\/08\/04\/feedi-iap-brinda-educacion-rehabilitacion-y-asistencia-social-para-la-inclusion\/#respond"]}]},{"@type":"WebPage","@id":"https:\/\/somos-hermanos.mx\/index.php\/2025\/08\/04\/feedi-iap-brinda-educacion-rehabilitacion-y-asistencia-social-para-la-inclusion\/","url":"https:\/\/somos-hermanos.mx\/index.php\/2025\/08\/04\/feedi-iap-brinda-educacion-rehabilitacion-y-asistencia-social-para-la-inclusion\/","name":"FEEDI IAP brinda educaci\u00f3n, rehabilitaci\u00f3n y asistencia social para la inclusi\u00f3n - Historias que inspiran...","isPartOf":{"@id":"https:\/\/somos-hermanos.mx\/#website"},"primaryImageOfPage":{"@id":"https:\/\/somos-hermanos.mx\/index.php\/2025\/08\/04\/feedi-iap-brinda-educacion-rehabilitacion-y-asistencia-social-para-la-inclusion\/#primaryimage"},"image":{"@id":"https:\/\/somos-hermanos.mx\/index.php\/2025\/08\/04\/feedi-iap-brinda-educacion-rehabilitacion-y-asistencia-social-para-la-inclusion\/#primaryimage"},"thumbnailUrl":"https:\/\/somos-hermanos.mx\/wp-content\/uploads\/2025\/08\/fee.jpeg","datePublished":"2025-08-04T09:20:53+00:00","breadcrumb":{"@id":"https:\/\/somos-hermanos.mx\/index.php\/2025\/08\/04\/feedi-iap-brinda-educacion-rehabilitacion-y-asistencia-social-para-la-inclusion\/#breadcrumb"},"inLanguage":"es","potentialAction":[{"@type":"ReadAction","target":["https:\/\/somos-hermanos.mx\/index.php\/2025\/08\/04\/feedi-iap-brinda-educacion-rehabilitacion-y-asistencia-social-para-la-inclusion\/"]}]},{"@type":"ImageObject","inLanguage":"es","@id":"https:\/\/somos-hermanos.mx\/index.php\/2025\/08\/04\/feedi-iap-brinda-educacion-rehabilitacion-y-asistencia-social-para-la-inclusion\/#primaryimage","url":"https:\/\/somos-hermanos.mx\/wp-content\/uploads\/2025\/08\/fee.jpeg","contentUrl":"https:\/\/somos-hermanos.mx\/wp-content\/uploads\/2025\/08\/fee.jpeg","width":421,"height":421},{"@type":"BreadcrumbList","@id":"https:\/\/somos-hermanos.mx\/index.php\/2025\/08\/04\/feedi-iap-brinda-educacion-rehabilitacion-y-asistencia-social-para-la-inclusion\/#breadcrumb","itemListElement":[{"@type":"ListItem","position":1,"name":"Inicio","item":"https:\/\/somos-hermanos.mx\/"},{"@type":"ListItem","position":2,"name":"FEEDI IAP brinda educaci\u00f3n, rehabilitaci\u00f3n y asistencia social para la inclusi\u00f3n"}]},{"@type":"WebSite","@id":"https:\/\/somos-hermanos.mx\/#website","url":"https:\/\/somos-hermanos.mx\/","name":"Historias que inspiran...","description":"Somos la voz del altruismo en M\u00e9xico","publisher":{"@id":"https:\/\/somos-hermanos.mx\/#organization"},"potentialAction":[{"@type":"SearchAction","target":{"@type":"EntryPoint","urlTemplate":"https:\/\/somos-hermanos.mx\/?s={search_term_string}"},"query-input":{"@type":"PropertyValueSpecification","valueRequired":true,"valueName":"search_term_string"}}],"inLanguage":"es"},{"@type":"Organization","@id":"https:\/\/somos-hermanos.mx\/#organization","name":"Somos Hermanos","url":"https:\/\/somos-hermanos.mx\/","logo":{"@type":"ImageObject","inLanguage":"es","@id":"https:\/\/somos-hermanos.mx\/#\/schema\/logo\/image\/","url":"https:\/\/somos-hermanos.mx\/wp-content\/uploads\/2025\/08\/SH30-1.jpeg","contentUrl":"https:\/\/somos-hermanos.mx\/wp-content\/uploads\/2025\/08\/SH30-1.jpeg","width":1600,"height":1142,"caption":"Somos Hermanos"},"image":{"@id":"https:\/\/somos-hermanos.mx\/#\/schema\/logo\/image\/"},"sameAs":["https:\/\/www.facebook.com\/SomosHermanosIAP\/","https:\/\/x.com\/Somos__Hermanos","https:\/\/www.instagram.com\/somos__hermanos\/#","https:\/\/www.tiktok.com\/@somoshermanosiap","https:\/\/www.youtube.com\/@somoshermanosiap1201\/videos"]},{"@type":"Person","@id":"https:\/\/somos-hermanos.mx\/#\/schema\/person\/2466d21e6ade208f45dbc821298d62b6","name":"Carlos Hernandez Huerta","image":{"@type":"ImageObject","inLanguage":"es","@id":"https:\/\/secure.gravatar.com\/avatar\/51f6e8e89626306c560ccd8823655e34da99a1f976b5f71bb93591c6b45fd128?s=96&d=mm&r=g","url":"https:\/\/secure.gravatar.com\/avatar\/51f6e8e89626306c560ccd8823655e34da99a1f976b5f71bb93591c6b45fd128?s=96&d=mm&r=g","contentUrl":"https:\/\/secure.gravatar.com\/avatar\/51f6e8e89626306c560ccd8823655e34da99a1f976b5f71bb93591c6b45fd128?s=96&d=mm&r=g","caption":"Carlos Hernandez Huerta"},"url":"https:\/\/somos-hermanos.mx\/index.php\/author\/carlos-hernandez-huerta\/"}]}},"_links":{"self":[{"href":"https:\/\/somos-hermanos.mx\/index.php\/wp-json\/wp\/v2\/posts\/905","targetHints":{"allow":["GET"]}}],"collection":[{"href":"https:\/\/somos-hermanos.mx\/index.php\/wp-json\/wp\/v2\/posts"}],"about":[{"href":"https:\/\/somos-hermanos.mx\/index.php\/wp-json\/wp\/v2\/types\/post"}],"author":[{"embeddable":true,"href":"https:\/\/somos-hermanos.mx\/index.php\/wp-json\/wp\/v2\/users\/10"}],"replies":[{"embeddable":true,"href":"https:\/\/somos-hermanos.mx\/index.php\/wp-json\/wp\/v2\/comments?post=905"}],"version-history":[{"count":1,"href":"https:\/\/somos-hermanos.mx\/index.php\/wp-json\/wp\/v2\/posts\/905\/revisions"}],"predecessor-version":[{"id":907,"href":"https:\/\/somos-hermanos.mx\/index.php\/wp-json\/wp\/v2\/posts\/905\/revisions\/907"}],"wp:featuredmedia":[{"embeddable":true,"href":"https:\/\/somos-hermanos.mx\/index.php\/wp-json\/wp\/v2\/media\/906"}],"wp:attachment":[{"href":"https:\/\/somos-hermanos.mx\/index.php\/wp-json\/wp\/v2\/media?parent=905"}],"wp:term":[{"taxonomy":"category","embeddable":true,"href":"https:\/\/somos-hermanos.mx\/index.php\/wp-json\/wp\/v2\/categories?post=905"},{"taxonomy":"post_tag","embeddable":true,"href":"https:\/\/somos-hermanos.mx\/index.php\/wp-json\/wp\/v2\/tags?post=905"}],"curies":[{"name":"wp","href":"https:\/\/api.w.org\/{rel}","templated":true}]}}