{"id":902,"date":"2025-08-04T03:19:55","date_gmt":"2025-08-04T09:19:55","guid":{"rendered":"https:\/\/somos-hermanos.mx\/?p=902"},"modified":"2025-08-04T03:19:55","modified_gmt":"2025-08-04T09:19:55","slug":"hogar-del-abuelo-maty-un-refugio-de-amor-nacido-del-corazon","status":"publish","type":"post","link":"https:\/\/somos-hermanos.mx\/index.php\/2025\/08\/04\/hogar-del-abuelo-maty-un-refugio-de-amor-nacido-del-corazon\/","title":{"rendered":"Hogar del Abuelo Maty: un refugio de amor, nacido del coraz\u00f3n"},"content":{"rendered":"<p>En una tranquila esquina de Aguascalientes, <strong>existe un lugar donde la ternura, el respeto y la calidez humana no han perdido vigencia con el paso del tiempo. <\/strong>Se trata del Hogar del Abuelo Maty, oficialmente conocido como Casa de Descanso para Ancianos Matilde Roubroy de Villanueva, un nombre largo, s\u00ed, pero cargado de historia, amor y prop\u00f3sito.<\/p>\n<p>Todo comenz\u00f3 con una hija y su madre. La se\u00f1ora Carolina Villanueva de Garc\u00eda <strong>vivi\u00f3 en carne propia lo que significa cuidar a un adulto mayor. <\/strong>La entrega, las noches en vela, la paciencia infinita&#8230; y tambi\u00e9n las preguntas dif\u00edciles: \u00bfQu\u00e9 pasa con quienes no tienen a alguien que los cuide? \u00bfC\u00f3mo envejecen aquellos que est\u00e1n solos?<\/p>\n<p>De ese cuestionamiento naci\u00f3 una idea, y de esa idea, una obra que ha trascendido generaciones. En honor a su madre, Carolina, con el apoyo de su hijo Carlos Garc\u00eda Villanueva, fund\u00f3 este hogar el 14 de febrero de 1981, una fecha simb\u00f3lica, perfecta para un proyecto que late al ritmo del amor.<\/p>\n<p>Pero no lo hizo sola. Se unieron las Hijas de la Caridad de San Vicente de Paul, una congregaci\u00f3n cuya misi\u00f3n encajaba como anillo al dedo: <strong>cuidar, con amor y dignidad, a los m\u00e1s vulnerables.<\/strong>\u00a0A la par, se conform\u00f3 un patronato generoso y comprometido con miembros destacados del estado, todos con un mismo objetivo: dignificar la vejez.<\/p>\n<p>Tras el fallecimiento de la fundadora en 2002, su hijo Carlos tom\u00f3 las riendas de la instituci\u00f3n, con la firme promesa de mantener viva la visi\u00f3n de su madre. Hoy, sigue liderando esta noble misi\u00f3n, asegurando que cada abuelo que cruza sus puertas reciba no s\u00f3lo atenci\u00f3n m\u00e9dica, sino tambi\u00e9n cari\u00f1o, compa\u00f1\u00eda y un lugar donde sentirse en casa.<\/p>\n<p>A lo largo de los a\u00f1os, <strong>el Hogar del Abuelo Maty ha sido testigo de cientos de historias, de abrazos, de sonrisas, de despedidas.<\/strong>\u00a0Y tambi\u00e9n ha recibido el valioso respaldo de instituciones p\u00fablicas y privadas que creen en su causa.<\/p>\n<p>Porque en este hogar, cada persona cuenta una historia&#8230; y cada historia merece ser honrada con dignidad.<\/p>\n<p>Si deseas conocer m\u00e1s sobre este incre\u00edble lugar, a continuaci\u00f3n te dejamos el link de su p\u00e1gina oficial para que puedas darte una vuelta y admirar este gran lugar <a href=\"https:\/\/www.hogardelabuelomaty.org\/\"><u>https:\/\/www.hogardelabuelomaty.org\/<\/u><\/a>.<\/p>\n","protected":false},"excerpt":{"rendered":"<p>En una tranquila esquina de Aguascalientes, existe un lugar donde la ternura, el respeto y la calidez humana no han perdido vigencia con el paso del tiempo. Se trata del Hogar del Abuelo Maty, oficialmente conocido como Casa de Descanso para Ancianos Matilde Roubroy de Villanueva, un nombre largo, s\u00ed, pero cargado de historia, amor [&hellip;]<\/p>\n","protected":false},"author":16,"featured_media":903,"comment_status":"open","ping_status":"closed","sticky":false,"template":"","format":"standard","meta":{"footnotes":""},"categories":[6],"tags":[],"class_list":["post-902","post","type-post","status-publish","format-standard","has-post-thumbnail","hentry","category-noticias"],"yoast_head":"<!-- This site is optimized with the Yoast SEO plugin v27.5 - https:\/\/yoast.com\/product\/yoast-seo-wordpress\/ -->\n<title>Hogar del Abuelo Maty: un refugio de amor, nacido del coraz\u00f3n - Historias que inspiran...<\/title>\n<meta name=\"robots\" content=\"index, follow, max-snippet:-1, max-image-preview:large, max-video-preview:-1\" \/>\n<link rel=\"canonical\" href=\"https:\/\/somos-hermanos.mx\/index.php\/2025\/08\/04\/hogar-del-abuelo-maty-un-refugio-de-amor-nacido-del-corazon\/\" \/>\n<meta property=\"og:locale\" content=\"es_MX\" \/>\n<meta property=\"og:type\" content=\"article\" \/>\n<meta property=\"og:title\" content=\"Hogar del Abuelo Maty: un refugio de amor, nacido del coraz\u00f3n - Historias que inspiran...\" \/>\n<meta property=\"og:description\" content=\"En una tranquila esquina de Aguascalientes, existe un lugar donde la ternura, el respeto y la calidez humana no han perdido vigencia con el paso del tiempo. Se trata del Hogar del Abuelo Maty, oficialmente conocido como Casa de Descanso para Ancianos Matilde Roubroy de Villanueva, un nombre largo, s\u00ed, pero cargado de historia, amor [&hellip;]\" \/>\n<meta property=\"og:url\" content=\"https:\/\/somos-hermanos.mx\/index.php\/2025\/08\/04\/hogar-del-abuelo-maty-un-refugio-de-amor-nacido-del-corazon\/\" \/>\n<meta property=\"og:site_name\" content=\"Historias que inspiran...\" \/>\n<meta property=\"article:publisher\" content=\"https:\/\/www.facebook.com\/SomosHermanosIAP\/\" \/>\n<meta property=\"article:published_time\" content=\"2025-08-04T09:19:55+00:00\" \/>\n<meta property=\"og:image\" content=\"https:\/\/somos-hermanos.mx\/wp-content\/uploads\/2025\/08\/maty2.jpeg\" \/>\n\t<meta property=\"og:image:width\" content=\"1080\" \/>\n\t<meta property=\"og:image:height\" content=\"1350\" \/>\n\t<meta property=\"og:image:type\" content=\"image\/jpeg\" \/>\n<meta name=\"author\" content=\"Jorge Plascencia Gonz\u00e1lez\" \/>\n<meta name=\"twitter:card\" content=\"summary_large_image\" \/>\n<meta name=\"twitter:creator\" content=\"@Somos__Hermanos\" \/>\n<meta name=\"twitter:site\" content=\"@Somos__Hermanos\" \/>\n<meta name=\"twitter:label1\" content=\"Escrito por\" \/>\n\t<meta name=\"twitter:data1\" content=\"Jorge Plascencia Gonz\u00e1lez\" \/>\n\t<meta name=\"twitter:label2\" content=\"Tiempo de lectura\" \/>\n\t<meta name=\"twitter:data2\" content=\"2 minutos\" \/>\n<script type=\"application\/ld+json\" class=\"yoast-schema-graph\">{\"@context\":\"https:\\\/\\\/schema.org\",\"@graph\":[{\"@type\":\"Article\",\"@id\":\"https:\\\/\\\/somos-hermanos.mx\\\/index.php\\\/2025\\\/08\\\/04\\\/hogar-del-abuelo-maty-un-refugio-de-amor-nacido-del-corazon\\\/#article\",\"isPartOf\":{\"@id\":\"https:\\\/\\\/somos-hermanos.mx\\\/index.php\\\/2025\\\/08\\\/04\\\/hogar-del-abuelo-maty-un-refugio-de-amor-nacido-del-corazon\\\/\"},\"author\":{\"name\":\"Jorge Plascencia Gonz\u00e1lez\",\"@id\":\"https:\\\/\\\/somos-hermanos.mx\\\/#\\\/schema\\\/person\\\/310a45203a309f04e24f754c2ffd78b2\"},\"headline\":\"Hogar del Abuelo Maty: un refugio de amor, nacido del coraz\u00f3n\",\"datePublished\":\"2025-08-04T09:19:55+00:00\",\"mainEntityOfPage\":{\"@id\":\"https:\\\/\\\/somos-hermanos.mx\\\/index.php\\\/2025\\\/08\\\/04\\\/hogar-del-abuelo-maty-un-refugio-de-amor-nacido-del-corazon\\\/\"},\"wordCount\":412,\"commentCount\":0,\"publisher\":{\"@id\":\"https:\\\/\\\/somos-hermanos.mx\\\/#organization\"},\"image\":{\"@id\":\"https:\\\/\\\/somos-hermanos.mx\\\/index.php\\\/2025\\\/08\\\/04\\\/hogar-del-abuelo-maty-un-refugio-de-amor-nacido-del-corazon\\\/#primaryimage\"},\"thumbnailUrl\":\"https:\\\/\\\/somos-hermanos.mx\\\/wp-content\\\/uploads\\\/2025\\\/08\\\/maty2.jpeg\",\"articleSection\":[\"Noticias\"],\"inLanguage\":\"es\",\"potentialAction\":[{\"@type\":\"CommentAction\",\"name\":\"Comment\",\"target\":[\"https:\\\/\\\/somos-hermanos.mx\\\/index.php\\\/2025\\\/08\\\/04\\\/hogar-del-abuelo-maty-un-refugio-de-amor-nacido-del-corazon\\\/#respond\"]}]},{\"@type\":\"WebPage\",\"@id\":\"https:\\\/\\\/somos-hermanos.mx\\\/index.php\\\/2025\\\/08\\\/04\\\/hogar-del-abuelo-maty-un-refugio-de-amor-nacido-del-corazon\\\/\",\"url\":\"https:\\\/\\\/somos-hermanos.mx\\\/index.php\\\/2025\\\/08\\\/04\\\/hogar-del-abuelo-maty-un-refugio-de-amor-nacido-del-corazon\\\/\",\"name\":\"Hogar del Abuelo Maty: un refugio de amor, nacido del coraz\u00f3n - Historias que inspiran...\",\"isPartOf\":{\"@id\":\"https:\\\/\\\/somos-hermanos.mx\\\/#website\"},\"primaryImageOfPage\":{\"@id\":\"https:\\\/\\\/somos-hermanos.mx\\\/index.php\\\/2025\\\/08\\\/04\\\/hogar-del-abuelo-maty-un-refugio-de-amor-nacido-del-corazon\\\/#primaryimage\"},\"image\":{\"@id\":\"https:\\\/\\\/somos-hermanos.mx\\\/index.php\\\/2025\\\/08\\\/04\\\/hogar-del-abuelo-maty-un-refugio-de-amor-nacido-del-corazon\\\/#primaryimage\"},\"thumbnailUrl\":\"https:\\\/\\\/somos-hermanos.mx\\\/wp-content\\\/uploads\\\/2025\\\/08\\\/maty2.jpeg\",\"datePublished\":\"2025-08-04T09:19:55+00:00\",\"breadcrumb\":{\"@id\":\"https:\\\/\\\/somos-hermanos.mx\\\/index.php\\\/2025\\\/08\\\/04\\\/hogar-del-abuelo-maty-un-refugio-de-amor-nacido-del-corazon\\\/#breadcrumb\"},\"inLanguage\":\"es\",\"potentialAction\":[{\"@type\":\"ReadAction\",\"target\":[\"https:\\\/\\\/somos-hermanos.mx\\\/index.php\\\/2025\\\/08\\\/04\\\/hogar-del-abuelo-maty-un-refugio-de-amor-nacido-del-corazon\\\/\"]}]},{\"@type\":\"ImageObject\",\"inLanguage\":\"es\",\"@id\":\"https:\\\/\\\/somos-hermanos.mx\\\/index.php\\\/2025\\\/08\\\/04\\\/hogar-del-abuelo-maty-un-refugio-de-amor-nacido-del-corazon\\\/#primaryimage\",\"url\":\"https:\\\/\\\/somos-hermanos.mx\\\/wp-content\\\/uploads\\\/2025\\\/08\\\/maty2.jpeg\",\"contentUrl\":\"https:\\\/\\\/somos-hermanos.mx\\\/wp-content\\\/uploads\\\/2025\\\/08\\\/maty2.jpeg\",\"width\":1080,\"height\":1350},{\"@type\":\"BreadcrumbList\",\"@id\":\"https:\\\/\\\/somos-hermanos.mx\\\/index.php\\\/2025\\\/08\\\/04\\\/hogar-del-abuelo-maty-un-refugio-de-amor-nacido-del-corazon\\\/#breadcrumb\",\"itemListElement\":[{\"@type\":\"ListItem\",\"position\":1,\"name\":\"Inicio\",\"item\":\"https:\\\/\\\/somos-hermanos.mx\\\/\"},{\"@type\":\"ListItem\",\"position\":2,\"name\":\"Hogar del Abuelo Maty: un refugio de amor, nacido del coraz\u00f3n\"}]},{\"@type\":\"WebSite\",\"@id\":\"https:\\\/\\\/somos-hermanos.mx\\\/#website\",\"url\":\"https:\\\/\\\/somos-hermanos.mx\\\/\",\"name\":\"Historias que inspiran...\",\"description\":\"Somos la voz del altruismo en M\u00e9xico\",\"publisher\":{\"@id\":\"https:\\\/\\\/somos-hermanos.mx\\\/#organization\"},\"potentialAction\":[{\"@type\":\"SearchAction\",\"target\":{\"@type\":\"EntryPoint\",\"urlTemplate\":\"https:\\\/\\\/somos-hermanos.mx\\\/?s={search_term_string}\"},\"query-input\":{\"@type\":\"PropertyValueSpecification\",\"valueRequired\":true,\"valueName\":\"search_term_string\"}}],\"inLanguage\":\"es\"},{\"@type\":\"Organization\",\"@id\":\"https:\\\/\\\/somos-hermanos.mx\\\/#organization\",\"name\":\"Somos Hermanos\",\"url\":\"https:\\\/\\\/somos-hermanos.mx\\\/\",\"logo\":{\"@type\":\"ImageObject\",\"inLanguage\":\"es\",\"@id\":\"https:\\\/\\\/somos-hermanos.mx\\\/#\\\/schema\\\/logo\\\/image\\\/\",\"url\":\"https:\\\/\\\/somos-hermanos.mx\\\/wp-content\\\/uploads\\\/2025\\\/08\\\/SH30-1.jpeg\",\"contentUrl\":\"https:\\\/\\\/somos-hermanos.mx\\\/wp-content\\\/uploads\\\/2025\\\/08\\\/SH30-1.jpeg\",\"width\":1600,\"height\":1142,\"caption\":\"Somos Hermanos\"},\"image\":{\"@id\":\"https:\\\/\\\/somos-hermanos.mx\\\/#\\\/schema\\\/logo\\\/image\\\/\"},\"sameAs\":[\"https:\\\/\\\/www.facebook.com\\\/SomosHermanosIAP\\\/\",\"https:\\\/\\\/x.com\\\/Somos__Hermanos\",\"https:\\\/\\\/www.instagram.com\\\/somos__hermanos\\\/#\",\"https:\\\/\\\/www.tiktok.com\\\/@somoshermanosiap\",\"https:\\\/\\\/www.youtube.com\\\/@somoshermanosiap1201\\\/videos\"]},{\"@type\":\"Person\",\"@id\":\"https:\\\/\\\/somos-hermanos.mx\\\/#\\\/schema\\\/person\\\/310a45203a309f04e24f754c2ffd78b2\",\"name\":\"Jorge Plascencia Gonz\u00e1lez\",\"image\":{\"@type\":\"ImageObject\",\"inLanguage\":\"es\",\"@id\":\"https:\\\/\\\/secure.gravatar.com\\\/avatar\\\/64861ec16c81c93b8ca0cb6e8211fcb69e209928bb5e8c177618e37513c17ed7?s=96&d=mm&r=g\",\"url\":\"https:\\\/\\\/secure.gravatar.com\\\/avatar\\\/64861ec16c81c93b8ca0cb6e8211fcb69e209928bb5e8c177618e37513c17ed7?s=96&d=mm&r=g\",\"contentUrl\":\"https:\\\/\\\/secure.gravatar.com\\\/avatar\\\/64861ec16c81c93b8ca0cb6e8211fcb69e209928bb5e8c177618e37513c17ed7?s=96&d=mm&r=g\",\"caption\":\"Jorge Plascencia Gonz\u00e1lez\"},\"url\":\"https:\\\/\\\/somos-hermanos.mx\\\/index.php\\\/author\\\/jorge-plascencia-gonzalez\\\/\"}]}<\/script>\n<!-- \/ Yoast SEO plugin. -->","yoast_head_json":{"title":"Hogar del Abuelo Maty: un refugio de amor, nacido del coraz\u00f3n - Historias que inspiran...","robots":{"index":"index","follow":"follow","max-snippet":"max-snippet:-1","max-image-preview":"max-image-preview:large","max-video-preview":"max-video-preview:-1"},"canonical":"https:\/\/somos-hermanos.mx\/index.php\/2025\/08\/04\/hogar-del-abuelo-maty-un-refugio-de-amor-nacido-del-corazon\/","og_locale":"es_MX","og_type":"article","og_title":"Hogar del Abuelo Maty: un refugio de amor, nacido del coraz\u00f3n - Historias que inspiran...","og_description":"En una tranquila esquina de Aguascalientes, existe un lugar donde la ternura, el respeto y la calidez humana no han perdido vigencia con el paso del tiempo. Se trata del Hogar del Abuelo Maty, oficialmente conocido como Casa de Descanso para Ancianos Matilde Roubroy de Villanueva, un nombre largo, s\u00ed, pero cargado de historia, amor [&hellip;]","og_url":"https:\/\/somos-hermanos.mx\/index.php\/2025\/08\/04\/hogar-del-abuelo-maty-un-refugio-de-amor-nacido-del-corazon\/","og_site_name":"Historias que inspiran...","article_publisher":"https:\/\/www.facebook.com\/SomosHermanosIAP\/","article_published_time":"2025-08-04T09:19:55+00:00","og_image":[{"width":1080,"height":1350,"url":"https:\/\/somos-hermanos.mx\/wp-content\/uploads\/2025\/08\/maty2.jpeg","type":"image\/jpeg"}],"author":"Jorge Plascencia Gonz\u00e1lez","twitter_card":"summary_large_image","twitter_creator":"@Somos__Hermanos","twitter_site":"@Somos__Hermanos","twitter_misc":{"Escrito por":"Jorge Plascencia Gonz\u00e1lez","Tiempo de lectura":"2 minutos"},"schema":{"@context":"https:\/\/schema.org","@graph":[{"@type":"Article","@id":"https:\/\/somos-hermanos.mx\/index.php\/2025\/08\/04\/hogar-del-abuelo-maty-un-refugio-de-amor-nacido-del-corazon\/#article","isPartOf":{"@id":"https:\/\/somos-hermanos.mx\/index.php\/2025\/08\/04\/hogar-del-abuelo-maty-un-refugio-de-amor-nacido-del-corazon\/"},"author":{"name":"Jorge Plascencia Gonz\u00e1lez","@id":"https:\/\/somos-hermanos.mx\/#\/schema\/person\/310a45203a309f04e24f754c2ffd78b2"},"headline":"Hogar del Abuelo Maty: un refugio de amor, nacido del coraz\u00f3n","datePublished":"2025-08-04T09:19:55+00:00","mainEntityOfPage":{"@id":"https:\/\/somos-hermanos.mx\/index.php\/2025\/08\/04\/hogar-del-abuelo-maty-un-refugio-de-amor-nacido-del-corazon\/"},"wordCount":412,"commentCount":0,"publisher":{"@id":"https:\/\/somos-hermanos.mx\/#organization"},"image":{"@id":"https:\/\/somos-hermanos.mx\/index.php\/2025\/08\/04\/hogar-del-abuelo-maty-un-refugio-de-amor-nacido-del-corazon\/#primaryimage"},"thumbnailUrl":"https:\/\/somos-hermanos.mx\/wp-content\/uploads\/2025\/08\/maty2.jpeg","articleSection":["Noticias"],"inLanguage":"es","potentialAction":[{"@type":"CommentAction","name":"Comment","target":["https:\/\/somos-hermanos.mx\/index.php\/2025\/08\/04\/hogar-del-abuelo-maty-un-refugio-de-amor-nacido-del-corazon\/#respond"]}]},{"@type":"WebPage","@id":"https:\/\/somos-hermanos.mx\/index.php\/2025\/08\/04\/hogar-del-abuelo-maty-un-refugio-de-amor-nacido-del-corazon\/","url":"https:\/\/somos-hermanos.mx\/index.php\/2025\/08\/04\/hogar-del-abuelo-maty-un-refugio-de-amor-nacido-del-corazon\/","name":"Hogar del Abuelo Maty: un refugio de amor, nacido del coraz\u00f3n - Historias que inspiran...","isPartOf":{"@id":"https:\/\/somos-hermanos.mx\/#website"},"primaryImageOfPage":{"@id":"https:\/\/somos-hermanos.mx\/index.php\/2025\/08\/04\/hogar-del-abuelo-maty-un-refugio-de-amor-nacido-del-corazon\/#primaryimage"},"image":{"@id":"https:\/\/somos-hermanos.mx\/index.php\/2025\/08\/04\/hogar-del-abuelo-maty-un-refugio-de-amor-nacido-del-corazon\/#primaryimage"},"thumbnailUrl":"https:\/\/somos-hermanos.mx\/wp-content\/uploads\/2025\/08\/maty2.jpeg","datePublished":"2025-08-04T09:19:55+00:00","breadcrumb":{"@id":"https:\/\/somos-hermanos.mx\/index.php\/2025\/08\/04\/hogar-del-abuelo-maty-un-refugio-de-amor-nacido-del-corazon\/#breadcrumb"},"inLanguage":"es","potentialAction":[{"@type":"ReadAction","target":["https:\/\/somos-hermanos.mx\/index.php\/2025\/08\/04\/hogar-del-abuelo-maty-un-refugio-de-amor-nacido-del-corazon\/"]}]},{"@type":"ImageObject","inLanguage":"es","@id":"https:\/\/somos-hermanos.mx\/index.php\/2025\/08\/04\/hogar-del-abuelo-maty-un-refugio-de-amor-nacido-del-corazon\/#primaryimage","url":"https:\/\/somos-hermanos.mx\/wp-content\/uploads\/2025\/08\/maty2.jpeg","contentUrl":"https:\/\/somos-hermanos.mx\/wp-content\/uploads\/2025\/08\/maty2.jpeg","width":1080,"height":1350},{"@type":"BreadcrumbList","@id":"https:\/\/somos-hermanos.mx\/index.php\/2025\/08\/04\/hogar-del-abuelo-maty-un-refugio-de-amor-nacido-del-corazon\/#breadcrumb","itemListElement":[{"@type":"ListItem","position":1,"name":"Inicio","item":"https:\/\/somos-hermanos.mx\/"},{"@type":"ListItem","position":2,"name":"Hogar del Abuelo Maty: un refugio de amor, nacido del coraz\u00f3n"}]},{"@type":"WebSite","@id":"https:\/\/somos-hermanos.mx\/#website","url":"https:\/\/somos-hermanos.mx\/","name":"Historias que inspiran...","description":"Somos la voz del altruismo en M\u00e9xico","publisher":{"@id":"https:\/\/somos-hermanos.mx\/#organization"},"potentialAction":[{"@type":"SearchAction","target":{"@type":"EntryPoint","urlTemplate":"https:\/\/somos-hermanos.mx\/?s={search_term_string}"},"query-input":{"@type":"PropertyValueSpecification","valueRequired":true,"valueName":"search_term_string"}}],"inLanguage":"es"},{"@type":"Organization","@id":"https:\/\/somos-hermanos.mx\/#organization","name":"Somos Hermanos","url":"https:\/\/somos-hermanos.mx\/","logo":{"@type":"ImageObject","inLanguage":"es","@id":"https:\/\/somos-hermanos.mx\/#\/schema\/logo\/image\/","url":"https:\/\/somos-hermanos.mx\/wp-content\/uploads\/2025\/08\/SH30-1.jpeg","contentUrl":"https:\/\/somos-hermanos.mx\/wp-content\/uploads\/2025\/08\/SH30-1.jpeg","width":1600,"height":1142,"caption":"Somos Hermanos"},"image":{"@id":"https:\/\/somos-hermanos.mx\/#\/schema\/logo\/image\/"},"sameAs":["https:\/\/www.facebook.com\/SomosHermanosIAP\/","https:\/\/x.com\/Somos__Hermanos","https:\/\/www.instagram.com\/somos__hermanos\/#","https:\/\/www.tiktok.com\/@somoshermanosiap","https:\/\/www.youtube.com\/@somoshermanosiap1201\/videos"]},{"@type":"Person","@id":"https:\/\/somos-hermanos.mx\/#\/schema\/person\/310a45203a309f04e24f754c2ffd78b2","name":"Jorge Plascencia Gonz\u00e1lez","image":{"@type":"ImageObject","inLanguage":"es","@id":"https:\/\/secure.gravatar.com\/avatar\/64861ec16c81c93b8ca0cb6e8211fcb69e209928bb5e8c177618e37513c17ed7?s=96&d=mm&r=g","url":"https:\/\/secure.gravatar.com\/avatar\/64861ec16c81c93b8ca0cb6e8211fcb69e209928bb5e8c177618e37513c17ed7?s=96&d=mm&r=g","contentUrl":"https:\/\/secure.gravatar.com\/avatar\/64861ec16c81c93b8ca0cb6e8211fcb69e209928bb5e8c177618e37513c17ed7?s=96&d=mm&r=g","caption":"Jorge Plascencia Gonz\u00e1lez"},"url":"https:\/\/somos-hermanos.mx\/index.php\/author\/jorge-plascencia-gonzalez\/"}]}},"_links":{"self":[{"href":"https:\/\/somos-hermanos.mx\/index.php\/wp-json\/wp\/v2\/posts\/902","targetHints":{"allow":["GET"]}}],"collection":[{"href":"https:\/\/somos-hermanos.mx\/index.php\/wp-json\/wp\/v2\/posts"}],"about":[{"href":"https:\/\/somos-hermanos.mx\/index.php\/wp-json\/wp\/v2\/types\/post"}],"author":[{"embeddable":true,"href":"https:\/\/somos-hermanos.mx\/index.php\/wp-json\/wp\/v2\/users\/16"}],"replies":[{"embeddable":true,"href":"https:\/\/somos-hermanos.mx\/index.php\/wp-json\/wp\/v2\/comments?post=902"}],"version-history":[{"count":1,"href":"https:\/\/somos-hermanos.mx\/index.php\/wp-json\/wp\/v2\/posts\/902\/revisions"}],"predecessor-version":[{"id":904,"href":"https:\/\/somos-hermanos.mx\/index.php\/wp-json\/wp\/v2\/posts\/902\/revisions\/904"}],"wp:featuredmedia":[{"embeddable":true,"href":"https:\/\/somos-hermanos.mx\/index.php\/wp-json\/wp\/v2\/media\/903"}],"wp:attachment":[{"href":"https:\/\/somos-hermanos.mx\/index.php\/wp-json\/wp\/v2\/media?parent=902"}],"wp:term":[{"taxonomy":"category","embeddable":true,"href":"https:\/\/somos-hermanos.mx\/index.php\/wp-json\/wp\/v2\/categories?post=902"},{"taxonomy":"post_tag","embeddable":true,"href":"https:\/\/somos-hermanos.mx\/index.php\/wp-json\/wp\/v2\/tags?post=902"}],"curies":[{"name":"wp","href":"https:\/\/api.w.org\/{rel}","templated":true}]}}