{"id":893,"date":"2025-08-04T03:16:19","date_gmt":"2025-08-04T09:16:19","guid":{"rendered":"https:\/\/somos-hermanos.mx\/?p=893"},"modified":"2025-08-04T03:16:19","modified_gmt":"2025-08-04T09:16:19","slug":"presentan-censo-sobre-bullying-por-apariencia-fisica","status":"publish","type":"post","link":"https:\/\/somos-hermanos.mx\/index.php\/2025\/08\/04\/presentan-censo-sobre-bullying-por-apariencia-fisica\/","title":{"rendered":"Presentan Censo sobre Bullying por apariencia f\u00edsica"},"content":{"rendered":"<p>\u201cComo tengo baja estatura a veces me molestan, me han dicho enana, hormiga, etc. Me molesta, pero siempre callo porque no me gusta hacer problemas\u201d. Este es solo alguno de los muchos testimonios que fueron escritos por estudiantes de diversos grados escolares que se encuestaron por el \u201c<strong>Censo sobre Bullying por apariencia f\u00edsica\u201d<\/strong>\u00a0que present\u00f3 la Fundaci\u00f3n en Movimiento AC.<\/p>\n<p>El acoso escolar (bullying) basado en la apariencia f\u00edsica se refiere a la\u00a0forma de acoso que tiene como objetivo la apariencia de una persona, como su tama\u00f1o, altura, aspecto f\u00edsico o cualquier caracter\u00edstica que se perciba como diferente.<\/p>\n<p>Al tener como recinto el <strong>Museo de Memoria y Tolerancia, <\/strong>ubicado en la Ciudad de M\u00e9xico, Reyna Monjaraz Guti\u00e9rrez, directora de Fundaci\u00f3n en Movimiento, destac\u00f3 que el primer censo sobre bullying por apariencia f\u00edsica,\u00a0se enfoca en identificar y analizar el acoso escolar (bullying) buscando promover una cultura de paz y prevenir la violencia.<\/p>\n<p>Apunt\u00f3 que el <strong>bullying por apariencia f\u00edsica puede causar graves da\u00f1os psicol\u00f3gicos y emocionales, <\/strong>adem\u00e1s de provocar baja autoestima, ansiedad, depresi\u00f3n, problemas de salud mental y trastornos alimenticios.<\/p>\n<p>\u00bfQu\u00e9 es?<\/p>\n<p><strong><b>Acoso por apariencia:<\/b><\/strong><\/p>\n<p>Es un tipo de acoso que se centra en caracter\u00edsticas f\u00edsicas de la persona, como el tama\u00f1o, la altura, el color de la piel, el sobrepeso o cualquier otra caracter\u00edstica que se desv\u00ede de lo que se considera &#8220;est\u00e1ndar&#8221; o &#8220;normal&#8221;.<\/p>\n<p><strong><b>Burlas y humillaciones:<\/b><\/strong><\/p>\n<p>Incluye comentarios despectivos, burlas, insultos, y cualquier conducta que busca desestabilizar la autoestima y el bienestar emocional de la persona.<\/p>\n<p><strong><b>Consecuencias:<\/b><\/strong><\/p>\n<p>Puede tener un impacto significativo en la salud mental y emocional de la v\u00edctima, afectando su autoestima, confianza en s\u00ed misma, y generando sentimientos de ansiedad, depresi\u00f3n o aislamiento.<\/p>\n<p>La directora de Fundaci\u00f3n en Movimiento AC, inform\u00f3 que en este primer Censo sobre Bullying por apariencia f\u00edsica, <strong>se <\/strong><strong>entrevist\u00f3 a m\u00e1s de 45 mil estudiantes en edades de secundaria y preparatoria<\/strong>\u00a0de 298 escuelas de ocho estados del pa\u00eds.<\/p>\n<p>Los testimonios entregados por los 45,612 adolescentes son confidenciales y reflejan la mayor\u00eda de los casos (60.9%) de este tipo de violencia ocurre dentro del aula y que el 21.6 por ciento de los que la sufren ha dejado de asistir a clases por esa causa.<\/p>\n<p>Del mismo modo, los valientes testimonios de los adolescentes le permitieron a la fundaci\u00f3n conocer que <strong>solo el 15.6 por ciento de ellos recibi\u00f3 apoyo por parte de su escuela.<\/strong><\/p>\n<p>\u201cEste censo es un llamado urgente a las autoridades educativas, docentes y familias para reconocer y atender una forma de violencia que suele normalizarse, pero que tiene consecuencias graves en la salud mental y el rendimiento acad\u00e9mico\u201d, declar\u00f3 Reyna Monjaraz.<\/p>\n<p>El censo tambi\u00e9n mostr\u00f3 que el 35.7 por ciento de los docentes encuestados dijo no saber c\u00f3mo actuar ante el\u00a0<strong><b>bullying<\/b><\/strong>, lo que dificulta el control de clase y expone a los estudiantes a ser v\u00edctimas de sus propios compa\u00f1eros de aula.<\/p>\n<p>\u201cCuando los maestros act\u00faan, las familias recuperan la confianza en la escuela\u201d, afirm\u00f3 Monjaraz, quien subray\u00f3 que los resultados del censo deben verse como un punto de partida para transformar las aulas en espacios seguros e inclusivos.<\/p>\n<p>Adem\u00e1s de recabar datos, impartieron Talleres presenciales y virtuales sobre autocuidado, autoestima y habilidades socioemocionales, dirigidos a estudiantes, docentes y familias.<\/p>\n","protected":false},"excerpt":{"rendered":"<p>\u201cComo tengo baja estatura a veces me molestan, me han dicho enana, hormiga, etc. Me molesta, pero siempre callo porque no me gusta hacer problemas\u201d. Este es solo alguno de los muchos testimonios que fueron escritos por estudiantes de diversos grados escolares que se encuestaron por el \u201cCenso sobre Bullying por apariencia f\u00edsica\u201d\u00a0que present\u00f3 la [&hellip;]<\/p>\n","protected":false},"author":8,"featured_media":894,"comment_status":"open","ping_status":"closed","sticky":false,"template":"","format":"standard","meta":{"footnotes":""},"categories":[6],"tags":[],"class_list":["post-893","post","type-post","status-publish","format-standard","has-post-thumbnail","hentry","category-noticias"],"yoast_head":"<!-- This site is optimized with the Yoast SEO plugin v27.5 - https:\/\/yoast.com\/product\/yoast-seo-wordpress\/ -->\n<title>Presentan Censo sobre Bullying por apariencia f\u00edsica - Historias que inspiran...<\/title>\n<meta name=\"robots\" content=\"index, follow, max-snippet:-1, max-image-preview:large, max-video-preview:-1\" \/>\n<link rel=\"canonical\" href=\"https:\/\/somos-hermanos.mx\/index.php\/2025\/08\/04\/presentan-censo-sobre-bullying-por-apariencia-fisica\/\" \/>\n<meta property=\"og:locale\" content=\"es_MX\" \/>\n<meta property=\"og:type\" content=\"article\" \/>\n<meta property=\"og:title\" content=\"Presentan Censo sobre Bullying por apariencia f\u00edsica - Historias que inspiran...\" \/>\n<meta property=\"og:description\" content=\"\u201cComo tengo baja estatura a veces me molestan, me han dicho enana, hormiga, etc. Me molesta, pero siempre callo porque no me gusta hacer problemas\u201d. Este es solo alguno de los muchos testimonios que fueron escritos por estudiantes de diversos grados escolares que se encuestaron por el \u201cCenso sobre Bullying por apariencia f\u00edsica\u201d\u00a0que present\u00f3 la [&hellip;]\" \/>\n<meta property=\"og:url\" content=\"https:\/\/somos-hermanos.mx\/index.php\/2025\/08\/04\/presentan-censo-sobre-bullying-por-apariencia-fisica\/\" \/>\n<meta property=\"og:site_name\" content=\"Historias que inspiran...\" \/>\n<meta property=\"article:publisher\" content=\"https:\/\/www.facebook.com\/SomosHermanosIAP\/\" \/>\n<meta property=\"article:published_time\" content=\"2025-08-04T09:16:19+00:00\" \/>\n<meta property=\"og:image\" content=\"https:\/\/somos-hermanos.mx\/wp-content\/uploads\/2025\/08\/funmov.jpeg\" \/>\n\t<meta property=\"og:image:width\" content=\"1332\" \/>\n\t<meta property=\"og:image:height\" content=\"508\" \/>\n\t<meta property=\"og:image:type\" content=\"image\/jpeg\" \/>\n<meta name=\"author\" content=\"Jes\u00fas Arizmendi\" \/>\n<meta name=\"twitter:card\" content=\"summary_large_image\" \/>\n<meta name=\"twitter:creator\" content=\"@Somos__Hermanos\" \/>\n<meta name=\"twitter:site\" content=\"@Somos__Hermanos\" \/>\n<meta name=\"twitter:label1\" content=\"Escrito por\" \/>\n\t<meta name=\"twitter:data1\" content=\"Jes\u00fas Arizmendi\" \/>\n\t<meta name=\"twitter:label2\" content=\"Tiempo de lectura\" \/>\n\t<meta name=\"twitter:data2\" content=\"3 minutos\" \/>\n<script type=\"application\/ld+json\" class=\"yoast-schema-graph\">{\"@context\":\"https:\\\/\\\/schema.org\",\"@graph\":[{\"@type\":\"Article\",\"@id\":\"https:\\\/\\\/somos-hermanos.mx\\\/index.php\\\/2025\\\/08\\\/04\\\/presentan-censo-sobre-bullying-por-apariencia-fisica\\\/#article\",\"isPartOf\":{\"@id\":\"https:\\\/\\\/somos-hermanos.mx\\\/index.php\\\/2025\\\/08\\\/04\\\/presentan-censo-sobre-bullying-por-apariencia-fisica\\\/\"},\"author\":{\"name\":\"Jes\u00fas Arizmendi\",\"@id\":\"https:\\\/\\\/somos-hermanos.mx\\\/#\\\/schema\\\/person\\\/945cdfed39314d9db1242f593aecb908\"},\"headline\":\"Presentan Censo sobre Bullying por apariencia f\u00edsica\",\"datePublished\":\"2025-08-04T09:16:19+00:00\",\"mainEntityOfPage\":{\"@id\":\"https:\\\/\\\/somos-hermanos.mx\\\/index.php\\\/2025\\\/08\\\/04\\\/presentan-censo-sobre-bullying-por-apariencia-fisica\\\/\"},\"wordCount\":573,\"commentCount\":0,\"publisher\":{\"@id\":\"https:\\\/\\\/somos-hermanos.mx\\\/#organization\"},\"image\":{\"@id\":\"https:\\\/\\\/somos-hermanos.mx\\\/index.php\\\/2025\\\/08\\\/04\\\/presentan-censo-sobre-bullying-por-apariencia-fisica\\\/#primaryimage\"},\"thumbnailUrl\":\"https:\\\/\\\/somos-hermanos.mx\\\/wp-content\\\/uploads\\\/2025\\\/08\\\/funmov.jpeg\",\"articleSection\":[\"Noticias\"],\"inLanguage\":\"es\",\"potentialAction\":[{\"@type\":\"CommentAction\",\"name\":\"Comment\",\"target\":[\"https:\\\/\\\/somos-hermanos.mx\\\/index.php\\\/2025\\\/08\\\/04\\\/presentan-censo-sobre-bullying-por-apariencia-fisica\\\/#respond\"]}]},{\"@type\":\"WebPage\",\"@id\":\"https:\\\/\\\/somos-hermanos.mx\\\/index.php\\\/2025\\\/08\\\/04\\\/presentan-censo-sobre-bullying-por-apariencia-fisica\\\/\",\"url\":\"https:\\\/\\\/somos-hermanos.mx\\\/index.php\\\/2025\\\/08\\\/04\\\/presentan-censo-sobre-bullying-por-apariencia-fisica\\\/\",\"name\":\"Presentan Censo sobre Bullying por apariencia f\u00edsica - Historias que inspiran...\",\"isPartOf\":{\"@id\":\"https:\\\/\\\/somos-hermanos.mx\\\/#website\"},\"primaryImageOfPage\":{\"@id\":\"https:\\\/\\\/somos-hermanos.mx\\\/index.php\\\/2025\\\/08\\\/04\\\/presentan-censo-sobre-bullying-por-apariencia-fisica\\\/#primaryimage\"},\"image\":{\"@id\":\"https:\\\/\\\/somos-hermanos.mx\\\/index.php\\\/2025\\\/08\\\/04\\\/presentan-censo-sobre-bullying-por-apariencia-fisica\\\/#primaryimage\"},\"thumbnailUrl\":\"https:\\\/\\\/somos-hermanos.mx\\\/wp-content\\\/uploads\\\/2025\\\/08\\\/funmov.jpeg\",\"datePublished\":\"2025-08-04T09:16:19+00:00\",\"breadcrumb\":{\"@id\":\"https:\\\/\\\/somos-hermanos.mx\\\/index.php\\\/2025\\\/08\\\/04\\\/presentan-censo-sobre-bullying-por-apariencia-fisica\\\/#breadcrumb\"},\"inLanguage\":\"es\",\"potentialAction\":[{\"@type\":\"ReadAction\",\"target\":[\"https:\\\/\\\/somos-hermanos.mx\\\/index.php\\\/2025\\\/08\\\/04\\\/presentan-censo-sobre-bullying-por-apariencia-fisica\\\/\"]}]},{\"@type\":\"ImageObject\",\"inLanguage\":\"es\",\"@id\":\"https:\\\/\\\/somos-hermanos.mx\\\/index.php\\\/2025\\\/08\\\/04\\\/presentan-censo-sobre-bullying-por-apariencia-fisica\\\/#primaryimage\",\"url\":\"https:\\\/\\\/somos-hermanos.mx\\\/wp-content\\\/uploads\\\/2025\\\/08\\\/funmov.jpeg\",\"contentUrl\":\"https:\\\/\\\/somos-hermanos.mx\\\/wp-content\\\/uploads\\\/2025\\\/08\\\/funmov.jpeg\",\"width\":1332,\"height\":508},{\"@type\":\"BreadcrumbList\",\"@id\":\"https:\\\/\\\/somos-hermanos.mx\\\/index.php\\\/2025\\\/08\\\/04\\\/presentan-censo-sobre-bullying-por-apariencia-fisica\\\/#breadcrumb\",\"itemListElement\":[{\"@type\":\"ListItem\",\"position\":1,\"name\":\"Inicio\",\"item\":\"https:\\\/\\\/somos-hermanos.mx\\\/\"},{\"@type\":\"ListItem\",\"position\":2,\"name\":\"Presentan Censo sobre Bullying por apariencia f\u00edsica\"}]},{\"@type\":\"WebSite\",\"@id\":\"https:\\\/\\\/somos-hermanos.mx\\\/#website\",\"url\":\"https:\\\/\\\/somos-hermanos.mx\\\/\",\"name\":\"Historias que inspiran...\",\"description\":\"Somos la voz del altruismo en M\u00e9xico\",\"publisher\":{\"@id\":\"https:\\\/\\\/somos-hermanos.mx\\\/#organization\"},\"potentialAction\":[{\"@type\":\"SearchAction\",\"target\":{\"@type\":\"EntryPoint\",\"urlTemplate\":\"https:\\\/\\\/somos-hermanos.mx\\\/?s={search_term_string}\"},\"query-input\":{\"@type\":\"PropertyValueSpecification\",\"valueRequired\":true,\"valueName\":\"search_term_string\"}}],\"inLanguage\":\"es\"},{\"@type\":\"Organization\",\"@id\":\"https:\\\/\\\/somos-hermanos.mx\\\/#organization\",\"name\":\"Somos Hermanos\",\"url\":\"https:\\\/\\\/somos-hermanos.mx\\\/\",\"logo\":{\"@type\":\"ImageObject\",\"inLanguage\":\"es\",\"@id\":\"https:\\\/\\\/somos-hermanos.mx\\\/#\\\/schema\\\/logo\\\/image\\\/\",\"url\":\"https:\\\/\\\/somos-hermanos.mx\\\/wp-content\\\/uploads\\\/2025\\\/08\\\/SH30-1.jpeg\",\"contentUrl\":\"https:\\\/\\\/somos-hermanos.mx\\\/wp-content\\\/uploads\\\/2025\\\/08\\\/SH30-1.jpeg\",\"width\":1600,\"height\":1142,\"caption\":\"Somos Hermanos\"},\"image\":{\"@id\":\"https:\\\/\\\/somos-hermanos.mx\\\/#\\\/schema\\\/logo\\\/image\\\/\"},\"sameAs\":[\"https:\\\/\\\/www.facebook.com\\\/SomosHermanosIAP\\\/\",\"https:\\\/\\\/x.com\\\/Somos__Hermanos\",\"https:\\\/\\\/www.instagram.com\\\/somos__hermanos\\\/#\",\"https:\\\/\\\/www.tiktok.com\\\/@somoshermanosiap\",\"https:\\\/\\\/www.youtube.com\\\/@somoshermanosiap1201\\\/videos\"]},{\"@type\":\"Person\",\"@id\":\"https:\\\/\\\/somos-hermanos.mx\\\/#\\\/schema\\\/person\\\/945cdfed39314d9db1242f593aecb908\",\"name\":\"Jes\u00fas Arizmendi\",\"image\":{\"@type\":\"ImageObject\",\"inLanguage\":\"es\",\"@id\":\"https:\\\/\\\/secure.gravatar.com\\\/avatar\\\/9d2f2284f2cc108aae42b8fdb13afa29b801f64001b731516b830e4926cc1b4b?s=96&d=mm&r=g\",\"url\":\"https:\\\/\\\/secure.gravatar.com\\\/avatar\\\/9d2f2284f2cc108aae42b8fdb13afa29b801f64001b731516b830e4926cc1b4b?s=96&d=mm&r=g\",\"contentUrl\":\"https:\\\/\\\/secure.gravatar.com\\\/avatar\\\/9d2f2284f2cc108aae42b8fdb13afa29b801f64001b731516b830e4926cc1b4b?s=96&d=mm&r=g\",\"caption\":\"Jes\u00fas Arizmendi\"},\"url\":\"https:\\\/\\\/somos-hermanos.mx\\\/index.php\\\/author\\\/jesus-arizmendi\\\/\"}]}<\/script>\n<!-- \/ Yoast SEO plugin. -->","yoast_head_json":{"title":"Presentan Censo sobre Bullying por apariencia f\u00edsica - Historias que inspiran...","robots":{"index":"index","follow":"follow","max-snippet":"max-snippet:-1","max-image-preview":"max-image-preview:large","max-video-preview":"max-video-preview:-1"},"canonical":"https:\/\/somos-hermanos.mx\/index.php\/2025\/08\/04\/presentan-censo-sobre-bullying-por-apariencia-fisica\/","og_locale":"es_MX","og_type":"article","og_title":"Presentan Censo sobre Bullying por apariencia f\u00edsica - Historias que inspiran...","og_description":"\u201cComo tengo baja estatura a veces me molestan, me han dicho enana, hormiga, etc. Me molesta, pero siempre callo porque no me gusta hacer problemas\u201d. Este es solo alguno de los muchos testimonios que fueron escritos por estudiantes de diversos grados escolares que se encuestaron por el \u201cCenso sobre Bullying por apariencia f\u00edsica\u201d\u00a0que present\u00f3 la [&hellip;]","og_url":"https:\/\/somos-hermanos.mx\/index.php\/2025\/08\/04\/presentan-censo-sobre-bullying-por-apariencia-fisica\/","og_site_name":"Historias que inspiran...","article_publisher":"https:\/\/www.facebook.com\/SomosHermanosIAP\/","article_published_time":"2025-08-04T09:16:19+00:00","og_image":[{"width":1332,"height":508,"url":"https:\/\/somos-hermanos.mx\/wp-content\/uploads\/2025\/08\/funmov.jpeg","type":"image\/jpeg"}],"author":"Jes\u00fas Arizmendi","twitter_card":"summary_large_image","twitter_creator":"@Somos__Hermanos","twitter_site":"@Somos__Hermanos","twitter_misc":{"Escrito por":"Jes\u00fas Arizmendi","Tiempo de lectura":"3 minutos"},"schema":{"@context":"https:\/\/schema.org","@graph":[{"@type":"Article","@id":"https:\/\/somos-hermanos.mx\/index.php\/2025\/08\/04\/presentan-censo-sobre-bullying-por-apariencia-fisica\/#article","isPartOf":{"@id":"https:\/\/somos-hermanos.mx\/index.php\/2025\/08\/04\/presentan-censo-sobre-bullying-por-apariencia-fisica\/"},"author":{"name":"Jes\u00fas Arizmendi","@id":"https:\/\/somos-hermanos.mx\/#\/schema\/person\/945cdfed39314d9db1242f593aecb908"},"headline":"Presentan Censo sobre Bullying por apariencia f\u00edsica","datePublished":"2025-08-04T09:16:19+00:00","mainEntityOfPage":{"@id":"https:\/\/somos-hermanos.mx\/index.php\/2025\/08\/04\/presentan-censo-sobre-bullying-por-apariencia-fisica\/"},"wordCount":573,"commentCount":0,"publisher":{"@id":"https:\/\/somos-hermanos.mx\/#organization"},"image":{"@id":"https:\/\/somos-hermanos.mx\/index.php\/2025\/08\/04\/presentan-censo-sobre-bullying-por-apariencia-fisica\/#primaryimage"},"thumbnailUrl":"https:\/\/somos-hermanos.mx\/wp-content\/uploads\/2025\/08\/funmov.jpeg","articleSection":["Noticias"],"inLanguage":"es","potentialAction":[{"@type":"CommentAction","name":"Comment","target":["https:\/\/somos-hermanos.mx\/index.php\/2025\/08\/04\/presentan-censo-sobre-bullying-por-apariencia-fisica\/#respond"]}]},{"@type":"WebPage","@id":"https:\/\/somos-hermanos.mx\/index.php\/2025\/08\/04\/presentan-censo-sobre-bullying-por-apariencia-fisica\/","url":"https:\/\/somos-hermanos.mx\/index.php\/2025\/08\/04\/presentan-censo-sobre-bullying-por-apariencia-fisica\/","name":"Presentan Censo sobre Bullying por apariencia f\u00edsica - Historias que inspiran...","isPartOf":{"@id":"https:\/\/somos-hermanos.mx\/#website"},"primaryImageOfPage":{"@id":"https:\/\/somos-hermanos.mx\/index.php\/2025\/08\/04\/presentan-censo-sobre-bullying-por-apariencia-fisica\/#primaryimage"},"image":{"@id":"https:\/\/somos-hermanos.mx\/index.php\/2025\/08\/04\/presentan-censo-sobre-bullying-por-apariencia-fisica\/#primaryimage"},"thumbnailUrl":"https:\/\/somos-hermanos.mx\/wp-content\/uploads\/2025\/08\/funmov.jpeg","datePublished":"2025-08-04T09:16:19+00:00","breadcrumb":{"@id":"https:\/\/somos-hermanos.mx\/index.php\/2025\/08\/04\/presentan-censo-sobre-bullying-por-apariencia-fisica\/#breadcrumb"},"inLanguage":"es","potentialAction":[{"@type":"ReadAction","target":["https:\/\/somos-hermanos.mx\/index.php\/2025\/08\/04\/presentan-censo-sobre-bullying-por-apariencia-fisica\/"]}]},{"@type":"ImageObject","inLanguage":"es","@id":"https:\/\/somos-hermanos.mx\/index.php\/2025\/08\/04\/presentan-censo-sobre-bullying-por-apariencia-fisica\/#primaryimage","url":"https:\/\/somos-hermanos.mx\/wp-content\/uploads\/2025\/08\/funmov.jpeg","contentUrl":"https:\/\/somos-hermanos.mx\/wp-content\/uploads\/2025\/08\/funmov.jpeg","width":1332,"height":508},{"@type":"BreadcrumbList","@id":"https:\/\/somos-hermanos.mx\/index.php\/2025\/08\/04\/presentan-censo-sobre-bullying-por-apariencia-fisica\/#breadcrumb","itemListElement":[{"@type":"ListItem","position":1,"name":"Inicio","item":"https:\/\/somos-hermanos.mx\/"},{"@type":"ListItem","position":2,"name":"Presentan Censo sobre Bullying por apariencia f\u00edsica"}]},{"@type":"WebSite","@id":"https:\/\/somos-hermanos.mx\/#website","url":"https:\/\/somos-hermanos.mx\/","name":"Historias que inspiran...","description":"Somos la voz del altruismo en M\u00e9xico","publisher":{"@id":"https:\/\/somos-hermanos.mx\/#organization"},"potentialAction":[{"@type":"SearchAction","target":{"@type":"EntryPoint","urlTemplate":"https:\/\/somos-hermanos.mx\/?s={search_term_string}"},"query-input":{"@type":"PropertyValueSpecification","valueRequired":true,"valueName":"search_term_string"}}],"inLanguage":"es"},{"@type":"Organization","@id":"https:\/\/somos-hermanos.mx\/#organization","name":"Somos Hermanos","url":"https:\/\/somos-hermanos.mx\/","logo":{"@type":"ImageObject","inLanguage":"es","@id":"https:\/\/somos-hermanos.mx\/#\/schema\/logo\/image\/","url":"https:\/\/somos-hermanos.mx\/wp-content\/uploads\/2025\/08\/SH30-1.jpeg","contentUrl":"https:\/\/somos-hermanos.mx\/wp-content\/uploads\/2025\/08\/SH30-1.jpeg","width":1600,"height":1142,"caption":"Somos Hermanos"},"image":{"@id":"https:\/\/somos-hermanos.mx\/#\/schema\/logo\/image\/"},"sameAs":["https:\/\/www.facebook.com\/SomosHermanosIAP\/","https:\/\/x.com\/Somos__Hermanos","https:\/\/www.instagram.com\/somos__hermanos\/#","https:\/\/www.tiktok.com\/@somoshermanosiap","https:\/\/www.youtube.com\/@somoshermanosiap1201\/videos"]},{"@type":"Person","@id":"https:\/\/somos-hermanos.mx\/#\/schema\/person\/945cdfed39314d9db1242f593aecb908","name":"Jes\u00fas Arizmendi","image":{"@type":"ImageObject","inLanguage":"es","@id":"https:\/\/secure.gravatar.com\/avatar\/9d2f2284f2cc108aae42b8fdb13afa29b801f64001b731516b830e4926cc1b4b?s=96&d=mm&r=g","url":"https:\/\/secure.gravatar.com\/avatar\/9d2f2284f2cc108aae42b8fdb13afa29b801f64001b731516b830e4926cc1b4b?s=96&d=mm&r=g","contentUrl":"https:\/\/secure.gravatar.com\/avatar\/9d2f2284f2cc108aae42b8fdb13afa29b801f64001b731516b830e4926cc1b4b?s=96&d=mm&r=g","caption":"Jes\u00fas Arizmendi"},"url":"https:\/\/somos-hermanos.mx\/index.php\/author\/jesus-arizmendi\/"}]}},"_links":{"self":[{"href":"https:\/\/somos-hermanos.mx\/index.php\/wp-json\/wp\/v2\/posts\/893","targetHints":{"allow":["GET"]}}],"collection":[{"href":"https:\/\/somos-hermanos.mx\/index.php\/wp-json\/wp\/v2\/posts"}],"about":[{"href":"https:\/\/somos-hermanos.mx\/index.php\/wp-json\/wp\/v2\/types\/post"}],"author":[{"embeddable":true,"href":"https:\/\/somos-hermanos.mx\/index.php\/wp-json\/wp\/v2\/users\/8"}],"replies":[{"embeddable":true,"href":"https:\/\/somos-hermanos.mx\/index.php\/wp-json\/wp\/v2\/comments?post=893"}],"version-history":[{"count":1,"href":"https:\/\/somos-hermanos.mx\/index.php\/wp-json\/wp\/v2\/posts\/893\/revisions"}],"predecessor-version":[{"id":895,"href":"https:\/\/somos-hermanos.mx\/index.php\/wp-json\/wp\/v2\/posts\/893\/revisions\/895"}],"wp:featuredmedia":[{"embeddable":true,"href":"https:\/\/somos-hermanos.mx\/index.php\/wp-json\/wp\/v2\/media\/894"}],"wp:attachment":[{"href":"https:\/\/somos-hermanos.mx\/index.php\/wp-json\/wp\/v2\/media?parent=893"}],"wp:term":[{"taxonomy":"category","embeddable":true,"href":"https:\/\/somos-hermanos.mx\/index.php\/wp-json\/wp\/v2\/categories?post=893"},{"taxonomy":"post_tag","embeddable":true,"href":"https:\/\/somos-hermanos.mx\/index.php\/wp-json\/wp\/v2\/tags?post=893"}],"curies":[{"name":"wp","href":"https:\/\/api.w.org\/{rel}","templated":true}]}}