{"id":890,"date":"2025-08-04T03:15:15","date_gmt":"2025-08-04T09:15:15","guid":{"rendered":"https:\/\/somos-hermanos.mx\/?p=890"},"modified":"2025-08-04T03:15:15","modified_gmt":"2025-08-04T09:15:15","slug":"refrendan-colaboracion-cruz-roja-y-futeje-vs-cancer-colorrectal","status":"publish","type":"post","link":"https:\/\/somos-hermanos.mx\/index.php\/2025\/08\/04\/refrendan-colaboracion-cruz-roja-y-futeje-vs-cancer-colorrectal\/","title":{"rendered":"Refrendan colaboraci\u00f3n Cruz Roja y Futeje vs c\u00e1ncer colorrectal"},"content":{"rendered":"<p>La Cruz Roja Mexicana IAP <strong>refrend\u00f3 el convenio de colaboraci\u00f3n que mantiene desde hace seis a\u00f1os con la Fundaci\u00f3n Fomento de Desarrollo Teresa de Jes\u00fas IAP (FUTEJE)<\/strong>, para desarrollar la prueba Inmunol\u00f3gica Fecal de Hemoglobina (FIT) al personal del Hospital Central Polanco y de las delegaciones locales Ciudad de M\u00e9xico y Estado de M\u00e9xico, haciendo extensivo este beneficio a sus familiares.<\/p>\n<p>La prueba FIT <strong>se utiliza para detectar sangrado microsc\u00f3pico, asociado con des\u00f3rdenes como hemorroides, ulceras, fistulas, divert\u00edculos, p\u00f3lipos y c\u00e1ncer colorrectal (CCR); <\/strong>no exige limitaciones en la dieta o consumo de medicamentos y los pacientes participan de una manera f\u00e1cil y sencilla, a trav\u00e9s de la toma de muestras en un solo paso.<\/p>\n<p>El Vicepresidente Nacional y Delegado Estatal de Cruz Roja Mexicana en el Estado de M\u00e9xico, Jorge Alberto Forastieri Mu\u00f1iz agradeci\u00f3 este importante apoyo de la Fundaci\u00f3n FUTEJE, que, adem\u00e1s de la realizaci\u00f3n de las pruebas FIT ofrece a quienes eventualmente resulten positivos en esta detecci\u00f3n referenciar a los pacientes a instancias m\u00e9dicas de alta especialidad como el Instituto Nacional de Cancerolog\u00eda.<\/p>\n<p>Tenemos que ser muy sensibles y dejar de pensar que &#8220;a m\u00ed no me va a pasar&#8221;, avanzar en la medicina preventiva y hacer uso de tecnolog\u00edas como la prueba FIT para detectar, a tiempo, casos eventuales de c\u00e1ncer colorrectal que puedan atenderse y evitar muertes, plante\u00f3 Forastieri Mu\u00f1oz.<\/p>\n<p>En su oportunidad, C\u00e9sar Alejandro Ch\u00e1vez Garc\u00eda, Coordinador General de la Delegaci\u00f3n Estado de M\u00e9xico de Cruz Roja Mexicana, Ilam\u00f3 a los colaboradores de esta instituci\u00f3n a dar un paso adelante en la prevenci\u00f3n de esta enfermedad silenciosa y pr\u00e1cticamente asintom\u00e1tica, para actuar a tiempo y estar en condiciones de atender a quienes lo requieran, con el apoyo decidido de la Fundaci\u00f3n Fomento de Desarrollo Teresa de Jes\u00fas. Plante\u00f3 que el c\u00e1ncer de colon es el tercero m\u00e1s frecuente y el primer lugar de muerte por c\u00e1ncer en M\u00e9xico.<\/p>\n<p>Esto se debe, en gran parte, dijo, a que sus s\u00edntomas suelen ser inespec\u00edficos y pueden confundirse con afecciones comunes, como la colitis o el s\u00edndrome de intestino irritable; como resultado, muchas veces el diagn\u00f3stico se realiza en etapas avanzadas, cuando las opciones de tratamiento son limitadas.<\/p>\n<p>Por ello, <strong>la detecci\u00f3n temprana del c\u00e1ncer de colon no solo mejora las posibilidades de curaci\u00f3n, <\/strong>sino que tambi\u00e9n hace que el proceso sea mucho m\u00e1s llevadero, tanto para la persona afectada como para su entorno.<\/p>\n<p>A su vez, el Director General de la Fundaci\u00f3n FUTEJE, Francisco Freyria Sutcliffe, al refrendar el esp\u00edritu de colaboraci\u00f3n y la alianza con Cruz Roja Mexicana, explic\u00f3 que con estas pruebas se da un paso adelante en la detecci\u00f3n oportuna del c\u00e1ncer de colon, con lo que es posible contribuir a generar conciencia en la poblaci\u00f3n, contar con diagn\u00f3sticos oportunos y contrarrestar en la medida de lo posible el incremento de esta enfermedad, la cual detectada oportunamente es 90% curable.<\/p>\n<p>La prueba FIT est\u00e1 dirigida a personas de 45 a 74 a\u00f1os de edad sin antecedentes personales o familiares en primer grado de c\u00e1ncer colorrectal y sin evidencias de sangrado al evacuar.<\/p>\n<p>As\u00ed mismo, mencion\u00f3 la idea de que m\u00e1s adelante esta prueba puede estar disponible para el p\u00fablico en general, en las instituciones de la Cruz Roja Mexicana participantes. En esta ceremonia de ratificaci\u00f3n del convenio de colaboraci\u00f3n entre Cruz Roja Mexicana y la Fundaci\u00f3n FUTEJE se llev\u00f3 a cabo una pl\u00e1tica de prevenci\u00f3n y detecci\u00f3n oportuna impartida por Mar\u00eda Isabel Astudillo Delgado, m\u00e9dico general adscrita al servicio de gastroenterolog\u00eda del Hospital Ju\u00e1rez de M\u00e9xico, as\u00ed como Juan Manuel Hern\u00e1ndez Aguilar, Director de Programas Sociales de Fundaci\u00f3n FUTEJE, contando con la participaci\u00f3n de los pacientes supervivientes Miguel \u00c1ngel Mireles y Patricia Soto, quienes compartieron su testimonio a m\u00e9dicos, enfermeras y personal administrativo y operativo del Hospital Central de Polanco de Cruz Roja Mexicana.<\/p>\n","protected":false},"excerpt":{"rendered":"<p>La Cruz Roja Mexicana IAP refrend\u00f3 el convenio de colaboraci\u00f3n que mantiene desde hace seis a\u00f1os con la Fundaci\u00f3n Fomento de Desarrollo Teresa de Jes\u00fas IAP (FUTEJE), para desarrollar la prueba Inmunol\u00f3gica Fecal de Hemoglobina (FIT) al personal del Hospital Central Polanco y de las delegaciones locales Ciudad de M\u00e9xico y Estado de M\u00e9xico, haciendo [&hellip;]<\/p>\n","protected":false},"author":8,"featured_media":891,"comment_status":"open","ping_status":"closed","sticky":false,"template":"","format":"standard","meta":{"footnotes":""},"categories":[6],"tags":[],"class_list":["post-890","post","type-post","status-publish","format-standard","has-post-thumbnail","hentry","category-noticias"],"yoast_head":"<!-- This site is optimized with the Yoast SEO plugin v27.5 - https:\/\/yoast.com\/product\/yoast-seo-wordpress\/ -->\n<title>Refrendan colaboraci\u00f3n Cruz Roja y Futeje vs c\u00e1ncer colorrectal - Historias que inspiran...<\/title>\n<meta name=\"robots\" content=\"index, follow, max-snippet:-1, max-image-preview:large, max-video-preview:-1\" \/>\n<link rel=\"canonical\" href=\"https:\/\/somos-hermanos.mx\/index.php\/2025\/08\/04\/refrendan-colaboracion-cruz-roja-y-futeje-vs-cancer-colorrectal\/\" \/>\n<meta property=\"og:locale\" content=\"es_MX\" \/>\n<meta property=\"og:type\" content=\"article\" \/>\n<meta property=\"og:title\" content=\"Refrendan colaboraci\u00f3n Cruz Roja y Futeje vs c\u00e1ncer colorrectal - Historias que inspiran...\" \/>\n<meta property=\"og:description\" content=\"La Cruz Roja Mexicana IAP refrend\u00f3 el convenio de colaboraci\u00f3n que mantiene desde hace seis a\u00f1os con la Fundaci\u00f3n Fomento de Desarrollo Teresa de Jes\u00fas IAP (FUTEJE), para desarrollar la prueba Inmunol\u00f3gica Fecal de Hemoglobina (FIT) al personal del Hospital Central Polanco y de las delegaciones locales Ciudad de M\u00e9xico y Estado de M\u00e9xico, haciendo [&hellip;]\" \/>\n<meta property=\"og:url\" content=\"https:\/\/somos-hermanos.mx\/index.php\/2025\/08\/04\/refrendan-colaboracion-cruz-roja-y-futeje-vs-cancer-colorrectal\/\" \/>\n<meta property=\"og:site_name\" content=\"Historias que inspiran...\" \/>\n<meta property=\"article:publisher\" content=\"https:\/\/www.facebook.com\/SomosHermanosIAP\/\" \/>\n<meta property=\"article:published_time\" content=\"2025-08-04T09:15:15+00:00\" \/>\n<meta property=\"og:image\" content=\"https:\/\/somos-hermanos.mx\/wp-content\/uploads\/2025\/08\/cruzfut.jpeg\" \/>\n\t<meta property=\"og:image:width\" content=\"1392\" \/>\n\t<meta property=\"og:image:height\" content=\"1600\" \/>\n\t<meta property=\"og:image:type\" content=\"image\/jpeg\" \/>\n<meta name=\"author\" content=\"Jes\u00fas Arizmendi\" \/>\n<meta name=\"twitter:card\" content=\"summary_large_image\" \/>\n<meta name=\"twitter:creator\" content=\"@Somos__Hermanos\" \/>\n<meta name=\"twitter:site\" content=\"@Somos__Hermanos\" \/>\n<meta name=\"twitter:label1\" content=\"Escrito por\" \/>\n\t<meta name=\"twitter:data1\" content=\"Jes\u00fas Arizmendi\" \/>\n\t<meta name=\"twitter:label2\" content=\"Tiempo de lectura\" \/>\n\t<meta name=\"twitter:data2\" content=\"4 minutos\" \/>\n<script type=\"application\/ld+json\" class=\"yoast-schema-graph\">{\"@context\":\"https:\\\/\\\/schema.org\",\"@graph\":[{\"@type\":\"Article\",\"@id\":\"https:\\\/\\\/somos-hermanos.mx\\\/index.php\\\/2025\\\/08\\\/04\\\/refrendan-colaboracion-cruz-roja-y-futeje-vs-cancer-colorrectal\\\/#article\",\"isPartOf\":{\"@id\":\"https:\\\/\\\/somos-hermanos.mx\\\/index.php\\\/2025\\\/08\\\/04\\\/refrendan-colaboracion-cruz-roja-y-futeje-vs-cancer-colorrectal\\\/\"},\"author\":{\"name\":\"Jes\u00fas Arizmendi\",\"@id\":\"https:\\\/\\\/somos-hermanos.mx\\\/#\\\/schema\\\/person\\\/945cdfed39314d9db1242f593aecb908\"},\"headline\":\"Refrendan colaboraci\u00f3n Cruz Roja y Futeje vs c\u00e1ncer colorrectal\",\"datePublished\":\"2025-08-04T09:15:15+00:00\",\"mainEntityOfPage\":{\"@id\":\"https:\\\/\\\/somos-hermanos.mx\\\/index.php\\\/2025\\\/08\\\/04\\\/refrendan-colaboracion-cruz-roja-y-futeje-vs-cancer-colorrectal\\\/\"},\"wordCount\":713,\"commentCount\":0,\"publisher\":{\"@id\":\"https:\\\/\\\/somos-hermanos.mx\\\/#organization\"},\"image\":{\"@id\":\"https:\\\/\\\/somos-hermanos.mx\\\/index.php\\\/2025\\\/08\\\/04\\\/refrendan-colaboracion-cruz-roja-y-futeje-vs-cancer-colorrectal\\\/#primaryimage\"},\"thumbnailUrl\":\"https:\\\/\\\/somos-hermanos.mx\\\/wp-content\\\/uploads\\\/2025\\\/08\\\/cruzfut.jpeg\",\"articleSection\":[\"Noticias\"],\"inLanguage\":\"es\",\"potentialAction\":[{\"@type\":\"CommentAction\",\"name\":\"Comment\",\"target\":[\"https:\\\/\\\/somos-hermanos.mx\\\/index.php\\\/2025\\\/08\\\/04\\\/refrendan-colaboracion-cruz-roja-y-futeje-vs-cancer-colorrectal\\\/#respond\"]}]},{\"@type\":\"WebPage\",\"@id\":\"https:\\\/\\\/somos-hermanos.mx\\\/index.php\\\/2025\\\/08\\\/04\\\/refrendan-colaboracion-cruz-roja-y-futeje-vs-cancer-colorrectal\\\/\",\"url\":\"https:\\\/\\\/somos-hermanos.mx\\\/index.php\\\/2025\\\/08\\\/04\\\/refrendan-colaboracion-cruz-roja-y-futeje-vs-cancer-colorrectal\\\/\",\"name\":\"Refrendan colaboraci\u00f3n Cruz Roja y Futeje vs c\u00e1ncer colorrectal - Historias que inspiran...\",\"isPartOf\":{\"@id\":\"https:\\\/\\\/somos-hermanos.mx\\\/#website\"},\"primaryImageOfPage\":{\"@id\":\"https:\\\/\\\/somos-hermanos.mx\\\/index.php\\\/2025\\\/08\\\/04\\\/refrendan-colaboracion-cruz-roja-y-futeje-vs-cancer-colorrectal\\\/#primaryimage\"},\"image\":{\"@id\":\"https:\\\/\\\/somos-hermanos.mx\\\/index.php\\\/2025\\\/08\\\/04\\\/refrendan-colaboracion-cruz-roja-y-futeje-vs-cancer-colorrectal\\\/#primaryimage\"},\"thumbnailUrl\":\"https:\\\/\\\/somos-hermanos.mx\\\/wp-content\\\/uploads\\\/2025\\\/08\\\/cruzfut.jpeg\",\"datePublished\":\"2025-08-04T09:15:15+00:00\",\"breadcrumb\":{\"@id\":\"https:\\\/\\\/somos-hermanos.mx\\\/index.php\\\/2025\\\/08\\\/04\\\/refrendan-colaboracion-cruz-roja-y-futeje-vs-cancer-colorrectal\\\/#breadcrumb\"},\"inLanguage\":\"es\",\"potentialAction\":[{\"@type\":\"ReadAction\",\"target\":[\"https:\\\/\\\/somos-hermanos.mx\\\/index.php\\\/2025\\\/08\\\/04\\\/refrendan-colaboracion-cruz-roja-y-futeje-vs-cancer-colorrectal\\\/\"]}]},{\"@type\":\"ImageObject\",\"inLanguage\":\"es\",\"@id\":\"https:\\\/\\\/somos-hermanos.mx\\\/index.php\\\/2025\\\/08\\\/04\\\/refrendan-colaboracion-cruz-roja-y-futeje-vs-cancer-colorrectal\\\/#primaryimage\",\"url\":\"https:\\\/\\\/somos-hermanos.mx\\\/wp-content\\\/uploads\\\/2025\\\/08\\\/cruzfut.jpeg\",\"contentUrl\":\"https:\\\/\\\/somos-hermanos.mx\\\/wp-content\\\/uploads\\\/2025\\\/08\\\/cruzfut.jpeg\",\"width\":1392,\"height\":1600},{\"@type\":\"BreadcrumbList\",\"@id\":\"https:\\\/\\\/somos-hermanos.mx\\\/index.php\\\/2025\\\/08\\\/04\\\/refrendan-colaboracion-cruz-roja-y-futeje-vs-cancer-colorrectal\\\/#breadcrumb\",\"itemListElement\":[{\"@type\":\"ListItem\",\"position\":1,\"name\":\"Inicio\",\"item\":\"https:\\\/\\\/somos-hermanos.mx\\\/\"},{\"@type\":\"ListItem\",\"position\":2,\"name\":\"Refrendan colaboraci\u00f3n Cruz Roja y Futeje vs c\u00e1ncer colorrectal\"}]},{\"@type\":\"WebSite\",\"@id\":\"https:\\\/\\\/somos-hermanos.mx\\\/#website\",\"url\":\"https:\\\/\\\/somos-hermanos.mx\\\/\",\"name\":\"Historias que inspiran...\",\"description\":\"Somos la voz del altruismo en M\u00e9xico\",\"publisher\":{\"@id\":\"https:\\\/\\\/somos-hermanos.mx\\\/#organization\"},\"potentialAction\":[{\"@type\":\"SearchAction\",\"target\":{\"@type\":\"EntryPoint\",\"urlTemplate\":\"https:\\\/\\\/somos-hermanos.mx\\\/?s={search_term_string}\"},\"query-input\":{\"@type\":\"PropertyValueSpecification\",\"valueRequired\":true,\"valueName\":\"search_term_string\"}}],\"inLanguage\":\"es\"},{\"@type\":\"Organization\",\"@id\":\"https:\\\/\\\/somos-hermanos.mx\\\/#organization\",\"name\":\"Somos Hermanos\",\"url\":\"https:\\\/\\\/somos-hermanos.mx\\\/\",\"logo\":{\"@type\":\"ImageObject\",\"inLanguage\":\"es\",\"@id\":\"https:\\\/\\\/somos-hermanos.mx\\\/#\\\/schema\\\/logo\\\/image\\\/\",\"url\":\"https:\\\/\\\/somos-hermanos.mx\\\/wp-content\\\/uploads\\\/2025\\\/08\\\/SH30-1.jpeg\",\"contentUrl\":\"https:\\\/\\\/somos-hermanos.mx\\\/wp-content\\\/uploads\\\/2025\\\/08\\\/SH30-1.jpeg\",\"width\":1600,\"height\":1142,\"caption\":\"Somos Hermanos\"},\"image\":{\"@id\":\"https:\\\/\\\/somos-hermanos.mx\\\/#\\\/schema\\\/logo\\\/image\\\/\"},\"sameAs\":[\"https:\\\/\\\/www.facebook.com\\\/SomosHermanosIAP\\\/\",\"https:\\\/\\\/x.com\\\/Somos__Hermanos\",\"https:\\\/\\\/www.instagram.com\\\/somos__hermanos\\\/#\",\"https:\\\/\\\/www.tiktok.com\\\/@somoshermanosiap\",\"https:\\\/\\\/www.youtube.com\\\/@somoshermanosiap1201\\\/videos\"]},{\"@type\":\"Person\",\"@id\":\"https:\\\/\\\/somos-hermanos.mx\\\/#\\\/schema\\\/person\\\/945cdfed39314d9db1242f593aecb908\",\"name\":\"Jes\u00fas Arizmendi\",\"image\":{\"@type\":\"ImageObject\",\"inLanguage\":\"es\",\"@id\":\"https:\\\/\\\/secure.gravatar.com\\\/avatar\\\/9d2f2284f2cc108aae42b8fdb13afa29b801f64001b731516b830e4926cc1b4b?s=96&d=mm&r=g\",\"url\":\"https:\\\/\\\/secure.gravatar.com\\\/avatar\\\/9d2f2284f2cc108aae42b8fdb13afa29b801f64001b731516b830e4926cc1b4b?s=96&d=mm&r=g\",\"contentUrl\":\"https:\\\/\\\/secure.gravatar.com\\\/avatar\\\/9d2f2284f2cc108aae42b8fdb13afa29b801f64001b731516b830e4926cc1b4b?s=96&d=mm&r=g\",\"caption\":\"Jes\u00fas Arizmendi\"},\"url\":\"https:\\\/\\\/somos-hermanos.mx\\\/index.php\\\/author\\\/jesus-arizmendi\\\/\"}]}<\/script>\n<!-- \/ Yoast SEO plugin. -->","yoast_head_json":{"title":"Refrendan colaboraci\u00f3n Cruz Roja y Futeje vs c\u00e1ncer colorrectal - Historias que inspiran...","robots":{"index":"index","follow":"follow","max-snippet":"max-snippet:-1","max-image-preview":"max-image-preview:large","max-video-preview":"max-video-preview:-1"},"canonical":"https:\/\/somos-hermanos.mx\/index.php\/2025\/08\/04\/refrendan-colaboracion-cruz-roja-y-futeje-vs-cancer-colorrectal\/","og_locale":"es_MX","og_type":"article","og_title":"Refrendan colaboraci\u00f3n Cruz Roja y Futeje vs c\u00e1ncer colorrectal - Historias que inspiran...","og_description":"La Cruz Roja Mexicana IAP refrend\u00f3 el convenio de colaboraci\u00f3n que mantiene desde hace seis a\u00f1os con la Fundaci\u00f3n Fomento de Desarrollo Teresa de Jes\u00fas IAP (FUTEJE), para desarrollar la prueba Inmunol\u00f3gica Fecal de Hemoglobina (FIT) al personal del Hospital Central Polanco y de las delegaciones locales Ciudad de M\u00e9xico y Estado de M\u00e9xico, haciendo [&hellip;]","og_url":"https:\/\/somos-hermanos.mx\/index.php\/2025\/08\/04\/refrendan-colaboracion-cruz-roja-y-futeje-vs-cancer-colorrectal\/","og_site_name":"Historias que inspiran...","article_publisher":"https:\/\/www.facebook.com\/SomosHermanosIAP\/","article_published_time":"2025-08-04T09:15:15+00:00","og_image":[{"width":1392,"height":1600,"url":"https:\/\/somos-hermanos.mx\/wp-content\/uploads\/2025\/08\/cruzfut.jpeg","type":"image\/jpeg"}],"author":"Jes\u00fas Arizmendi","twitter_card":"summary_large_image","twitter_creator":"@Somos__Hermanos","twitter_site":"@Somos__Hermanos","twitter_misc":{"Escrito por":"Jes\u00fas Arizmendi","Tiempo de lectura":"4 minutos"},"schema":{"@context":"https:\/\/schema.org","@graph":[{"@type":"Article","@id":"https:\/\/somos-hermanos.mx\/index.php\/2025\/08\/04\/refrendan-colaboracion-cruz-roja-y-futeje-vs-cancer-colorrectal\/#article","isPartOf":{"@id":"https:\/\/somos-hermanos.mx\/index.php\/2025\/08\/04\/refrendan-colaboracion-cruz-roja-y-futeje-vs-cancer-colorrectal\/"},"author":{"name":"Jes\u00fas Arizmendi","@id":"https:\/\/somos-hermanos.mx\/#\/schema\/person\/945cdfed39314d9db1242f593aecb908"},"headline":"Refrendan colaboraci\u00f3n Cruz Roja y Futeje vs c\u00e1ncer colorrectal","datePublished":"2025-08-04T09:15:15+00:00","mainEntityOfPage":{"@id":"https:\/\/somos-hermanos.mx\/index.php\/2025\/08\/04\/refrendan-colaboracion-cruz-roja-y-futeje-vs-cancer-colorrectal\/"},"wordCount":713,"commentCount":0,"publisher":{"@id":"https:\/\/somos-hermanos.mx\/#organization"},"image":{"@id":"https:\/\/somos-hermanos.mx\/index.php\/2025\/08\/04\/refrendan-colaboracion-cruz-roja-y-futeje-vs-cancer-colorrectal\/#primaryimage"},"thumbnailUrl":"https:\/\/somos-hermanos.mx\/wp-content\/uploads\/2025\/08\/cruzfut.jpeg","articleSection":["Noticias"],"inLanguage":"es","potentialAction":[{"@type":"CommentAction","name":"Comment","target":["https:\/\/somos-hermanos.mx\/index.php\/2025\/08\/04\/refrendan-colaboracion-cruz-roja-y-futeje-vs-cancer-colorrectal\/#respond"]}]},{"@type":"WebPage","@id":"https:\/\/somos-hermanos.mx\/index.php\/2025\/08\/04\/refrendan-colaboracion-cruz-roja-y-futeje-vs-cancer-colorrectal\/","url":"https:\/\/somos-hermanos.mx\/index.php\/2025\/08\/04\/refrendan-colaboracion-cruz-roja-y-futeje-vs-cancer-colorrectal\/","name":"Refrendan colaboraci\u00f3n Cruz Roja y Futeje vs c\u00e1ncer colorrectal - Historias que inspiran...","isPartOf":{"@id":"https:\/\/somos-hermanos.mx\/#website"},"primaryImageOfPage":{"@id":"https:\/\/somos-hermanos.mx\/index.php\/2025\/08\/04\/refrendan-colaboracion-cruz-roja-y-futeje-vs-cancer-colorrectal\/#primaryimage"},"image":{"@id":"https:\/\/somos-hermanos.mx\/index.php\/2025\/08\/04\/refrendan-colaboracion-cruz-roja-y-futeje-vs-cancer-colorrectal\/#primaryimage"},"thumbnailUrl":"https:\/\/somos-hermanos.mx\/wp-content\/uploads\/2025\/08\/cruzfut.jpeg","datePublished":"2025-08-04T09:15:15+00:00","breadcrumb":{"@id":"https:\/\/somos-hermanos.mx\/index.php\/2025\/08\/04\/refrendan-colaboracion-cruz-roja-y-futeje-vs-cancer-colorrectal\/#breadcrumb"},"inLanguage":"es","potentialAction":[{"@type":"ReadAction","target":["https:\/\/somos-hermanos.mx\/index.php\/2025\/08\/04\/refrendan-colaboracion-cruz-roja-y-futeje-vs-cancer-colorrectal\/"]}]},{"@type":"ImageObject","inLanguage":"es","@id":"https:\/\/somos-hermanos.mx\/index.php\/2025\/08\/04\/refrendan-colaboracion-cruz-roja-y-futeje-vs-cancer-colorrectal\/#primaryimage","url":"https:\/\/somos-hermanos.mx\/wp-content\/uploads\/2025\/08\/cruzfut.jpeg","contentUrl":"https:\/\/somos-hermanos.mx\/wp-content\/uploads\/2025\/08\/cruzfut.jpeg","width":1392,"height":1600},{"@type":"BreadcrumbList","@id":"https:\/\/somos-hermanos.mx\/index.php\/2025\/08\/04\/refrendan-colaboracion-cruz-roja-y-futeje-vs-cancer-colorrectal\/#breadcrumb","itemListElement":[{"@type":"ListItem","position":1,"name":"Inicio","item":"https:\/\/somos-hermanos.mx\/"},{"@type":"ListItem","position":2,"name":"Refrendan colaboraci\u00f3n Cruz Roja y Futeje vs c\u00e1ncer colorrectal"}]},{"@type":"WebSite","@id":"https:\/\/somos-hermanos.mx\/#website","url":"https:\/\/somos-hermanos.mx\/","name":"Historias que inspiran...","description":"Somos la voz del altruismo en M\u00e9xico","publisher":{"@id":"https:\/\/somos-hermanos.mx\/#organization"},"potentialAction":[{"@type":"SearchAction","target":{"@type":"EntryPoint","urlTemplate":"https:\/\/somos-hermanos.mx\/?s={search_term_string}"},"query-input":{"@type":"PropertyValueSpecification","valueRequired":true,"valueName":"search_term_string"}}],"inLanguage":"es"},{"@type":"Organization","@id":"https:\/\/somos-hermanos.mx\/#organization","name":"Somos Hermanos","url":"https:\/\/somos-hermanos.mx\/","logo":{"@type":"ImageObject","inLanguage":"es","@id":"https:\/\/somos-hermanos.mx\/#\/schema\/logo\/image\/","url":"https:\/\/somos-hermanos.mx\/wp-content\/uploads\/2025\/08\/SH30-1.jpeg","contentUrl":"https:\/\/somos-hermanos.mx\/wp-content\/uploads\/2025\/08\/SH30-1.jpeg","width":1600,"height":1142,"caption":"Somos Hermanos"},"image":{"@id":"https:\/\/somos-hermanos.mx\/#\/schema\/logo\/image\/"},"sameAs":["https:\/\/www.facebook.com\/SomosHermanosIAP\/","https:\/\/x.com\/Somos__Hermanos","https:\/\/www.instagram.com\/somos__hermanos\/#","https:\/\/www.tiktok.com\/@somoshermanosiap","https:\/\/www.youtube.com\/@somoshermanosiap1201\/videos"]},{"@type":"Person","@id":"https:\/\/somos-hermanos.mx\/#\/schema\/person\/945cdfed39314d9db1242f593aecb908","name":"Jes\u00fas Arizmendi","image":{"@type":"ImageObject","inLanguage":"es","@id":"https:\/\/secure.gravatar.com\/avatar\/9d2f2284f2cc108aae42b8fdb13afa29b801f64001b731516b830e4926cc1b4b?s=96&d=mm&r=g","url":"https:\/\/secure.gravatar.com\/avatar\/9d2f2284f2cc108aae42b8fdb13afa29b801f64001b731516b830e4926cc1b4b?s=96&d=mm&r=g","contentUrl":"https:\/\/secure.gravatar.com\/avatar\/9d2f2284f2cc108aae42b8fdb13afa29b801f64001b731516b830e4926cc1b4b?s=96&d=mm&r=g","caption":"Jes\u00fas Arizmendi"},"url":"https:\/\/somos-hermanos.mx\/index.php\/author\/jesus-arizmendi\/"}]}},"_links":{"self":[{"href":"https:\/\/somos-hermanos.mx\/index.php\/wp-json\/wp\/v2\/posts\/890","targetHints":{"allow":["GET"]}}],"collection":[{"href":"https:\/\/somos-hermanos.mx\/index.php\/wp-json\/wp\/v2\/posts"}],"about":[{"href":"https:\/\/somos-hermanos.mx\/index.php\/wp-json\/wp\/v2\/types\/post"}],"author":[{"embeddable":true,"href":"https:\/\/somos-hermanos.mx\/index.php\/wp-json\/wp\/v2\/users\/8"}],"replies":[{"embeddable":true,"href":"https:\/\/somos-hermanos.mx\/index.php\/wp-json\/wp\/v2\/comments?post=890"}],"version-history":[{"count":1,"href":"https:\/\/somos-hermanos.mx\/index.php\/wp-json\/wp\/v2\/posts\/890\/revisions"}],"predecessor-version":[{"id":892,"href":"https:\/\/somos-hermanos.mx\/index.php\/wp-json\/wp\/v2\/posts\/890\/revisions\/892"}],"wp:featuredmedia":[{"embeddable":true,"href":"https:\/\/somos-hermanos.mx\/index.php\/wp-json\/wp\/v2\/media\/891"}],"wp:attachment":[{"href":"https:\/\/somos-hermanos.mx\/index.php\/wp-json\/wp\/v2\/media?parent=890"}],"wp:term":[{"taxonomy":"category","embeddable":true,"href":"https:\/\/somos-hermanos.mx\/index.php\/wp-json\/wp\/v2\/categories?post=890"},{"taxonomy":"post_tag","embeddable":true,"href":"https:\/\/somos-hermanos.mx\/index.php\/wp-json\/wp\/v2\/tags?post=890"}],"curies":[{"name":"wp","href":"https:\/\/api.w.org\/{rel}","templated":true}]}}