{"id":887,"date":"2025-08-04T03:14:06","date_gmt":"2025-08-04T09:14:06","guid":{"rendered":"https:\/\/somos-hermanos.mx\/?p=887"},"modified":"2025-08-04T03:14:06","modified_gmt":"2025-08-04T09:14:06","slug":"asociacion-alzheimer-de-los-mochis-iap-un-trato-digno-al-alcance-de-todos","status":"publish","type":"post","link":"https:\/\/somos-hermanos.mx\/index.php\/2025\/08\/04\/asociacion-alzheimer-de-los-mochis-iap-un-trato-digno-al-alcance-de-todos\/","title":{"rendered":"Asociaci\u00f3n Alzheimer de los Mochis IAP: Un trato digno al alcance de todos"},"content":{"rendered":"<p>De acuerdo con estimaciones del Gobierno mexicano, <strong>alrededor de 1.3 millones de personas en el pa\u00eds viven con la enfermedad de Alzheimer, <\/strong>cifra que representa aproximadamente entre el 60 y 70 % de los casos de demencia. Esta condici\u00f3n suele afectar principalmente a personas mayores de 65 a\u00f1os.<\/p>\n<p><strong>Lo preocupante es que menos de la mitad de estas personas recibe el tratamiento adecuado. <\/strong>Muchas veces, las instituciones m\u00e9dicas no cuentan con las instalaciones necesarias para atender este tipo de demencia de forma \u00f3ptima y a esto se suma el abandono por parte de familiares y la falta de recursos econ\u00f3micos.<\/p>\n<p>Por fortuna, y para beneficio de algunos, hoy en d\u00eda existe una organizaci\u00f3n que trabaja d\u00eda con d\u00eda para cambiar este panorama: <strong><b>la Asociaci\u00f3n Alzheimer de Los Mochis IAP<\/b><\/strong>. Esta instituci\u00f3n de asistencia privada, fundada en 2006, <strong>ofrece una opci\u00f3n segura, comprometida y eficiente para las personas mayores que tienen Alzheimer<\/strong>\u00a0u otras enfermedades neurodegenerativas en Los Mochis, Sinaloa.<\/p>\n<p>Su objetivo principal es brindar a los pacientes con Alzheimer cuidados adecuados, c\u00e1lidos y afectuosos, que les permitan mejorar su calidad de vida. Asimismo, busca apoyar a las familias, ayud\u00e1ndolas a comprender mejor el padecimiento de sus seres queridos.<\/p>\n<p>Actualmente, cuentan con personal altamente capacitado, y sus m\u00e1s de 12 a\u00f1os de experiencia han sido avalados por la <strong>Junta de Asistencia Privada del Estado de Sinaloa. <\/strong>Adem\u00e1s, disponen de instalaciones cuidadosamente adaptadas para el cuidado del adulto mayor, con servicios de enfermer\u00eda, atenci\u00f3n nutricional, estimulaci\u00f3n cognitiva y actividades terap\u00e9uticas.<\/p>\n<p>Y complementan su oferta con servicios de guarder\u00eda, atenci\u00f3n psicol\u00f3gica, fisioterapia y actividades recreativas como baile, canto y pintura.<\/p>\n<p>Si al leer esto te interesa conocer m\u00e1s sobre esta fundaci\u00f3n o conoces a alguien que podr\u00eda necesitar sus servicios, te dejamos el enlace a su sitio web. All\u00ed podr\u00e1s encontrar informaci\u00f3n de contacto, direcciones, horarios de atenci\u00f3n y mucho m\u00e1s:<\/p>\n<p><em>\ud83d\udc49<\/em><em>\u00a0<\/em><a href=\"http:\/\/asociacionalzheimerdelosmochis.com.mx\/\"><em><u>http:\/\/asociacionalzheimerdelosmochis.com.mx\/<\/u><\/em><\/a><\/p>\n<p><strong><b>Recuerda: si ellos no te recuerdan, t\u00fa no los olvides.<\/b><\/strong>\u00a0Tambi\u00e9n tienen derecho a una vida digna, y la Asociaci\u00f3n Alzheimer de Los Mochis IAP trabaja todos los d\u00edas para hacerlo posible.<\/p>\n","protected":false},"excerpt":{"rendered":"<p>De acuerdo con estimaciones del Gobierno mexicano, alrededor de 1.3 millones de personas en el pa\u00eds viven con la enfermedad de Alzheimer, cifra que representa aproximadamente entre el 60 y 70 % de los casos de demencia. Esta condici\u00f3n suele afectar principalmente a personas mayores de 65 a\u00f1os. Lo preocupante es que menos de la [&hellip;]<\/p>\n","protected":false},"author":15,"featured_media":888,"comment_status":"open","ping_status":"closed","sticky":false,"template":"","format":"standard","meta":{"footnotes":""},"categories":[6],"tags":[],"class_list":["post-887","post","type-post","status-publish","format-standard","has-post-thumbnail","hentry","category-noticias"],"yoast_head":"<!-- This site is optimized with the Yoast SEO plugin v27.5 - https:\/\/yoast.com\/product\/yoast-seo-wordpress\/ -->\n<title>Asociaci\u00f3n Alzheimer de los Mochis IAP: Un trato digno al alcance de todos - Historias que inspiran...<\/title>\n<meta name=\"robots\" content=\"index, follow, max-snippet:-1, max-image-preview:large, max-video-preview:-1\" \/>\n<link rel=\"canonical\" href=\"https:\/\/somos-hermanos.mx\/index.php\/2025\/08\/04\/asociacion-alzheimer-de-los-mochis-iap-un-trato-digno-al-alcance-de-todos\/\" \/>\n<meta property=\"og:locale\" content=\"es_MX\" \/>\n<meta property=\"og:type\" content=\"article\" \/>\n<meta property=\"og:title\" content=\"Asociaci\u00f3n Alzheimer de los Mochis IAP: Un trato digno al alcance de todos - Historias que inspiran...\" \/>\n<meta property=\"og:description\" content=\"De acuerdo con estimaciones del Gobierno mexicano, alrededor de 1.3 millones de personas en el pa\u00eds viven con la enfermedad de Alzheimer, cifra que representa aproximadamente entre el 60 y 70 % de los casos de demencia. Esta condici\u00f3n suele afectar principalmente a personas mayores de 65 a\u00f1os. Lo preocupante es que menos de la [&hellip;]\" \/>\n<meta property=\"og:url\" content=\"https:\/\/somos-hermanos.mx\/index.php\/2025\/08\/04\/asociacion-alzheimer-de-los-mochis-iap-un-trato-digno-al-alcance-de-todos\/\" \/>\n<meta property=\"og:site_name\" content=\"Historias que inspiran...\" \/>\n<meta property=\"article:publisher\" content=\"https:\/\/www.facebook.com\/SomosHermanosIAP\/\" \/>\n<meta property=\"article:published_time\" content=\"2025-08-04T09:14:06+00:00\" \/>\n<meta property=\"og:image\" content=\"https:\/\/somos-hermanos.mx\/wp-content\/uploads\/2025\/08\/moch1.jpeg\" \/>\n\t<meta property=\"og:image:width\" content=\"1040\" \/>\n\t<meta property=\"og:image:height\" content=\"584\" \/>\n\t<meta property=\"og:image:type\" content=\"image\/jpeg\" \/>\n<meta name=\"author\" content=\"Itzel Montiel Luna\" \/>\n<meta name=\"twitter:card\" content=\"summary_large_image\" \/>\n<meta name=\"twitter:creator\" content=\"@Somos__Hermanos\" \/>\n<meta name=\"twitter:site\" content=\"@Somos__Hermanos\" \/>\n<meta name=\"twitter:label1\" content=\"Escrito por\" \/>\n\t<meta name=\"twitter:data1\" content=\"Itzel Montiel Luna\" \/>\n\t<meta name=\"twitter:label2\" content=\"Tiempo de lectura\" \/>\n\t<meta name=\"twitter:data2\" content=\"2 minutos\" \/>\n<script type=\"application\/ld+json\" class=\"yoast-schema-graph\">{\"@context\":\"https:\\\/\\\/schema.org\",\"@graph\":[{\"@type\":\"Article\",\"@id\":\"https:\\\/\\\/somos-hermanos.mx\\\/index.php\\\/2025\\\/08\\\/04\\\/asociacion-alzheimer-de-los-mochis-iap-un-trato-digno-al-alcance-de-todos\\\/#article\",\"isPartOf\":{\"@id\":\"https:\\\/\\\/somos-hermanos.mx\\\/index.php\\\/2025\\\/08\\\/04\\\/asociacion-alzheimer-de-los-mochis-iap-un-trato-digno-al-alcance-de-todos\\\/\"},\"author\":{\"name\":\"Itzel Montiel Luna\",\"@id\":\"https:\\\/\\\/somos-hermanos.mx\\\/#\\\/schema\\\/person\\\/0998f178948ff64bb6e8e1479a973eb7\"},\"headline\":\"Asociaci\u00f3n Alzheimer de los Mochis IAP: Un trato digno al alcance de todos\",\"datePublished\":\"2025-08-04T09:14:06+00:00\",\"mainEntityOfPage\":{\"@id\":\"https:\\\/\\\/somos-hermanos.mx\\\/index.php\\\/2025\\\/08\\\/04\\\/asociacion-alzheimer-de-los-mochis-iap-un-trato-digno-al-alcance-de-todos\\\/\"},\"wordCount\":385,\"commentCount\":0,\"publisher\":{\"@id\":\"https:\\\/\\\/somos-hermanos.mx\\\/#organization\"},\"image\":{\"@id\":\"https:\\\/\\\/somos-hermanos.mx\\\/index.php\\\/2025\\\/08\\\/04\\\/asociacion-alzheimer-de-los-mochis-iap-un-trato-digno-al-alcance-de-todos\\\/#primaryimage\"},\"thumbnailUrl\":\"https:\\\/\\\/somos-hermanos.mx\\\/wp-content\\\/uploads\\\/2025\\\/08\\\/moch1.jpeg\",\"articleSection\":[\"Noticias\"],\"inLanguage\":\"es\",\"potentialAction\":[{\"@type\":\"CommentAction\",\"name\":\"Comment\",\"target\":[\"https:\\\/\\\/somos-hermanos.mx\\\/index.php\\\/2025\\\/08\\\/04\\\/asociacion-alzheimer-de-los-mochis-iap-un-trato-digno-al-alcance-de-todos\\\/#respond\"]}]},{\"@type\":\"WebPage\",\"@id\":\"https:\\\/\\\/somos-hermanos.mx\\\/index.php\\\/2025\\\/08\\\/04\\\/asociacion-alzheimer-de-los-mochis-iap-un-trato-digno-al-alcance-de-todos\\\/\",\"url\":\"https:\\\/\\\/somos-hermanos.mx\\\/index.php\\\/2025\\\/08\\\/04\\\/asociacion-alzheimer-de-los-mochis-iap-un-trato-digno-al-alcance-de-todos\\\/\",\"name\":\"Asociaci\u00f3n Alzheimer de los Mochis IAP: Un trato digno al alcance de todos - Historias que inspiran...\",\"isPartOf\":{\"@id\":\"https:\\\/\\\/somos-hermanos.mx\\\/#website\"},\"primaryImageOfPage\":{\"@id\":\"https:\\\/\\\/somos-hermanos.mx\\\/index.php\\\/2025\\\/08\\\/04\\\/asociacion-alzheimer-de-los-mochis-iap-un-trato-digno-al-alcance-de-todos\\\/#primaryimage\"},\"image\":{\"@id\":\"https:\\\/\\\/somos-hermanos.mx\\\/index.php\\\/2025\\\/08\\\/04\\\/asociacion-alzheimer-de-los-mochis-iap-un-trato-digno-al-alcance-de-todos\\\/#primaryimage\"},\"thumbnailUrl\":\"https:\\\/\\\/somos-hermanos.mx\\\/wp-content\\\/uploads\\\/2025\\\/08\\\/moch1.jpeg\",\"datePublished\":\"2025-08-04T09:14:06+00:00\",\"breadcrumb\":{\"@id\":\"https:\\\/\\\/somos-hermanos.mx\\\/index.php\\\/2025\\\/08\\\/04\\\/asociacion-alzheimer-de-los-mochis-iap-un-trato-digno-al-alcance-de-todos\\\/#breadcrumb\"},\"inLanguage\":\"es\",\"potentialAction\":[{\"@type\":\"ReadAction\",\"target\":[\"https:\\\/\\\/somos-hermanos.mx\\\/index.php\\\/2025\\\/08\\\/04\\\/asociacion-alzheimer-de-los-mochis-iap-un-trato-digno-al-alcance-de-todos\\\/\"]}]},{\"@type\":\"ImageObject\",\"inLanguage\":\"es\",\"@id\":\"https:\\\/\\\/somos-hermanos.mx\\\/index.php\\\/2025\\\/08\\\/04\\\/asociacion-alzheimer-de-los-mochis-iap-un-trato-digno-al-alcance-de-todos\\\/#primaryimage\",\"url\":\"https:\\\/\\\/somos-hermanos.mx\\\/wp-content\\\/uploads\\\/2025\\\/08\\\/moch1.jpeg\",\"contentUrl\":\"https:\\\/\\\/somos-hermanos.mx\\\/wp-content\\\/uploads\\\/2025\\\/08\\\/moch1.jpeg\",\"width\":1040,\"height\":584},{\"@type\":\"BreadcrumbList\",\"@id\":\"https:\\\/\\\/somos-hermanos.mx\\\/index.php\\\/2025\\\/08\\\/04\\\/asociacion-alzheimer-de-los-mochis-iap-un-trato-digno-al-alcance-de-todos\\\/#breadcrumb\",\"itemListElement\":[{\"@type\":\"ListItem\",\"position\":1,\"name\":\"Inicio\",\"item\":\"https:\\\/\\\/somos-hermanos.mx\\\/\"},{\"@type\":\"ListItem\",\"position\":2,\"name\":\"Asociaci\u00f3n Alzheimer de los Mochis IAP: Un trato digno al alcance de todos\"}]},{\"@type\":\"WebSite\",\"@id\":\"https:\\\/\\\/somos-hermanos.mx\\\/#website\",\"url\":\"https:\\\/\\\/somos-hermanos.mx\\\/\",\"name\":\"Historias que inspiran...\",\"description\":\"Somos la voz del altruismo en M\u00e9xico\",\"publisher\":{\"@id\":\"https:\\\/\\\/somos-hermanos.mx\\\/#organization\"},\"potentialAction\":[{\"@type\":\"SearchAction\",\"target\":{\"@type\":\"EntryPoint\",\"urlTemplate\":\"https:\\\/\\\/somos-hermanos.mx\\\/?s={search_term_string}\"},\"query-input\":{\"@type\":\"PropertyValueSpecification\",\"valueRequired\":true,\"valueName\":\"search_term_string\"}}],\"inLanguage\":\"es\"},{\"@type\":\"Organization\",\"@id\":\"https:\\\/\\\/somos-hermanos.mx\\\/#organization\",\"name\":\"Somos Hermanos\",\"url\":\"https:\\\/\\\/somos-hermanos.mx\\\/\",\"logo\":{\"@type\":\"ImageObject\",\"inLanguage\":\"es\",\"@id\":\"https:\\\/\\\/somos-hermanos.mx\\\/#\\\/schema\\\/logo\\\/image\\\/\",\"url\":\"https:\\\/\\\/somos-hermanos.mx\\\/wp-content\\\/uploads\\\/2025\\\/08\\\/SH30-1.jpeg\",\"contentUrl\":\"https:\\\/\\\/somos-hermanos.mx\\\/wp-content\\\/uploads\\\/2025\\\/08\\\/SH30-1.jpeg\",\"width\":1600,\"height\":1142,\"caption\":\"Somos Hermanos\"},\"image\":{\"@id\":\"https:\\\/\\\/somos-hermanos.mx\\\/#\\\/schema\\\/logo\\\/image\\\/\"},\"sameAs\":[\"https:\\\/\\\/www.facebook.com\\\/SomosHermanosIAP\\\/\",\"https:\\\/\\\/x.com\\\/Somos__Hermanos\",\"https:\\\/\\\/www.instagram.com\\\/somos__hermanos\\\/#\",\"https:\\\/\\\/www.tiktok.com\\\/@somoshermanosiap\",\"https:\\\/\\\/www.youtube.com\\\/@somoshermanosiap1201\\\/videos\"]},{\"@type\":\"Person\",\"@id\":\"https:\\\/\\\/somos-hermanos.mx\\\/#\\\/schema\\\/person\\\/0998f178948ff64bb6e8e1479a973eb7\",\"name\":\"Itzel Montiel Luna\",\"image\":{\"@type\":\"ImageObject\",\"inLanguage\":\"es\",\"@id\":\"https:\\\/\\\/secure.gravatar.com\\\/avatar\\\/fa18ed3df0c81049a1f84da7aea98a9f130aedfb6076ab013d6451875eb77a7b?s=96&d=mm&r=g\",\"url\":\"https:\\\/\\\/secure.gravatar.com\\\/avatar\\\/fa18ed3df0c81049a1f84da7aea98a9f130aedfb6076ab013d6451875eb77a7b?s=96&d=mm&r=g\",\"contentUrl\":\"https:\\\/\\\/secure.gravatar.com\\\/avatar\\\/fa18ed3df0c81049a1f84da7aea98a9f130aedfb6076ab013d6451875eb77a7b?s=96&d=mm&r=g\",\"caption\":\"Itzel Montiel Luna\"},\"url\":\"https:\\\/\\\/somos-hermanos.mx\\\/index.php\\\/author\\\/itzel-montiel-luna\\\/\"}]}<\/script>\n<!-- \/ Yoast SEO plugin. -->","yoast_head_json":{"title":"Asociaci\u00f3n Alzheimer de los Mochis IAP: Un trato digno al alcance de todos - Historias que inspiran...","robots":{"index":"index","follow":"follow","max-snippet":"max-snippet:-1","max-image-preview":"max-image-preview:large","max-video-preview":"max-video-preview:-1"},"canonical":"https:\/\/somos-hermanos.mx\/index.php\/2025\/08\/04\/asociacion-alzheimer-de-los-mochis-iap-un-trato-digno-al-alcance-de-todos\/","og_locale":"es_MX","og_type":"article","og_title":"Asociaci\u00f3n Alzheimer de los Mochis IAP: Un trato digno al alcance de todos - Historias que inspiran...","og_description":"De acuerdo con estimaciones del Gobierno mexicano, alrededor de 1.3 millones de personas en el pa\u00eds viven con la enfermedad de Alzheimer, cifra que representa aproximadamente entre el 60 y 70 % de los casos de demencia. Esta condici\u00f3n suele afectar principalmente a personas mayores de 65 a\u00f1os. Lo preocupante es que menos de la [&hellip;]","og_url":"https:\/\/somos-hermanos.mx\/index.php\/2025\/08\/04\/asociacion-alzheimer-de-los-mochis-iap-un-trato-digno-al-alcance-de-todos\/","og_site_name":"Historias que inspiran...","article_publisher":"https:\/\/www.facebook.com\/SomosHermanosIAP\/","article_published_time":"2025-08-04T09:14:06+00:00","og_image":[{"width":1040,"height":584,"url":"https:\/\/somos-hermanos.mx\/wp-content\/uploads\/2025\/08\/moch1.jpeg","type":"image\/jpeg"}],"author":"Itzel Montiel Luna","twitter_card":"summary_large_image","twitter_creator":"@Somos__Hermanos","twitter_site":"@Somos__Hermanos","twitter_misc":{"Escrito por":"Itzel Montiel Luna","Tiempo de lectura":"2 minutos"},"schema":{"@context":"https:\/\/schema.org","@graph":[{"@type":"Article","@id":"https:\/\/somos-hermanos.mx\/index.php\/2025\/08\/04\/asociacion-alzheimer-de-los-mochis-iap-un-trato-digno-al-alcance-de-todos\/#article","isPartOf":{"@id":"https:\/\/somos-hermanos.mx\/index.php\/2025\/08\/04\/asociacion-alzheimer-de-los-mochis-iap-un-trato-digno-al-alcance-de-todos\/"},"author":{"name":"Itzel Montiel Luna","@id":"https:\/\/somos-hermanos.mx\/#\/schema\/person\/0998f178948ff64bb6e8e1479a973eb7"},"headline":"Asociaci\u00f3n Alzheimer de los Mochis IAP: Un trato digno al alcance de todos","datePublished":"2025-08-04T09:14:06+00:00","mainEntityOfPage":{"@id":"https:\/\/somos-hermanos.mx\/index.php\/2025\/08\/04\/asociacion-alzheimer-de-los-mochis-iap-un-trato-digno-al-alcance-de-todos\/"},"wordCount":385,"commentCount":0,"publisher":{"@id":"https:\/\/somos-hermanos.mx\/#organization"},"image":{"@id":"https:\/\/somos-hermanos.mx\/index.php\/2025\/08\/04\/asociacion-alzheimer-de-los-mochis-iap-un-trato-digno-al-alcance-de-todos\/#primaryimage"},"thumbnailUrl":"https:\/\/somos-hermanos.mx\/wp-content\/uploads\/2025\/08\/moch1.jpeg","articleSection":["Noticias"],"inLanguage":"es","potentialAction":[{"@type":"CommentAction","name":"Comment","target":["https:\/\/somos-hermanos.mx\/index.php\/2025\/08\/04\/asociacion-alzheimer-de-los-mochis-iap-un-trato-digno-al-alcance-de-todos\/#respond"]}]},{"@type":"WebPage","@id":"https:\/\/somos-hermanos.mx\/index.php\/2025\/08\/04\/asociacion-alzheimer-de-los-mochis-iap-un-trato-digno-al-alcance-de-todos\/","url":"https:\/\/somos-hermanos.mx\/index.php\/2025\/08\/04\/asociacion-alzheimer-de-los-mochis-iap-un-trato-digno-al-alcance-de-todos\/","name":"Asociaci\u00f3n Alzheimer de los Mochis IAP: Un trato digno al alcance de todos - Historias que inspiran...","isPartOf":{"@id":"https:\/\/somos-hermanos.mx\/#website"},"primaryImageOfPage":{"@id":"https:\/\/somos-hermanos.mx\/index.php\/2025\/08\/04\/asociacion-alzheimer-de-los-mochis-iap-un-trato-digno-al-alcance-de-todos\/#primaryimage"},"image":{"@id":"https:\/\/somos-hermanos.mx\/index.php\/2025\/08\/04\/asociacion-alzheimer-de-los-mochis-iap-un-trato-digno-al-alcance-de-todos\/#primaryimage"},"thumbnailUrl":"https:\/\/somos-hermanos.mx\/wp-content\/uploads\/2025\/08\/moch1.jpeg","datePublished":"2025-08-04T09:14:06+00:00","breadcrumb":{"@id":"https:\/\/somos-hermanos.mx\/index.php\/2025\/08\/04\/asociacion-alzheimer-de-los-mochis-iap-un-trato-digno-al-alcance-de-todos\/#breadcrumb"},"inLanguage":"es","potentialAction":[{"@type":"ReadAction","target":["https:\/\/somos-hermanos.mx\/index.php\/2025\/08\/04\/asociacion-alzheimer-de-los-mochis-iap-un-trato-digno-al-alcance-de-todos\/"]}]},{"@type":"ImageObject","inLanguage":"es","@id":"https:\/\/somos-hermanos.mx\/index.php\/2025\/08\/04\/asociacion-alzheimer-de-los-mochis-iap-un-trato-digno-al-alcance-de-todos\/#primaryimage","url":"https:\/\/somos-hermanos.mx\/wp-content\/uploads\/2025\/08\/moch1.jpeg","contentUrl":"https:\/\/somos-hermanos.mx\/wp-content\/uploads\/2025\/08\/moch1.jpeg","width":1040,"height":584},{"@type":"BreadcrumbList","@id":"https:\/\/somos-hermanos.mx\/index.php\/2025\/08\/04\/asociacion-alzheimer-de-los-mochis-iap-un-trato-digno-al-alcance-de-todos\/#breadcrumb","itemListElement":[{"@type":"ListItem","position":1,"name":"Inicio","item":"https:\/\/somos-hermanos.mx\/"},{"@type":"ListItem","position":2,"name":"Asociaci\u00f3n Alzheimer de los Mochis IAP: Un trato digno al alcance de todos"}]},{"@type":"WebSite","@id":"https:\/\/somos-hermanos.mx\/#website","url":"https:\/\/somos-hermanos.mx\/","name":"Historias que inspiran...","description":"Somos la voz del altruismo en M\u00e9xico","publisher":{"@id":"https:\/\/somos-hermanos.mx\/#organization"},"potentialAction":[{"@type":"SearchAction","target":{"@type":"EntryPoint","urlTemplate":"https:\/\/somos-hermanos.mx\/?s={search_term_string}"},"query-input":{"@type":"PropertyValueSpecification","valueRequired":true,"valueName":"search_term_string"}}],"inLanguage":"es"},{"@type":"Organization","@id":"https:\/\/somos-hermanos.mx\/#organization","name":"Somos Hermanos","url":"https:\/\/somos-hermanos.mx\/","logo":{"@type":"ImageObject","inLanguage":"es","@id":"https:\/\/somos-hermanos.mx\/#\/schema\/logo\/image\/","url":"https:\/\/somos-hermanos.mx\/wp-content\/uploads\/2025\/08\/SH30-1.jpeg","contentUrl":"https:\/\/somos-hermanos.mx\/wp-content\/uploads\/2025\/08\/SH30-1.jpeg","width":1600,"height":1142,"caption":"Somos Hermanos"},"image":{"@id":"https:\/\/somos-hermanos.mx\/#\/schema\/logo\/image\/"},"sameAs":["https:\/\/www.facebook.com\/SomosHermanosIAP\/","https:\/\/x.com\/Somos__Hermanos","https:\/\/www.instagram.com\/somos__hermanos\/#","https:\/\/www.tiktok.com\/@somoshermanosiap","https:\/\/www.youtube.com\/@somoshermanosiap1201\/videos"]},{"@type":"Person","@id":"https:\/\/somos-hermanos.mx\/#\/schema\/person\/0998f178948ff64bb6e8e1479a973eb7","name":"Itzel Montiel Luna","image":{"@type":"ImageObject","inLanguage":"es","@id":"https:\/\/secure.gravatar.com\/avatar\/fa18ed3df0c81049a1f84da7aea98a9f130aedfb6076ab013d6451875eb77a7b?s=96&d=mm&r=g","url":"https:\/\/secure.gravatar.com\/avatar\/fa18ed3df0c81049a1f84da7aea98a9f130aedfb6076ab013d6451875eb77a7b?s=96&d=mm&r=g","contentUrl":"https:\/\/secure.gravatar.com\/avatar\/fa18ed3df0c81049a1f84da7aea98a9f130aedfb6076ab013d6451875eb77a7b?s=96&d=mm&r=g","caption":"Itzel Montiel Luna"},"url":"https:\/\/somos-hermanos.mx\/index.php\/author\/itzel-montiel-luna\/"}]}},"_links":{"self":[{"href":"https:\/\/somos-hermanos.mx\/index.php\/wp-json\/wp\/v2\/posts\/887","targetHints":{"allow":["GET"]}}],"collection":[{"href":"https:\/\/somos-hermanos.mx\/index.php\/wp-json\/wp\/v2\/posts"}],"about":[{"href":"https:\/\/somos-hermanos.mx\/index.php\/wp-json\/wp\/v2\/types\/post"}],"author":[{"embeddable":true,"href":"https:\/\/somos-hermanos.mx\/index.php\/wp-json\/wp\/v2\/users\/15"}],"replies":[{"embeddable":true,"href":"https:\/\/somos-hermanos.mx\/index.php\/wp-json\/wp\/v2\/comments?post=887"}],"version-history":[{"count":1,"href":"https:\/\/somos-hermanos.mx\/index.php\/wp-json\/wp\/v2\/posts\/887\/revisions"}],"predecessor-version":[{"id":889,"href":"https:\/\/somos-hermanos.mx\/index.php\/wp-json\/wp\/v2\/posts\/887\/revisions\/889"}],"wp:featuredmedia":[{"embeddable":true,"href":"https:\/\/somos-hermanos.mx\/index.php\/wp-json\/wp\/v2\/media\/888"}],"wp:attachment":[{"href":"https:\/\/somos-hermanos.mx\/index.php\/wp-json\/wp\/v2\/media?parent=887"}],"wp:term":[{"taxonomy":"category","embeddable":true,"href":"https:\/\/somos-hermanos.mx\/index.php\/wp-json\/wp\/v2\/categories?post=887"},{"taxonomy":"post_tag","embeddable":true,"href":"https:\/\/somos-hermanos.mx\/index.php\/wp-json\/wp\/v2\/tags?post=887"}],"curies":[{"name":"wp","href":"https:\/\/api.w.org\/{rel}","templated":true}]}}