{"id":884,"date":"2025-08-04T03:12:42","date_gmt":"2025-08-04T09:12:42","guid":{"rendered":"https:\/\/somos-hermanos.mx\/?p=884"},"modified":"2025-08-04T03:12:42","modified_gmt":"2025-08-04T09:12:42","slug":"albergues-de-mexico-iap-fortalece-el-tejido-social","status":"publish","type":"post","link":"https:\/\/somos-hermanos.mx\/index.php\/2025\/08\/04\/albergues-de-mexico-iap-fortalece-el-tejido-social\/","title":{"rendered":"Albergues de M\u00e9xico IAP: Fortalece el tejido social"},"content":{"rendered":"<p><strong>Albergues de M\u00e9xico IAP<\/strong>\u00a0es una instituci\u00f3n conformada por profesionales de la salud, psic\u00f3logos, terapeutas, gu\u00edas espirituales, entre otros que crean ambientes pertinentes para mejorar la calidad de vida de personas con el virus de la Inmunodeficiencia Humana (VIH) o que han desarrollado alguna enfermedad asociada con el S\u00edndrome de la Inmunodeficiencia Adquirida (SIDA); tienen su \u201cbase\u201d en el Ajusco en la CDMX.<\/p>\n<p>Esta IAP se encarga de crear albergues que sean un espacio y centro de reflexi\u00f3n para una vida digna de personas que sufren con el virus o enfermedades ya mencionadas, adem\u00e1s que tambi\u00e9n apoyan a personas con adicciones o que sufren enfermedades auto degenerativas o c\u00e1ncer.<\/p>\n<p>Adem\u00e1s de la funci\u00f3n b\u00e1sica de un albergue, tambi\u00e9n ofrecen servicios como retiros, talleres, cursos, grupos de autoayuda, asesor\u00eda profesional, acompa\u00f1amiento, l\u00ednea de contenci\u00f3n y encuentros de reflexi\u00f3n. Cada servicio tiene diferentes misiones, aunque en la web oficial de <a href=\"https:\/\/www.alberguesdemexico.org.mx\/\"><strong><u>Albergues de M\u00e9xico I.A.P<\/u><\/strong><\/a><strong>\u00a0<\/strong>se puede obtener informaci\u00f3n sobre cada uno, se destaca lo siguiente.<\/p>\n<p>Los talleres, cursos y retiros se llevan a cabo en \u201cErmita Ajusco\u201d, esto para aprovechar la calma y tranquilidad del lugar, el grupo de auto apoyo se realiza cerca del metro Centro M\u00e9dico y no tiene mayor requisito que ser mayor de 16 a\u00f1os, la asesor\u00eda se centra en <strong>medicina general, terapia psicol\u00f3gica y tanatolog\u00eda, <\/strong>mientras que el centro de acompa\u00f1amiento se basa en <strong>consejer\u00eda medica-emocional-psicol\u00f3gica, visitas domiciliarias, reintegraci\u00f3n a la vida y terapia ocupacional.<\/strong><\/p>\n<p>De igual manera, se ofrece un albergue de corta estancia, este servicio es exclusivo para pacientes en recuperaci\u00f3n en VIH, adicciones, c\u00e1ncer, grupos de auto apoyo y empoderamiento de mujer<\/p>\n<p>Esta instituci\u00f3n de asistencia privada recuerda que ayudar a grupos vulnerables no s\u00f3lo se queda en aspectos b\u00e1sicos como darles un techo \u2013no se quiere dar a entender techo no sea importante -, <strong>ya que sumar esfuerzos y apoyos como los talleres o el grupo de auto ayuda permiten que estos grupos puedan tener una vida digna.<\/strong><\/p>\n","protected":false},"excerpt":{"rendered":"<p>Albergues de M\u00e9xico IAP\u00a0es una instituci\u00f3n conformada por profesionales de la salud, psic\u00f3logos, terapeutas, gu\u00edas espirituales, entre otros que crean ambientes pertinentes para mejorar la calidad de vida de personas con el virus de la Inmunodeficiencia Humana (VIH) o que han desarrollado alguna enfermedad asociada con el S\u00edndrome de la Inmunodeficiencia Adquirida (SIDA); tienen su [&hellip;]<\/p>\n","protected":false},"author":11,"featured_media":885,"comment_status":"open","ping_status":"closed","sticky":false,"template":"","format":"standard","meta":{"footnotes":""},"categories":[6],"tags":[],"class_list":["post-884","post","type-post","status-publish","format-standard","has-post-thumbnail","hentry","category-noticias"],"yoast_head":"<!-- This site is optimized with the Yoast SEO plugin v27.5 - https:\/\/yoast.com\/product\/yoast-seo-wordpress\/ -->\n<title>Albergues de M\u00e9xico IAP: Fortalece el tejido social - Historias que inspiran...<\/title>\n<meta name=\"robots\" content=\"index, follow, max-snippet:-1, max-image-preview:large, max-video-preview:-1\" \/>\n<link rel=\"canonical\" href=\"https:\/\/somos-hermanos.mx\/index.php\/2025\/08\/04\/albergues-de-mexico-iap-fortalece-el-tejido-social\/\" \/>\n<meta property=\"og:locale\" content=\"es_MX\" \/>\n<meta property=\"og:type\" content=\"article\" \/>\n<meta property=\"og:title\" content=\"Albergues de M\u00e9xico IAP: Fortalece el tejido social - Historias que inspiran...\" \/>\n<meta property=\"og:description\" content=\"Albergues de M\u00e9xico IAP\u00a0es una instituci\u00f3n conformada por profesionales de la salud, psic\u00f3logos, terapeutas, gu\u00edas espirituales, entre otros que crean ambientes pertinentes para mejorar la calidad de vida de personas con el virus de la Inmunodeficiencia Humana (VIH) o que han desarrollado alguna enfermedad asociada con el S\u00edndrome de la Inmunodeficiencia Adquirida (SIDA); tienen su [&hellip;]\" \/>\n<meta property=\"og:url\" content=\"https:\/\/somos-hermanos.mx\/index.php\/2025\/08\/04\/albergues-de-mexico-iap-fortalece-el-tejido-social\/\" \/>\n<meta property=\"og:site_name\" content=\"Historias que inspiran...\" \/>\n<meta property=\"article:publisher\" content=\"https:\/\/www.facebook.com\/SomosHermanosIAP\/\" \/>\n<meta property=\"article:published_time\" content=\"2025-08-04T09:12:42+00:00\" \/>\n<meta property=\"og:image\" content=\"https:\/\/somos-hermanos.mx\/wp-content\/uploads\/2025\/08\/albe2.jpeg\" \/>\n\t<meta property=\"og:image:width\" content=\"1600\" \/>\n\t<meta property=\"og:image:height\" content=\"1200\" \/>\n\t<meta property=\"og:image:type\" content=\"image\/jpeg\" \/>\n<meta name=\"author\" content=\"Diego Martinez Vera\" \/>\n<meta name=\"twitter:card\" content=\"summary_large_image\" \/>\n<meta name=\"twitter:creator\" content=\"@Somos__Hermanos\" \/>\n<meta name=\"twitter:site\" content=\"@Somos__Hermanos\" \/>\n<meta name=\"twitter:label1\" content=\"Escrito por\" \/>\n\t<meta name=\"twitter:data1\" content=\"Diego Martinez Vera\" \/>\n\t<meta name=\"twitter:label2\" content=\"Tiempo de lectura\" \/>\n\t<meta name=\"twitter:data2\" content=\"2 minutos\" \/>\n<script type=\"application\/ld+json\" class=\"yoast-schema-graph\">{\"@context\":\"https:\\\/\\\/schema.org\",\"@graph\":[{\"@type\":\"Article\",\"@id\":\"https:\\\/\\\/somos-hermanos.mx\\\/index.php\\\/2025\\\/08\\\/04\\\/albergues-de-mexico-iap-fortalece-el-tejido-social\\\/#article\",\"isPartOf\":{\"@id\":\"https:\\\/\\\/somos-hermanos.mx\\\/index.php\\\/2025\\\/08\\\/04\\\/albergues-de-mexico-iap-fortalece-el-tejido-social\\\/\"},\"author\":{\"name\":\"Diego Martinez Vera\",\"@id\":\"https:\\\/\\\/somos-hermanos.mx\\\/#\\\/schema\\\/person\\\/fc58249a97075ffb5f881188712b36f0\"},\"headline\":\"Albergues de M\u00e9xico IAP: Fortalece el tejido social\",\"datePublished\":\"2025-08-04T09:12:42+00:00\",\"mainEntityOfPage\":{\"@id\":\"https:\\\/\\\/somos-hermanos.mx\\\/index.php\\\/2025\\\/08\\\/04\\\/albergues-de-mexico-iap-fortalece-el-tejido-social\\\/\"},\"wordCount\":369,\"commentCount\":0,\"publisher\":{\"@id\":\"https:\\\/\\\/somos-hermanos.mx\\\/#organization\"},\"image\":{\"@id\":\"https:\\\/\\\/somos-hermanos.mx\\\/index.php\\\/2025\\\/08\\\/04\\\/albergues-de-mexico-iap-fortalece-el-tejido-social\\\/#primaryimage\"},\"thumbnailUrl\":\"https:\\\/\\\/somos-hermanos.mx\\\/wp-content\\\/uploads\\\/2025\\\/08\\\/albe2.jpeg\",\"articleSection\":[\"Noticias\"],\"inLanguage\":\"es\",\"potentialAction\":[{\"@type\":\"CommentAction\",\"name\":\"Comment\",\"target\":[\"https:\\\/\\\/somos-hermanos.mx\\\/index.php\\\/2025\\\/08\\\/04\\\/albergues-de-mexico-iap-fortalece-el-tejido-social\\\/#respond\"]}]},{\"@type\":\"WebPage\",\"@id\":\"https:\\\/\\\/somos-hermanos.mx\\\/index.php\\\/2025\\\/08\\\/04\\\/albergues-de-mexico-iap-fortalece-el-tejido-social\\\/\",\"url\":\"https:\\\/\\\/somos-hermanos.mx\\\/index.php\\\/2025\\\/08\\\/04\\\/albergues-de-mexico-iap-fortalece-el-tejido-social\\\/\",\"name\":\"Albergues de M\u00e9xico IAP: Fortalece el tejido social - Historias que inspiran...\",\"isPartOf\":{\"@id\":\"https:\\\/\\\/somos-hermanos.mx\\\/#website\"},\"primaryImageOfPage\":{\"@id\":\"https:\\\/\\\/somos-hermanos.mx\\\/index.php\\\/2025\\\/08\\\/04\\\/albergues-de-mexico-iap-fortalece-el-tejido-social\\\/#primaryimage\"},\"image\":{\"@id\":\"https:\\\/\\\/somos-hermanos.mx\\\/index.php\\\/2025\\\/08\\\/04\\\/albergues-de-mexico-iap-fortalece-el-tejido-social\\\/#primaryimage\"},\"thumbnailUrl\":\"https:\\\/\\\/somos-hermanos.mx\\\/wp-content\\\/uploads\\\/2025\\\/08\\\/albe2.jpeg\",\"datePublished\":\"2025-08-04T09:12:42+00:00\",\"breadcrumb\":{\"@id\":\"https:\\\/\\\/somos-hermanos.mx\\\/index.php\\\/2025\\\/08\\\/04\\\/albergues-de-mexico-iap-fortalece-el-tejido-social\\\/#breadcrumb\"},\"inLanguage\":\"es\",\"potentialAction\":[{\"@type\":\"ReadAction\",\"target\":[\"https:\\\/\\\/somos-hermanos.mx\\\/index.php\\\/2025\\\/08\\\/04\\\/albergues-de-mexico-iap-fortalece-el-tejido-social\\\/\"]}]},{\"@type\":\"ImageObject\",\"inLanguage\":\"es\",\"@id\":\"https:\\\/\\\/somos-hermanos.mx\\\/index.php\\\/2025\\\/08\\\/04\\\/albergues-de-mexico-iap-fortalece-el-tejido-social\\\/#primaryimage\",\"url\":\"https:\\\/\\\/somos-hermanos.mx\\\/wp-content\\\/uploads\\\/2025\\\/08\\\/albe2.jpeg\",\"contentUrl\":\"https:\\\/\\\/somos-hermanos.mx\\\/wp-content\\\/uploads\\\/2025\\\/08\\\/albe2.jpeg\",\"width\":1600,\"height\":1200},{\"@type\":\"BreadcrumbList\",\"@id\":\"https:\\\/\\\/somos-hermanos.mx\\\/index.php\\\/2025\\\/08\\\/04\\\/albergues-de-mexico-iap-fortalece-el-tejido-social\\\/#breadcrumb\",\"itemListElement\":[{\"@type\":\"ListItem\",\"position\":1,\"name\":\"Inicio\",\"item\":\"https:\\\/\\\/somos-hermanos.mx\\\/\"},{\"@type\":\"ListItem\",\"position\":2,\"name\":\"Albergues de M\u00e9xico IAP: Fortalece el tejido social\"}]},{\"@type\":\"WebSite\",\"@id\":\"https:\\\/\\\/somos-hermanos.mx\\\/#website\",\"url\":\"https:\\\/\\\/somos-hermanos.mx\\\/\",\"name\":\"Historias que inspiran...\",\"description\":\"Somos la voz del altruismo en M\u00e9xico\",\"publisher\":{\"@id\":\"https:\\\/\\\/somos-hermanos.mx\\\/#organization\"},\"potentialAction\":[{\"@type\":\"SearchAction\",\"target\":{\"@type\":\"EntryPoint\",\"urlTemplate\":\"https:\\\/\\\/somos-hermanos.mx\\\/?s={search_term_string}\"},\"query-input\":{\"@type\":\"PropertyValueSpecification\",\"valueRequired\":true,\"valueName\":\"search_term_string\"}}],\"inLanguage\":\"es\"},{\"@type\":\"Organization\",\"@id\":\"https:\\\/\\\/somos-hermanos.mx\\\/#organization\",\"name\":\"Somos Hermanos\",\"url\":\"https:\\\/\\\/somos-hermanos.mx\\\/\",\"logo\":{\"@type\":\"ImageObject\",\"inLanguage\":\"es\",\"@id\":\"https:\\\/\\\/somos-hermanos.mx\\\/#\\\/schema\\\/logo\\\/image\\\/\",\"url\":\"https:\\\/\\\/somos-hermanos.mx\\\/wp-content\\\/uploads\\\/2025\\\/08\\\/SH30-1.jpeg\",\"contentUrl\":\"https:\\\/\\\/somos-hermanos.mx\\\/wp-content\\\/uploads\\\/2025\\\/08\\\/SH30-1.jpeg\",\"width\":1600,\"height\":1142,\"caption\":\"Somos Hermanos\"},\"image\":{\"@id\":\"https:\\\/\\\/somos-hermanos.mx\\\/#\\\/schema\\\/logo\\\/image\\\/\"},\"sameAs\":[\"https:\\\/\\\/www.facebook.com\\\/SomosHermanosIAP\\\/\",\"https:\\\/\\\/x.com\\\/Somos__Hermanos\",\"https:\\\/\\\/www.instagram.com\\\/somos__hermanos\\\/#\",\"https:\\\/\\\/www.tiktok.com\\\/@somoshermanosiap\",\"https:\\\/\\\/www.youtube.com\\\/@somoshermanosiap1201\\\/videos\"]},{\"@type\":\"Person\",\"@id\":\"https:\\\/\\\/somos-hermanos.mx\\\/#\\\/schema\\\/person\\\/fc58249a97075ffb5f881188712b36f0\",\"name\":\"Diego Martinez Vera\",\"image\":{\"@type\":\"ImageObject\",\"inLanguage\":\"es\",\"@id\":\"https:\\\/\\\/secure.gravatar.com\\\/avatar\\\/ecfdc33b17a39c97521c7bcf5ac1bc04ba20a324e38c4a1d3dc73796bba06333?s=96&d=mm&r=g\",\"url\":\"https:\\\/\\\/secure.gravatar.com\\\/avatar\\\/ecfdc33b17a39c97521c7bcf5ac1bc04ba20a324e38c4a1d3dc73796bba06333?s=96&d=mm&r=g\",\"contentUrl\":\"https:\\\/\\\/secure.gravatar.com\\\/avatar\\\/ecfdc33b17a39c97521c7bcf5ac1bc04ba20a324e38c4a1d3dc73796bba06333?s=96&d=mm&r=g\",\"caption\":\"Diego Martinez Vera\"},\"url\":\"https:\\\/\\\/somos-hermanos.mx\\\/index.php\\\/author\\\/diego-martinez-vera\\\/\"}]}<\/script>\n<!-- \/ Yoast SEO plugin. -->","yoast_head_json":{"title":"Albergues de M\u00e9xico IAP: Fortalece el tejido social - Historias que inspiran...","robots":{"index":"index","follow":"follow","max-snippet":"max-snippet:-1","max-image-preview":"max-image-preview:large","max-video-preview":"max-video-preview:-1"},"canonical":"https:\/\/somos-hermanos.mx\/index.php\/2025\/08\/04\/albergues-de-mexico-iap-fortalece-el-tejido-social\/","og_locale":"es_MX","og_type":"article","og_title":"Albergues de M\u00e9xico IAP: Fortalece el tejido social - Historias que inspiran...","og_description":"Albergues de M\u00e9xico IAP\u00a0es una instituci\u00f3n conformada por profesionales de la salud, psic\u00f3logos, terapeutas, gu\u00edas espirituales, entre otros que crean ambientes pertinentes para mejorar la calidad de vida de personas con el virus de la Inmunodeficiencia Humana (VIH) o que han desarrollado alguna enfermedad asociada con el S\u00edndrome de la Inmunodeficiencia Adquirida (SIDA); tienen su [&hellip;]","og_url":"https:\/\/somos-hermanos.mx\/index.php\/2025\/08\/04\/albergues-de-mexico-iap-fortalece-el-tejido-social\/","og_site_name":"Historias que inspiran...","article_publisher":"https:\/\/www.facebook.com\/SomosHermanosIAP\/","article_published_time":"2025-08-04T09:12:42+00:00","og_image":[{"width":1600,"height":1200,"url":"https:\/\/somos-hermanos.mx\/wp-content\/uploads\/2025\/08\/albe2.jpeg","type":"image\/jpeg"}],"author":"Diego Martinez Vera","twitter_card":"summary_large_image","twitter_creator":"@Somos__Hermanos","twitter_site":"@Somos__Hermanos","twitter_misc":{"Escrito por":"Diego Martinez Vera","Tiempo de lectura":"2 minutos"},"schema":{"@context":"https:\/\/schema.org","@graph":[{"@type":"Article","@id":"https:\/\/somos-hermanos.mx\/index.php\/2025\/08\/04\/albergues-de-mexico-iap-fortalece-el-tejido-social\/#article","isPartOf":{"@id":"https:\/\/somos-hermanos.mx\/index.php\/2025\/08\/04\/albergues-de-mexico-iap-fortalece-el-tejido-social\/"},"author":{"name":"Diego Martinez Vera","@id":"https:\/\/somos-hermanos.mx\/#\/schema\/person\/fc58249a97075ffb5f881188712b36f0"},"headline":"Albergues de M\u00e9xico IAP: Fortalece el tejido social","datePublished":"2025-08-04T09:12:42+00:00","mainEntityOfPage":{"@id":"https:\/\/somos-hermanos.mx\/index.php\/2025\/08\/04\/albergues-de-mexico-iap-fortalece-el-tejido-social\/"},"wordCount":369,"commentCount":0,"publisher":{"@id":"https:\/\/somos-hermanos.mx\/#organization"},"image":{"@id":"https:\/\/somos-hermanos.mx\/index.php\/2025\/08\/04\/albergues-de-mexico-iap-fortalece-el-tejido-social\/#primaryimage"},"thumbnailUrl":"https:\/\/somos-hermanos.mx\/wp-content\/uploads\/2025\/08\/albe2.jpeg","articleSection":["Noticias"],"inLanguage":"es","potentialAction":[{"@type":"CommentAction","name":"Comment","target":["https:\/\/somos-hermanos.mx\/index.php\/2025\/08\/04\/albergues-de-mexico-iap-fortalece-el-tejido-social\/#respond"]}]},{"@type":"WebPage","@id":"https:\/\/somos-hermanos.mx\/index.php\/2025\/08\/04\/albergues-de-mexico-iap-fortalece-el-tejido-social\/","url":"https:\/\/somos-hermanos.mx\/index.php\/2025\/08\/04\/albergues-de-mexico-iap-fortalece-el-tejido-social\/","name":"Albergues de M\u00e9xico IAP: Fortalece el tejido social - Historias que inspiran...","isPartOf":{"@id":"https:\/\/somos-hermanos.mx\/#website"},"primaryImageOfPage":{"@id":"https:\/\/somos-hermanos.mx\/index.php\/2025\/08\/04\/albergues-de-mexico-iap-fortalece-el-tejido-social\/#primaryimage"},"image":{"@id":"https:\/\/somos-hermanos.mx\/index.php\/2025\/08\/04\/albergues-de-mexico-iap-fortalece-el-tejido-social\/#primaryimage"},"thumbnailUrl":"https:\/\/somos-hermanos.mx\/wp-content\/uploads\/2025\/08\/albe2.jpeg","datePublished":"2025-08-04T09:12:42+00:00","breadcrumb":{"@id":"https:\/\/somos-hermanos.mx\/index.php\/2025\/08\/04\/albergues-de-mexico-iap-fortalece-el-tejido-social\/#breadcrumb"},"inLanguage":"es","potentialAction":[{"@type":"ReadAction","target":["https:\/\/somos-hermanos.mx\/index.php\/2025\/08\/04\/albergues-de-mexico-iap-fortalece-el-tejido-social\/"]}]},{"@type":"ImageObject","inLanguage":"es","@id":"https:\/\/somos-hermanos.mx\/index.php\/2025\/08\/04\/albergues-de-mexico-iap-fortalece-el-tejido-social\/#primaryimage","url":"https:\/\/somos-hermanos.mx\/wp-content\/uploads\/2025\/08\/albe2.jpeg","contentUrl":"https:\/\/somos-hermanos.mx\/wp-content\/uploads\/2025\/08\/albe2.jpeg","width":1600,"height":1200},{"@type":"BreadcrumbList","@id":"https:\/\/somos-hermanos.mx\/index.php\/2025\/08\/04\/albergues-de-mexico-iap-fortalece-el-tejido-social\/#breadcrumb","itemListElement":[{"@type":"ListItem","position":1,"name":"Inicio","item":"https:\/\/somos-hermanos.mx\/"},{"@type":"ListItem","position":2,"name":"Albergues de M\u00e9xico IAP: Fortalece el tejido social"}]},{"@type":"WebSite","@id":"https:\/\/somos-hermanos.mx\/#website","url":"https:\/\/somos-hermanos.mx\/","name":"Historias que inspiran...","description":"Somos la voz del altruismo en M\u00e9xico","publisher":{"@id":"https:\/\/somos-hermanos.mx\/#organization"},"potentialAction":[{"@type":"SearchAction","target":{"@type":"EntryPoint","urlTemplate":"https:\/\/somos-hermanos.mx\/?s={search_term_string}"},"query-input":{"@type":"PropertyValueSpecification","valueRequired":true,"valueName":"search_term_string"}}],"inLanguage":"es"},{"@type":"Organization","@id":"https:\/\/somos-hermanos.mx\/#organization","name":"Somos Hermanos","url":"https:\/\/somos-hermanos.mx\/","logo":{"@type":"ImageObject","inLanguage":"es","@id":"https:\/\/somos-hermanos.mx\/#\/schema\/logo\/image\/","url":"https:\/\/somos-hermanos.mx\/wp-content\/uploads\/2025\/08\/SH30-1.jpeg","contentUrl":"https:\/\/somos-hermanos.mx\/wp-content\/uploads\/2025\/08\/SH30-1.jpeg","width":1600,"height":1142,"caption":"Somos Hermanos"},"image":{"@id":"https:\/\/somos-hermanos.mx\/#\/schema\/logo\/image\/"},"sameAs":["https:\/\/www.facebook.com\/SomosHermanosIAP\/","https:\/\/x.com\/Somos__Hermanos","https:\/\/www.instagram.com\/somos__hermanos\/#","https:\/\/www.tiktok.com\/@somoshermanosiap","https:\/\/www.youtube.com\/@somoshermanosiap1201\/videos"]},{"@type":"Person","@id":"https:\/\/somos-hermanos.mx\/#\/schema\/person\/fc58249a97075ffb5f881188712b36f0","name":"Diego Martinez Vera","image":{"@type":"ImageObject","inLanguage":"es","@id":"https:\/\/secure.gravatar.com\/avatar\/ecfdc33b17a39c97521c7bcf5ac1bc04ba20a324e38c4a1d3dc73796bba06333?s=96&d=mm&r=g","url":"https:\/\/secure.gravatar.com\/avatar\/ecfdc33b17a39c97521c7bcf5ac1bc04ba20a324e38c4a1d3dc73796bba06333?s=96&d=mm&r=g","contentUrl":"https:\/\/secure.gravatar.com\/avatar\/ecfdc33b17a39c97521c7bcf5ac1bc04ba20a324e38c4a1d3dc73796bba06333?s=96&d=mm&r=g","caption":"Diego Martinez Vera"},"url":"https:\/\/somos-hermanos.mx\/index.php\/author\/diego-martinez-vera\/"}]}},"_links":{"self":[{"href":"https:\/\/somos-hermanos.mx\/index.php\/wp-json\/wp\/v2\/posts\/884","targetHints":{"allow":["GET"]}}],"collection":[{"href":"https:\/\/somos-hermanos.mx\/index.php\/wp-json\/wp\/v2\/posts"}],"about":[{"href":"https:\/\/somos-hermanos.mx\/index.php\/wp-json\/wp\/v2\/types\/post"}],"author":[{"embeddable":true,"href":"https:\/\/somos-hermanos.mx\/index.php\/wp-json\/wp\/v2\/users\/11"}],"replies":[{"embeddable":true,"href":"https:\/\/somos-hermanos.mx\/index.php\/wp-json\/wp\/v2\/comments?post=884"}],"version-history":[{"count":1,"href":"https:\/\/somos-hermanos.mx\/index.php\/wp-json\/wp\/v2\/posts\/884\/revisions"}],"predecessor-version":[{"id":886,"href":"https:\/\/somos-hermanos.mx\/index.php\/wp-json\/wp\/v2\/posts\/884\/revisions\/886"}],"wp:featuredmedia":[{"embeddable":true,"href":"https:\/\/somos-hermanos.mx\/index.php\/wp-json\/wp\/v2\/media\/885"}],"wp:attachment":[{"href":"https:\/\/somos-hermanos.mx\/index.php\/wp-json\/wp\/v2\/media?parent=884"}],"wp:term":[{"taxonomy":"category","embeddable":true,"href":"https:\/\/somos-hermanos.mx\/index.php\/wp-json\/wp\/v2\/categories?post=884"},{"taxonomy":"post_tag","embeddable":true,"href":"https:\/\/somos-hermanos.mx\/index.php\/wp-json\/wp\/v2\/tags?post=884"}],"curies":[{"name":"wp","href":"https:\/\/api.w.org\/{rel}","templated":true}]}}