{"id":878,"date":"2025-08-04T03:10:46","date_gmt":"2025-08-04T09:10:46","guid":{"rendered":"https:\/\/somos-hermanos.mx\/?p=878"},"modified":"2025-08-04T03:10:46","modified_gmt":"2025-08-04T09:10:46","slug":"kalnemi-una-casa-que-fomenta-a-la-unidad-y-el-trabajo-social","status":"publish","type":"post","link":"https:\/\/somos-hermanos.mx\/index.php\/2025\/08\/04\/kalnemi-una-casa-que-fomenta-a-la-unidad-y-el-trabajo-social\/","title":{"rendered":"KALNEMI: Una casa que fomenta a la unidad y el trabajo social"},"content":{"rendered":"<p>Uno de los prop\u00f3sitos para los profesionales de trabajo social es poder mejorar el bienestar social y la calidad de vida de las personas, adem\u00e1s de incitar la participaci\u00f3n de las personas para crear una comunidad segura. Por ello, diferentes personas se han organizado para crear una asociaci\u00f3n civil que se encargue de tratar las problem\u00e1ticas en las comunidades.<\/p>\n<p><strong><b>\u00bfQu\u00e9 es Kalnemi? <\/b><\/strong><\/p>\n<p><strong>Kalnemi Casa de la Vida es una organizaci\u00f3n sin fines de lucro que est\u00e1 asociada al Departamento de Informaci\u00f3n P\u00fablica de la ONU,<\/strong>\u00a0el cual nace debido a los pocos espacios de incidencia de los trabajadores sociales para implementar programas de desarrollo y unidad social.<\/p>\n<p>Fue fundada en 1999 y desde entonces, han desarrollado estrategias y alianzas con otras organizaciones. Su principal <strong>objetivo es impulsar la participaci\u00f3n ciudadana y la creaci\u00f3n de programas sociales que mejoren la calidad de vida de grupos vulnerables. <\/strong><strong><b>\u00a0<\/b><\/strong><\/p>\n<p><strong><b>\u00bfQu\u00e9 han hecho en Kalnemi?<\/b><\/strong><\/p>\n<p>A lo largo de su trayectoria, han creado campa\u00f1as y programas, la m\u00e1s reciente se denomina Plan TransformaRSE 2030. Un programa de acompa\u00f1amiento en el dise\u00f1o y desarrollo de modelos de gesti\u00f3n e intervenci\u00f3n sostenible, de cultura y desarrollo organizacional, adem\u00e1s de implementar estrategias para alcanzar objetivos que se enfoquen en apoyar los derechos econ\u00f3micos, sociales, culturales y ambientales.<\/p>\n<p>En conjunto con la ONU, <strong>han establecido algunas medidas de apoyo dentro de los Objetivos de Desarrollo Sostenible.<\/strong>\u00a0Han realizado entregas de ropa y juguetes con apoyo de empresas como DAMSA, Dulces de la Rosa y Toka, tambi\u00e9n han otorgado despensas a m\u00e1s de 300 personas que viven en comunidades marginadas del pa\u00eds.<\/p>\n<p>En el caso de la salud, han hecho 270 jornadas de salud ortop\u00e9dica y 20 de atenci\u00f3n especializada al pie diab\u00e9tico. De igual forma, han obsequiado productos de higiene y salud femenina a 50 mujeres de bajos recursos.<\/p>\n<p>Asimismo, han apoyado a la conservaci\u00f3n del medio ambiente y a la implementaci\u00f3n de capacitaciones de empleo para personas vulnerables. Estos son solo algunos ejemplos de los diferentes apoyos que han organizado en Kalnemi.<\/p>\n<p><strong><b>\u00bfD\u00f3nde puedo encontrarlos?<\/b><\/strong><strong><b>\u00a0<\/b><\/strong><\/p>\n<p>Si te interesa conocer m\u00e1s informaci\u00f3n sobre la labor de esta organizaci\u00f3n puedes asistir a algunas de sus sedes, en Ciudad de M\u00e9xico, Jalisco, Colima, Puebla, Hidalgo, Estado de M\u00e9xico, Quer\u00e9taro, Michoac\u00e1n y San Luis Potos\u00ed. O en su caso puedes ingresar a su sitio web o buscarlos en sus redes sociales, tambi\u00e9n tienes la opci\u00f3n de suscribirte para recibir noticias o informaci\u00f3n para poder unirte como miembro de alg\u00fan programa.<\/p>\n<p>Si te interesa realizar alguna donaci\u00f3n puedes hacerlo a trav\u00e9s de su sitio web, la cantidad va desde los $10 hasta los $250, tambi\u00e9n puede ser una cantidad personalizada.<\/p>\n","protected":false},"excerpt":{"rendered":"<p>Uno de los prop\u00f3sitos para los profesionales de trabajo social es poder mejorar el bienestar social y la calidad de vida de las personas, adem\u00e1s de incitar la participaci\u00f3n de las personas para crear una comunidad segura. Por ello, diferentes personas se han organizado para crear una asociaci\u00f3n civil que se encargue de tratar las [&hellip;]<\/p>\n","protected":false},"author":19,"featured_media":879,"comment_status":"open","ping_status":"closed","sticky":false,"template":"","format":"standard","meta":{"footnotes":""},"categories":[6],"tags":[],"class_list":["post-878","post","type-post","status-publish","format-standard","has-post-thumbnail","hentry","category-noticias"],"yoast_head":"<!-- This site is optimized with the Yoast SEO plugin v27.5 - https:\/\/yoast.com\/product\/yoast-seo-wordpress\/ -->\n<title>KALNEMI: Una casa que fomenta a la unidad y el trabajo social - Historias que inspiran...<\/title>\n<meta name=\"robots\" content=\"index, follow, max-snippet:-1, max-image-preview:large, max-video-preview:-1\" \/>\n<link rel=\"canonical\" href=\"https:\/\/somos-hermanos.mx\/index.php\/2025\/08\/04\/kalnemi-una-casa-que-fomenta-a-la-unidad-y-el-trabajo-social\/\" \/>\n<meta property=\"og:locale\" content=\"es_MX\" \/>\n<meta property=\"og:type\" content=\"article\" \/>\n<meta property=\"og:title\" content=\"KALNEMI: Una casa que fomenta a la unidad y el trabajo social - Historias que inspiran...\" \/>\n<meta property=\"og:description\" content=\"Uno de los prop\u00f3sitos para los profesionales de trabajo social es poder mejorar el bienestar social y la calidad de vida de las personas, adem\u00e1s de incitar la participaci\u00f3n de las personas para crear una comunidad segura. Por ello, diferentes personas se han organizado para crear una asociaci\u00f3n civil que se encargue de tratar las [&hellip;]\" \/>\n<meta property=\"og:url\" content=\"https:\/\/somos-hermanos.mx\/index.php\/2025\/08\/04\/kalnemi-una-casa-que-fomenta-a-la-unidad-y-el-trabajo-social\/\" \/>\n<meta property=\"og:site_name\" content=\"Historias que inspiran...\" \/>\n<meta property=\"article:publisher\" content=\"https:\/\/www.facebook.com\/SomosHermanosIAP\/\" \/>\n<meta property=\"article:published_time\" content=\"2025-08-04T09:10:46+00:00\" \/>\n<meta property=\"og:image\" content=\"https:\/\/somos-hermanos.mx\/wp-content\/uploads\/2025\/08\/kalne1.jpeg\" \/>\n\t<meta property=\"og:image:width\" content=\"1080\" \/>\n\t<meta property=\"og:image:height\" content=\"486\" \/>\n\t<meta property=\"og:image:type\" content=\"image\/jpeg\" \/>\n<meta name=\"author\" content=\"Karina Hern\u00e1ndez Flores\" \/>\n<meta name=\"twitter:card\" content=\"summary_large_image\" \/>\n<meta name=\"twitter:creator\" content=\"@Somos__Hermanos\" \/>\n<meta name=\"twitter:site\" content=\"@Somos__Hermanos\" \/>\n<meta name=\"twitter:label1\" content=\"Escrito por\" \/>\n\t<meta name=\"twitter:data1\" content=\"Karina Hern\u00e1ndez Flores\" \/>\n\t<meta name=\"twitter:label2\" content=\"Tiempo de lectura\" \/>\n\t<meta name=\"twitter:data2\" content=\"3 minutos\" \/>\n<script type=\"application\/ld+json\" class=\"yoast-schema-graph\">{\"@context\":\"https:\\\/\\\/schema.org\",\"@graph\":[{\"@type\":\"Article\",\"@id\":\"https:\\\/\\\/somos-hermanos.mx\\\/index.php\\\/2025\\\/08\\\/04\\\/kalnemi-una-casa-que-fomenta-a-la-unidad-y-el-trabajo-social\\\/#article\",\"isPartOf\":{\"@id\":\"https:\\\/\\\/somos-hermanos.mx\\\/index.php\\\/2025\\\/08\\\/04\\\/kalnemi-una-casa-que-fomenta-a-la-unidad-y-el-trabajo-social\\\/\"},\"author\":{\"name\":\"Karina Hern\u00e1ndez Flores\",\"@id\":\"https:\\\/\\\/somos-hermanos.mx\\\/#\\\/schema\\\/person\\\/de3ab70150c2d9a40634e5ea37c6ef10\"},\"headline\":\"KALNEMI: Una casa que fomenta a la unidad y el trabajo social\",\"datePublished\":\"2025-08-04T09:10:46+00:00\",\"mainEntityOfPage\":{\"@id\":\"https:\\\/\\\/somos-hermanos.mx\\\/index.php\\\/2025\\\/08\\\/04\\\/kalnemi-una-casa-que-fomenta-a-la-unidad-y-el-trabajo-social\\\/\"},\"wordCount\":482,\"commentCount\":0,\"publisher\":{\"@id\":\"https:\\\/\\\/somos-hermanos.mx\\\/#organization\"},\"image\":{\"@id\":\"https:\\\/\\\/somos-hermanos.mx\\\/index.php\\\/2025\\\/08\\\/04\\\/kalnemi-una-casa-que-fomenta-a-la-unidad-y-el-trabajo-social\\\/#primaryimage\"},\"thumbnailUrl\":\"https:\\\/\\\/somos-hermanos.mx\\\/wp-content\\\/uploads\\\/2025\\\/08\\\/kalne1.jpeg\",\"articleSection\":[\"Noticias\"],\"inLanguage\":\"es\",\"potentialAction\":[{\"@type\":\"CommentAction\",\"name\":\"Comment\",\"target\":[\"https:\\\/\\\/somos-hermanos.mx\\\/index.php\\\/2025\\\/08\\\/04\\\/kalnemi-una-casa-que-fomenta-a-la-unidad-y-el-trabajo-social\\\/#respond\"]}]},{\"@type\":\"WebPage\",\"@id\":\"https:\\\/\\\/somos-hermanos.mx\\\/index.php\\\/2025\\\/08\\\/04\\\/kalnemi-una-casa-que-fomenta-a-la-unidad-y-el-trabajo-social\\\/\",\"url\":\"https:\\\/\\\/somos-hermanos.mx\\\/index.php\\\/2025\\\/08\\\/04\\\/kalnemi-una-casa-que-fomenta-a-la-unidad-y-el-trabajo-social\\\/\",\"name\":\"KALNEMI: Una casa que fomenta a la unidad y el trabajo social - Historias que inspiran...\",\"isPartOf\":{\"@id\":\"https:\\\/\\\/somos-hermanos.mx\\\/#website\"},\"primaryImageOfPage\":{\"@id\":\"https:\\\/\\\/somos-hermanos.mx\\\/index.php\\\/2025\\\/08\\\/04\\\/kalnemi-una-casa-que-fomenta-a-la-unidad-y-el-trabajo-social\\\/#primaryimage\"},\"image\":{\"@id\":\"https:\\\/\\\/somos-hermanos.mx\\\/index.php\\\/2025\\\/08\\\/04\\\/kalnemi-una-casa-que-fomenta-a-la-unidad-y-el-trabajo-social\\\/#primaryimage\"},\"thumbnailUrl\":\"https:\\\/\\\/somos-hermanos.mx\\\/wp-content\\\/uploads\\\/2025\\\/08\\\/kalne1.jpeg\",\"datePublished\":\"2025-08-04T09:10:46+00:00\",\"breadcrumb\":{\"@id\":\"https:\\\/\\\/somos-hermanos.mx\\\/index.php\\\/2025\\\/08\\\/04\\\/kalnemi-una-casa-que-fomenta-a-la-unidad-y-el-trabajo-social\\\/#breadcrumb\"},\"inLanguage\":\"es\",\"potentialAction\":[{\"@type\":\"ReadAction\",\"target\":[\"https:\\\/\\\/somos-hermanos.mx\\\/index.php\\\/2025\\\/08\\\/04\\\/kalnemi-una-casa-que-fomenta-a-la-unidad-y-el-trabajo-social\\\/\"]}]},{\"@type\":\"ImageObject\",\"inLanguage\":\"es\",\"@id\":\"https:\\\/\\\/somos-hermanos.mx\\\/index.php\\\/2025\\\/08\\\/04\\\/kalnemi-una-casa-que-fomenta-a-la-unidad-y-el-trabajo-social\\\/#primaryimage\",\"url\":\"https:\\\/\\\/somos-hermanos.mx\\\/wp-content\\\/uploads\\\/2025\\\/08\\\/kalne1.jpeg\",\"contentUrl\":\"https:\\\/\\\/somos-hermanos.mx\\\/wp-content\\\/uploads\\\/2025\\\/08\\\/kalne1.jpeg\",\"width\":1080,\"height\":486},{\"@type\":\"BreadcrumbList\",\"@id\":\"https:\\\/\\\/somos-hermanos.mx\\\/index.php\\\/2025\\\/08\\\/04\\\/kalnemi-una-casa-que-fomenta-a-la-unidad-y-el-trabajo-social\\\/#breadcrumb\",\"itemListElement\":[{\"@type\":\"ListItem\",\"position\":1,\"name\":\"Inicio\",\"item\":\"https:\\\/\\\/somos-hermanos.mx\\\/\"},{\"@type\":\"ListItem\",\"position\":2,\"name\":\"KALNEMI: Una casa que fomenta a la unidad y el trabajo social\"}]},{\"@type\":\"WebSite\",\"@id\":\"https:\\\/\\\/somos-hermanos.mx\\\/#website\",\"url\":\"https:\\\/\\\/somos-hermanos.mx\\\/\",\"name\":\"Historias que inspiran...\",\"description\":\"Somos la voz del altruismo en M\u00e9xico\",\"publisher\":{\"@id\":\"https:\\\/\\\/somos-hermanos.mx\\\/#organization\"},\"potentialAction\":[{\"@type\":\"SearchAction\",\"target\":{\"@type\":\"EntryPoint\",\"urlTemplate\":\"https:\\\/\\\/somos-hermanos.mx\\\/?s={search_term_string}\"},\"query-input\":{\"@type\":\"PropertyValueSpecification\",\"valueRequired\":true,\"valueName\":\"search_term_string\"}}],\"inLanguage\":\"es\"},{\"@type\":\"Organization\",\"@id\":\"https:\\\/\\\/somos-hermanos.mx\\\/#organization\",\"name\":\"Somos Hermanos\",\"url\":\"https:\\\/\\\/somos-hermanos.mx\\\/\",\"logo\":{\"@type\":\"ImageObject\",\"inLanguage\":\"es\",\"@id\":\"https:\\\/\\\/somos-hermanos.mx\\\/#\\\/schema\\\/logo\\\/image\\\/\",\"url\":\"https:\\\/\\\/somos-hermanos.mx\\\/wp-content\\\/uploads\\\/2025\\\/08\\\/SH30-1.jpeg\",\"contentUrl\":\"https:\\\/\\\/somos-hermanos.mx\\\/wp-content\\\/uploads\\\/2025\\\/08\\\/SH30-1.jpeg\",\"width\":1600,\"height\":1142,\"caption\":\"Somos Hermanos\"},\"image\":{\"@id\":\"https:\\\/\\\/somos-hermanos.mx\\\/#\\\/schema\\\/logo\\\/image\\\/\"},\"sameAs\":[\"https:\\\/\\\/www.facebook.com\\\/SomosHermanosIAP\\\/\",\"https:\\\/\\\/x.com\\\/Somos__Hermanos\",\"https:\\\/\\\/www.instagram.com\\\/somos__hermanos\\\/#\",\"https:\\\/\\\/www.tiktok.com\\\/@somoshermanosiap\",\"https:\\\/\\\/www.youtube.com\\\/@somoshermanosiap1201\\\/videos\"]},{\"@type\":\"Person\",\"@id\":\"https:\\\/\\\/somos-hermanos.mx\\\/#\\\/schema\\\/person\\\/de3ab70150c2d9a40634e5ea37c6ef10\",\"name\":\"Karina Hern\u00e1ndez Flores\",\"image\":{\"@type\":\"ImageObject\",\"inLanguage\":\"es\",\"@id\":\"https:\\\/\\\/secure.gravatar.com\\\/avatar\\\/b881cf961dfbebfa1094490b61a3c10e871664dba37ac04c3a35065d40ed843c?s=96&d=mm&r=g\",\"url\":\"https:\\\/\\\/secure.gravatar.com\\\/avatar\\\/b881cf961dfbebfa1094490b61a3c10e871664dba37ac04c3a35065d40ed843c?s=96&d=mm&r=g\",\"contentUrl\":\"https:\\\/\\\/secure.gravatar.com\\\/avatar\\\/b881cf961dfbebfa1094490b61a3c10e871664dba37ac04c3a35065d40ed843c?s=96&d=mm&r=g\",\"caption\":\"Karina Hern\u00e1ndez Flores\"},\"url\":\"https:\\\/\\\/somos-hermanos.mx\\\/index.php\\\/author\\\/karina-hernandez-flores\\\/\"}]}<\/script>\n<!-- \/ Yoast SEO plugin. -->","yoast_head_json":{"title":"KALNEMI: Una casa que fomenta a la unidad y el trabajo social - Historias que inspiran...","robots":{"index":"index","follow":"follow","max-snippet":"max-snippet:-1","max-image-preview":"max-image-preview:large","max-video-preview":"max-video-preview:-1"},"canonical":"https:\/\/somos-hermanos.mx\/index.php\/2025\/08\/04\/kalnemi-una-casa-que-fomenta-a-la-unidad-y-el-trabajo-social\/","og_locale":"es_MX","og_type":"article","og_title":"KALNEMI: Una casa que fomenta a la unidad y el trabajo social - Historias que inspiran...","og_description":"Uno de los prop\u00f3sitos para los profesionales de trabajo social es poder mejorar el bienestar social y la calidad de vida de las personas, adem\u00e1s de incitar la participaci\u00f3n de las personas para crear una comunidad segura. Por ello, diferentes personas se han organizado para crear una asociaci\u00f3n civil que se encargue de tratar las [&hellip;]","og_url":"https:\/\/somos-hermanos.mx\/index.php\/2025\/08\/04\/kalnemi-una-casa-que-fomenta-a-la-unidad-y-el-trabajo-social\/","og_site_name":"Historias que inspiran...","article_publisher":"https:\/\/www.facebook.com\/SomosHermanosIAP\/","article_published_time":"2025-08-04T09:10:46+00:00","og_image":[{"width":1080,"height":486,"url":"https:\/\/somos-hermanos.mx\/wp-content\/uploads\/2025\/08\/kalne1.jpeg","type":"image\/jpeg"}],"author":"Karina Hern\u00e1ndez Flores","twitter_card":"summary_large_image","twitter_creator":"@Somos__Hermanos","twitter_site":"@Somos__Hermanos","twitter_misc":{"Escrito por":"Karina Hern\u00e1ndez Flores","Tiempo de lectura":"3 minutos"},"schema":{"@context":"https:\/\/schema.org","@graph":[{"@type":"Article","@id":"https:\/\/somos-hermanos.mx\/index.php\/2025\/08\/04\/kalnemi-una-casa-que-fomenta-a-la-unidad-y-el-trabajo-social\/#article","isPartOf":{"@id":"https:\/\/somos-hermanos.mx\/index.php\/2025\/08\/04\/kalnemi-una-casa-que-fomenta-a-la-unidad-y-el-trabajo-social\/"},"author":{"name":"Karina Hern\u00e1ndez Flores","@id":"https:\/\/somos-hermanos.mx\/#\/schema\/person\/de3ab70150c2d9a40634e5ea37c6ef10"},"headline":"KALNEMI: Una casa que fomenta a la unidad y el trabajo social","datePublished":"2025-08-04T09:10:46+00:00","mainEntityOfPage":{"@id":"https:\/\/somos-hermanos.mx\/index.php\/2025\/08\/04\/kalnemi-una-casa-que-fomenta-a-la-unidad-y-el-trabajo-social\/"},"wordCount":482,"commentCount":0,"publisher":{"@id":"https:\/\/somos-hermanos.mx\/#organization"},"image":{"@id":"https:\/\/somos-hermanos.mx\/index.php\/2025\/08\/04\/kalnemi-una-casa-que-fomenta-a-la-unidad-y-el-trabajo-social\/#primaryimage"},"thumbnailUrl":"https:\/\/somos-hermanos.mx\/wp-content\/uploads\/2025\/08\/kalne1.jpeg","articleSection":["Noticias"],"inLanguage":"es","potentialAction":[{"@type":"CommentAction","name":"Comment","target":["https:\/\/somos-hermanos.mx\/index.php\/2025\/08\/04\/kalnemi-una-casa-que-fomenta-a-la-unidad-y-el-trabajo-social\/#respond"]}]},{"@type":"WebPage","@id":"https:\/\/somos-hermanos.mx\/index.php\/2025\/08\/04\/kalnemi-una-casa-que-fomenta-a-la-unidad-y-el-trabajo-social\/","url":"https:\/\/somos-hermanos.mx\/index.php\/2025\/08\/04\/kalnemi-una-casa-que-fomenta-a-la-unidad-y-el-trabajo-social\/","name":"KALNEMI: Una casa que fomenta a la unidad y el trabajo social - Historias que inspiran...","isPartOf":{"@id":"https:\/\/somos-hermanos.mx\/#website"},"primaryImageOfPage":{"@id":"https:\/\/somos-hermanos.mx\/index.php\/2025\/08\/04\/kalnemi-una-casa-que-fomenta-a-la-unidad-y-el-trabajo-social\/#primaryimage"},"image":{"@id":"https:\/\/somos-hermanos.mx\/index.php\/2025\/08\/04\/kalnemi-una-casa-que-fomenta-a-la-unidad-y-el-trabajo-social\/#primaryimage"},"thumbnailUrl":"https:\/\/somos-hermanos.mx\/wp-content\/uploads\/2025\/08\/kalne1.jpeg","datePublished":"2025-08-04T09:10:46+00:00","breadcrumb":{"@id":"https:\/\/somos-hermanos.mx\/index.php\/2025\/08\/04\/kalnemi-una-casa-que-fomenta-a-la-unidad-y-el-trabajo-social\/#breadcrumb"},"inLanguage":"es","potentialAction":[{"@type":"ReadAction","target":["https:\/\/somos-hermanos.mx\/index.php\/2025\/08\/04\/kalnemi-una-casa-que-fomenta-a-la-unidad-y-el-trabajo-social\/"]}]},{"@type":"ImageObject","inLanguage":"es","@id":"https:\/\/somos-hermanos.mx\/index.php\/2025\/08\/04\/kalnemi-una-casa-que-fomenta-a-la-unidad-y-el-trabajo-social\/#primaryimage","url":"https:\/\/somos-hermanos.mx\/wp-content\/uploads\/2025\/08\/kalne1.jpeg","contentUrl":"https:\/\/somos-hermanos.mx\/wp-content\/uploads\/2025\/08\/kalne1.jpeg","width":1080,"height":486},{"@type":"BreadcrumbList","@id":"https:\/\/somos-hermanos.mx\/index.php\/2025\/08\/04\/kalnemi-una-casa-que-fomenta-a-la-unidad-y-el-trabajo-social\/#breadcrumb","itemListElement":[{"@type":"ListItem","position":1,"name":"Inicio","item":"https:\/\/somos-hermanos.mx\/"},{"@type":"ListItem","position":2,"name":"KALNEMI: Una casa que fomenta a la unidad y el trabajo social"}]},{"@type":"WebSite","@id":"https:\/\/somos-hermanos.mx\/#website","url":"https:\/\/somos-hermanos.mx\/","name":"Historias que inspiran...","description":"Somos la voz del altruismo en M\u00e9xico","publisher":{"@id":"https:\/\/somos-hermanos.mx\/#organization"},"potentialAction":[{"@type":"SearchAction","target":{"@type":"EntryPoint","urlTemplate":"https:\/\/somos-hermanos.mx\/?s={search_term_string}"},"query-input":{"@type":"PropertyValueSpecification","valueRequired":true,"valueName":"search_term_string"}}],"inLanguage":"es"},{"@type":"Organization","@id":"https:\/\/somos-hermanos.mx\/#organization","name":"Somos Hermanos","url":"https:\/\/somos-hermanos.mx\/","logo":{"@type":"ImageObject","inLanguage":"es","@id":"https:\/\/somos-hermanos.mx\/#\/schema\/logo\/image\/","url":"https:\/\/somos-hermanos.mx\/wp-content\/uploads\/2025\/08\/SH30-1.jpeg","contentUrl":"https:\/\/somos-hermanos.mx\/wp-content\/uploads\/2025\/08\/SH30-1.jpeg","width":1600,"height":1142,"caption":"Somos Hermanos"},"image":{"@id":"https:\/\/somos-hermanos.mx\/#\/schema\/logo\/image\/"},"sameAs":["https:\/\/www.facebook.com\/SomosHermanosIAP\/","https:\/\/x.com\/Somos__Hermanos","https:\/\/www.instagram.com\/somos__hermanos\/#","https:\/\/www.tiktok.com\/@somoshermanosiap","https:\/\/www.youtube.com\/@somoshermanosiap1201\/videos"]},{"@type":"Person","@id":"https:\/\/somos-hermanos.mx\/#\/schema\/person\/de3ab70150c2d9a40634e5ea37c6ef10","name":"Karina Hern\u00e1ndez Flores","image":{"@type":"ImageObject","inLanguage":"es","@id":"https:\/\/secure.gravatar.com\/avatar\/b881cf961dfbebfa1094490b61a3c10e871664dba37ac04c3a35065d40ed843c?s=96&d=mm&r=g","url":"https:\/\/secure.gravatar.com\/avatar\/b881cf961dfbebfa1094490b61a3c10e871664dba37ac04c3a35065d40ed843c?s=96&d=mm&r=g","contentUrl":"https:\/\/secure.gravatar.com\/avatar\/b881cf961dfbebfa1094490b61a3c10e871664dba37ac04c3a35065d40ed843c?s=96&d=mm&r=g","caption":"Karina Hern\u00e1ndez Flores"},"url":"https:\/\/somos-hermanos.mx\/index.php\/author\/karina-hernandez-flores\/"}]}},"_links":{"self":[{"href":"https:\/\/somos-hermanos.mx\/index.php\/wp-json\/wp\/v2\/posts\/878","targetHints":{"allow":["GET"]}}],"collection":[{"href":"https:\/\/somos-hermanos.mx\/index.php\/wp-json\/wp\/v2\/posts"}],"about":[{"href":"https:\/\/somos-hermanos.mx\/index.php\/wp-json\/wp\/v2\/types\/post"}],"author":[{"embeddable":true,"href":"https:\/\/somos-hermanos.mx\/index.php\/wp-json\/wp\/v2\/users\/19"}],"replies":[{"embeddable":true,"href":"https:\/\/somos-hermanos.mx\/index.php\/wp-json\/wp\/v2\/comments?post=878"}],"version-history":[{"count":1,"href":"https:\/\/somos-hermanos.mx\/index.php\/wp-json\/wp\/v2\/posts\/878\/revisions"}],"predecessor-version":[{"id":880,"href":"https:\/\/somos-hermanos.mx\/index.php\/wp-json\/wp\/v2\/posts\/878\/revisions\/880"}],"wp:featuredmedia":[{"embeddable":true,"href":"https:\/\/somos-hermanos.mx\/index.php\/wp-json\/wp\/v2\/media\/879"}],"wp:attachment":[{"href":"https:\/\/somos-hermanos.mx\/index.php\/wp-json\/wp\/v2\/media?parent=878"}],"wp:term":[{"taxonomy":"category","embeddable":true,"href":"https:\/\/somos-hermanos.mx\/index.php\/wp-json\/wp\/v2\/categories?post=878"},{"taxonomy":"post_tag","embeddable":true,"href":"https:\/\/somos-hermanos.mx\/index.php\/wp-json\/wp\/v2\/tags?post=878"}],"curies":[{"name":"wp","href":"https:\/\/api.w.org\/{rel}","templated":true}]}}