{"id":875,"date":"2025-08-04T03:09:48","date_gmt":"2025-08-04T09:09:48","guid":{"rendered":"https:\/\/somos-hermanos.mx\/?p=875"},"modified":"2025-08-04T03:09:48","modified_gmt":"2025-08-04T09:09:48","slug":"en-sus-valores-residen-la-actitud-de-servicio-compromiso-integridad-responsabilidad-y-armonia","status":"publish","type":"post","link":"https:\/\/somos-hermanos.mx\/index.php\/2025\/08\/04\/en-sus-valores-residen-la-actitud-de-servicio-compromiso-integridad-responsabilidad-y-armonia\/","title":{"rendered":"En sus valores residen la actitud de servicio, compromiso, integridad, responsabilidad y armon\u00eda"},"content":{"rendered":"<p>El Instituto Pedag\u00f3gico para Problemas del Lenguaje es una Instituci\u00f3n de Asistencia Privada, <strong>fundada en 1967, gracias a la iniciativa de una madre con un hijo con sordera y un grupo de maestros especialistas, que buscaban un espacio para atender a ni\u00f1os con esta condici\u00f3n, <\/strong>sin importar su situaci\u00f3n econ\u00f3mica y que pudieran acceder toda la atenci\u00f3n que necesitan. Fue en 1981 cuando se consolid\u00f3 como Instituci\u00f3n de asistencia privada.<\/p>\n<p>Aqu\u00ed <strong>se ofrece una excelente atenci\u00f3n a ni\u00f1os y ni\u00f1as con sordera e infantes con problemas de lenguaje o aprendizaje. <\/strong>Dando una ayuda de calidad gracias a las empresas, fundaciones y donaciones de personas que hacen que este proyecto siga viendo por el bienestar de las infancias. Han atendido a m\u00e1s de 400 ni\u00f1os y ni\u00f1as provenientes, generalmente, de entornos precarios.<\/p>\n<p>Es indispensable el apoyo a esta instituci\u00f3n para seguir llegando a m\u00e1s infantes que necesitan urgentemente la atenci\u00f3n y puedan transitar un mundo sin adversidades. Se han desarrollado programas especializados para la atenci\u00f3n integral de ni\u00f1os con sordera, problemas de aprendizaje o lenguaje.<\/p>\n<p>Ya que <strong>en M\u00e9xico las condiciones son poco eficientes para las personas con sordera y eso impide que desarrollen, de manera eficiente, el lenguaje y saciar sus necesidades b\u00e1sicas comunicativas, <\/strong>ni la posibilidad de poder acceder a un nivel educativo de acuerdo a sus capacidades.<\/p>\n<p>Su misi\u00f3n es formar y educar ni\u00f1os y ni\u00f1as con sordera, as\u00ed como ni\u00f1os y ni\u00f1as con problemas del lenguaje, sin importar su condici\u00f3n econ\u00f3mica y lograr que tengan una integraci\u00f3n digna en su entorno.<\/p>\n<p>Su visi\u00f3n consiste en ser una instituci\u00f3n modelo para otras, la cual crea una comunidad inclusiva y que sobresalga por la calidez, compromiso, calidad resultados y huella que deja en la vida de todos los ni\u00f1os y ni\u00f1as.<\/p>\n<p>Tiene como objeto social impartir ense\u00f1anza en los niveles preescolar y primaria con autorizaci\u00f3n y reconocimiento de validez oficial de estudios en los t\u00e9rminos de la Ley General de Educaci\u00f3n.<\/p>\n","protected":false},"excerpt":{"rendered":"<p>El Instituto Pedag\u00f3gico para Problemas del Lenguaje es una Instituci\u00f3n de Asistencia Privada, fundada en 1967, gracias a la iniciativa de una madre con un hijo con sordera y un grupo de maestros especialistas, que buscaban un espacio para atender a ni\u00f1os con esta condici\u00f3n, sin importar su situaci\u00f3n econ\u00f3mica y que pudieran acceder toda [&hellip;]<\/p>\n","protected":false},"author":21,"featured_media":876,"comment_status":"open","ping_status":"closed","sticky":false,"template":"","format":"standard","meta":{"footnotes":""},"categories":[6],"tags":[],"class_list":["post-875","post","type-post","status-publish","format-standard","has-post-thumbnail","hentry","category-noticias"],"yoast_head":"<!-- This site is optimized with the Yoast SEO plugin v27.5 - https:\/\/yoast.com\/product\/yoast-seo-wordpress\/ -->\n<title>En sus valores residen la actitud de servicio, compromiso, integridad, responsabilidad y armon\u00eda - Historias que inspiran...<\/title>\n<meta name=\"robots\" content=\"index, follow, max-snippet:-1, max-image-preview:large, max-video-preview:-1\" \/>\n<link rel=\"canonical\" href=\"https:\/\/somos-hermanos.mx\/index.php\/2025\/08\/04\/en-sus-valores-residen-la-actitud-de-servicio-compromiso-integridad-responsabilidad-y-armonia\/\" \/>\n<meta property=\"og:locale\" content=\"es_MX\" \/>\n<meta property=\"og:type\" content=\"article\" \/>\n<meta property=\"og:title\" content=\"En sus valores residen la actitud de servicio, compromiso, integridad, responsabilidad y armon\u00eda - Historias que inspiran...\" \/>\n<meta property=\"og:description\" content=\"El Instituto Pedag\u00f3gico para Problemas del Lenguaje es una Instituci\u00f3n de Asistencia Privada, fundada en 1967, gracias a la iniciativa de una madre con un hijo con sordera y un grupo de maestros especialistas, que buscaban un espacio para atender a ni\u00f1os con esta condici\u00f3n, sin importar su situaci\u00f3n econ\u00f3mica y que pudieran acceder toda [&hellip;]\" \/>\n<meta property=\"og:url\" content=\"https:\/\/somos-hermanos.mx\/index.php\/2025\/08\/04\/en-sus-valores-residen-la-actitud-de-servicio-compromiso-integridad-responsabilidad-y-armonia\/\" \/>\n<meta property=\"og:site_name\" content=\"Historias que inspiran...\" \/>\n<meta property=\"article:publisher\" content=\"https:\/\/www.facebook.com\/SomosHermanosIAP\/\" \/>\n<meta property=\"article:published_time\" content=\"2025-08-04T09:09:48+00:00\" \/>\n<meta property=\"og:image\" content=\"https:\/\/somos-hermanos.mx\/wp-content\/uploads\/2025\/08\/ippl2.jpeg\" \/>\n\t<meta property=\"og:image:width\" content=\"1600\" \/>\n\t<meta property=\"og:image:height\" content=\"900\" \/>\n\t<meta property=\"og:image:type\" content=\"image\/jpeg\" \/>\n<meta name=\"author\" content=\"Jes\u00fas Pe\u00f1a Aguirre\" \/>\n<meta name=\"twitter:card\" content=\"summary_large_image\" \/>\n<meta name=\"twitter:creator\" content=\"@Somos__Hermanos\" \/>\n<meta name=\"twitter:site\" content=\"@Somos__Hermanos\" \/>\n<meta name=\"twitter:label1\" content=\"Escrito por\" \/>\n\t<meta name=\"twitter:data1\" content=\"Jes\u00fas Pe\u00f1a Aguirre\" \/>\n\t<meta name=\"twitter:label2\" content=\"Tiempo de lectura\" \/>\n\t<meta name=\"twitter:data2\" content=\"2 minutos\" \/>\n<script type=\"application\/ld+json\" class=\"yoast-schema-graph\">{\"@context\":\"https:\\\/\\\/schema.org\",\"@graph\":[{\"@type\":\"Article\",\"@id\":\"https:\\\/\\\/somos-hermanos.mx\\\/index.php\\\/2025\\\/08\\\/04\\\/en-sus-valores-residen-la-actitud-de-servicio-compromiso-integridad-responsabilidad-y-armonia\\\/#article\",\"isPartOf\":{\"@id\":\"https:\\\/\\\/somos-hermanos.mx\\\/index.php\\\/2025\\\/08\\\/04\\\/en-sus-valores-residen-la-actitud-de-servicio-compromiso-integridad-responsabilidad-y-armonia\\\/\"},\"author\":{\"name\":\"Jes\u00fas Pe\u00f1a Aguirre\",\"@id\":\"https:\\\/\\\/somos-hermanos.mx\\\/#\\\/schema\\\/person\\\/8acd26a8688e659352b79b33c534872c\"},\"headline\":\"En sus valores residen la actitud de servicio, compromiso, integridad, responsabilidad y armon\u00eda\",\"datePublished\":\"2025-08-04T09:09:48+00:00\",\"mainEntityOfPage\":{\"@id\":\"https:\\\/\\\/somos-hermanos.mx\\\/index.php\\\/2025\\\/08\\\/04\\\/en-sus-valores-residen-la-actitud-de-servicio-compromiso-integridad-responsabilidad-y-armonia\\\/\"},\"wordCount\":370,\"commentCount\":0,\"publisher\":{\"@id\":\"https:\\\/\\\/somos-hermanos.mx\\\/#organization\"},\"image\":{\"@id\":\"https:\\\/\\\/somos-hermanos.mx\\\/index.php\\\/2025\\\/08\\\/04\\\/en-sus-valores-residen-la-actitud-de-servicio-compromiso-integridad-responsabilidad-y-armonia\\\/#primaryimage\"},\"thumbnailUrl\":\"https:\\\/\\\/somos-hermanos.mx\\\/wp-content\\\/uploads\\\/2025\\\/08\\\/ippl2.jpeg\",\"articleSection\":[\"Noticias\"],\"inLanguage\":\"es\",\"potentialAction\":[{\"@type\":\"CommentAction\",\"name\":\"Comment\",\"target\":[\"https:\\\/\\\/somos-hermanos.mx\\\/index.php\\\/2025\\\/08\\\/04\\\/en-sus-valores-residen-la-actitud-de-servicio-compromiso-integridad-responsabilidad-y-armonia\\\/#respond\"]}]},{\"@type\":\"WebPage\",\"@id\":\"https:\\\/\\\/somos-hermanos.mx\\\/index.php\\\/2025\\\/08\\\/04\\\/en-sus-valores-residen-la-actitud-de-servicio-compromiso-integridad-responsabilidad-y-armonia\\\/\",\"url\":\"https:\\\/\\\/somos-hermanos.mx\\\/index.php\\\/2025\\\/08\\\/04\\\/en-sus-valores-residen-la-actitud-de-servicio-compromiso-integridad-responsabilidad-y-armonia\\\/\",\"name\":\"En sus valores residen la actitud de servicio, compromiso, integridad, responsabilidad y armon\u00eda - Historias que inspiran...\",\"isPartOf\":{\"@id\":\"https:\\\/\\\/somos-hermanos.mx\\\/#website\"},\"primaryImageOfPage\":{\"@id\":\"https:\\\/\\\/somos-hermanos.mx\\\/index.php\\\/2025\\\/08\\\/04\\\/en-sus-valores-residen-la-actitud-de-servicio-compromiso-integridad-responsabilidad-y-armonia\\\/#primaryimage\"},\"image\":{\"@id\":\"https:\\\/\\\/somos-hermanos.mx\\\/index.php\\\/2025\\\/08\\\/04\\\/en-sus-valores-residen-la-actitud-de-servicio-compromiso-integridad-responsabilidad-y-armonia\\\/#primaryimage\"},\"thumbnailUrl\":\"https:\\\/\\\/somos-hermanos.mx\\\/wp-content\\\/uploads\\\/2025\\\/08\\\/ippl2.jpeg\",\"datePublished\":\"2025-08-04T09:09:48+00:00\",\"breadcrumb\":{\"@id\":\"https:\\\/\\\/somos-hermanos.mx\\\/index.php\\\/2025\\\/08\\\/04\\\/en-sus-valores-residen-la-actitud-de-servicio-compromiso-integridad-responsabilidad-y-armonia\\\/#breadcrumb\"},\"inLanguage\":\"es\",\"potentialAction\":[{\"@type\":\"ReadAction\",\"target\":[\"https:\\\/\\\/somos-hermanos.mx\\\/index.php\\\/2025\\\/08\\\/04\\\/en-sus-valores-residen-la-actitud-de-servicio-compromiso-integridad-responsabilidad-y-armonia\\\/\"]}]},{\"@type\":\"ImageObject\",\"inLanguage\":\"es\",\"@id\":\"https:\\\/\\\/somos-hermanos.mx\\\/index.php\\\/2025\\\/08\\\/04\\\/en-sus-valores-residen-la-actitud-de-servicio-compromiso-integridad-responsabilidad-y-armonia\\\/#primaryimage\",\"url\":\"https:\\\/\\\/somos-hermanos.mx\\\/wp-content\\\/uploads\\\/2025\\\/08\\\/ippl2.jpeg\",\"contentUrl\":\"https:\\\/\\\/somos-hermanos.mx\\\/wp-content\\\/uploads\\\/2025\\\/08\\\/ippl2.jpeg\",\"width\":1600,\"height\":900},{\"@type\":\"BreadcrumbList\",\"@id\":\"https:\\\/\\\/somos-hermanos.mx\\\/index.php\\\/2025\\\/08\\\/04\\\/en-sus-valores-residen-la-actitud-de-servicio-compromiso-integridad-responsabilidad-y-armonia\\\/#breadcrumb\",\"itemListElement\":[{\"@type\":\"ListItem\",\"position\":1,\"name\":\"Inicio\",\"item\":\"https:\\\/\\\/somos-hermanos.mx\\\/\"},{\"@type\":\"ListItem\",\"position\":2,\"name\":\"En sus valores residen la actitud de servicio, compromiso, integridad, responsabilidad y armon\u00eda\"}]},{\"@type\":\"WebSite\",\"@id\":\"https:\\\/\\\/somos-hermanos.mx\\\/#website\",\"url\":\"https:\\\/\\\/somos-hermanos.mx\\\/\",\"name\":\"Historias que inspiran...\",\"description\":\"Somos la voz del altruismo en M\u00e9xico\",\"publisher\":{\"@id\":\"https:\\\/\\\/somos-hermanos.mx\\\/#organization\"},\"potentialAction\":[{\"@type\":\"SearchAction\",\"target\":{\"@type\":\"EntryPoint\",\"urlTemplate\":\"https:\\\/\\\/somos-hermanos.mx\\\/?s={search_term_string}\"},\"query-input\":{\"@type\":\"PropertyValueSpecification\",\"valueRequired\":true,\"valueName\":\"search_term_string\"}}],\"inLanguage\":\"es\"},{\"@type\":\"Organization\",\"@id\":\"https:\\\/\\\/somos-hermanos.mx\\\/#organization\",\"name\":\"Somos Hermanos\",\"url\":\"https:\\\/\\\/somos-hermanos.mx\\\/\",\"logo\":{\"@type\":\"ImageObject\",\"inLanguage\":\"es\",\"@id\":\"https:\\\/\\\/somos-hermanos.mx\\\/#\\\/schema\\\/logo\\\/image\\\/\",\"url\":\"https:\\\/\\\/somos-hermanos.mx\\\/wp-content\\\/uploads\\\/2025\\\/08\\\/SH30-1.jpeg\",\"contentUrl\":\"https:\\\/\\\/somos-hermanos.mx\\\/wp-content\\\/uploads\\\/2025\\\/08\\\/SH30-1.jpeg\",\"width\":1600,\"height\":1142,\"caption\":\"Somos Hermanos\"},\"image\":{\"@id\":\"https:\\\/\\\/somos-hermanos.mx\\\/#\\\/schema\\\/logo\\\/image\\\/\"},\"sameAs\":[\"https:\\\/\\\/www.facebook.com\\\/SomosHermanosIAP\\\/\",\"https:\\\/\\\/x.com\\\/Somos__Hermanos\",\"https:\\\/\\\/www.instagram.com\\\/somos__hermanos\\\/#\",\"https:\\\/\\\/www.tiktok.com\\\/@somoshermanosiap\",\"https:\\\/\\\/www.youtube.com\\\/@somoshermanosiap1201\\\/videos\"]},{\"@type\":\"Person\",\"@id\":\"https:\\\/\\\/somos-hermanos.mx\\\/#\\\/schema\\\/person\\\/8acd26a8688e659352b79b33c534872c\",\"name\":\"Jes\u00fas Pe\u00f1a Aguirre\",\"image\":{\"@type\":\"ImageObject\",\"inLanguage\":\"es\",\"@id\":\"https:\\\/\\\/secure.gravatar.com\\\/avatar\\\/a3d489e680e76cdf1b7ccc620e427d14f54a929f15306ea1d436efc89ee85c7c?s=96&d=mm&r=g\",\"url\":\"https:\\\/\\\/secure.gravatar.com\\\/avatar\\\/a3d489e680e76cdf1b7ccc620e427d14f54a929f15306ea1d436efc89ee85c7c?s=96&d=mm&r=g\",\"contentUrl\":\"https:\\\/\\\/secure.gravatar.com\\\/avatar\\\/a3d489e680e76cdf1b7ccc620e427d14f54a929f15306ea1d436efc89ee85c7c?s=96&d=mm&r=g\",\"caption\":\"Jes\u00fas Pe\u00f1a Aguirre\"},\"url\":\"https:\\\/\\\/somos-hermanos.mx\\\/index.php\\\/author\\\/jesus-pena-aguirre\\\/\"}]}<\/script>\n<!-- \/ Yoast SEO plugin. -->","yoast_head_json":{"title":"En sus valores residen la actitud de servicio, compromiso, integridad, responsabilidad y armon\u00eda - Historias que inspiran...","robots":{"index":"index","follow":"follow","max-snippet":"max-snippet:-1","max-image-preview":"max-image-preview:large","max-video-preview":"max-video-preview:-1"},"canonical":"https:\/\/somos-hermanos.mx\/index.php\/2025\/08\/04\/en-sus-valores-residen-la-actitud-de-servicio-compromiso-integridad-responsabilidad-y-armonia\/","og_locale":"es_MX","og_type":"article","og_title":"En sus valores residen la actitud de servicio, compromiso, integridad, responsabilidad y armon\u00eda - Historias que inspiran...","og_description":"El Instituto Pedag\u00f3gico para Problemas del Lenguaje es una Instituci\u00f3n de Asistencia Privada, fundada en 1967, gracias a la iniciativa de una madre con un hijo con sordera y un grupo de maestros especialistas, que buscaban un espacio para atender a ni\u00f1os con esta condici\u00f3n, sin importar su situaci\u00f3n econ\u00f3mica y que pudieran acceder toda [&hellip;]","og_url":"https:\/\/somos-hermanos.mx\/index.php\/2025\/08\/04\/en-sus-valores-residen-la-actitud-de-servicio-compromiso-integridad-responsabilidad-y-armonia\/","og_site_name":"Historias que inspiran...","article_publisher":"https:\/\/www.facebook.com\/SomosHermanosIAP\/","article_published_time":"2025-08-04T09:09:48+00:00","og_image":[{"width":1600,"height":900,"url":"https:\/\/somos-hermanos.mx\/wp-content\/uploads\/2025\/08\/ippl2.jpeg","type":"image\/jpeg"}],"author":"Jes\u00fas Pe\u00f1a Aguirre","twitter_card":"summary_large_image","twitter_creator":"@Somos__Hermanos","twitter_site":"@Somos__Hermanos","twitter_misc":{"Escrito por":"Jes\u00fas Pe\u00f1a Aguirre","Tiempo de lectura":"2 minutos"},"schema":{"@context":"https:\/\/schema.org","@graph":[{"@type":"Article","@id":"https:\/\/somos-hermanos.mx\/index.php\/2025\/08\/04\/en-sus-valores-residen-la-actitud-de-servicio-compromiso-integridad-responsabilidad-y-armonia\/#article","isPartOf":{"@id":"https:\/\/somos-hermanos.mx\/index.php\/2025\/08\/04\/en-sus-valores-residen-la-actitud-de-servicio-compromiso-integridad-responsabilidad-y-armonia\/"},"author":{"name":"Jes\u00fas Pe\u00f1a Aguirre","@id":"https:\/\/somos-hermanos.mx\/#\/schema\/person\/8acd26a8688e659352b79b33c534872c"},"headline":"En sus valores residen la actitud de servicio, compromiso, integridad, responsabilidad y armon\u00eda","datePublished":"2025-08-04T09:09:48+00:00","mainEntityOfPage":{"@id":"https:\/\/somos-hermanos.mx\/index.php\/2025\/08\/04\/en-sus-valores-residen-la-actitud-de-servicio-compromiso-integridad-responsabilidad-y-armonia\/"},"wordCount":370,"commentCount":0,"publisher":{"@id":"https:\/\/somos-hermanos.mx\/#organization"},"image":{"@id":"https:\/\/somos-hermanos.mx\/index.php\/2025\/08\/04\/en-sus-valores-residen-la-actitud-de-servicio-compromiso-integridad-responsabilidad-y-armonia\/#primaryimage"},"thumbnailUrl":"https:\/\/somos-hermanos.mx\/wp-content\/uploads\/2025\/08\/ippl2.jpeg","articleSection":["Noticias"],"inLanguage":"es","potentialAction":[{"@type":"CommentAction","name":"Comment","target":["https:\/\/somos-hermanos.mx\/index.php\/2025\/08\/04\/en-sus-valores-residen-la-actitud-de-servicio-compromiso-integridad-responsabilidad-y-armonia\/#respond"]}]},{"@type":"WebPage","@id":"https:\/\/somos-hermanos.mx\/index.php\/2025\/08\/04\/en-sus-valores-residen-la-actitud-de-servicio-compromiso-integridad-responsabilidad-y-armonia\/","url":"https:\/\/somos-hermanos.mx\/index.php\/2025\/08\/04\/en-sus-valores-residen-la-actitud-de-servicio-compromiso-integridad-responsabilidad-y-armonia\/","name":"En sus valores residen la actitud de servicio, compromiso, integridad, responsabilidad y armon\u00eda - Historias que inspiran...","isPartOf":{"@id":"https:\/\/somos-hermanos.mx\/#website"},"primaryImageOfPage":{"@id":"https:\/\/somos-hermanos.mx\/index.php\/2025\/08\/04\/en-sus-valores-residen-la-actitud-de-servicio-compromiso-integridad-responsabilidad-y-armonia\/#primaryimage"},"image":{"@id":"https:\/\/somos-hermanos.mx\/index.php\/2025\/08\/04\/en-sus-valores-residen-la-actitud-de-servicio-compromiso-integridad-responsabilidad-y-armonia\/#primaryimage"},"thumbnailUrl":"https:\/\/somos-hermanos.mx\/wp-content\/uploads\/2025\/08\/ippl2.jpeg","datePublished":"2025-08-04T09:09:48+00:00","breadcrumb":{"@id":"https:\/\/somos-hermanos.mx\/index.php\/2025\/08\/04\/en-sus-valores-residen-la-actitud-de-servicio-compromiso-integridad-responsabilidad-y-armonia\/#breadcrumb"},"inLanguage":"es","potentialAction":[{"@type":"ReadAction","target":["https:\/\/somos-hermanos.mx\/index.php\/2025\/08\/04\/en-sus-valores-residen-la-actitud-de-servicio-compromiso-integridad-responsabilidad-y-armonia\/"]}]},{"@type":"ImageObject","inLanguage":"es","@id":"https:\/\/somos-hermanos.mx\/index.php\/2025\/08\/04\/en-sus-valores-residen-la-actitud-de-servicio-compromiso-integridad-responsabilidad-y-armonia\/#primaryimage","url":"https:\/\/somos-hermanos.mx\/wp-content\/uploads\/2025\/08\/ippl2.jpeg","contentUrl":"https:\/\/somos-hermanos.mx\/wp-content\/uploads\/2025\/08\/ippl2.jpeg","width":1600,"height":900},{"@type":"BreadcrumbList","@id":"https:\/\/somos-hermanos.mx\/index.php\/2025\/08\/04\/en-sus-valores-residen-la-actitud-de-servicio-compromiso-integridad-responsabilidad-y-armonia\/#breadcrumb","itemListElement":[{"@type":"ListItem","position":1,"name":"Inicio","item":"https:\/\/somos-hermanos.mx\/"},{"@type":"ListItem","position":2,"name":"En sus valores residen la actitud de servicio, compromiso, integridad, responsabilidad y armon\u00eda"}]},{"@type":"WebSite","@id":"https:\/\/somos-hermanos.mx\/#website","url":"https:\/\/somos-hermanos.mx\/","name":"Historias que inspiran...","description":"Somos la voz del altruismo en M\u00e9xico","publisher":{"@id":"https:\/\/somos-hermanos.mx\/#organization"},"potentialAction":[{"@type":"SearchAction","target":{"@type":"EntryPoint","urlTemplate":"https:\/\/somos-hermanos.mx\/?s={search_term_string}"},"query-input":{"@type":"PropertyValueSpecification","valueRequired":true,"valueName":"search_term_string"}}],"inLanguage":"es"},{"@type":"Organization","@id":"https:\/\/somos-hermanos.mx\/#organization","name":"Somos Hermanos","url":"https:\/\/somos-hermanos.mx\/","logo":{"@type":"ImageObject","inLanguage":"es","@id":"https:\/\/somos-hermanos.mx\/#\/schema\/logo\/image\/","url":"https:\/\/somos-hermanos.mx\/wp-content\/uploads\/2025\/08\/SH30-1.jpeg","contentUrl":"https:\/\/somos-hermanos.mx\/wp-content\/uploads\/2025\/08\/SH30-1.jpeg","width":1600,"height":1142,"caption":"Somos Hermanos"},"image":{"@id":"https:\/\/somos-hermanos.mx\/#\/schema\/logo\/image\/"},"sameAs":["https:\/\/www.facebook.com\/SomosHermanosIAP\/","https:\/\/x.com\/Somos__Hermanos","https:\/\/www.instagram.com\/somos__hermanos\/#","https:\/\/www.tiktok.com\/@somoshermanosiap","https:\/\/www.youtube.com\/@somoshermanosiap1201\/videos"]},{"@type":"Person","@id":"https:\/\/somos-hermanos.mx\/#\/schema\/person\/8acd26a8688e659352b79b33c534872c","name":"Jes\u00fas Pe\u00f1a Aguirre","image":{"@type":"ImageObject","inLanguage":"es","@id":"https:\/\/secure.gravatar.com\/avatar\/a3d489e680e76cdf1b7ccc620e427d14f54a929f15306ea1d436efc89ee85c7c?s=96&d=mm&r=g","url":"https:\/\/secure.gravatar.com\/avatar\/a3d489e680e76cdf1b7ccc620e427d14f54a929f15306ea1d436efc89ee85c7c?s=96&d=mm&r=g","contentUrl":"https:\/\/secure.gravatar.com\/avatar\/a3d489e680e76cdf1b7ccc620e427d14f54a929f15306ea1d436efc89ee85c7c?s=96&d=mm&r=g","caption":"Jes\u00fas Pe\u00f1a Aguirre"},"url":"https:\/\/somos-hermanos.mx\/index.php\/author\/jesus-pena-aguirre\/"}]}},"_links":{"self":[{"href":"https:\/\/somos-hermanos.mx\/index.php\/wp-json\/wp\/v2\/posts\/875","targetHints":{"allow":["GET"]}}],"collection":[{"href":"https:\/\/somos-hermanos.mx\/index.php\/wp-json\/wp\/v2\/posts"}],"about":[{"href":"https:\/\/somos-hermanos.mx\/index.php\/wp-json\/wp\/v2\/types\/post"}],"author":[{"embeddable":true,"href":"https:\/\/somos-hermanos.mx\/index.php\/wp-json\/wp\/v2\/users\/21"}],"replies":[{"embeddable":true,"href":"https:\/\/somos-hermanos.mx\/index.php\/wp-json\/wp\/v2\/comments?post=875"}],"version-history":[{"count":1,"href":"https:\/\/somos-hermanos.mx\/index.php\/wp-json\/wp\/v2\/posts\/875\/revisions"}],"predecessor-version":[{"id":877,"href":"https:\/\/somos-hermanos.mx\/index.php\/wp-json\/wp\/v2\/posts\/875\/revisions\/877"}],"wp:featuredmedia":[{"embeddable":true,"href":"https:\/\/somos-hermanos.mx\/index.php\/wp-json\/wp\/v2\/media\/876"}],"wp:attachment":[{"href":"https:\/\/somos-hermanos.mx\/index.php\/wp-json\/wp\/v2\/media?parent=875"}],"wp:term":[{"taxonomy":"category","embeddable":true,"href":"https:\/\/somos-hermanos.mx\/index.php\/wp-json\/wp\/v2\/categories?post=875"},{"taxonomy":"post_tag","embeddable":true,"href":"https:\/\/somos-hermanos.mx\/index.php\/wp-json\/wp\/v2\/tags?post=875"}],"curies":[{"name":"wp","href":"https:\/\/api.w.org\/{rel}","templated":true}]}}