{"id":866,"date":"2025-08-04T03:06:40","date_gmt":"2025-08-04T09:06:40","guid":{"rendered":"https:\/\/somos-hermanos.mx\/?p=866"},"modified":"2025-08-04T03:06:40","modified_gmt":"2025-08-04T09:06:40","slug":"mese-transforma-la-vida-de-ninas-ninos-y-adolescentes-en-morelia","status":"publish","type":"post","link":"https:\/\/somos-hermanos.mx\/index.php\/2025\/08\/04\/mese-transforma-la-vida-de-ninas-ninos-y-adolescentes-en-morelia\/","title":{"rendered":"MESE: Transforma la vida de ni\u00f1as, ni\u00f1os y adolescentes en Morelia"},"content":{"rendered":"<p>La Instituci\u00f3n de Asistencia Privada Menores en Situaci\u00f3n Extraordinaria (MESE) Vasco de Quiroga I.A.P., fundada en 1995, <strong>trabaja desde hace casi tres d\u00e9cadas en la transformaci\u00f3n integral de menores que viven en condiciones de vulnerabilidad en la zona sur de la capital michoacana.<\/strong><\/p>\n<p>Con un enfoque centrado en evitar que ni\u00f1as, ni\u00f1os y adolescentes abandonen la escuela o caigan en situaciones como el trabajo infantil, MESE proporciona apoyo educativo, psicol\u00f3gico, nutricional, m\u00e9dico y jur\u00eddico, adem\u00e1s de actividades culturales y recreativas.<\/p>\n<p>Su misi\u00f3n es lograr que los beneficiarios desarrollen herramientas para convertirse en adultos responsables e independientes.<\/p>\n<p><strong>Atenci\u00f3n integral ante m\u00faltiples problem\u00e1ticas<\/strong><\/p>\n<p>MESE ha identificado una serie de problemas estructurales que afectan a los menores, como la pobreza, desnutrici\u00f3n, violencia intrafamiliar, embarazos adolescentes, adicciones y baja autoestima. Para enfrentarlos, ha dise\u00f1ado soluciones integrales como:<\/p>\n<ul>\n<li>Becas mensuales mediante el sistema de padrinos.<\/li>\n<li>Despensas b\u00e1sicas y orientaci\u00f3n en nutrici\u00f3n.<\/li>\n<li>Talleres educativos, deportivos y recreativos.<\/li>\n<li>Terapias psicol\u00f3gicas individuales y familiares.<\/li>\n<li>Pl\u00e1ticas para fortalecer valores y prevenir violencia.<\/li>\n<li>Programas para mejorar las condiciones de vivienda y vestido.<\/li>\n<\/ul>\n<p>Adem\u00e1s, MESE ofrece apoyo jur\u00eddico a las familias, asesor\u00eda educativa, bolsa de trabajo y orientaci\u00f3n para padres y madres desempleados, as\u00ed como alternativas para la educaci\u00f3n de adultos a trav\u00e9s del INEA.<\/p>\n<p><strong>Proyectos y vida independiente<\/strong><\/p>\n<p>Uno de los pilares de la instituci\u00f3n es su programa de vida independiente, dirigido a j\u00f3venes que est\u00e1n por egresar del sistema educativo. A trav\u00e9s de asesor\u00eda vocacional, capacitaci\u00f3n profesional y vinculaci\u00f3n laboral, MESE busca que sus beneficiarios logren una integraci\u00f3n digna y autosuficiente en la sociedad.<\/p>\n<p>Tambi\u00e9n promueve proyectos productivos y ofrece una &#8220;tienda de segunda mano&#8221; como fuente de ingresos para las familias participantes.<\/p>\n<p><strong>Historias de \u00e9xito<\/strong><\/p>\n<p>La labor de MESE ha dado frutos tangibles. Entre sus egresados se encuentran j\u00f3venes que hoy son profesionistas consolidados, como Alma Lilia Ordu\u00f1a (psic\u00f3loga educativa), Mar\u00eda Guadalupe Contreras (psic\u00f3loga) y Edgar Karim Lara (contador). Todos ellos iniciaron su camino dentro de los programas de la instituci\u00f3n.<\/p>\n<p><strong>\u00bfC\u00f3mo apoyar?<\/strong><strong>\u00a0<\/strong><\/p>\n<p>La organizaci\u00f3n invita a la ciudadan\u00eda a sumarse como padrinos o madrinas, realizar donativos, participar como voluntarios o simplemente ayudar a difundir su trabajo en redes sociales.<\/p>\n<p><em>Datos de contacto<\/em><\/p>\n<p><em>Direcci\u00f3n: Antiguo Camino Atecuaro No. 40, Jardines de Vista Bella, Morelia, Michoac\u00e1n.<\/em><\/p>\n<p><em>Tel\u00e9fono y WhatsApp: (443) 340 6071<\/em><\/p>\n<p><em>Correo: contacto@mese.org.mx<\/em><\/p>\n<p><em>Sitio web: <\/em><a href=\"https:\/\/mese.org.mx\"><em><u>https:\/\/mese.org.mx<\/u><\/em><\/a><em>\u00a0<\/em><\/p>\n","protected":false},"excerpt":{"rendered":"<p>La Instituci\u00f3n de Asistencia Privada Menores en Situaci\u00f3n Extraordinaria (MESE) Vasco de Quiroga I.A.P., fundada en 1995, trabaja desde hace casi tres d\u00e9cadas en la transformaci\u00f3n integral de menores que viven en condiciones de vulnerabilidad en la zona sur de la capital michoacana. Con un enfoque centrado en evitar que ni\u00f1as, ni\u00f1os y adolescentes abandonen [&hellip;]<\/p>\n","protected":false},"author":23,"featured_media":867,"comment_status":"open","ping_status":"closed","sticky":false,"template":"","format":"standard","meta":{"footnotes":""},"categories":[6],"tags":[],"class_list":["post-866","post","type-post","status-publish","format-standard","has-post-thumbnail","hentry","category-noticias"],"yoast_head":"<!-- This site is optimized with the Yoast SEO plugin v27.5 - https:\/\/yoast.com\/product\/yoast-seo-wordpress\/ -->\n<title>MESE: Transforma la vida de ni\u00f1as, ni\u00f1os y adolescentes en Morelia - Historias que inspiran...<\/title>\n<meta name=\"robots\" content=\"index, follow, max-snippet:-1, max-image-preview:large, max-video-preview:-1\" \/>\n<link rel=\"canonical\" href=\"https:\/\/somos-hermanos.mx\/index.php\/2025\/08\/04\/mese-transforma-la-vida-de-ninas-ninos-y-adolescentes-en-morelia\/\" \/>\n<meta property=\"og:locale\" content=\"es_MX\" \/>\n<meta property=\"og:type\" content=\"article\" \/>\n<meta property=\"og:title\" content=\"MESE: Transforma la vida de ni\u00f1as, ni\u00f1os y adolescentes en Morelia - Historias que inspiran...\" \/>\n<meta property=\"og:description\" content=\"La Instituci\u00f3n de Asistencia Privada Menores en Situaci\u00f3n Extraordinaria (MESE) Vasco de Quiroga I.A.P., fundada en 1995, trabaja desde hace casi tres d\u00e9cadas en la transformaci\u00f3n integral de menores que viven en condiciones de vulnerabilidad en la zona sur de la capital michoacana. Con un enfoque centrado en evitar que ni\u00f1as, ni\u00f1os y adolescentes abandonen [&hellip;]\" \/>\n<meta property=\"og:url\" content=\"https:\/\/somos-hermanos.mx\/index.php\/2025\/08\/04\/mese-transforma-la-vida-de-ninas-ninos-y-adolescentes-en-morelia\/\" \/>\n<meta property=\"og:site_name\" content=\"Historias que inspiran...\" \/>\n<meta property=\"article:publisher\" content=\"https:\/\/www.facebook.com\/SomosHermanosIAP\/\" \/>\n<meta property=\"article:published_time\" content=\"2025-08-04T09:06:40+00:00\" \/>\n<meta property=\"og:image\" content=\"https:\/\/somos-hermanos.mx\/wp-content\/uploads\/2025\/08\/mese2.jpeg\" \/>\n\t<meta property=\"og:image:width\" content=\"940\" \/>\n\t<meta property=\"og:image:height\" content=\"788\" \/>\n\t<meta property=\"og:image:type\" content=\"image\/jpeg\" \/>\n<meta name=\"author\" content=\"Jorge Luevanos Colunga\" \/>\n<meta name=\"twitter:card\" content=\"summary_large_image\" \/>\n<meta name=\"twitter:creator\" content=\"@Somos__Hermanos\" \/>\n<meta name=\"twitter:site\" content=\"@Somos__Hermanos\" \/>\n<meta name=\"twitter:label1\" content=\"Escrito por\" \/>\n\t<meta name=\"twitter:data1\" content=\"Jorge Luevanos Colunga\" \/>\n\t<meta name=\"twitter:label2\" content=\"Tiempo de lectura\" \/>\n\t<meta name=\"twitter:data2\" content=\"2 minutos\" \/>\n<script type=\"application\/ld+json\" class=\"yoast-schema-graph\">{\"@context\":\"https:\\\/\\\/schema.org\",\"@graph\":[{\"@type\":\"Article\",\"@id\":\"https:\\\/\\\/somos-hermanos.mx\\\/index.php\\\/2025\\\/08\\\/04\\\/mese-transforma-la-vida-de-ninas-ninos-y-adolescentes-en-morelia\\\/#article\",\"isPartOf\":{\"@id\":\"https:\\\/\\\/somos-hermanos.mx\\\/index.php\\\/2025\\\/08\\\/04\\\/mese-transforma-la-vida-de-ninas-ninos-y-adolescentes-en-morelia\\\/\"},\"author\":{\"name\":\"Jorge Luevanos Colunga\",\"@id\":\"https:\\\/\\\/somos-hermanos.mx\\\/#\\\/schema\\\/person\\\/9a6f4846be3f6417120bd52d3c372a2a\"},\"headline\":\"MESE: Transforma la vida de ni\u00f1as, ni\u00f1os y adolescentes en Morelia\",\"datePublished\":\"2025-08-04T09:06:40+00:00\",\"mainEntityOfPage\":{\"@id\":\"https:\\\/\\\/somos-hermanos.mx\\\/index.php\\\/2025\\\/08\\\/04\\\/mese-transforma-la-vida-de-ninas-ninos-y-adolescentes-en-morelia\\\/\"},\"wordCount\":442,\"commentCount\":0,\"publisher\":{\"@id\":\"https:\\\/\\\/somos-hermanos.mx\\\/#organization\"},\"image\":{\"@id\":\"https:\\\/\\\/somos-hermanos.mx\\\/index.php\\\/2025\\\/08\\\/04\\\/mese-transforma-la-vida-de-ninas-ninos-y-adolescentes-en-morelia\\\/#primaryimage\"},\"thumbnailUrl\":\"https:\\\/\\\/somos-hermanos.mx\\\/wp-content\\\/uploads\\\/2025\\\/08\\\/mese2.jpeg\",\"articleSection\":[\"Noticias\"],\"inLanguage\":\"es\",\"potentialAction\":[{\"@type\":\"CommentAction\",\"name\":\"Comment\",\"target\":[\"https:\\\/\\\/somos-hermanos.mx\\\/index.php\\\/2025\\\/08\\\/04\\\/mese-transforma-la-vida-de-ninas-ninos-y-adolescentes-en-morelia\\\/#respond\"]}]},{\"@type\":\"WebPage\",\"@id\":\"https:\\\/\\\/somos-hermanos.mx\\\/index.php\\\/2025\\\/08\\\/04\\\/mese-transforma-la-vida-de-ninas-ninos-y-adolescentes-en-morelia\\\/\",\"url\":\"https:\\\/\\\/somos-hermanos.mx\\\/index.php\\\/2025\\\/08\\\/04\\\/mese-transforma-la-vida-de-ninas-ninos-y-adolescentes-en-morelia\\\/\",\"name\":\"MESE: Transforma la vida de ni\u00f1as, ni\u00f1os y adolescentes en Morelia - Historias que inspiran...\",\"isPartOf\":{\"@id\":\"https:\\\/\\\/somos-hermanos.mx\\\/#website\"},\"primaryImageOfPage\":{\"@id\":\"https:\\\/\\\/somos-hermanos.mx\\\/index.php\\\/2025\\\/08\\\/04\\\/mese-transforma-la-vida-de-ninas-ninos-y-adolescentes-en-morelia\\\/#primaryimage\"},\"image\":{\"@id\":\"https:\\\/\\\/somos-hermanos.mx\\\/index.php\\\/2025\\\/08\\\/04\\\/mese-transforma-la-vida-de-ninas-ninos-y-adolescentes-en-morelia\\\/#primaryimage\"},\"thumbnailUrl\":\"https:\\\/\\\/somos-hermanos.mx\\\/wp-content\\\/uploads\\\/2025\\\/08\\\/mese2.jpeg\",\"datePublished\":\"2025-08-04T09:06:40+00:00\",\"breadcrumb\":{\"@id\":\"https:\\\/\\\/somos-hermanos.mx\\\/index.php\\\/2025\\\/08\\\/04\\\/mese-transforma-la-vida-de-ninas-ninos-y-adolescentes-en-morelia\\\/#breadcrumb\"},\"inLanguage\":\"es\",\"potentialAction\":[{\"@type\":\"ReadAction\",\"target\":[\"https:\\\/\\\/somos-hermanos.mx\\\/index.php\\\/2025\\\/08\\\/04\\\/mese-transforma-la-vida-de-ninas-ninos-y-adolescentes-en-morelia\\\/\"]}]},{\"@type\":\"ImageObject\",\"inLanguage\":\"es\",\"@id\":\"https:\\\/\\\/somos-hermanos.mx\\\/index.php\\\/2025\\\/08\\\/04\\\/mese-transforma-la-vida-de-ninas-ninos-y-adolescentes-en-morelia\\\/#primaryimage\",\"url\":\"https:\\\/\\\/somos-hermanos.mx\\\/wp-content\\\/uploads\\\/2025\\\/08\\\/mese2.jpeg\",\"contentUrl\":\"https:\\\/\\\/somos-hermanos.mx\\\/wp-content\\\/uploads\\\/2025\\\/08\\\/mese2.jpeg\",\"width\":940,\"height\":788},{\"@type\":\"BreadcrumbList\",\"@id\":\"https:\\\/\\\/somos-hermanos.mx\\\/index.php\\\/2025\\\/08\\\/04\\\/mese-transforma-la-vida-de-ninas-ninos-y-adolescentes-en-morelia\\\/#breadcrumb\",\"itemListElement\":[{\"@type\":\"ListItem\",\"position\":1,\"name\":\"Inicio\",\"item\":\"https:\\\/\\\/somos-hermanos.mx\\\/\"},{\"@type\":\"ListItem\",\"position\":2,\"name\":\"MESE: Transforma la vida de ni\u00f1as, ni\u00f1os y adolescentes en Morelia\"}]},{\"@type\":\"WebSite\",\"@id\":\"https:\\\/\\\/somos-hermanos.mx\\\/#website\",\"url\":\"https:\\\/\\\/somos-hermanos.mx\\\/\",\"name\":\"Historias que inspiran...\",\"description\":\"Somos la voz del altruismo en M\u00e9xico\",\"publisher\":{\"@id\":\"https:\\\/\\\/somos-hermanos.mx\\\/#organization\"},\"potentialAction\":[{\"@type\":\"SearchAction\",\"target\":{\"@type\":\"EntryPoint\",\"urlTemplate\":\"https:\\\/\\\/somos-hermanos.mx\\\/?s={search_term_string}\"},\"query-input\":{\"@type\":\"PropertyValueSpecification\",\"valueRequired\":true,\"valueName\":\"search_term_string\"}}],\"inLanguage\":\"es\"},{\"@type\":\"Organization\",\"@id\":\"https:\\\/\\\/somos-hermanos.mx\\\/#organization\",\"name\":\"Somos Hermanos\",\"url\":\"https:\\\/\\\/somos-hermanos.mx\\\/\",\"logo\":{\"@type\":\"ImageObject\",\"inLanguage\":\"es\",\"@id\":\"https:\\\/\\\/somos-hermanos.mx\\\/#\\\/schema\\\/logo\\\/image\\\/\",\"url\":\"https:\\\/\\\/somos-hermanos.mx\\\/wp-content\\\/uploads\\\/2025\\\/08\\\/SH30-1.jpeg\",\"contentUrl\":\"https:\\\/\\\/somos-hermanos.mx\\\/wp-content\\\/uploads\\\/2025\\\/08\\\/SH30-1.jpeg\",\"width\":1600,\"height\":1142,\"caption\":\"Somos Hermanos\"},\"image\":{\"@id\":\"https:\\\/\\\/somos-hermanos.mx\\\/#\\\/schema\\\/logo\\\/image\\\/\"},\"sameAs\":[\"https:\\\/\\\/www.facebook.com\\\/SomosHermanosIAP\\\/\",\"https:\\\/\\\/x.com\\\/Somos__Hermanos\",\"https:\\\/\\\/www.instagram.com\\\/somos__hermanos\\\/#\",\"https:\\\/\\\/www.tiktok.com\\\/@somoshermanosiap\",\"https:\\\/\\\/www.youtube.com\\\/@somoshermanosiap1201\\\/videos\"]},{\"@type\":\"Person\",\"@id\":\"https:\\\/\\\/somos-hermanos.mx\\\/#\\\/schema\\\/person\\\/9a6f4846be3f6417120bd52d3c372a2a\",\"name\":\"Jorge Luevanos Colunga\",\"image\":{\"@type\":\"ImageObject\",\"inLanguage\":\"es\",\"@id\":\"https:\\\/\\\/secure.gravatar.com\\\/avatar\\\/fe89ce57773d4ca96fa3ec60521226cfd01e86886055be4fe89607061d716c35?s=96&d=mm&r=g\",\"url\":\"https:\\\/\\\/secure.gravatar.com\\\/avatar\\\/fe89ce57773d4ca96fa3ec60521226cfd01e86886055be4fe89607061d716c35?s=96&d=mm&r=g\",\"contentUrl\":\"https:\\\/\\\/secure.gravatar.com\\\/avatar\\\/fe89ce57773d4ca96fa3ec60521226cfd01e86886055be4fe89607061d716c35?s=96&d=mm&r=g\",\"caption\":\"Jorge Luevanos Colunga\"},\"url\":\"https:\\\/\\\/somos-hermanos.mx\\\/index.php\\\/author\\\/jorge-luevanos-colunga\\\/\"}]}<\/script>\n<!-- \/ Yoast SEO plugin. -->","yoast_head_json":{"title":"MESE: Transforma la vida de ni\u00f1as, ni\u00f1os y adolescentes en Morelia - Historias que inspiran...","robots":{"index":"index","follow":"follow","max-snippet":"max-snippet:-1","max-image-preview":"max-image-preview:large","max-video-preview":"max-video-preview:-1"},"canonical":"https:\/\/somos-hermanos.mx\/index.php\/2025\/08\/04\/mese-transforma-la-vida-de-ninas-ninos-y-adolescentes-en-morelia\/","og_locale":"es_MX","og_type":"article","og_title":"MESE: Transforma la vida de ni\u00f1as, ni\u00f1os y adolescentes en Morelia - Historias que inspiran...","og_description":"La Instituci\u00f3n de Asistencia Privada Menores en Situaci\u00f3n Extraordinaria (MESE) Vasco de Quiroga I.A.P., fundada en 1995, trabaja desde hace casi tres d\u00e9cadas en la transformaci\u00f3n integral de menores que viven en condiciones de vulnerabilidad en la zona sur de la capital michoacana. Con un enfoque centrado en evitar que ni\u00f1as, ni\u00f1os y adolescentes abandonen [&hellip;]","og_url":"https:\/\/somos-hermanos.mx\/index.php\/2025\/08\/04\/mese-transforma-la-vida-de-ninas-ninos-y-adolescentes-en-morelia\/","og_site_name":"Historias que inspiran...","article_publisher":"https:\/\/www.facebook.com\/SomosHermanosIAP\/","article_published_time":"2025-08-04T09:06:40+00:00","og_image":[{"width":940,"height":788,"url":"https:\/\/somos-hermanos.mx\/wp-content\/uploads\/2025\/08\/mese2.jpeg","type":"image\/jpeg"}],"author":"Jorge Luevanos Colunga","twitter_card":"summary_large_image","twitter_creator":"@Somos__Hermanos","twitter_site":"@Somos__Hermanos","twitter_misc":{"Escrito por":"Jorge Luevanos Colunga","Tiempo de lectura":"2 minutos"},"schema":{"@context":"https:\/\/schema.org","@graph":[{"@type":"Article","@id":"https:\/\/somos-hermanos.mx\/index.php\/2025\/08\/04\/mese-transforma-la-vida-de-ninas-ninos-y-adolescentes-en-morelia\/#article","isPartOf":{"@id":"https:\/\/somos-hermanos.mx\/index.php\/2025\/08\/04\/mese-transforma-la-vida-de-ninas-ninos-y-adolescentes-en-morelia\/"},"author":{"name":"Jorge Luevanos Colunga","@id":"https:\/\/somos-hermanos.mx\/#\/schema\/person\/9a6f4846be3f6417120bd52d3c372a2a"},"headline":"MESE: Transforma la vida de ni\u00f1as, ni\u00f1os y adolescentes en Morelia","datePublished":"2025-08-04T09:06:40+00:00","mainEntityOfPage":{"@id":"https:\/\/somos-hermanos.mx\/index.php\/2025\/08\/04\/mese-transforma-la-vida-de-ninas-ninos-y-adolescentes-en-morelia\/"},"wordCount":442,"commentCount":0,"publisher":{"@id":"https:\/\/somos-hermanos.mx\/#organization"},"image":{"@id":"https:\/\/somos-hermanos.mx\/index.php\/2025\/08\/04\/mese-transforma-la-vida-de-ninas-ninos-y-adolescentes-en-morelia\/#primaryimage"},"thumbnailUrl":"https:\/\/somos-hermanos.mx\/wp-content\/uploads\/2025\/08\/mese2.jpeg","articleSection":["Noticias"],"inLanguage":"es","potentialAction":[{"@type":"CommentAction","name":"Comment","target":["https:\/\/somos-hermanos.mx\/index.php\/2025\/08\/04\/mese-transforma-la-vida-de-ninas-ninos-y-adolescentes-en-morelia\/#respond"]}]},{"@type":"WebPage","@id":"https:\/\/somos-hermanos.mx\/index.php\/2025\/08\/04\/mese-transforma-la-vida-de-ninas-ninos-y-adolescentes-en-morelia\/","url":"https:\/\/somos-hermanos.mx\/index.php\/2025\/08\/04\/mese-transforma-la-vida-de-ninas-ninos-y-adolescentes-en-morelia\/","name":"MESE: Transforma la vida de ni\u00f1as, ni\u00f1os y adolescentes en Morelia - Historias que inspiran...","isPartOf":{"@id":"https:\/\/somos-hermanos.mx\/#website"},"primaryImageOfPage":{"@id":"https:\/\/somos-hermanos.mx\/index.php\/2025\/08\/04\/mese-transforma-la-vida-de-ninas-ninos-y-adolescentes-en-morelia\/#primaryimage"},"image":{"@id":"https:\/\/somos-hermanos.mx\/index.php\/2025\/08\/04\/mese-transforma-la-vida-de-ninas-ninos-y-adolescentes-en-morelia\/#primaryimage"},"thumbnailUrl":"https:\/\/somos-hermanos.mx\/wp-content\/uploads\/2025\/08\/mese2.jpeg","datePublished":"2025-08-04T09:06:40+00:00","breadcrumb":{"@id":"https:\/\/somos-hermanos.mx\/index.php\/2025\/08\/04\/mese-transforma-la-vida-de-ninas-ninos-y-adolescentes-en-morelia\/#breadcrumb"},"inLanguage":"es","potentialAction":[{"@type":"ReadAction","target":["https:\/\/somos-hermanos.mx\/index.php\/2025\/08\/04\/mese-transforma-la-vida-de-ninas-ninos-y-adolescentes-en-morelia\/"]}]},{"@type":"ImageObject","inLanguage":"es","@id":"https:\/\/somos-hermanos.mx\/index.php\/2025\/08\/04\/mese-transforma-la-vida-de-ninas-ninos-y-adolescentes-en-morelia\/#primaryimage","url":"https:\/\/somos-hermanos.mx\/wp-content\/uploads\/2025\/08\/mese2.jpeg","contentUrl":"https:\/\/somos-hermanos.mx\/wp-content\/uploads\/2025\/08\/mese2.jpeg","width":940,"height":788},{"@type":"BreadcrumbList","@id":"https:\/\/somos-hermanos.mx\/index.php\/2025\/08\/04\/mese-transforma-la-vida-de-ninas-ninos-y-adolescentes-en-morelia\/#breadcrumb","itemListElement":[{"@type":"ListItem","position":1,"name":"Inicio","item":"https:\/\/somos-hermanos.mx\/"},{"@type":"ListItem","position":2,"name":"MESE: Transforma la vida de ni\u00f1as, ni\u00f1os y adolescentes en Morelia"}]},{"@type":"WebSite","@id":"https:\/\/somos-hermanos.mx\/#website","url":"https:\/\/somos-hermanos.mx\/","name":"Historias que inspiran...","description":"Somos la voz del altruismo en M\u00e9xico","publisher":{"@id":"https:\/\/somos-hermanos.mx\/#organization"},"potentialAction":[{"@type":"SearchAction","target":{"@type":"EntryPoint","urlTemplate":"https:\/\/somos-hermanos.mx\/?s={search_term_string}"},"query-input":{"@type":"PropertyValueSpecification","valueRequired":true,"valueName":"search_term_string"}}],"inLanguage":"es"},{"@type":"Organization","@id":"https:\/\/somos-hermanos.mx\/#organization","name":"Somos Hermanos","url":"https:\/\/somos-hermanos.mx\/","logo":{"@type":"ImageObject","inLanguage":"es","@id":"https:\/\/somos-hermanos.mx\/#\/schema\/logo\/image\/","url":"https:\/\/somos-hermanos.mx\/wp-content\/uploads\/2025\/08\/SH30-1.jpeg","contentUrl":"https:\/\/somos-hermanos.mx\/wp-content\/uploads\/2025\/08\/SH30-1.jpeg","width":1600,"height":1142,"caption":"Somos Hermanos"},"image":{"@id":"https:\/\/somos-hermanos.mx\/#\/schema\/logo\/image\/"},"sameAs":["https:\/\/www.facebook.com\/SomosHermanosIAP\/","https:\/\/x.com\/Somos__Hermanos","https:\/\/www.instagram.com\/somos__hermanos\/#","https:\/\/www.tiktok.com\/@somoshermanosiap","https:\/\/www.youtube.com\/@somoshermanosiap1201\/videos"]},{"@type":"Person","@id":"https:\/\/somos-hermanos.mx\/#\/schema\/person\/9a6f4846be3f6417120bd52d3c372a2a","name":"Jorge Luevanos Colunga","image":{"@type":"ImageObject","inLanguage":"es","@id":"https:\/\/secure.gravatar.com\/avatar\/fe89ce57773d4ca96fa3ec60521226cfd01e86886055be4fe89607061d716c35?s=96&d=mm&r=g","url":"https:\/\/secure.gravatar.com\/avatar\/fe89ce57773d4ca96fa3ec60521226cfd01e86886055be4fe89607061d716c35?s=96&d=mm&r=g","contentUrl":"https:\/\/secure.gravatar.com\/avatar\/fe89ce57773d4ca96fa3ec60521226cfd01e86886055be4fe89607061d716c35?s=96&d=mm&r=g","caption":"Jorge Luevanos Colunga"},"url":"https:\/\/somos-hermanos.mx\/index.php\/author\/jorge-luevanos-colunga\/"}]}},"_links":{"self":[{"href":"https:\/\/somos-hermanos.mx\/index.php\/wp-json\/wp\/v2\/posts\/866","targetHints":{"allow":["GET"]}}],"collection":[{"href":"https:\/\/somos-hermanos.mx\/index.php\/wp-json\/wp\/v2\/posts"}],"about":[{"href":"https:\/\/somos-hermanos.mx\/index.php\/wp-json\/wp\/v2\/types\/post"}],"author":[{"embeddable":true,"href":"https:\/\/somos-hermanos.mx\/index.php\/wp-json\/wp\/v2\/users\/23"}],"replies":[{"embeddable":true,"href":"https:\/\/somos-hermanos.mx\/index.php\/wp-json\/wp\/v2\/comments?post=866"}],"version-history":[{"count":1,"href":"https:\/\/somos-hermanos.mx\/index.php\/wp-json\/wp\/v2\/posts\/866\/revisions"}],"predecessor-version":[{"id":868,"href":"https:\/\/somos-hermanos.mx\/index.php\/wp-json\/wp\/v2\/posts\/866\/revisions\/868"}],"wp:featuredmedia":[{"embeddable":true,"href":"https:\/\/somos-hermanos.mx\/index.php\/wp-json\/wp\/v2\/media\/867"}],"wp:attachment":[{"href":"https:\/\/somos-hermanos.mx\/index.php\/wp-json\/wp\/v2\/media?parent=866"}],"wp:term":[{"taxonomy":"category","embeddable":true,"href":"https:\/\/somos-hermanos.mx\/index.php\/wp-json\/wp\/v2\/categories?post=866"},{"taxonomy":"post_tag","embeddable":true,"href":"https:\/\/somos-hermanos.mx\/index.php\/wp-json\/wp\/v2\/tags?post=866"}],"curies":[{"name":"wp","href":"https:\/\/api.w.org\/{rel}","templated":true}]}}