{"id":863,"date":"2025-08-04T03:05:27","date_gmt":"2025-08-04T09:05:27","guid":{"rendered":"https:\/\/somos-hermanos.mx\/?p=863"},"modified":"2025-08-04T03:05:27","modified_gmt":"2025-08-04T09:05:27","slug":"fundacion-dar-y-amar-daya-impulsa-el-empoderamiento-femenino-con-nuevas-alianzas-y-programas-integrales","status":"publish","type":"post","link":"https:\/\/somos-hermanos.mx\/index.php\/2025\/08\/04\/fundacion-dar-y-amar-daya-impulsa-el-empoderamiento-femenino-con-nuevas-alianzas-y-programas-integrales\/","title":{"rendered":"Fundaci\u00f3n Dar y Amar (DAYA) impulsa el empoderamiento femenino con nuevas alianzas y programas integrales"},"content":{"rendered":"<p>La <strong>Fundaci\u00f3n Dar y Amar (DAYA)<\/strong>, Instituci\u00f3n de Asistencia Privada establecida en <strong>1997 <\/strong>en la Ciudad de M\u00e9xico, reafirma su <strong>compromiso con la protecci\u00f3n y el desarrollo integral de ni\u00f1as, adolescentes y madres j\u00f3venes en situaci\u00f3n de vulnerabilidad<\/strong>. A trav\u00e9s de programas de voluntariado y asistencia, la fundaci\u00f3n busca brindar apoyo a quienes enfrentan situaciones de <strong>abandono, trata, abuso, pobreza extrema y violencia intrafamiliar. <\/strong><\/p>\n<p>En l\u00ednea con el tema del <strong>D\u00eda Internacional de la Mujer 2025<\/strong>, \u201cPara las mujeres y ni\u00f1as en TODA su diversidad: <strong>Derechos<\/strong>, <strong>igualdad <\/strong>y <strong>empoderamiento<\/strong>\u201d, la <strong>Fundaci\u00f3n Dar y Amar <\/strong>se une al llamado global de <strong>ONU Mujeres <\/strong>para <strong>ampliar la igualdad de derechos, poder y oportunidades para todas<\/strong>. Este enfoque destaca la importancia de <strong>empoderar a la pr\u00f3xima generaci\u00f3n, especialmente a mujeres j\u00f3venes y ni\u00f1as adolescentes<\/strong>, como protagonistas de cambios duraderos hacia un futuro feminista inclusivo.<\/p>\n<p>Recientemente, la fundaci\u00f3n recibi\u00f3 un donativo significativo por parte de <strong>Toyota de M\u00e9xico, <\/strong>consistente en <strong>29 equipos de c\u00f3mputo destinados a las residentes de Casa DAYA<\/strong>. Esta iniciativa, denominada <strong>\u201cNi\u00f1os Indestructibles\u201d,<\/strong>\u00a0busca apoyar la educaci\u00f3n y el desarrollo de habilidades digitales de las beneficiarias, proporcionando herramientas esenciales para su formaci\u00f3n acad\u00e9mica y profesional.<\/p>\n<p>Adem\u00e1s, <strong>Fundaci\u00f3n Dar y Amar <\/strong>ha implementado programas como el <strong>Centro de Educaci\u00f3n Inicial (CEI DAYA)<\/strong>, que ofrece atenci\u00f3n educativa a hijos e hijas de las beneficiarias, y el <strong>Centro de Desarrollo Educativo (CDED DAYA)<\/strong>, que facilita talleres para adquirir habilidades laborales. Estos programas integrales buscan fomentar el desarrollo individual y valores familiares en las adolescentes y madres j\u00f3venes atendidas.<\/p>\n<p>Una lista significativa de parte de la <strong>Fundaci\u00f3n <\/strong>para el bienestar de las mujeres y ni\u00f1as, abarca la <strong>restituci\u00f3n <\/strong>de sus derechos como: <strong>vivienda digna, educaci\u00f3n, psicolog\u00eda, nutrici\u00f3n, salud, actividades art\u00edsticas, culturales, talleres formativos, y capacitaci\u00f3n laboral.<\/strong><\/p>\n<p>La labor de la Fundaci\u00f3n Dar y Amar se alinea con los objetivos de esta conmemoraci\u00f3n, al <strong>proporcionar un entorno seguro y de apoyo que promueve la autonom\u00eda y el bienestar de mujeres y ni\u00f1as en situaciones de riesgo.<\/strong>\u00a0A trav\u00e9s de sus iniciativas, la fundaci\u00f3n contribuye activamente a la construcci\u00f3n de una sociedad m\u00e1s equitativa y justa, donde se reconozcan y respeten los derechos de todas las mujeres y ni\u00f1as, sin dejar a nadie atr\u00e1s.<\/p>\n<p>El viernes 30 de mayo se llevar\u00e1 a cabo el voluntariado en DAYA, la instituci\u00f3n ha extendido una invitaci\u00f3n al p\u00fablico en general para sumarse y ser parte del cambio que transforma vidas, para juntos construir un espacio seguro y lleno de oportunidades para las ni\u00f1as y adolescentes.<\/p>\n<p><em>Para m\u00e1s informaci\u00f3n sobre las actividades y programas de la Fundaci\u00f3n Dar y Amar, as\u00ed como para conocer c\u00f3mo participar en sus iniciativas de voluntariado, se puede visitar su sitio web oficial:<\/em><a href=\"https:\/\/www.daya.org.mx\"><em>\u00a0<\/em><\/a><a href=\"https:\/\/www.daya.org.mx\"><em><u>www.daya.org.mx<\/u><\/em><\/a><em>\u00a0o seguir su cuenta de Instagram:<\/em><a href=\"https:\/\/www.instagram.com\/dayaiap\"><em>\u00a0<\/em><\/a><a href=\"https:\/\/www.instagram.com\/dayaiap\"><em><u>@dayaiap<\/u><\/em><\/a><em>.<\/em><\/p>\n","protected":false},"excerpt":{"rendered":"<p>La Fundaci\u00f3n Dar y Amar (DAYA), Instituci\u00f3n de Asistencia Privada establecida en 1997 en la Ciudad de M\u00e9xico, reafirma su compromiso con la protecci\u00f3n y el desarrollo integral de ni\u00f1as, adolescentes y madres j\u00f3venes en situaci\u00f3n de vulnerabilidad. A trav\u00e9s de programas de voluntariado y asistencia, la fundaci\u00f3n busca brindar apoyo a quienes enfrentan situaciones [&hellip;]<\/p>\n","protected":false},"author":14,"featured_media":864,"comment_status":"open","ping_status":"closed","sticky":false,"template":"","format":"standard","meta":{"footnotes":""},"categories":[6],"tags":[],"class_list":["post-863","post","type-post","status-publish","format-standard","has-post-thumbnail","hentry","category-noticias"],"yoast_head":"<!-- This site is optimized with the Yoast SEO plugin v27.5 - https:\/\/yoast.com\/product\/yoast-seo-wordpress\/ -->\n<title>Fundaci\u00f3n Dar y Amar (DAYA) impulsa el empoderamiento femenino con nuevas alianzas y programas integrales - Historias que inspiran...<\/title>\n<meta name=\"robots\" content=\"index, follow, max-snippet:-1, max-image-preview:large, max-video-preview:-1\" \/>\n<link rel=\"canonical\" href=\"https:\/\/somos-hermanos.mx\/index.php\/2025\/08\/04\/fundacion-dar-y-amar-daya-impulsa-el-empoderamiento-femenino-con-nuevas-alianzas-y-programas-integrales\/\" \/>\n<meta property=\"og:locale\" content=\"es_MX\" \/>\n<meta property=\"og:type\" content=\"article\" \/>\n<meta property=\"og:title\" content=\"Fundaci\u00f3n Dar y Amar (DAYA) impulsa el empoderamiento femenino con nuevas alianzas y programas integrales - Historias que inspiran...\" \/>\n<meta property=\"og:description\" content=\"La Fundaci\u00f3n Dar y Amar (DAYA), Instituci\u00f3n de Asistencia Privada establecida en 1997 en la Ciudad de M\u00e9xico, reafirma su compromiso con la protecci\u00f3n y el desarrollo integral de ni\u00f1as, adolescentes y madres j\u00f3venes en situaci\u00f3n de vulnerabilidad. A trav\u00e9s de programas de voluntariado y asistencia, la fundaci\u00f3n busca brindar apoyo a quienes enfrentan situaciones [&hellip;]\" \/>\n<meta property=\"og:url\" content=\"https:\/\/somos-hermanos.mx\/index.php\/2025\/08\/04\/fundacion-dar-y-amar-daya-impulsa-el-empoderamiento-femenino-con-nuevas-alianzas-y-programas-integrales\/\" \/>\n<meta property=\"og:site_name\" content=\"Historias que inspiran...\" \/>\n<meta property=\"article:publisher\" content=\"https:\/\/www.facebook.com\/SomosHermanosIAP\/\" \/>\n<meta property=\"article:published_time\" content=\"2025-08-04T09:05:27+00:00\" \/>\n<meta property=\"og:image\" content=\"https:\/\/somos-hermanos.mx\/wp-content\/uploads\/2025\/08\/daya2.jpeg\" \/>\n\t<meta property=\"og:image:width\" content=\"1080\" \/>\n\t<meta property=\"og:image:height\" content=\"914\" \/>\n\t<meta property=\"og:image:type\" content=\"image\/jpeg\" \/>\n<meta name=\"author\" content=\"Ivon D\u00edaz Rojas\" \/>\n<meta name=\"twitter:card\" content=\"summary_large_image\" \/>\n<meta name=\"twitter:creator\" content=\"@Somos__Hermanos\" \/>\n<meta name=\"twitter:site\" content=\"@Somos__Hermanos\" \/>\n<meta name=\"twitter:label1\" content=\"Escrito por\" \/>\n\t<meta name=\"twitter:data1\" content=\"Ivon D\u00edaz Rojas\" \/>\n\t<meta name=\"twitter:label2\" content=\"Tiempo de lectura\" \/>\n\t<meta name=\"twitter:data2\" content=\"3 minutos\" \/>\n<script type=\"application\/ld+json\" class=\"yoast-schema-graph\">{\"@context\":\"https:\\\/\\\/schema.org\",\"@graph\":[{\"@type\":\"Article\",\"@id\":\"https:\\\/\\\/somos-hermanos.mx\\\/index.php\\\/2025\\\/08\\\/04\\\/fundacion-dar-y-amar-daya-impulsa-el-empoderamiento-femenino-con-nuevas-alianzas-y-programas-integrales\\\/#article\",\"isPartOf\":{\"@id\":\"https:\\\/\\\/somos-hermanos.mx\\\/index.php\\\/2025\\\/08\\\/04\\\/fundacion-dar-y-amar-daya-impulsa-el-empoderamiento-femenino-con-nuevas-alianzas-y-programas-integrales\\\/\"},\"author\":{\"name\":\"Ivon D\u00edaz Rojas\",\"@id\":\"https:\\\/\\\/somos-hermanos.mx\\\/#\\\/schema\\\/person\\\/ca47b05d4e7735cde01b6c20df3ff500\"},\"headline\":\"Fundaci\u00f3n Dar y Amar (DAYA) impulsa el empoderamiento femenino con nuevas alianzas y programas integrales\",\"datePublished\":\"2025-08-04T09:05:27+00:00\",\"mainEntityOfPage\":{\"@id\":\"https:\\\/\\\/somos-hermanos.mx\\\/index.php\\\/2025\\\/08\\\/04\\\/fundacion-dar-y-amar-daya-impulsa-el-empoderamiento-femenino-con-nuevas-alianzas-y-programas-integrales\\\/\"},\"wordCount\":525,\"commentCount\":0,\"publisher\":{\"@id\":\"https:\\\/\\\/somos-hermanos.mx\\\/#organization\"},\"image\":{\"@id\":\"https:\\\/\\\/somos-hermanos.mx\\\/index.php\\\/2025\\\/08\\\/04\\\/fundacion-dar-y-amar-daya-impulsa-el-empoderamiento-femenino-con-nuevas-alianzas-y-programas-integrales\\\/#primaryimage\"},\"thumbnailUrl\":\"https:\\\/\\\/somos-hermanos.mx\\\/wp-content\\\/uploads\\\/2025\\\/08\\\/daya2.jpeg\",\"articleSection\":[\"Noticias\"],\"inLanguage\":\"es\",\"potentialAction\":[{\"@type\":\"CommentAction\",\"name\":\"Comment\",\"target\":[\"https:\\\/\\\/somos-hermanos.mx\\\/index.php\\\/2025\\\/08\\\/04\\\/fundacion-dar-y-amar-daya-impulsa-el-empoderamiento-femenino-con-nuevas-alianzas-y-programas-integrales\\\/#respond\"]}]},{\"@type\":\"WebPage\",\"@id\":\"https:\\\/\\\/somos-hermanos.mx\\\/index.php\\\/2025\\\/08\\\/04\\\/fundacion-dar-y-amar-daya-impulsa-el-empoderamiento-femenino-con-nuevas-alianzas-y-programas-integrales\\\/\",\"url\":\"https:\\\/\\\/somos-hermanos.mx\\\/index.php\\\/2025\\\/08\\\/04\\\/fundacion-dar-y-amar-daya-impulsa-el-empoderamiento-femenino-con-nuevas-alianzas-y-programas-integrales\\\/\",\"name\":\"Fundaci\u00f3n Dar y Amar (DAYA) impulsa el empoderamiento femenino con nuevas alianzas y programas integrales - Historias que inspiran...\",\"isPartOf\":{\"@id\":\"https:\\\/\\\/somos-hermanos.mx\\\/#website\"},\"primaryImageOfPage\":{\"@id\":\"https:\\\/\\\/somos-hermanos.mx\\\/index.php\\\/2025\\\/08\\\/04\\\/fundacion-dar-y-amar-daya-impulsa-el-empoderamiento-femenino-con-nuevas-alianzas-y-programas-integrales\\\/#primaryimage\"},\"image\":{\"@id\":\"https:\\\/\\\/somos-hermanos.mx\\\/index.php\\\/2025\\\/08\\\/04\\\/fundacion-dar-y-amar-daya-impulsa-el-empoderamiento-femenino-con-nuevas-alianzas-y-programas-integrales\\\/#primaryimage\"},\"thumbnailUrl\":\"https:\\\/\\\/somos-hermanos.mx\\\/wp-content\\\/uploads\\\/2025\\\/08\\\/daya2.jpeg\",\"datePublished\":\"2025-08-04T09:05:27+00:00\",\"breadcrumb\":{\"@id\":\"https:\\\/\\\/somos-hermanos.mx\\\/index.php\\\/2025\\\/08\\\/04\\\/fundacion-dar-y-amar-daya-impulsa-el-empoderamiento-femenino-con-nuevas-alianzas-y-programas-integrales\\\/#breadcrumb\"},\"inLanguage\":\"es\",\"potentialAction\":[{\"@type\":\"ReadAction\",\"target\":[\"https:\\\/\\\/somos-hermanos.mx\\\/index.php\\\/2025\\\/08\\\/04\\\/fundacion-dar-y-amar-daya-impulsa-el-empoderamiento-femenino-con-nuevas-alianzas-y-programas-integrales\\\/\"]}]},{\"@type\":\"ImageObject\",\"inLanguage\":\"es\",\"@id\":\"https:\\\/\\\/somos-hermanos.mx\\\/index.php\\\/2025\\\/08\\\/04\\\/fundacion-dar-y-amar-daya-impulsa-el-empoderamiento-femenino-con-nuevas-alianzas-y-programas-integrales\\\/#primaryimage\",\"url\":\"https:\\\/\\\/somos-hermanos.mx\\\/wp-content\\\/uploads\\\/2025\\\/08\\\/daya2.jpeg\",\"contentUrl\":\"https:\\\/\\\/somos-hermanos.mx\\\/wp-content\\\/uploads\\\/2025\\\/08\\\/daya2.jpeg\",\"width\":1080,\"height\":914},{\"@type\":\"BreadcrumbList\",\"@id\":\"https:\\\/\\\/somos-hermanos.mx\\\/index.php\\\/2025\\\/08\\\/04\\\/fundacion-dar-y-amar-daya-impulsa-el-empoderamiento-femenino-con-nuevas-alianzas-y-programas-integrales\\\/#breadcrumb\",\"itemListElement\":[{\"@type\":\"ListItem\",\"position\":1,\"name\":\"Inicio\",\"item\":\"https:\\\/\\\/somos-hermanos.mx\\\/\"},{\"@type\":\"ListItem\",\"position\":2,\"name\":\"Fundaci\u00f3n Dar y Amar (DAYA) impulsa el empoderamiento femenino con nuevas alianzas y programas integrales\"}]},{\"@type\":\"WebSite\",\"@id\":\"https:\\\/\\\/somos-hermanos.mx\\\/#website\",\"url\":\"https:\\\/\\\/somos-hermanos.mx\\\/\",\"name\":\"Historias que inspiran...\",\"description\":\"Somos la voz del altruismo en M\u00e9xico\",\"publisher\":{\"@id\":\"https:\\\/\\\/somos-hermanos.mx\\\/#organization\"},\"potentialAction\":[{\"@type\":\"SearchAction\",\"target\":{\"@type\":\"EntryPoint\",\"urlTemplate\":\"https:\\\/\\\/somos-hermanos.mx\\\/?s={search_term_string}\"},\"query-input\":{\"@type\":\"PropertyValueSpecification\",\"valueRequired\":true,\"valueName\":\"search_term_string\"}}],\"inLanguage\":\"es\"},{\"@type\":\"Organization\",\"@id\":\"https:\\\/\\\/somos-hermanos.mx\\\/#organization\",\"name\":\"Somos Hermanos\",\"url\":\"https:\\\/\\\/somos-hermanos.mx\\\/\",\"logo\":{\"@type\":\"ImageObject\",\"inLanguage\":\"es\",\"@id\":\"https:\\\/\\\/somos-hermanos.mx\\\/#\\\/schema\\\/logo\\\/image\\\/\",\"url\":\"https:\\\/\\\/somos-hermanos.mx\\\/wp-content\\\/uploads\\\/2025\\\/08\\\/SH30-1.jpeg\",\"contentUrl\":\"https:\\\/\\\/somos-hermanos.mx\\\/wp-content\\\/uploads\\\/2025\\\/08\\\/SH30-1.jpeg\",\"width\":1600,\"height\":1142,\"caption\":\"Somos Hermanos\"},\"image\":{\"@id\":\"https:\\\/\\\/somos-hermanos.mx\\\/#\\\/schema\\\/logo\\\/image\\\/\"},\"sameAs\":[\"https:\\\/\\\/www.facebook.com\\\/SomosHermanosIAP\\\/\",\"https:\\\/\\\/x.com\\\/Somos__Hermanos\",\"https:\\\/\\\/www.instagram.com\\\/somos__hermanos\\\/#\",\"https:\\\/\\\/www.tiktok.com\\\/@somoshermanosiap\",\"https:\\\/\\\/www.youtube.com\\\/@somoshermanosiap1201\\\/videos\"]},{\"@type\":\"Person\",\"@id\":\"https:\\\/\\\/somos-hermanos.mx\\\/#\\\/schema\\\/person\\\/ca47b05d4e7735cde01b6c20df3ff500\",\"name\":\"Ivon D\u00edaz Rojas\",\"image\":{\"@type\":\"ImageObject\",\"inLanguage\":\"es\",\"@id\":\"https:\\\/\\\/secure.gravatar.com\\\/avatar\\\/1c19107828bb690213f343d5aa89eef40d6744894d5f632754fec79e3043dbb3?s=96&d=mm&r=g\",\"url\":\"https:\\\/\\\/secure.gravatar.com\\\/avatar\\\/1c19107828bb690213f343d5aa89eef40d6744894d5f632754fec79e3043dbb3?s=96&d=mm&r=g\",\"contentUrl\":\"https:\\\/\\\/secure.gravatar.com\\\/avatar\\\/1c19107828bb690213f343d5aa89eef40d6744894d5f632754fec79e3043dbb3?s=96&d=mm&r=g\",\"caption\":\"Ivon D\u00edaz Rojas\"},\"url\":\"https:\\\/\\\/somos-hermanos.mx\\\/index.php\\\/author\\\/ivon-diaz-rojas\\\/\"}]}<\/script>\n<!-- \/ Yoast SEO plugin. -->","yoast_head_json":{"title":"Fundaci\u00f3n Dar y Amar (DAYA) impulsa el empoderamiento femenino con nuevas alianzas y programas integrales - Historias que inspiran...","robots":{"index":"index","follow":"follow","max-snippet":"max-snippet:-1","max-image-preview":"max-image-preview:large","max-video-preview":"max-video-preview:-1"},"canonical":"https:\/\/somos-hermanos.mx\/index.php\/2025\/08\/04\/fundacion-dar-y-amar-daya-impulsa-el-empoderamiento-femenino-con-nuevas-alianzas-y-programas-integrales\/","og_locale":"es_MX","og_type":"article","og_title":"Fundaci\u00f3n Dar y Amar (DAYA) impulsa el empoderamiento femenino con nuevas alianzas y programas integrales - Historias que inspiran...","og_description":"La Fundaci\u00f3n Dar y Amar (DAYA), Instituci\u00f3n de Asistencia Privada establecida en 1997 en la Ciudad de M\u00e9xico, reafirma su compromiso con la protecci\u00f3n y el desarrollo integral de ni\u00f1as, adolescentes y madres j\u00f3venes en situaci\u00f3n de vulnerabilidad. A trav\u00e9s de programas de voluntariado y asistencia, la fundaci\u00f3n busca brindar apoyo a quienes enfrentan situaciones [&hellip;]","og_url":"https:\/\/somos-hermanos.mx\/index.php\/2025\/08\/04\/fundacion-dar-y-amar-daya-impulsa-el-empoderamiento-femenino-con-nuevas-alianzas-y-programas-integrales\/","og_site_name":"Historias que inspiran...","article_publisher":"https:\/\/www.facebook.com\/SomosHermanosIAP\/","article_published_time":"2025-08-04T09:05:27+00:00","og_image":[{"width":1080,"height":914,"url":"https:\/\/somos-hermanos.mx\/wp-content\/uploads\/2025\/08\/daya2.jpeg","type":"image\/jpeg"}],"author":"Ivon D\u00edaz Rojas","twitter_card":"summary_large_image","twitter_creator":"@Somos__Hermanos","twitter_site":"@Somos__Hermanos","twitter_misc":{"Escrito por":"Ivon D\u00edaz Rojas","Tiempo de lectura":"3 minutos"},"schema":{"@context":"https:\/\/schema.org","@graph":[{"@type":"Article","@id":"https:\/\/somos-hermanos.mx\/index.php\/2025\/08\/04\/fundacion-dar-y-amar-daya-impulsa-el-empoderamiento-femenino-con-nuevas-alianzas-y-programas-integrales\/#article","isPartOf":{"@id":"https:\/\/somos-hermanos.mx\/index.php\/2025\/08\/04\/fundacion-dar-y-amar-daya-impulsa-el-empoderamiento-femenino-con-nuevas-alianzas-y-programas-integrales\/"},"author":{"name":"Ivon D\u00edaz Rojas","@id":"https:\/\/somos-hermanos.mx\/#\/schema\/person\/ca47b05d4e7735cde01b6c20df3ff500"},"headline":"Fundaci\u00f3n Dar y Amar (DAYA) impulsa el empoderamiento femenino con nuevas alianzas y programas integrales","datePublished":"2025-08-04T09:05:27+00:00","mainEntityOfPage":{"@id":"https:\/\/somos-hermanos.mx\/index.php\/2025\/08\/04\/fundacion-dar-y-amar-daya-impulsa-el-empoderamiento-femenino-con-nuevas-alianzas-y-programas-integrales\/"},"wordCount":525,"commentCount":0,"publisher":{"@id":"https:\/\/somos-hermanos.mx\/#organization"},"image":{"@id":"https:\/\/somos-hermanos.mx\/index.php\/2025\/08\/04\/fundacion-dar-y-amar-daya-impulsa-el-empoderamiento-femenino-con-nuevas-alianzas-y-programas-integrales\/#primaryimage"},"thumbnailUrl":"https:\/\/somos-hermanos.mx\/wp-content\/uploads\/2025\/08\/daya2.jpeg","articleSection":["Noticias"],"inLanguage":"es","potentialAction":[{"@type":"CommentAction","name":"Comment","target":["https:\/\/somos-hermanos.mx\/index.php\/2025\/08\/04\/fundacion-dar-y-amar-daya-impulsa-el-empoderamiento-femenino-con-nuevas-alianzas-y-programas-integrales\/#respond"]}]},{"@type":"WebPage","@id":"https:\/\/somos-hermanos.mx\/index.php\/2025\/08\/04\/fundacion-dar-y-amar-daya-impulsa-el-empoderamiento-femenino-con-nuevas-alianzas-y-programas-integrales\/","url":"https:\/\/somos-hermanos.mx\/index.php\/2025\/08\/04\/fundacion-dar-y-amar-daya-impulsa-el-empoderamiento-femenino-con-nuevas-alianzas-y-programas-integrales\/","name":"Fundaci\u00f3n Dar y Amar (DAYA) impulsa el empoderamiento femenino con nuevas alianzas y programas integrales - Historias que inspiran...","isPartOf":{"@id":"https:\/\/somos-hermanos.mx\/#website"},"primaryImageOfPage":{"@id":"https:\/\/somos-hermanos.mx\/index.php\/2025\/08\/04\/fundacion-dar-y-amar-daya-impulsa-el-empoderamiento-femenino-con-nuevas-alianzas-y-programas-integrales\/#primaryimage"},"image":{"@id":"https:\/\/somos-hermanos.mx\/index.php\/2025\/08\/04\/fundacion-dar-y-amar-daya-impulsa-el-empoderamiento-femenino-con-nuevas-alianzas-y-programas-integrales\/#primaryimage"},"thumbnailUrl":"https:\/\/somos-hermanos.mx\/wp-content\/uploads\/2025\/08\/daya2.jpeg","datePublished":"2025-08-04T09:05:27+00:00","breadcrumb":{"@id":"https:\/\/somos-hermanos.mx\/index.php\/2025\/08\/04\/fundacion-dar-y-amar-daya-impulsa-el-empoderamiento-femenino-con-nuevas-alianzas-y-programas-integrales\/#breadcrumb"},"inLanguage":"es","potentialAction":[{"@type":"ReadAction","target":["https:\/\/somos-hermanos.mx\/index.php\/2025\/08\/04\/fundacion-dar-y-amar-daya-impulsa-el-empoderamiento-femenino-con-nuevas-alianzas-y-programas-integrales\/"]}]},{"@type":"ImageObject","inLanguage":"es","@id":"https:\/\/somos-hermanos.mx\/index.php\/2025\/08\/04\/fundacion-dar-y-amar-daya-impulsa-el-empoderamiento-femenino-con-nuevas-alianzas-y-programas-integrales\/#primaryimage","url":"https:\/\/somos-hermanos.mx\/wp-content\/uploads\/2025\/08\/daya2.jpeg","contentUrl":"https:\/\/somos-hermanos.mx\/wp-content\/uploads\/2025\/08\/daya2.jpeg","width":1080,"height":914},{"@type":"BreadcrumbList","@id":"https:\/\/somos-hermanos.mx\/index.php\/2025\/08\/04\/fundacion-dar-y-amar-daya-impulsa-el-empoderamiento-femenino-con-nuevas-alianzas-y-programas-integrales\/#breadcrumb","itemListElement":[{"@type":"ListItem","position":1,"name":"Inicio","item":"https:\/\/somos-hermanos.mx\/"},{"@type":"ListItem","position":2,"name":"Fundaci\u00f3n Dar y Amar (DAYA) impulsa el empoderamiento femenino con nuevas alianzas y programas integrales"}]},{"@type":"WebSite","@id":"https:\/\/somos-hermanos.mx\/#website","url":"https:\/\/somos-hermanos.mx\/","name":"Historias que inspiran...","description":"Somos la voz del altruismo en M\u00e9xico","publisher":{"@id":"https:\/\/somos-hermanos.mx\/#organization"},"potentialAction":[{"@type":"SearchAction","target":{"@type":"EntryPoint","urlTemplate":"https:\/\/somos-hermanos.mx\/?s={search_term_string}"},"query-input":{"@type":"PropertyValueSpecification","valueRequired":true,"valueName":"search_term_string"}}],"inLanguage":"es"},{"@type":"Organization","@id":"https:\/\/somos-hermanos.mx\/#organization","name":"Somos Hermanos","url":"https:\/\/somos-hermanos.mx\/","logo":{"@type":"ImageObject","inLanguage":"es","@id":"https:\/\/somos-hermanos.mx\/#\/schema\/logo\/image\/","url":"https:\/\/somos-hermanos.mx\/wp-content\/uploads\/2025\/08\/SH30-1.jpeg","contentUrl":"https:\/\/somos-hermanos.mx\/wp-content\/uploads\/2025\/08\/SH30-1.jpeg","width":1600,"height":1142,"caption":"Somos Hermanos"},"image":{"@id":"https:\/\/somos-hermanos.mx\/#\/schema\/logo\/image\/"},"sameAs":["https:\/\/www.facebook.com\/SomosHermanosIAP\/","https:\/\/x.com\/Somos__Hermanos","https:\/\/www.instagram.com\/somos__hermanos\/#","https:\/\/www.tiktok.com\/@somoshermanosiap","https:\/\/www.youtube.com\/@somoshermanosiap1201\/videos"]},{"@type":"Person","@id":"https:\/\/somos-hermanos.mx\/#\/schema\/person\/ca47b05d4e7735cde01b6c20df3ff500","name":"Ivon D\u00edaz Rojas","image":{"@type":"ImageObject","inLanguage":"es","@id":"https:\/\/secure.gravatar.com\/avatar\/1c19107828bb690213f343d5aa89eef40d6744894d5f632754fec79e3043dbb3?s=96&d=mm&r=g","url":"https:\/\/secure.gravatar.com\/avatar\/1c19107828bb690213f343d5aa89eef40d6744894d5f632754fec79e3043dbb3?s=96&d=mm&r=g","contentUrl":"https:\/\/secure.gravatar.com\/avatar\/1c19107828bb690213f343d5aa89eef40d6744894d5f632754fec79e3043dbb3?s=96&d=mm&r=g","caption":"Ivon D\u00edaz Rojas"},"url":"https:\/\/somos-hermanos.mx\/index.php\/author\/ivon-diaz-rojas\/"}]}},"_links":{"self":[{"href":"https:\/\/somos-hermanos.mx\/index.php\/wp-json\/wp\/v2\/posts\/863","targetHints":{"allow":["GET"]}}],"collection":[{"href":"https:\/\/somos-hermanos.mx\/index.php\/wp-json\/wp\/v2\/posts"}],"about":[{"href":"https:\/\/somos-hermanos.mx\/index.php\/wp-json\/wp\/v2\/types\/post"}],"author":[{"embeddable":true,"href":"https:\/\/somos-hermanos.mx\/index.php\/wp-json\/wp\/v2\/users\/14"}],"replies":[{"embeddable":true,"href":"https:\/\/somos-hermanos.mx\/index.php\/wp-json\/wp\/v2\/comments?post=863"}],"version-history":[{"count":1,"href":"https:\/\/somos-hermanos.mx\/index.php\/wp-json\/wp\/v2\/posts\/863\/revisions"}],"predecessor-version":[{"id":865,"href":"https:\/\/somos-hermanos.mx\/index.php\/wp-json\/wp\/v2\/posts\/863\/revisions\/865"}],"wp:featuredmedia":[{"embeddable":true,"href":"https:\/\/somos-hermanos.mx\/index.php\/wp-json\/wp\/v2\/media\/864"}],"wp:attachment":[{"href":"https:\/\/somos-hermanos.mx\/index.php\/wp-json\/wp\/v2\/media?parent=863"}],"wp:term":[{"taxonomy":"category","embeddable":true,"href":"https:\/\/somos-hermanos.mx\/index.php\/wp-json\/wp\/v2\/categories?post=863"},{"taxonomy":"post_tag","embeddable":true,"href":"https:\/\/somos-hermanos.mx\/index.php\/wp-json\/wp\/v2\/tags?post=863"}],"curies":[{"name":"wp","href":"https:\/\/api.w.org\/{rel}","templated":true}]}}