{"id":860,"date":"2025-08-04T03:04:34","date_gmt":"2025-08-04T09:04:34","guid":{"rendered":"https:\/\/somos-hermanos.mx\/?p=860"},"modified":"2025-08-04T03:04:34","modified_gmt":"2025-08-04T09:04:34","slug":"integracion-down-una-oportunidad-para-todos","status":"publish","type":"post","link":"https:\/\/somos-hermanos.mx\/index.php\/2025\/08\/04\/integracion-down-una-oportunidad-para-todos\/","title":{"rendered":"Integraci\u00f3n Down: Una oportunidad para todos"},"content":{"rendered":"<p>De acuerdo con <strong>las \u00faltimas estad\u00edsticas del gobierno, uno de cada 700 ni\u00f1os y ni\u00f1as en M\u00e9xico nace con s\u00edndrome de Down, <\/strong>por lo que se estima que existen aproximadamente 220 mil personas con esta condici\u00f3n en el pa\u00eds.<\/p>\n<p>Ante esta situaci\u00f3n y con el prop\u00f3sito de apoyar a la comunidad, nace <strong>Integraci\u00f3n Down IAP<\/strong>, una instituci\u00f3n sin fines de lucro que, <strong>desde 1998, se ha comprometido de la mano de profesionales para brindar a la poblaci\u00f3n con s\u00edndrome de Down en la Ciudad de M\u00e9xico una alternativa educativa y rehabilitadora, <\/strong>con un enfoque integrador, alejado de la visi\u00f3n segregacionista y centrado en una educaci\u00f3n incluyente.<\/p>\n<p>A lo largo de sus a\u00f1os de trabajo, la fundaci\u00f3n <strong>se ha enfocado en promover la integraci\u00f3n de ni\u00f1as y ni\u00f1os con s\u00edndrome de Down<\/strong>\u00a0en escuelas de educaci\u00f3n b\u00e1sica regular, con la finalidad de que desarrollen sus destrezas y habilidades necesarias para lograr su independencia e inclusi\u00f3n plena en la sociedad.<\/p>\n<p>A trav\u00e9s de valores como la responsabilidad social, el compromiso, la transparencia y la integraci\u00f3n, esta fundaci\u00f3n trabaja d\u00eda a d\u00eda para sostener su modelo de intervenci\u00f3n, el cual se basa en la capacitaci\u00f3n y actualizaci\u00f3n en temas relacionados con el s\u00edndrome de Down, la difusi\u00f3n y sensibilizaci\u00f3n, la atenci\u00f3n educativa y rehabilitadora impartida por profesionales altamente capacitados, y la recaudaci\u00f3n de fondos para mantener sus operaciones.<\/p>\n<p>Si est\u00e1s interesado en formar parte de esta noble causa y dejar tu granito de arena, la fundaci\u00f3n acepta donativos, ya sean econ\u00f3micos o en especie. Tambi\u00e9n puedes ofrecer tus servicios como voluntario o realizar tu servicio social dentro de la instituci\u00f3n.<\/p>\n<p>A continuaci\u00f3n, te dejamos el enlace a su p\u00e1gina web. Ah\u00ed encontrar\u00e1s informaci\u00f3n de contacto, publicaciones recientes, preguntas frecuentes y todo lo relacionado con la atenci\u00f3n que brindan.<\/p>\n<p>Recuerda: todos los ni\u00f1os y ni\u00f1as merecen una vida digna y llena de oportunidades. Integraci\u00f3n Down quiere hacerlo posible.<\/p>\n<p><em>Enlace: https:\/\/www.integraciondown.org\/index.html<\/em><\/p>\n","protected":false},"excerpt":{"rendered":"<p>De acuerdo con las \u00faltimas estad\u00edsticas del gobierno, uno de cada 700 ni\u00f1os y ni\u00f1as en M\u00e9xico nace con s\u00edndrome de Down, por lo que se estima que existen aproximadamente 220 mil personas con esta condici\u00f3n en el pa\u00eds. Ante esta situaci\u00f3n y con el prop\u00f3sito de apoyar a la comunidad, nace Integraci\u00f3n Down IAP, [&hellip;]<\/p>\n","protected":false},"author":15,"featured_media":861,"comment_status":"open","ping_status":"closed","sticky":false,"template":"","format":"standard","meta":{"footnotes":""},"categories":[6],"tags":[],"class_list":["post-860","post","type-post","status-publish","format-standard","has-post-thumbnail","hentry","category-noticias"],"yoast_head":"<!-- This site is optimized with the Yoast SEO plugin v27.5 - https:\/\/yoast.com\/product\/yoast-seo-wordpress\/ -->\n<title>Integraci\u00f3n Down: Una oportunidad para todos - Historias que inspiran...<\/title>\n<meta name=\"robots\" content=\"index, follow, max-snippet:-1, max-image-preview:large, max-video-preview:-1\" \/>\n<link rel=\"canonical\" href=\"https:\/\/somos-hermanos.mx\/index.php\/2025\/08\/04\/integracion-down-una-oportunidad-para-todos\/\" \/>\n<meta property=\"og:locale\" content=\"es_MX\" \/>\n<meta property=\"og:type\" content=\"article\" \/>\n<meta property=\"og:title\" content=\"Integraci\u00f3n Down: Una oportunidad para todos - Historias que inspiran...\" \/>\n<meta property=\"og:description\" content=\"De acuerdo con las \u00faltimas estad\u00edsticas del gobierno, uno de cada 700 ni\u00f1os y ni\u00f1as en M\u00e9xico nace con s\u00edndrome de Down, por lo que se estima que existen aproximadamente 220 mil personas con esta condici\u00f3n en el pa\u00eds. Ante esta situaci\u00f3n y con el prop\u00f3sito de apoyar a la comunidad, nace Integraci\u00f3n Down IAP, [&hellip;]\" \/>\n<meta property=\"og:url\" content=\"https:\/\/somos-hermanos.mx\/index.php\/2025\/08\/04\/integracion-down-una-oportunidad-para-todos\/\" \/>\n<meta property=\"og:site_name\" content=\"Historias que inspiran...\" \/>\n<meta property=\"article:publisher\" content=\"https:\/\/www.facebook.com\/SomosHermanosIAP\/\" \/>\n<meta property=\"article:published_time\" content=\"2025-08-04T09:04:34+00:00\" \/>\n<meta property=\"og:image\" content=\"https:\/\/somos-hermanos.mx\/wp-content\/uploads\/2025\/08\/intedo.jpeg\" \/>\n\t<meta property=\"og:image:width\" content=\"1368\" \/>\n\t<meta property=\"og:image:height\" content=\"1026\" \/>\n\t<meta property=\"og:image:type\" content=\"image\/jpeg\" \/>\n<meta name=\"author\" content=\"Itzel Montiel Luna\" \/>\n<meta name=\"twitter:card\" content=\"summary_large_image\" \/>\n<meta name=\"twitter:creator\" content=\"@Somos__Hermanos\" \/>\n<meta name=\"twitter:site\" content=\"@Somos__Hermanos\" \/>\n<meta name=\"twitter:label1\" content=\"Escrito por\" \/>\n\t<meta name=\"twitter:data1\" content=\"Itzel Montiel Luna\" \/>\n\t<meta name=\"twitter:label2\" content=\"Tiempo de lectura\" \/>\n\t<meta name=\"twitter:data2\" content=\"2 minutos\" \/>\n<script type=\"application\/ld+json\" class=\"yoast-schema-graph\">{\"@context\":\"https:\\\/\\\/schema.org\",\"@graph\":[{\"@type\":\"Article\",\"@id\":\"https:\\\/\\\/somos-hermanos.mx\\\/index.php\\\/2025\\\/08\\\/04\\\/integracion-down-una-oportunidad-para-todos\\\/#article\",\"isPartOf\":{\"@id\":\"https:\\\/\\\/somos-hermanos.mx\\\/index.php\\\/2025\\\/08\\\/04\\\/integracion-down-una-oportunidad-para-todos\\\/\"},\"author\":{\"name\":\"Itzel Montiel Luna\",\"@id\":\"https:\\\/\\\/somos-hermanos.mx\\\/#\\\/schema\\\/person\\\/0998f178948ff64bb6e8e1479a973eb7\"},\"headline\":\"Integraci\u00f3n Down: Una oportunidad para todos\",\"datePublished\":\"2025-08-04T09:04:34+00:00\",\"mainEntityOfPage\":{\"@id\":\"https:\\\/\\\/somos-hermanos.mx\\\/index.php\\\/2025\\\/08\\\/04\\\/integracion-down-una-oportunidad-para-todos\\\/\"},\"wordCount\":376,\"commentCount\":0,\"publisher\":{\"@id\":\"https:\\\/\\\/somos-hermanos.mx\\\/#organization\"},\"image\":{\"@id\":\"https:\\\/\\\/somos-hermanos.mx\\\/index.php\\\/2025\\\/08\\\/04\\\/integracion-down-una-oportunidad-para-todos\\\/#primaryimage\"},\"thumbnailUrl\":\"https:\\\/\\\/somos-hermanos.mx\\\/wp-content\\\/uploads\\\/2025\\\/08\\\/intedo.jpeg\",\"articleSection\":[\"Noticias\"],\"inLanguage\":\"es\",\"potentialAction\":[{\"@type\":\"CommentAction\",\"name\":\"Comment\",\"target\":[\"https:\\\/\\\/somos-hermanos.mx\\\/index.php\\\/2025\\\/08\\\/04\\\/integracion-down-una-oportunidad-para-todos\\\/#respond\"]}]},{\"@type\":\"WebPage\",\"@id\":\"https:\\\/\\\/somos-hermanos.mx\\\/index.php\\\/2025\\\/08\\\/04\\\/integracion-down-una-oportunidad-para-todos\\\/\",\"url\":\"https:\\\/\\\/somos-hermanos.mx\\\/index.php\\\/2025\\\/08\\\/04\\\/integracion-down-una-oportunidad-para-todos\\\/\",\"name\":\"Integraci\u00f3n Down: Una oportunidad para todos - Historias que inspiran...\",\"isPartOf\":{\"@id\":\"https:\\\/\\\/somos-hermanos.mx\\\/#website\"},\"primaryImageOfPage\":{\"@id\":\"https:\\\/\\\/somos-hermanos.mx\\\/index.php\\\/2025\\\/08\\\/04\\\/integracion-down-una-oportunidad-para-todos\\\/#primaryimage\"},\"image\":{\"@id\":\"https:\\\/\\\/somos-hermanos.mx\\\/index.php\\\/2025\\\/08\\\/04\\\/integracion-down-una-oportunidad-para-todos\\\/#primaryimage\"},\"thumbnailUrl\":\"https:\\\/\\\/somos-hermanos.mx\\\/wp-content\\\/uploads\\\/2025\\\/08\\\/intedo.jpeg\",\"datePublished\":\"2025-08-04T09:04:34+00:00\",\"breadcrumb\":{\"@id\":\"https:\\\/\\\/somos-hermanos.mx\\\/index.php\\\/2025\\\/08\\\/04\\\/integracion-down-una-oportunidad-para-todos\\\/#breadcrumb\"},\"inLanguage\":\"es\",\"potentialAction\":[{\"@type\":\"ReadAction\",\"target\":[\"https:\\\/\\\/somos-hermanos.mx\\\/index.php\\\/2025\\\/08\\\/04\\\/integracion-down-una-oportunidad-para-todos\\\/\"]}]},{\"@type\":\"ImageObject\",\"inLanguage\":\"es\",\"@id\":\"https:\\\/\\\/somos-hermanos.mx\\\/index.php\\\/2025\\\/08\\\/04\\\/integracion-down-una-oportunidad-para-todos\\\/#primaryimage\",\"url\":\"https:\\\/\\\/somos-hermanos.mx\\\/wp-content\\\/uploads\\\/2025\\\/08\\\/intedo.jpeg\",\"contentUrl\":\"https:\\\/\\\/somos-hermanos.mx\\\/wp-content\\\/uploads\\\/2025\\\/08\\\/intedo.jpeg\",\"width\":1368,\"height\":1026},{\"@type\":\"BreadcrumbList\",\"@id\":\"https:\\\/\\\/somos-hermanos.mx\\\/index.php\\\/2025\\\/08\\\/04\\\/integracion-down-una-oportunidad-para-todos\\\/#breadcrumb\",\"itemListElement\":[{\"@type\":\"ListItem\",\"position\":1,\"name\":\"Inicio\",\"item\":\"https:\\\/\\\/somos-hermanos.mx\\\/\"},{\"@type\":\"ListItem\",\"position\":2,\"name\":\"Integraci\u00f3n Down: Una oportunidad para todos\"}]},{\"@type\":\"WebSite\",\"@id\":\"https:\\\/\\\/somos-hermanos.mx\\\/#website\",\"url\":\"https:\\\/\\\/somos-hermanos.mx\\\/\",\"name\":\"Historias que inspiran...\",\"description\":\"Somos la voz del altruismo en M\u00e9xico\",\"publisher\":{\"@id\":\"https:\\\/\\\/somos-hermanos.mx\\\/#organization\"},\"potentialAction\":[{\"@type\":\"SearchAction\",\"target\":{\"@type\":\"EntryPoint\",\"urlTemplate\":\"https:\\\/\\\/somos-hermanos.mx\\\/?s={search_term_string}\"},\"query-input\":{\"@type\":\"PropertyValueSpecification\",\"valueRequired\":true,\"valueName\":\"search_term_string\"}}],\"inLanguage\":\"es\"},{\"@type\":\"Organization\",\"@id\":\"https:\\\/\\\/somos-hermanos.mx\\\/#organization\",\"name\":\"Somos Hermanos\",\"url\":\"https:\\\/\\\/somos-hermanos.mx\\\/\",\"logo\":{\"@type\":\"ImageObject\",\"inLanguage\":\"es\",\"@id\":\"https:\\\/\\\/somos-hermanos.mx\\\/#\\\/schema\\\/logo\\\/image\\\/\",\"url\":\"https:\\\/\\\/somos-hermanos.mx\\\/wp-content\\\/uploads\\\/2025\\\/08\\\/SH30-1.jpeg\",\"contentUrl\":\"https:\\\/\\\/somos-hermanos.mx\\\/wp-content\\\/uploads\\\/2025\\\/08\\\/SH30-1.jpeg\",\"width\":1600,\"height\":1142,\"caption\":\"Somos Hermanos\"},\"image\":{\"@id\":\"https:\\\/\\\/somos-hermanos.mx\\\/#\\\/schema\\\/logo\\\/image\\\/\"},\"sameAs\":[\"https:\\\/\\\/www.facebook.com\\\/SomosHermanosIAP\\\/\",\"https:\\\/\\\/x.com\\\/Somos__Hermanos\",\"https:\\\/\\\/www.instagram.com\\\/somos__hermanos\\\/#\",\"https:\\\/\\\/www.tiktok.com\\\/@somoshermanosiap\",\"https:\\\/\\\/www.youtube.com\\\/@somoshermanosiap1201\\\/videos\"]},{\"@type\":\"Person\",\"@id\":\"https:\\\/\\\/somos-hermanos.mx\\\/#\\\/schema\\\/person\\\/0998f178948ff64bb6e8e1479a973eb7\",\"name\":\"Itzel Montiel Luna\",\"image\":{\"@type\":\"ImageObject\",\"inLanguage\":\"es\",\"@id\":\"https:\\\/\\\/secure.gravatar.com\\\/avatar\\\/fa18ed3df0c81049a1f84da7aea98a9f130aedfb6076ab013d6451875eb77a7b?s=96&d=mm&r=g\",\"url\":\"https:\\\/\\\/secure.gravatar.com\\\/avatar\\\/fa18ed3df0c81049a1f84da7aea98a9f130aedfb6076ab013d6451875eb77a7b?s=96&d=mm&r=g\",\"contentUrl\":\"https:\\\/\\\/secure.gravatar.com\\\/avatar\\\/fa18ed3df0c81049a1f84da7aea98a9f130aedfb6076ab013d6451875eb77a7b?s=96&d=mm&r=g\",\"caption\":\"Itzel Montiel Luna\"},\"url\":\"https:\\\/\\\/somos-hermanos.mx\\\/index.php\\\/author\\\/itzel-montiel-luna\\\/\"}]}<\/script>\n<!-- \/ Yoast SEO plugin. -->","yoast_head_json":{"title":"Integraci\u00f3n Down: Una oportunidad para todos - Historias que inspiran...","robots":{"index":"index","follow":"follow","max-snippet":"max-snippet:-1","max-image-preview":"max-image-preview:large","max-video-preview":"max-video-preview:-1"},"canonical":"https:\/\/somos-hermanos.mx\/index.php\/2025\/08\/04\/integracion-down-una-oportunidad-para-todos\/","og_locale":"es_MX","og_type":"article","og_title":"Integraci\u00f3n Down: Una oportunidad para todos - Historias que inspiran...","og_description":"De acuerdo con las \u00faltimas estad\u00edsticas del gobierno, uno de cada 700 ni\u00f1os y ni\u00f1as en M\u00e9xico nace con s\u00edndrome de Down, por lo que se estima que existen aproximadamente 220 mil personas con esta condici\u00f3n en el pa\u00eds. Ante esta situaci\u00f3n y con el prop\u00f3sito de apoyar a la comunidad, nace Integraci\u00f3n Down IAP, [&hellip;]","og_url":"https:\/\/somos-hermanos.mx\/index.php\/2025\/08\/04\/integracion-down-una-oportunidad-para-todos\/","og_site_name":"Historias que inspiran...","article_publisher":"https:\/\/www.facebook.com\/SomosHermanosIAP\/","article_published_time":"2025-08-04T09:04:34+00:00","og_image":[{"width":1368,"height":1026,"url":"https:\/\/somos-hermanos.mx\/wp-content\/uploads\/2025\/08\/intedo.jpeg","type":"image\/jpeg"}],"author":"Itzel Montiel Luna","twitter_card":"summary_large_image","twitter_creator":"@Somos__Hermanos","twitter_site":"@Somos__Hermanos","twitter_misc":{"Escrito por":"Itzel Montiel Luna","Tiempo de lectura":"2 minutos"},"schema":{"@context":"https:\/\/schema.org","@graph":[{"@type":"Article","@id":"https:\/\/somos-hermanos.mx\/index.php\/2025\/08\/04\/integracion-down-una-oportunidad-para-todos\/#article","isPartOf":{"@id":"https:\/\/somos-hermanos.mx\/index.php\/2025\/08\/04\/integracion-down-una-oportunidad-para-todos\/"},"author":{"name":"Itzel Montiel Luna","@id":"https:\/\/somos-hermanos.mx\/#\/schema\/person\/0998f178948ff64bb6e8e1479a973eb7"},"headline":"Integraci\u00f3n Down: Una oportunidad para todos","datePublished":"2025-08-04T09:04:34+00:00","mainEntityOfPage":{"@id":"https:\/\/somos-hermanos.mx\/index.php\/2025\/08\/04\/integracion-down-una-oportunidad-para-todos\/"},"wordCount":376,"commentCount":0,"publisher":{"@id":"https:\/\/somos-hermanos.mx\/#organization"},"image":{"@id":"https:\/\/somos-hermanos.mx\/index.php\/2025\/08\/04\/integracion-down-una-oportunidad-para-todos\/#primaryimage"},"thumbnailUrl":"https:\/\/somos-hermanos.mx\/wp-content\/uploads\/2025\/08\/intedo.jpeg","articleSection":["Noticias"],"inLanguage":"es","potentialAction":[{"@type":"CommentAction","name":"Comment","target":["https:\/\/somos-hermanos.mx\/index.php\/2025\/08\/04\/integracion-down-una-oportunidad-para-todos\/#respond"]}]},{"@type":"WebPage","@id":"https:\/\/somos-hermanos.mx\/index.php\/2025\/08\/04\/integracion-down-una-oportunidad-para-todos\/","url":"https:\/\/somos-hermanos.mx\/index.php\/2025\/08\/04\/integracion-down-una-oportunidad-para-todos\/","name":"Integraci\u00f3n Down: Una oportunidad para todos - Historias que inspiran...","isPartOf":{"@id":"https:\/\/somos-hermanos.mx\/#website"},"primaryImageOfPage":{"@id":"https:\/\/somos-hermanos.mx\/index.php\/2025\/08\/04\/integracion-down-una-oportunidad-para-todos\/#primaryimage"},"image":{"@id":"https:\/\/somos-hermanos.mx\/index.php\/2025\/08\/04\/integracion-down-una-oportunidad-para-todos\/#primaryimage"},"thumbnailUrl":"https:\/\/somos-hermanos.mx\/wp-content\/uploads\/2025\/08\/intedo.jpeg","datePublished":"2025-08-04T09:04:34+00:00","breadcrumb":{"@id":"https:\/\/somos-hermanos.mx\/index.php\/2025\/08\/04\/integracion-down-una-oportunidad-para-todos\/#breadcrumb"},"inLanguage":"es","potentialAction":[{"@type":"ReadAction","target":["https:\/\/somos-hermanos.mx\/index.php\/2025\/08\/04\/integracion-down-una-oportunidad-para-todos\/"]}]},{"@type":"ImageObject","inLanguage":"es","@id":"https:\/\/somos-hermanos.mx\/index.php\/2025\/08\/04\/integracion-down-una-oportunidad-para-todos\/#primaryimage","url":"https:\/\/somos-hermanos.mx\/wp-content\/uploads\/2025\/08\/intedo.jpeg","contentUrl":"https:\/\/somos-hermanos.mx\/wp-content\/uploads\/2025\/08\/intedo.jpeg","width":1368,"height":1026},{"@type":"BreadcrumbList","@id":"https:\/\/somos-hermanos.mx\/index.php\/2025\/08\/04\/integracion-down-una-oportunidad-para-todos\/#breadcrumb","itemListElement":[{"@type":"ListItem","position":1,"name":"Inicio","item":"https:\/\/somos-hermanos.mx\/"},{"@type":"ListItem","position":2,"name":"Integraci\u00f3n Down: Una oportunidad para todos"}]},{"@type":"WebSite","@id":"https:\/\/somos-hermanos.mx\/#website","url":"https:\/\/somos-hermanos.mx\/","name":"Historias que inspiran...","description":"Somos la voz del altruismo en M\u00e9xico","publisher":{"@id":"https:\/\/somos-hermanos.mx\/#organization"},"potentialAction":[{"@type":"SearchAction","target":{"@type":"EntryPoint","urlTemplate":"https:\/\/somos-hermanos.mx\/?s={search_term_string}"},"query-input":{"@type":"PropertyValueSpecification","valueRequired":true,"valueName":"search_term_string"}}],"inLanguage":"es"},{"@type":"Organization","@id":"https:\/\/somos-hermanos.mx\/#organization","name":"Somos Hermanos","url":"https:\/\/somos-hermanos.mx\/","logo":{"@type":"ImageObject","inLanguage":"es","@id":"https:\/\/somos-hermanos.mx\/#\/schema\/logo\/image\/","url":"https:\/\/somos-hermanos.mx\/wp-content\/uploads\/2025\/08\/SH30-1.jpeg","contentUrl":"https:\/\/somos-hermanos.mx\/wp-content\/uploads\/2025\/08\/SH30-1.jpeg","width":1600,"height":1142,"caption":"Somos Hermanos"},"image":{"@id":"https:\/\/somos-hermanos.mx\/#\/schema\/logo\/image\/"},"sameAs":["https:\/\/www.facebook.com\/SomosHermanosIAP\/","https:\/\/x.com\/Somos__Hermanos","https:\/\/www.instagram.com\/somos__hermanos\/#","https:\/\/www.tiktok.com\/@somoshermanosiap","https:\/\/www.youtube.com\/@somoshermanosiap1201\/videos"]},{"@type":"Person","@id":"https:\/\/somos-hermanos.mx\/#\/schema\/person\/0998f178948ff64bb6e8e1479a973eb7","name":"Itzel Montiel Luna","image":{"@type":"ImageObject","inLanguage":"es","@id":"https:\/\/secure.gravatar.com\/avatar\/fa18ed3df0c81049a1f84da7aea98a9f130aedfb6076ab013d6451875eb77a7b?s=96&d=mm&r=g","url":"https:\/\/secure.gravatar.com\/avatar\/fa18ed3df0c81049a1f84da7aea98a9f130aedfb6076ab013d6451875eb77a7b?s=96&d=mm&r=g","contentUrl":"https:\/\/secure.gravatar.com\/avatar\/fa18ed3df0c81049a1f84da7aea98a9f130aedfb6076ab013d6451875eb77a7b?s=96&d=mm&r=g","caption":"Itzel Montiel Luna"},"url":"https:\/\/somos-hermanos.mx\/index.php\/author\/itzel-montiel-luna\/"}]}},"_links":{"self":[{"href":"https:\/\/somos-hermanos.mx\/index.php\/wp-json\/wp\/v2\/posts\/860","targetHints":{"allow":["GET"]}}],"collection":[{"href":"https:\/\/somos-hermanos.mx\/index.php\/wp-json\/wp\/v2\/posts"}],"about":[{"href":"https:\/\/somos-hermanos.mx\/index.php\/wp-json\/wp\/v2\/types\/post"}],"author":[{"embeddable":true,"href":"https:\/\/somos-hermanos.mx\/index.php\/wp-json\/wp\/v2\/users\/15"}],"replies":[{"embeddable":true,"href":"https:\/\/somos-hermanos.mx\/index.php\/wp-json\/wp\/v2\/comments?post=860"}],"version-history":[{"count":1,"href":"https:\/\/somos-hermanos.mx\/index.php\/wp-json\/wp\/v2\/posts\/860\/revisions"}],"predecessor-version":[{"id":862,"href":"https:\/\/somos-hermanos.mx\/index.php\/wp-json\/wp\/v2\/posts\/860\/revisions\/862"}],"wp:featuredmedia":[{"embeddable":true,"href":"https:\/\/somos-hermanos.mx\/index.php\/wp-json\/wp\/v2\/media\/861"}],"wp:attachment":[{"href":"https:\/\/somos-hermanos.mx\/index.php\/wp-json\/wp\/v2\/media?parent=860"}],"wp:term":[{"taxonomy":"category","embeddable":true,"href":"https:\/\/somos-hermanos.mx\/index.php\/wp-json\/wp\/v2\/categories?post=860"},{"taxonomy":"post_tag","embeddable":true,"href":"https:\/\/somos-hermanos.mx\/index.php\/wp-json\/wp\/v2\/tags?post=860"}],"curies":[{"name":"wp","href":"https:\/\/api.w.org\/{rel}","templated":true}]}}