{"id":857,"date":"2025-08-04T03:03:34","date_gmt":"2025-08-04T09:03:34","guid":{"rendered":"https:\/\/somos-hermanos.mx\/?p=857"},"modified":"2025-08-04T03:03:34","modified_gmt":"2025-08-04T09:03:34","slug":"afecta-leucemia-promielocitica-aguda-principalmente-a-los-adultos-jovenes-y-adultos-mayores","status":"publish","type":"post","link":"https:\/\/somos-hermanos.mx\/index.php\/2025\/08\/04\/afecta-leucemia-promielocitica-aguda-principalmente-a-los-adultos-jovenes-y-adultos-mayores\/","title":{"rendered":"Afecta Leucemia Promieloc\u00edtica Aguda principalmente a los adultos j\u00f3venes y adultos mayores"},"content":{"rendered":"<p>Si bien la <strong>Leucemia Promieloc\u00edtica Aguda (LPA) <\/strong>puede presentarse a cualquier edad, <strong>afecta principalmente a los adultos j\u00f3venes y adultos mayores, <\/strong>alert\u00f3 el doctor Luis Meill\u00f3n, m\u00e9dico especialista en Hematolog\u00eda, quien detall\u00f3 que la LPA representa aproximadamente el 10% de todos los casos de leucemia aguda.<\/p>\n<p>\u201cEs muy importante <strong>prestar atenci\u00f3n a los s\u00edntomas que pudieran asociarse a la LPA entre los que destacan <\/strong>tener fatiga extrema o sensaci\u00f3n de cansancio que no mejora con el descanso, fiebre sin causa aparente, sangrados inexplicables como moretones f\u00e1ciles, sangrado de las enc\u00edas o sangrados nasales frecuentes, adem\u00e1s de infecciones recurrentes ante la disminuci\u00f3n de la cantidad de gl\u00f3bulos blancos\u201d.<\/p>\n<p>Adem\u00e1s, el especialista destac\u00f3 que <strong>debemos estar atentos si se presenta palidez o color p\u00e1lido de la piel a causa de la falta de gl\u00f3bulos rojos saludables y\/o dolor \u00f3seo o molestias articulares.<\/strong><\/p>\n<p>\u201cAnte dichos s\u00edntomas se debe acudir a consulta inmediata con un m\u00e9dico especializado, quien podr\u00e1 realizar las pruebas necesarias para confirmar o descartar la leucemia\u201d, alert\u00f3 Meill\u00f3n, al a\u00f1adir que es fundamental que la poblaci\u00f3n est\u00e9 informada sobre los s\u00edntomas y la importancia de acudir al m\u00e9dico ante cualquier sospecha de la enfermedad.<\/p>\n<p><strong>Detectar a tiempo la LPA no solo mejora el pron\u00f3stico, sino que tambi\u00e9n reduce el riesgo de complicaciones graves, <\/strong>expuso el tambi\u00e9n subespecialista en Hemostasia y Trombosis por la <em><i>University of Rochester<\/i><\/em>, tras apuntar que se trata de un tipo de c\u00e1ncer de la sangre que se origina en las c\u00e9lulas mieloides y que, a pesar de ser menos conocida, es una de las formas de leucemia m\u00e1s tratables si se detecta de manera temprana.<\/p>\n<p>\u201cLa LPA es una enfermedad agresiva que afecta principalmente a adultos j\u00f3venes y adultos mayores, aunque puede presentarse en cualquier edad; no obstante, la mortalidad asociada a esa enfermedad ha disminuido en los \u00faltimos a\u00f1os gracias al diagn\u00f3stico temprano y al tratamiento con \u00e1cido holo-trans-retinoico ATRA, que es una terapia efectiva para LPA de nuevo diagn\u00f3stico\u201d.<\/p>\n<p>El ex presidente de la Agrupaci\u00f3n Mexicana para el Estudio de la Hematolog\u00eda (AMEH), a\u00f1adi\u00f3 que con dicha alternativa \u201cse ha reportado una tasa de remisi\u00f3n completa del 89% de los pacientes, lo cual es una alta tasa de remisi\u00f3n molecular y una supervivencia global prometedora\u201d.<\/p>\n<p>Explic\u00f3 que la LPA es un subtipo de leucemia que afecta a las c\u00e9lulas sangu\u00edneas que se caracteriza por la proliferaci\u00f3n descontrolada de promielocitos, que son una forma inmadura de las c\u00e9lulas sangu\u00edneas responsables de la producci\u00f3n de gl\u00f3bulos rojos, gl\u00f3bulos blancos y plaquetas.<\/p>\n<p>\u201cA medida que los promielocitos se acumulan, interfieren con la producci\u00f3n normal de las c\u00e9lulas sangu\u00edneas, lo que puede resultar en anemia, infecciones frecuentes y sangrados anormales\u201d.<\/p>\n<p>El destacado especialista, expuso que \u201cesa forma de leucemia es como una alerta en el cuerpo: nuestras c\u00e9lulas sangu\u00edneas no maduran correctamente, lo que genera un \u2018tr\u00e1fico\u2019 de c\u00e9lulas inmaduras que no pueden cumplir su funci\u00f3n, lo cual hace que los pacientes sean m\u00e1s susceptibles a infecciones, sangrados o cansancio extremo\u201d, concluy\u00f3.<\/p>\n","protected":false},"excerpt":{"rendered":"<p>Si bien la Leucemia Promieloc\u00edtica Aguda (LPA) puede presentarse a cualquier edad, afecta principalmente a los adultos j\u00f3venes y adultos mayores, alert\u00f3 el doctor Luis Meill\u00f3n, m\u00e9dico especialista en Hematolog\u00eda, quien detall\u00f3 que la LPA representa aproximadamente el 10% de todos los casos de leucemia aguda. \u201cEs muy importante prestar atenci\u00f3n a los s\u00edntomas que [&hellip;]<\/p>\n","protected":false},"author":8,"featured_media":858,"comment_status":"open","ping_status":"closed","sticky":false,"template":"","format":"standard","meta":{"footnotes":""},"categories":[6],"tags":[],"class_list":["post-857","post","type-post","status-publish","format-standard","has-post-thumbnail","hentry","category-noticias"],"yoast_head":"<!-- This site is optimized with the Yoast SEO plugin v27.5 - https:\/\/yoast.com\/product\/yoast-seo-wordpress\/ -->\n<title>Afecta Leucemia Promieloc\u00edtica Aguda principalmente a los adultos j\u00f3venes y adultos mayores - Historias que inspiran...<\/title>\n<meta name=\"robots\" content=\"index, follow, max-snippet:-1, max-image-preview:large, max-video-preview:-1\" \/>\n<link rel=\"canonical\" href=\"https:\/\/somos-hermanos.mx\/index.php\/2025\/08\/04\/afecta-leucemia-promielocitica-aguda-principalmente-a-los-adultos-jovenes-y-adultos-mayores\/\" \/>\n<meta property=\"og:locale\" content=\"es_MX\" \/>\n<meta property=\"og:type\" content=\"article\" \/>\n<meta property=\"og:title\" content=\"Afecta Leucemia Promieloc\u00edtica Aguda principalmente a los adultos j\u00f3venes y adultos mayores - Historias que inspiran...\" \/>\n<meta property=\"og:description\" content=\"Si bien la Leucemia Promieloc\u00edtica Aguda (LPA) puede presentarse a cualquier edad, afecta principalmente a los adultos j\u00f3venes y adultos mayores, alert\u00f3 el doctor Luis Meill\u00f3n, m\u00e9dico especialista en Hematolog\u00eda, quien detall\u00f3 que la LPA representa aproximadamente el 10% de todos los casos de leucemia aguda. \u201cEs muy importante prestar atenci\u00f3n a los s\u00edntomas que [&hellip;]\" \/>\n<meta property=\"og:url\" content=\"https:\/\/somos-hermanos.mx\/index.php\/2025\/08\/04\/afecta-leucemia-promielocitica-aguda-principalmente-a-los-adultos-jovenes-y-adultos-mayores\/\" \/>\n<meta property=\"og:site_name\" content=\"Historias que inspiran...\" \/>\n<meta property=\"article:publisher\" content=\"https:\/\/www.facebook.com\/SomosHermanosIAP\/\" \/>\n<meta property=\"article:published_time\" content=\"2025-08-04T09:03:34+00:00\" \/>\n<meta property=\"og:image\" content=\"https:\/\/somos-hermanos.mx\/wp-content\/uploads\/2025\/08\/leuce.jpeg\" \/>\n\t<meta property=\"og:image:width\" content=\"225\" \/>\n\t<meta property=\"og:image:height\" content=\"225\" \/>\n\t<meta property=\"og:image:type\" content=\"image\/jpeg\" \/>\n<meta name=\"author\" content=\"Jes\u00fas Arizmendi\" \/>\n<meta name=\"twitter:card\" content=\"summary_large_image\" \/>\n<meta name=\"twitter:creator\" content=\"@Somos__Hermanos\" \/>\n<meta name=\"twitter:site\" content=\"@Somos__Hermanos\" \/>\n<meta name=\"twitter:label1\" content=\"Escrito por\" \/>\n\t<meta name=\"twitter:data1\" content=\"Jes\u00fas Arizmendi\" \/>\n\t<meta name=\"twitter:label2\" content=\"Tiempo de lectura\" \/>\n\t<meta name=\"twitter:data2\" content=\"3 minutos\" \/>\n<script type=\"application\/ld+json\" class=\"yoast-schema-graph\">{\"@context\":\"https:\\\/\\\/schema.org\",\"@graph\":[{\"@type\":\"Article\",\"@id\":\"https:\\\/\\\/somos-hermanos.mx\\\/index.php\\\/2025\\\/08\\\/04\\\/afecta-leucemia-promielocitica-aguda-principalmente-a-los-adultos-jovenes-y-adultos-mayores\\\/#article\",\"isPartOf\":{\"@id\":\"https:\\\/\\\/somos-hermanos.mx\\\/index.php\\\/2025\\\/08\\\/04\\\/afecta-leucemia-promielocitica-aguda-principalmente-a-los-adultos-jovenes-y-adultos-mayores\\\/\"},\"author\":{\"name\":\"Jes\u00fas Arizmendi\",\"@id\":\"https:\\\/\\\/somos-hermanos.mx\\\/#\\\/schema\\\/person\\\/945cdfed39314d9db1242f593aecb908\"},\"headline\":\"Afecta Leucemia Promieloc\u00edtica Aguda principalmente a los adultos j\u00f3venes y adultos mayores\",\"datePublished\":\"2025-08-04T09:03:34+00:00\",\"mainEntityOfPage\":{\"@id\":\"https:\\\/\\\/somos-hermanos.mx\\\/index.php\\\/2025\\\/08\\\/04\\\/afecta-leucemia-promielocitica-aguda-principalmente-a-los-adultos-jovenes-y-adultos-mayores\\\/\"},\"wordCount\":561,\"commentCount\":0,\"publisher\":{\"@id\":\"https:\\\/\\\/somos-hermanos.mx\\\/#organization\"},\"image\":{\"@id\":\"https:\\\/\\\/somos-hermanos.mx\\\/index.php\\\/2025\\\/08\\\/04\\\/afecta-leucemia-promielocitica-aguda-principalmente-a-los-adultos-jovenes-y-adultos-mayores\\\/#primaryimage\"},\"thumbnailUrl\":\"https:\\\/\\\/somos-hermanos.mx\\\/wp-content\\\/uploads\\\/2025\\\/08\\\/leuce.jpeg\",\"articleSection\":[\"Noticias\"],\"inLanguage\":\"es\",\"potentialAction\":[{\"@type\":\"CommentAction\",\"name\":\"Comment\",\"target\":[\"https:\\\/\\\/somos-hermanos.mx\\\/index.php\\\/2025\\\/08\\\/04\\\/afecta-leucemia-promielocitica-aguda-principalmente-a-los-adultos-jovenes-y-adultos-mayores\\\/#respond\"]}]},{\"@type\":\"WebPage\",\"@id\":\"https:\\\/\\\/somos-hermanos.mx\\\/index.php\\\/2025\\\/08\\\/04\\\/afecta-leucemia-promielocitica-aguda-principalmente-a-los-adultos-jovenes-y-adultos-mayores\\\/\",\"url\":\"https:\\\/\\\/somos-hermanos.mx\\\/index.php\\\/2025\\\/08\\\/04\\\/afecta-leucemia-promielocitica-aguda-principalmente-a-los-adultos-jovenes-y-adultos-mayores\\\/\",\"name\":\"Afecta Leucemia Promieloc\u00edtica Aguda principalmente a los adultos j\u00f3venes y adultos mayores - Historias que inspiran...\",\"isPartOf\":{\"@id\":\"https:\\\/\\\/somos-hermanos.mx\\\/#website\"},\"primaryImageOfPage\":{\"@id\":\"https:\\\/\\\/somos-hermanos.mx\\\/index.php\\\/2025\\\/08\\\/04\\\/afecta-leucemia-promielocitica-aguda-principalmente-a-los-adultos-jovenes-y-adultos-mayores\\\/#primaryimage\"},\"image\":{\"@id\":\"https:\\\/\\\/somos-hermanos.mx\\\/index.php\\\/2025\\\/08\\\/04\\\/afecta-leucemia-promielocitica-aguda-principalmente-a-los-adultos-jovenes-y-adultos-mayores\\\/#primaryimage\"},\"thumbnailUrl\":\"https:\\\/\\\/somos-hermanos.mx\\\/wp-content\\\/uploads\\\/2025\\\/08\\\/leuce.jpeg\",\"datePublished\":\"2025-08-04T09:03:34+00:00\",\"breadcrumb\":{\"@id\":\"https:\\\/\\\/somos-hermanos.mx\\\/index.php\\\/2025\\\/08\\\/04\\\/afecta-leucemia-promielocitica-aguda-principalmente-a-los-adultos-jovenes-y-adultos-mayores\\\/#breadcrumb\"},\"inLanguage\":\"es\",\"potentialAction\":[{\"@type\":\"ReadAction\",\"target\":[\"https:\\\/\\\/somos-hermanos.mx\\\/index.php\\\/2025\\\/08\\\/04\\\/afecta-leucemia-promielocitica-aguda-principalmente-a-los-adultos-jovenes-y-adultos-mayores\\\/\"]}]},{\"@type\":\"ImageObject\",\"inLanguage\":\"es\",\"@id\":\"https:\\\/\\\/somos-hermanos.mx\\\/index.php\\\/2025\\\/08\\\/04\\\/afecta-leucemia-promielocitica-aguda-principalmente-a-los-adultos-jovenes-y-adultos-mayores\\\/#primaryimage\",\"url\":\"https:\\\/\\\/somos-hermanos.mx\\\/wp-content\\\/uploads\\\/2025\\\/08\\\/leuce.jpeg\",\"contentUrl\":\"https:\\\/\\\/somos-hermanos.mx\\\/wp-content\\\/uploads\\\/2025\\\/08\\\/leuce.jpeg\",\"width\":225,\"height\":225},{\"@type\":\"BreadcrumbList\",\"@id\":\"https:\\\/\\\/somos-hermanos.mx\\\/index.php\\\/2025\\\/08\\\/04\\\/afecta-leucemia-promielocitica-aguda-principalmente-a-los-adultos-jovenes-y-adultos-mayores\\\/#breadcrumb\",\"itemListElement\":[{\"@type\":\"ListItem\",\"position\":1,\"name\":\"Inicio\",\"item\":\"https:\\\/\\\/somos-hermanos.mx\\\/\"},{\"@type\":\"ListItem\",\"position\":2,\"name\":\"Afecta Leucemia Promieloc\u00edtica Aguda principalmente a los adultos j\u00f3venes y adultos mayores\"}]},{\"@type\":\"WebSite\",\"@id\":\"https:\\\/\\\/somos-hermanos.mx\\\/#website\",\"url\":\"https:\\\/\\\/somos-hermanos.mx\\\/\",\"name\":\"Historias que inspiran...\",\"description\":\"Somos la voz del altruismo en M\u00e9xico\",\"publisher\":{\"@id\":\"https:\\\/\\\/somos-hermanos.mx\\\/#organization\"},\"potentialAction\":[{\"@type\":\"SearchAction\",\"target\":{\"@type\":\"EntryPoint\",\"urlTemplate\":\"https:\\\/\\\/somos-hermanos.mx\\\/?s={search_term_string}\"},\"query-input\":{\"@type\":\"PropertyValueSpecification\",\"valueRequired\":true,\"valueName\":\"search_term_string\"}}],\"inLanguage\":\"es\"},{\"@type\":\"Organization\",\"@id\":\"https:\\\/\\\/somos-hermanos.mx\\\/#organization\",\"name\":\"Somos Hermanos\",\"url\":\"https:\\\/\\\/somos-hermanos.mx\\\/\",\"logo\":{\"@type\":\"ImageObject\",\"inLanguage\":\"es\",\"@id\":\"https:\\\/\\\/somos-hermanos.mx\\\/#\\\/schema\\\/logo\\\/image\\\/\",\"url\":\"https:\\\/\\\/somos-hermanos.mx\\\/wp-content\\\/uploads\\\/2025\\\/08\\\/SH30-1.jpeg\",\"contentUrl\":\"https:\\\/\\\/somos-hermanos.mx\\\/wp-content\\\/uploads\\\/2025\\\/08\\\/SH30-1.jpeg\",\"width\":1600,\"height\":1142,\"caption\":\"Somos Hermanos\"},\"image\":{\"@id\":\"https:\\\/\\\/somos-hermanos.mx\\\/#\\\/schema\\\/logo\\\/image\\\/\"},\"sameAs\":[\"https:\\\/\\\/www.facebook.com\\\/SomosHermanosIAP\\\/\",\"https:\\\/\\\/x.com\\\/Somos__Hermanos\",\"https:\\\/\\\/www.instagram.com\\\/somos__hermanos\\\/#\",\"https:\\\/\\\/www.tiktok.com\\\/@somoshermanosiap\",\"https:\\\/\\\/www.youtube.com\\\/@somoshermanosiap1201\\\/videos\"]},{\"@type\":\"Person\",\"@id\":\"https:\\\/\\\/somos-hermanos.mx\\\/#\\\/schema\\\/person\\\/945cdfed39314d9db1242f593aecb908\",\"name\":\"Jes\u00fas Arizmendi\",\"image\":{\"@type\":\"ImageObject\",\"inLanguage\":\"es\",\"@id\":\"https:\\\/\\\/secure.gravatar.com\\\/avatar\\\/9d2f2284f2cc108aae42b8fdb13afa29b801f64001b731516b830e4926cc1b4b?s=96&d=mm&r=g\",\"url\":\"https:\\\/\\\/secure.gravatar.com\\\/avatar\\\/9d2f2284f2cc108aae42b8fdb13afa29b801f64001b731516b830e4926cc1b4b?s=96&d=mm&r=g\",\"contentUrl\":\"https:\\\/\\\/secure.gravatar.com\\\/avatar\\\/9d2f2284f2cc108aae42b8fdb13afa29b801f64001b731516b830e4926cc1b4b?s=96&d=mm&r=g\",\"caption\":\"Jes\u00fas Arizmendi\"},\"url\":\"https:\\\/\\\/somos-hermanos.mx\\\/index.php\\\/author\\\/jesus-arizmendi\\\/\"}]}<\/script>\n<!-- \/ Yoast SEO plugin. -->","yoast_head_json":{"title":"Afecta Leucemia Promieloc\u00edtica Aguda principalmente a los adultos j\u00f3venes y adultos mayores - Historias que inspiran...","robots":{"index":"index","follow":"follow","max-snippet":"max-snippet:-1","max-image-preview":"max-image-preview:large","max-video-preview":"max-video-preview:-1"},"canonical":"https:\/\/somos-hermanos.mx\/index.php\/2025\/08\/04\/afecta-leucemia-promielocitica-aguda-principalmente-a-los-adultos-jovenes-y-adultos-mayores\/","og_locale":"es_MX","og_type":"article","og_title":"Afecta Leucemia Promieloc\u00edtica Aguda principalmente a los adultos j\u00f3venes y adultos mayores - Historias que inspiran...","og_description":"Si bien la Leucemia Promieloc\u00edtica Aguda (LPA) puede presentarse a cualquier edad, afecta principalmente a los adultos j\u00f3venes y adultos mayores, alert\u00f3 el doctor Luis Meill\u00f3n, m\u00e9dico especialista en Hematolog\u00eda, quien detall\u00f3 que la LPA representa aproximadamente el 10% de todos los casos de leucemia aguda. \u201cEs muy importante prestar atenci\u00f3n a los s\u00edntomas que [&hellip;]","og_url":"https:\/\/somos-hermanos.mx\/index.php\/2025\/08\/04\/afecta-leucemia-promielocitica-aguda-principalmente-a-los-adultos-jovenes-y-adultos-mayores\/","og_site_name":"Historias que inspiran...","article_publisher":"https:\/\/www.facebook.com\/SomosHermanosIAP\/","article_published_time":"2025-08-04T09:03:34+00:00","og_image":[{"width":225,"height":225,"url":"https:\/\/somos-hermanos.mx\/wp-content\/uploads\/2025\/08\/leuce.jpeg","type":"image\/jpeg"}],"author":"Jes\u00fas Arizmendi","twitter_card":"summary_large_image","twitter_creator":"@Somos__Hermanos","twitter_site":"@Somos__Hermanos","twitter_misc":{"Escrito por":"Jes\u00fas Arizmendi","Tiempo de lectura":"3 minutos"},"schema":{"@context":"https:\/\/schema.org","@graph":[{"@type":"Article","@id":"https:\/\/somos-hermanos.mx\/index.php\/2025\/08\/04\/afecta-leucemia-promielocitica-aguda-principalmente-a-los-adultos-jovenes-y-adultos-mayores\/#article","isPartOf":{"@id":"https:\/\/somos-hermanos.mx\/index.php\/2025\/08\/04\/afecta-leucemia-promielocitica-aguda-principalmente-a-los-adultos-jovenes-y-adultos-mayores\/"},"author":{"name":"Jes\u00fas Arizmendi","@id":"https:\/\/somos-hermanos.mx\/#\/schema\/person\/945cdfed39314d9db1242f593aecb908"},"headline":"Afecta Leucemia Promieloc\u00edtica Aguda principalmente a los adultos j\u00f3venes y adultos mayores","datePublished":"2025-08-04T09:03:34+00:00","mainEntityOfPage":{"@id":"https:\/\/somos-hermanos.mx\/index.php\/2025\/08\/04\/afecta-leucemia-promielocitica-aguda-principalmente-a-los-adultos-jovenes-y-adultos-mayores\/"},"wordCount":561,"commentCount":0,"publisher":{"@id":"https:\/\/somos-hermanos.mx\/#organization"},"image":{"@id":"https:\/\/somos-hermanos.mx\/index.php\/2025\/08\/04\/afecta-leucemia-promielocitica-aguda-principalmente-a-los-adultos-jovenes-y-adultos-mayores\/#primaryimage"},"thumbnailUrl":"https:\/\/somos-hermanos.mx\/wp-content\/uploads\/2025\/08\/leuce.jpeg","articleSection":["Noticias"],"inLanguage":"es","potentialAction":[{"@type":"CommentAction","name":"Comment","target":["https:\/\/somos-hermanos.mx\/index.php\/2025\/08\/04\/afecta-leucemia-promielocitica-aguda-principalmente-a-los-adultos-jovenes-y-adultos-mayores\/#respond"]}]},{"@type":"WebPage","@id":"https:\/\/somos-hermanos.mx\/index.php\/2025\/08\/04\/afecta-leucemia-promielocitica-aguda-principalmente-a-los-adultos-jovenes-y-adultos-mayores\/","url":"https:\/\/somos-hermanos.mx\/index.php\/2025\/08\/04\/afecta-leucemia-promielocitica-aguda-principalmente-a-los-adultos-jovenes-y-adultos-mayores\/","name":"Afecta Leucemia Promieloc\u00edtica Aguda principalmente a los adultos j\u00f3venes y adultos mayores - Historias que inspiran...","isPartOf":{"@id":"https:\/\/somos-hermanos.mx\/#website"},"primaryImageOfPage":{"@id":"https:\/\/somos-hermanos.mx\/index.php\/2025\/08\/04\/afecta-leucemia-promielocitica-aguda-principalmente-a-los-adultos-jovenes-y-adultos-mayores\/#primaryimage"},"image":{"@id":"https:\/\/somos-hermanos.mx\/index.php\/2025\/08\/04\/afecta-leucemia-promielocitica-aguda-principalmente-a-los-adultos-jovenes-y-adultos-mayores\/#primaryimage"},"thumbnailUrl":"https:\/\/somos-hermanos.mx\/wp-content\/uploads\/2025\/08\/leuce.jpeg","datePublished":"2025-08-04T09:03:34+00:00","breadcrumb":{"@id":"https:\/\/somos-hermanos.mx\/index.php\/2025\/08\/04\/afecta-leucemia-promielocitica-aguda-principalmente-a-los-adultos-jovenes-y-adultos-mayores\/#breadcrumb"},"inLanguage":"es","potentialAction":[{"@type":"ReadAction","target":["https:\/\/somos-hermanos.mx\/index.php\/2025\/08\/04\/afecta-leucemia-promielocitica-aguda-principalmente-a-los-adultos-jovenes-y-adultos-mayores\/"]}]},{"@type":"ImageObject","inLanguage":"es","@id":"https:\/\/somos-hermanos.mx\/index.php\/2025\/08\/04\/afecta-leucemia-promielocitica-aguda-principalmente-a-los-adultos-jovenes-y-adultos-mayores\/#primaryimage","url":"https:\/\/somos-hermanos.mx\/wp-content\/uploads\/2025\/08\/leuce.jpeg","contentUrl":"https:\/\/somos-hermanos.mx\/wp-content\/uploads\/2025\/08\/leuce.jpeg","width":225,"height":225},{"@type":"BreadcrumbList","@id":"https:\/\/somos-hermanos.mx\/index.php\/2025\/08\/04\/afecta-leucemia-promielocitica-aguda-principalmente-a-los-adultos-jovenes-y-adultos-mayores\/#breadcrumb","itemListElement":[{"@type":"ListItem","position":1,"name":"Inicio","item":"https:\/\/somos-hermanos.mx\/"},{"@type":"ListItem","position":2,"name":"Afecta Leucemia Promieloc\u00edtica Aguda principalmente a los adultos j\u00f3venes y adultos mayores"}]},{"@type":"WebSite","@id":"https:\/\/somos-hermanos.mx\/#website","url":"https:\/\/somos-hermanos.mx\/","name":"Historias que inspiran...","description":"Somos la voz del altruismo en M\u00e9xico","publisher":{"@id":"https:\/\/somos-hermanos.mx\/#organization"},"potentialAction":[{"@type":"SearchAction","target":{"@type":"EntryPoint","urlTemplate":"https:\/\/somos-hermanos.mx\/?s={search_term_string}"},"query-input":{"@type":"PropertyValueSpecification","valueRequired":true,"valueName":"search_term_string"}}],"inLanguage":"es"},{"@type":"Organization","@id":"https:\/\/somos-hermanos.mx\/#organization","name":"Somos Hermanos","url":"https:\/\/somos-hermanos.mx\/","logo":{"@type":"ImageObject","inLanguage":"es","@id":"https:\/\/somos-hermanos.mx\/#\/schema\/logo\/image\/","url":"https:\/\/somos-hermanos.mx\/wp-content\/uploads\/2025\/08\/SH30-1.jpeg","contentUrl":"https:\/\/somos-hermanos.mx\/wp-content\/uploads\/2025\/08\/SH30-1.jpeg","width":1600,"height":1142,"caption":"Somos Hermanos"},"image":{"@id":"https:\/\/somos-hermanos.mx\/#\/schema\/logo\/image\/"},"sameAs":["https:\/\/www.facebook.com\/SomosHermanosIAP\/","https:\/\/x.com\/Somos__Hermanos","https:\/\/www.instagram.com\/somos__hermanos\/#","https:\/\/www.tiktok.com\/@somoshermanosiap","https:\/\/www.youtube.com\/@somoshermanosiap1201\/videos"]},{"@type":"Person","@id":"https:\/\/somos-hermanos.mx\/#\/schema\/person\/945cdfed39314d9db1242f593aecb908","name":"Jes\u00fas Arizmendi","image":{"@type":"ImageObject","inLanguage":"es","@id":"https:\/\/secure.gravatar.com\/avatar\/9d2f2284f2cc108aae42b8fdb13afa29b801f64001b731516b830e4926cc1b4b?s=96&d=mm&r=g","url":"https:\/\/secure.gravatar.com\/avatar\/9d2f2284f2cc108aae42b8fdb13afa29b801f64001b731516b830e4926cc1b4b?s=96&d=mm&r=g","contentUrl":"https:\/\/secure.gravatar.com\/avatar\/9d2f2284f2cc108aae42b8fdb13afa29b801f64001b731516b830e4926cc1b4b?s=96&d=mm&r=g","caption":"Jes\u00fas Arizmendi"},"url":"https:\/\/somos-hermanos.mx\/index.php\/author\/jesus-arizmendi\/"}]}},"_links":{"self":[{"href":"https:\/\/somos-hermanos.mx\/index.php\/wp-json\/wp\/v2\/posts\/857","targetHints":{"allow":["GET"]}}],"collection":[{"href":"https:\/\/somos-hermanos.mx\/index.php\/wp-json\/wp\/v2\/posts"}],"about":[{"href":"https:\/\/somos-hermanos.mx\/index.php\/wp-json\/wp\/v2\/types\/post"}],"author":[{"embeddable":true,"href":"https:\/\/somos-hermanos.mx\/index.php\/wp-json\/wp\/v2\/users\/8"}],"replies":[{"embeddable":true,"href":"https:\/\/somos-hermanos.mx\/index.php\/wp-json\/wp\/v2\/comments?post=857"}],"version-history":[{"count":1,"href":"https:\/\/somos-hermanos.mx\/index.php\/wp-json\/wp\/v2\/posts\/857\/revisions"}],"predecessor-version":[{"id":859,"href":"https:\/\/somos-hermanos.mx\/index.php\/wp-json\/wp\/v2\/posts\/857\/revisions\/859"}],"wp:featuredmedia":[{"embeddable":true,"href":"https:\/\/somos-hermanos.mx\/index.php\/wp-json\/wp\/v2\/media\/858"}],"wp:attachment":[{"href":"https:\/\/somos-hermanos.mx\/index.php\/wp-json\/wp\/v2\/media?parent=857"}],"wp:term":[{"taxonomy":"category","embeddable":true,"href":"https:\/\/somos-hermanos.mx\/index.php\/wp-json\/wp\/v2\/categories?post=857"},{"taxonomy":"post_tag","embeddable":true,"href":"https:\/\/somos-hermanos.mx\/index.php\/wp-json\/wp\/v2\/tags?post=857"}],"curies":[{"name":"wp","href":"https:\/\/api.w.org\/{rel}","templated":true}]}}