{"id":854,"date":"2025-08-04T03:02:34","date_gmt":"2025-08-04T09:02:34","guid":{"rendered":"https:\/\/somos-hermanos.mx\/?p=854"},"modified":"2025-08-04T03:02:34","modified_gmt":"2025-08-04T09:02:34","slug":"pina-palmera-construye-inclusion-en-comunidades-rurales-de-oaxaca","status":"publish","type":"post","link":"https:\/\/somos-hermanos.mx\/index.php\/2025\/08\/04\/pina-palmera-construye-inclusion-en-comunidades-rurales-de-oaxaca\/","title":{"rendered":"Pi\u00f1a Palmera, construye inclusi\u00f3n en comunidades rurales de Oaxaca"},"content":{"rendered":"<p>En la costa del estado de Oaxaca, donde <strong>la vida comunitaria mantiene una fuerte ra\u00edz ind\u00edgena y rural, <\/strong>existe un centro que desde hace m\u00e1s de tres d\u00e9cadas transforma realidades:<\/p>\n<p>Pi\u00f1a Palmera, se ha dedicado a brindar atenci\u00f3n, rehabilitaci\u00f3n e inclusi\u00f3n a personas con discapacidad, priorizando a quienes viven en zonas rurales e ind\u00edgenas de la costa, sierra sur e istmo de Oaxaca.<\/p>\n<p>Fundada con un enfoque profundamente humano, <strong>Pi\u00f1a Palmera trabaja para generar conciencia social y promover una vida digna para todas las personas, <\/strong>especialmente aquellas que hist\u00f3ricamente han sido invisibilizados por sus condiciones f\u00edsicas, sociales o geogr\u00e1ficas.<\/p>\n<p>Su modelo se basa en la formaci\u00f3n, la sensibilizaci\u00f3n y el trabajo comunitario, involucrando tanto a personas con discapacidad como a sus familias, en un proceso colectivo de construcci\u00f3n de bienestar y autonom\u00eda.<\/p>\n<p><strong><b>Misi\u00f3n, visi\u00f3n y objetivos con un enfoque comunitario<\/b><\/strong><\/p>\n<p>La misi\u00f3n de Pi\u00f1a Palmera es contribuir a que las personas con discapacidad y sus familias mejoren su calidad de vida. Su visi\u00f3n trasciende lo local: busca incidir en la construcci\u00f3n de una sociedad inclusiva a nivel nacional, considerando siempre las realidades rurales y comunitarias como punto de partida.<\/p>\n<p>Los objetivos que gu\u00edan su labor son claros y ambiciosos: lograr la inclusi\u00f3n social de las personas con discapacidad, promover su independencia y vida digna, fomentar el desarrollo de habilidades que les permitan desenvolverse activamente en su entorno, y generar conciencia en la sociedad para construir una cultura de respeto e igualdad.<\/p>\n<p><strong><b>Servicios centrados en la persona<\/b><\/strong><\/p>\n<p>En sus instalaciones, Pi\u00f1a Palmera ofrece servicios de fisioterapia dirigidos a personas que requieran atenci\u00f3n por dolor f\u00edsico, lesiones o necesidades de rehabilitaci\u00f3n, sin ning\u00fan tipo de exclusi\u00f3n. Adem\u00e1s, brinda atenci\u00f3n m\u00e9dica b\u00e1sica, cuyo acceso se gestiona a trav\u00e9s de una simple llamada telef\u00f3nica para consultar d\u00edas y horarios disponibles.<\/p>\n<p>Estos servicios no s\u00f3lo responden a necesidades cl\u00ednicas, sino que tambi\u00e9n forman parte de un enfoque integral que considera a la persona en su contexto familiar y comunitario.<\/p>\n<p><strong><b>Participaci\u00f3n y apoyo desde la solidaridad<\/b><\/strong><\/p>\n<p>Una de las fortalezas de Pi\u00f1a Palmera es su capacidad para articular redes de solidaridad. La organizaci\u00f3n invita a la sociedad a sumarse a su causa mediante donativos econ\u00f3micos, con aportaciones mensuales a partir de $300 pesos. Estos recursos permiten sostener los servicios y proyectos que benefician a decenas de personas en situaci\u00f3n de vulnerabilidad.<\/p>\n<p>Adem\u00e1s, ofrece programas de voluntariado en los que las personas interesadas pueden integrarse a las actividades diarias de la organizaci\u00f3n. Los voluntarios colaboran en diversas \u00e1reas, como la cocina, la huerta, el mantenimiento de espacios, carpinter\u00eda o el taller de aceite de coco, viviendo de cerca el trabajo comunitario y la filosof\u00eda de inclusi\u00f3n que gu\u00eda a Pi\u00f1a Palmera.<\/p>\n<p><strong><b>Emprendimiento comunitario: una tienda con causa<\/b><\/strong><\/p>\n<p>Para fortalecer su sostenibilidad y generar ingresos para sus programas, Pi\u00f1a Palmera cuenta con una tienda digital donde comercializa productos elaborados por integrantes de su comunidad. Estos art\u00edculos incluyen aceite de coco artesanal, aves de madera talladas a mano, cosm\u00e9ticos naturales y objetos hechos con papel reciclado.<\/p>\n<p>Cada compra contribuye directamente a que esta organizaci\u00f3n contin\u00fae brindando atenci\u00f3n y acompa\u00f1amiento a personas con discapacidad en regiones con limitado acceso a servicios de salud y rehabilitaci\u00f3n.<\/p>\n","protected":false},"excerpt":{"rendered":"<p>En la costa del estado de Oaxaca, donde la vida comunitaria mantiene una fuerte ra\u00edz ind\u00edgena y rural, existe un centro que desde hace m\u00e1s de tres d\u00e9cadas transforma realidades: Pi\u00f1a Palmera, se ha dedicado a brindar atenci\u00f3n, rehabilitaci\u00f3n e inclusi\u00f3n a personas con discapacidad, priorizando a quienes viven en zonas rurales e ind\u00edgenas de [&hellip;]<\/p>\n","protected":false},"author":24,"featured_media":855,"comment_status":"open","ping_status":"closed","sticky":false,"template":"","format":"standard","meta":{"footnotes":""},"categories":[6],"tags":[],"class_list":["post-854","post","type-post","status-publish","format-standard","has-post-thumbnail","hentry","category-noticias"],"yoast_head":"<!-- This site is optimized with the Yoast SEO plugin v27.5 - https:\/\/yoast.com\/product\/yoast-seo-wordpress\/ -->\n<title>Pi\u00f1a Palmera, construye inclusi\u00f3n en comunidades rurales de Oaxaca - Historias que inspiran...<\/title>\n<meta name=\"robots\" content=\"index, follow, max-snippet:-1, max-image-preview:large, max-video-preview:-1\" \/>\n<link rel=\"canonical\" href=\"https:\/\/somos-hermanos.mx\/index.php\/2025\/08\/04\/pina-palmera-construye-inclusion-en-comunidades-rurales-de-oaxaca\/\" \/>\n<meta property=\"og:locale\" content=\"es_MX\" \/>\n<meta property=\"og:type\" content=\"article\" \/>\n<meta property=\"og:title\" content=\"Pi\u00f1a Palmera, construye inclusi\u00f3n en comunidades rurales de Oaxaca - Historias que inspiran...\" \/>\n<meta property=\"og:description\" content=\"En la costa del estado de Oaxaca, donde la vida comunitaria mantiene una fuerte ra\u00edz ind\u00edgena y rural, existe un centro que desde hace m\u00e1s de tres d\u00e9cadas transforma realidades: Pi\u00f1a Palmera, se ha dedicado a brindar atenci\u00f3n, rehabilitaci\u00f3n e inclusi\u00f3n a personas con discapacidad, priorizando a quienes viven en zonas rurales e ind\u00edgenas de [&hellip;]\" \/>\n<meta property=\"og:url\" content=\"https:\/\/somos-hermanos.mx\/index.php\/2025\/08\/04\/pina-palmera-construye-inclusion-en-comunidades-rurales-de-oaxaca\/\" \/>\n<meta property=\"og:site_name\" content=\"Historias que inspiran...\" \/>\n<meta property=\"article:publisher\" content=\"https:\/\/www.facebook.com\/SomosHermanosIAP\/\" \/>\n<meta property=\"article:published_time\" content=\"2025-08-04T09:02:34+00:00\" \/>\n<meta property=\"og:image\" content=\"https:\/\/somos-hermanos.mx\/wp-content\/uploads\/2025\/08\/pin\u0303a2.jpeg\" \/>\n\t<meta property=\"og:image:width\" content=\"1280\" \/>\n\t<meta property=\"og:image:height\" content=\"1600\" \/>\n\t<meta property=\"og:image:type\" content=\"image\/jpeg\" \/>\n<meta name=\"author\" content=\"Joaquin Samano Rodriguez\" \/>\n<meta name=\"twitter:card\" content=\"summary_large_image\" \/>\n<meta name=\"twitter:creator\" content=\"@Somos__Hermanos\" \/>\n<meta name=\"twitter:site\" content=\"@Somos__Hermanos\" \/>\n<meta name=\"twitter:label1\" content=\"Escrito por\" \/>\n\t<meta name=\"twitter:data1\" content=\"Joaquin Samano Rodriguez\" \/>\n\t<meta name=\"twitter:label2\" content=\"Tiempo de lectura\" \/>\n\t<meta name=\"twitter:data2\" content=\"3 minutos\" \/>\n<script type=\"application\/ld+json\" class=\"yoast-schema-graph\">{\"@context\":\"https:\\\/\\\/schema.org\",\"@graph\":[{\"@type\":\"Article\",\"@id\":\"https:\\\/\\\/somos-hermanos.mx\\\/index.php\\\/2025\\\/08\\\/04\\\/pina-palmera-construye-inclusion-en-comunidades-rurales-de-oaxaca\\\/#article\",\"isPartOf\":{\"@id\":\"https:\\\/\\\/somos-hermanos.mx\\\/index.php\\\/2025\\\/08\\\/04\\\/pina-palmera-construye-inclusion-en-comunidades-rurales-de-oaxaca\\\/\"},\"author\":{\"name\":\"Joaquin Samano Rodriguez\",\"@id\":\"https:\\\/\\\/somos-hermanos.mx\\\/#\\\/schema\\\/person\\\/5b3557797474582d21f3cc36320a00fb\"},\"headline\":\"Pi\u00f1a Palmera, construye inclusi\u00f3n en comunidades rurales de Oaxaca\",\"datePublished\":\"2025-08-04T09:02:34+00:00\",\"mainEntityOfPage\":{\"@id\":\"https:\\\/\\\/somos-hermanos.mx\\\/index.php\\\/2025\\\/08\\\/04\\\/pina-palmera-construye-inclusion-en-comunidades-rurales-de-oaxaca\\\/\"},\"wordCount\":596,\"commentCount\":0,\"publisher\":{\"@id\":\"https:\\\/\\\/somos-hermanos.mx\\\/#organization\"},\"image\":{\"@id\":\"https:\\\/\\\/somos-hermanos.mx\\\/index.php\\\/2025\\\/08\\\/04\\\/pina-palmera-construye-inclusion-en-comunidades-rurales-de-oaxaca\\\/#primaryimage\"},\"thumbnailUrl\":\"https:\\\/\\\/somos-hermanos.mx\\\/wp-content\\\/uploads\\\/2025\\\/08\\\/pin\u0303a2.jpeg\",\"articleSection\":[\"Noticias\"],\"inLanguage\":\"es\",\"potentialAction\":[{\"@type\":\"CommentAction\",\"name\":\"Comment\",\"target\":[\"https:\\\/\\\/somos-hermanos.mx\\\/index.php\\\/2025\\\/08\\\/04\\\/pina-palmera-construye-inclusion-en-comunidades-rurales-de-oaxaca\\\/#respond\"]}]},{\"@type\":\"WebPage\",\"@id\":\"https:\\\/\\\/somos-hermanos.mx\\\/index.php\\\/2025\\\/08\\\/04\\\/pina-palmera-construye-inclusion-en-comunidades-rurales-de-oaxaca\\\/\",\"url\":\"https:\\\/\\\/somos-hermanos.mx\\\/index.php\\\/2025\\\/08\\\/04\\\/pina-palmera-construye-inclusion-en-comunidades-rurales-de-oaxaca\\\/\",\"name\":\"Pi\u00f1a Palmera, construye inclusi\u00f3n en comunidades rurales de Oaxaca - Historias que inspiran...\",\"isPartOf\":{\"@id\":\"https:\\\/\\\/somos-hermanos.mx\\\/#website\"},\"primaryImageOfPage\":{\"@id\":\"https:\\\/\\\/somos-hermanos.mx\\\/index.php\\\/2025\\\/08\\\/04\\\/pina-palmera-construye-inclusion-en-comunidades-rurales-de-oaxaca\\\/#primaryimage\"},\"image\":{\"@id\":\"https:\\\/\\\/somos-hermanos.mx\\\/index.php\\\/2025\\\/08\\\/04\\\/pina-palmera-construye-inclusion-en-comunidades-rurales-de-oaxaca\\\/#primaryimage\"},\"thumbnailUrl\":\"https:\\\/\\\/somos-hermanos.mx\\\/wp-content\\\/uploads\\\/2025\\\/08\\\/pin\u0303a2.jpeg\",\"datePublished\":\"2025-08-04T09:02:34+00:00\",\"breadcrumb\":{\"@id\":\"https:\\\/\\\/somos-hermanos.mx\\\/index.php\\\/2025\\\/08\\\/04\\\/pina-palmera-construye-inclusion-en-comunidades-rurales-de-oaxaca\\\/#breadcrumb\"},\"inLanguage\":\"es\",\"potentialAction\":[{\"@type\":\"ReadAction\",\"target\":[\"https:\\\/\\\/somos-hermanos.mx\\\/index.php\\\/2025\\\/08\\\/04\\\/pina-palmera-construye-inclusion-en-comunidades-rurales-de-oaxaca\\\/\"]}]},{\"@type\":\"ImageObject\",\"inLanguage\":\"es\",\"@id\":\"https:\\\/\\\/somos-hermanos.mx\\\/index.php\\\/2025\\\/08\\\/04\\\/pina-palmera-construye-inclusion-en-comunidades-rurales-de-oaxaca\\\/#primaryimage\",\"url\":\"https:\\\/\\\/somos-hermanos.mx\\\/wp-content\\\/uploads\\\/2025\\\/08\\\/pin\u0303a2.jpeg\",\"contentUrl\":\"https:\\\/\\\/somos-hermanos.mx\\\/wp-content\\\/uploads\\\/2025\\\/08\\\/pin\u0303a2.jpeg\",\"width\":1280,\"height\":1600},{\"@type\":\"BreadcrumbList\",\"@id\":\"https:\\\/\\\/somos-hermanos.mx\\\/index.php\\\/2025\\\/08\\\/04\\\/pina-palmera-construye-inclusion-en-comunidades-rurales-de-oaxaca\\\/#breadcrumb\",\"itemListElement\":[{\"@type\":\"ListItem\",\"position\":1,\"name\":\"Inicio\",\"item\":\"https:\\\/\\\/somos-hermanos.mx\\\/\"},{\"@type\":\"ListItem\",\"position\":2,\"name\":\"Pi\u00f1a Palmera, construye inclusi\u00f3n en comunidades rurales de Oaxaca\"}]},{\"@type\":\"WebSite\",\"@id\":\"https:\\\/\\\/somos-hermanos.mx\\\/#website\",\"url\":\"https:\\\/\\\/somos-hermanos.mx\\\/\",\"name\":\"Historias que inspiran...\",\"description\":\"Somos la voz del altruismo en M\u00e9xico\",\"publisher\":{\"@id\":\"https:\\\/\\\/somos-hermanos.mx\\\/#organization\"},\"potentialAction\":[{\"@type\":\"SearchAction\",\"target\":{\"@type\":\"EntryPoint\",\"urlTemplate\":\"https:\\\/\\\/somos-hermanos.mx\\\/?s={search_term_string}\"},\"query-input\":{\"@type\":\"PropertyValueSpecification\",\"valueRequired\":true,\"valueName\":\"search_term_string\"}}],\"inLanguage\":\"es\"},{\"@type\":\"Organization\",\"@id\":\"https:\\\/\\\/somos-hermanos.mx\\\/#organization\",\"name\":\"Somos Hermanos\",\"url\":\"https:\\\/\\\/somos-hermanos.mx\\\/\",\"logo\":{\"@type\":\"ImageObject\",\"inLanguage\":\"es\",\"@id\":\"https:\\\/\\\/somos-hermanos.mx\\\/#\\\/schema\\\/logo\\\/image\\\/\",\"url\":\"https:\\\/\\\/somos-hermanos.mx\\\/wp-content\\\/uploads\\\/2025\\\/08\\\/SH30-1.jpeg\",\"contentUrl\":\"https:\\\/\\\/somos-hermanos.mx\\\/wp-content\\\/uploads\\\/2025\\\/08\\\/SH30-1.jpeg\",\"width\":1600,\"height\":1142,\"caption\":\"Somos Hermanos\"},\"image\":{\"@id\":\"https:\\\/\\\/somos-hermanos.mx\\\/#\\\/schema\\\/logo\\\/image\\\/\"},\"sameAs\":[\"https:\\\/\\\/www.facebook.com\\\/SomosHermanosIAP\\\/\",\"https:\\\/\\\/x.com\\\/Somos__Hermanos\",\"https:\\\/\\\/www.instagram.com\\\/somos__hermanos\\\/#\",\"https:\\\/\\\/www.tiktok.com\\\/@somoshermanosiap\",\"https:\\\/\\\/www.youtube.com\\\/@somoshermanosiap1201\\\/videos\"]},{\"@type\":\"Person\",\"@id\":\"https:\\\/\\\/somos-hermanos.mx\\\/#\\\/schema\\\/person\\\/5b3557797474582d21f3cc36320a00fb\",\"name\":\"Joaquin Samano Rodriguez\",\"image\":{\"@type\":\"ImageObject\",\"inLanguage\":\"es\",\"@id\":\"https:\\\/\\\/secure.gravatar.com\\\/avatar\\\/27bf3879265a77b9831b2ead2a268051b3e31f39ceebd5858d7cdd8540196a35?s=96&d=mm&r=g\",\"url\":\"https:\\\/\\\/secure.gravatar.com\\\/avatar\\\/27bf3879265a77b9831b2ead2a268051b3e31f39ceebd5858d7cdd8540196a35?s=96&d=mm&r=g\",\"contentUrl\":\"https:\\\/\\\/secure.gravatar.com\\\/avatar\\\/27bf3879265a77b9831b2ead2a268051b3e31f39ceebd5858d7cdd8540196a35?s=96&d=mm&r=g\",\"caption\":\"Joaquin Samano Rodriguez\"},\"url\":\"https:\\\/\\\/somos-hermanos.mx\\\/index.php\\\/author\\\/joaquin-samano-rodriguez\\\/\"}]}<\/script>\n<!-- \/ Yoast SEO plugin. -->","yoast_head_json":{"title":"Pi\u00f1a Palmera, construye inclusi\u00f3n en comunidades rurales de Oaxaca - Historias que inspiran...","robots":{"index":"index","follow":"follow","max-snippet":"max-snippet:-1","max-image-preview":"max-image-preview:large","max-video-preview":"max-video-preview:-1"},"canonical":"https:\/\/somos-hermanos.mx\/index.php\/2025\/08\/04\/pina-palmera-construye-inclusion-en-comunidades-rurales-de-oaxaca\/","og_locale":"es_MX","og_type":"article","og_title":"Pi\u00f1a Palmera, construye inclusi\u00f3n en comunidades rurales de Oaxaca - Historias que inspiran...","og_description":"En la costa del estado de Oaxaca, donde la vida comunitaria mantiene una fuerte ra\u00edz ind\u00edgena y rural, existe un centro que desde hace m\u00e1s de tres d\u00e9cadas transforma realidades: Pi\u00f1a Palmera, se ha dedicado a brindar atenci\u00f3n, rehabilitaci\u00f3n e inclusi\u00f3n a personas con discapacidad, priorizando a quienes viven en zonas rurales e ind\u00edgenas de [&hellip;]","og_url":"https:\/\/somos-hermanos.mx\/index.php\/2025\/08\/04\/pina-palmera-construye-inclusion-en-comunidades-rurales-de-oaxaca\/","og_site_name":"Historias que inspiran...","article_publisher":"https:\/\/www.facebook.com\/SomosHermanosIAP\/","article_published_time":"2025-08-04T09:02:34+00:00","og_image":[{"width":1280,"height":1600,"url":"https:\/\/somos-hermanos.mx\/wp-content\/uploads\/2025\/08\/pin\u0303a2.jpeg","type":"image\/jpeg"}],"author":"Joaquin Samano Rodriguez","twitter_card":"summary_large_image","twitter_creator":"@Somos__Hermanos","twitter_site":"@Somos__Hermanos","twitter_misc":{"Escrito por":"Joaquin Samano Rodriguez","Tiempo de lectura":"3 minutos"},"schema":{"@context":"https:\/\/schema.org","@graph":[{"@type":"Article","@id":"https:\/\/somos-hermanos.mx\/index.php\/2025\/08\/04\/pina-palmera-construye-inclusion-en-comunidades-rurales-de-oaxaca\/#article","isPartOf":{"@id":"https:\/\/somos-hermanos.mx\/index.php\/2025\/08\/04\/pina-palmera-construye-inclusion-en-comunidades-rurales-de-oaxaca\/"},"author":{"name":"Joaquin Samano Rodriguez","@id":"https:\/\/somos-hermanos.mx\/#\/schema\/person\/5b3557797474582d21f3cc36320a00fb"},"headline":"Pi\u00f1a Palmera, construye inclusi\u00f3n en comunidades rurales de Oaxaca","datePublished":"2025-08-04T09:02:34+00:00","mainEntityOfPage":{"@id":"https:\/\/somos-hermanos.mx\/index.php\/2025\/08\/04\/pina-palmera-construye-inclusion-en-comunidades-rurales-de-oaxaca\/"},"wordCount":596,"commentCount":0,"publisher":{"@id":"https:\/\/somos-hermanos.mx\/#organization"},"image":{"@id":"https:\/\/somos-hermanos.mx\/index.php\/2025\/08\/04\/pina-palmera-construye-inclusion-en-comunidades-rurales-de-oaxaca\/#primaryimage"},"thumbnailUrl":"https:\/\/somos-hermanos.mx\/wp-content\/uploads\/2025\/08\/pin\u0303a2.jpeg","articleSection":["Noticias"],"inLanguage":"es","potentialAction":[{"@type":"CommentAction","name":"Comment","target":["https:\/\/somos-hermanos.mx\/index.php\/2025\/08\/04\/pina-palmera-construye-inclusion-en-comunidades-rurales-de-oaxaca\/#respond"]}]},{"@type":"WebPage","@id":"https:\/\/somos-hermanos.mx\/index.php\/2025\/08\/04\/pina-palmera-construye-inclusion-en-comunidades-rurales-de-oaxaca\/","url":"https:\/\/somos-hermanos.mx\/index.php\/2025\/08\/04\/pina-palmera-construye-inclusion-en-comunidades-rurales-de-oaxaca\/","name":"Pi\u00f1a Palmera, construye inclusi\u00f3n en comunidades rurales de Oaxaca - Historias que inspiran...","isPartOf":{"@id":"https:\/\/somos-hermanos.mx\/#website"},"primaryImageOfPage":{"@id":"https:\/\/somos-hermanos.mx\/index.php\/2025\/08\/04\/pina-palmera-construye-inclusion-en-comunidades-rurales-de-oaxaca\/#primaryimage"},"image":{"@id":"https:\/\/somos-hermanos.mx\/index.php\/2025\/08\/04\/pina-palmera-construye-inclusion-en-comunidades-rurales-de-oaxaca\/#primaryimage"},"thumbnailUrl":"https:\/\/somos-hermanos.mx\/wp-content\/uploads\/2025\/08\/pin\u0303a2.jpeg","datePublished":"2025-08-04T09:02:34+00:00","breadcrumb":{"@id":"https:\/\/somos-hermanos.mx\/index.php\/2025\/08\/04\/pina-palmera-construye-inclusion-en-comunidades-rurales-de-oaxaca\/#breadcrumb"},"inLanguage":"es","potentialAction":[{"@type":"ReadAction","target":["https:\/\/somos-hermanos.mx\/index.php\/2025\/08\/04\/pina-palmera-construye-inclusion-en-comunidades-rurales-de-oaxaca\/"]}]},{"@type":"ImageObject","inLanguage":"es","@id":"https:\/\/somos-hermanos.mx\/index.php\/2025\/08\/04\/pina-palmera-construye-inclusion-en-comunidades-rurales-de-oaxaca\/#primaryimage","url":"https:\/\/somos-hermanos.mx\/wp-content\/uploads\/2025\/08\/pin\u0303a2.jpeg","contentUrl":"https:\/\/somos-hermanos.mx\/wp-content\/uploads\/2025\/08\/pin\u0303a2.jpeg","width":1280,"height":1600},{"@type":"BreadcrumbList","@id":"https:\/\/somos-hermanos.mx\/index.php\/2025\/08\/04\/pina-palmera-construye-inclusion-en-comunidades-rurales-de-oaxaca\/#breadcrumb","itemListElement":[{"@type":"ListItem","position":1,"name":"Inicio","item":"https:\/\/somos-hermanos.mx\/"},{"@type":"ListItem","position":2,"name":"Pi\u00f1a Palmera, construye inclusi\u00f3n en comunidades rurales de Oaxaca"}]},{"@type":"WebSite","@id":"https:\/\/somos-hermanos.mx\/#website","url":"https:\/\/somos-hermanos.mx\/","name":"Historias que inspiran...","description":"Somos la voz del altruismo en M\u00e9xico","publisher":{"@id":"https:\/\/somos-hermanos.mx\/#organization"},"potentialAction":[{"@type":"SearchAction","target":{"@type":"EntryPoint","urlTemplate":"https:\/\/somos-hermanos.mx\/?s={search_term_string}"},"query-input":{"@type":"PropertyValueSpecification","valueRequired":true,"valueName":"search_term_string"}}],"inLanguage":"es"},{"@type":"Organization","@id":"https:\/\/somos-hermanos.mx\/#organization","name":"Somos Hermanos","url":"https:\/\/somos-hermanos.mx\/","logo":{"@type":"ImageObject","inLanguage":"es","@id":"https:\/\/somos-hermanos.mx\/#\/schema\/logo\/image\/","url":"https:\/\/somos-hermanos.mx\/wp-content\/uploads\/2025\/08\/SH30-1.jpeg","contentUrl":"https:\/\/somos-hermanos.mx\/wp-content\/uploads\/2025\/08\/SH30-1.jpeg","width":1600,"height":1142,"caption":"Somos Hermanos"},"image":{"@id":"https:\/\/somos-hermanos.mx\/#\/schema\/logo\/image\/"},"sameAs":["https:\/\/www.facebook.com\/SomosHermanosIAP\/","https:\/\/x.com\/Somos__Hermanos","https:\/\/www.instagram.com\/somos__hermanos\/#","https:\/\/www.tiktok.com\/@somoshermanosiap","https:\/\/www.youtube.com\/@somoshermanosiap1201\/videos"]},{"@type":"Person","@id":"https:\/\/somos-hermanos.mx\/#\/schema\/person\/5b3557797474582d21f3cc36320a00fb","name":"Joaquin Samano Rodriguez","image":{"@type":"ImageObject","inLanguage":"es","@id":"https:\/\/secure.gravatar.com\/avatar\/27bf3879265a77b9831b2ead2a268051b3e31f39ceebd5858d7cdd8540196a35?s=96&d=mm&r=g","url":"https:\/\/secure.gravatar.com\/avatar\/27bf3879265a77b9831b2ead2a268051b3e31f39ceebd5858d7cdd8540196a35?s=96&d=mm&r=g","contentUrl":"https:\/\/secure.gravatar.com\/avatar\/27bf3879265a77b9831b2ead2a268051b3e31f39ceebd5858d7cdd8540196a35?s=96&d=mm&r=g","caption":"Joaquin Samano Rodriguez"},"url":"https:\/\/somos-hermanos.mx\/index.php\/author\/joaquin-samano-rodriguez\/"}]}},"_links":{"self":[{"href":"https:\/\/somos-hermanos.mx\/index.php\/wp-json\/wp\/v2\/posts\/854","targetHints":{"allow":["GET"]}}],"collection":[{"href":"https:\/\/somos-hermanos.mx\/index.php\/wp-json\/wp\/v2\/posts"}],"about":[{"href":"https:\/\/somos-hermanos.mx\/index.php\/wp-json\/wp\/v2\/types\/post"}],"author":[{"embeddable":true,"href":"https:\/\/somos-hermanos.mx\/index.php\/wp-json\/wp\/v2\/users\/24"}],"replies":[{"embeddable":true,"href":"https:\/\/somos-hermanos.mx\/index.php\/wp-json\/wp\/v2\/comments?post=854"}],"version-history":[{"count":1,"href":"https:\/\/somos-hermanos.mx\/index.php\/wp-json\/wp\/v2\/posts\/854\/revisions"}],"predecessor-version":[{"id":856,"href":"https:\/\/somos-hermanos.mx\/index.php\/wp-json\/wp\/v2\/posts\/854\/revisions\/856"}],"wp:featuredmedia":[{"embeddable":true,"href":"https:\/\/somos-hermanos.mx\/index.php\/wp-json\/wp\/v2\/media\/855"}],"wp:attachment":[{"href":"https:\/\/somos-hermanos.mx\/index.php\/wp-json\/wp\/v2\/media?parent=854"}],"wp:term":[{"taxonomy":"category","embeddable":true,"href":"https:\/\/somos-hermanos.mx\/index.php\/wp-json\/wp\/v2\/categories?post=854"},{"taxonomy":"post_tag","embeddable":true,"href":"https:\/\/somos-hermanos.mx\/index.php\/wp-json\/wp\/v2\/tags?post=854"}],"curies":[{"name":"wp","href":"https:\/\/api.w.org\/{rel}","templated":true}]}}