{"id":851,"date":"2025-08-04T03:01:24","date_gmt":"2025-08-04T09:01:24","guid":{"rendered":"https:\/\/somos-hermanos.mx\/?p=851"},"modified":"2025-08-04T03:01:24","modified_gmt":"2025-08-04T09:01:24","slug":"atencion-especializada-a-personas-con-discapacidad-multiple-y-sordoceguera-en-asomas","status":"publish","type":"post","link":"https:\/\/somos-hermanos.mx\/index.php\/2025\/08\/04\/atencion-especializada-a-personas-con-discapacidad-multiple-y-sordoceguera-en-asomas\/","title":{"rendered":"Atenci\u00f3n especializada a personas con discapacidad m\u00faltiple y sordoceguera en ASOMAS"},"content":{"rendered":"<p>La Asociaci\u00f3n Mexicana Anne Sullivan IAP (ASOMAS) fue fundada en el a\u00f1o 2001, desde entonces <strong>ha marcado un precedente en la atenci\u00f3n integral de personas con discapacidad m\u00faltiple y sordoceguera, <\/strong>convirti\u00e9ndose en la primera instituci\u00f3n de su tipo en toda la rep\u00fablica.<\/p>\n<p>Su creaci\u00f3n fue impulsada por la visi\u00f3n de Mar\u00eda del Carmen Gal\u00edndez Gonz\u00e1lez quien mientras laboraba en el Instituto Nacional para la Rehabilitaci\u00f3n de Ni\u00f1os Ciegos y D\u00e9biles Visuales detect\u00f3 la falta de programas espec\u00edficos para este sector poblacional y fue as\u00ed como decidi\u00f3 crear un modelo educativo que se adaptara a las necesidades de estos ni\u00f1os y j\u00f3venes.<\/p>\n<p>El trabajo de ASOMAS ha sido fundamental para visibilizar a un sector hist\u00f3ricamente marginado de la sociedad. <strong>En sus m\u00e1s de 20 a\u00f1os de labor ha logrado brindar atenci\u00f3n a m\u00e1s de 400 ni\u00f1os,<\/strong>\u00a0proporcionando programas personalizados que incluyen; rehabilitaci\u00f3n f\u00edsica, terapia de lenguaje, estimulaci\u00f3n sensorial, apoyo psicol\u00f3gico y orientaci\u00f3n social. Adem\u00e1s, el programa \u201cTransici\u00f3n a la vida adulta\u201d busca fomentar la autonom\u00eda e independencia de los beneficiarios.<\/p>\n<p>Uno de los principales fundamentos de la instituci\u00f3n es su compromiso con las familias, por ello, a trav\u00e9s del \u201cPrograma a Padres\u201d, ASOMAS capacita de forma constante a quienes est\u00e1n al cuidado de los ni\u00f1os, brind\u00e1ndoles herramientas para continuar con la rehabilitaci\u00f3n en casa.<\/p>\n<p>Tambi\u00e9n ofrece un <strong>\u201cPrograma en Casa\u201d <\/strong>para aquellas familias que por razones econ\u00f3micas o por condiciones del menor no puedan desplazarse a las instalaciones, dando as\u00ed una atenci\u00f3n directa.<\/p>\n<p>La fundaci\u00f3n se ha convertido en un centro de formaci\u00f3n para profesionales de la educaci\u00f3n especial. Han brindado capacitaciones en diversas entidades federativas, entre las que se encuentran: Chiapas, Coahuila, Chihuahua, Guanajuato, Michoac\u00e1n, Veracruz, Colima, Hidalgo, Oaxaca, Estado de M\u00e9xico y Sinaloa. Y a m\u00e1s de 700 personas en cursos en l\u00ednea a docentes y padres de familia de M\u00e9xico, Colombia y Bolivia<\/p>\n<p>El impacto social se refleja en sus alianzas con instituciones educativas, la Secretar\u00eda de Educaci\u00f3n P\u00fablica (SEP), instituciones m\u00e9dicas p\u00fablicas y privadas. Un ejemplo de ello son las clases de nataci\u00f3n para los alumnos de ASOMAS que reciben en coordinaci\u00f3n con el personal de la Ciudad Deportiva, as\u00ed como el convenio con el Hotel Hilton Reforma, donde son distribuidos entre los hu\u00e9spedes productos elaborados por los beneficiarios. Dando como resultado la inclusi\u00f3n laboral y la sensibilizaci\u00f3n a la sociedad.<\/p>\n<p>Ning\u00fan camino es f\u00e1cil y ASOMAS es testigo de ello, pues se ha enfrentado a retos como la falta de financiamiento para sostener y ampliar sus programas, la necesidad de una infraestructura mayor y recurso materiales bastos. A pesar de ello la instituci\u00f3n ha logrado mantenerse de pie y guiada por valores como el respeto, la calidad humana, la colaboraci\u00f3n y la no discriminaci\u00f3n.<\/p>\n<p>Con la visi\u00f3n clara de ser reconocida a nivel nacional, ASOMAS contin\u00faa con su labor incansable. Su modelo de trabajo no solo transforma vidas, sino que tambi\u00e9n redefine la manera en que M\u00e9xico entiende e intervienen la discapacidad m\u00faltiple, apostando por una sociedad m\u00e1s incluyente, emp\u00e1tica y justa.<\/p>\n<p><a href=\"https:\/\/asomas.org.mx\/\"><em><u>https:\/\/asomas.org.mx\/<\/u><\/em><\/a><\/p>\n<p><em>Correo electr\u00f3nico:<\/em><\/p>\n<p><a href=\"mailto:contacto@asomas.org.mx\"><em>contacto@asomas.org.mx<\/em><\/a><\/p>\n<p><em>Tel\u00e9fono:<\/em><\/p>\n<p><em>(55) 53 95 76 79 y (55) 55 80 33 97 ext. 101<\/em><\/p>\n<p><em>Direcci\u00f3n:<\/em><\/p>\n<p><em>Retorno Miguel Lanz Duret no. 57, Col. Periodista<\/em><\/p>\n<p><em>Delegaci\u00f3n Miguel Hidalgo, C.P. 11220<\/em><\/p>\n","protected":false},"excerpt":{"rendered":"<p>La Asociaci\u00f3n Mexicana Anne Sullivan IAP (ASOMAS) fue fundada en el a\u00f1o 2001, desde entonces ha marcado un precedente en la atenci\u00f3n integral de personas con discapacidad m\u00faltiple y sordoceguera, convirti\u00e9ndose en la primera instituci\u00f3n de su tipo en toda la rep\u00fablica. Su creaci\u00f3n fue impulsada por la visi\u00f3n de Mar\u00eda del Carmen Gal\u00edndez Gonz\u00e1lez [&hellip;]<\/p>\n","protected":false},"author":4,"featured_media":852,"comment_status":"open","ping_status":"closed","sticky":false,"template":"","format":"standard","meta":{"footnotes":""},"categories":[6],"tags":[],"class_list":["post-851","post","type-post","status-publish","format-standard","has-post-thumbnail","hentry","category-noticias"],"yoast_head":"<!-- This site is optimized with the Yoast SEO plugin v27.5 - https:\/\/yoast.com\/product\/yoast-seo-wordpress\/ -->\n<title>Atenci\u00f3n especializada a personas con discapacidad m\u00faltiple y sordoceguera en ASOMAS - Historias que inspiran...<\/title>\n<meta name=\"robots\" content=\"index, follow, max-snippet:-1, max-image-preview:large, max-video-preview:-1\" \/>\n<link rel=\"canonical\" href=\"https:\/\/somos-hermanos.mx\/index.php\/2025\/08\/04\/atencion-especializada-a-personas-con-discapacidad-multiple-y-sordoceguera-en-asomas\/\" \/>\n<meta property=\"og:locale\" content=\"es_MX\" \/>\n<meta property=\"og:type\" content=\"article\" \/>\n<meta property=\"og:title\" content=\"Atenci\u00f3n especializada a personas con discapacidad m\u00faltiple y sordoceguera en ASOMAS - Historias que inspiran...\" \/>\n<meta property=\"og:description\" content=\"La Asociaci\u00f3n Mexicana Anne Sullivan IAP (ASOMAS) fue fundada en el a\u00f1o 2001, desde entonces ha marcado un precedente en la atenci\u00f3n integral de personas con discapacidad m\u00faltiple y sordoceguera, convirti\u00e9ndose en la primera instituci\u00f3n de su tipo en toda la rep\u00fablica. Su creaci\u00f3n fue impulsada por la visi\u00f3n de Mar\u00eda del Carmen Gal\u00edndez Gonz\u00e1lez [&hellip;]\" \/>\n<meta property=\"og:url\" content=\"https:\/\/somos-hermanos.mx\/index.php\/2025\/08\/04\/atencion-especializada-a-personas-con-discapacidad-multiple-y-sordoceguera-en-asomas\/\" \/>\n<meta property=\"og:site_name\" content=\"Historias que inspiran...\" \/>\n<meta property=\"article:publisher\" content=\"https:\/\/www.facebook.com\/SomosHermanosIAP\/\" \/>\n<meta property=\"article:published_time\" content=\"2025-08-04T09:01:24+00:00\" \/>\n<meta property=\"og:image\" content=\"https:\/\/somos-hermanos.mx\/wp-content\/uploads\/2025\/08\/asom.jpeg\" \/>\n\t<meta property=\"og:image:width\" content=\"822\" \/>\n\t<meta property=\"og:image:height\" content=\"822\" \/>\n\t<meta property=\"og:image:type\" content=\"image\/jpeg\" \/>\n<meta name=\"author\" content=\"Diana D\u00edaz Cardoza\" \/>\n<meta name=\"twitter:card\" content=\"summary_large_image\" \/>\n<meta name=\"twitter:creator\" content=\"@Somos__Hermanos\" \/>\n<meta name=\"twitter:site\" content=\"@Somos__Hermanos\" \/>\n<meta name=\"twitter:label1\" content=\"Escrito por\" \/>\n\t<meta name=\"twitter:data1\" content=\"Diana D\u00edaz Cardoza\" \/>\n\t<meta name=\"twitter:label2\" content=\"Tiempo de lectura\" \/>\n\t<meta name=\"twitter:data2\" content=\"3 minutos\" \/>\n<script type=\"application\/ld+json\" class=\"yoast-schema-graph\">{\"@context\":\"https:\\\/\\\/schema.org\",\"@graph\":[{\"@type\":\"Article\",\"@id\":\"https:\\\/\\\/somos-hermanos.mx\\\/index.php\\\/2025\\\/08\\\/04\\\/atencion-especializada-a-personas-con-discapacidad-multiple-y-sordoceguera-en-asomas\\\/#article\",\"isPartOf\":{\"@id\":\"https:\\\/\\\/somos-hermanos.mx\\\/index.php\\\/2025\\\/08\\\/04\\\/atencion-especializada-a-personas-con-discapacidad-multiple-y-sordoceguera-en-asomas\\\/\"},\"author\":{\"name\":\"Diana D\u00edaz Cardoza\",\"@id\":\"https:\\\/\\\/somos-hermanos.mx\\\/#\\\/schema\\\/person\\\/410425922654f3768f310e5949e1d304\"},\"headline\":\"Atenci\u00f3n especializada a personas con discapacidad m\u00faltiple y sordoceguera en ASOMAS\",\"datePublished\":\"2025-08-04T09:01:24+00:00\",\"mainEntityOfPage\":{\"@id\":\"https:\\\/\\\/somos-hermanos.mx\\\/index.php\\\/2025\\\/08\\\/04\\\/atencion-especializada-a-personas-con-discapacidad-multiple-y-sordoceguera-en-asomas\\\/\"},\"wordCount\":606,\"commentCount\":0,\"publisher\":{\"@id\":\"https:\\\/\\\/somos-hermanos.mx\\\/#organization\"},\"image\":{\"@id\":\"https:\\\/\\\/somos-hermanos.mx\\\/index.php\\\/2025\\\/08\\\/04\\\/atencion-especializada-a-personas-con-discapacidad-multiple-y-sordoceguera-en-asomas\\\/#primaryimage\"},\"thumbnailUrl\":\"https:\\\/\\\/somos-hermanos.mx\\\/wp-content\\\/uploads\\\/2025\\\/08\\\/asom.jpeg\",\"articleSection\":[\"Noticias\"],\"inLanguage\":\"es\",\"potentialAction\":[{\"@type\":\"CommentAction\",\"name\":\"Comment\",\"target\":[\"https:\\\/\\\/somos-hermanos.mx\\\/index.php\\\/2025\\\/08\\\/04\\\/atencion-especializada-a-personas-con-discapacidad-multiple-y-sordoceguera-en-asomas\\\/#respond\"]}]},{\"@type\":\"WebPage\",\"@id\":\"https:\\\/\\\/somos-hermanos.mx\\\/index.php\\\/2025\\\/08\\\/04\\\/atencion-especializada-a-personas-con-discapacidad-multiple-y-sordoceguera-en-asomas\\\/\",\"url\":\"https:\\\/\\\/somos-hermanos.mx\\\/index.php\\\/2025\\\/08\\\/04\\\/atencion-especializada-a-personas-con-discapacidad-multiple-y-sordoceguera-en-asomas\\\/\",\"name\":\"Atenci\u00f3n especializada a personas con discapacidad m\u00faltiple y sordoceguera en ASOMAS - Historias que inspiran...\",\"isPartOf\":{\"@id\":\"https:\\\/\\\/somos-hermanos.mx\\\/#website\"},\"primaryImageOfPage\":{\"@id\":\"https:\\\/\\\/somos-hermanos.mx\\\/index.php\\\/2025\\\/08\\\/04\\\/atencion-especializada-a-personas-con-discapacidad-multiple-y-sordoceguera-en-asomas\\\/#primaryimage\"},\"image\":{\"@id\":\"https:\\\/\\\/somos-hermanos.mx\\\/index.php\\\/2025\\\/08\\\/04\\\/atencion-especializada-a-personas-con-discapacidad-multiple-y-sordoceguera-en-asomas\\\/#primaryimage\"},\"thumbnailUrl\":\"https:\\\/\\\/somos-hermanos.mx\\\/wp-content\\\/uploads\\\/2025\\\/08\\\/asom.jpeg\",\"datePublished\":\"2025-08-04T09:01:24+00:00\",\"breadcrumb\":{\"@id\":\"https:\\\/\\\/somos-hermanos.mx\\\/index.php\\\/2025\\\/08\\\/04\\\/atencion-especializada-a-personas-con-discapacidad-multiple-y-sordoceguera-en-asomas\\\/#breadcrumb\"},\"inLanguage\":\"es\",\"potentialAction\":[{\"@type\":\"ReadAction\",\"target\":[\"https:\\\/\\\/somos-hermanos.mx\\\/index.php\\\/2025\\\/08\\\/04\\\/atencion-especializada-a-personas-con-discapacidad-multiple-y-sordoceguera-en-asomas\\\/\"]}]},{\"@type\":\"ImageObject\",\"inLanguage\":\"es\",\"@id\":\"https:\\\/\\\/somos-hermanos.mx\\\/index.php\\\/2025\\\/08\\\/04\\\/atencion-especializada-a-personas-con-discapacidad-multiple-y-sordoceguera-en-asomas\\\/#primaryimage\",\"url\":\"https:\\\/\\\/somos-hermanos.mx\\\/wp-content\\\/uploads\\\/2025\\\/08\\\/asom.jpeg\",\"contentUrl\":\"https:\\\/\\\/somos-hermanos.mx\\\/wp-content\\\/uploads\\\/2025\\\/08\\\/asom.jpeg\",\"width\":822,\"height\":822},{\"@type\":\"BreadcrumbList\",\"@id\":\"https:\\\/\\\/somos-hermanos.mx\\\/index.php\\\/2025\\\/08\\\/04\\\/atencion-especializada-a-personas-con-discapacidad-multiple-y-sordoceguera-en-asomas\\\/#breadcrumb\",\"itemListElement\":[{\"@type\":\"ListItem\",\"position\":1,\"name\":\"Inicio\",\"item\":\"https:\\\/\\\/somos-hermanos.mx\\\/\"},{\"@type\":\"ListItem\",\"position\":2,\"name\":\"Atenci\u00f3n especializada a personas con discapacidad m\u00faltiple y sordoceguera en ASOMAS\"}]},{\"@type\":\"WebSite\",\"@id\":\"https:\\\/\\\/somos-hermanos.mx\\\/#website\",\"url\":\"https:\\\/\\\/somos-hermanos.mx\\\/\",\"name\":\"Historias que inspiran...\",\"description\":\"Somos la voz del altruismo en M\u00e9xico\",\"publisher\":{\"@id\":\"https:\\\/\\\/somos-hermanos.mx\\\/#organization\"},\"potentialAction\":[{\"@type\":\"SearchAction\",\"target\":{\"@type\":\"EntryPoint\",\"urlTemplate\":\"https:\\\/\\\/somos-hermanos.mx\\\/?s={search_term_string}\"},\"query-input\":{\"@type\":\"PropertyValueSpecification\",\"valueRequired\":true,\"valueName\":\"search_term_string\"}}],\"inLanguage\":\"es\"},{\"@type\":\"Organization\",\"@id\":\"https:\\\/\\\/somos-hermanos.mx\\\/#organization\",\"name\":\"Somos Hermanos\",\"url\":\"https:\\\/\\\/somos-hermanos.mx\\\/\",\"logo\":{\"@type\":\"ImageObject\",\"inLanguage\":\"es\",\"@id\":\"https:\\\/\\\/somos-hermanos.mx\\\/#\\\/schema\\\/logo\\\/image\\\/\",\"url\":\"https:\\\/\\\/somos-hermanos.mx\\\/wp-content\\\/uploads\\\/2025\\\/08\\\/SH30-1.jpeg\",\"contentUrl\":\"https:\\\/\\\/somos-hermanos.mx\\\/wp-content\\\/uploads\\\/2025\\\/08\\\/SH30-1.jpeg\",\"width\":1600,\"height\":1142,\"caption\":\"Somos Hermanos\"},\"image\":{\"@id\":\"https:\\\/\\\/somos-hermanos.mx\\\/#\\\/schema\\\/logo\\\/image\\\/\"},\"sameAs\":[\"https:\\\/\\\/www.facebook.com\\\/SomosHermanosIAP\\\/\",\"https:\\\/\\\/x.com\\\/Somos__Hermanos\",\"https:\\\/\\\/www.instagram.com\\\/somos__hermanos\\\/#\",\"https:\\\/\\\/www.tiktok.com\\\/@somoshermanosiap\",\"https:\\\/\\\/www.youtube.com\\\/@somoshermanosiap1201\\\/videos\"]},{\"@type\":\"Person\",\"@id\":\"https:\\\/\\\/somos-hermanos.mx\\\/#\\\/schema\\\/person\\\/410425922654f3768f310e5949e1d304\",\"name\":\"Diana D\u00edaz Cardoza\",\"image\":{\"@type\":\"ImageObject\",\"inLanguage\":\"es\",\"@id\":\"https:\\\/\\\/secure.gravatar.com\\\/avatar\\\/f80bf4377c9bc6108877fbe8e6e6a08647dd8a628846d62be4318348e3a367f7?s=96&d=mm&r=g\",\"url\":\"https:\\\/\\\/secure.gravatar.com\\\/avatar\\\/f80bf4377c9bc6108877fbe8e6e6a08647dd8a628846d62be4318348e3a367f7?s=96&d=mm&r=g\",\"contentUrl\":\"https:\\\/\\\/secure.gravatar.com\\\/avatar\\\/f80bf4377c9bc6108877fbe8e6e6a08647dd8a628846d62be4318348e3a367f7?s=96&d=mm&r=g\",\"caption\":\"Diana D\u00edaz Cardoza\"},\"url\":\"https:\\\/\\\/somos-hermanos.mx\\\/index.php\\\/author\\\/diana-diaz-cardoza\\\/\"}]}<\/script>\n<!-- \/ Yoast SEO plugin. -->","yoast_head_json":{"title":"Atenci\u00f3n especializada a personas con discapacidad m\u00faltiple y sordoceguera en ASOMAS - Historias que inspiran...","robots":{"index":"index","follow":"follow","max-snippet":"max-snippet:-1","max-image-preview":"max-image-preview:large","max-video-preview":"max-video-preview:-1"},"canonical":"https:\/\/somos-hermanos.mx\/index.php\/2025\/08\/04\/atencion-especializada-a-personas-con-discapacidad-multiple-y-sordoceguera-en-asomas\/","og_locale":"es_MX","og_type":"article","og_title":"Atenci\u00f3n especializada a personas con discapacidad m\u00faltiple y sordoceguera en ASOMAS - Historias que inspiran...","og_description":"La Asociaci\u00f3n Mexicana Anne Sullivan IAP (ASOMAS) fue fundada en el a\u00f1o 2001, desde entonces ha marcado un precedente en la atenci\u00f3n integral de personas con discapacidad m\u00faltiple y sordoceguera, convirti\u00e9ndose en la primera instituci\u00f3n de su tipo en toda la rep\u00fablica. Su creaci\u00f3n fue impulsada por la visi\u00f3n de Mar\u00eda del Carmen Gal\u00edndez Gonz\u00e1lez [&hellip;]","og_url":"https:\/\/somos-hermanos.mx\/index.php\/2025\/08\/04\/atencion-especializada-a-personas-con-discapacidad-multiple-y-sordoceguera-en-asomas\/","og_site_name":"Historias que inspiran...","article_publisher":"https:\/\/www.facebook.com\/SomosHermanosIAP\/","article_published_time":"2025-08-04T09:01:24+00:00","og_image":[{"width":822,"height":822,"url":"https:\/\/somos-hermanos.mx\/wp-content\/uploads\/2025\/08\/asom.jpeg","type":"image\/jpeg"}],"author":"Diana D\u00edaz Cardoza","twitter_card":"summary_large_image","twitter_creator":"@Somos__Hermanos","twitter_site":"@Somos__Hermanos","twitter_misc":{"Escrito por":"Diana D\u00edaz Cardoza","Tiempo de lectura":"3 minutos"},"schema":{"@context":"https:\/\/schema.org","@graph":[{"@type":"Article","@id":"https:\/\/somos-hermanos.mx\/index.php\/2025\/08\/04\/atencion-especializada-a-personas-con-discapacidad-multiple-y-sordoceguera-en-asomas\/#article","isPartOf":{"@id":"https:\/\/somos-hermanos.mx\/index.php\/2025\/08\/04\/atencion-especializada-a-personas-con-discapacidad-multiple-y-sordoceguera-en-asomas\/"},"author":{"name":"Diana D\u00edaz Cardoza","@id":"https:\/\/somos-hermanos.mx\/#\/schema\/person\/410425922654f3768f310e5949e1d304"},"headline":"Atenci\u00f3n especializada a personas con discapacidad m\u00faltiple y sordoceguera en ASOMAS","datePublished":"2025-08-04T09:01:24+00:00","mainEntityOfPage":{"@id":"https:\/\/somos-hermanos.mx\/index.php\/2025\/08\/04\/atencion-especializada-a-personas-con-discapacidad-multiple-y-sordoceguera-en-asomas\/"},"wordCount":606,"commentCount":0,"publisher":{"@id":"https:\/\/somos-hermanos.mx\/#organization"},"image":{"@id":"https:\/\/somos-hermanos.mx\/index.php\/2025\/08\/04\/atencion-especializada-a-personas-con-discapacidad-multiple-y-sordoceguera-en-asomas\/#primaryimage"},"thumbnailUrl":"https:\/\/somos-hermanos.mx\/wp-content\/uploads\/2025\/08\/asom.jpeg","articleSection":["Noticias"],"inLanguage":"es","potentialAction":[{"@type":"CommentAction","name":"Comment","target":["https:\/\/somos-hermanos.mx\/index.php\/2025\/08\/04\/atencion-especializada-a-personas-con-discapacidad-multiple-y-sordoceguera-en-asomas\/#respond"]}]},{"@type":"WebPage","@id":"https:\/\/somos-hermanos.mx\/index.php\/2025\/08\/04\/atencion-especializada-a-personas-con-discapacidad-multiple-y-sordoceguera-en-asomas\/","url":"https:\/\/somos-hermanos.mx\/index.php\/2025\/08\/04\/atencion-especializada-a-personas-con-discapacidad-multiple-y-sordoceguera-en-asomas\/","name":"Atenci\u00f3n especializada a personas con discapacidad m\u00faltiple y sordoceguera en ASOMAS - Historias que inspiran...","isPartOf":{"@id":"https:\/\/somos-hermanos.mx\/#website"},"primaryImageOfPage":{"@id":"https:\/\/somos-hermanos.mx\/index.php\/2025\/08\/04\/atencion-especializada-a-personas-con-discapacidad-multiple-y-sordoceguera-en-asomas\/#primaryimage"},"image":{"@id":"https:\/\/somos-hermanos.mx\/index.php\/2025\/08\/04\/atencion-especializada-a-personas-con-discapacidad-multiple-y-sordoceguera-en-asomas\/#primaryimage"},"thumbnailUrl":"https:\/\/somos-hermanos.mx\/wp-content\/uploads\/2025\/08\/asom.jpeg","datePublished":"2025-08-04T09:01:24+00:00","breadcrumb":{"@id":"https:\/\/somos-hermanos.mx\/index.php\/2025\/08\/04\/atencion-especializada-a-personas-con-discapacidad-multiple-y-sordoceguera-en-asomas\/#breadcrumb"},"inLanguage":"es","potentialAction":[{"@type":"ReadAction","target":["https:\/\/somos-hermanos.mx\/index.php\/2025\/08\/04\/atencion-especializada-a-personas-con-discapacidad-multiple-y-sordoceguera-en-asomas\/"]}]},{"@type":"ImageObject","inLanguage":"es","@id":"https:\/\/somos-hermanos.mx\/index.php\/2025\/08\/04\/atencion-especializada-a-personas-con-discapacidad-multiple-y-sordoceguera-en-asomas\/#primaryimage","url":"https:\/\/somos-hermanos.mx\/wp-content\/uploads\/2025\/08\/asom.jpeg","contentUrl":"https:\/\/somos-hermanos.mx\/wp-content\/uploads\/2025\/08\/asom.jpeg","width":822,"height":822},{"@type":"BreadcrumbList","@id":"https:\/\/somos-hermanos.mx\/index.php\/2025\/08\/04\/atencion-especializada-a-personas-con-discapacidad-multiple-y-sordoceguera-en-asomas\/#breadcrumb","itemListElement":[{"@type":"ListItem","position":1,"name":"Inicio","item":"https:\/\/somos-hermanos.mx\/"},{"@type":"ListItem","position":2,"name":"Atenci\u00f3n especializada a personas con discapacidad m\u00faltiple y sordoceguera en ASOMAS"}]},{"@type":"WebSite","@id":"https:\/\/somos-hermanos.mx\/#website","url":"https:\/\/somos-hermanos.mx\/","name":"Historias que inspiran...","description":"Somos la voz del altruismo en M\u00e9xico","publisher":{"@id":"https:\/\/somos-hermanos.mx\/#organization"},"potentialAction":[{"@type":"SearchAction","target":{"@type":"EntryPoint","urlTemplate":"https:\/\/somos-hermanos.mx\/?s={search_term_string}"},"query-input":{"@type":"PropertyValueSpecification","valueRequired":true,"valueName":"search_term_string"}}],"inLanguage":"es"},{"@type":"Organization","@id":"https:\/\/somos-hermanos.mx\/#organization","name":"Somos Hermanos","url":"https:\/\/somos-hermanos.mx\/","logo":{"@type":"ImageObject","inLanguage":"es","@id":"https:\/\/somos-hermanos.mx\/#\/schema\/logo\/image\/","url":"https:\/\/somos-hermanos.mx\/wp-content\/uploads\/2025\/08\/SH30-1.jpeg","contentUrl":"https:\/\/somos-hermanos.mx\/wp-content\/uploads\/2025\/08\/SH30-1.jpeg","width":1600,"height":1142,"caption":"Somos Hermanos"},"image":{"@id":"https:\/\/somos-hermanos.mx\/#\/schema\/logo\/image\/"},"sameAs":["https:\/\/www.facebook.com\/SomosHermanosIAP\/","https:\/\/x.com\/Somos__Hermanos","https:\/\/www.instagram.com\/somos__hermanos\/#","https:\/\/www.tiktok.com\/@somoshermanosiap","https:\/\/www.youtube.com\/@somoshermanosiap1201\/videos"]},{"@type":"Person","@id":"https:\/\/somos-hermanos.mx\/#\/schema\/person\/410425922654f3768f310e5949e1d304","name":"Diana D\u00edaz Cardoza","image":{"@type":"ImageObject","inLanguage":"es","@id":"https:\/\/secure.gravatar.com\/avatar\/f80bf4377c9bc6108877fbe8e6e6a08647dd8a628846d62be4318348e3a367f7?s=96&d=mm&r=g","url":"https:\/\/secure.gravatar.com\/avatar\/f80bf4377c9bc6108877fbe8e6e6a08647dd8a628846d62be4318348e3a367f7?s=96&d=mm&r=g","contentUrl":"https:\/\/secure.gravatar.com\/avatar\/f80bf4377c9bc6108877fbe8e6e6a08647dd8a628846d62be4318348e3a367f7?s=96&d=mm&r=g","caption":"Diana D\u00edaz Cardoza"},"url":"https:\/\/somos-hermanos.mx\/index.php\/author\/diana-diaz-cardoza\/"}]}},"_links":{"self":[{"href":"https:\/\/somos-hermanos.mx\/index.php\/wp-json\/wp\/v2\/posts\/851","targetHints":{"allow":["GET"]}}],"collection":[{"href":"https:\/\/somos-hermanos.mx\/index.php\/wp-json\/wp\/v2\/posts"}],"about":[{"href":"https:\/\/somos-hermanos.mx\/index.php\/wp-json\/wp\/v2\/types\/post"}],"author":[{"embeddable":true,"href":"https:\/\/somos-hermanos.mx\/index.php\/wp-json\/wp\/v2\/users\/4"}],"replies":[{"embeddable":true,"href":"https:\/\/somos-hermanos.mx\/index.php\/wp-json\/wp\/v2\/comments?post=851"}],"version-history":[{"count":1,"href":"https:\/\/somos-hermanos.mx\/index.php\/wp-json\/wp\/v2\/posts\/851\/revisions"}],"predecessor-version":[{"id":853,"href":"https:\/\/somos-hermanos.mx\/index.php\/wp-json\/wp\/v2\/posts\/851\/revisions\/853"}],"wp:featuredmedia":[{"embeddable":true,"href":"https:\/\/somos-hermanos.mx\/index.php\/wp-json\/wp\/v2\/media\/852"}],"wp:attachment":[{"href":"https:\/\/somos-hermanos.mx\/index.php\/wp-json\/wp\/v2\/media?parent=851"}],"wp:term":[{"taxonomy":"category","embeddable":true,"href":"https:\/\/somos-hermanos.mx\/index.php\/wp-json\/wp\/v2\/categories?post=851"},{"taxonomy":"post_tag","embeddable":true,"href":"https:\/\/somos-hermanos.mx\/index.php\/wp-json\/wp\/v2\/tags?post=851"}],"curies":[{"name":"wp","href":"https:\/\/api.w.org\/{rel}","templated":true}]}}