{"id":845,"date":"2025-08-04T02:59:15","date_gmt":"2025-08-04T08:59:15","guid":{"rendered":"https:\/\/somos-hermanos.mx\/?p=845"},"modified":"2025-08-04T02:59:15","modified_gmt":"2025-08-04T08:59:15","slug":"fundacion-ebc-20-anos-apoyando-la-educacion-superior","status":"publish","type":"post","link":"https:\/\/somos-hermanos.mx\/index.php\/2025\/08\/04\/fundacion-ebc-20-anos-apoyando-la-educacion-superior\/","title":{"rendered":"Fundaci\u00f3n EBC: 20 a\u00f1os apoyando la educaci\u00f3n superior"},"content":{"rendered":"<p>La Fundaci\u00f3n EBC AC <strong>celebr\u00f3 20 a\u00f1os de labor ininterrumpida y reafirm\u00f3 su visi\u00f3n de ser un puente para j\u00f3venes que buscan transformar su destino a trav\u00e9s de la educaci\u00f3n. <\/strong>En datos duros la organizaci\u00f3n ha logrado otorgar m\u00e1s de 5 mil becas para beneficio de m\u00e1s de 2 mil 200 estudiantes de toda la Rep\u00fablica Mexicana.<\/p>\n<p>Para celebrar este magno aniversario, el pasado 22 de mayo la fundaci\u00f3n cit\u00f3 a medios, aliados, invitados y egresados en un evento que resalt\u00f3 la movilidad social educativa en M\u00e9xico.<\/p>\n<p>Dentro del marco de celebraci\u00f3n, se dio la palabra al presidente del Consejo Directivo de la Fundaci\u00f3n Carlos Prieto Sierra, quien destac\u00f3 que <strong>cada beca otorgada es una historia de superaci\u00f3n y que sin el sustento econ\u00f3mico de la EBC la operaci\u00f3n de la organizaci\u00f3n no ser\u00eda realidad.<\/strong><\/p>\n<p>Posteriormente, se comenzaron a entregar reconocimientos a todos los aliados estrat\u00e9gicos que son parte de la FEBC y para ello primero cedieron la voz a cada ex becario que form\u00f3 parte de alguno de los programas.<\/p>\n<p>El programa \u201cProfesionistas para Siempre\u201d ha impactado la vida de m\u00e1s de 1,300 j\u00f3venes, entre ellos Lizbeth Saenger, quien en 2018 ingres\u00f3 a la fundaci\u00f3n y hoy comparti\u00f3 su caso de \u00e9xito, y resalt\u00f3 que:<\/p>\n<p>\u201cConsidero que el haber recibido la beca fue una declaraci\u00f3n de mi potencial y agradezco por invertir en una historia que se sigue escribiendo. Incluso en mis documentales con enfoque social est\u00e1 la huella de la fundaci\u00f3n\u201d. Coment\u00f3.<\/p>\n<p>Despu\u00e9s se entreg\u00f3 el reconocimiento a Grupo Bimbo por ser aliada esencial en este programa y para recibirlo estuvo presente Martha Eugenia Hern\u00e1ndez Morales, Directora de Relaciones Institucionales, quien comparti\u00f3 en entrevista exclusiva para Somos Hermanos la relaci\u00f3n con la EBC:<\/p>\n<p>\u201cLa relaci\u00f3n con la escuela es muy antigua porque Roberto Servitge, uno de nuestros fundadores fue estudiante de la EBC y por ello la cercan\u00eda. Hemos buscado siempre apoyar al talento joven con deseos de superaci\u00f3n y ha sido posible de la mano de la FEBC.\u201d Mencion\u00f3.<\/p>\n<p>Grupo Bimbo es pilar del programa y cada a\u00f1o aportan un monto econ\u00f3mico para los becarios de \u201cProfesionistas para Siempre\u201d y para Martha la marca busca ser una empresa productiva, sustentable y humana, lo que reflejan al ser aliada de esta OSC.<\/p>\n<p><strong>\u201cNo darse por vencidos y buscar la forma en que se puede lograr porque en ocasiones lo que se necesita es hablarlo con alguien que nos ayude y gu\u00ede para continuar nuestros caminos <\/strong>y cumplir nuestros sue\u00f1os y as\u00ed ser profesionistas\u201d. Con estas palabras Martha Hern\u00e1ndez de Grupo Bimbo invit\u00f3 a que los j\u00f3venes sigan con sus estudios superiores.<\/p>\n<p>El evento continu\u00f3 con los testimonios de egresados de la fundaci\u00f3n y la entrega de reconocimientos a los distintos tipos de aliados de los que destacan:<\/p>\n<ul>\n<li>Fundaci\u00f3n Sempra Infraestructura.<\/li>\n<li>KPMG M\u00e9xico.<\/li>\n<li>Santander Universidades.<\/li>\n<li>Fundaci\u00f3n Alsea.<\/li>\n<li>Fundaci\u00f3n Pro Empleo.<\/li>\n<li>Fundaci\u00f3n Telef\u00f3nica Movistar M\u00e9xico.<\/li>\n<li>Pizza Hut M\u00e9xico.<\/li>\n<\/ul>\n<p>Tras entregar cada reconocimiento y escuchar todos los casos de \u00e9xito de alumnos ex becarios y becarios que ahora tienen una mejor calidad de vida y preparaci\u00f3n acad\u00e9mica, la Mtra. Mar\u00eda del Pilar Morales, Directora General de FEBC, ofreci\u00f3 un c\u00e1lido discurso:<\/p>\n<p><strong>\u201cGracias a todos por venir, siempre hemos tenido una firme convicci\u00f3n del talento en nuestros beneficiarios porque ellos son la prueba viva del trabajo de la fundaci\u00f3n, <\/strong>que estos 20 a\u00f1os sean el motivo para refrendar nuestro compromiso y visi\u00f3n donde el talento sea el pasaporte a una vida m\u00e1s justa y plena a trav\u00e9s de la educaci\u00f3n\u201d. Refiri\u00f3 la Directora.<\/p>\n<p>&nbsp;<\/p>\n<p>Adem\u00e1s de estas palabras, la Mtra. Morales en entrevista, extern\u00f3 la emoci\u00f3n del veinte aniversario de la Fundaci\u00f3n EBC: <strong>\u201cEstoy muy orgullosa porque la muestra de nuestro trabajo, de alianzas con quienes comulgan con nuestra visi\u00f3n de acercar la educaci\u00f3n a j\u00f3venes talentosos<\/strong>\u00a0que no tienen la posibilidad econ\u00f3mica est\u00e1 rindiendo frutos, es un orgullo porque ha sido un trabajo detallado y de mucha conciencia para elegir a nuestros becarios\u201d. Mencion\u00f3 Mar\u00eda del Pilar.<\/p>\n<p>El ver a los ex becarios con grandes oportunidades de vida ha sido otro motivo de satisfacci\u00f3n para la Directora, quien explic\u00f3 la visi\u00f3n de la organizaci\u00f3n con la gesti\u00f3n de los diferentes programas: \u201cTenemos una visi\u00f3n clara, porque nos enfocamos en los becarios cuando est\u00e1n iniciando su carrera y as\u00ed darles la oportunidad de trabajar y estudiar para continuar con sus estudios\u201d. Detall\u00f3.<\/p>\n<p>Que los diferentes aliados conf\u00eden en la FEBC y en su labor representa un cimiento importante, lo que fortifica la visi\u00f3n de crecimiento para continuar por 20 a\u00f1os m\u00e1s, lo que la Directora a\u00f1adi\u00f3:<\/p>\n<p>\u201cAbrir m\u00e1s puertas a la educaci\u00f3n para que m\u00e1s j\u00f3venes puedan acceder a una carrera en diferentes comunidades que vaya de la mano de otras universidades y aliados es lo que queremos para que ning\u00fan joven se quede con el deseo de estudiar\u201d. Explic\u00f3 Morales.<\/p>\n<p>No darse por vencidos y que sigan siendo perseverantes son las palabras con las que Mar\u00eda del Pilar hace un llamado para que los estudiantes se acerquen a las convocatorias de la FEBC que son publicadas en su p\u00e1gina institucional y con ello puedan cambiar su futuro y mejorar su calidad de vida.<\/p>\n<p>Fundaci\u00f3n EBC cumpli\u00f3 20 a\u00f1os de transformar vidas siendo el faro para que j\u00f3venes estudiantes por medio de becas universitarias en M\u00e9xico tengan acceso a una educaci\u00f3n superior de calidad.<\/p>\n","protected":false},"excerpt":{"rendered":"<p>La Fundaci\u00f3n EBC AC celebr\u00f3 20 a\u00f1os de labor ininterrumpida y reafirm\u00f3 su visi\u00f3n de ser un puente para j\u00f3venes que buscan transformar su destino a trav\u00e9s de la educaci\u00f3n. En datos duros la organizaci\u00f3n ha logrado otorgar m\u00e1s de 5 mil becas para beneficio de m\u00e1s de 2 mil 200 estudiantes de toda la [&hellip;]<\/p>\n","protected":false},"author":10,"featured_media":846,"comment_status":"open","ping_status":"closed","sticky":false,"template":"","format":"standard","meta":{"footnotes":""},"categories":[6],"tags":[],"class_list":["post-845","post","type-post","status-publish","format-standard","has-post-thumbnail","hentry","category-noticias"],"yoast_head":"<!-- This site is optimized with the Yoast SEO plugin v27.5 - https:\/\/yoast.com\/product\/yoast-seo-wordpress\/ -->\n<title>Fundaci\u00f3n EBC: 20 a\u00f1os apoyando la educaci\u00f3n superior - Historias que inspiran...<\/title>\n<meta name=\"robots\" content=\"index, follow, max-snippet:-1, max-image-preview:large, max-video-preview:-1\" \/>\n<link rel=\"canonical\" href=\"https:\/\/somos-hermanos.mx\/index.php\/2025\/08\/04\/fundacion-ebc-20-anos-apoyando-la-educacion-superior\/\" \/>\n<meta property=\"og:locale\" content=\"es_MX\" \/>\n<meta property=\"og:type\" content=\"article\" \/>\n<meta property=\"og:title\" content=\"Fundaci\u00f3n EBC: 20 a\u00f1os apoyando la educaci\u00f3n superior - Historias que inspiran...\" \/>\n<meta property=\"og:description\" content=\"La Fundaci\u00f3n EBC AC celebr\u00f3 20 a\u00f1os de labor ininterrumpida y reafirm\u00f3 su visi\u00f3n de ser un puente para j\u00f3venes que buscan transformar su destino a trav\u00e9s de la educaci\u00f3n. En datos duros la organizaci\u00f3n ha logrado otorgar m\u00e1s de 5 mil becas para beneficio de m\u00e1s de 2 mil 200 estudiantes de toda la [&hellip;]\" \/>\n<meta property=\"og:url\" content=\"https:\/\/somos-hermanos.mx\/index.php\/2025\/08\/04\/fundacion-ebc-20-anos-apoyando-la-educacion-superior\/\" \/>\n<meta property=\"og:site_name\" content=\"Historias que inspiran...\" \/>\n<meta property=\"article:publisher\" content=\"https:\/\/www.facebook.com\/SomosHermanosIAP\/\" \/>\n<meta property=\"article:published_time\" content=\"2025-08-04T08:59:15+00:00\" \/>\n<meta property=\"og:image\" content=\"https:\/\/somos-hermanos.mx\/wp-content\/uploads\/2025\/08\/ebc2.jpeg\" \/>\n\t<meta property=\"og:image:width\" content=\"1280\" \/>\n\t<meta property=\"og:image:height\" content=\"845\" \/>\n\t<meta property=\"og:image:type\" content=\"image\/jpeg\" \/>\n<meta name=\"author\" content=\"Carlos Hernandez Huerta\" \/>\n<meta name=\"twitter:card\" content=\"summary_large_image\" \/>\n<meta name=\"twitter:creator\" content=\"@Somos__Hermanos\" \/>\n<meta name=\"twitter:site\" content=\"@Somos__Hermanos\" \/>\n<meta name=\"twitter:label1\" content=\"Escrito por\" \/>\n\t<meta name=\"twitter:data1\" content=\"Carlos Hernandez Huerta\" \/>\n\t<meta name=\"twitter:label2\" content=\"Tiempo de lectura\" \/>\n\t<meta name=\"twitter:data2\" content=\"5 minutos\" \/>\n<script type=\"application\/ld+json\" class=\"yoast-schema-graph\">{\"@context\":\"https:\\\/\\\/schema.org\",\"@graph\":[{\"@type\":\"Article\",\"@id\":\"https:\\\/\\\/somos-hermanos.mx\\\/index.php\\\/2025\\\/08\\\/04\\\/fundacion-ebc-20-anos-apoyando-la-educacion-superior\\\/#article\",\"isPartOf\":{\"@id\":\"https:\\\/\\\/somos-hermanos.mx\\\/index.php\\\/2025\\\/08\\\/04\\\/fundacion-ebc-20-anos-apoyando-la-educacion-superior\\\/\"},\"author\":{\"name\":\"Carlos Hernandez Huerta\",\"@id\":\"https:\\\/\\\/somos-hermanos.mx\\\/#\\\/schema\\\/person\\\/2466d21e6ade208f45dbc821298d62b6\"},\"headline\":\"Fundaci\u00f3n EBC: 20 a\u00f1os apoyando la educaci\u00f3n superior\",\"datePublished\":\"2025-08-04T08:59:15+00:00\",\"mainEntityOfPage\":{\"@id\":\"https:\\\/\\\/somos-hermanos.mx\\\/index.php\\\/2025\\\/08\\\/04\\\/fundacion-ebc-20-anos-apoyando-la-educacion-superior\\\/\"},\"wordCount\":970,\"commentCount\":0,\"publisher\":{\"@id\":\"https:\\\/\\\/somos-hermanos.mx\\\/#organization\"},\"image\":{\"@id\":\"https:\\\/\\\/somos-hermanos.mx\\\/index.php\\\/2025\\\/08\\\/04\\\/fundacion-ebc-20-anos-apoyando-la-educacion-superior\\\/#primaryimage\"},\"thumbnailUrl\":\"https:\\\/\\\/somos-hermanos.mx\\\/wp-content\\\/uploads\\\/2025\\\/08\\\/ebc2.jpeg\",\"articleSection\":[\"Noticias\"],\"inLanguage\":\"es\",\"potentialAction\":[{\"@type\":\"CommentAction\",\"name\":\"Comment\",\"target\":[\"https:\\\/\\\/somos-hermanos.mx\\\/index.php\\\/2025\\\/08\\\/04\\\/fundacion-ebc-20-anos-apoyando-la-educacion-superior\\\/#respond\"]}]},{\"@type\":\"WebPage\",\"@id\":\"https:\\\/\\\/somos-hermanos.mx\\\/index.php\\\/2025\\\/08\\\/04\\\/fundacion-ebc-20-anos-apoyando-la-educacion-superior\\\/\",\"url\":\"https:\\\/\\\/somos-hermanos.mx\\\/index.php\\\/2025\\\/08\\\/04\\\/fundacion-ebc-20-anos-apoyando-la-educacion-superior\\\/\",\"name\":\"Fundaci\u00f3n EBC: 20 a\u00f1os apoyando la educaci\u00f3n superior - Historias que inspiran...\",\"isPartOf\":{\"@id\":\"https:\\\/\\\/somos-hermanos.mx\\\/#website\"},\"primaryImageOfPage\":{\"@id\":\"https:\\\/\\\/somos-hermanos.mx\\\/index.php\\\/2025\\\/08\\\/04\\\/fundacion-ebc-20-anos-apoyando-la-educacion-superior\\\/#primaryimage\"},\"image\":{\"@id\":\"https:\\\/\\\/somos-hermanos.mx\\\/index.php\\\/2025\\\/08\\\/04\\\/fundacion-ebc-20-anos-apoyando-la-educacion-superior\\\/#primaryimage\"},\"thumbnailUrl\":\"https:\\\/\\\/somos-hermanos.mx\\\/wp-content\\\/uploads\\\/2025\\\/08\\\/ebc2.jpeg\",\"datePublished\":\"2025-08-04T08:59:15+00:00\",\"breadcrumb\":{\"@id\":\"https:\\\/\\\/somos-hermanos.mx\\\/index.php\\\/2025\\\/08\\\/04\\\/fundacion-ebc-20-anos-apoyando-la-educacion-superior\\\/#breadcrumb\"},\"inLanguage\":\"es\",\"potentialAction\":[{\"@type\":\"ReadAction\",\"target\":[\"https:\\\/\\\/somos-hermanos.mx\\\/index.php\\\/2025\\\/08\\\/04\\\/fundacion-ebc-20-anos-apoyando-la-educacion-superior\\\/\"]}]},{\"@type\":\"ImageObject\",\"inLanguage\":\"es\",\"@id\":\"https:\\\/\\\/somos-hermanos.mx\\\/index.php\\\/2025\\\/08\\\/04\\\/fundacion-ebc-20-anos-apoyando-la-educacion-superior\\\/#primaryimage\",\"url\":\"https:\\\/\\\/somos-hermanos.mx\\\/wp-content\\\/uploads\\\/2025\\\/08\\\/ebc2.jpeg\",\"contentUrl\":\"https:\\\/\\\/somos-hermanos.mx\\\/wp-content\\\/uploads\\\/2025\\\/08\\\/ebc2.jpeg\",\"width\":1280,\"height\":845},{\"@type\":\"BreadcrumbList\",\"@id\":\"https:\\\/\\\/somos-hermanos.mx\\\/index.php\\\/2025\\\/08\\\/04\\\/fundacion-ebc-20-anos-apoyando-la-educacion-superior\\\/#breadcrumb\",\"itemListElement\":[{\"@type\":\"ListItem\",\"position\":1,\"name\":\"Inicio\",\"item\":\"https:\\\/\\\/somos-hermanos.mx\\\/\"},{\"@type\":\"ListItem\",\"position\":2,\"name\":\"Fundaci\u00f3n EBC: 20 a\u00f1os apoyando la educaci\u00f3n superior\"}]},{\"@type\":\"WebSite\",\"@id\":\"https:\\\/\\\/somos-hermanos.mx\\\/#website\",\"url\":\"https:\\\/\\\/somos-hermanos.mx\\\/\",\"name\":\"Historias que inspiran...\",\"description\":\"Somos la voz del altruismo en M\u00e9xico\",\"publisher\":{\"@id\":\"https:\\\/\\\/somos-hermanos.mx\\\/#organization\"},\"potentialAction\":[{\"@type\":\"SearchAction\",\"target\":{\"@type\":\"EntryPoint\",\"urlTemplate\":\"https:\\\/\\\/somos-hermanos.mx\\\/?s={search_term_string}\"},\"query-input\":{\"@type\":\"PropertyValueSpecification\",\"valueRequired\":true,\"valueName\":\"search_term_string\"}}],\"inLanguage\":\"es\"},{\"@type\":\"Organization\",\"@id\":\"https:\\\/\\\/somos-hermanos.mx\\\/#organization\",\"name\":\"Somos Hermanos\",\"url\":\"https:\\\/\\\/somos-hermanos.mx\\\/\",\"logo\":{\"@type\":\"ImageObject\",\"inLanguage\":\"es\",\"@id\":\"https:\\\/\\\/somos-hermanos.mx\\\/#\\\/schema\\\/logo\\\/image\\\/\",\"url\":\"https:\\\/\\\/somos-hermanos.mx\\\/wp-content\\\/uploads\\\/2025\\\/08\\\/SH30-1.jpeg\",\"contentUrl\":\"https:\\\/\\\/somos-hermanos.mx\\\/wp-content\\\/uploads\\\/2025\\\/08\\\/SH30-1.jpeg\",\"width\":1600,\"height\":1142,\"caption\":\"Somos Hermanos\"},\"image\":{\"@id\":\"https:\\\/\\\/somos-hermanos.mx\\\/#\\\/schema\\\/logo\\\/image\\\/\"},\"sameAs\":[\"https:\\\/\\\/www.facebook.com\\\/SomosHermanosIAP\\\/\",\"https:\\\/\\\/x.com\\\/Somos__Hermanos\",\"https:\\\/\\\/www.instagram.com\\\/somos__hermanos\\\/#\",\"https:\\\/\\\/www.tiktok.com\\\/@somoshermanosiap\",\"https:\\\/\\\/www.youtube.com\\\/@somoshermanosiap1201\\\/videos\"]},{\"@type\":\"Person\",\"@id\":\"https:\\\/\\\/somos-hermanos.mx\\\/#\\\/schema\\\/person\\\/2466d21e6ade208f45dbc821298d62b6\",\"name\":\"Carlos Hernandez Huerta\",\"image\":{\"@type\":\"ImageObject\",\"inLanguage\":\"es\",\"@id\":\"https:\\\/\\\/secure.gravatar.com\\\/avatar\\\/51f6e8e89626306c560ccd8823655e34da99a1f976b5f71bb93591c6b45fd128?s=96&d=mm&r=g\",\"url\":\"https:\\\/\\\/secure.gravatar.com\\\/avatar\\\/51f6e8e89626306c560ccd8823655e34da99a1f976b5f71bb93591c6b45fd128?s=96&d=mm&r=g\",\"contentUrl\":\"https:\\\/\\\/secure.gravatar.com\\\/avatar\\\/51f6e8e89626306c560ccd8823655e34da99a1f976b5f71bb93591c6b45fd128?s=96&d=mm&r=g\",\"caption\":\"Carlos Hernandez Huerta\"},\"url\":\"https:\\\/\\\/somos-hermanos.mx\\\/index.php\\\/author\\\/carlos-hernandez-huerta\\\/\"}]}<\/script>\n<!-- \/ Yoast SEO plugin. -->","yoast_head_json":{"title":"Fundaci\u00f3n EBC: 20 a\u00f1os apoyando la educaci\u00f3n superior - Historias que inspiran...","robots":{"index":"index","follow":"follow","max-snippet":"max-snippet:-1","max-image-preview":"max-image-preview:large","max-video-preview":"max-video-preview:-1"},"canonical":"https:\/\/somos-hermanos.mx\/index.php\/2025\/08\/04\/fundacion-ebc-20-anos-apoyando-la-educacion-superior\/","og_locale":"es_MX","og_type":"article","og_title":"Fundaci\u00f3n EBC: 20 a\u00f1os apoyando la educaci\u00f3n superior - Historias que inspiran...","og_description":"La Fundaci\u00f3n EBC AC celebr\u00f3 20 a\u00f1os de labor ininterrumpida y reafirm\u00f3 su visi\u00f3n de ser un puente para j\u00f3venes que buscan transformar su destino a trav\u00e9s de la educaci\u00f3n. En datos duros la organizaci\u00f3n ha logrado otorgar m\u00e1s de 5 mil becas para beneficio de m\u00e1s de 2 mil 200 estudiantes de toda la [&hellip;]","og_url":"https:\/\/somos-hermanos.mx\/index.php\/2025\/08\/04\/fundacion-ebc-20-anos-apoyando-la-educacion-superior\/","og_site_name":"Historias que inspiran...","article_publisher":"https:\/\/www.facebook.com\/SomosHermanosIAP\/","article_published_time":"2025-08-04T08:59:15+00:00","og_image":[{"width":1280,"height":845,"url":"https:\/\/somos-hermanos.mx\/wp-content\/uploads\/2025\/08\/ebc2.jpeg","type":"image\/jpeg"}],"author":"Carlos Hernandez Huerta","twitter_card":"summary_large_image","twitter_creator":"@Somos__Hermanos","twitter_site":"@Somos__Hermanos","twitter_misc":{"Escrito por":"Carlos Hernandez Huerta","Tiempo de lectura":"5 minutos"},"schema":{"@context":"https:\/\/schema.org","@graph":[{"@type":"Article","@id":"https:\/\/somos-hermanos.mx\/index.php\/2025\/08\/04\/fundacion-ebc-20-anos-apoyando-la-educacion-superior\/#article","isPartOf":{"@id":"https:\/\/somos-hermanos.mx\/index.php\/2025\/08\/04\/fundacion-ebc-20-anos-apoyando-la-educacion-superior\/"},"author":{"name":"Carlos Hernandez Huerta","@id":"https:\/\/somos-hermanos.mx\/#\/schema\/person\/2466d21e6ade208f45dbc821298d62b6"},"headline":"Fundaci\u00f3n EBC: 20 a\u00f1os apoyando la educaci\u00f3n superior","datePublished":"2025-08-04T08:59:15+00:00","mainEntityOfPage":{"@id":"https:\/\/somos-hermanos.mx\/index.php\/2025\/08\/04\/fundacion-ebc-20-anos-apoyando-la-educacion-superior\/"},"wordCount":970,"commentCount":0,"publisher":{"@id":"https:\/\/somos-hermanos.mx\/#organization"},"image":{"@id":"https:\/\/somos-hermanos.mx\/index.php\/2025\/08\/04\/fundacion-ebc-20-anos-apoyando-la-educacion-superior\/#primaryimage"},"thumbnailUrl":"https:\/\/somos-hermanos.mx\/wp-content\/uploads\/2025\/08\/ebc2.jpeg","articleSection":["Noticias"],"inLanguage":"es","potentialAction":[{"@type":"CommentAction","name":"Comment","target":["https:\/\/somos-hermanos.mx\/index.php\/2025\/08\/04\/fundacion-ebc-20-anos-apoyando-la-educacion-superior\/#respond"]}]},{"@type":"WebPage","@id":"https:\/\/somos-hermanos.mx\/index.php\/2025\/08\/04\/fundacion-ebc-20-anos-apoyando-la-educacion-superior\/","url":"https:\/\/somos-hermanos.mx\/index.php\/2025\/08\/04\/fundacion-ebc-20-anos-apoyando-la-educacion-superior\/","name":"Fundaci\u00f3n EBC: 20 a\u00f1os apoyando la educaci\u00f3n superior - Historias que inspiran...","isPartOf":{"@id":"https:\/\/somos-hermanos.mx\/#website"},"primaryImageOfPage":{"@id":"https:\/\/somos-hermanos.mx\/index.php\/2025\/08\/04\/fundacion-ebc-20-anos-apoyando-la-educacion-superior\/#primaryimage"},"image":{"@id":"https:\/\/somos-hermanos.mx\/index.php\/2025\/08\/04\/fundacion-ebc-20-anos-apoyando-la-educacion-superior\/#primaryimage"},"thumbnailUrl":"https:\/\/somos-hermanos.mx\/wp-content\/uploads\/2025\/08\/ebc2.jpeg","datePublished":"2025-08-04T08:59:15+00:00","breadcrumb":{"@id":"https:\/\/somos-hermanos.mx\/index.php\/2025\/08\/04\/fundacion-ebc-20-anos-apoyando-la-educacion-superior\/#breadcrumb"},"inLanguage":"es","potentialAction":[{"@type":"ReadAction","target":["https:\/\/somos-hermanos.mx\/index.php\/2025\/08\/04\/fundacion-ebc-20-anos-apoyando-la-educacion-superior\/"]}]},{"@type":"ImageObject","inLanguage":"es","@id":"https:\/\/somos-hermanos.mx\/index.php\/2025\/08\/04\/fundacion-ebc-20-anos-apoyando-la-educacion-superior\/#primaryimage","url":"https:\/\/somos-hermanos.mx\/wp-content\/uploads\/2025\/08\/ebc2.jpeg","contentUrl":"https:\/\/somos-hermanos.mx\/wp-content\/uploads\/2025\/08\/ebc2.jpeg","width":1280,"height":845},{"@type":"BreadcrumbList","@id":"https:\/\/somos-hermanos.mx\/index.php\/2025\/08\/04\/fundacion-ebc-20-anos-apoyando-la-educacion-superior\/#breadcrumb","itemListElement":[{"@type":"ListItem","position":1,"name":"Inicio","item":"https:\/\/somos-hermanos.mx\/"},{"@type":"ListItem","position":2,"name":"Fundaci\u00f3n EBC: 20 a\u00f1os apoyando la educaci\u00f3n superior"}]},{"@type":"WebSite","@id":"https:\/\/somos-hermanos.mx\/#website","url":"https:\/\/somos-hermanos.mx\/","name":"Historias que inspiran...","description":"Somos la voz del altruismo en M\u00e9xico","publisher":{"@id":"https:\/\/somos-hermanos.mx\/#organization"},"potentialAction":[{"@type":"SearchAction","target":{"@type":"EntryPoint","urlTemplate":"https:\/\/somos-hermanos.mx\/?s={search_term_string}"},"query-input":{"@type":"PropertyValueSpecification","valueRequired":true,"valueName":"search_term_string"}}],"inLanguage":"es"},{"@type":"Organization","@id":"https:\/\/somos-hermanos.mx\/#organization","name":"Somos Hermanos","url":"https:\/\/somos-hermanos.mx\/","logo":{"@type":"ImageObject","inLanguage":"es","@id":"https:\/\/somos-hermanos.mx\/#\/schema\/logo\/image\/","url":"https:\/\/somos-hermanos.mx\/wp-content\/uploads\/2025\/08\/SH30-1.jpeg","contentUrl":"https:\/\/somos-hermanos.mx\/wp-content\/uploads\/2025\/08\/SH30-1.jpeg","width":1600,"height":1142,"caption":"Somos Hermanos"},"image":{"@id":"https:\/\/somos-hermanos.mx\/#\/schema\/logo\/image\/"},"sameAs":["https:\/\/www.facebook.com\/SomosHermanosIAP\/","https:\/\/x.com\/Somos__Hermanos","https:\/\/www.instagram.com\/somos__hermanos\/#","https:\/\/www.tiktok.com\/@somoshermanosiap","https:\/\/www.youtube.com\/@somoshermanosiap1201\/videos"]},{"@type":"Person","@id":"https:\/\/somos-hermanos.mx\/#\/schema\/person\/2466d21e6ade208f45dbc821298d62b6","name":"Carlos Hernandez Huerta","image":{"@type":"ImageObject","inLanguage":"es","@id":"https:\/\/secure.gravatar.com\/avatar\/51f6e8e89626306c560ccd8823655e34da99a1f976b5f71bb93591c6b45fd128?s=96&d=mm&r=g","url":"https:\/\/secure.gravatar.com\/avatar\/51f6e8e89626306c560ccd8823655e34da99a1f976b5f71bb93591c6b45fd128?s=96&d=mm&r=g","contentUrl":"https:\/\/secure.gravatar.com\/avatar\/51f6e8e89626306c560ccd8823655e34da99a1f976b5f71bb93591c6b45fd128?s=96&d=mm&r=g","caption":"Carlos Hernandez Huerta"},"url":"https:\/\/somos-hermanos.mx\/index.php\/author\/carlos-hernandez-huerta\/"}]}},"_links":{"self":[{"href":"https:\/\/somos-hermanos.mx\/index.php\/wp-json\/wp\/v2\/posts\/845","targetHints":{"allow":["GET"]}}],"collection":[{"href":"https:\/\/somos-hermanos.mx\/index.php\/wp-json\/wp\/v2\/posts"}],"about":[{"href":"https:\/\/somos-hermanos.mx\/index.php\/wp-json\/wp\/v2\/types\/post"}],"author":[{"embeddable":true,"href":"https:\/\/somos-hermanos.mx\/index.php\/wp-json\/wp\/v2\/users\/10"}],"replies":[{"embeddable":true,"href":"https:\/\/somos-hermanos.mx\/index.php\/wp-json\/wp\/v2\/comments?post=845"}],"version-history":[{"count":1,"href":"https:\/\/somos-hermanos.mx\/index.php\/wp-json\/wp\/v2\/posts\/845\/revisions"}],"predecessor-version":[{"id":847,"href":"https:\/\/somos-hermanos.mx\/index.php\/wp-json\/wp\/v2\/posts\/845\/revisions\/847"}],"wp:featuredmedia":[{"embeddable":true,"href":"https:\/\/somos-hermanos.mx\/index.php\/wp-json\/wp\/v2\/media\/846"}],"wp:attachment":[{"href":"https:\/\/somos-hermanos.mx\/index.php\/wp-json\/wp\/v2\/media?parent=845"}],"wp:term":[{"taxonomy":"category","embeddable":true,"href":"https:\/\/somos-hermanos.mx\/index.php\/wp-json\/wp\/v2\/categories?post=845"},{"taxonomy":"post_tag","embeddable":true,"href":"https:\/\/somos-hermanos.mx\/index.php\/wp-json\/wp\/v2\/tags?post=845"}],"curies":[{"name":"wp","href":"https:\/\/api.w.org\/{rel}","templated":true}]}}