{"id":842,"date":"2025-08-04T02:57:36","date_gmt":"2025-08-04T08:57:36","guid":{"rendered":"https:\/\/somos-hermanos.mx\/?p=842"},"modified":"2025-08-04T02:57:36","modified_gmt":"2025-08-04T08:57:36","slug":"por-una-infancia-digna-y-libre-de-violencia-pro-ninos-de-la-calle","status":"publish","type":"post","link":"https:\/\/somos-hermanos.mx\/index.php\/2025\/08\/04\/por-una-infancia-digna-y-libre-de-violencia-pro-ninos-de-la-calle\/","title":{"rendered":"Por una infancia digna y libre de violencia: Pro Ni\u00f1os de la Calle"},"content":{"rendered":"<p>La Fundaci\u00f3n Pro Ni\u00f1os de la Calle es una Instituci\u00f3n de Asistencia Privada, <strong>fundada en 1993, que busca dignificar la vida de ni\u00f1os, ni\u00f1as y adolescentes que viven en la calle o est\u00e1n en una situaci\u00f3n vulnerable, <\/strong>en la Ciudad de M\u00e9xico y la Zona Conurbada.<\/p>\n<p>Han logrado un cambio notable con acciones psicoeducativas que ayudan al desarrollo cognitivo, emocional y social, para que <strong>ellos mismos desarrollen la decisi\u00f3n de no vivir en las calles nunca m\u00e1s, e inclinarse por una mejor vida.<\/strong><\/p>\n<p>Pro Ni\u00f1os ha logrado ser un referente mundial y nacional el cual ha logrado un impacto en la creaci\u00f3n de espacios dignos y seguros para que ni\u00f1os y ni\u00f1as puedan ejercer sus derechos.<\/p>\n<p>Algunos de sus objetivos institucionales consisten en <strong>disminuir las conexiones de ni\u00f1os, ni\u00f1as y adolescentes con la calle en la Ciudad de M\u00e9xico y la Zona Conurbada; <\/strong>reducir la permanencia de la vida en la calle de personas menores de 17 a\u00f1os y que se encuentran en los territorios ya mencionados; fortalecer procesos de vida independientes de j\u00f3venes en Centros de Asistencia Social.<\/p>\n<p>Cuentan con tres programas de atenci\u00f3n; estos <strong>buscan fortalecer la percepci\u00f3n que tiene el integrante de s\u00ed mismo y el desarrollo de su autonom\u00eda; <\/strong>para que as\u00ed, con las herramientas necesarias, haya una capacidad de tema y buena toma de decisiones. Uno de los programas principales es: De la calle a la esperanza, en el que, para su desarrollo, se usa una metodolog\u00eda que invita a la reflexi\u00f3n y el desarrollo para una buena toma de decisi\u00f3n.<\/p>\n<p>Este programa atiende a ni\u00f1os y adolescentes de entre 10 a 17 a\u00f1os e inicia desde el primer contacto que se tienen con ellos, en su lugar de residencia: ya sea la calle o alg\u00fan lugar poco seguro, y concluye cuando ellos decidan construir una nueva forma de vida, as\u00ed como buscar nuevos horizontes fueras de las calles y de zonas que atentan contra su integridad.<\/p>\n<p>Asimismo, el\u00a0Programa Atenci\u00f3n a Familias comenz\u00f3 a operar en 2012 con un piloto. <strong>Se enfoca en suplir el apoyo necesario a familias con ni\u00f1os y ni\u00f1as\u00a0mayores de 8 a\u00f1os,<\/strong>\u00a0as\u00ed como tambi\u00e9n con adolescentes de hasta los 17 a\u00f1os.<\/p>\n<p>Durante el 2022 hubo cifras hist\u00f3ricas las cuales alcanzaron los 3870 \u201cchavos\u201d; 139 familias con el programa PAF entre 2012-2022; en trabajo de calle atendieron a 41 ni\u00f1as y ni\u00f1os, etc\u00e9tera.<\/p>\n<p>Puedes contactarlos en su sitio web: <a href=\"http:\/\/www.proninosdelacalle.org.mx\"><u>www.proninosdelacalle.org.mx<\/u><\/a>\u00a0y ayudar a que este tipo de proyectos sigan logrando llegar a las infancias y adolescencias m\u00e1s necesitadas.<\/p>\n","protected":false},"excerpt":{"rendered":"<p>La Fundaci\u00f3n Pro Ni\u00f1os de la Calle es una Instituci\u00f3n de Asistencia Privada, fundada en 1993, que busca dignificar la vida de ni\u00f1os, ni\u00f1as y adolescentes que viven en la calle o est\u00e1n en una situaci\u00f3n vulnerable, en la Ciudad de M\u00e9xico y la Zona Conurbada. Han logrado un cambio notable con acciones psicoeducativas que [&hellip;]<\/p>\n","protected":false},"author":21,"featured_media":843,"comment_status":"open","ping_status":"closed","sticky":false,"template":"","format":"standard","meta":{"footnotes":""},"categories":[6],"tags":[],"class_list":["post-842","post","type-post","status-publish","format-standard","has-post-thumbnail","hentry","category-noticias"],"yoast_head":"<!-- This site is optimized with the Yoast SEO plugin v27.5 - https:\/\/yoast.com\/product\/yoast-seo-wordpress\/ -->\n<title>Por una infancia digna y libre de violencia: Pro Ni\u00f1os de la Calle - Historias que inspiran...<\/title>\n<meta name=\"robots\" content=\"index, follow, max-snippet:-1, max-image-preview:large, max-video-preview:-1\" \/>\n<link rel=\"canonical\" href=\"https:\/\/somos-hermanos.mx\/index.php\/2025\/08\/04\/por-una-infancia-digna-y-libre-de-violencia-pro-ninos-de-la-calle\/\" \/>\n<meta property=\"og:locale\" content=\"es_MX\" \/>\n<meta property=\"og:type\" content=\"article\" \/>\n<meta property=\"og:title\" content=\"Por una infancia digna y libre de violencia: Pro Ni\u00f1os de la Calle - Historias que inspiran...\" \/>\n<meta property=\"og:description\" content=\"La Fundaci\u00f3n Pro Ni\u00f1os de la Calle es una Instituci\u00f3n de Asistencia Privada, fundada en 1993, que busca dignificar la vida de ni\u00f1os, ni\u00f1as y adolescentes que viven en la calle o est\u00e1n en una situaci\u00f3n vulnerable, en la Ciudad de M\u00e9xico y la Zona Conurbada. Han logrado un cambio notable con acciones psicoeducativas que [&hellip;]\" \/>\n<meta property=\"og:url\" content=\"https:\/\/somos-hermanos.mx\/index.php\/2025\/08\/04\/por-una-infancia-digna-y-libre-de-violencia-pro-ninos-de-la-calle\/\" \/>\n<meta property=\"og:site_name\" content=\"Historias que inspiran...\" \/>\n<meta property=\"article:publisher\" content=\"https:\/\/www.facebook.com\/SomosHermanosIAP\/\" \/>\n<meta property=\"article:published_time\" content=\"2025-08-04T08:57:36+00:00\" \/>\n<meta property=\"og:image\" content=\"https:\/\/somos-hermanos.mx\/wp-content\/uploads\/2025\/08\/proni1.jpeg\" \/>\n\t<meta property=\"og:image:width\" content=\"940\" \/>\n\t<meta property=\"og:image:height\" content=\"788\" \/>\n\t<meta property=\"og:image:type\" content=\"image\/jpeg\" \/>\n<meta name=\"author\" content=\"Jes\u00fas Pe\u00f1a Aguirre\" \/>\n<meta name=\"twitter:card\" content=\"summary_large_image\" \/>\n<meta name=\"twitter:creator\" content=\"@Somos__Hermanos\" \/>\n<meta name=\"twitter:site\" content=\"@Somos__Hermanos\" \/>\n<meta name=\"twitter:label1\" content=\"Escrito por\" \/>\n\t<meta name=\"twitter:data1\" content=\"Jes\u00fas Pe\u00f1a Aguirre\" \/>\n\t<meta name=\"twitter:label2\" content=\"Tiempo de lectura\" \/>\n\t<meta name=\"twitter:data2\" content=\"3 minutos\" \/>\n<script type=\"application\/ld+json\" class=\"yoast-schema-graph\">{\"@context\":\"https:\\\/\\\/schema.org\",\"@graph\":[{\"@type\":\"Article\",\"@id\":\"https:\\\/\\\/somos-hermanos.mx\\\/index.php\\\/2025\\\/08\\\/04\\\/por-una-infancia-digna-y-libre-de-violencia-pro-ninos-de-la-calle\\\/#article\",\"isPartOf\":{\"@id\":\"https:\\\/\\\/somos-hermanos.mx\\\/index.php\\\/2025\\\/08\\\/04\\\/por-una-infancia-digna-y-libre-de-violencia-pro-ninos-de-la-calle\\\/\"},\"author\":{\"name\":\"Jes\u00fas Pe\u00f1a Aguirre\",\"@id\":\"https:\\\/\\\/somos-hermanos.mx\\\/#\\\/schema\\\/person\\\/8acd26a8688e659352b79b33c534872c\"},\"headline\":\"Por una infancia digna y libre de violencia: Pro Ni\u00f1os de la Calle\",\"datePublished\":\"2025-08-04T08:57:36+00:00\",\"mainEntityOfPage\":{\"@id\":\"https:\\\/\\\/somos-hermanos.mx\\\/index.php\\\/2025\\\/08\\\/04\\\/por-una-infancia-digna-y-libre-de-violencia-pro-ninos-de-la-calle\\\/\"},\"wordCount\":464,\"commentCount\":0,\"publisher\":{\"@id\":\"https:\\\/\\\/somos-hermanos.mx\\\/#organization\"},\"image\":{\"@id\":\"https:\\\/\\\/somos-hermanos.mx\\\/index.php\\\/2025\\\/08\\\/04\\\/por-una-infancia-digna-y-libre-de-violencia-pro-ninos-de-la-calle\\\/#primaryimage\"},\"thumbnailUrl\":\"https:\\\/\\\/somos-hermanos.mx\\\/wp-content\\\/uploads\\\/2025\\\/08\\\/proni1.jpeg\",\"articleSection\":[\"Noticias\"],\"inLanguage\":\"es\",\"potentialAction\":[{\"@type\":\"CommentAction\",\"name\":\"Comment\",\"target\":[\"https:\\\/\\\/somos-hermanos.mx\\\/index.php\\\/2025\\\/08\\\/04\\\/por-una-infancia-digna-y-libre-de-violencia-pro-ninos-de-la-calle\\\/#respond\"]}]},{\"@type\":\"WebPage\",\"@id\":\"https:\\\/\\\/somos-hermanos.mx\\\/index.php\\\/2025\\\/08\\\/04\\\/por-una-infancia-digna-y-libre-de-violencia-pro-ninos-de-la-calle\\\/\",\"url\":\"https:\\\/\\\/somos-hermanos.mx\\\/index.php\\\/2025\\\/08\\\/04\\\/por-una-infancia-digna-y-libre-de-violencia-pro-ninos-de-la-calle\\\/\",\"name\":\"Por una infancia digna y libre de violencia: Pro Ni\u00f1os de la Calle - Historias que inspiran...\",\"isPartOf\":{\"@id\":\"https:\\\/\\\/somos-hermanos.mx\\\/#website\"},\"primaryImageOfPage\":{\"@id\":\"https:\\\/\\\/somos-hermanos.mx\\\/index.php\\\/2025\\\/08\\\/04\\\/por-una-infancia-digna-y-libre-de-violencia-pro-ninos-de-la-calle\\\/#primaryimage\"},\"image\":{\"@id\":\"https:\\\/\\\/somos-hermanos.mx\\\/index.php\\\/2025\\\/08\\\/04\\\/por-una-infancia-digna-y-libre-de-violencia-pro-ninos-de-la-calle\\\/#primaryimage\"},\"thumbnailUrl\":\"https:\\\/\\\/somos-hermanos.mx\\\/wp-content\\\/uploads\\\/2025\\\/08\\\/proni1.jpeg\",\"datePublished\":\"2025-08-04T08:57:36+00:00\",\"breadcrumb\":{\"@id\":\"https:\\\/\\\/somos-hermanos.mx\\\/index.php\\\/2025\\\/08\\\/04\\\/por-una-infancia-digna-y-libre-de-violencia-pro-ninos-de-la-calle\\\/#breadcrumb\"},\"inLanguage\":\"es\",\"potentialAction\":[{\"@type\":\"ReadAction\",\"target\":[\"https:\\\/\\\/somos-hermanos.mx\\\/index.php\\\/2025\\\/08\\\/04\\\/por-una-infancia-digna-y-libre-de-violencia-pro-ninos-de-la-calle\\\/\"]}]},{\"@type\":\"ImageObject\",\"inLanguage\":\"es\",\"@id\":\"https:\\\/\\\/somos-hermanos.mx\\\/index.php\\\/2025\\\/08\\\/04\\\/por-una-infancia-digna-y-libre-de-violencia-pro-ninos-de-la-calle\\\/#primaryimage\",\"url\":\"https:\\\/\\\/somos-hermanos.mx\\\/wp-content\\\/uploads\\\/2025\\\/08\\\/proni1.jpeg\",\"contentUrl\":\"https:\\\/\\\/somos-hermanos.mx\\\/wp-content\\\/uploads\\\/2025\\\/08\\\/proni1.jpeg\",\"width\":940,\"height\":788},{\"@type\":\"BreadcrumbList\",\"@id\":\"https:\\\/\\\/somos-hermanos.mx\\\/index.php\\\/2025\\\/08\\\/04\\\/por-una-infancia-digna-y-libre-de-violencia-pro-ninos-de-la-calle\\\/#breadcrumb\",\"itemListElement\":[{\"@type\":\"ListItem\",\"position\":1,\"name\":\"Inicio\",\"item\":\"https:\\\/\\\/somos-hermanos.mx\\\/\"},{\"@type\":\"ListItem\",\"position\":2,\"name\":\"Por una infancia digna y libre de violencia: Pro Ni\u00f1os de la Calle\"}]},{\"@type\":\"WebSite\",\"@id\":\"https:\\\/\\\/somos-hermanos.mx\\\/#website\",\"url\":\"https:\\\/\\\/somos-hermanos.mx\\\/\",\"name\":\"Historias que inspiran...\",\"description\":\"Somos la voz del altruismo en M\u00e9xico\",\"publisher\":{\"@id\":\"https:\\\/\\\/somos-hermanos.mx\\\/#organization\"},\"potentialAction\":[{\"@type\":\"SearchAction\",\"target\":{\"@type\":\"EntryPoint\",\"urlTemplate\":\"https:\\\/\\\/somos-hermanos.mx\\\/?s={search_term_string}\"},\"query-input\":{\"@type\":\"PropertyValueSpecification\",\"valueRequired\":true,\"valueName\":\"search_term_string\"}}],\"inLanguage\":\"es\"},{\"@type\":\"Organization\",\"@id\":\"https:\\\/\\\/somos-hermanos.mx\\\/#organization\",\"name\":\"Somos Hermanos\",\"url\":\"https:\\\/\\\/somos-hermanos.mx\\\/\",\"logo\":{\"@type\":\"ImageObject\",\"inLanguage\":\"es\",\"@id\":\"https:\\\/\\\/somos-hermanos.mx\\\/#\\\/schema\\\/logo\\\/image\\\/\",\"url\":\"https:\\\/\\\/somos-hermanos.mx\\\/wp-content\\\/uploads\\\/2025\\\/08\\\/SH30-1.jpeg\",\"contentUrl\":\"https:\\\/\\\/somos-hermanos.mx\\\/wp-content\\\/uploads\\\/2025\\\/08\\\/SH30-1.jpeg\",\"width\":1600,\"height\":1142,\"caption\":\"Somos Hermanos\"},\"image\":{\"@id\":\"https:\\\/\\\/somos-hermanos.mx\\\/#\\\/schema\\\/logo\\\/image\\\/\"},\"sameAs\":[\"https:\\\/\\\/www.facebook.com\\\/SomosHermanosIAP\\\/\",\"https:\\\/\\\/x.com\\\/Somos__Hermanos\",\"https:\\\/\\\/www.instagram.com\\\/somos__hermanos\\\/#\",\"https:\\\/\\\/www.tiktok.com\\\/@somoshermanosiap\",\"https:\\\/\\\/www.youtube.com\\\/@somoshermanosiap1201\\\/videos\"]},{\"@type\":\"Person\",\"@id\":\"https:\\\/\\\/somos-hermanos.mx\\\/#\\\/schema\\\/person\\\/8acd26a8688e659352b79b33c534872c\",\"name\":\"Jes\u00fas Pe\u00f1a Aguirre\",\"image\":{\"@type\":\"ImageObject\",\"inLanguage\":\"es\",\"@id\":\"https:\\\/\\\/secure.gravatar.com\\\/avatar\\\/a3d489e680e76cdf1b7ccc620e427d14f54a929f15306ea1d436efc89ee85c7c?s=96&d=mm&r=g\",\"url\":\"https:\\\/\\\/secure.gravatar.com\\\/avatar\\\/a3d489e680e76cdf1b7ccc620e427d14f54a929f15306ea1d436efc89ee85c7c?s=96&d=mm&r=g\",\"contentUrl\":\"https:\\\/\\\/secure.gravatar.com\\\/avatar\\\/a3d489e680e76cdf1b7ccc620e427d14f54a929f15306ea1d436efc89ee85c7c?s=96&d=mm&r=g\",\"caption\":\"Jes\u00fas Pe\u00f1a Aguirre\"},\"url\":\"https:\\\/\\\/somos-hermanos.mx\\\/index.php\\\/author\\\/jesus-pena-aguirre\\\/\"}]}<\/script>\n<!-- \/ Yoast SEO plugin. -->","yoast_head_json":{"title":"Por una infancia digna y libre de violencia: Pro Ni\u00f1os de la Calle - Historias que inspiran...","robots":{"index":"index","follow":"follow","max-snippet":"max-snippet:-1","max-image-preview":"max-image-preview:large","max-video-preview":"max-video-preview:-1"},"canonical":"https:\/\/somos-hermanos.mx\/index.php\/2025\/08\/04\/por-una-infancia-digna-y-libre-de-violencia-pro-ninos-de-la-calle\/","og_locale":"es_MX","og_type":"article","og_title":"Por una infancia digna y libre de violencia: Pro Ni\u00f1os de la Calle - Historias que inspiran...","og_description":"La Fundaci\u00f3n Pro Ni\u00f1os de la Calle es una Instituci\u00f3n de Asistencia Privada, fundada en 1993, que busca dignificar la vida de ni\u00f1os, ni\u00f1as y adolescentes que viven en la calle o est\u00e1n en una situaci\u00f3n vulnerable, en la Ciudad de M\u00e9xico y la Zona Conurbada. Han logrado un cambio notable con acciones psicoeducativas que [&hellip;]","og_url":"https:\/\/somos-hermanos.mx\/index.php\/2025\/08\/04\/por-una-infancia-digna-y-libre-de-violencia-pro-ninos-de-la-calle\/","og_site_name":"Historias que inspiran...","article_publisher":"https:\/\/www.facebook.com\/SomosHermanosIAP\/","article_published_time":"2025-08-04T08:57:36+00:00","og_image":[{"width":940,"height":788,"url":"https:\/\/somos-hermanos.mx\/wp-content\/uploads\/2025\/08\/proni1.jpeg","type":"image\/jpeg"}],"author":"Jes\u00fas Pe\u00f1a Aguirre","twitter_card":"summary_large_image","twitter_creator":"@Somos__Hermanos","twitter_site":"@Somos__Hermanos","twitter_misc":{"Escrito por":"Jes\u00fas Pe\u00f1a Aguirre","Tiempo de lectura":"3 minutos"},"schema":{"@context":"https:\/\/schema.org","@graph":[{"@type":"Article","@id":"https:\/\/somos-hermanos.mx\/index.php\/2025\/08\/04\/por-una-infancia-digna-y-libre-de-violencia-pro-ninos-de-la-calle\/#article","isPartOf":{"@id":"https:\/\/somos-hermanos.mx\/index.php\/2025\/08\/04\/por-una-infancia-digna-y-libre-de-violencia-pro-ninos-de-la-calle\/"},"author":{"name":"Jes\u00fas Pe\u00f1a Aguirre","@id":"https:\/\/somos-hermanos.mx\/#\/schema\/person\/8acd26a8688e659352b79b33c534872c"},"headline":"Por una infancia digna y libre de violencia: Pro Ni\u00f1os de la Calle","datePublished":"2025-08-04T08:57:36+00:00","mainEntityOfPage":{"@id":"https:\/\/somos-hermanos.mx\/index.php\/2025\/08\/04\/por-una-infancia-digna-y-libre-de-violencia-pro-ninos-de-la-calle\/"},"wordCount":464,"commentCount":0,"publisher":{"@id":"https:\/\/somos-hermanos.mx\/#organization"},"image":{"@id":"https:\/\/somos-hermanos.mx\/index.php\/2025\/08\/04\/por-una-infancia-digna-y-libre-de-violencia-pro-ninos-de-la-calle\/#primaryimage"},"thumbnailUrl":"https:\/\/somos-hermanos.mx\/wp-content\/uploads\/2025\/08\/proni1.jpeg","articleSection":["Noticias"],"inLanguage":"es","potentialAction":[{"@type":"CommentAction","name":"Comment","target":["https:\/\/somos-hermanos.mx\/index.php\/2025\/08\/04\/por-una-infancia-digna-y-libre-de-violencia-pro-ninos-de-la-calle\/#respond"]}]},{"@type":"WebPage","@id":"https:\/\/somos-hermanos.mx\/index.php\/2025\/08\/04\/por-una-infancia-digna-y-libre-de-violencia-pro-ninos-de-la-calle\/","url":"https:\/\/somos-hermanos.mx\/index.php\/2025\/08\/04\/por-una-infancia-digna-y-libre-de-violencia-pro-ninos-de-la-calle\/","name":"Por una infancia digna y libre de violencia: Pro Ni\u00f1os de la Calle - Historias que inspiran...","isPartOf":{"@id":"https:\/\/somos-hermanos.mx\/#website"},"primaryImageOfPage":{"@id":"https:\/\/somos-hermanos.mx\/index.php\/2025\/08\/04\/por-una-infancia-digna-y-libre-de-violencia-pro-ninos-de-la-calle\/#primaryimage"},"image":{"@id":"https:\/\/somos-hermanos.mx\/index.php\/2025\/08\/04\/por-una-infancia-digna-y-libre-de-violencia-pro-ninos-de-la-calle\/#primaryimage"},"thumbnailUrl":"https:\/\/somos-hermanos.mx\/wp-content\/uploads\/2025\/08\/proni1.jpeg","datePublished":"2025-08-04T08:57:36+00:00","breadcrumb":{"@id":"https:\/\/somos-hermanos.mx\/index.php\/2025\/08\/04\/por-una-infancia-digna-y-libre-de-violencia-pro-ninos-de-la-calle\/#breadcrumb"},"inLanguage":"es","potentialAction":[{"@type":"ReadAction","target":["https:\/\/somos-hermanos.mx\/index.php\/2025\/08\/04\/por-una-infancia-digna-y-libre-de-violencia-pro-ninos-de-la-calle\/"]}]},{"@type":"ImageObject","inLanguage":"es","@id":"https:\/\/somos-hermanos.mx\/index.php\/2025\/08\/04\/por-una-infancia-digna-y-libre-de-violencia-pro-ninos-de-la-calle\/#primaryimage","url":"https:\/\/somos-hermanos.mx\/wp-content\/uploads\/2025\/08\/proni1.jpeg","contentUrl":"https:\/\/somos-hermanos.mx\/wp-content\/uploads\/2025\/08\/proni1.jpeg","width":940,"height":788},{"@type":"BreadcrumbList","@id":"https:\/\/somos-hermanos.mx\/index.php\/2025\/08\/04\/por-una-infancia-digna-y-libre-de-violencia-pro-ninos-de-la-calle\/#breadcrumb","itemListElement":[{"@type":"ListItem","position":1,"name":"Inicio","item":"https:\/\/somos-hermanos.mx\/"},{"@type":"ListItem","position":2,"name":"Por una infancia digna y libre de violencia: Pro Ni\u00f1os de la Calle"}]},{"@type":"WebSite","@id":"https:\/\/somos-hermanos.mx\/#website","url":"https:\/\/somos-hermanos.mx\/","name":"Historias que inspiran...","description":"Somos la voz del altruismo en M\u00e9xico","publisher":{"@id":"https:\/\/somos-hermanos.mx\/#organization"},"potentialAction":[{"@type":"SearchAction","target":{"@type":"EntryPoint","urlTemplate":"https:\/\/somos-hermanos.mx\/?s={search_term_string}"},"query-input":{"@type":"PropertyValueSpecification","valueRequired":true,"valueName":"search_term_string"}}],"inLanguage":"es"},{"@type":"Organization","@id":"https:\/\/somos-hermanos.mx\/#organization","name":"Somos Hermanos","url":"https:\/\/somos-hermanos.mx\/","logo":{"@type":"ImageObject","inLanguage":"es","@id":"https:\/\/somos-hermanos.mx\/#\/schema\/logo\/image\/","url":"https:\/\/somos-hermanos.mx\/wp-content\/uploads\/2025\/08\/SH30-1.jpeg","contentUrl":"https:\/\/somos-hermanos.mx\/wp-content\/uploads\/2025\/08\/SH30-1.jpeg","width":1600,"height":1142,"caption":"Somos Hermanos"},"image":{"@id":"https:\/\/somos-hermanos.mx\/#\/schema\/logo\/image\/"},"sameAs":["https:\/\/www.facebook.com\/SomosHermanosIAP\/","https:\/\/x.com\/Somos__Hermanos","https:\/\/www.instagram.com\/somos__hermanos\/#","https:\/\/www.tiktok.com\/@somoshermanosiap","https:\/\/www.youtube.com\/@somoshermanosiap1201\/videos"]},{"@type":"Person","@id":"https:\/\/somos-hermanos.mx\/#\/schema\/person\/8acd26a8688e659352b79b33c534872c","name":"Jes\u00fas Pe\u00f1a Aguirre","image":{"@type":"ImageObject","inLanguage":"es","@id":"https:\/\/secure.gravatar.com\/avatar\/a3d489e680e76cdf1b7ccc620e427d14f54a929f15306ea1d436efc89ee85c7c?s=96&d=mm&r=g","url":"https:\/\/secure.gravatar.com\/avatar\/a3d489e680e76cdf1b7ccc620e427d14f54a929f15306ea1d436efc89ee85c7c?s=96&d=mm&r=g","contentUrl":"https:\/\/secure.gravatar.com\/avatar\/a3d489e680e76cdf1b7ccc620e427d14f54a929f15306ea1d436efc89ee85c7c?s=96&d=mm&r=g","caption":"Jes\u00fas Pe\u00f1a Aguirre"},"url":"https:\/\/somos-hermanos.mx\/index.php\/author\/jesus-pena-aguirre\/"}]}},"_links":{"self":[{"href":"https:\/\/somos-hermanos.mx\/index.php\/wp-json\/wp\/v2\/posts\/842","targetHints":{"allow":["GET"]}}],"collection":[{"href":"https:\/\/somos-hermanos.mx\/index.php\/wp-json\/wp\/v2\/posts"}],"about":[{"href":"https:\/\/somos-hermanos.mx\/index.php\/wp-json\/wp\/v2\/types\/post"}],"author":[{"embeddable":true,"href":"https:\/\/somos-hermanos.mx\/index.php\/wp-json\/wp\/v2\/users\/21"}],"replies":[{"embeddable":true,"href":"https:\/\/somos-hermanos.mx\/index.php\/wp-json\/wp\/v2\/comments?post=842"}],"version-history":[{"count":1,"href":"https:\/\/somos-hermanos.mx\/index.php\/wp-json\/wp\/v2\/posts\/842\/revisions"}],"predecessor-version":[{"id":844,"href":"https:\/\/somos-hermanos.mx\/index.php\/wp-json\/wp\/v2\/posts\/842\/revisions\/844"}],"wp:featuredmedia":[{"embeddable":true,"href":"https:\/\/somos-hermanos.mx\/index.php\/wp-json\/wp\/v2\/media\/843"}],"wp:attachment":[{"href":"https:\/\/somos-hermanos.mx\/index.php\/wp-json\/wp\/v2\/media?parent=842"}],"wp:term":[{"taxonomy":"category","embeddable":true,"href":"https:\/\/somos-hermanos.mx\/index.php\/wp-json\/wp\/v2\/categories?post=842"},{"taxonomy":"post_tag","embeddable":true,"href":"https:\/\/somos-hermanos.mx\/index.php\/wp-json\/wp\/v2\/tags?post=842"}],"curies":[{"name":"wp","href":"https:\/\/api.w.org\/{rel}","templated":true}]}}