{"id":836,"date":"2025-08-04T02:55:35","date_gmt":"2025-08-04T08:55:35","guid":{"rendered":"https:\/\/somos-hermanos.mx\/?p=836"},"modified":"2025-08-04T02:55:35","modified_gmt":"2025-08-04T08:55:35","slug":"realizo-apac-2-foro-por-la-diversidad-conectando-e-incluyendo-a-traves-de-la-tecnologia","status":"publish","type":"post","link":"https:\/\/somos-hermanos.mx\/index.php\/2025\/08\/04\/realizo-apac-2-foro-por-la-diversidad-conectando-e-incluyendo-a-traves-de-la-tecnologia\/","title":{"rendered":"Realiz\u00f3 APAC 2\u00b0 Foro por la Diversidad: Conectando e Incluyendo a trav\u00e9s de la Tecnolog\u00eda"},"content":{"rendered":"<p>Al tener como reciento la Biblioteca Vasconcelos ubicada en la CDMX,<strong><em><b><i>\u00a0<\/i><\/b><\/em><\/strong><strong><b>APAC, Asociaci\u00f3n Pro Personas con Par\u00e1lisis Cerebral IAP\u00a0<\/b><\/strong><em>present\u00f3 el<\/em><strong><b>\u00a0Foro por la Diversidad:\u00a0Conectando e Incluyendo a trav\u00e9s de la Tecnolog\u00eda;<\/b><\/strong><em>\u00a0<\/em>esta segunda edici\u00f3n del Foro Por la Diversidad, una iniciativa de\u00a0APAC<em>,<\/em>\u00a0da continuidad al realizado en 2024 en torno a la accesibilidad arquitect\u00f3nica, reafirmando el compromiso con la inclusi\u00f3n de las personas con discapacidad en todas las esferas de la vida.<\/p>\n<p>Daniel R\u00edos Villa<em>, <\/em>vicepresidente Adjunto de Asuntos Externos y Sustentabilidad en AT&amp;T M\u00e9xico, especialista en pol\u00edticas p\u00fablicas y tecnolog\u00edas de la informaci\u00f3n;\u00a0<em><i>Pamela Araico<\/i><\/em>, Sustainability &amp; CR Manager en Ericsson, reconocida por su compromiso en reducir la brecha digital y promover soluciones tecnol\u00f3gicas inclusivas; y\u00a0<em><i>Anasof\u00eda S\u00e1nchez Ju\u00e1rez<\/i><\/em>, Country Head en Audible, con m\u00e1s de 20 a\u00f1os de experiencia en el sector tecnol\u00f3gico, experta en innovaci\u00f3n, desarrollo de productos y liderazgo en empresas como Google, YouTube y Amazon, fueron los encargados de dar voz a este foro.<\/p>\n<p>Durante el evento se abordaron temas como los avances en tecnolog\u00edas de asistencia, accesibilidad digital, tecnolog\u00edas para la movilidad y vida diaria, educaci\u00f3n inclusiva, comunicaci\u00f3n aumentativa y alternativa, as\u00ed como los retos en el acceso a la tecnolog\u00eda.<\/p>\n<p><strong>El objetivo es promover el intercambio de conocimientos, informar y fomentar la inclusi\u00f3n social y digital de las personas con discapacidad.<\/strong><\/p>\n<p>\u201cPara\u00a0APAC, presentar este evento significa reafirmar nuestro compromiso con la inclusi\u00f3n. Creemos firmemente que la tecnolog\u00eda debe ser una herramienta al servicio de todas las personas. Este evento nos impulsa a seguir fomentando entornos m\u00e1s accesibles, incluyentes e innovadores\u201d, expres\u00f3\u00a0<em><i>Guadalupe Maldonado,<\/i><\/em>\u00a0directora general de APAC.<\/p>\n<p>Durante el evento, se llev\u00f3 a cabo una demostraci\u00f3n de los dispositivos que se utilizan en\u00a0<em><i>APAC:\u00a0<\/i><\/em><strong><b>EKSO NR, ATLAS 2030, SPARK y Trexo<\/b><\/strong>, los cuales est\u00e1n dise\u00f1ados para mejorar la movilidad de las extremidades inferiores y fomentar una mayor independencia en las personas con discapacidad.<\/p>\n<p>Estos dispositivos, junto con las intervenciones personalizadas, han demostrado ser esenciales para promover la autonom\u00eda y la independencia de las personas con par\u00e1lisis cerebral, abriendo nuevas posibilidades para su inclusi\u00f3n en la vida cotidiana.\u00a0<em><i>APAC<\/i><\/em>\u00a0trabaja constantemente para integrar estas tecnolog\u00edas en sus programas, asegurando que cada beneficiario reciba el apoyo m\u00e1s adecuado y personalizado.<\/p>\n<p>La inclusi\u00f3n digital y el uso de tecnolog\u00edas innovadoras son pilares fundamentales en el modelo de atenci\u00f3n de\u00a0<em><i>APAC<\/i><\/em>, que busca transformar la rehabilitaci\u00f3n, ofreciendo a sus beneficiarios herramientas para mejorar su movilidad, comunicaci\u00f3n e inclusi\u00f3n en la sociedad.<\/p>\n<p>APAC<em>\u00a0<\/em>es una organizaci\u00f3n mexicana, sin fines de lucro, que desde hace m\u00e1s de 50 a\u00f1os brinda atenci\u00f3n especializada a personas con Par\u00e1lisis Cerebral y discapacidades afines. Ofrece m\u00e1s de 90 servicios a 500 beb\u00e9s, ni\u00f1as, j\u00f3venes y personas adultas para poder mejorar su calidad de vida; adem\u00e1s brinda apoyo a sus familias. Tambi\u00e9n trabaja de la mano de otras instituciones especializadas y ofrece asesor\u00edas a 46 centros afiliados en el interior de la Rep\u00fablica Mexicana.<\/p>\n","protected":false},"excerpt":{"rendered":"<p>Al tener como reciento la Biblioteca Vasconcelos ubicada en la CDMX,\u00a0APAC, Asociaci\u00f3n Pro Personas con Par\u00e1lisis Cerebral IAP\u00a0present\u00f3 el\u00a0Foro por la Diversidad:\u00a0Conectando e Incluyendo a trav\u00e9s de la Tecnolog\u00eda;\u00a0esta segunda edici\u00f3n del Foro Por la Diversidad, una iniciativa de\u00a0APAC,\u00a0da continuidad al realizado en 2024 en torno a la accesibilidad arquitect\u00f3nica, reafirmando el compromiso con la [&hellip;]<\/p>\n","protected":false},"author":8,"featured_media":837,"comment_status":"open","ping_status":"closed","sticky":false,"template":"","format":"standard","meta":{"footnotes":""},"categories":[6],"tags":[],"class_list":["post-836","post","type-post","status-publish","format-standard","has-post-thumbnail","hentry","category-noticias"],"yoast_head":"<!-- This site is optimized with the Yoast SEO plugin v27.5 - https:\/\/yoast.com\/product\/yoast-seo-wordpress\/ -->\n<title>Realiz\u00f3 APAC 2\u00b0 Foro por la Diversidad: Conectando e Incluyendo a trav\u00e9s de la Tecnolog\u00eda - Historias que inspiran...<\/title>\n<meta name=\"robots\" content=\"index, follow, max-snippet:-1, max-image-preview:large, max-video-preview:-1\" \/>\n<link rel=\"canonical\" href=\"https:\/\/somos-hermanos.mx\/index.php\/2025\/08\/04\/realizo-apac-2-foro-por-la-diversidad-conectando-e-incluyendo-a-traves-de-la-tecnologia\/\" \/>\n<meta property=\"og:locale\" content=\"es_MX\" \/>\n<meta property=\"og:type\" content=\"article\" \/>\n<meta property=\"og:title\" content=\"Realiz\u00f3 APAC 2\u00b0 Foro por la Diversidad: Conectando e Incluyendo a trav\u00e9s de la Tecnolog\u00eda - Historias que inspiran...\" \/>\n<meta property=\"og:description\" content=\"Al tener como reciento la Biblioteca Vasconcelos ubicada en la CDMX,\u00a0APAC, Asociaci\u00f3n Pro Personas con Par\u00e1lisis Cerebral IAP\u00a0present\u00f3 el\u00a0Foro por la Diversidad:\u00a0Conectando e Incluyendo a trav\u00e9s de la Tecnolog\u00eda;\u00a0esta segunda edici\u00f3n del Foro Por la Diversidad, una iniciativa de\u00a0APAC,\u00a0da continuidad al realizado en 2024 en torno a la accesibilidad arquitect\u00f3nica, reafirmando el compromiso con la [&hellip;]\" \/>\n<meta property=\"og:url\" content=\"https:\/\/somos-hermanos.mx\/index.php\/2025\/08\/04\/realizo-apac-2-foro-por-la-diversidad-conectando-e-incluyendo-a-traves-de-la-tecnologia\/\" \/>\n<meta property=\"og:site_name\" content=\"Historias que inspiran...\" \/>\n<meta property=\"article:publisher\" content=\"https:\/\/www.facebook.com\/SomosHermanosIAP\/\" \/>\n<meta property=\"article:published_time\" content=\"2025-08-04T08:55:35+00:00\" \/>\n<meta property=\"og:image\" content=\"https:\/\/somos-hermanos.mx\/wp-content\/uploads\/2025\/08\/pac2.jpeg\" \/>\n\t<meta property=\"og:image:width\" content=\"1600\" \/>\n\t<meta property=\"og:image:height\" content=\"1066\" \/>\n\t<meta property=\"og:image:type\" content=\"image\/jpeg\" \/>\n<meta name=\"author\" content=\"Jes\u00fas Arizmendi\" \/>\n<meta name=\"twitter:card\" content=\"summary_large_image\" \/>\n<meta name=\"twitter:creator\" content=\"@Somos__Hermanos\" \/>\n<meta name=\"twitter:site\" content=\"@Somos__Hermanos\" \/>\n<meta name=\"twitter:label1\" content=\"Escrito por\" \/>\n\t<meta name=\"twitter:data1\" content=\"Jes\u00fas Arizmendi\" \/>\n\t<meta name=\"twitter:label2\" content=\"Tiempo de lectura\" \/>\n\t<meta name=\"twitter:data2\" content=\"3 minutos\" \/>\n<script type=\"application\/ld+json\" class=\"yoast-schema-graph\">{\"@context\":\"https:\\\/\\\/schema.org\",\"@graph\":[{\"@type\":\"Article\",\"@id\":\"https:\\\/\\\/somos-hermanos.mx\\\/index.php\\\/2025\\\/08\\\/04\\\/realizo-apac-2-foro-por-la-diversidad-conectando-e-incluyendo-a-traves-de-la-tecnologia\\\/#article\",\"isPartOf\":{\"@id\":\"https:\\\/\\\/somos-hermanos.mx\\\/index.php\\\/2025\\\/08\\\/04\\\/realizo-apac-2-foro-por-la-diversidad-conectando-e-incluyendo-a-traves-de-la-tecnologia\\\/\"},\"author\":{\"name\":\"Jes\u00fas Arizmendi\",\"@id\":\"https:\\\/\\\/somos-hermanos.mx\\\/#\\\/schema\\\/person\\\/945cdfed39314d9db1242f593aecb908\"},\"headline\":\"Realiz\u00f3 APAC 2\u00b0 Foro por la Diversidad: Conectando e Incluyendo a trav\u00e9s de la Tecnolog\u00eda\",\"datePublished\":\"2025-08-04T08:55:35+00:00\",\"mainEntityOfPage\":{\"@id\":\"https:\\\/\\\/somos-hermanos.mx\\\/index.php\\\/2025\\\/08\\\/04\\\/realizo-apac-2-foro-por-la-diversidad-conectando-e-incluyendo-a-traves-de-la-tecnologia\\\/\"},\"wordCount\":552,\"commentCount\":0,\"publisher\":{\"@id\":\"https:\\\/\\\/somos-hermanos.mx\\\/#organization\"},\"image\":{\"@id\":\"https:\\\/\\\/somos-hermanos.mx\\\/index.php\\\/2025\\\/08\\\/04\\\/realizo-apac-2-foro-por-la-diversidad-conectando-e-incluyendo-a-traves-de-la-tecnologia\\\/#primaryimage\"},\"thumbnailUrl\":\"https:\\\/\\\/somos-hermanos.mx\\\/wp-content\\\/uploads\\\/2025\\\/08\\\/pac2.jpeg\",\"articleSection\":[\"Noticias\"],\"inLanguage\":\"es\",\"potentialAction\":[{\"@type\":\"CommentAction\",\"name\":\"Comment\",\"target\":[\"https:\\\/\\\/somos-hermanos.mx\\\/index.php\\\/2025\\\/08\\\/04\\\/realizo-apac-2-foro-por-la-diversidad-conectando-e-incluyendo-a-traves-de-la-tecnologia\\\/#respond\"]}]},{\"@type\":\"WebPage\",\"@id\":\"https:\\\/\\\/somos-hermanos.mx\\\/index.php\\\/2025\\\/08\\\/04\\\/realizo-apac-2-foro-por-la-diversidad-conectando-e-incluyendo-a-traves-de-la-tecnologia\\\/\",\"url\":\"https:\\\/\\\/somos-hermanos.mx\\\/index.php\\\/2025\\\/08\\\/04\\\/realizo-apac-2-foro-por-la-diversidad-conectando-e-incluyendo-a-traves-de-la-tecnologia\\\/\",\"name\":\"Realiz\u00f3 APAC 2\u00b0 Foro por la Diversidad: Conectando e Incluyendo a trav\u00e9s de la Tecnolog\u00eda - Historias que inspiran...\",\"isPartOf\":{\"@id\":\"https:\\\/\\\/somos-hermanos.mx\\\/#website\"},\"primaryImageOfPage\":{\"@id\":\"https:\\\/\\\/somos-hermanos.mx\\\/index.php\\\/2025\\\/08\\\/04\\\/realizo-apac-2-foro-por-la-diversidad-conectando-e-incluyendo-a-traves-de-la-tecnologia\\\/#primaryimage\"},\"image\":{\"@id\":\"https:\\\/\\\/somos-hermanos.mx\\\/index.php\\\/2025\\\/08\\\/04\\\/realizo-apac-2-foro-por-la-diversidad-conectando-e-incluyendo-a-traves-de-la-tecnologia\\\/#primaryimage\"},\"thumbnailUrl\":\"https:\\\/\\\/somos-hermanos.mx\\\/wp-content\\\/uploads\\\/2025\\\/08\\\/pac2.jpeg\",\"datePublished\":\"2025-08-04T08:55:35+00:00\",\"breadcrumb\":{\"@id\":\"https:\\\/\\\/somos-hermanos.mx\\\/index.php\\\/2025\\\/08\\\/04\\\/realizo-apac-2-foro-por-la-diversidad-conectando-e-incluyendo-a-traves-de-la-tecnologia\\\/#breadcrumb\"},\"inLanguage\":\"es\",\"potentialAction\":[{\"@type\":\"ReadAction\",\"target\":[\"https:\\\/\\\/somos-hermanos.mx\\\/index.php\\\/2025\\\/08\\\/04\\\/realizo-apac-2-foro-por-la-diversidad-conectando-e-incluyendo-a-traves-de-la-tecnologia\\\/\"]}]},{\"@type\":\"ImageObject\",\"inLanguage\":\"es\",\"@id\":\"https:\\\/\\\/somos-hermanos.mx\\\/index.php\\\/2025\\\/08\\\/04\\\/realizo-apac-2-foro-por-la-diversidad-conectando-e-incluyendo-a-traves-de-la-tecnologia\\\/#primaryimage\",\"url\":\"https:\\\/\\\/somos-hermanos.mx\\\/wp-content\\\/uploads\\\/2025\\\/08\\\/pac2.jpeg\",\"contentUrl\":\"https:\\\/\\\/somos-hermanos.mx\\\/wp-content\\\/uploads\\\/2025\\\/08\\\/pac2.jpeg\",\"width\":1600,\"height\":1066},{\"@type\":\"BreadcrumbList\",\"@id\":\"https:\\\/\\\/somos-hermanos.mx\\\/index.php\\\/2025\\\/08\\\/04\\\/realizo-apac-2-foro-por-la-diversidad-conectando-e-incluyendo-a-traves-de-la-tecnologia\\\/#breadcrumb\",\"itemListElement\":[{\"@type\":\"ListItem\",\"position\":1,\"name\":\"Inicio\",\"item\":\"https:\\\/\\\/somos-hermanos.mx\\\/\"},{\"@type\":\"ListItem\",\"position\":2,\"name\":\"Realiz\u00f3 APAC 2\u00b0 Foro por la Diversidad: Conectando e Incluyendo a trav\u00e9s de la Tecnolog\u00eda\"}]},{\"@type\":\"WebSite\",\"@id\":\"https:\\\/\\\/somos-hermanos.mx\\\/#website\",\"url\":\"https:\\\/\\\/somos-hermanos.mx\\\/\",\"name\":\"Historias que inspiran...\",\"description\":\"Somos la voz del altruismo en M\u00e9xico\",\"publisher\":{\"@id\":\"https:\\\/\\\/somos-hermanos.mx\\\/#organization\"},\"potentialAction\":[{\"@type\":\"SearchAction\",\"target\":{\"@type\":\"EntryPoint\",\"urlTemplate\":\"https:\\\/\\\/somos-hermanos.mx\\\/?s={search_term_string}\"},\"query-input\":{\"@type\":\"PropertyValueSpecification\",\"valueRequired\":true,\"valueName\":\"search_term_string\"}}],\"inLanguage\":\"es\"},{\"@type\":\"Organization\",\"@id\":\"https:\\\/\\\/somos-hermanos.mx\\\/#organization\",\"name\":\"Somos Hermanos\",\"url\":\"https:\\\/\\\/somos-hermanos.mx\\\/\",\"logo\":{\"@type\":\"ImageObject\",\"inLanguage\":\"es\",\"@id\":\"https:\\\/\\\/somos-hermanos.mx\\\/#\\\/schema\\\/logo\\\/image\\\/\",\"url\":\"https:\\\/\\\/somos-hermanos.mx\\\/wp-content\\\/uploads\\\/2025\\\/08\\\/SH30-1.jpeg\",\"contentUrl\":\"https:\\\/\\\/somos-hermanos.mx\\\/wp-content\\\/uploads\\\/2025\\\/08\\\/SH30-1.jpeg\",\"width\":1600,\"height\":1142,\"caption\":\"Somos Hermanos\"},\"image\":{\"@id\":\"https:\\\/\\\/somos-hermanos.mx\\\/#\\\/schema\\\/logo\\\/image\\\/\"},\"sameAs\":[\"https:\\\/\\\/www.facebook.com\\\/SomosHermanosIAP\\\/\",\"https:\\\/\\\/x.com\\\/Somos__Hermanos\",\"https:\\\/\\\/www.instagram.com\\\/somos__hermanos\\\/#\",\"https:\\\/\\\/www.tiktok.com\\\/@somoshermanosiap\",\"https:\\\/\\\/www.youtube.com\\\/@somoshermanosiap1201\\\/videos\"]},{\"@type\":\"Person\",\"@id\":\"https:\\\/\\\/somos-hermanos.mx\\\/#\\\/schema\\\/person\\\/945cdfed39314d9db1242f593aecb908\",\"name\":\"Jes\u00fas Arizmendi\",\"image\":{\"@type\":\"ImageObject\",\"inLanguage\":\"es\",\"@id\":\"https:\\\/\\\/secure.gravatar.com\\\/avatar\\\/9d2f2284f2cc108aae42b8fdb13afa29b801f64001b731516b830e4926cc1b4b?s=96&d=mm&r=g\",\"url\":\"https:\\\/\\\/secure.gravatar.com\\\/avatar\\\/9d2f2284f2cc108aae42b8fdb13afa29b801f64001b731516b830e4926cc1b4b?s=96&d=mm&r=g\",\"contentUrl\":\"https:\\\/\\\/secure.gravatar.com\\\/avatar\\\/9d2f2284f2cc108aae42b8fdb13afa29b801f64001b731516b830e4926cc1b4b?s=96&d=mm&r=g\",\"caption\":\"Jes\u00fas Arizmendi\"},\"url\":\"https:\\\/\\\/somos-hermanos.mx\\\/index.php\\\/author\\\/jesus-arizmendi\\\/\"}]}<\/script>\n<!-- \/ Yoast SEO plugin. -->","yoast_head_json":{"title":"Realiz\u00f3 APAC 2\u00b0 Foro por la Diversidad: Conectando e Incluyendo a trav\u00e9s de la Tecnolog\u00eda - Historias que inspiran...","robots":{"index":"index","follow":"follow","max-snippet":"max-snippet:-1","max-image-preview":"max-image-preview:large","max-video-preview":"max-video-preview:-1"},"canonical":"https:\/\/somos-hermanos.mx\/index.php\/2025\/08\/04\/realizo-apac-2-foro-por-la-diversidad-conectando-e-incluyendo-a-traves-de-la-tecnologia\/","og_locale":"es_MX","og_type":"article","og_title":"Realiz\u00f3 APAC 2\u00b0 Foro por la Diversidad: Conectando e Incluyendo a trav\u00e9s de la Tecnolog\u00eda - Historias que inspiran...","og_description":"Al tener como reciento la Biblioteca Vasconcelos ubicada en la CDMX,\u00a0APAC, Asociaci\u00f3n Pro Personas con Par\u00e1lisis Cerebral IAP\u00a0present\u00f3 el\u00a0Foro por la Diversidad:\u00a0Conectando e Incluyendo a trav\u00e9s de la Tecnolog\u00eda;\u00a0esta segunda edici\u00f3n del Foro Por la Diversidad, una iniciativa de\u00a0APAC,\u00a0da continuidad al realizado en 2024 en torno a la accesibilidad arquitect\u00f3nica, reafirmando el compromiso con la [&hellip;]","og_url":"https:\/\/somos-hermanos.mx\/index.php\/2025\/08\/04\/realizo-apac-2-foro-por-la-diversidad-conectando-e-incluyendo-a-traves-de-la-tecnologia\/","og_site_name":"Historias que inspiran...","article_publisher":"https:\/\/www.facebook.com\/SomosHermanosIAP\/","article_published_time":"2025-08-04T08:55:35+00:00","og_image":[{"width":1600,"height":1066,"url":"https:\/\/somos-hermanos.mx\/wp-content\/uploads\/2025\/08\/pac2.jpeg","type":"image\/jpeg"}],"author":"Jes\u00fas Arizmendi","twitter_card":"summary_large_image","twitter_creator":"@Somos__Hermanos","twitter_site":"@Somos__Hermanos","twitter_misc":{"Escrito por":"Jes\u00fas Arizmendi","Tiempo de lectura":"3 minutos"},"schema":{"@context":"https:\/\/schema.org","@graph":[{"@type":"Article","@id":"https:\/\/somos-hermanos.mx\/index.php\/2025\/08\/04\/realizo-apac-2-foro-por-la-diversidad-conectando-e-incluyendo-a-traves-de-la-tecnologia\/#article","isPartOf":{"@id":"https:\/\/somos-hermanos.mx\/index.php\/2025\/08\/04\/realizo-apac-2-foro-por-la-diversidad-conectando-e-incluyendo-a-traves-de-la-tecnologia\/"},"author":{"name":"Jes\u00fas Arizmendi","@id":"https:\/\/somos-hermanos.mx\/#\/schema\/person\/945cdfed39314d9db1242f593aecb908"},"headline":"Realiz\u00f3 APAC 2\u00b0 Foro por la Diversidad: Conectando e Incluyendo a trav\u00e9s de la Tecnolog\u00eda","datePublished":"2025-08-04T08:55:35+00:00","mainEntityOfPage":{"@id":"https:\/\/somos-hermanos.mx\/index.php\/2025\/08\/04\/realizo-apac-2-foro-por-la-diversidad-conectando-e-incluyendo-a-traves-de-la-tecnologia\/"},"wordCount":552,"commentCount":0,"publisher":{"@id":"https:\/\/somos-hermanos.mx\/#organization"},"image":{"@id":"https:\/\/somos-hermanos.mx\/index.php\/2025\/08\/04\/realizo-apac-2-foro-por-la-diversidad-conectando-e-incluyendo-a-traves-de-la-tecnologia\/#primaryimage"},"thumbnailUrl":"https:\/\/somos-hermanos.mx\/wp-content\/uploads\/2025\/08\/pac2.jpeg","articleSection":["Noticias"],"inLanguage":"es","potentialAction":[{"@type":"CommentAction","name":"Comment","target":["https:\/\/somos-hermanos.mx\/index.php\/2025\/08\/04\/realizo-apac-2-foro-por-la-diversidad-conectando-e-incluyendo-a-traves-de-la-tecnologia\/#respond"]}]},{"@type":"WebPage","@id":"https:\/\/somos-hermanos.mx\/index.php\/2025\/08\/04\/realizo-apac-2-foro-por-la-diversidad-conectando-e-incluyendo-a-traves-de-la-tecnologia\/","url":"https:\/\/somos-hermanos.mx\/index.php\/2025\/08\/04\/realizo-apac-2-foro-por-la-diversidad-conectando-e-incluyendo-a-traves-de-la-tecnologia\/","name":"Realiz\u00f3 APAC 2\u00b0 Foro por la Diversidad: Conectando e Incluyendo a trav\u00e9s de la Tecnolog\u00eda - Historias que inspiran...","isPartOf":{"@id":"https:\/\/somos-hermanos.mx\/#website"},"primaryImageOfPage":{"@id":"https:\/\/somos-hermanos.mx\/index.php\/2025\/08\/04\/realizo-apac-2-foro-por-la-diversidad-conectando-e-incluyendo-a-traves-de-la-tecnologia\/#primaryimage"},"image":{"@id":"https:\/\/somos-hermanos.mx\/index.php\/2025\/08\/04\/realizo-apac-2-foro-por-la-diversidad-conectando-e-incluyendo-a-traves-de-la-tecnologia\/#primaryimage"},"thumbnailUrl":"https:\/\/somos-hermanos.mx\/wp-content\/uploads\/2025\/08\/pac2.jpeg","datePublished":"2025-08-04T08:55:35+00:00","breadcrumb":{"@id":"https:\/\/somos-hermanos.mx\/index.php\/2025\/08\/04\/realizo-apac-2-foro-por-la-diversidad-conectando-e-incluyendo-a-traves-de-la-tecnologia\/#breadcrumb"},"inLanguage":"es","potentialAction":[{"@type":"ReadAction","target":["https:\/\/somos-hermanos.mx\/index.php\/2025\/08\/04\/realizo-apac-2-foro-por-la-diversidad-conectando-e-incluyendo-a-traves-de-la-tecnologia\/"]}]},{"@type":"ImageObject","inLanguage":"es","@id":"https:\/\/somos-hermanos.mx\/index.php\/2025\/08\/04\/realizo-apac-2-foro-por-la-diversidad-conectando-e-incluyendo-a-traves-de-la-tecnologia\/#primaryimage","url":"https:\/\/somos-hermanos.mx\/wp-content\/uploads\/2025\/08\/pac2.jpeg","contentUrl":"https:\/\/somos-hermanos.mx\/wp-content\/uploads\/2025\/08\/pac2.jpeg","width":1600,"height":1066},{"@type":"BreadcrumbList","@id":"https:\/\/somos-hermanos.mx\/index.php\/2025\/08\/04\/realizo-apac-2-foro-por-la-diversidad-conectando-e-incluyendo-a-traves-de-la-tecnologia\/#breadcrumb","itemListElement":[{"@type":"ListItem","position":1,"name":"Inicio","item":"https:\/\/somos-hermanos.mx\/"},{"@type":"ListItem","position":2,"name":"Realiz\u00f3 APAC 2\u00b0 Foro por la Diversidad: Conectando e Incluyendo a trav\u00e9s de la Tecnolog\u00eda"}]},{"@type":"WebSite","@id":"https:\/\/somos-hermanos.mx\/#website","url":"https:\/\/somos-hermanos.mx\/","name":"Historias que inspiran...","description":"Somos la voz del altruismo en M\u00e9xico","publisher":{"@id":"https:\/\/somos-hermanos.mx\/#organization"},"potentialAction":[{"@type":"SearchAction","target":{"@type":"EntryPoint","urlTemplate":"https:\/\/somos-hermanos.mx\/?s={search_term_string}"},"query-input":{"@type":"PropertyValueSpecification","valueRequired":true,"valueName":"search_term_string"}}],"inLanguage":"es"},{"@type":"Organization","@id":"https:\/\/somos-hermanos.mx\/#organization","name":"Somos Hermanos","url":"https:\/\/somos-hermanos.mx\/","logo":{"@type":"ImageObject","inLanguage":"es","@id":"https:\/\/somos-hermanos.mx\/#\/schema\/logo\/image\/","url":"https:\/\/somos-hermanos.mx\/wp-content\/uploads\/2025\/08\/SH30-1.jpeg","contentUrl":"https:\/\/somos-hermanos.mx\/wp-content\/uploads\/2025\/08\/SH30-1.jpeg","width":1600,"height":1142,"caption":"Somos Hermanos"},"image":{"@id":"https:\/\/somos-hermanos.mx\/#\/schema\/logo\/image\/"},"sameAs":["https:\/\/www.facebook.com\/SomosHermanosIAP\/","https:\/\/x.com\/Somos__Hermanos","https:\/\/www.instagram.com\/somos__hermanos\/#","https:\/\/www.tiktok.com\/@somoshermanosiap","https:\/\/www.youtube.com\/@somoshermanosiap1201\/videos"]},{"@type":"Person","@id":"https:\/\/somos-hermanos.mx\/#\/schema\/person\/945cdfed39314d9db1242f593aecb908","name":"Jes\u00fas Arizmendi","image":{"@type":"ImageObject","inLanguage":"es","@id":"https:\/\/secure.gravatar.com\/avatar\/9d2f2284f2cc108aae42b8fdb13afa29b801f64001b731516b830e4926cc1b4b?s=96&d=mm&r=g","url":"https:\/\/secure.gravatar.com\/avatar\/9d2f2284f2cc108aae42b8fdb13afa29b801f64001b731516b830e4926cc1b4b?s=96&d=mm&r=g","contentUrl":"https:\/\/secure.gravatar.com\/avatar\/9d2f2284f2cc108aae42b8fdb13afa29b801f64001b731516b830e4926cc1b4b?s=96&d=mm&r=g","caption":"Jes\u00fas Arizmendi"},"url":"https:\/\/somos-hermanos.mx\/index.php\/author\/jesus-arizmendi\/"}]}},"_links":{"self":[{"href":"https:\/\/somos-hermanos.mx\/index.php\/wp-json\/wp\/v2\/posts\/836","targetHints":{"allow":["GET"]}}],"collection":[{"href":"https:\/\/somos-hermanos.mx\/index.php\/wp-json\/wp\/v2\/posts"}],"about":[{"href":"https:\/\/somos-hermanos.mx\/index.php\/wp-json\/wp\/v2\/types\/post"}],"author":[{"embeddable":true,"href":"https:\/\/somos-hermanos.mx\/index.php\/wp-json\/wp\/v2\/users\/8"}],"replies":[{"embeddable":true,"href":"https:\/\/somos-hermanos.mx\/index.php\/wp-json\/wp\/v2\/comments?post=836"}],"version-history":[{"count":1,"href":"https:\/\/somos-hermanos.mx\/index.php\/wp-json\/wp\/v2\/posts\/836\/revisions"}],"predecessor-version":[{"id":838,"href":"https:\/\/somos-hermanos.mx\/index.php\/wp-json\/wp\/v2\/posts\/836\/revisions\/838"}],"wp:featuredmedia":[{"embeddable":true,"href":"https:\/\/somos-hermanos.mx\/index.php\/wp-json\/wp\/v2\/media\/837"}],"wp:attachment":[{"href":"https:\/\/somos-hermanos.mx\/index.php\/wp-json\/wp\/v2\/media?parent=836"}],"wp:term":[{"taxonomy":"category","embeddable":true,"href":"https:\/\/somos-hermanos.mx\/index.php\/wp-json\/wp\/v2\/categories?post=836"},{"taxonomy":"post_tag","embeddable":true,"href":"https:\/\/somos-hermanos.mx\/index.php\/wp-json\/wp\/v2\/tags?post=836"}],"curies":[{"name":"wp","href":"https:\/\/api.w.org\/{rel}","templated":true}]}}