{"id":833,"date":"2025-08-04T02:54:32","date_gmt":"2025-08-04T08:54:32","guid":{"rendered":"https:\/\/somos-hermanos.mx\/?p=833"},"modified":"2025-08-04T02:54:32","modified_gmt":"2025-08-04T08:54:32","slug":"world-vision-mexico-la-esperanza-para-los-migrantes-y-las-comunidades-desfavorecidas","status":"publish","type":"post","link":"https:\/\/somos-hermanos.mx\/index.php\/2025\/08\/04\/world-vision-mexico-la-esperanza-para-los-migrantes-y-las-comunidades-desfavorecidas\/","title":{"rendered":"World Vision M\u00e9xico: la esperanza para los migrantes y las comunidades desfavorecidas"},"content":{"rendered":"<p>Miles de personas lo han dejado todo. La b\u00fasqueda incansable de un hogar fuera de sus pa\u00edses ha obligado a los migrantes a asumir riesgos en la frontera norte de M\u00e9xico. En Tijuana, por ejemplo, hay historias de lucha de gente que busca una nueva oportunidad a pesar de que el camino est\u00e1 lleno de incertidumbre, peligros y fatiga.<\/p>\n<p>World Vision <strong>M\u00e9xico, una instituci\u00f3n preocupada por mejorar las condiciones de vida de las personas menos favorecidas,<\/strong>\u00a0ofrece apoyo a toda esa gente que no ha encontrado paz y tranquilidad en su b\u00fasqueda de oportunidades fuera de su pa\u00eds con la creaci\u00f3n de un albergue en la frontera norte de M\u00e9xico.<\/p>\n<p>\u201cHoy queremos demostrarte c\u00f3mo miles de personas han encontrado un lugar seguro, un refugio en su traves\u00eda\u201d, explic\u00f3 Carlos Hurtado, embajador de World Vision M\u00e9xico, en un video publicado en la p\u00e1gina web oficial de la asociaci\u00f3n civil \u00a0(<a href=\"https:\/\/www.worldvisionmexico.org.mx\"><u>https:\/\/www.worldvisionmexico.org.mx<\/u><\/a>). \u201cEn este espacio las historias de lucha se transforman en historias de resiliencia y de esperanza\u201d, agreg\u00f3 Hurtado.<\/p>\n<p>World Vision M\u00e9xico apoya, <strong>desde hace 40 a\u00f1os, principalmente a ni\u00f1os, ni\u00f1as, adolescentes y j\u00f3venes que viven en situaci\u00f3n de pobreza y vulnerabilidad en las comunidades marginadas de nuestro pa\u00eds. <\/strong>\u201cCreemos que ninguna ni\u00f1a o ni\u00f1o est\u00e1 perdido y ninguna situaci\u00f3n es imposible; por eso operamos donde la necesidad es mayor\u201d, se lee en su p\u00e1gina web oficial.<\/p>\n<p>Para cumplir con sus objetivos de beneficio en favor de las personas, la instituci\u00f3n cuenta con distintos programas de apoyo.<\/p>\n<p><em>Medios de vida<\/em>\u00a0es un proyecto que promueve la empleabilidad de los j\u00f3venes que se encuentran en condiciones de mayor vulnerabilidad. Se busca que este sector de la poblaci\u00f3n goce de un empleo digno, haga emprendimiento o retorne a sus estudios. Las acciones se hacen a trav\u00e9s del desarrollo de habilidades para la vida.<\/p>\n<p>Adem\u00e1s, la asociaci\u00f3n realiza alianzas con empresas que proveen de conocimientos a los beneficiarios de acuerdo al sector que les corresponde, como hoteler\u00eda, ingl\u00e9s, tecnolog\u00eda, entre otros. Para conocer m\u00e1s sobre este programa, acceder a: <a href=\"https:\/\/www.worldvisionmexico.org.mx\/jovenes-sin-medios-de-vida\"><u>https:\/\/www.worldvisionmexico.org.mx\/jovenes-sin-medios-de-vida<\/u><\/a><\/p>\n<p>El otro programa es <strong><em>Ni\u00f1ez en situaci\u00f3n de Movilidad<\/em><\/strong><strong>, <\/strong>en el que se promueven acciones de protecci\u00f3n y seguridad dirigidos a la ni\u00f1ez y adolescencia migrante. \u201cTrabajamos en que las ni\u00f1as y ni\u00f1os en situaci\u00f3n de movilidad est\u00e9n protegidos en su trayecto, fortalecidos f\u00edsica, espiritual y emocionalmente\u201d, se explica en el espacio dedicado a este proyecto que se puede consultar en: <a href=\"https:\/\/www.worldvisionmexico.org.mx\/ninez-en-movilidad\"><u>https:\/\/www.worldvisionmexico.org.mx\/ninez-en-movilidad<\/u><\/a><\/p>\n<p>Por su parte, <strong>el programa <\/strong><strong><em>Ni\u00f1ez Rural<\/em><\/strong><strong>\u00a0<\/strong>pretende transformar las condiciones de vida y aumentar las oportunidades para un futuro mejor de las ni\u00f1as, ni\u00f1os, adolescentes y j\u00f3venes. Esto se hace mediante la implementaci\u00f3n de planes de trabajo que involucren directamente a este sector de la poblaci\u00f3n, conformando comit\u00e9s comunitarios en los que se les capacita para elaborar planes de erradicaci\u00f3n de la violencia.<\/p>\n<p>En su contraparte, <strong><em>Ni\u00f1ez rural<\/em><\/strong><strong>\u00a0<\/strong>capacita a ni\u00f1as y ni\u00f1os de comunidades vulnerables para desarrollar habilidades que les permitan autocuidado (manejo del estr\u00e9s y resoluci\u00f3n de conflictos) y protecci\u00f3n. Adem\u00e1s, se les brinda apoyo a madres y padres de familia para que conozcan los derechos de sus hijos e hijas.<\/p>\n<p>Tambi\u00e9n, World Vision cuenta con <em>Incidencia en Pol\u00edticas P\u00fablicas y Movilizaci\u00f3n<\/em>, un proyecto centrado en movilizar a la ciudadan\u00eda para exigir derechos de la ni\u00f1ez mediante campa\u00f1as de sensibilizaci\u00f3n, capacitaciones, asesor\u00edas y ejercicios de participaci\u00f3n. Asimismo, se pretende que la agenda p\u00fablica y pol\u00edtica se oriente a este tipo de necesidades que protegen a las comunidades menos favorecidas.<\/p>\n<p>La p\u00e1gina web oficial de World Vision M\u00e9xico cuenta con distintas herramientas y espacios de distinta \u00edndole dirigidos a los usuarios.<\/p>\n<p>Por ejemplo, la instituci\u00f3n cuenta con Bob, un asistente conversacional encargado de responder las preguntas de los usuarios en relaci\u00f3n con el trato hacia los ni\u00f1os o ni\u00f1as que la gente apadrina, solicitar recibos de deducibles, conocer c\u00f3mo se invierte el dinero ofrecido a las comunidades, asesoramiento en alg\u00fan tema particular o conocer m\u00e1s sobre World Vision. Para conocer a Bob, acceder al siguiente enlace: <a href=\"https:\/\/www.worldvisionmexico.org.mx\/bob\"><u>https:\/\/www.worldvisionmexico.org.mx\/bob<\/u><\/a><\/p>\n<p>Adem\u00e1s, la p\u00e1gina web de la asociaci\u00f3n civil cuenta con TV Vision (<a href=\"https:\/\/www.worldvisionmexico.org.mx\/tvvision\"><u>https:\/\/www.worldvisionmexico.org.mx\/tvvision<\/u><\/a>), una programaci\u00f3n especial con contenidos distintos en los cuales ni\u00f1as y ni\u00f1os encontrar\u00e1n tips, din\u00e1micas y actividades de la mano de Xime, Dulce, Nahomi y Deby. Los temas presentes est\u00e1n relacionados con sus derechos, crecimiento, h\u00e1bitos para la vida y muchas cosas m\u00e1s.<\/p>\n<p>Y el sitio web cuenta con un Blog (<a href=\"https:\/\/www.worldvisionmexico.org.mx\/blog\"><u>https:\/\/www.worldvisionmexico.org.mx\/blog<\/u><\/a>)en donde los usuarios pueden encontrar art\u00edculos relevantes de la voz de expertos en distintos temas.<\/p>\n<p>World Vision M\u00e9xico cuenta adem\u00e1s con distintas opciones para recibir apoyo de la gente preocupada por el futuro de las ni\u00f1as y ni\u00f1os que viven en condiciones vulnerables.<\/p>\n<p>El primer programa de apoyo es <em>Corazones en movimiento<\/em>, en el que la gente puede donar dinero que va dirigido a ni\u00f1os y ni\u00f1as en situaci\u00f3n de migraci\u00f3n. Si se desea realizar un donativo, acceder a: <a href=\"https:\/\/www.worldvisionmexico.org.mx\/corazones-en-movimiento\"><u>https:\/\/www.worldvisionmexico.org.mx\/corazones-en-movimiento<\/u><\/a><\/p>\n<p>Por otro lado, en <em>Socio con Causa <\/em>(<a href=\"https:\/\/www.worldvisionmexico.org.mx\/socio-con-causa\"><u>https:\/\/www.worldvisionmexico.org.mx\/socio-con-causa<\/u><\/a>) hay dos opciones para apoyar a la infancia de M\u00e9xico: la primera es que la gente se suscriba directamente a trav\u00e9s de la p\u00e1gina web por medio de una tarjeta de cr\u00e9dito o d\u00e9bito; y la segunda es dejar que uno de los asesores se comunique con el usuario interesado. Con el aporte del donatario, se pretende que dentro de la instituci\u00f3n se mejoren las \u00e1reas de educaci\u00f3n y aprendizaje, as\u00ed como el impulso del desarrollo econ\u00f3mico y sustentabilidad, protecci\u00f3n del medio ambiente y promoci\u00f3n de la igualdad y justicia social.<\/p>\n<p>Y en <em>Apadrina una historia<\/em>\u00a0( <a href=\"https:\/\/www.worldvisionmexico.org.mx\/apadrina-una-historia\"><u>https:\/\/www.worldvisionmexico.org.mx\/apadrina-una-historia<\/u><\/a>), los donantes pueden dar solo $17 pesos diarios para cambiar la vida de una ni\u00f1a, ni\u00f1o y su comunidad.<\/p>\n<p>Adem\u00e1s, World Vision M\u00e9xico abre sus puertas a la gente que desee ser parte de su equipo. Para postularse y conocer las vacantes disponibles, acceder al siguiente enlace: <a href=\"https:\/\/www.worldvisionmexico.org.mx\/trabaja-con-nosotros\"><u>https:\/\/www.worldvisionmexico.org.mx\/trabaja-con-nosotros<\/u><\/a><\/p>\n<p>Para comunicarse con la instituci\u00f3n, hacerlo mediante los siguientes contactos:<\/p>\n<p>P\u00e1gina web: <a href=\"https:\/\/www.worldvisionmexico.org.mx\/medios\"><u>https:\/\/www.worldvisionmexico.org.mx\/medios<\/u><\/a><\/p>\n<p>Tel\u00e9fonos: 55 1500 2222 \/ 55 8950 7103<\/p>\n<p>Correo electr\u00f3nico: <a href=\"mailto:atencionmx@wvi.org\"><u>atencionmx@wvi.org<\/u><\/a><\/p>\n","protected":false},"excerpt":{"rendered":"<p>Miles de personas lo han dejado todo. La b\u00fasqueda incansable de un hogar fuera de sus pa\u00edses ha obligado a los migrantes a asumir riesgos en la frontera norte de M\u00e9xico. En Tijuana, por ejemplo, hay historias de lucha de gente que busca una nueva oportunidad a pesar de que el camino est\u00e1 lleno de [&hellip;]<\/p>\n","protected":false},"author":5,"featured_media":834,"comment_status":"open","ping_status":"closed","sticky":false,"template":"","format":"standard","meta":{"footnotes":""},"categories":[6],"tags":[],"class_list":["post-833","post","type-post","status-publish","format-standard","has-post-thumbnail","hentry","category-noticias"],"yoast_head":"<!-- This site is optimized with the Yoast SEO plugin v27.5 - https:\/\/yoast.com\/product\/yoast-seo-wordpress\/ -->\n<title>World Vision M\u00e9xico: la esperanza para los migrantes y las comunidades desfavorecidas - Historias que inspiran...<\/title>\n<meta name=\"robots\" content=\"index, follow, max-snippet:-1, max-image-preview:large, max-video-preview:-1\" \/>\n<link rel=\"canonical\" href=\"https:\/\/somos-hermanos.mx\/index.php\/2025\/08\/04\/world-vision-mexico-la-esperanza-para-los-migrantes-y-las-comunidades-desfavorecidas\/\" \/>\n<meta property=\"og:locale\" content=\"es_MX\" \/>\n<meta property=\"og:type\" content=\"article\" \/>\n<meta property=\"og:title\" content=\"World Vision M\u00e9xico: la esperanza para los migrantes y las comunidades desfavorecidas - Historias que inspiran...\" \/>\n<meta property=\"og:description\" content=\"Miles de personas lo han dejado todo. La b\u00fasqueda incansable de un hogar fuera de sus pa\u00edses ha obligado a los migrantes a asumir riesgos en la frontera norte de M\u00e9xico. En Tijuana, por ejemplo, hay historias de lucha de gente que busca una nueva oportunidad a pesar de que el camino est\u00e1 lleno de [&hellip;]\" \/>\n<meta property=\"og:url\" content=\"https:\/\/somos-hermanos.mx\/index.php\/2025\/08\/04\/world-vision-mexico-la-esperanza-para-los-migrantes-y-las-comunidades-desfavorecidas\/\" \/>\n<meta property=\"og:site_name\" content=\"Historias que inspiran...\" \/>\n<meta property=\"article:publisher\" content=\"https:\/\/www.facebook.com\/SomosHermanosIAP\/\" \/>\n<meta property=\"article:published_time\" content=\"2025-08-04T08:54:32+00:00\" \/>\n<meta property=\"og:image\" content=\"https:\/\/somos-hermanos.mx\/wp-content\/uploads\/2025\/08\/wv2.jpeg\" \/>\n\t<meta property=\"og:image:width\" content=\"1080\" \/>\n\t<meta property=\"og:image:height\" content=\"1080\" \/>\n\t<meta property=\"og:image:type\" content=\"image\/jpeg\" \/>\n<meta name=\"author\" content=\"Ian Castelo Espinoza\" \/>\n<meta name=\"twitter:card\" content=\"summary_large_image\" \/>\n<meta name=\"twitter:creator\" content=\"@Somos__Hermanos\" \/>\n<meta name=\"twitter:site\" content=\"@Somos__Hermanos\" \/>\n<meta name=\"twitter:label1\" content=\"Escrito por\" \/>\n\t<meta name=\"twitter:data1\" content=\"Ian Castelo Espinoza\" \/>\n\t<meta name=\"twitter:label2\" content=\"Tiempo de lectura\" \/>\n\t<meta name=\"twitter:data2\" content=\"5 minutos\" \/>\n<script type=\"application\/ld+json\" class=\"yoast-schema-graph\">{\"@context\":\"https:\\\/\\\/schema.org\",\"@graph\":[{\"@type\":\"Article\",\"@id\":\"https:\\\/\\\/somos-hermanos.mx\\\/index.php\\\/2025\\\/08\\\/04\\\/world-vision-mexico-la-esperanza-para-los-migrantes-y-las-comunidades-desfavorecidas\\\/#article\",\"isPartOf\":{\"@id\":\"https:\\\/\\\/somos-hermanos.mx\\\/index.php\\\/2025\\\/08\\\/04\\\/world-vision-mexico-la-esperanza-para-los-migrantes-y-las-comunidades-desfavorecidas\\\/\"},\"author\":{\"name\":\"Ian Castelo Espinoza\",\"@id\":\"https:\\\/\\\/somos-hermanos.mx\\\/#\\\/schema\\\/person\\\/a23e73fa301c31e448c416ffef691a79\"},\"headline\":\"World Vision M\u00e9xico: la esperanza para los migrantes y las comunidades desfavorecidas\",\"datePublished\":\"2025-08-04T08:54:32+00:00\",\"mainEntityOfPage\":{\"@id\":\"https:\\\/\\\/somos-hermanos.mx\\\/index.php\\\/2025\\\/08\\\/04\\\/world-vision-mexico-la-esperanza-para-los-migrantes-y-las-comunidades-desfavorecidas\\\/\"},\"wordCount\":1157,\"commentCount\":0,\"publisher\":{\"@id\":\"https:\\\/\\\/somos-hermanos.mx\\\/#organization\"},\"image\":{\"@id\":\"https:\\\/\\\/somos-hermanos.mx\\\/index.php\\\/2025\\\/08\\\/04\\\/world-vision-mexico-la-esperanza-para-los-migrantes-y-las-comunidades-desfavorecidas\\\/#primaryimage\"},\"thumbnailUrl\":\"https:\\\/\\\/somos-hermanos.mx\\\/wp-content\\\/uploads\\\/2025\\\/08\\\/wv2.jpeg\",\"articleSection\":[\"Noticias\"],\"inLanguage\":\"es\",\"potentialAction\":[{\"@type\":\"CommentAction\",\"name\":\"Comment\",\"target\":[\"https:\\\/\\\/somos-hermanos.mx\\\/index.php\\\/2025\\\/08\\\/04\\\/world-vision-mexico-la-esperanza-para-los-migrantes-y-las-comunidades-desfavorecidas\\\/#respond\"]}]},{\"@type\":\"WebPage\",\"@id\":\"https:\\\/\\\/somos-hermanos.mx\\\/index.php\\\/2025\\\/08\\\/04\\\/world-vision-mexico-la-esperanza-para-los-migrantes-y-las-comunidades-desfavorecidas\\\/\",\"url\":\"https:\\\/\\\/somos-hermanos.mx\\\/index.php\\\/2025\\\/08\\\/04\\\/world-vision-mexico-la-esperanza-para-los-migrantes-y-las-comunidades-desfavorecidas\\\/\",\"name\":\"World Vision M\u00e9xico: la esperanza para los migrantes y las comunidades desfavorecidas - Historias que inspiran...\",\"isPartOf\":{\"@id\":\"https:\\\/\\\/somos-hermanos.mx\\\/#website\"},\"primaryImageOfPage\":{\"@id\":\"https:\\\/\\\/somos-hermanos.mx\\\/index.php\\\/2025\\\/08\\\/04\\\/world-vision-mexico-la-esperanza-para-los-migrantes-y-las-comunidades-desfavorecidas\\\/#primaryimage\"},\"image\":{\"@id\":\"https:\\\/\\\/somos-hermanos.mx\\\/index.php\\\/2025\\\/08\\\/04\\\/world-vision-mexico-la-esperanza-para-los-migrantes-y-las-comunidades-desfavorecidas\\\/#primaryimage\"},\"thumbnailUrl\":\"https:\\\/\\\/somos-hermanos.mx\\\/wp-content\\\/uploads\\\/2025\\\/08\\\/wv2.jpeg\",\"datePublished\":\"2025-08-04T08:54:32+00:00\",\"breadcrumb\":{\"@id\":\"https:\\\/\\\/somos-hermanos.mx\\\/index.php\\\/2025\\\/08\\\/04\\\/world-vision-mexico-la-esperanza-para-los-migrantes-y-las-comunidades-desfavorecidas\\\/#breadcrumb\"},\"inLanguage\":\"es\",\"potentialAction\":[{\"@type\":\"ReadAction\",\"target\":[\"https:\\\/\\\/somos-hermanos.mx\\\/index.php\\\/2025\\\/08\\\/04\\\/world-vision-mexico-la-esperanza-para-los-migrantes-y-las-comunidades-desfavorecidas\\\/\"]}]},{\"@type\":\"ImageObject\",\"inLanguage\":\"es\",\"@id\":\"https:\\\/\\\/somos-hermanos.mx\\\/index.php\\\/2025\\\/08\\\/04\\\/world-vision-mexico-la-esperanza-para-los-migrantes-y-las-comunidades-desfavorecidas\\\/#primaryimage\",\"url\":\"https:\\\/\\\/somos-hermanos.mx\\\/wp-content\\\/uploads\\\/2025\\\/08\\\/wv2.jpeg\",\"contentUrl\":\"https:\\\/\\\/somos-hermanos.mx\\\/wp-content\\\/uploads\\\/2025\\\/08\\\/wv2.jpeg\",\"width\":1080,\"height\":1080},{\"@type\":\"BreadcrumbList\",\"@id\":\"https:\\\/\\\/somos-hermanos.mx\\\/index.php\\\/2025\\\/08\\\/04\\\/world-vision-mexico-la-esperanza-para-los-migrantes-y-las-comunidades-desfavorecidas\\\/#breadcrumb\",\"itemListElement\":[{\"@type\":\"ListItem\",\"position\":1,\"name\":\"Inicio\",\"item\":\"https:\\\/\\\/somos-hermanos.mx\\\/\"},{\"@type\":\"ListItem\",\"position\":2,\"name\":\"World Vision M\u00e9xico: la esperanza para los migrantes y las comunidades desfavorecidas\"}]},{\"@type\":\"WebSite\",\"@id\":\"https:\\\/\\\/somos-hermanos.mx\\\/#website\",\"url\":\"https:\\\/\\\/somos-hermanos.mx\\\/\",\"name\":\"Historias que inspiran...\",\"description\":\"Somos la voz del altruismo en M\u00e9xico\",\"publisher\":{\"@id\":\"https:\\\/\\\/somos-hermanos.mx\\\/#organization\"},\"potentialAction\":[{\"@type\":\"SearchAction\",\"target\":{\"@type\":\"EntryPoint\",\"urlTemplate\":\"https:\\\/\\\/somos-hermanos.mx\\\/?s={search_term_string}\"},\"query-input\":{\"@type\":\"PropertyValueSpecification\",\"valueRequired\":true,\"valueName\":\"search_term_string\"}}],\"inLanguage\":\"es\"},{\"@type\":\"Organization\",\"@id\":\"https:\\\/\\\/somos-hermanos.mx\\\/#organization\",\"name\":\"Somos Hermanos\",\"url\":\"https:\\\/\\\/somos-hermanos.mx\\\/\",\"logo\":{\"@type\":\"ImageObject\",\"inLanguage\":\"es\",\"@id\":\"https:\\\/\\\/somos-hermanos.mx\\\/#\\\/schema\\\/logo\\\/image\\\/\",\"url\":\"https:\\\/\\\/somos-hermanos.mx\\\/wp-content\\\/uploads\\\/2025\\\/08\\\/SH30-1.jpeg\",\"contentUrl\":\"https:\\\/\\\/somos-hermanos.mx\\\/wp-content\\\/uploads\\\/2025\\\/08\\\/SH30-1.jpeg\",\"width\":1600,\"height\":1142,\"caption\":\"Somos Hermanos\"},\"image\":{\"@id\":\"https:\\\/\\\/somos-hermanos.mx\\\/#\\\/schema\\\/logo\\\/image\\\/\"},\"sameAs\":[\"https:\\\/\\\/www.facebook.com\\\/SomosHermanosIAP\\\/\",\"https:\\\/\\\/x.com\\\/Somos__Hermanos\",\"https:\\\/\\\/www.instagram.com\\\/somos__hermanos\\\/#\",\"https:\\\/\\\/www.tiktok.com\\\/@somoshermanosiap\",\"https:\\\/\\\/www.youtube.com\\\/@somoshermanosiap1201\\\/videos\"]},{\"@type\":\"Person\",\"@id\":\"https:\\\/\\\/somos-hermanos.mx\\\/#\\\/schema\\\/person\\\/a23e73fa301c31e448c416ffef691a79\",\"name\":\"Ian Castelo Espinoza\",\"image\":{\"@type\":\"ImageObject\",\"inLanguage\":\"es\",\"@id\":\"https:\\\/\\\/secure.gravatar.com\\\/avatar\\\/f6d3daeb57e01d563e3f3a1d9b44389ba979de308271e31fe81ed15d473ce852?s=96&d=mm&r=g\",\"url\":\"https:\\\/\\\/secure.gravatar.com\\\/avatar\\\/f6d3daeb57e01d563e3f3a1d9b44389ba979de308271e31fe81ed15d473ce852?s=96&d=mm&r=g\",\"contentUrl\":\"https:\\\/\\\/secure.gravatar.com\\\/avatar\\\/f6d3daeb57e01d563e3f3a1d9b44389ba979de308271e31fe81ed15d473ce852?s=96&d=mm&r=g\",\"caption\":\"Ian Castelo Espinoza\"},\"url\":\"https:\\\/\\\/somos-hermanos.mx\\\/index.php\\\/author\\\/ian-castelo-espinoza\\\/\"}]}<\/script>\n<!-- \/ Yoast SEO plugin. -->","yoast_head_json":{"title":"World Vision M\u00e9xico: la esperanza para los migrantes y las comunidades desfavorecidas - Historias que inspiran...","robots":{"index":"index","follow":"follow","max-snippet":"max-snippet:-1","max-image-preview":"max-image-preview:large","max-video-preview":"max-video-preview:-1"},"canonical":"https:\/\/somos-hermanos.mx\/index.php\/2025\/08\/04\/world-vision-mexico-la-esperanza-para-los-migrantes-y-las-comunidades-desfavorecidas\/","og_locale":"es_MX","og_type":"article","og_title":"World Vision M\u00e9xico: la esperanza para los migrantes y las comunidades desfavorecidas - Historias que inspiran...","og_description":"Miles de personas lo han dejado todo. La b\u00fasqueda incansable de un hogar fuera de sus pa\u00edses ha obligado a los migrantes a asumir riesgos en la frontera norte de M\u00e9xico. En Tijuana, por ejemplo, hay historias de lucha de gente que busca una nueva oportunidad a pesar de que el camino est\u00e1 lleno de [&hellip;]","og_url":"https:\/\/somos-hermanos.mx\/index.php\/2025\/08\/04\/world-vision-mexico-la-esperanza-para-los-migrantes-y-las-comunidades-desfavorecidas\/","og_site_name":"Historias que inspiran...","article_publisher":"https:\/\/www.facebook.com\/SomosHermanosIAP\/","article_published_time":"2025-08-04T08:54:32+00:00","og_image":[{"width":1080,"height":1080,"url":"https:\/\/somos-hermanos.mx\/wp-content\/uploads\/2025\/08\/wv2.jpeg","type":"image\/jpeg"}],"author":"Ian Castelo Espinoza","twitter_card":"summary_large_image","twitter_creator":"@Somos__Hermanos","twitter_site":"@Somos__Hermanos","twitter_misc":{"Escrito por":"Ian Castelo Espinoza","Tiempo de lectura":"5 minutos"},"schema":{"@context":"https:\/\/schema.org","@graph":[{"@type":"Article","@id":"https:\/\/somos-hermanos.mx\/index.php\/2025\/08\/04\/world-vision-mexico-la-esperanza-para-los-migrantes-y-las-comunidades-desfavorecidas\/#article","isPartOf":{"@id":"https:\/\/somos-hermanos.mx\/index.php\/2025\/08\/04\/world-vision-mexico-la-esperanza-para-los-migrantes-y-las-comunidades-desfavorecidas\/"},"author":{"name":"Ian Castelo Espinoza","@id":"https:\/\/somos-hermanos.mx\/#\/schema\/person\/a23e73fa301c31e448c416ffef691a79"},"headline":"World Vision M\u00e9xico: la esperanza para los migrantes y las comunidades desfavorecidas","datePublished":"2025-08-04T08:54:32+00:00","mainEntityOfPage":{"@id":"https:\/\/somos-hermanos.mx\/index.php\/2025\/08\/04\/world-vision-mexico-la-esperanza-para-los-migrantes-y-las-comunidades-desfavorecidas\/"},"wordCount":1157,"commentCount":0,"publisher":{"@id":"https:\/\/somos-hermanos.mx\/#organization"},"image":{"@id":"https:\/\/somos-hermanos.mx\/index.php\/2025\/08\/04\/world-vision-mexico-la-esperanza-para-los-migrantes-y-las-comunidades-desfavorecidas\/#primaryimage"},"thumbnailUrl":"https:\/\/somos-hermanos.mx\/wp-content\/uploads\/2025\/08\/wv2.jpeg","articleSection":["Noticias"],"inLanguage":"es","potentialAction":[{"@type":"CommentAction","name":"Comment","target":["https:\/\/somos-hermanos.mx\/index.php\/2025\/08\/04\/world-vision-mexico-la-esperanza-para-los-migrantes-y-las-comunidades-desfavorecidas\/#respond"]}]},{"@type":"WebPage","@id":"https:\/\/somos-hermanos.mx\/index.php\/2025\/08\/04\/world-vision-mexico-la-esperanza-para-los-migrantes-y-las-comunidades-desfavorecidas\/","url":"https:\/\/somos-hermanos.mx\/index.php\/2025\/08\/04\/world-vision-mexico-la-esperanza-para-los-migrantes-y-las-comunidades-desfavorecidas\/","name":"World Vision M\u00e9xico: la esperanza para los migrantes y las comunidades desfavorecidas - Historias que inspiran...","isPartOf":{"@id":"https:\/\/somos-hermanos.mx\/#website"},"primaryImageOfPage":{"@id":"https:\/\/somos-hermanos.mx\/index.php\/2025\/08\/04\/world-vision-mexico-la-esperanza-para-los-migrantes-y-las-comunidades-desfavorecidas\/#primaryimage"},"image":{"@id":"https:\/\/somos-hermanos.mx\/index.php\/2025\/08\/04\/world-vision-mexico-la-esperanza-para-los-migrantes-y-las-comunidades-desfavorecidas\/#primaryimage"},"thumbnailUrl":"https:\/\/somos-hermanos.mx\/wp-content\/uploads\/2025\/08\/wv2.jpeg","datePublished":"2025-08-04T08:54:32+00:00","breadcrumb":{"@id":"https:\/\/somos-hermanos.mx\/index.php\/2025\/08\/04\/world-vision-mexico-la-esperanza-para-los-migrantes-y-las-comunidades-desfavorecidas\/#breadcrumb"},"inLanguage":"es","potentialAction":[{"@type":"ReadAction","target":["https:\/\/somos-hermanos.mx\/index.php\/2025\/08\/04\/world-vision-mexico-la-esperanza-para-los-migrantes-y-las-comunidades-desfavorecidas\/"]}]},{"@type":"ImageObject","inLanguage":"es","@id":"https:\/\/somos-hermanos.mx\/index.php\/2025\/08\/04\/world-vision-mexico-la-esperanza-para-los-migrantes-y-las-comunidades-desfavorecidas\/#primaryimage","url":"https:\/\/somos-hermanos.mx\/wp-content\/uploads\/2025\/08\/wv2.jpeg","contentUrl":"https:\/\/somos-hermanos.mx\/wp-content\/uploads\/2025\/08\/wv2.jpeg","width":1080,"height":1080},{"@type":"BreadcrumbList","@id":"https:\/\/somos-hermanos.mx\/index.php\/2025\/08\/04\/world-vision-mexico-la-esperanza-para-los-migrantes-y-las-comunidades-desfavorecidas\/#breadcrumb","itemListElement":[{"@type":"ListItem","position":1,"name":"Inicio","item":"https:\/\/somos-hermanos.mx\/"},{"@type":"ListItem","position":2,"name":"World Vision M\u00e9xico: la esperanza para los migrantes y las comunidades desfavorecidas"}]},{"@type":"WebSite","@id":"https:\/\/somos-hermanos.mx\/#website","url":"https:\/\/somos-hermanos.mx\/","name":"Historias que inspiran...","description":"Somos la voz del altruismo en M\u00e9xico","publisher":{"@id":"https:\/\/somos-hermanos.mx\/#organization"},"potentialAction":[{"@type":"SearchAction","target":{"@type":"EntryPoint","urlTemplate":"https:\/\/somos-hermanos.mx\/?s={search_term_string}"},"query-input":{"@type":"PropertyValueSpecification","valueRequired":true,"valueName":"search_term_string"}}],"inLanguage":"es"},{"@type":"Organization","@id":"https:\/\/somos-hermanos.mx\/#organization","name":"Somos Hermanos","url":"https:\/\/somos-hermanos.mx\/","logo":{"@type":"ImageObject","inLanguage":"es","@id":"https:\/\/somos-hermanos.mx\/#\/schema\/logo\/image\/","url":"https:\/\/somos-hermanos.mx\/wp-content\/uploads\/2025\/08\/SH30-1.jpeg","contentUrl":"https:\/\/somos-hermanos.mx\/wp-content\/uploads\/2025\/08\/SH30-1.jpeg","width":1600,"height":1142,"caption":"Somos Hermanos"},"image":{"@id":"https:\/\/somos-hermanos.mx\/#\/schema\/logo\/image\/"},"sameAs":["https:\/\/www.facebook.com\/SomosHermanosIAP\/","https:\/\/x.com\/Somos__Hermanos","https:\/\/www.instagram.com\/somos__hermanos\/#","https:\/\/www.tiktok.com\/@somoshermanosiap","https:\/\/www.youtube.com\/@somoshermanosiap1201\/videos"]},{"@type":"Person","@id":"https:\/\/somos-hermanos.mx\/#\/schema\/person\/a23e73fa301c31e448c416ffef691a79","name":"Ian Castelo Espinoza","image":{"@type":"ImageObject","inLanguage":"es","@id":"https:\/\/secure.gravatar.com\/avatar\/f6d3daeb57e01d563e3f3a1d9b44389ba979de308271e31fe81ed15d473ce852?s=96&d=mm&r=g","url":"https:\/\/secure.gravatar.com\/avatar\/f6d3daeb57e01d563e3f3a1d9b44389ba979de308271e31fe81ed15d473ce852?s=96&d=mm&r=g","contentUrl":"https:\/\/secure.gravatar.com\/avatar\/f6d3daeb57e01d563e3f3a1d9b44389ba979de308271e31fe81ed15d473ce852?s=96&d=mm&r=g","caption":"Ian Castelo Espinoza"},"url":"https:\/\/somos-hermanos.mx\/index.php\/author\/ian-castelo-espinoza\/"}]}},"_links":{"self":[{"href":"https:\/\/somos-hermanos.mx\/index.php\/wp-json\/wp\/v2\/posts\/833","targetHints":{"allow":["GET"]}}],"collection":[{"href":"https:\/\/somos-hermanos.mx\/index.php\/wp-json\/wp\/v2\/posts"}],"about":[{"href":"https:\/\/somos-hermanos.mx\/index.php\/wp-json\/wp\/v2\/types\/post"}],"author":[{"embeddable":true,"href":"https:\/\/somos-hermanos.mx\/index.php\/wp-json\/wp\/v2\/users\/5"}],"replies":[{"embeddable":true,"href":"https:\/\/somos-hermanos.mx\/index.php\/wp-json\/wp\/v2\/comments?post=833"}],"version-history":[{"count":1,"href":"https:\/\/somos-hermanos.mx\/index.php\/wp-json\/wp\/v2\/posts\/833\/revisions"}],"predecessor-version":[{"id":835,"href":"https:\/\/somos-hermanos.mx\/index.php\/wp-json\/wp\/v2\/posts\/833\/revisions\/835"}],"wp:featuredmedia":[{"embeddable":true,"href":"https:\/\/somos-hermanos.mx\/index.php\/wp-json\/wp\/v2\/media\/834"}],"wp:attachment":[{"href":"https:\/\/somos-hermanos.mx\/index.php\/wp-json\/wp\/v2\/media?parent=833"}],"wp:term":[{"taxonomy":"category","embeddable":true,"href":"https:\/\/somos-hermanos.mx\/index.php\/wp-json\/wp\/v2\/categories?post=833"},{"taxonomy":"post_tag","embeddable":true,"href":"https:\/\/somos-hermanos.mx\/index.php\/wp-json\/wp\/v2\/tags?post=833"}],"curies":[{"name":"wp","href":"https:\/\/api.w.org\/{rel}","templated":true}]}}