{"id":830,"date":"2025-08-04T02:53:16","date_gmt":"2025-08-04T08:53:16","guid":{"rendered":"https:\/\/somos-hermanos.mx\/?p=830"},"modified":"2025-08-04T02:53:16","modified_gmt":"2025-08-04T08:53:16","slug":"ibby-mexico-lleva-a-la-lectura-a-todo-el-pais","status":"publish","type":"post","link":"https:\/\/somos-hermanos.mx\/index.php\/2025\/08\/04\/ibby-mexico-lleva-a-la-lectura-a-todo-el-pais\/","title":{"rendered":"IBBY M\u00e9xico: Lleva a la lectura a todo el pa\u00eds"},"content":{"rendered":"<p>Los libros y la lectura, en algunos casos, pueden ser una actividad relegada a un segundo plano; ya sea porque la actividad no es del gusto particular o porque a\u00fan no se encuentra con el momento o libro ideal para introducirse por completo a este mundo. Sin embargo, tambi\u00e9n hay factores como el econ\u00f3mico y del tiempo, en donde el acceso a este recurso puede ser de dificultad.<\/p>\n<p>De acuerdo con los resultados del M\u00f3dulo sobre de Lectura (MOLEC), publicados por el INEGI en 2024, el 30.4% de la poblaci\u00f3n alfabeta mayor de 18 a\u00f1os no lee libros, revistas, peri\u00f3dicos, historietas, etc. Mientras que en el 69.6% si lee alguna o varias de estas modalidades escritas.<\/p>\n<p>En comparaci\u00f3n de los resultados que se dieron en el a\u00f1o 2015, podemos observar una disminuci\u00f3n de casi 14.2% de personas lectoras, ya que, en ese mismo a\u00f1o, el 84.2% de la poblaci\u00f3n alfabeta consum\u00eda alg\u00fan tipo de material de lectura.<\/p>\n<p><strong>La lectura no solo es un lugar de conocimiento o de consumo intelectual, sino que tambi\u00e9n busca conectar con los lectores a trav\u00e9s de experiencias y emociones, <\/strong>de dejar ense\u00f1anzas y ser como un amigo o amiga que siempre puedes encontrar en cada una de sus p\u00e1ginas.<\/p>\n<p>IBBY M\u00e9xico, una instituci\u00f3n de asistencia privada sin fines de lucro, busca que el h\u00e1bito de la lectura sea accesible para todos: desde los m\u00e1s peque\u00f1os, hasta las personas adultas. IBBY concibe a los libros como una herramienta b\u00e1sica que contribuye al desarrollo personal, socio-emocional y cognitivo; desarrollando a su vez una sociedad m\u00e1s solidaria y cr\u00edtica.<\/p>\n<p>IBBY naci\u00f3 en 1979, de la mano de Carmen Esteva de Garc\u00eda Moreno. Siendo esta organizaci\u00f3n registrada el a\u00f1o siguiente como la Secci\u00f3n Mexicana de IBBY: International Board on Books For Young People; <strong>hasta el d\u00eda de hoy, permanece como un faro para la promoci\u00f3n y difusi\u00f3n de la lectura, poniendo a disposici\u00f3n los libros y material de lectura a quien lo busque y desee.<\/strong><\/p>\n<p>Con presencia nacional e internacional, esta instituci\u00f3n se encuentra presente en 80 naciones\u2013 entre ellas M\u00e9xico\u2013, en donde tambi\u00e9n colaboran con otros organismos y organizaciones, tanto privadas como p\u00fablicas y de gobierno, para seguir difundiendo la lectura y la alfabetizaci\u00f3n.<\/p>\n<p>Actualmente, IBBY M\u00e9xico cuenta con una biblioteca presencial y un acervo en l\u00ednea para su consulta, la cual est\u00e1 abierta y disponible a todo p\u00fablico.<\/p>\n<p>Asimismo, cuenta con los <em>bunkos<\/em>: t\u00e9rmino y tem\u00e1tica que tiene su origen en Jap\u00f3n desde 1951, en donde se crean peque\u00f1as bibliotecas comunitarias en diversos barrios, colonias, etc. A la par, cada a\u00f1o publican una lista anual de libros recomendados, los cuales se enfocan principalmente en lecturas para infancias y j\u00f3venes. IBBY M\u00e9xico sostiene su labor tanto por donaciones y voluntariados.<\/p>\n","protected":false},"excerpt":{"rendered":"<p>Los libros y la lectura, en algunos casos, pueden ser una actividad relegada a un segundo plano; ya sea porque la actividad no es del gusto particular o porque a\u00fan no se encuentra con el momento o libro ideal para introducirse por completo a este mundo. Sin embargo, tambi\u00e9n hay factores como el econ\u00f3mico y [&hellip;]<\/p>\n","protected":false},"author":17,"featured_media":831,"comment_status":"open","ping_status":"closed","sticky":false,"template":"","format":"standard","meta":{"footnotes":""},"categories":[6],"tags":[],"class_list":["post-830","post","type-post","status-publish","format-standard","has-post-thumbnail","hentry","category-noticias"],"yoast_head":"<!-- This site is optimized with the Yoast SEO plugin v27.5 - https:\/\/yoast.com\/product\/yoast-seo-wordpress\/ -->\n<title>IBBY M\u00e9xico: Lleva a la lectura a todo el pa\u00eds - Historias que inspiran...<\/title>\n<meta name=\"robots\" content=\"index, follow, max-snippet:-1, max-image-preview:large, max-video-preview:-1\" \/>\n<link rel=\"canonical\" href=\"https:\/\/somos-hermanos.mx\/index.php\/2025\/08\/04\/ibby-mexico-lleva-a-la-lectura-a-todo-el-pais\/\" \/>\n<meta property=\"og:locale\" content=\"es_MX\" \/>\n<meta property=\"og:type\" content=\"article\" \/>\n<meta property=\"og:title\" content=\"IBBY M\u00e9xico: Lleva a la lectura a todo el pa\u00eds - Historias que inspiran...\" \/>\n<meta property=\"og:description\" content=\"Los libros y la lectura, en algunos casos, pueden ser una actividad relegada a un segundo plano; ya sea porque la actividad no es del gusto particular o porque a\u00fan no se encuentra con el momento o libro ideal para introducirse por completo a este mundo. Sin embargo, tambi\u00e9n hay factores como el econ\u00f3mico y [&hellip;]\" \/>\n<meta property=\"og:url\" content=\"https:\/\/somos-hermanos.mx\/index.php\/2025\/08\/04\/ibby-mexico-lleva-a-la-lectura-a-todo-el-pais\/\" \/>\n<meta property=\"og:site_name\" content=\"Historias que inspiran...\" \/>\n<meta property=\"article:publisher\" content=\"https:\/\/www.facebook.com\/SomosHermanosIAP\/\" \/>\n<meta property=\"article:published_time\" content=\"2025-08-04T08:53:16+00:00\" \/>\n<meta property=\"og:image\" content=\"https:\/\/somos-hermanos.mx\/wp-content\/uploads\/2025\/08\/ibb.jpeg\" \/>\n\t<meta property=\"og:image:width\" content=\"400\" \/>\n\t<meta property=\"og:image:height\" content=\"400\" \/>\n\t<meta property=\"og:image:type\" content=\"image\/jpeg\" \/>\n<meta name=\"author\" content=\"Ana Barroso Garc\u00eda\" \/>\n<meta name=\"twitter:card\" content=\"summary_large_image\" \/>\n<meta name=\"twitter:creator\" content=\"@Somos__Hermanos\" \/>\n<meta name=\"twitter:site\" content=\"@Somos__Hermanos\" \/>\n<meta name=\"twitter:label1\" content=\"Escrito por\" \/>\n\t<meta name=\"twitter:data1\" content=\"Ana Barroso Garc\u00eda\" \/>\n\t<meta name=\"twitter:label2\" content=\"Tiempo de lectura\" \/>\n\t<meta name=\"twitter:data2\" content=\"3 minutos\" \/>\n<script type=\"application\/ld+json\" class=\"yoast-schema-graph\">{\"@context\":\"https:\\\/\\\/schema.org\",\"@graph\":[{\"@type\":\"Article\",\"@id\":\"https:\\\/\\\/somos-hermanos.mx\\\/index.php\\\/2025\\\/08\\\/04\\\/ibby-mexico-lleva-a-la-lectura-a-todo-el-pais\\\/#article\",\"isPartOf\":{\"@id\":\"https:\\\/\\\/somos-hermanos.mx\\\/index.php\\\/2025\\\/08\\\/04\\\/ibby-mexico-lleva-a-la-lectura-a-todo-el-pais\\\/\"},\"author\":{\"name\":\"Ana Barroso Garc\u00eda\",\"@id\":\"https:\\\/\\\/somos-hermanos.mx\\\/#\\\/schema\\\/person\\\/63147baf7f8f25d37fd540b4579d022d\"},\"headline\":\"IBBY M\u00e9xico: Lleva a la lectura a todo el pa\u00eds\",\"datePublished\":\"2025-08-04T08:53:16+00:00\",\"mainEntityOfPage\":{\"@id\":\"https:\\\/\\\/somos-hermanos.mx\\\/index.php\\\/2025\\\/08\\\/04\\\/ibby-mexico-lleva-a-la-lectura-a-todo-el-pais\\\/\"},\"wordCount\":503,\"commentCount\":0,\"publisher\":{\"@id\":\"https:\\\/\\\/somos-hermanos.mx\\\/#organization\"},\"image\":{\"@id\":\"https:\\\/\\\/somos-hermanos.mx\\\/index.php\\\/2025\\\/08\\\/04\\\/ibby-mexico-lleva-a-la-lectura-a-todo-el-pais\\\/#primaryimage\"},\"thumbnailUrl\":\"https:\\\/\\\/somos-hermanos.mx\\\/wp-content\\\/uploads\\\/2025\\\/08\\\/ibb.jpeg\",\"articleSection\":[\"Noticias\"],\"inLanguage\":\"es\",\"potentialAction\":[{\"@type\":\"CommentAction\",\"name\":\"Comment\",\"target\":[\"https:\\\/\\\/somos-hermanos.mx\\\/index.php\\\/2025\\\/08\\\/04\\\/ibby-mexico-lleva-a-la-lectura-a-todo-el-pais\\\/#respond\"]}]},{\"@type\":\"WebPage\",\"@id\":\"https:\\\/\\\/somos-hermanos.mx\\\/index.php\\\/2025\\\/08\\\/04\\\/ibby-mexico-lleva-a-la-lectura-a-todo-el-pais\\\/\",\"url\":\"https:\\\/\\\/somos-hermanos.mx\\\/index.php\\\/2025\\\/08\\\/04\\\/ibby-mexico-lleva-a-la-lectura-a-todo-el-pais\\\/\",\"name\":\"IBBY M\u00e9xico: Lleva a la lectura a todo el pa\u00eds - Historias que inspiran...\",\"isPartOf\":{\"@id\":\"https:\\\/\\\/somos-hermanos.mx\\\/#website\"},\"primaryImageOfPage\":{\"@id\":\"https:\\\/\\\/somos-hermanos.mx\\\/index.php\\\/2025\\\/08\\\/04\\\/ibby-mexico-lleva-a-la-lectura-a-todo-el-pais\\\/#primaryimage\"},\"image\":{\"@id\":\"https:\\\/\\\/somos-hermanos.mx\\\/index.php\\\/2025\\\/08\\\/04\\\/ibby-mexico-lleva-a-la-lectura-a-todo-el-pais\\\/#primaryimage\"},\"thumbnailUrl\":\"https:\\\/\\\/somos-hermanos.mx\\\/wp-content\\\/uploads\\\/2025\\\/08\\\/ibb.jpeg\",\"datePublished\":\"2025-08-04T08:53:16+00:00\",\"breadcrumb\":{\"@id\":\"https:\\\/\\\/somos-hermanos.mx\\\/index.php\\\/2025\\\/08\\\/04\\\/ibby-mexico-lleva-a-la-lectura-a-todo-el-pais\\\/#breadcrumb\"},\"inLanguage\":\"es\",\"potentialAction\":[{\"@type\":\"ReadAction\",\"target\":[\"https:\\\/\\\/somos-hermanos.mx\\\/index.php\\\/2025\\\/08\\\/04\\\/ibby-mexico-lleva-a-la-lectura-a-todo-el-pais\\\/\"]}]},{\"@type\":\"ImageObject\",\"inLanguage\":\"es\",\"@id\":\"https:\\\/\\\/somos-hermanos.mx\\\/index.php\\\/2025\\\/08\\\/04\\\/ibby-mexico-lleva-a-la-lectura-a-todo-el-pais\\\/#primaryimage\",\"url\":\"https:\\\/\\\/somos-hermanos.mx\\\/wp-content\\\/uploads\\\/2025\\\/08\\\/ibb.jpeg\",\"contentUrl\":\"https:\\\/\\\/somos-hermanos.mx\\\/wp-content\\\/uploads\\\/2025\\\/08\\\/ibb.jpeg\",\"width\":400,\"height\":400},{\"@type\":\"BreadcrumbList\",\"@id\":\"https:\\\/\\\/somos-hermanos.mx\\\/index.php\\\/2025\\\/08\\\/04\\\/ibby-mexico-lleva-a-la-lectura-a-todo-el-pais\\\/#breadcrumb\",\"itemListElement\":[{\"@type\":\"ListItem\",\"position\":1,\"name\":\"Inicio\",\"item\":\"https:\\\/\\\/somos-hermanos.mx\\\/\"},{\"@type\":\"ListItem\",\"position\":2,\"name\":\"IBBY M\u00e9xico: Lleva a la lectura a todo el pa\u00eds\"}]},{\"@type\":\"WebSite\",\"@id\":\"https:\\\/\\\/somos-hermanos.mx\\\/#website\",\"url\":\"https:\\\/\\\/somos-hermanos.mx\\\/\",\"name\":\"Historias que inspiran...\",\"description\":\"Somos la voz del altruismo en M\u00e9xico\",\"publisher\":{\"@id\":\"https:\\\/\\\/somos-hermanos.mx\\\/#organization\"},\"potentialAction\":[{\"@type\":\"SearchAction\",\"target\":{\"@type\":\"EntryPoint\",\"urlTemplate\":\"https:\\\/\\\/somos-hermanos.mx\\\/?s={search_term_string}\"},\"query-input\":{\"@type\":\"PropertyValueSpecification\",\"valueRequired\":true,\"valueName\":\"search_term_string\"}}],\"inLanguage\":\"es\"},{\"@type\":\"Organization\",\"@id\":\"https:\\\/\\\/somos-hermanos.mx\\\/#organization\",\"name\":\"Somos Hermanos\",\"url\":\"https:\\\/\\\/somos-hermanos.mx\\\/\",\"logo\":{\"@type\":\"ImageObject\",\"inLanguage\":\"es\",\"@id\":\"https:\\\/\\\/somos-hermanos.mx\\\/#\\\/schema\\\/logo\\\/image\\\/\",\"url\":\"https:\\\/\\\/somos-hermanos.mx\\\/wp-content\\\/uploads\\\/2025\\\/08\\\/SH30-1.jpeg\",\"contentUrl\":\"https:\\\/\\\/somos-hermanos.mx\\\/wp-content\\\/uploads\\\/2025\\\/08\\\/SH30-1.jpeg\",\"width\":1600,\"height\":1142,\"caption\":\"Somos Hermanos\"},\"image\":{\"@id\":\"https:\\\/\\\/somos-hermanos.mx\\\/#\\\/schema\\\/logo\\\/image\\\/\"},\"sameAs\":[\"https:\\\/\\\/www.facebook.com\\\/SomosHermanosIAP\\\/\",\"https:\\\/\\\/x.com\\\/Somos__Hermanos\",\"https:\\\/\\\/www.instagram.com\\\/somos__hermanos\\\/#\",\"https:\\\/\\\/www.tiktok.com\\\/@somoshermanosiap\",\"https:\\\/\\\/www.youtube.com\\\/@somoshermanosiap1201\\\/videos\"]},{\"@type\":\"Person\",\"@id\":\"https:\\\/\\\/somos-hermanos.mx\\\/#\\\/schema\\\/person\\\/63147baf7f8f25d37fd540b4579d022d\",\"name\":\"Ana Barroso Garc\u00eda\",\"image\":{\"@type\":\"ImageObject\",\"inLanguage\":\"es\",\"@id\":\"https:\\\/\\\/secure.gravatar.com\\\/avatar\\\/99424aceaeb520d9a017933f94c398823624182d51f42fe1b87fb56103345fc7?s=96&d=mm&r=g\",\"url\":\"https:\\\/\\\/secure.gravatar.com\\\/avatar\\\/99424aceaeb520d9a017933f94c398823624182d51f42fe1b87fb56103345fc7?s=96&d=mm&r=g\",\"contentUrl\":\"https:\\\/\\\/secure.gravatar.com\\\/avatar\\\/99424aceaeb520d9a017933f94c398823624182d51f42fe1b87fb56103345fc7?s=96&d=mm&r=g\",\"caption\":\"Ana Barroso Garc\u00eda\"},\"url\":\"https:\\\/\\\/somos-hermanos.mx\\\/index.php\\\/author\\\/ana-barroso-garcia\\\/\"}]}<\/script>\n<!-- \/ Yoast SEO plugin. -->","yoast_head_json":{"title":"IBBY M\u00e9xico: Lleva a la lectura a todo el pa\u00eds - Historias que inspiran...","robots":{"index":"index","follow":"follow","max-snippet":"max-snippet:-1","max-image-preview":"max-image-preview:large","max-video-preview":"max-video-preview:-1"},"canonical":"https:\/\/somos-hermanos.mx\/index.php\/2025\/08\/04\/ibby-mexico-lleva-a-la-lectura-a-todo-el-pais\/","og_locale":"es_MX","og_type":"article","og_title":"IBBY M\u00e9xico: Lleva a la lectura a todo el pa\u00eds - Historias que inspiran...","og_description":"Los libros y la lectura, en algunos casos, pueden ser una actividad relegada a un segundo plano; ya sea porque la actividad no es del gusto particular o porque a\u00fan no se encuentra con el momento o libro ideal para introducirse por completo a este mundo. Sin embargo, tambi\u00e9n hay factores como el econ\u00f3mico y [&hellip;]","og_url":"https:\/\/somos-hermanos.mx\/index.php\/2025\/08\/04\/ibby-mexico-lleva-a-la-lectura-a-todo-el-pais\/","og_site_name":"Historias que inspiran...","article_publisher":"https:\/\/www.facebook.com\/SomosHermanosIAP\/","article_published_time":"2025-08-04T08:53:16+00:00","og_image":[{"width":400,"height":400,"url":"https:\/\/somos-hermanos.mx\/wp-content\/uploads\/2025\/08\/ibb.jpeg","type":"image\/jpeg"}],"author":"Ana Barroso Garc\u00eda","twitter_card":"summary_large_image","twitter_creator":"@Somos__Hermanos","twitter_site":"@Somos__Hermanos","twitter_misc":{"Escrito por":"Ana Barroso Garc\u00eda","Tiempo de lectura":"3 minutos"},"schema":{"@context":"https:\/\/schema.org","@graph":[{"@type":"Article","@id":"https:\/\/somos-hermanos.mx\/index.php\/2025\/08\/04\/ibby-mexico-lleva-a-la-lectura-a-todo-el-pais\/#article","isPartOf":{"@id":"https:\/\/somos-hermanos.mx\/index.php\/2025\/08\/04\/ibby-mexico-lleva-a-la-lectura-a-todo-el-pais\/"},"author":{"name":"Ana Barroso Garc\u00eda","@id":"https:\/\/somos-hermanos.mx\/#\/schema\/person\/63147baf7f8f25d37fd540b4579d022d"},"headline":"IBBY M\u00e9xico: Lleva a la lectura a todo el pa\u00eds","datePublished":"2025-08-04T08:53:16+00:00","mainEntityOfPage":{"@id":"https:\/\/somos-hermanos.mx\/index.php\/2025\/08\/04\/ibby-mexico-lleva-a-la-lectura-a-todo-el-pais\/"},"wordCount":503,"commentCount":0,"publisher":{"@id":"https:\/\/somos-hermanos.mx\/#organization"},"image":{"@id":"https:\/\/somos-hermanos.mx\/index.php\/2025\/08\/04\/ibby-mexico-lleva-a-la-lectura-a-todo-el-pais\/#primaryimage"},"thumbnailUrl":"https:\/\/somos-hermanos.mx\/wp-content\/uploads\/2025\/08\/ibb.jpeg","articleSection":["Noticias"],"inLanguage":"es","potentialAction":[{"@type":"CommentAction","name":"Comment","target":["https:\/\/somos-hermanos.mx\/index.php\/2025\/08\/04\/ibby-mexico-lleva-a-la-lectura-a-todo-el-pais\/#respond"]}]},{"@type":"WebPage","@id":"https:\/\/somos-hermanos.mx\/index.php\/2025\/08\/04\/ibby-mexico-lleva-a-la-lectura-a-todo-el-pais\/","url":"https:\/\/somos-hermanos.mx\/index.php\/2025\/08\/04\/ibby-mexico-lleva-a-la-lectura-a-todo-el-pais\/","name":"IBBY M\u00e9xico: Lleva a la lectura a todo el pa\u00eds - Historias que inspiran...","isPartOf":{"@id":"https:\/\/somos-hermanos.mx\/#website"},"primaryImageOfPage":{"@id":"https:\/\/somos-hermanos.mx\/index.php\/2025\/08\/04\/ibby-mexico-lleva-a-la-lectura-a-todo-el-pais\/#primaryimage"},"image":{"@id":"https:\/\/somos-hermanos.mx\/index.php\/2025\/08\/04\/ibby-mexico-lleva-a-la-lectura-a-todo-el-pais\/#primaryimage"},"thumbnailUrl":"https:\/\/somos-hermanos.mx\/wp-content\/uploads\/2025\/08\/ibb.jpeg","datePublished":"2025-08-04T08:53:16+00:00","breadcrumb":{"@id":"https:\/\/somos-hermanos.mx\/index.php\/2025\/08\/04\/ibby-mexico-lleva-a-la-lectura-a-todo-el-pais\/#breadcrumb"},"inLanguage":"es","potentialAction":[{"@type":"ReadAction","target":["https:\/\/somos-hermanos.mx\/index.php\/2025\/08\/04\/ibby-mexico-lleva-a-la-lectura-a-todo-el-pais\/"]}]},{"@type":"ImageObject","inLanguage":"es","@id":"https:\/\/somos-hermanos.mx\/index.php\/2025\/08\/04\/ibby-mexico-lleva-a-la-lectura-a-todo-el-pais\/#primaryimage","url":"https:\/\/somos-hermanos.mx\/wp-content\/uploads\/2025\/08\/ibb.jpeg","contentUrl":"https:\/\/somos-hermanos.mx\/wp-content\/uploads\/2025\/08\/ibb.jpeg","width":400,"height":400},{"@type":"BreadcrumbList","@id":"https:\/\/somos-hermanos.mx\/index.php\/2025\/08\/04\/ibby-mexico-lleva-a-la-lectura-a-todo-el-pais\/#breadcrumb","itemListElement":[{"@type":"ListItem","position":1,"name":"Inicio","item":"https:\/\/somos-hermanos.mx\/"},{"@type":"ListItem","position":2,"name":"IBBY M\u00e9xico: Lleva a la lectura a todo el pa\u00eds"}]},{"@type":"WebSite","@id":"https:\/\/somos-hermanos.mx\/#website","url":"https:\/\/somos-hermanos.mx\/","name":"Historias que inspiran...","description":"Somos la voz del altruismo en M\u00e9xico","publisher":{"@id":"https:\/\/somos-hermanos.mx\/#organization"},"potentialAction":[{"@type":"SearchAction","target":{"@type":"EntryPoint","urlTemplate":"https:\/\/somos-hermanos.mx\/?s={search_term_string}"},"query-input":{"@type":"PropertyValueSpecification","valueRequired":true,"valueName":"search_term_string"}}],"inLanguage":"es"},{"@type":"Organization","@id":"https:\/\/somos-hermanos.mx\/#organization","name":"Somos Hermanos","url":"https:\/\/somos-hermanos.mx\/","logo":{"@type":"ImageObject","inLanguage":"es","@id":"https:\/\/somos-hermanos.mx\/#\/schema\/logo\/image\/","url":"https:\/\/somos-hermanos.mx\/wp-content\/uploads\/2025\/08\/SH30-1.jpeg","contentUrl":"https:\/\/somos-hermanos.mx\/wp-content\/uploads\/2025\/08\/SH30-1.jpeg","width":1600,"height":1142,"caption":"Somos Hermanos"},"image":{"@id":"https:\/\/somos-hermanos.mx\/#\/schema\/logo\/image\/"},"sameAs":["https:\/\/www.facebook.com\/SomosHermanosIAP\/","https:\/\/x.com\/Somos__Hermanos","https:\/\/www.instagram.com\/somos__hermanos\/#","https:\/\/www.tiktok.com\/@somoshermanosiap","https:\/\/www.youtube.com\/@somoshermanosiap1201\/videos"]},{"@type":"Person","@id":"https:\/\/somos-hermanos.mx\/#\/schema\/person\/63147baf7f8f25d37fd540b4579d022d","name":"Ana Barroso Garc\u00eda","image":{"@type":"ImageObject","inLanguage":"es","@id":"https:\/\/secure.gravatar.com\/avatar\/99424aceaeb520d9a017933f94c398823624182d51f42fe1b87fb56103345fc7?s=96&d=mm&r=g","url":"https:\/\/secure.gravatar.com\/avatar\/99424aceaeb520d9a017933f94c398823624182d51f42fe1b87fb56103345fc7?s=96&d=mm&r=g","contentUrl":"https:\/\/secure.gravatar.com\/avatar\/99424aceaeb520d9a017933f94c398823624182d51f42fe1b87fb56103345fc7?s=96&d=mm&r=g","caption":"Ana Barroso Garc\u00eda"},"url":"https:\/\/somos-hermanos.mx\/index.php\/author\/ana-barroso-garcia\/"}]}},"_links":{"self":[{"href":"https:\/\/somos-hermanos.mx\/index.php\/wp-json\/wp\/v2\/posts\/830","targetHints":{"allow":["GET"]}}],"collection":[{"href":"https:\/\/somos-hermanos.mx\/index.php\/wp-json\/wp\/v2\/posts"}],"about":[{"href":"https:\/\/somos-hermanos.mx\/index.php\/wp-json\/wp\/v2\/types\/post"}],"author":[{"embeddable":true,"href":"https:\/\/somos-hermanos.mx\/index.php\/wp-json\/wp\/v2\/users\/17"}],"replies":[{"embeddable":true,"href":"https:\/\/somos-hermanos.mx\/index.php\/wp-json\/wp\/v2\/comments?post=830"}],"version-history":[{"count":1,"href":"https:\/\/somos-hermanos.mx\/index.php\/wp-json\/wp\/v2\/posts\/830\/revisions"}],"predecessor-version":[{"id":832,"href":"https:\/\/somos-hermanos.mx\/index.php\/wp-json\/wp\/v2\/posts\/830\/revisions\/832"}],"wp:featuredmedia":[{"embeddable":true,"href":"https:\/\/somos-hermanos.mx\/index.php\/wp-json\/wp\/v2\/media\/831"}],"wp:attachment":[{"href":"https:\/\/somos-hermanos.mx\/index.php\/wp-json\/wp\/v2\/media?parent=830"}],"wp:term":[{"taxonomy":"category","embeddable":true,"href":"https:\/\/somos-hermanos.mx\/index.php\/wp-json\/wp\/v2\/categories?post=830"},{"taxonomy":"post_tag","embeddable":true,"href":"https:\/\/somos-hermanos.mx\/index.php\/wp-json\/wp\/v2\/tags?post=830"}],"curies":[{"name":"wp","href":"https:\/\/api.w.org\/{rel}","templated":true}]}}