{"id":827,"date":"2025-08-04T02:52:19","date_gmt":"2025-08-04T08:52:19","guid":{"rendered":"https:\/\/somos-hermanos.mx\/?p=827"},"modified":"2025-08-04T02:52:19","modified_gmt":"2025-08-04T08:52:19","slug":"femac-dos-decadas-transformando-la-educacion-desde-el-corazon-de-puebla","status":"publish","type":"post","link":"https:\/\/somos-hermanos.mx\/index.php\/2025\/08\/04\/femac-dos-decadas-transformando-la-educacion-desde-el-corazon-de-puebla\/","title":{"rendered":"FEMAC: Dos d\u00e9cadas transformando la educaci\u00f3n desde el coraz\u00f3n de Puebla"},"content":{"rendered":"<p>Todo comenz\u00f3 en 1997 con un sue\u00f1o compartido. <strong>Un grupo de docentes universitarios, principalmente de la Universidad Aut\u00f3noma de Puebla, decidi\u00f3 unir esfuerzos para crear una propuesta acad\u00e9mica distinta, enfocada en los niveles superior, medio superior y de capacitaci\u00f3n para el trabajo.<\/strong>\u00a0As\u00ed naci\u00f3 la instituci\u00f3n que, en sus inicios, llev\u00f3 por nombre \u201cEscuela de Ingenier\u00eda y Comunicaci\u00f3n\u201d, con una visi\u00f3n clara: transformar la educaci\u00f3n desde sus cimientos.<\/p>\n<p>En 1998 se obtuvieron los primeros Reconocimientos de Validez Oficial de Estudios (RVOE) para programas de capacitaci\u00f3n laboral. Un a\u00f1o despu\u00e9s, en 1999, llegaron los primeros RVOE para licenciaturas. El proyecto crec\u00eda r\u00e1pidamente, y en el a\u00f1o 2002 se constituy\u00f3 formalmente como una asociaci\u00f3n civil bajo el nombre de Fundaci\u00f3n para la Educaci\u00f3n Multidisciplinaria AC (FEMAC), que hasta la fecha funge como el ente legal que agrupa todos los niveles acad\u00e9micos de la instituci\u00f3n.<\/p>\n<p>Ese mismo a\u00f1o, se obtuvieron los RVOE para impartir el Bachillerato Tecnol\u00f3gico, con especialidades en Computaci\u00f3n y Electricidad. En 2003, se dio un paso m\u00e1s con el cambio de denominaci\u00f3n institucional, adoptando el nombre de Instituto Central de M\u00e9xico para los niveles de educaci\u00f3n media superior y superior. En 2004, se ampli\u00f3 la oferta educativa con la incorporaci\u00f3n del Bachillerato General No Escolarizado (BGNE), y en 2007 se sum\u00f3 la carrera de Puericultura.<\/p>\n<p>La evoluci\u00f3n continu\u00f3. En 2010 se registr\u00f3 oficialmente la marca Universidad Central de M\u00e9xico ante el Instituto Mexicano de la Propiedad Industrial (IMPI), utilizada desde entonces para los programas de educaci\u00f3n superior. Un a\u00f1o m\u00e1s tarde, en 2011, se registr\u00f3 la marca Instituto Central de M\u00e9xico para el nivel medio superior, la cual se mantiene vigente hasta hoy.<\/p>\n<p><strong>FEMAC ha demostrado ser mucho m\u00e1s que una instituci\u00f3n educativa. Desde su creaci\u00f3n, ha destacado por promover la colaboraci\u00f3n entre actores sociales, privados y gubernamentales, sirviendo como un puente que facilita la financiaci\u00f3n y ejecuci\u00f3n de proyectos acad\u00e9micos, culturales y cient\u00edficos. <\/strong>Su misi\u00f3n es clara: impulsar el desarrollo integral de las personas a trav\u00e9s de una educaci\u00f3n basada en valores \u00e9ticos y morales, y fomentar soluciones sociales sustentadas en el conocimiento cient\u00edfico.<\/p>\n<p>Entre sus objetivos principales se encuentra tambi\u00e9n la formaci\u00f3n y especializaci\u00f3n del personal docente, la promoci\u00f3n de la investigaci\u00f3n y la difusi\u00f3n cultural, as\u00ed como la reducci\u00f3n de la brecha digital mediante el apoyo a proyectos educativos que brinden oportunidades a personas de escasos recursos. Con este esp\u00edritu, FEMAC se ha comprometido a instaurar m\u00e1s escuelas en distintos niveles, llevando educaci\u00f3n de calidad a comunidades que m\u00e1s lo necesitan.<\/p>\n<p>Uno de sus programas m\u00e1s destacados es el de becas, activo desde 2007. A lo largo de los a\u00f1os, ha beneficiado a m\u00e1s de mil estudiantes, permiti\u00e9ndoles continuar sus estudios y mejorar significativamente su calidad de vida y la de sus familias. Para FEMAC, cada beca otorgada es una apuesta por el futuro.<\/p>\n<p>\u00bfY t\u00fa, ya formas parte del cambio? Conoce m\u00e1s sobre este proyecto y descubre c\u00f3mo puedes apoyar, colaborar o ser parte de esta comunidad educativa que transforma vidas.<\/p>\n<p>Visita<a href=\"https:\/\/www.femac.edu.mx\/index.php\">\u00a0<\/a><a href=\"https:\/\/www.femac.edu.mx\/index.php\"><u>www.femac.edu.mx<\/u><\/a>\u00a0y s\u00famate a una historia que sigue escribi\u00e9ndose con pasi\u00f3n y compromiso.<\/p>\n","protected":false},"excerpt":{"rendered":"<p>Todo comenz\u00f3 en 1997 con un sue\u00f1o compartido. Un grupo de docentes universitarios, principalmente de la Universidad Aut\u00f3noma de Puebla, decidi\u00f3 unir esfuerzos para crear una propuesta acad\u00e9mica distinta, enfocada en los niveles superior, medio superior y de capacitaci\u00f3n para el trabajo.\u00a0As\u00ed naci\u00f3 la instituci\u00f3n que, en sus inicios, llev\u00f3 por nombre \u201cEscuela de Ingenier\u00eda [&hellip;]<\/p>\n","protected":false},"author":16,"featured_media":828,"comment_status":"open","ping_status":"closed","sticky":false,"template":"","format":"standard","meta":{"footnotes":""},"categories":[6],"tags":[],"class_list":["post-827","post","type-post","status-publish","format-standard","has-post-thumbnail","hentry","category-noticias"],"yoast_head":"<!-- This site is optimized with the Yoast SEO plugin v27.5 - https:\/\/yoast.com\/product\/yoast-seo-wordpress\/ -->\n<title>FEMAC: Dos d\u00e9cadas transformando la educaci\u00f3n desde el coraz\u00f3n de Puebla - Historias que inspiran...<\/title>\n<meta name=\"robots\" content=\"index, follow, max-snippet:-1, max-image-preview:large, max-video-preview:-1\" \/>\n<link rel=\"canonical\" href=\"https:\/\/somos-hermanos.mx\/index.php\/2025\/08\/04\/femac-dos-decadas-transformando-la-educacion-desde-el-corazon-de-puebla\/\" \/>\n<meta property=\"og:locale\" content=\"es_MX\" \/>\n<meta property=\"og:type\" content=\"article\" \/>\n<meta property=\"og:title\" content=\"FEMAC: Dos d\u00e9cadas transformando la educaci\u00f3n desde el coraz\u00f3n de Puebla - Historias que inspiran...\" \/>\n<meta property=\"og:description\" content=\"Todo comenz\u00f3 en 1997 con un sue\u00f1o compartido. Un grupo de docentes universitarios, principalmente de la Universidad Aut\u00f3noma de Puebla, decidi\u00f3 unir esfuerzos para crear una propuesta acad\u00e9mica distinta, enfocada en los niveles superior, medio superior y de capacitaci\u00f3n para el trabajo.\u00a0As\u00ed naci\u00f3 la instituci\u00f3n que, en sus inicios, llev\u00f3 por nombre \u201cEscuela de Ingenier\u00eda [&hellip;]\" \/>\n<meta property=\"og:url\" content=\"https:\/\/somos-hermanos.mx\/index.php\/2025\/08\/04\/femac-dos-decadas-transformando-la-educacion-desde-el-corazon-de-puebla\/\" \/>\n<meta property=\"og:site_name\" content=\"Historias que inspiran...\" \/>\n<meta property=\"article:publisher\" content=\"https:\/\/www.facebook.com\/SomosHermanosIAP\/\" \/>\n<meta property=\"article:published_time\" content=\"2025-08-04T08:52:19+00:00\" \/>\n<meta property=\"og:image\" content=\"https:\/\/somos-hermanos.mx\/wp-content\/uploads\/2025\/08\/femac.jpeg\" \/>\n\t<meta property=\"og:image:width\" content=\"1000\" \/>\n\t<meta property=\"og:image:height\" content=\"500\" \/>\n\t<meta property=\"og:image:type\" content=\"image\/jpeg\" \/>\n<meta name=\"author\" content=\"Jorge Plascencia Gonz\u00e1lez\" \/>\n<meta name=\"twitter:card\" content=\"summary_large_image\" \/>\n<meta name=\"twitter:creator\" content=\"@Somos__Hermanos\" \/>\n<meta name=\"twitter:site\" content=\"@Somos__Hermanos\" \/>\n<meta name=\"twitter:label1\" content=\"Escrito por\" \/>\n\t<meta name=\"twitter:data1\" content=\"Jorge Plascencia Gonz\u00e1lez\" \/>\n\t<meta name=\"twitter:label2\" content=\"Tiempo de lectura\" \/>\n\t<meta name=\"twitter:data2\" content=\"3 minutos\" \/>\n<script type=\"application\/ld+json\" class=\"yoast-schema-graph\">{\"@context\":\"https:\\\/\\\/schema.org\",\"@graph\":[{\"@type\":\"Article\",\"@id\":\"https:\\\/\\\/somos-hermanos.mx\\\/index.php\\\/2025\\\/08\\\/04\\\/femac-dos-decadas-transformando-la-educacion-desde-el-corazon-de-puebla\\\/#article\",\"isPartOf\":{\"@id\":\"https:\\\/\\\/somos-hermanos.mx\\\/index.php\\\/2025\\\/08\\\/04\\\/femac-dos-decadas-transformando-la-educacion-desde-el-corazon-de-puebla\\\/\"},\"author\":{\"name\":\"Jorge Plascencia Gonz\u00e1lez\",\"@id\":\"https:\\\/\\\/somos-hermanos.mx\\\/#\\\/schema\\\/person\\\/310a45203a309f04e24f754c2ffd78b2\"},\"headline\":\"FEMAC: Dos d\u00e9cadas transformando la educaci\u00f3n desde el coraz\u00f3n de Puebla\",\"datePublished\":\"2025-08-04T08:52:19+00:00\",\"mainEntityOfPage\":{\"@id\":\"https:\\\/\\\/somos-hermanos.mx\\\/index.php\\\/2025\\\/08\\\/04\\\/femac-dos-decadas-transformando-la-educacion-desde-el-corazon-de-puebla\\\/\"},\"wordCount\":582,\"commentCount\":0,\"publisher\":{\"@id\":\"https:\\\/\\\/somos-hermanos.mx\\\/#organization\"},\"image\":{\"@id\":\"https:\\\/\\\/somos-hermanos.mx\\\/index.php\\\/2025\\\/08\\\/04\\\/femac-dos-decadas-transformando-la-educacion-desde-el-corazon-de-puebla\\\/#primaryimage\"},\"thumbnailUrl\":\"https:\\\/\\\/somos-hermanos.mx\\\/wp-content\\\/uploads\\\/2025\\\/08\\\/femac.jpeg\",\"articleSection\":[\"Noticias\"],\"inLanguage\":\"es\",\"potentialAction\":[{\"@type\":\"CommentAction\",\"name\":\"Comment\",\"target\":[\"https:\\\/\\\/somos-hermanos.mx\\\/index.php\\\/2025\\\/08\\\/04\\\/femac-dos-decadas-transformando-la-educacion-desde-el-corazon-de-puebla\\\/#respond\"]}]},{\"@type\":\"WebPage\",\"@id\":\"https:\\\/\\\/somos-hermanos.mx\\\/index.php\\\/2025\\\/08\\\/04\\\/femac-dos-decadas-transformando-la-educacion-desde-el-corazon-de-puebla\\\/\",\"url\":\"https:\\\/\\\/somos-hermanos.mx\\\/index.php\\\/2025\\\/08\\\/04\\\/femac-dos-decadas-transformando-la-educacion-desde-el-corazon-de-puebla\\\/\",\"name\":\"FEMAC: Dos d\u00e9cadas transformando la educaci\u00f3n desde el coraz\u00f3n de Puebla - Historias que inspiran...\",\"isPartOf\":{\"@id\":\"https:\\\/\\\/somos-hermanos.mx\\\/#website\"},\"primaryImageOfPage\":{\"@id\":\"https:\\\/\\\/somos-hermanos.mx\\\/index.php\\\/2025\\\/08\\\/04\\\/femac-dos-decadas-transformando-la-educacion-desde-el-corazon-de-puebla\\\/#primaryimage\"},\"image\":{\"@id\":\"https:\\\/\\\/somos-hermanos.mx\\\/index.php\\\/2025\\\/08\\\/04\\\/femac-dos-decadas-transformando-la-educacion-desde-el-corazon-de-puebla\\\/#primaryimage\"},\"thumbnailUrl\":\"https:\\\/\\\/somos-hermanos.mx\\\/wp-content\\\/uploads\\\/2025\\\/08\\\/femac.jpeg\",\"datePublished\":\"2025-08-04T08:52:19+00:00\",\"breadcrumb\":{\"@id\":\"https:\\\/\\\/somos-hermanos.mx\\\/index.php\\\/2025\\\/08\\\/04\\\/femac-dos-decadas-transformando-la-educacion-desde-el-corazon-de-puebla\\\/#breadcrumb\"},\"inLanguage\":\"es\",\"potentialAction\":[{\"@type\":\"ReadAction\",\"target\":[\"https:\\\/\\\/somos-hermanos.mx\\\/index.php\\\/2025\\\/08\\\/04\\\/femac-dos-decadas-transformando-la-educacion-desde-el-corazon-de-puebla\\\/\"]}]},{\"@type\":\"ImageObject\",\"inLanguage\":\"es\",\"@id\":\"https:\\\/\\\/somos-hermanos.mx\\\/index.php\\\/2025\\\/08\\\/04\\\/femac-dos-decadas-transformando-la-educacion-desde-el-corazon-de-puebla\\\/#primaryimage\",\"url\":\"https:\\\/\\\/somos-hermanos.mx\\\/wp-content\\\/uploads\\\/2025\\\/08\\\/femac.jpeg\",\"contentUrl\":\"https:\\\/\\\/somos-hermanos.mx\\\/wp-content\\\/uploads\\\/2025\\\/08\\\/femac.jpeg\",\"width\":1000,\"height\":500},{\"@type\":\"BreadcrumbList\",\"@id\":\"https:\\\/\\\/somos-hermanos.mx\\\/index.php\\\/2025\\\/08\\\/04\\\/femac-dos-decadas-transformando-la-educacion-desde-el-corazon-de-puebla\\\/#breadcrumb\",\"itemListElement\":[{\"@type\":\"ListItem\",\"position\":1,\"name\":\"Inicio\",\"item\":\"https:\\\/\\\/somos-hermanos.mx\\\/\"},{\"@type\":\"ListItem\",\"position\":2,\"name\":\"FEMAC: Dos d\u00e9cadas transformando la educaci\u00f3n desde el coraz\u00f3n de Puebla\"}]},{\"@type\":\"WebSite\",\"@id\":\"https:\\\/\\\/somos-hermanos.mx\\\/#website\",\"url\":\"https:\\\/\\\/somos-hermanos.mx\\\/\",\"name\":\"Historias que inspiran...\",\"description\":\"Somos la voz del altruismo en M\u00e9xico\",\"publisher\":{\"@id\":\"https:\\\/\\\/somos-hermanos.mx\\\/#organization\"},\"potentialAction\":[{\"@type\":\"SearchAction\",\"target\":{\"@type\":\"EntryPoint\",\"urlTemplate\":\"https:\\\/\\\/somos-hermanos.mx\\\/?s={search_term_string}\"},\"query-input\":{\"@type\":\"PropertyValueSpecification\",\"valueRequired\":true,\"valueName\":\"search_term_string\"}}],\"inLanguage\":\"es\"},{\"@type\":\"Organization\",\"@id\":\"https:\\\/\\\/somos-hermanos.mx\\\/#organization\",\"name\":\"Somos Hermanos\",\"url\":\"https:\\\/\\\/somos-hermanos.mx\\\/\",\"logo\":{\"@type\":\"ImageObject\",\"inLanguage\":\"es\",\"@id\":\"https:\\\/\\\/somos-hermanos.mx\\\/#\\\/schema\\\/logo\\\/image\\\/\",\"url\":\"https:\\\/\\\/somos-hermanos.mx\\\/wp-content\\\/uploads\\\/2025\\\/08\\\/SH30-1.jpeg\",\"contentUrl\":\"https:\\\/\\\/somos-hermanos.mx\\\/wp-content\\\/uploads\\\/2025\\\/08\\\/SH30-1.jpeg\",\"width\":1600,\"height\":1142,\"caption\":\"Somos Hermanos\"},\"image\":{\"@id\":\"https:\\\/\\\/somos-hermanos.mx\\\/#\\\/schema\\\/logo\\\/image\\\/\"},\"sameAs\":[\"https:\\\/\\\/www.facebook.com\\\/SomosHermanosIAP\\\/\",\"https:\\\/\\\/x.com\\\/Somos__Hermanos\",\"https:\\\/\\\/www.instagram.com\\\/somos__hermanos\\\/#\",\"https:\\\/\\\/www.tiktok.com\\\/@somoshermanosiap\",\"https:\\\/\\\/www.youtube.com\\\/@somoshermanosiap1201\\\/videos\"]},{\"@type\":\"Person\",\"@id\":\"https:\\\/\\\/somos-hermanos.mx\\\/#\\\/schema\\\/person\\\/310a45203a309f04e24f754c2ffd78b2\",\"name\":\"Jorge Plascencia Gonz\u00e1lez\",\"image\":{\"@type\":\"ImageObject\",\"inLanguage\":\"es\",\"@id\":\"https:\\\/\\\/secure.gravatar.com\\\/avatar\\\/64861ec16c81c93b8ca0cb6e8211fcb69e209928bb5e8c177618e37513c17ed7?s=96&d=mm&r=g\",\"url\":\"https:\\\/\\\/secure.gravatar.com\\\/avatar\\\/64861ec16c81c93b8ca0cb6e8211fcb69e209928bb5e8c177618e37513c17ed7?s=96&d=mm&r=g\",\"contentUrl\":\"https:\\\/\\\/secure.gravatar.com\\\/avatar\\\/64861ec16c81c93b8ca0cb6e8211fcb69e209928bb5e8c177618e37513c17ed7?s=96&d=mm&r=g\",\"caption\":\"Jorge Plascencia Gonz\u00e1lez\"},\"url\":\"https:\\\/\\\/somos-hermanos.mx\\\/index.php\\\/author\\\/jorge-plascencia-gonzalez\\\/\"}]}<\/script>\n<!-- \/ Yoast SEO plugin. -->","yoast_head_json":{"title":"FEMAC: Dos d\u00e9cadas transformando la educaci\u00f3n desde el coraz\u00f3n de Puebla - Historias que inspiran...","robots":{"index":"index","follow":"follow","max-snippet":"max-snippet:-1","max-image-preview":"max-image-preview:large","max-video-preview":"max-video-preview:-1"},"canonical":"https:\/\/somos-hermanos.mx\/index.php\/2025\/08\/04\/femac-dos-decadas-transformando-la-educacion-desde-el-corazon-de-puebla\/","og_locale":"es_MX","og_type":"article","og_title":"FEMAC: Dos d\u00e9cadas transformando la educaci\u00f3n desde el coraz\u00f3n de Puebla - Historias que inspiran...","og_description":"Todo comenz\u00f3 en 1997 con un sue\u00f1o compartido. Un grupo de docentes universitarios, principalmente de la Universidad Aut\u00f3noma de Puebla, decidi\u00f3 unir esfuerzos para crear una propuesta acad\u00e9mica distinta, enfocada en los niveles superior, medio superior y de capacitaci\u00f3n para el trabajo.\u00a0As\u00ed naci\u00f3 la instituci\u00f3n que, en sus inicios, llev\u00f3 por nombre \u201cEscuela de Ingenier\u00eda [&hellip;]","og_url":"https:\/\/somos-hermanos.mx\/index.php\/2025\/08\/04\/femac-dos-decadas-transformando-la-educacion-desde-el-corazon-de-puebla\/","og_site_name":"Historias que inspiran...","article_publisher":"https:\/\/www.facebook.com\/SomosHermanosIAP\/","article_published_time":"2025-08-04T08:52:19+00:00","og_image":[{"width":1000,"height":500,"url":"https:\/\/somos-hermanos.mx\/wp-content\/uploads\/2025\/08\/femac.jpeg","type":"image\/jpeg"}],"author":"Jorge Plascencia Gonz\u00e1lez","twitter_card":"summary_large_image","twitter_creator":"@Somos__Hermanos","twitter_site":"@Somos__Hermanos","twitter_misc":{"Escrito por":"Jorge Plascencia Gonz\u00e1lez","Tiempo de lectura":"3 minutos"},"schema":{"@context":"https:\/\/schema.org","@graph":[{"@type":"Article","@id":"https:\/\/somos-hermanos.mx\/index.php\/2025\/08\/04\/femac-dos-decadas-transformando-la-educacion-desde-el-corazon-de-puebla\/#article","isPartOf":{"@id":"https:\/\/somos-hermanos.mx\/index.php\/2025\/08\/04\/femac-dos-decadas-transformando-la-educacion-desde-el-corazon-de-puebla\/"},"author":{"name":"Jorge Plascencia Gonz\u00e1lez","@id":"https:\/\/somos-hermanos.mx\/#\/schema\/person\/310a45203a309f04e24f754c2ffd78b2"},"headline":"FEMAC: Dos d\u00e9cadas transformando la educaci\u00f3n desde el coraz\u00f3n de Puebla","datePublished":"2025-08-04T08:52:19+00:00","mainEntityOfPage":{"@id":"https:\/\/somos-hermanos.mx\/index.php\/2025\/08\/04\/femac-dos-decadas-transformando-la-educacion-desde-el-corazon-de-puebla\/"},"wordCount":582,"commentCount":0,"publisher":{"@id":"https:\/\/somos-hermanos.mx\/#organization"},"image":{"@id":"https:\/\/somos-hermanos.mx\/index.php\/2025\/08\/04\/femac-dos-decadas-transformando-la-educacion-desde-el-corazon-de-puebla\/#primaryimage"},"thumbnailUrl":"https:\/\/somos-hermanos.mx\/wp-content\/uploads\/2025\/08\/femac.jpeg","articleSection":["Noticias"],"inLanguage":"es","potentialAction":[{"@type":"CommentAction","name":"Comment","target":["https:\/\/somos-hermanos.mx\/index.php\/2025\/08\/04\/femac-dos-decadas-transformando-la-educacion-desde-el-corazon-de-puebla\/#respond"]}]},{"@type":"WebPage","@id":"https:\/\/somos-hermanos.mx\/index.php\/2025\/08\/04\/femac-dos-decadas-transformando-la-educacion-desde-el-corazon-de-puebla\/","url":"https:\/\/somos-hermanos.mx\/index.php\/2025\/08\/04\/femac-dos-decadas-transformando-la-educacion-desde-el-corazon-de-puebla\/","name":"FEMAC: Dos d\u00e9cadas transformando la educaci\u00f3n desde el coraz\u00f3n de Puebla - Historias que inspiran...","isPartOf":{"@id":"https:\/\/somos-hermanos.mx\/#website"},"primaryImageOfPage":{"@id":"https:\/\/somos-hermanos.mx\/index.php\/2025\/08\/04\/femac-dos-decadas-transformando-la-educacion-desde-el-corazon-de-puebla\/#primaryimage"},"image":{"@id":"https:\/\/somos-hermanos.mx\/index.php\/2025\/08\/04\/femac-dos-decadas-transformando-la-educacion-desde-el-corazon-de-puebla\/#primaryimage"},"thumbnailUrl":"https:\/\/somos-hermanos.mx\/wp-content\/uploads\/2025\/08\/femac.jpeg","datePublished":"2025-08-04T08:52:19+00:00","breadcrumb":{"@id":"https:\/\/somos-hermanos.mx\/index.php\/2025\/08\/04\/femac-dos-decadas-transformando-la-educacion-desde-el-corazon-de-puebla\/#breadcrumb"},"inLanguage":"es","potentialAction":[{"@type":"ReadAction","target":["https:\/\/somos-hermanos.mx\/index.php\/2025\/08\/04\/femac-dos-decadas-transformando-la-educacion-desde-el-corazon-de-puebla\/"]}]},{"@type":"ImageObject","inLanguage":"es","@id":"https:\/\/somos-hermanos.mx\/index.php\/2025\/08\/04\/femac-dos-decadas-transformando-la-educacion-desde-el-corazon-de-puebla\/#primaryimage","url":"https:\/\/somos-hermanos.mx\/wp-content\/uploads\/2025\/08\/femac.jpeg","contentUrl":"https:\/\/somos-hermanos.mx\/wp-content\/uploads\/2025\/08\/femac.jpeg","width":1000,"height":500},{"@type":"BreadcrumbList","@id":"https:\/\/somos-hermanos.mx\/index.php\/2025\/08\/04\/femac-dos-decadas-transformando-la-educacion-desde-el-corazon-de-puebla\/#breadcrumb","itemListElement":[{"@type":"ListItem","position":1,"name":"Inicio","item":"https:\/\/somos-hermanos.mx\/"},{"@type":"ListItem","position":2,"name":"FEMAC: Dos d\u00e9cadas transformando la educaci\u00f3n desde el coraz\u00f3n de Puebla"}]},{"@type":"WebSite","@id":"https:\/\/somos-hermanos.mx\/#website","url":"https:\/\/somos-hermanos.mx\/","name":"Historias que inspiran...","description":"Somos la voz del altruismo en M\u00e9xico","publisher":{"@id":"https:\/\/somos-hermanos.mx\/#organization"},"potentialAction":[{"@type":"SearchAction","target":{"@type":"EntryPoint","urlTemplate":"https:\/\/somos-hermanos.mx\/?s={search_term_string}"},"query-input":{"@type":"PropertyValueSpecification","valueRequired":true,"valueName":"search_term_string"}}],"inLanguage":"es"},{"@type":"Organization","@id":"https:\/\/somos-hermanos.mx\/#organization","name":"Somos Hermanos","url":"https:\/\/somos-hermanos.mx\/","logo":{"@type":"ImageObject","inLanguage":"es","@id":"https:\/\/somos-hermanos.mx\/#\/schema\/logo\/image\/","url":"https:\/\/somos-hermanos.mx\/wp-content\/uploads\/2025\/08\/SH30-1.jpeg","contentUrl":"https:\/\/somos-hermanos.mx\/wp-content\/uploads\/2025\/08\/SH30-1.jpeg","width":1600,"height":1142,"caption":"Somos Hermanos"},"image":{"@id":"https:\/\/somos-hermanos.mx\/#\/schema\/logo\/image\/"},"sameAs":["https:\/\/www.facebook.com\/SomosHermanosIAP\/","https:\/\/x.com\/Somos__Hermanos","https:\/\/www.instagram.com\/somos__hermanos\/#","https:\/\/www.tiktok.com\/@somoshermanosiap","https:\/\/www.youtube.com\/@somoshermanosiap1201\/videos"]},{"@type":"Person","@id":"https:\/\/somos-hermanos.mx\/#\/schema\/person\/310a45203a309f04e24f754c2ffd78b2","name":"Jorge Plascencia Gonz\u00e1lez","image":{"@type":"ImageObject","inLanguage":"es","@id":"https:\/\/secure.gravatar.com\/avatar\/64861ec16c81c93b8ca0cb6e8211fcb69e209928bb5e8c177618e37513c17ed7?s=96&d=mm&r=g","url":"https:\/\/secure.gravatar.com\/avatar\/64861ec16c81c93b8ca0cb6e8211fcb69e209928bb5e8c177618e37513c17ed7?s=96&d=mm&r=g","contentUrl":"https:\/\/secure.gravatar.com\/avatar\/64861ec16c81c93b8ca0cb6e8211fcb69e209928bb5e8c177618e37513c17ed7?s=96&d=mm&r=g","caption":"Jorge Plascencia Gonz\u00e1lez"},"url":"https:\/\/somos-hermanos.mx\/index.php\/author\/jorge-plascencia-gonzalez\/"}]}},"_links":{"self":[{"href":"https:\/\/somos-hermanos.mx\/index.php\/wp-json\/wp\/v2\/posts\/827","targetHints":{"allow":["GET"]}}],"collection":[{"href":"https:\/\/somos-hermanos.mx\/index.php\/wp-json\/wp\/v2\/posts"}],"about":[{"href":"https:\/\/somos-hermanos.mx\/index.php\/wp-json\/wp\/v2\/types\/post"}],"author":[{"embeddable":true,"href":"https:\/\/somos-hermanos.mx\/index.php\/wp-json\/wp\/v2\/users\/16"}],"replies":[{"embeddable":true,"href":"https:\/\/somos-hermanos.mx\/index.php\/wp-json\/wp\/v2\/comments?post=827"}],"version-history":[{"count":1,"href":"https:\/\/somos-hermanos.mx\/index.php\/wp-json\/wp\/v2\/posts\/827\/revisions"}],"predecessor-version":[{"id":829,"href":"https:\/\/somos-hermanos.mx\/index.php\/wp-json\/wp\/v2\/posts\/827\/revisions\/829"}],"wp:featuredmedia":[{"embeddable":true,"href":"https:\/\/somos-hermanos.mx\/index.php\/wp-json\/wp\/v2\/media\/828"}],"wp:attachment":[{"href":"https:\/\/somos-hermanos.mx\/index.php\/wp-json\/wp\/v2\/media?parent=827"}],"wp:term":[{"taxonomy":"category","embeddable":true,"href":"https:\/\/somos-hermanos.mx\/index.php\/wp-json\/wp\/v2\/categories?post=827"},{"taxonomy":"post_tag","embeddable":true,"href":"https:\/\/somos-hermanos.mx\/index.php\/wp-json\/wp\/v2\/tags?post=827"}],"curies":[{"name":"wp","href":"https:\/\/api.w.org\/{rel}","templated":true}]}}