{"id":821,"date":"2025-08-04T02:49:55","date_gmt":"2025-08-04T08:49:55","guid":{"rendered":"https:\/\/somos-hermanos.mx\/?p=821"},"modified":"2025-08-04T02:49:55","modified_gmt":"2025-08-04T08:49:55","slug":"casa-hogar-el-pobrecillo-de-asis-iap-un-trabajo-por-y-para-ninos","status":"publish","type":"post","link":"https:\/\/somos-hermanos.mx\/index.php\/2025\/08\/04\/casa-hogar-el-pobrecillo-de-asis-iap-un-trabajo-por-y-para-ninos\/","title":{"rendered":"Casa Hogar \u201cEl pobrecillo de Asis IAP\u201d Un trabajo por y para ni\u00f1os"},"content":{"rendered":"<p>\u00bfSab\u00eda que el 44\u202f% de la poblaci\u00f3n que radica en Nezahualc\u00f3yotl ha manifestado sentirse insegura dentro de su comunidad? Esta cifra corresponde \u00fanicamente a la poblaci\u00f3n en general. Sin embargo, si revisamos datos m\u00e1s espec\u00edficos, <strong>tan solo de 2021 a 2023, Protecci\u00f3n Civil de la entidad recibi\u00f3 cerca de 652 reportes por casos de violencia infantil. <\/strong>Una cifra que, sin duda, resulta alarmante.<\/p>\n<p>Por suerte, existe una asociaci\u00f3n que d\u00eda con d\u00eda trabaja para cambiar este panorama: se trata de la <strong>Casa Hogar \u201cEl Pobrecillo de Asis, I.A.P.\u201d, una instituci\u00f3n que desde 1981 se ha encargado de brindar a ni\u00f1as y ni\u00f1os de entre tres y doce a\u00f1os, que se encuentran en situaci\u00f3n de orfandad o riesgo social dentro de la comunidad de Nezahualc\u00f3yotl,<\/strong>\u00a0Estado de M\u00e9xico, una alternativa de vida digna, enfocada en el respeto a los derechos humanos.<\/p>\n<p>Pero, cabe aclarar que, para recibir apoyo de la fundaci\u00f3n, los menores no deben presentar alguna condici\u00f3n psiqui\u00e1trica o f\u00edsica.<\/p>\n<p>Su objetivo principal es que, <strong>a trav\u00e9s de los valores de amor, dignidad, fraternidad, responsabilidad, honestidad, solidaridad y justicia, los menores puedan recibir atenci\u00f3n educativa, espiritual, psicol\u00f3gica, alimentaria, m\u00e9dica, recreativa, cultural, deportiva y familiar,<\/strong>\u00a0para as\u00ed desarrollarse f\u00edsica e intelectualmente de manera adecuada, a pesar de sus circunstancias personales.<\/p>\n<p>Cada una de estas actividades est\u00e1 avalada e impartida por personal capacitado, que adem\u00e1s sigue un proceso metodol\u00f3gico dise\u00f1ado para la sana integraci\u00f3n de los infantes y se divide en las siguientes fases:<\/p>\n<p>Acogimiento y recepci\u00f3n, donde se da la bienvenida al ni\u00f1o respetando sus l\u00edmites y brind\u00e1ndole atenci\u00f3n personalizada. Integraci\u00f3n, mediante actividades grupales. Fortalecimiento, que incluye atenci\u00f3n psicol\u00f3gica y apoyo en las \u00e1reas emocionales y espirituales. Seguimiento, donde se refuerza lo aprendido y se contin\u00faa con las din\u00e1micas grupales.<\/p>\n<p>De igual manera, como complemento a estas fases de trabajo, se imparten cursos y talleres que fortalecen los programas familiares, psicol\u00f3gicos, espirituales, m\u00e9dicos, nutricionales y recreativos.<\/p>\n<p>Si est\u00e1s interesado en formar parte de esta instituci\u00f3n y aportar tu granito de arena a favor de la infancia, puedes hacerlo mediante su programa de donaciones, ya sea de forma econ\u00f3mica (con el monto de tu preferencia), en especie, prestando tus servicios como voluntario o realizando tu servicio social dentro de la instituci\u00f3n.<\/p>\n<p>Y si te qued\u00f3 alguna duda o deseas obtener m\u00e1s informaci\u00f3n, aqu\u00ed te dejo el enlace a su p\u00e1gina web, donde encontrar\u00e1s todo lo que necesitas saber, as\u00ed como contactos directos con la fundaci\u00f3n: <a href=\"https:\/\/elpobrecillodeasis.org.mx\/\"><u>https:\/\/elpobrecillodeasis.org.mx\/<\/u><\/a><\/p>\n<p>Recuerda que nunca es tarde para ayudar; hay muchos ni\u00f1os que realmente merecen un cambio de vida.<\/p>\n","protected":false},"excerpt":{"rendered":"<p>\u00bfSab\u00eda que el 44\u202f% de la poblaci\u00f3n que radica en Nezahualc\u00f3yotl ha manifestado sentirse insegura dentro de su comunidad? Esta cifra corresponde \u00fanicamente a la poblaci\u00f3n en general. Sin embargo, si revisamos datos m\u00e1s espec\u00edficos, tan solo de 2021 a 2023, Protecci\u00f3n Civil de la entidad recibi\u00f3 cerca de 652 reportes por casos de violencia [&hellip;]<\/p>\n","protected":false},"author":15,"featured_media":822,"comment_status":"open","ping_status":"closed","sticky":false,"template":"","format":"standard","meta":{"footnotes":""},"categories":[6],"tags":[],"class_list":["post-821","post","type-post","status-publish","format-standard","has-post-thumbnail","hentry","category-noticias"],"yoast_head":"<!-- This site is optimized with the Yoast SEO plugin v27.5 - https:\/\/yoast.com\/product\/yoast-seo-wordpress\/ -->\n<title>Casa Hogar \u201cEl pobrecillo de Asis IAP\u201d Un trabajo por y para ni\u00f1os - Historias que inspiran...<\/title>\n<meta name=\"robots\" content=\"index, follow, max-snippet:-1, max-image-preview:large, max-video-preview:-1\" \/>\n<link rel=\"canonical\" href=\"https:\/\/somos-hermanos.mx\/index.php\/2025\/08\/04\/casa-hogar-el-pobrecillo-de-asis-iap-un-trabajo-por-y-para-ninos\/\" \/>\n<meta property=\"og:locale\" content=\"es_MX\" \/>\n<meta property=\"og:type\" content=\"article\" \/>\n<meta property=\"og:title\" content=\"Casa Hogar \u201cEl pobrecillo de Asis IAP\u201d Un trabajo por y para ni\u00f1os - Historias que inspiran...\" \/>\n<meta property=\"og:description\" content=\"\u00bfSab\u00eda que el 44\u202f% de la poblaci\u00f3n que radica en Nezahualc\u00f3yotl ha manifestado sentirse insegura dentro de su comunidad? Esta cifra corresponde \u00fanicamente a la poblaci\u00f3n en general. Sin embargo, si revisamos datos m\u00e1s espec\u00edficos, tan solo de 2021 a 2023, Protecci\u00f3n Civil de la entidad recibi\u00f3 cerca de 652 reportes por casos de violencia [&hellip;]\" \/>\n<meta property=\"og:url\" content=\"https:\/\/somos-hermanos.mx\/index.php\/2025\/08\/04\/casa-hogar-el-pobrecillo-de-asis-iap-un-trabajo-por-y-para-ninos\/\" \/>\n<meta property=\"og:site_name\" content=\"Historias que inspiran...\" \/>\n<meta property=\"article:publisher\" content=\"https:\/\/www.facebook.com\/SomosHermanosIAP\/\" \/>\n<meta property=\"article:published_time\" content=\"2025-08-04T08:49:55+00:00\" \/>\n<meta property=\"og:image\" content=\"https:\/\/somos-hermanos.mx\/wp-content\/uploads\/2025\/08\/sis1.jpeg\" \/>\n\t<meta property=\"og:image:width\" content=\"744\" \/>\n\t<meta property=\"og:image:height\" content=\"744\" \/>\n\t<meta property=\"og:image:type\" content=\"image\/jpeg\" \/>\n<meta name=\"author\" content=\"Itzel Montiel Luna\" \/>\n<meta name=\"twitter:card\" content=\"summary_large_image\" \/>\n<meta name=\"twitter:creator\" content=\"@Somos__Hermanos\" \/>\n<meta name=\"twitter:site\" content=\"@Somos__Hermanos\" \/>\n<meta name=\"twitter:label1\" content=\"Escrito por\" \/>\n\t<meta name=\"twitter:data1\" content=\"Itzel Montiel Luna\" \/>\n\t<meta name=\"twitter:label2\" content=\"Tiempo de lectura\" \/>\n\t<meta name=\"twitter:data2\" content=\"3 minutos\" \/>\n<script type=\"application\/ld+json\" class=\"yoast-schema-graph\">{\"@context\":\"https:\\\/\\\/schema.org\",\"@graph\":[{\"@type\":\"Article\",\"@id\":\"https:\\\/\\\/somos-hermanos.mx\\\/index.php\\\/2025\\\/08\\\/04\\\/casa-hogar-el-pobrecillo-de-asis-iap-un-trabajo-por-y-para-ninos\\\/#article\",\"isPartOf\":{\"@id\":\"https:\\\/\\\/somos-hermanos.mx\\\/index.php\\\/2025\\\/08\\\/04\\\/casa-hogar-el-pobrecillo-de-asis-iap-un-trabajo-por-y-para-ninos\\\/\"},\"author\":{\"name\":\"Itzel Montiel Luna\",\"@id\":\"https:\\\/\\\/somos-hermanos.mx\\\/#\\\/schema\\\/person\\\/0998f178948ff64bb6e8e1479a973eb7\"},\"headline\":\"Casa Hogar \u201cEl pobrecillo de Asis IAP\u201d Un trabajo por y para ni\u00f1os\",\"datePublished\":\"2025-08-04T08:49:55+00:00\",\"mainEntityOfPage\":{\"@id\":\"https:\\\/\\\/somos-hermanos.mx\\\/index.php\\\/2025\\\/08\\\/04\\\/casa-hogar-el-pobrecillo-de-asis-iap-un-trabajo-por-y-para-ninos\\\/\"},\"wordCount\":487,\"commentCount\":0,\"publisher\":{\"@id\":\"https:\\\/\\\/somos-hermanos.mx\\\/#organization\"},\"image\":{\"@id\":\"https:\\\/\\\/somos-hermanos.mx\\\/index.php\\\/2025\\\/08\\\/04\\\/casa-hogar-el-pobrecillo-de-asis-iap-un-trabajo-por-y-para-ninos\\\/#primaryimage\"},\"thumbnailUrl\":\"https:\\\/\\\/somos-hermanos.mx\\\/wp-content\\\/uploads\\\/2025\\\/08\\\/sis1.jpeg\",\"articleSection\":[\"Noticias\"],\"inLanguage\":\"es\",\"potentialAction\":[{\"@type\":\"CommentAction\",\"name\":\"Comment\",\"target\":[\"https:\\\/\\\/somos-hermanos.mx\\\/index.php\\\/2025\\\/08\\\/04\\\/casa-hogar-el-pobrecillo-de-asis-iap-un-trabajo-por-y-para-ninos\\\/#respond\"]}]},{\"@type\":\"WebPage\",\"@id\":\"https:\\\/\\\/somos-hermanos.mx\\\/index.php\\\/2025\\\/08\\\/04\\\/casa-hogar-el-pobrecillo-de-asis-iap-un-trabajo-por-y-para-ninos\\\/\",\"url\":\"https:\\\/\\\/somos-hermanos.mx\\\/index.php\\\/2025\\\/08\\\/04\\\/casa-hogar-el-pobrecillo-de-asis-iap-un-trabajo-por-y-para-ninos\\\/\",\"name\":\"Casa Hogar \u201cEl pobrecillo de Asis IAP\u201d Un trabajo por y para ni\u00f1os - Historias que inspiran...\",\"isPartOf\":{\"@id\":\"https:\\\/\\\/somos-hermanos.mx\\\/#website\"},\"primaryImageOfPage\":{\"@id\":\"https:\\\/\\\/somos-hermanos.mx\\\/index.php\\\/2025\\\/08\\\/04\\\/casa-hogar-el-pobrecillo-de-asis-iap-un-trabajo-por-y-para-ninos\\\/#primaryimage\"},\"image\":{\"@id\":\"https:\\\/\\\/somos-hermanos.mx\\\/index.php\\\/2025\\\/08\\\/04\\\/casa-hogar-el-pobrecillo-de-asis-iap-un-trabajo-por-y-para-ninos\\\/#primaryimage\"},\"thumbnailUrl\":\"https:\\\/\\\/somos-hermanos.mx\\\/wp-content\\\/uploads\\\/2025\\\/08\\\/sis1.jpeg\",\"datePublished\":\"2025-08-04T08:49:55+00:00\",\"breadcrumb\":{\"@id\":\"https:\\\/\\\/somos-hermanos.mx\\\/index.php\\\/2025\\\/08\\\/04\\\/casa-hogar-el-pobrecillo-de-asis-iap-un-trabajo-por-y-para-ninos\\\/#breadcrumb\"},\"inLanguage\":\"es\",\"potentialAction\":[{\"@type\":\"ReadAction\",\"target\":[\"https:\\\/\\\/somos-hermanos.mx\\\/index.php\\\/2025\\\/08\\\/04\\\/casa-hogar-el-pobrecillo-de-asis-iap-un-trabajo-por-y-para-ninos\\\/\"]}]},{\"@type\":\"ImageObject\",\"inLanguage\":\"es\",\"@id\":\"https:\\\/\\\/somos-hermanos.mx\\\/index.php\\\/2025\\\/08\\\/04\\\/casa-hogar-el-pobrecillo-de-asis-iap-un-trabajo-por-y-para-ninos\\\/#primaryimage\",\"url\":\"https:\\\/\\\/somos-hermanos.mx\\\/wp-content\\\/uploads\\\/2025\\\/08\\\/sis1.jpeg\",\"contentUrl\":\"https:\\\/\\\/somos-hermanos.mx\\\/wp-content\\\/uploads\\\/2025\\\/08\\\/sis1.jpeg\",\"width\":744,\"height\":744},{\"@type\":\"BreadcrumbList\",\"@id\":\"https:\\\/\\\/somos-hermanos.mx\\\/index.php\\\/2025\\\/08\\\/04\\\/casa-hogar-el-pobrecillo-de-asis-iap-un-trabajo-por-y-para-ninos\\\/#breadcrumb\",\"itemListElement\":[{\"@type\":\"ListItem\",\"position\":1,\"name\":\"Inicio\",\"item\":\"https:\\\/\\\/somos-hermanos.mx\\\/\"},{\"@type\":\"ListItem\",\"position\":2,\"name\":\"Casa Hogar \u201cEl pobrecillo de Asis IAP\u201d Un trabajo por y para ni\u00f1os\"}]},{\"@type\":\"WebSite\",\"@id\":\"https:\\\/\\\/somos-hermanos.mx\\\/#website\",\"url\":\"https:\\\/\\\/somos-hermanos.mx\\\/\",\"name\":\"Historias que inspiran...\",\"description\":\"Somos la voz del altruismo en M\u00e9xico\",\"publisher\":{\"@id\":\"https:\\\/\\\/somos-hermanos.mx\\\/#organization\"},\"potentialAction\":[{\"@type\":\"SearchAction\",\"target\":{\"@type\":\"EntryPoint\",\"urlTemplate\":\"https:\\\/\\\/somos-hermanos.mx\\\/?s={search_term_string}\"},\"query-input\":{\"@type\":\"PropertyValueSpecification\",\"valueRequired\":true,\"valueName\":\"search_term_string\"}}],\"inLanguage\":\"es\"},{\"@type\":\"Organization\",\"@id\":\"https:\\\/\\\/somos-hermanos.mx\\\/#organization\",\"name\":\"Somos Hermanos\",\"url\":\"https:\\\/\\\/somos-hermanos.mx\\\/\",\"logo\":{\"@type\":\"ImageObject\",\"inLanguage\":\"es\",\"@id\":\"https:\\\/\\\/somos-hermanos.mx\\\/#\\\/schema\\\/logo\\\/image\\\/\",\"url\":\"https:\\\/\\\/somos-hermanos.mx\\\/wp-content\\\/uploads\\\/2025\\\/08\\\/SH30-1.jpeg\",\"contentUrl\":\"https:\\\/\\\/somos-hermanos.mx\\\/wp-content\\\/uploads\\\/2025\\\/08\\\/SH30-1.jpeg\",\"width\":1600,\"height\":1142,\"caption\":\"Somos Hermanos\"},\"image\":{\"@id\":\"https:\\\/\\\/somos-hermanos.mx\\\/#\\\/schema\\\/logo\\\/image\\\/\"},\"sameAs\":[\"https:\\\/\\\/www.facebook.com\\\/SomosHermanosIAP\\\/\",\"https:\\\/\\\/x.com\\\/Somos__Hermanos\",\"https:\\\/\\\/www.instagram.com\\\/somos__hermanos\\\/#\",\"https:\\\/\\\/www.tiktok.com\\\/@somoshermanosiap\",\"https:\\\/\\\/www.youtube.com\\\/@somoshermanosiap1201\\\/videos\"]},{\"@type\":\"Person\",\"@id\":\"https:\\\/\\\/somos-hermanos.mx\\\/#\\\/schema\\\/person\\\/0998f178948ff64bb6e8e1479a973eb7\",\"name\":\"Itzel Montiel Luna\",\"image\":{\"@type\":\"ImageObject\",\"inLanguage\":\"es\",\"@id\":\"https:\\\/\\\/secure.gravatar.com\\\/avatar\\\/fa18ed3df0c81049a1f84da7aea98a9f130aedfb6076ab013d6451875eb77a7b?s=96&d=mm&r=g\",\"url\":\"https:\\\/\\\/secure.gravatar.com\\\/avatar\\\/fa18ed3df0c81049a1f84da7aea98a9f130aedfb6076ab013d6451875eb77a7b?s=96&d=mm&r=g\",\"contentUrl\":\"https:\\\/\\\/secure.gravatar.com\\\/avatar\\\/fa18ed3df0c81049a1f84da7aea98a9f130aedfb6076ab013d6451875eb77a7b?s=96&d=mm&r=g\",\"caption\":\"Itzel Montiel Luna\"},\"url\":\"https:\\\/\\\/somos-hermanos.mx\\\/index.php\\\/author\\\/itzel-montiel-luna\\\/\"}]}<\/script>\n<!-- \/ Yoast SEO plugin. -->","yoast_head_json":{"title":"Casa Hogar \u201cEl pobrecillo de Asis IAP\u201d Un trabajo por y para ni\u00f1os - Historias que inspiran...","robots":{"index":"index","follow":"follow","max-snippet":"max-snippet:-1","max-image-preview":"max-image-preview:large","max-video-preview":"max-video-preview:-1"},"canonical":"https:\/\/somos-hermanos.mx\/index.php\/2025\/08\/04\/casa-hogar-el-pobrecillo-de-asis-iap-un-trabajo-por-y-para-ninos\/","og_locale":"es_MX","og_type":"article","og_title":"Casa Hogar \u201cEl pobrecillo de Asis IAP\u201d Un trabajo por y para ni\u00f1os - Historias que inspiran...","og_description":"\u00bfSab\u00eda que el 44\u202f% de la poblaci\u00f3n que radica en Nezahualc\u00f3yotl ha manifestado sentirse insegura dentro de su comunidad? Esta cifra corresponde \u00fanicamente a la poblaci\u00f3n en general. Sin embargo, si revisamos datos m\u00e1s espec\u00edficos, tan solo de 2021 a 2023, Protecci\u00f3n Civil de la entidad recibi\u00f3 cerca de 652 reportes por casos de violencia [&hellip;]","og_url":"https:\/\/somos-hermanos.mx\/index.php\/2025\/08\/04\/casa-hogar-el-pobrecillo-de-asis-iap-un-trabajo-por-y-para-ninos\/","og_site_name":"Historias que inspiran...","article_publisher":"https:\/\/www.facebook.com\/SomosHermanosIAP\/","article_published_time":"2025-08-04T08:49:55+00:00","og_image":[{"width":744,"height":744,"url":"https:\/\/somos-hermanos.mx\/wp-content\/uploads\/2025\/08\/sis1.jpeg","type":"image\/jpeg"}],"author":"Itzel Montiel Luna","twitter_card":"summary_large_image","twitter_creator":"@Somos__Hermanos","twitter_site":"@Somos__Hermanos","twitter_misc":{"Escrito por":"Itzel Montiel Luna","Tiempo de lectura":"3 minutos"},"schema":{"@context":"https:\/\/schema.org","@graph":[{"@type":"Article","@id":"https:\/\/somos-hermanos.mx\/index.php\/2025\/08\/04\/casa-hogar-el-pobrecillo-de-asis-iap-un-trabajo-por-y-para-ninos\/#article","isPartOf":{"@id":"https:\/\/somos-hermanos.mx\/index.php\/2025\/08\/04\/casa-hogar-el-pobrecillo-de-asis-iap-un-trabajo-por-y-para-ninos\/"},"author":{"name":"Itzel Montiel Luna","@id":"https:\/\/somos-hermanos.mx\/#\/schema\/person\/0998f178948ff64bb6e8e1479a973eb7"},"headline":"Casa Hogar \u201cEl pobrecillo de Asis IAP\u201d Un trabajo por y para ni\u00f1os","datePublished":"2025-08-04T08:49:55+00:00","mainEntityOfPage":{"@id":"https:\/\/somos-hermanos.mx\/index.php\/2025\/08\/04\/casa-hogar-el-pobrecillo-de-asis-iap-un-trabajo-por-y-para-ninos\/"},"wordCount":487,"commentCount":0,"publisher":{"@id":"https:\/\/somos-hermanos.mx\/#organization"},"image":{"@id":"https:\/\/somos-hermanos.mx\/index.php\/2025\/08\/04\/casa-hogar-el-pobrecillo-de-asis-iap-un-trabajo-por-y-para-ninos\/#primaryimage"},"thumbnailUrl":"https:\/\/somos-hermanos.mx\/wp-content\/uploads\/2025\/08\/sis1.jpeg","articleSection":["Noticias"],"inLanguage":"es","potentialAction":[{"@type":"CommentAction","name":"Comment","target":["https:\/\/somos-hermanos.mx\/index.php\/2025\/08\/04\/casa-hogar-el-pobrecillo-de-asis-iap-un-trabajo-por-y-para-ninos\/#respond"]}]},{"@type":"WebPage","@id":"https:\/\/somos-hermanos.mx\/index.php\/2025\/08\/04\/casa-hogar-el-pobrecillo-de-asis-iap-un-trabajo-por-y-para-ninos\/","url":"https:\/\/somos-hermanos.mx\/index.php\/2025\/08\/04\/casa-hogar-el-pobrecillo-de-asis-iap-un-trabajo-por-y-para-ninos\/","name":"Casa Hogar \u201cEl pobrecillo de Asis IAP\u201d Un trabajo por y para ni\u00f1os - Historias que inspiran...","isPartOf":{"@id":"https:\/\/somos-hermanos.mx\/#website"},"primaryImageOfPage":{"@id":"https:\/\/somos-hermanos.mx\/index.php\/2025\/08\/04\/casa-hogar-el-pobrecillo-de-asis-iap-un-trabajo-por-y-para-ninos\/#primaryimage"},"image":{"@id":"https:\/\/somos-hermanos.mx\/index.php\/2025\/08\/04\/casa-hogar-el-pobrecillo-de-asis-iap-un-trabajo-por-y-para-ninos\/#primaryimage"},"thumbnailUrl":"https:\/\/somos-hermanos.mx\/wp-content\/uploads\/2025\/08\/sis1.jpeg","datePublished":"2025-08-04T08:49:55+00:00","breadcrumb":{"@id":"https:\/\/somos-hermanos.mx\/index.php\/2025\/08\/04\/casa-hogar-el-pobrecillo-de-asis-iap-un-trabajo-por-y-para-ninos\/#breadcrumb"},"inLanguage":"es","potentialAction":[{"@type":"ReadAction","target":["https:\/\/somos-hermanos.mx\/index.php\/2025\/08\/04\/casa-hogar-el-pobrecillo-de-asis-iap-un-trabajo-por-y-para-ninos\/"]}]},{"@type":"ImageObject","inLanguage":"es","@id":"https:\/\/somos-hermanos.mx\/index.php\/2025\/08\/04\/casa-hogar-el-pobrecillo-de-asis-iap-un-trabajo-por-y-para-ninos\/#primaryimage","url":"https:\/\/somos-hermanos.mx\/wp-content\/uploads\/2025\/08\/sis1.jpeg","contentUrl":"https:\/\/somos-hermanos.mx\/wp-content\/uploads\/2025\/08\/sis1.jpeg","width":744,"height":744},{"@type":"BreadcrumbList","@id":"https:\/\/somos-hermanos.mx\/index.php\/2025\/08\/04\/casa-hogar-el-pobrecillo-de-asis-iap-un-trabajo-por-y-para-ninos\/#breadcrumb","itemListElement":[{"@type":"ListItem","position":1,"name":"Inicio","item":"https:\/\/somos-hermanos.mx\/"},{"@type":"ListItem","position":2,"name":"Casa Hogar \u201cEl pobrecillo de Asis IAP\u201d Un trabajo por y para ni\u00f1os"}]},{"@type":"WebSite","@id":"https:\/\/somos-hermanos.mx\/#website","url":"https:\/\/somos-hermanos.mx\/","name":"Historias que inspiran...","description":"Somos la voz del altruismo en M\u00e9xico","publisher":{"@id":"https:\/\/somos-hermanos.mx\/#organization"},"potentialAction":[{"@type":"SearchAction","target":{"@type":"EntryPoint","urlTemplate":"https:\/\/somos-hermanos.mx\/?s={search_term_string}"},"query-input":{"@type":"PropertyValueSpecification","valueRequired":true,"valueName":"search_term_string"}}],"inLanguage":"es"},{"@type":"Organization","@id":"https:\/\/somos-hermanos.mx\/#organization","name":"Somos Hermanos","url":"https:\/\/somos-hermanos.mx\/","logo":{"@type":"ImageObject","inLanguage":"es","@id":"https:\/\/somos-hermanos.mx\/#\/schema\/logo\/image\/","url":"https:\/\/somos-hermanos.mx\/wp-content\/uploads\/2025\/08\/SH30-1.jpeg","contentUrl":"https:\/\/somos-hermanos.mx\/wp-content\/uploads\/2025\/08\/SH30-1.jpeg","width":1600,"height":1142,"caption":"Somos Hermanos"},"image":{"@id":"https:\/\/somos-hermanos.mx\/#\/schema\/logo\/image\/"},"sameAs":["https:\/\/www.facebook.com\/SomosHermanosIAP\/","https:\/\/x.com\/Somos__Hermanos","https:\/\/www.instagram.com\/somos__hermanos\/#","https:\/\/www.tiktok.com\/@somoshermanosiap","https:\/\/www.youtube.com\/@somoshermanosiap1201\/videos"]},{"@type":"Person","@id":"https:\/\/somos-hermanos.mx\/#\/schema\/person\/0998f178948ff64bb6e8e1479a973eb7","name":"Itzel Montiel Luna","image":{"@type":"ImageObject","inLanguage":"es","@id":"https:\/\/secure.gravatar.com\/avatar\/fa18ed3df0c81049a1f84da7aea98a9f130aedfb6076ab013d6451875eb77a7b?s=96&d=mm&r=g","url":"https:\/\/secure.gravatar.com\/avatar\/fa18ed3df0c81049a1f84da7aea98a9f130aedfb6076ab013d6451875eb77a7b?s=96&d=mm&r=g","contentUrl":"https:\/\/secure.gravatar.com\/avatar\/fa18ed3df0c81049a1f84da7aea98a9f130aedfb6076ab013d6451875eb77a7b?s=96&d=mm&r=g","caption":"Itzel Montiel Luna"},"url":"https:\/\/somos-hermanos.mx\/index.php\/author\/itzel-montiel-luna\/"}]}},"_links":{"self":[{"href":"https:\/\/somos-hermanos.mx\/index.php\/wp-json\/wp\/v2\/posts\/821","targetHints":{"allow":["GET"]}}],"collection":[{"href":"https:\/\/somos-hermanos.mx\/index.php\/wp-json\/wp\/v2\/posts"}],"about":[{"href":"https:\/\/somos-hermanos.mx\/index.php\/wp-json\/wp\/v2\/types\/post"}],"author":[{"embeddable":true,"href":"https:\/\/somos-hermanos.mx\/index.php\/wp-json\/wp\/v2\/users\/15"}],"replies":[{"embeddable":true,"href":"https:\/\/somos-hermanos.mx\/index.php\/wp-json\/wp\/v2\/comments?post=821"}],"version-history":[{"count":1,"href":"https:\/\/somos-hermanos.mx\/index.php\/wp-json\/wp\/v2\/posts\/821\/revisions"}],"predecessor-version":[{"id":823,"href":"https:\/\/somos-hermanos.mx\/index.php\/wp-json\/wp\/v2\/posts\/821\/revisions\/823"}],"wp:featuredmedia":[{"embeddable":true,"href":"https:\/\/somos-hermanos.mx\/index.php\/wp-json\/wp\/v2\/media\/822"}],"wp:attachment":[{"href":"https:\/\/somos-hermanos.mx\/index.php\/wp-json\/wp\/v2\/media?parent=821"}],"wp:term":[{"taxonomy":"category","embeddable":true,"href":"https:\/\/somos-hermanos.mx\/index.php\/wp-json\/wp\/v2\/categories?post=821"},{"taxonomy":"post_tag","embeddable":true,"href":"https:\/\/somos-hermanos.mx\/index.php\/wp-json\/wp\/v2\/tags?post=821"}],"curies":[{"name":"wp","href":"https:\/\/api.w.org\/{rel}","templated":true}]}}