{"id":818,"date":"2025-08-04T02:48:31","date_gmt":"2025-08-04T08:48:31","guid":{"rendered":"https:\/\/somos-hermanos.mx\/?p=818"},"modified":"2025-08-04T02:48:31","modified_gmt":"2025-08-04T08:48:31","slug":"en-trasplante-y-vida-iap-apoyan-y-difunden-la-donacion-de-organos-y-tejidos-en-mexico","status":"publish","type":"post","link":"https:\/\/somos-hermanos.mx\/index.php\/2025\/08\/04\/en-trasplante-y-vida-iap-apoyan-y-difunden-la-donacion-de-organos-y-tejidos-en-mexico\/","title":{"rendered":"En Trasplante y Vida IAP apoyan y difunden la donaci\u00f3n de \u00f3rganos y tejidos en M\u00e9xico"},"content":{"rendered":"<p>Trasplante y Vida IAP <strong>es una instituci\u00f3n encargada de gestionar y apoyar a pacientes que requieren un trasplante<\/strong>\u00a0adem\u00e1s de difundir y visibilizar la cultura de donaci\u00f3n de \u00f3rganos y tejidos en M\u00e9xico.<\/p>\n<p>La presidenta del patronato, <strong>Carolina Silva, al ser paciente trasplantado de ri\u00f1\u00f3n hace 29 a\u00f1os tuvo la necesidad de integrarse al mundo del altruismo <\/strong>y eso la llev\u00f3 a presidir la autoridad de la organizaci\u00f3n.<\/p>\n<p><strong>Con 12 a\u00f1os en el cargo, Silva comparti\u00f3 en entrevista lo que significa ser un paciente con trasplante:<\/strong><\/p>\n<p>\u201cEs una asombrosa experiencia de vida. Cuando me enter\u00e9 que necesitaba un trasplante fue un impacto fuerte, pero afortunadamente mi hermana me pudo donar un ri\u00f1\u00f3n y gracias a ella tuve una segunda oportunidad\u201d coment\u00f3.<\/p>\n<p>Al ser madre de dos hijas peque\u00f1as en ese entonces, la preocupaci\u00f3n de Silva por no dejarlas fue esencial para tener fe y as\u00ed lograr una completa compatibilidad para el procedimiento.<\/p>\n<p>Hoy, estar al frente de la instituci\u00f3n acompa\u00f1ando a los pacientes en todo momento, es la labor admirable que realiza Carolina Silva.<\/p>\n<p><strong>En Trasplante y Vida IAP tienen dos ejes de acci\u00f3n: <\/strong><\/p>\n<ul>\n<li>El primero destinado a ofrecer atenci\u00f3n integral al paciente a trav\u00e9s del apoyo de pagos de medicamento casi en su totalidad, as\u00ed como seguimiento con atenci\u00f3n psicol\u00f3gica y nutricional.<\/li>\n<li>El segundo eje se enfoca a llevar la donaci\u00f3n de \u00f3rganos y tejidos a todos los medios posibles, desde pl\u00e1ticas en universidades, empresas y espacios donde se d\u00e9 a conocer el acto de la donaci\u00f3n.<\/li>\n<\/ul>\n<p>Dentro del apartado de la difusi\u00f3n de la cultura de donaci\u00f3n, Carolina realiz\u00f3 un apunte m\u00e1s profundo al respecto: \u201cen el segundo eje llevamos evidencia, testimonios y explicaci\u00f3n m\u00e9dica que las personas puedan comprender. El objetivo de llevar este mensaje es si quieres ser donador de \u00f3rganos, debes platicarlo con tu familia\u201d explic\u00f3 Silva.<\/p>\n<p>Es imperativo que la familia sepa si en dado caso de fallecimiento, el familiar haya dado su deseo de donar no solo sus \u00f3rganos, tambi\u00e9n tejido, huesos, piel, c\u00f3rneas que pueden llegar a salvar hasta 8 personas de un donante.<\/p>\n<p>Otro de los m\u00e9ritos que posee Trasplante y Vida IAP <strong>es la instalaci\u00f3n ya de 30 salas en hospitales p\u00fablicos que cuentan con la licencia de donar \u00f3rganos a lo largo del pa\u00eds<\/strong>\u00a0donde los coordinadores tengan un lugar digno para pedir la donaci\u00f3n.<\/p>\n<p>La cultura de donaci\u00f3n en M\u00e9xico siempre ha sido muy baja, y para Carolina la perspectiva con la que act\u00faan en la instituci\u00f3n se basa en llevar el mensaje: <strong>\u201cActualmente la lista de espera es m\u00e1s de 20,000 personas. Si hubiera donaci\u00f3n en M\u00e9xico este n\u00famero ser\u00eda mucho menor.<\/strong><\/p>\n<p>De hecho, existe una lista grande de c\u00f3rnea y no deber\u00eda, porque las personas que fallecen por complicaciones cardiacas pueden donar sus c\u00f3rneas si est\u00e1n en buen estado. Es por ello que M\u00e9xico necesita llevar el mensaje sobre todo a la familia y a los j\u00f3venes\u201d atribuy\u00f3 la presidenta del patronato.<\/p>\n<p>Afortunadamente gracias a las salas en los hospitales, las familias de los pacientes al tener un espacio digno logran aceptar la donaci\u00f3n de su reci\u00e9n fallecido, lo que se traduce en un impacto positivo para la organizaci\u00f3n.<\/p>\n<p><strong>Hablar de ser donantes entre la familia es la clave para tener una mejor cultura <\/strong>y adem\u00e1s tener una mejor atenci\u00f3n en los hospitales para que haya m\u00e1s tacto humano en momentos dif\u00edciles.<\/p>\n<p>Trasplante y Vida IAP cumple 40 a\u00f1os de labor altruista, y este 2025 es momento de celebraci\u00f3n, por lo que en el mes de septiembre (mes de la donaci\u00f3n) se tiene planeado realizar una subasta de arte con lucha libre.<\/p>\n<p><strong>Carolina Silva lanz\u00f3 un llamado a la sociedad para que se acerquen a la instituci\u00f3n: \u201cSoy un paciente trasplantado y gracias al trasplante de ri\u00f1\u00f3n hace 29 a\u00f1os he podido continuar con mi vida y ra\u00edz de ello ha sido muy sana.<\/strong>\u00a0Los invito a que consideren la posibilidad de donar \u00f3rganos para que personas como yo puedan seguir adelante. Ahora ya soy abuela, y tener la oportunidad de vivirlo ha sido incre\u00edble\u201d. Concluy\u00f3 Silva.<\/p>\n<p>No dejar de platicar en familia acerca de ser donador de \u00f3rganos es crucial para cuando el momento llegue, ellos puedan decidir por ti.<\/p>\n","protected":false},"excerpt":{"rendered":"<p>Trasplante y Vida IAP es una instituci\u00f3n encargada de gestionar y apoyar a pacientes que requieren un trasplante\u00a0adem\u00e1s de difundir y visibilizar la cultura de donaci\u00f3n de \u00f3rganos y tejidos en M\u00e9xico. La presidenta del patronato, Carolina Silva, al ser paciente trasplantado de ri\u00f1\u00f3n hace 29 a\u00f1os tuvo la necesidad de integrarse al mundo del [&hellip;]<\/p>\n","protected":false},"author":10,"featured_media":819,"comment_status":"open","ping_status":"closed","sticky":false,"template":"","format":"standard","meta":{"footnotes":""},"categories":[6],"tags":[],"class_list":["post-818","post","type-post","status-publish","format-standard","has-post-thumbnail","hentry","category-noticias"],"yoast_head":"<!-- This site is optimized with the Yoast SEO plugin v27.5 - https:\/\/yoast.com\/product\/yoast-seo-wordpress\/ -->\n<title>En Trasplante y Vida IAP apoyan y difunden la donaci\u00f3n de \u00f3rganos y tejidos en M\u00e9xico - Historias que inspiran...<\/title>\n<meta name=\"robots\" content=\"index, follow, max-snippet:-1, max-image-preview:large, max-video-preview:-1\" \/>\n<link rel=\"canonical\" href=\"https:\/\/somos-hermanos.mx\/index.php\/2025\/08\/04\/en-trasplante-y-vida-iap-apoyan-y-difunden-la-donacion-de-organos-y-tejidos-en-mexico\/\" \/>\n<meta property=\"og:locale\" content=\"es_MX\" \/>\n<meta property=\"og:type\" content=\"article\" \/>\n<meta property=\"og:title\" content=\"En Trasplante y Vida IAP apoyan y difunden la donaci\u00f3n de \u00f3rganos y tejidos en M\u00e9xico - Historias que inspiran...\" \/>\n<meta property=\"og:description\" content=\"Trasplante y Vida IAP es una instituci\u00f3n encargada de gestionar y apoyar a pacientes que requieren un trasplante\u00a0adem\u00e1s de difundir y visibilizar la cultura de donaci\u00f3n de \u00f3rganos y tejidos en M\u00e9xico. La presidenta del patronato, Carolina Silva, al ser paciente trasplantado de ri\u00f1\u00f3n hace 29 a\u00f1os tuvo la necesidad de integrarse al mundo del [&hellip;]\" \/>\n<meta property=\"og:url\" content=\"https:\/\/somos-hermanos.mx\/index.php\/2025\/08\/04\/en-trasplante-y-vida-iap-apoyan-y-difunden-la-donacion-de-organos-y-tejidos-en-mexico\/\" \/>\n<meta property=\"og:site_name\" content=\"Historias que inspiran...\" \/>\n<meta property=\"article:publisher\" content=\"https:\/\/www.facebook.com\/SomosHermanosIAP\/\" \/>\n<meta property=\"article:published_time\" content=\"2025-08-04T08:48:31+00:00\" \/>\n<meta property=\"og:image\" content=\"https:\/\/somos-hermanos.mx\/wp-content\/uploads\/2025\/08\/trasp.jpeg\" \/>\n\t<meta property=\"og:image:width\" content=\"1080\" \/>\n\t<meta property=\"og:image:height\" content=\"1080\" \/>\n\t<meta property=\"og:image:type\" content=\"image\/jpeg\" \/>\n<meta name=\"author\" content=\"Carlos Hernandez Huerta\" \/>\n<meta name=\"twitter:card\" content=\"summary_large_image\" \/>\n<meta name=\"twitter:creator\" content=\"@Somos__Hermanos\" \/>\n<meta name=\"twitter:site\" content=\"@Somos__Hermanos\" \/>\n<meta name=\"twitter:label1\" content=\"Escrito por\" \/>\n\t<meta name=\"twitter:data1\" content=\"Carlos Hernandez Huerta\" \/>\n\t<meta name=\"twitter:label2\" content=\"Tiempo de lectura\" \/>\n\t<meta name=\"twitter:data2\" content=\"4 minutos\" \/>\n<script type=\"application\/ld+json\" class=\"yoast-schema-graph\">{\"@context\":\"https:\\\/\\\/schema.org\",\"@graph\":[{\"@type\":\"Article\",\"@id\":\"https:\\\/\\\/somos-hermanos.mx\\\/index.php\\\/2025\\\/08\\\/04\\\/en-trasplante-y-vida-iap-apoyan-y-difunden-la-donacion-de-organos-y-tejidos-en-mexico\\\/#article\",\"isPartOf\":{\"@id\":\"https:\\\/\\\/somos-hermanos.mx\\\/index.php\\\/2025\\\/08\\\/04\\\/en-trasplante-y-vida-iap-apoyan-y-difunden-la-donacion-de-organos-y-tejidos-en-mexico\\\/\"},\"author\":{\"name\":\"Carlos Hernandez Huerta\",\"@id\":\"https:\\\/\\\/somos-hermanos.mx\\\/#\\\/schema\\\/person\\\/2466d21e6ade208f45dbc821298d62b6\"},\"headline\":\"En Trasplante y Vida IAP apoyan y difunden la donaci\u00f3n de \u00f3rganos y tejidos en M\u00e9xico\",\"datePublished\":\"2025-08-04T08:48:31+00:00\",\"mainEntityOfPage\":{\"@id\":\"https:\\\/\\\/somos-hermanos.mx\\\/index.php\\\/2025\\\/08\\\/04\\\/en-trasplante-y-vida-iap-apoyan-y-difunden-la-donacion-de-organos-y-tejidos-en-mexico\\\/\"},\"wordCount\":768,\"commentCount\":0,\"publisher\":{\"@id\":\"https:\\\/\\\/somos-hermanos.mx\\\/#organization\"},\"image\":{\"@id\":\"https:\\\/\\\/somos-hermanos.mx\\\/index.php\\\/2025\\\/08\\\/04\\\/en-trasplante-y-vida-iap-apoyan-y-difunden-la-donacion-de-organos-y-tejidos-en-mexico\\\/#primaryimage\"},\"thumbnailUrl\":\"https:\\\/\\\/somos-hermanos.mx\\\/wp-content\\\/uploads\\\/2025\\\/08\\\/trasp.jpeg\",\"articleSection\":[\"Noticias\"],\"inLanguage\":\"es\",\"potentialAction\":[{\"@type\":\"CommentAction\",\"name\":\"Comment\",\"target\":[\"https:\\\/\\\/somos-hermanos.mx\\\/index.php\\\/2025\\\/08\\\/04\\\/en-trasplante-y-vida-iap-apoyan-y-difunden-la-donacion-de-organos-y-tejidos-en-mexico\\\/#respond\"]}]},{\"@type\":\"WebPage\",\"@id\":\"https:\\\/\\\/somos-hermanos.mx\\\/index.php\\\/2025\\\/08\\\/04\\\/en-trasplante-y-vida-iap-apoyan-y-difunden-la-donacion-de-organos-y-tejidos-en-mexico\\\/\",\"url\":\"https:\\\/\\\/somos-hermanos.mx\\\/index.php\\\/2025\\\/08\\\/04\\\/en-trasplante-y-vida-iap-apoyan-y-difunden-la-donacion-de-organos-y-tejidos-en-mexico\\\/\",\"name\":\"En Trasplante y Vida IAP apoyan y difunden la donaci\u00f3n de \u00f3rganos y tejidos en M\u00e9xico - Historias que inspiran...\",\"isPartOf\":{\"@id\":\"https:\\\/\\\/somos-hermanos.mx\\\/#website\"},\"primaryImageOfPage\":{\"@id\":\"https:\\\/\\\/somos-hermanos.mx\\\/index.php\\\/2025\\\/08\\\/04\\\/en-trasplante-y-vida-iap-apoyan-y-difunden-la-donacion-de-organos-y-tejidos-en-mexico\\\/#primaryimage\"},\"image\":{\"@id\":\"https:\\\/\\\/somos-hermanos.mx\\\/index.php\\\/2025\\\/08\\\/04\\\/en-trasplante-y-vida-iap-apoyan-y-difunden-la-donacion-de-organos-y-tejidos-en-mexico\\\/#primaryimage\"},\"thumbnailUrl\":\"https:\\\/\\\/somos-hermanos.mx\\\/wp-content\\\/uploads\\\/2025\\\/08\\\/trasp.jpeg\",\"datePublished\":\"2025-08-04T08:48:31+00:00\",\"breadcrumb\":{\"@id\":\"https:\\\/\\\/somos-hermanos.mx\\\/index.php\\\/2025\\\/08\\\/04\\\/en-trasplante-y-vida-iap-apoyan-y-difunden-la-donacion-de-organos-y-tejidos-en-mexico\\\/#breadcrumb\"},\"inLanguage\":\"es\",\"potentialAction\":[{\"@type\":\"ReadAction\",\"target\":[\"https:\\\/\\\/somos-hermanos.mx\\\/index.php\\\/2025\\\/08\\\/04\\\/en-trasplante-y-vida-iap-apoyan-y-difunden-la-donacion-de-organos-y-tejidos-en-mexico\\\/\"]}]},{\"@type\":\"ImageObject\",\"inLanguage\":\"es\",\"@id\":\"https:\\\/\\\/somos-hermanos.mx\\\/index.php\\\/2025\\\/08\\\/04\\\/en-trasplante-y-vida-iap-apoyan-y-difunden-la-donacion-de-organos-y-tejidos-en-mexico\\\/#primaryimage\",\"url\":\"https:\\\/\\\/somos-hermanos.mx\\\/wp-content\\\/uploads\\\/2025\\\/08\\\/trasp.jpeg\",\"contentUrl\":\"https:\\\/\\\/somos-hermanos.mx\\\/wp-content\\\/uploads\\\/2025\\\/08\\\/trasp.jpeg\",\"width\":1080,\"height\":1080},{\"@type\":\"BreadcrumbList\",\"@id\":\"https:\\\/\\\/somos-hermanos.mx\\\/index.php\\\/2025\\\/08\\\/04\\\/en-trasplante-y-vida-iap-apoyan-y-difunden-la-donacion-de-organos-y-tejidos-en-mexico\\\/#breadcrumb\",\"itemListElement\":[{\"@type\":\"ListItem\",\"position\":1,\"name\":\"Inicio\",\"item\":\"https:\\\/\\\/somos-hermanos.mx\\\/\"},{\"@type\":\"ListItem\",\"position\":2,\"name\":\"En Trasplante y Vida IAP apoyan y difunden la donaci\u00f3n de \u00f3rganos y tejidos en M\u00e9xico\"}]},{\"@type\":\"WebSite\",\"@id\":\"https:\\\/\\\/somos-hermanos.mx\\\/#website\",\"url\":\"https:\\\/\\\/somos-hermanos.mx\\\/\",\"name\":\"Historias que inspiran...\",\"description\":\"Somos la voz del altruismo en M\u00e9xico\",\"publisher\":{\"@id\":\"https:\\\/\\\/somos-hermanos.mx\\\/#organization\"},\"potentialAction\":[{\"@type\":\"SearchAction\",\"target\":{\"@type\":\"EntryPoint\",\"urlTemplate\":\"https:\\\/\\\/somos-hermanos.mx\\\/?s={search_term_string}\"},\"query-input\":{\"@type\":\"PropertyValueSpecification\",\"valueRequired\":true,\"valueName\":\"search_term_string\"}}],\"inLanguage\":\"es\"},{\"@type\":\"Organization\",\"@id\":\"https:\\\/\\\/somos-hermanos.mx\\\/#organization\",\"name\":\"Somos Hermanos\",\"url\":\"https:\\\/\\\/somos-hermanos.mx\\\/\",\"logo\":{\"@type\":\"ImageObject\",\"inLanguage\":\"es\",\"@id\":\"https:\\\/\\\/somos-hermanos.mx\\\/#\\\/schema\\\/logo\\\/image\\\/\",\"url\":\"https:\\\/\\\/somos-hermanos.mx\\\/wp-content\\\/uploads\\\/2025\\\/08\\\/SH30-1.jpeg\",\"contentUrl\":\"https:\\\/\\\/somos-hermanos.mx\\\/wp-content\\\/uploads\\\/2025\\\/08\\\/SH30-1.jpeg\",\"width\":1600,\"height\":1142,\"caption\":\"Somos Hermanos\"},\"image\":{\"@id\":\"https:\\\/\\\/somos-hermanos.mx\\\/#\\\/schema\\\/logo\\\/image\\\/\"},\"sameAs\":[\"https:\\\/\\\/www.facebook.com\\\/SomosHermanosIAP\\\/\",\"https:\\\/\\\/x.com\\\/Somos__Hermanos\",\"https:\\\/\\\/www.instagram.com\\\/somos__hermanos\\\/#\",\"https:\\\/\\\/www.tiktok.com\\\/@somoshermanosiap\",\"https:\\\/\\\/www.youtube.com\\\/@somoshermanosiap1201\\\/videos\"]},{\"@type\":\"Person\",\"@id\":\"https:\\\/\\\/somos-hermanos.mx\\\/#\\\/schema\\\/person\\\/2466d21e6ade208f45dbc821298d62b6\",\"name\":\"Carlos Hernandez Huerta\",\"image\":{\"@type\":\"ImageObject\",\"inLanguage\":\"es\",\"@id\":\"https:\\\/\\\/secure.gravatar.com\\\/avatar\\\/51f6e8e89626306c560ccd8823655e34da99a1f976b5f71bb93591c6b45fd128?s=96&d=mm&r=g\",\"url\":\"https:\\\/\\\/secure.gravatar.com\\\/avatar\\\/51f6e8e89626306c560ccd8823655e34da99a1f976b5f71bb93591c6b45fd128?s=96&d=mm&r=g\",\"contentUrl\":\"https:\\\/\\\/secure.gravatar.com\\\/avatar\\\/51f6e8e89626306c560ccd8823655e34da99a1f976b5f71bb93591c6b45fd128?s=96&d=mm&r=g\",\"caption\":\"Carlos Hernandez Huerta\"},\"url\":\"https:\\\/\\\/somos-hermanos.mx\\\/index.php\\\/author\\\/carlos-hernandez-huerta\\\/\"}]}<\/script>\n<!-- \/ Yoast SEO plugin. -->","yoast_head_json":{"title":"En Trasplante y Vida IAP apoyan y difunden la donaci\u00f3n de \u00f3rganos y tejidos en M\u00e9xico - Historias que inspiran...","robots":{"index":"index","follow":"follow","max-snippet":"max-snippet:-1","max-image-preview":"max-image-preview:large","max-video-preview":"max-video-preview:-1"},"canonical":"https:\/\/somos-hermanos.mx\/index.php\/2025\/08\/04\/en-trasplante-y-vida-iap-apoyan-y-difunden-la-donacion-de-organos-y-tejidos-en-mexico\/","og_locale":"es_MX","og_type":"article","og_title":"En Trasplante y Vida IAP apoyan y difunden la donaci\u00f3n de \u00f3rganos y tejidos en M\u00e9xico - Historias que inspiran...","og_description":"Trasplante y Vida IAP es una instituci\u00f3n encargada de gestionar y apoyar a pacientes que requieren un trasplante\u00a0adem\u00e1s de difundir y visibilizar la cultura de donaci\u00f3n de \u00f3rganos y tejidos en M\u00e9xico. La presidenta del patronato, Carolina Silva, al ser paciente trasplantado de ri\u00f1\u00f3n hace 29 a\u00f1os tuvo la necesidad de integrarse al mundo del [&hellip;]","og_url":"https:\/\/somos-hermanos.mx\/index.php\/2025\/08\/04\/en-trasplante-y-vida-iap-apoyan-y-difunden-la-donacion-de-organos-y-tejidos-en-mexico\/","og_site_name":"Historias que inspiran...","article_publisher":"https:\/\/www.facebook.com\/SomosHermanosIAP\/","article_published_time":"2025-08-04T08:48:31+00:00","og_image":[{"width":1080,"height":1080,"url":"https:\/\/somos-hermanos.mx\/wp-content\/uploads\/2025\/08\/trasp.jpeg","type":"image\/jpeg"}],"author":"Carlos Hernandez Huerta","twitter_card":"summary_large_image","twitter_creator":"@Somos__Hermanos","twitter_site":"@Somos__Hermanos","twitter_misc":{"Escrito por":"Carlos Hernandez Huerta","Tiempo de lectura":"4 minutos"},"schema":{"@context":"https:\/\/schema.org","@graph":[{"@type":"Article","@id":"https:\/\/somos-hermanos.mx\/index.php\/2025\/08\/04\/en-trasplante-y-vida-iap-apoyan-y-difunden-la-donacion-de-organos-y-tejidos-en-mexico\/#article","isPartOf":{"@id":"https:\/\/somos-hermanos.mx\/index.php\/2025\/08\/04\/en-trasplante-y-vida-iap-apoyan-y-difunden-la-donacion-de-organos-y-tejidos-en-mexico\/"},"author":{"name":"Carlos Hernandez Huerta","@id":"https:\/\/somos-hermanos.mx\/#\/schema\/person\/2466d21e6ade208f45dbc821298d62b6"},"headline":"En Trasplante y Vida IAP apoyan y difunden la donaci\u00f3n de \u00f3rganos y tejidos en M\u00e9xico","datePublished":"2025-08-04T08:48:31+00:00","mainEntityOfPage":{"@id":"https:\/\/somos-hermanos.mx\/index.php\/2025\/08\/04\/en-trasplante-y-vida-iap-apoyan-y-difunden-la-donacion-de-organos-y-tejidos-en-mexico\/"},"wordCount":768,"commentCount":0,"publisher":{"@id":"https:\/\/somos-hermanos.mx\/#organization"},"image":{"@id":"https:\/\/somos-hermanos.mx\/index.php\/2025\/08\/04\/en-trasplante-y-vida-iap-apoyan-y-difunden-la-donacion-de-organos-y-tejidos-en-mexico\/#primaryimage"},"thumbnailUrl":"https:\/\/somos-hermanos.mx\/wp-content\/uploads\/2025\/08\/trasp.jpeg","articleSection":["Noticias"],"inLanguage":"es","potentialAction":[{"@type":"CommentAction","name":"Comment","target":["https:\/\/somos-hermanos.mx\/index.php\/2025\/08\/04\/en-trasplante-y-vida-iap-apoyan-y-difunden-la-donacion-de-organos-y-tejidos-en-mexico\/#respond"]}]},{"@type":"WebPage","@id":"https:\/\/somos-hermanos.mx\/index.php\/2025\/08\/04\/en-trasplante-y-vida-iap-apoyan-y-difunden-la-donacion-de-organos-y-tejidos-en-mexico\/","url":"https:\/\/somos-hermanos.mx\/index.php\/2025\/08\/04\/en-trasplante-y-vida-iap-apoyan-y-difunden-la-donacion-de-organos-y-tejidos-en-mexico\/","name":"En Trasplante y Vida IAP apoyan y difunden la donaci\u00f3n de \u00f3rganos y tejidos en M\u00e9xico - Historias que inspiran...","isPartOf":{"@id":"https:\/\/somos-hermanos.mx\/#website"},"primaryImageOfPage":{"@id":"https:\/\/somos-hermanos.mx\/index.php\/2025\/08\/04\/en-trasplante-y-vida-iap-apoyan-y-difunden-la-donacion-de-organos-y-tejidos-en-mexico\/#primaryimage"},"image":{"@id":"https:\/\/somos-hermanos.mx\/index.php\/2025\/08\/04\/en-trasplante-y-vida-iap-apoyan-y-difunden-la-donacion-de-organos-y-tejidos-en-mexico\/#primaryimage"},"thumbnailUrl":"https:\/\/somos-hermanos.mx\/wp-content\/uploads\/2025\/08\/trasp.jpeg","datePublished":"2025-08-04T08:48:31+00:00","breadcrumb":{"@id":"https:\/\/somos-hermanos.mx\/index.php\/2025\/08\/04\/en-trasplante-y-vida-iap-apoyan-y-difunden-la-donacion-de-organos-y-tejidos-en-mexico\/#breadcrumb"},"inLanguage":"es","potentialAction":[{"@type":"ReadAction","target":["https:\/\/somos-hermanos.mx\/index.php\/2025\/08\/04\/en-trasplante-y-vida-iap-apoyan-y-difunden-la-donacion-de-organos-y-tejidos-en-mexico\/"]}]},{"@type":"ImageObject","inLanguage":"es","@id":"https:\/\/somos-hermanos.mx\/index.php\/2025\/08\/04\/en-trasplante-y-vida-iap-apoyan-y-difunden-la-donacion-de-organos-y-tejidos-en-mexico\/#primaryimage","url":"https:\/\/somos-hermanos.mx\/wp-content\/uploads\/2025\/08\/trasp.jpeg","contentUrl":"https:\/\/somos-hermanos.mx\/wp-content\/uploads\/2025\/08\/trasp.jpeg","width":1080,"height":1080},{"@type":"BreadcrumbList","@id":"https:\/\/somos-hermanos.mx\/index.php\/2025\/08\/04\/en-trasplante-y-vida-iap-apoyan-y-difunden-la-donacion-de-organos-y-tejidos-en-mexico\/#breadcrumb","itemListElement":[{"@type":"ListItem","position":1,"name":"Inicio","item":"https:\/\/somos-hermanos.mx\/"},{"@type":"ListItem","position":2,"name":"En Trasplante y Vida IAP apoyan y difunden la donaci\u00f3n de \u00f3rganos y tejidos en M\u00e9xico"}]},{"@type":"WebSite","@id":"https:\/\/somos-hermanos.mx\/#website","url":"https:\/\/somos-hermanos.mx\/","name":"Historias que inspiran...","description":"Somos la voz del altruismo en M\u00e9xico","publisher":{"@id":"https:\/\/somos-hermanos.mx\/#organization"},"potentialAction":[{"@type":"SearchAction","target":{"@type":"EntryPoint","urlTemplate":"https:\/\/somos-hermanos.mx\/?s={search_term_string}"},"query-input":{"@type":"PropertyValueSpecification","valueRequired":true,"valueName":"search_term_string"}}],"inLanguage":"es"},{"@type":"Organization","@id":"https:\/\/somos-hermanos.mx\/#organization","name":"Somos Hermanos","url":"https:\/\/somos-hermanos.mx\/","logo":{"@type":"ImageObject","inLanguage":"es","@id":"https:\/\/somos-hermanos.mx\/#\/schema\/logo\/image\/","url":"https:\/\/somos-hermanos.mx\/wp-content\/uploads\/2025\/08\/SH30-1.jpeg","contentUrl":"https:\/\/somos-hermanos.mx\/wp-content\/uploads\/2025\/08\/SH30-1.jpeg","width":1600,"height":1142,"caption":"Somos Hermanos"},"image":{"@id":"https:\/\/somos-hermanos.mx\/#\/schema\/logo\/image\/"},"sameAs":["https:\/\/www.facebook.com\/SomosHermanosIAP\/","https:\/\/x.com\/Somos__Hermanos","https:\/\/www.instagram.com\/somos__hermanos\/#","https:\/\/www.tiktok.com\/@somoshermanosiap","https:\/\/www.youtube.com\/@somoshermanosiap1201\/videos"]},{"@type":"Person","@id":"https:\/\/somos-hermanos.mx\/#\/schema\/person\/2466d21e6ade208f45dbc821298d62b6","name":"Carlos Hernandez Huerta","image":{"@type":"ImageObject","inLanguage":"es","@id":"https:\/\/secure.gravatar.com\/avatar\/51f6e8e89626306c560ccd8823655e34da99a1f976b5f71bb93591c6b45fd128?s=96&d=mm&r=g","url":"https:\/\/secure.gravatar.com\/avatar\/51f6e8e89626306c560ccd8823655e34da99a1f976b5f71bb93591c6b45fd128?s=96&d=mm&r=g","contentUrl":"https:\/\/secure.gravatar.com\/avatar\/51f6e8e89626306c560ccd8823655e34da99a1f976b5f71bb93591c6b45fd128?s=96&d=mm&r=g","caption":"Carlos Hernandez Huerta"},"url":"https:\/\/somos-hermanos.mx\/index.php\/author\/carlos-hernandez-huerta\/"}]}},"_links":{"self":[{"href":"https:\/\/somos-hermanos.mx\/index.php\/wp-json\/wp\/v2\/posts\/818","targetHints":{"allow":["GET"]}}],"collection":[{"href":"https:\/\/somos-hermanos.mx\/index.php\/wp-json\/wp\/v2\/posts"}],"about":[{"href":"https:\/\/somos-hermanos.mx\/index.php\/wp-json\/wp\/v2\/types\/post"}],"author":[{"embeddable":true,"href":"https:\/\/somos-hermanos.mx\/index.php\/wp-json\/wp\/v2\/users\/10"}],"replies":[{"embeddable":true,"href":"https:\/\/somos-hermanos.mx\/index.php\/wp-json\/wp\/v2\/comments?post=818"}],"version-history":[{"count":1,"href":"https:\/\/somos-hermanos.mx\/index.php\/wp-json\/wp\/v2\/posts\/818\/revisions"}],"predecessor-version":[{"id":820,"href":"https:\/\/somos-hermanos.mx\/index.php\/wp-json\/wp\/v2\/posts\/818\/revisions\/820"}],"wp:featuredmedia":[{"embeddable":true,"href":"https:\/\/somos-hermanos.mx\/index.php\/wp-json\/wp\/v2\/media\/819"}],"wp:attachment":[{"href":"https:\/\/somos-hermanos.mx\/index.php\/wp-json\/wp\/v2\/media?parent=818"}],"wp:term":[{"taxonomy":"category","embeddable":true,"href":"https:\/\/somos-hermanos.mx\/index.php\/wp-json\/wp\/v2\/categories?post=818"},{"taxonomy":"post_tag","embeddable":true,"href":"https:\/\/somos-hermanos.mx\/index.php\/wp-json\/wp\/v2\/tags?post=818"}],"curies":[{"name":"wp","href":"https:\/\/api.w.org\/{rel}","templated":true}]}}