{"id":815,"date":"2025-08-04T02:47:19","date_gmt":"2025-08-04T08:47:19","guid":{"rendered":"https:\/\/somos-hermanos.mx\/?p=815"},"modified":"2025-08-04T02:47:19","modified_gmt":"2025-08-04T08:47:19","slug":"juntos-por-la-educacion-iniciativa-que-busca-transformar-el-futuro-de-los-ninos","status":"publish","type":"post","link":"https:\/\/somos-hermanos.mx\/index.php\/2025\/08\/04\/juntos-por-la-educacion-iniciativa-que-busca-transformar-el-futuro-de-los-ninos\/","title":{"rendered":"Juntos por la Educaci\u00f3n: Iniciativa que busca transformar el futuro de los ni\u00f1os"},"content":{"rendered":"<p>La educaci\u00f3n en M\u00e9xico <strong>es considerada como un derecho b\u00e1sico; todos los ni\u00f1os tienen el derecho a tener una formaci\u00f3n acad\u00e9mica que les permita desarrollar sus habilidades y conocimientos. <\/strong>Por esta raz\u00f3n, diferentes instituciones y fundaciones tienen el objetivo de brindarles una educaci\u00f3n que les asegure un gran futuro a los ni\u00f1os y adolescentes que tengan dificultades de poder continuar con su educaci\u00f3n.<\/p>\n<p><strong>Fundaci\u00f3n Juntos por la Educaci\u00f3n IAP,<\/strong>\u00a0es una organizaci\u00f3n sin fines de lucro que tiene la misi\u00f3n de brindar una educaci\u00f3n de primaria y secundaria, a los ni\u00f1os y j\u00f3venes de escasos recursos. Dentro de sus instalaciones <strong>ofrecen un albergue, alimentaci\u00f3n y asesor\u00eda psicol\u00f3gica <\/strong>que les permitan completar sus estudios y asegurarles un crecimiento o desarrollo integral.<\/p>\n<p>La filosof\u00eda de la fundaci\u00f3n es brindar un acceso a la educaci\u00f3n b\u00e1sica, como un derecho fundamental para el ser humano. Con la educaci\u00f3n, les permite a los j\u00f3venes tener un mejor presente y un futuro que los prepare a nivel personal como profesional.<\/p>\n<p>De hecho, los responsables de la organizaci\u00f3n tienen el deseo de compartir el beneficio de la educaci\u00f3n a quienes m\u00e1s lo necesitan.<\/p>\n<p>Es tanto el apoyo por parte de los involucrados que han organizado diferentes actividades con el fin de brindar instalaciones de calidad. Desde la construcci\u00f3n de 6 salones, la conclusi\u00f3n de un anexo y el segundo piso del albergue, espec\u00edficamente una secci\u00f3n varonil y el acondicionamiento de salones de c\u00f3mputo.<\/p>\n<p>Ofrecen diferentes tipos de apoyo, en la educaci\u00f3n hay mobiliario escolar, \u00fatiles escolares y equipo de c\u00f3mputo. Tambi\u00e9n brindan alimentos, ropa, calzado, art\u00edculos de higiene y art\u00edculos de cama.<\/p>\n<p>En la atenci\u00f3n m\u00e9dica y psicol\u00f3gica tambi\u00e9n realizan eventos recreativos y dan medicamentos. No solo quedan en dar una educaci\u00f3n de calidad, van m\u00e1s all\u00e1 en otorgar una vida sostenible para su futuro.<\/p>\n<p>No trabajan solos, cuentan con el apoyo de diferentes colaboradores como la Universidad del Valle de M\u00e9xico, Grupo Arquintegra y Mike Ayran.<\/p>\n<p>Si quieres apoyar a la fundaci\u00f3n, puedes realizar alg\u00fan tipo de donativo a sus cuentas de BBVA o por Paypal, Tu apoyo puede ayudar a solventar el &#8220;Centro Educativo y Casa Hogar HGS&#8221; (ubicado en la comunidad de Venta de Bravo, Contepec, Michoac\u00e1n) el cual est\u00e1 destinado a ser una escuela y un albergue que brinden una educaci\u00f3n y hogar a cientos de ni\u00f1os y j\u00f3venes que se encuentran desamparados. Tu donativo va a permitir que la fundaci\u00f3n sigue ayudando a m\u00e1s ni\u00f1os sin recursos.<\/p>\n","protected":false},"excerpt":{"rendered":"<p>La educaci\u00f3n en M\u00e9xico es considerada como un derecho b\u00e1sico; todos los ni\u00f1os tienen el derecho a tener una formaci\u00f3n acad\u00e9mica que les permita desarrollar sus habilidades y conocimientos. Por esta raz\u00f3n, diferentes instituciones y fundaciones tienen el objetivo de brindarles una educaci\u00f3n que les asegure un gran futuro a los ni\u00f1os y adolescentes que [&hellip;]<\/p>\n","protected":false},"author":19,"featured_media":816,"comment_status":"open","ping_status":"closed","sticky":false,"template":"","format":"standard","meta":{"footnotes":""},"categories":[6],"tags":[],"class_list":["post-815","post","type-post","status-publish","format-standard","has-post-thumbnail","hentry","category-noticias"],"yoast_head":"<!-- This site is optimized with the Yoast SEO plugin v27.5 - https:\/\/yoast.com\/product\/yoast-seo-wordpress\/ -->\n<title>Juntos por la Educaci\u00f3n: Iniciativa que busca transformar el futuro de los ni\u00f1os - Historias que inspiran...<\/title>\n<meta name=\"robots\" content=\"index, follow, max-snippet:-1, max-image-preview:large, max-video-preview:-1\" \/>\n<link rel=\"canonical\" href=\"https:\/\/somos-hermanos.mx\/index.php\/2025\/08\/04\/juntos-por-la-educacion-iniciativa-que-busca-transformar-el-futuro-de-los-ninos\/\" \/>\n<meta property=\"og:locale\" content=\"es_MX\" \/>\n<meta property=\"og:type\" content=\"article\" \/>\n<meta property=\"og:title\" content=\"Juntos por la Educaci\u00f3n: Iniciativa que busca transformar el futuro de los ni\u00f1os - Historias que inspiran...\" \/>\n<meta property=\"og:description\" content=\"La educaci\u00f3n en M\u00e9xico es considerada como un derecho b\u00e1sico; todos los ni\u00f1os tienen el derecho a tener una formaci\u00f3n acad\u00e9mica que les permita desarrollar sus habilidades y conocimientos. Por esta raz\u00f3n, diferentes instituciones y fundaciones tienen el objetivo de brindarles una educaci\u00f3n que les asegure un gran futuro a los ni\u00f1os y adolescentes que [&hellip;]\" \/>\n<meta property=\"og:url\" content=\"https:\/\/somos-hermanos.mx\/index.php\/2025\/08\/04\/juntos-por-la-educacion-iniciativa-que-busca-transformar-el-futuro-de-los-ninos\/\" \/>\n<meta property=\"og:site_name\" content=\"Historias que inspiran...\" \/>\n<meta property=\"article:publisher\" content=\"https:\/\/www.facebook.com\/SomosHermanosIAP\/\" \/>\n<meta property=\"article:published_time\" content=\"2025-08-04T08:47:19+00:00\" \/>\n<meta property=\"og:image\" content=\"https:\/\/somos-hermanos.mx\/wp-content\/uploads\/2025\/08\/jupor.jpeg\" \/>\n\t<meta property=\"og:image:width\" content=\"1013\" \/>\n\t<meta property=\"og:image:height\" content=\"1007\" \/>\n\t<meta property=\"og:image:type\" content=\"image\/jpeg\" \/>\n<meta name=\"author\" content=\"Karina Hern\u00e1ndez Flores\" \/>\n<meta name=\"twitter:card\" content=\"summary_large_image\" \/>\n<meta name=\"twitter:creator\" content=\"@Somos__Hermanos\" \/>\n<meta name=\"twitter:site\" content=\"@Somos__Hermanos\" \/>\n<meta name=\"twitter:label1\" content=\"Escrito por\" \/>\n\t<meta name=\"twitter:data1\" content=\"Karina Hern\u00e1ndez Flores\" \/>\n\t<meta name=\"twitter:label2\" content=\"Tiempo de lectura\" \/>\n\t<meta name=\"twitter:data2\" content=\"3 minutos\" \/>\n<script type=\"application\/ld+json\" class=\"yoast-schema-graph\">{\"@context\":\"https:\\\/\\\/schema.org\",\"@graph\":[{\"@type\":\"Article\",\"@id\":\"https:\\\/\\\/somos-hermanos.mx\\\/index.php\\\/2025\\\/08\\\/04\\\/juntos-por-la-educacion-iniciativa-que-busca-transformar-el-futuro-de-los-ninos\\\/#article\",\"isPartOf\":{\"@id\":\"https:\\\/\\\/somos-hermanos.mx\\\/index.php\\\/2025\\\/08\\\/04\\\/juntos-por-la-educacion-iniciativa-que-busca-transformar-el-futuro-de-los-ninos\\\/\"},\"author\":{\"name\":\"Karina Hern\u00e1ndez Flores\",\"@id\":\"https:\\\/\\\/somos-hermanos.mx\\\/#\\\/schema\\\/person\\\/de3ab70150c2d9a40634e5ea37c6ef10\"},\"headline\":\"Juntos por la Educaci\u00f3n: Iniciativa que busca transformar el futuro de los ni\u00f1os\",\"datePublished\":\"2025-08-04T08:47:19+00:00\",\"mainEntityOfPage\":{\"@id\":\"https:\\\/\\\/somos-hermanos.mx\\\/index.php\\\/2025\\\/08\\\/04\\\/juntos-por-la-educacion-iniciativa-que-busca-transformar-el-futuro-de-los-ninos\\\/\"},\"wordCount\":474,\"commentCount\":0,\"publisher\":{\"@id\":\"https:\\\/\\\/somos-hermanos.mx\\\/#organization\"},\"image\":{\"@id\":\"https:\\\/\\\/somos-hermanos.mx\\\/index.php\\\/2025\\\/08\\\/04\\\/juntos-por-la-educacion-iniciativa-que-busca-transformar-el-futuro-de-los-ninos\\\/#primaryimage\"},\"thumbnailUrl\":\"https:\\\/\\\/somos-hermanos.mx\\\/wp-content\\\/uploads\\\/2025\\\/08\\\/jupor.jpeg\",\"articleSection\":[\"Noticias\"],\"inLanguage\":\"es\",\"potentialAction\":[{\"@type\":\"CommentAction\",\"name\":\"Comment\",\"target\":[\"https:\\\/\\\/somos-hermanos.mx\\\/index.php\\\/2025\\\/08\\\/04\\\/juntos-por-la-educacion-iniciativa-que-busca-transformar-el-futuro-de-los-ninos\\\/#respond\"]}]},{\"@type\":\"WebPage\",\"@id\":\"https:\\\/\\\/somos-hermanos.mx\\\/index.php\\\/2025\\\/08\\\/04\\\/juntos-por-la-educacion-iniciativa-que-busca-transformar-el-futuro-de-los-ninos\\\/\",\"url\":\"https:\\\/\\\/somos-hermanos.mx\\\/index.php\\\/2025\\\/08\\\/04\\\/juntos-por-la-educacion-iniciativa-que-busca-transformar-el-futuro-de-los-ninos\\\/\",\"name\":\"Juntos por la Educaci\u00f3n: Iniciativa que busca transformar el futuro de los ni\u00f1os - Historias que inspiran...\",\"isPartOf\":{\"@id\":\"https:\\\/\\\/somos-hermanos.mx\\\/#website\"},\"primaryImageOfPage\":{\"@id\":\"https:\\\/\\\/somos-hermanos.mx\\\/index.php\\\/2025\\\/08\\\/04\\\/juntos-por-la-educacion-iniciativa-que-busca-transformar-el-futuro-de-los-ninos\\\/#primaryimage\"},\"image\":{\"@id\":\"https:\\\/\\\/somos-hermanos.mx\\\/index.php\\\/2025\\\/08\\\/04\\\/juntos-por-la-educacion-iniciativa-que-busca-transformar-el-futuro-de-los-ninos\\\/#primaryimage\"},\"thumbnailUrl\":\"https:\\\/\\\/somos-hermanos.mx\\\/wp-content\\\/uploads\\\/2025\\\/08\\\/jupor.jpeg\",\"datePublished\":\"2025-08-04T08:47:19+00:00\",\"breadcrumb\":{\"@id\":\"https:\\\/\\\/somos-hermanos.mx\\\/index.php\\\/2025\\\/08\\\/04\\\/juntos-por-la-educacion-iniciativa-que-busca-transformar-el-futuro-de-los-ninos\\\/#breadcrumb\"},\"inLanguage\":\"es\",\"potentialAction\":[{\"@type\":\"ReadAction\",\"target\":[\"https:\\\/\\\/somos-hermanos.mx\\\/index.php\\\/2025\\\/08\\\/04\\\/juntos-por-la-educacion-iniciativa-que-busca-transformar-el-futuro-de-los-ninos\\\/\"]}]},{\"@type\":\"ImageObject\",\"inLanguage\":\"es\",\"@id\":\"https:\\\/\\\/somos-hermanos.mx\\\/index.php\\\/2025\\\/08\\\/04\\\/juntos-por-la-educacion-iniciativa-que-busca-transformar-el-futuro-de-los-ninos\\\/#primaryimage\",\"url\":\"https:\\\/\\\/somos-hermanos.mx\\\/wp-content\\\/uploads\\\/2025\\\/08\\\/jupor.jpeg\",\"contentUrl\":\"https:\\\/\\\/somos-hermanos.mx\\\/wp-content\\\/uploads\\\/2025\\\/08\\\/jupor.jpeg\",\"width\":1013,\"height\":1007},{\"@type\":\"BreadcrumbList\",\"@id\":\"https:\\\/\\\/somos-hermanos.mx\\\/index.php\\\/2025\\\/08\\\/04\\\/juntos-por-la-educacion-iniciativa-que-busca-transformar-el-futuro-de-los-ninos\\\/#breadcrumb\",\"itemListElement\":[{\"@type\":\"ListItem\",\"position\":1,\"name\":\"Inicio\",\"item\":\"https:\\\/\\\/somos-hermanos.mx\\\/\"},{\"@type\":\"ListItem\",\"position\":2,\"name\":\"Juntos por la Educaci\u00f3n: Iniciativa que busca transformar el futuro de los ni\u00f1os\"}]},{\"@type\":\"WebSite\",\"@id\":\"https:\\\/\\\/somos-hermanos.mx\\\/#website\",\"url\":\"https:\\\/\\\/somos-hermanos.mx\\\/\",\"name\":\"Historias que inspiran...\",\"description\":\"Somos la voz del altruismo en M\u00e9xico\",\"publisher\":{\"@id\":\"https:\\\/\\\/somos-hermanos.mx\\\/#organization\"},\"potentialAction\":[{\"@type\":\"SearchAction\",\"target\":{\"@type\":\"EntryPoint\",\"urlTemplate\":\"https:\\\/\\\/somos-hermanos.mx\\\/?s={search_term_string}\"},\"query-input\":{\"@type\":\"PropertyValueSpecification\",\"valueRequired\":true,\"valueName\":\"search_term_string\"}}],\"inLanguage\":\"es\"},{\"@type\":\"Organization\",\"@id\":\"https:\\\/\\\/somos-hermanos.mx\\\/#organization\",\"name\":\"Somos Hermanos\",\"url\":\"https:\\\/\\\/somos-hermanos.mx\\\/\",\"logo\":{\"@type\":\"ImageObject\",\"inLanguage\":\"es\",\"@id\":\"https:\\\/\\\/somos-hermanos.mx\\\/#\\\/schema\\\/logo\\\/image\\\/\",\"url\":\"https:\\\/\\\/somos-hermanos.mx\\\/wp-content\\\/uploads\\\/2025\\\/08\\\/SH30-1.jpeg\",\"contentUrl\":\"https:\\\/\\\/somos-hermanos.mx\\\/wp-content\\\/uploads\\\/2025\\\/08\\\/SH30-1.jpeg\",\"width\":1600,\"height\":1142,\"caption\":\"Somos Hermanos\"},\"image\":{\"@id\":\"https:\\\/\\\/somos-hermanos.mx\\\/#\\\/schema\\\/logo\\\/image\\\/\"},\"sameAs\":[\"https:\\\/\\\/www.facebook.com\\\/SomosHermanosIAP\\\/\",\"https:\\\/\\\/x.com\\\/Somos__Hermanos\",\"https:\\\/\\\/www.instagram.com\\\/somos__hermanos\\\/#\",\"https:\\\/\\\/www.tiktok.com\\\/@somoshermanosiap\",\"https:\\\/\\\/www.youtube.com\\\/@somoshermanosiap1201\\\/videos\"]},{\"@type\":\"Person\",\"@id\":\"https:\\\/\\\/somos-hermanos.mx\\\/#\\\/schema\\\/person\\\/de3ab70150c2d9a40634e5ea37c6ef10\",\"name\":\"Karina Hern\u00e1ndez Flores\",\"image\":{\"@type\":\"ImageObject\",\"inLanguage\":\"es\",\"@id\":\"https:\\\/\\\/secure.gravatar.com\\\/avatar\\\/b881cf961dfbebfa1094490b61a3c10e871664dba37ac04c3a35065d40ed843c?s=96&d=mm&r=g\",\"url\":\"https:\\\/\\\/secure.gravatar.com\\\/avatar\\\/b881cf961dfbebfa1094490b61a3c10e871664dba37ac04c3a35065d40ed843c?s=96&d=mm&r=g\",\"contentUrl\":\"https:\\\/\\\/secure.gravatar.com\\\/avatar\\\/b881cf961dfbebfa1094490b61a3c10e871664dba37ac04c3a35065d40ed843c?s=96&d=mm&r=g\",\"caption\":\"Karina Hern\u00e1ndez Flores\"},\"url\":\"https:\\\/\\\/somos-hermanos.mx\\\/index.php\\\/author\\\/karina-hernandez-flores\\\/\"}]}<\/script>\n<!-- \/ Yoast SEO plugin. -->","yoast_head_json":{"title":"Juntos por la Educaci\u00f3n: Iniciativa que busca transformar el futuro de los ni\u00f1os - Historias que inspiran...","robots":{"index":"index","follow":"follow","max-snippet":"max-snippet:-1","max-image-preview":"max-image-preview:large","max-video-preview":"max-video-preview:-1"},"canonical":"https:\/\/somos-hermanos.mx\/index.php\/2025\/08\/04\/juntos-por-la-educacion-iniciativa-que-busca-transformar-el-futuro-de-los-ninos\/","og_locale":"es_MX","og_type":"article","og_title":"Juntos por la Educaci\u00f3n: Iniciativa que busca transformar el futuro de los ni\u00f1os - Historias que inspiran...","og_description":"La educaci\u00f3n en M\u00e9xico es considerada como un derecho b\u00e1sico; todos los ni\u00f1os tienen el derecho a tener una formaci\u00f3n acad\u00e9mica que les permita desarrollar sus habilidades y conocimientos. Por esta raz\u00f3n, diferentes instituciones y fundaciones tienen el objetivo de brindarles una educaci\u00f3n que les asegure un gran futuro a los ni\u00f1os y adolescentes que [&hellip;]","og_url":"https:\/\/somos-hermanos.mx\/index.php\/2025\/08\/04\/juntos-por-la-educacion-iniciativa-que-busca-transformar-el-futuro-de-los-ninos\/","og_site_name":"Historias que inspiran...","article_publisher":"https:\/\/www.facebook.com\/SomosHermanosIAP\/","article_published_time":"2025-08-04T08:47:19+00:00","og_image":[{"width":1013,"height":1007,"url":"https:\/\/somos-hermanos.mx\/wp-content\/uploads\/2025\/08\/jupor.jpeg","type":"image\/jpeg"}],"author":"Karina Hern\u00e1ndez Flores","twitter_card":"summary_large_image","twitter_creator":"@Somos__Hermanos","twitter_site":"@Somos__Hermanos","twitter_misc":{"Escrito por":"Karina Hern\u00e1ndez Flores","Tiempo de lectura":"3 minutos"},"schema":{"@context":"https:\/\/schema.org","@graph":[{"@type":"Article","@id":"https:\/\/somos-hermanos.mx\/index.php\/2025\/08\/04\/juntos-por-la-educacion-iniciativa-que-busca-transformar-el-futuro-de-los-ninos\/#article","isPartOf":{"@id":"https:\/\/somos-hermanos.mx\/index.php\/2025\/08\/04\/juntos-por-la-educacion-iniciativa-que-busca-transformar-el-futuro-de-los-ninos\/"},"author":{"name":"Karina Hern\u00e1ndez Flores","@id":"https:\/\/somos-hermanos.mx\/#\/schema\/person\/de3ab70150c2d9a40634e5ea37c6ef10"},"headline":"Juntos por la Educaci\u00f3n: Iniciativa que busca transformar el futuro de los ni\u00f1os","datePublished":"2025-08-04T08:47:19+00:00","mainEntityOfPage":{"@id":"https:\/\/somos-hermanos.mx\/index.php\/2025\/08\/04\/juntos-por-la-educacion-iniciativa-que-busca-transformar-el-futuro-de-los-ninos\/"},"wordCount":474,"commentCount":0,"publisher":{"@id":"https:\/\/somos-hermanos.mx\/#organization"},"image":{"@id":"https:\/\/somos-hermanos.mx\/index.php\/2025\/08\/04\/juntos-por-la-educacion-iniciativa-que-busca-transformar-el-futuro-de-los-ninos\/#primaryimage"},"thumbnailUrl":"https:\/\/somos-hermanos.mx\/wp-content\/uploads\/2025\/08\/jupor.jpeg","articleSection":["Noticias"],"inLanguage":"es","potentialAction":[{"@type":"CommentAction","name":"Comment","target":["https:\/\/somos-hermanos.mx\/index.php\/2025\/08\/04\/juntos-por-la-educacion-iniciativa-que-busca-transformar-el-futuro-de-los-ninos\/#respond"]}]},{"@type":"WebPage","@id":"https:\/\/somos-hermanos.mx\/index.php\/2025\/08\/04\/juntos-por-la-educacion-iniciativa-que-busca-transformar-el-futuro-de-los-ninos\/","url":"https:\/\/somos-hermanos.mx\/index.php\/2025\/08\/04\/juntos-por-la-educacion-iniciativa-que-busca-transformar-el-futuro-de-los-ninos\/","name":"Juntos por la Educaci\u00f3n: Iniciativa que busca transformar el futuro de los ni\u00f1os - Historias que inspiran...","isPartOf":{"@id":"https:\/\/somos-hermanos.mx\/#website"},"primaryImageOfPage":{"@id":"https:\/\/somos-hermanos.mx\/index.php\/2025\/08\/04\/juntos-por-la-educacion-iniciativa-que-busca-transformar-el-futuro-de-los-ninos\/#primaryimage"},"image":{"@id":"https:\/\/somos-hermanos.mx\/index.php\/2025\/08\/04\/juntos-por-la-educacion-iniciativa-que-busca-transformar-el-futuro-de-los-ninos\/#primaryimage"},"thumbnailUrl":"https:\/\/somos-hermanos.mx\/wp-content\/uploads\/2025\/08\/jupor.jpeg","datePublished":"2025-08-04T08:47:19+00:00","breadcrumb":{"@id":"https:\/\/somos-hermanos.mx\/index.php\/2025\/08\/04\/juntos-por-la-educacion-iniciativa-que-busca-transformar-el-futuro-de-los-ninos\/#breadcrumb"},"inLanguage":"es","potentialAction":[{"@type":"ReadAction","target":["https:\/\/somos-hermanos.mx\/index.php\/2025\/08\/04\/juntos-por-la-educacion-iniciativa-que-busca-transformar-el-futuro-de-los-ninos\/"]}]},{"@type":"ImageObject","inLanguage":"es","@id":"https:\/\/somos-hermanos.mx\/index.php\/2025\/08\/04\/juntos-por-la-educacion-iniciativa-que-busca-transformar-el-futuro-de-los-ninos\/#primaryimage","url":"https:\/\/somos-hermanos.mx\/wp-content\/uploads\/2025\/08\/jupor.jpeg","contentUrl":"https:\/\/somos-hermanos.mx\/wp-content\/uploads\/2025\/08\/jupor.jpeg","width":1013,"height":1007},{"@type":"BreadcrumbList","@id":"https:\/\/somos-hermanos.mx\/index.php\/2025\/08\/04\/juntos-por-la-educacion-iniciativa-que-busca-transformar-el-futuro-de-los-ninos\/#breadcrumb","itemListElement":[{"@type":"ListItem","position":1,"name":"Inicio","item":"https:\/\/somos-hermanos.mx\/"},{"@type":"ListItem","position":2,"name":"Juntos por la Educaci\u00f3n: Iniciativa que busca transformar el futuro de los ni\u00f1os"}]},{"@type":"WebSite","@id":"https:\/\/somos-hermanos.mx\/#website","url":"https:\/\/somos-hermanos.mx\/","name":"Historias que inspiran...","description":"Somos la voz del altruismo en M\u00e9xico","publisher":{"@id":"https:\/\/somos-hermanos.mx\/#organization"},"potentialAction":[{"@type":"SearchAction","target":{"@type":"EntryPoint","urlTemplate":"https:\/\/somos-hermanos.mx\/?s={search_term_string}"},"query-input":{"@type":"PropertyValueSpecification","valueRequired":true,"valueName":"search_term_string"}}],"inLanguage":"es"},{"@type":"Organization","@id":"https:\/\/somos-hermanos.mx\/#organization","name":"Somos Hermanos","url":"https:\/\/somos-hermanos.mx\/","logo":{"@type":"ImageObject","inLanguage":"es","@id":"https:\/\/somos-hermanos.mx\/#\/schema\/logo\/image\/","url":"https:\/\/somos-hermanos.mx\/wp-content\/uploads\/2025\/08\/SH30-1.jpeg","contentUrl":"https:\/\/somos-hermanos.mx\/wp-content\/uploads\/2025\/08\/SH30-1.jpeg","width":1600,"height":1142,"caption":"Somos Hermanos"},"image":{"@id":"https:\/\/somos-hermanos.mx\/#\/schema\/logo\/image\/"},"sameAs":["https:\/\/www.facebook.com\/SomosHermanosIAP\/","https:\/\/x.com\/Somos__Hermanos","https:\/\/www.instagram.com\/somos__hermanos\/#","https:\/\/www.tiktok.com\/@somoshermanosiap","https:\/\/www.youtube.com\/@somoshermanosiap1201\/videos"]},{"@type":"Person","@id":"https:\/\/somos-hermanos.mx\/#\/schema\/person\/de3ab70150c2d9a40634e5ea37c6ef10","name":"Karina Hern\u00e1ndez Flores","image":{"@type":"ImageObject","inLanguage":"es","@id":"https:\/\/secure.gravatar.com\/avatar\/b881cf961dfbebfa1094490b61a3c10e871664dba37ac04c3a35065d40ed843c?s=96&d=mm&r=g","url":"https:\/\/secure.gravatar.com\/avatar\/b881cf961dfbebfa1094490b61a3c10e871664dba37ac04c3a35065d40ed843c?s=96&d=mm&r=g","contentUrl":"https:\/\/secure.gravatar.com\/avatar\/b881cf961dfbebfa1094490b61a3c10e871664dba37ac04c3a35065d40ed843c?s=96&d=mm&r=g","caption":"Karina Hern\u00e1ndez Flores"},"url":"https:\/\/somos-hermanos.mx\/index.php\/author\/karina-hernandez-flores\/"}]}},"_links":{"self":[{"href":"https:\/\/somos-hermanos.mx\/index.php\/wp-json\/wp\/v2\/posts\/815","targetHints":{"allow":["GET"]}}],"collection":[{"href":"https:\/\/somos-hermanos.mx\/index.php\/wp-json\/wp\/v2\/posts"}],"about":[{"href":"https:\/\/somos-hermanos.mx\/index.php\/wp-json\/wp\/v2\/types\/post"}],"author":[{"embeddable":true,"href":"https:\/\/somos-hermanos.mx\/index.php\/wp-json\/wp\/v2\/users\/19"}],"replies":[{"embeddable":true,"href":"https:\/\/somos-hermanos.mx\/index.php\/wp-json\/wp\/v2\/comments?post=815"}],"version-history":[{"count":1,"href":"https:\/\/somos-hermanos.mx\/index.php\/wp-json\/wp\/v2\/posts\/815\/revisions"}],"predecessor-version":[{"id":817,"href":"https:\/\/somos-hermanos.mx\/index.php\/wp-json\/wp\/v2\/posts\/815\/revisions\/817"}],"wp:featuredmedia":[{"embeddable":true,"href":"https:\/\/somos-hermanos.mx\/index.php\/wp-json\/wp\/v2\/media\/816"}],"wp:attachment":[{"href":"https:\/\/somos-hermanos.mx\/index.php\/wp-json\/wp\/v2\/media?parent=815"}],"wp:term":[{"taxonomy":"category","embeddable":true,"href":"https:\/\/somos-hermanos.mx\/index.php\/wp-json\/wp\/v2\/categories?post=815"},{"taxonomy":"post_tag","embeddable":true,"href":"https:\/\/somos-hermanos.mx\/index.php\/wp-json\/wp\/v2\/tags?post=815"}],"curies":[{"name":"wp","href":"https:\/\/api.w.org\/{rel}","templated":true}]}}