{"id":812,"date":"2025-08-04T02:46:26","date_gmt":"2025-08-04T08:46:26","guid":{"rendered":"https:\/\/somos-hermanos.mx\/?p=812"},"modified":"2025-08-04T02:46:26","modified_gmt":"2025-08-04T08:46:26","slug":"padres-y-compadres-iap-donde-el-amor-se-convierte-en-accion","status":"publish","type":"post","link":"https:\/\/somos-hermanos.mx\/index.php\/2025\/08\/04\/padres-y-compadres-iap-donde-el-amor-se-convierte-en-accion\/","title":{"rendered":"Padres y Compadres IAP, donde el amor se convierte en acci\u00f3n"},"content":{"rendered":"<p>Las personas con discapacidad motriz y cognitiva <strong>enfrentan barreras significativas para su vida diaria, como la dificultad de desplazarse, comunicarse, aprender e incluso acceder a servicios b\u00e1sicos. <\/strong>Estas limitaciones afectan no solo a quienes la viven sino tambi\u00e9n a sus familias, quienes muchas veces se sienten solos ante la falta de apoyo por parte del sistema. Es <strong>por lo que el compromiso social se vuelve vital para construir entornos accesibles para todos. <\/strong><\/p>\n<p><strong>Padres y Compadres IAP nace en 1992 en Mazatl\u00e1n, Sinaloa, <\/strong>como una respuesta ante esta necesidad. Tres madres llenas del deseo de mejorar la calidad de vida de sus hijos con discapacidad toman la decisi\u00f3n de capacitarse y en conjunto con especialistas nacionales e internacionales dan vida a un acto de amor que hoy en d\u00eda se convirti\u00f3 en una instituci\u00f3n formal con un impacto positivo para la comunidad.<\/p>\n<p>Desde su consolidaci\u00f3n en el a\u00f1o 2005, la asociaci\u00f3n ha crecido en estructura, servicios e infraestructura, un ejemplo de ello fue la construcci\u00f3n de un centro de rehabilitaci\u00f3n. <strong>Hoy en d\u00eda la fundaci\u00f3n ofrece programas de atenci\u00f3n integral para ni\u00f1os, j\u00f3venes y adultos con discapacidades motrices y cognitivas, con el fin de fomentar su autonom\u00eda, <\/strong>independencia y la inclusi\u00f3n social. Los servicios que ofrece son equinoterapia, estimulaci\u00f3n multisensorial, educaci\u00f3n especial, terapia f\u00edsica y actividades recreativas, todo adaptado a las necesidades de cada beneficiario.<\/p>\n<p>A trav\u00e9s de los talleres y capacitaciones para padres y tutores se promueve la participaci\u00f3n de la familia en el proceso de rehabilitaci\u00f3n. Adem\u00e1s, cuenta con una estancia infantil, una cl\u00ednica de rehabilitaci\u00f3n y la entrega de dispositivos de movilidad para quienes lo necesiten, reforzando su enfoque integral.<\/p>\n<p><strong>La fundaci\u00f3n tambi\u00e9n desarrolla programas para adolescentes y j\u00f3venes con el objetivo de facilitar su integraci\u00f3n y desarrollo personal. <\/strong>Gracias a este acompa\u00f1amiento se ha logrado que los beneficiaros avancen hacia una vida m\u00e1s digna, plena y participativa reafirman el compromiso por la inclusi\u00f3n, educaci\u00f3n y la equidad.<\/p>\n<p>Sin embargo, para que estar labor contin\u00fae es necesaria la participaci\u00f3n de la sociedad, las donaciones permiten mantener y expandir los servicios, la contrataci\u00f3n del personal capacitado, la mejora de las instalaciones y la atenci\u00f3n a m\u00e1s familias.<\/p>\n<p>Cada donativo marca la diferencia. Padres y compadres IAP extiende una invitaci\u00f3n en general a sumar esfuerzos y lograr acciones de alto impacto en la vida de quienes lo necesitan. Juntos se puede construir un mundo m\u00e1s justo, accesible y solidario.<\/p>\n","protected":false},"excerpt":{"rendered":"<p>Las personas con discapacidad motriz y cognitiva enfrentan barreras significativas para su vida diaria, como la dificultad de desplazarse, comunicarse, aprender e incluso acceder a servicios b\u00e1sicos. Estas limitaciones afectan no solo a quienes la viven sino tambi\u00e9n a sus familias, quienes muchas veces se sienten solos ante la falta de apoyo por parte del [&hellip;]<\/p>\n","protected":false},"author":4,"featured_media":813,"comment_status":"open","ping_status":"closed","sticky":false,"template":"","format":"standard","meta":{"footnotes":""},"categories":[6],"tags":[],"class_list":["post-812","post","type-post","status-publish","format-standard","has-post-thumbnail","hentry","category-noticias"],"yoast_head":"<!-- This site is optimized with the Yoast SEO plugin v27.5 - https:\/\/yoast.com\/product\/yoast-seo-wordpress\/ -->\n<title>Padres y Compadres IAP, donde el amor se convierte en acci\u00f3n - Historias que inspiran...<\/title>\n<meta name=\"robots\" content=\"index, follow, max-snippet:-1, max-image-preview:large, max-video-preview:-1\" \/>\n<link rel=\"canonical\" href=\"https:\/\/somos-hermanos.mx\/index.php\/2025\/08\/04\/padres-y-compadres-iap-donde-el-amor-se-convierte-en-accion\/\" \/>\n<meta property=\"og:locale\" content=\"es_MX\" \/>\n<meta property=\"og:type\" content=\"article\" \/>\n<meta property=\"og:title\" content=\"Padres y Compadres IAP, donde el amor se convierte en acci\u00f3n - Historias que inspiran...\" \/>\n<meta property=\"og:description\" content=\"Las personas con discapacidad motriz y cognitiva enfrentan barreras significativas para su vida diaria, como la dificultad de desplazarse, comunicarse, aprender e incluso acceder a servicios b\u00e1sicos. Estas limitaciones afectan no solo a quienes la viven sino tambi\u00e9n a sus familias, quienes muchas veces se sienten solos ante la falta de apoyo por parte del [&hellip;]\" \/>\n<meta property=\"og:url\" content=\"https:\/\/somos-hermanos.mx\/index.php\/2025\/08\/04\/padres-y-compadres-iap-donde-el-amor-se-convierte-en-accion\/\" \/>\n<meta property=\"og:site_name\" content=\"Historias que inspiran...\" \/>\n<meta property=\"article:publisher\" content=\"https:\/\/www.facebook.com\/SomosHermanosIAP\/\" \/>\n<meta property=\"article:published_time\" content=\"2025-08-04T08:46:26+00:00\" \/>\n<meta property=\"og:image\" content=\"https:\/\/somos-hermanos.mx\/wp-content\/uploads\/2025\/08\/compa.jpeg\" \/>\n\t<meta property=\"og:image:width\" content=\"640\" \/>\n\t<meta property=\"og:image:height\" content=\"640\" \/>\n\t<meta property=\"og:image:type\" content=\"image\/jpeg\" \/>\n<meta name=\"author\" content=\"Diana D\u00edaz Cardoza\" \/>\n<meta name=\"twitter:card\" content=\"summary_large_image\" \/>\n<meta name=\"twitter:creator\" content=\"@Somos__Hermanos\" \/>\n<meta name=\"twitter:site\" content=\"@Somos__Hermanos\" \/>\n<meta name=\"twitter:label1\" content=\"Escrito por\" \/>\n\t<meta name=\"twitter:data1\" content=\"Diana D\u00edaz Cardoza\" \/>\n\t<meta name=\"twitter:label2\" content=\"Tiempo de lectura\" \/>\n\t<meta name=\"twitter:data2\" content=\"3 minutos\" \/>\n<script type=\"application\/ld+json\" class=\"yoast-schema-graph\">{\"@context\":\"https:\\\/\\\/schema.org\",\"@graph\":[{\"@type\":\"Article\",\"@id\":\"https:\\\/\\\/somos-hermanos.mx\\\/index.php\\\/2025\\\/08\\\/04\\\/padres-y-compadres-iap-donde-el-amor-se-convierte-en-accion\\\/#article\",\"isPartOf\":{\"@id\":\"https:\\\/\\\/somos-hermanos.mx\\\/index.php\\\/2025\\\/08\\\/04\\\/padres-y-compadres-iap-donde-el-amor-se-convierte-en-accion\\\/\"},\"author\":{\"name\":\"Diana D\u00edaz Cardoza\",\"@id\":\"https:\\\/\\\/somos-hermanos.mx\\\/#\\\/schema\\\/person\\\/410425922654f3768f310e5949e1d304\"},\"headline\":\"Padres y Compadres IAP, donde el amor se convierte en acci\u00f3n\",\"datePublished\":\"2025-08-04T08:46:26+00:00\",\"mainEntityOfPage\":{\"@id\":\"https:\\\/\\\/somos-hermanos.mx\\\/index.php\\\/2025\\\/08\\\/04\\\/padres-y-compadres-iap-donde-el-amor-se-convierte-en-accion\\\/\"},\"wordCount\":451,\"commentCount\":0,\"publisher\":{\"@id\":\"https:\\\/\\\/somos-hermanos.mx\\\/#organization\"},\"image\":{\"@id\":\"https:\\\/\\\/somos-hermanos.mx\\\/index.php\\\/2025\\\/08\\\/04\\\/padres-y-compadres-iap-donde-el-amor-se-convierte-en-accion\\\/#primaryimage\"},\"thumbnailUrl\":\"https:\\\/\\\/somos-hermanos.mx\\\/wp-content\\\/uploads\\\/2025\\\/08\\\/compa.jpeg\",\"articleSection\":[\"Noticias\"],\"inLanguage\":\"es\",\"potentialAction\":[{\"@type\":\"CommentAction\",\"name\":\"Comment\",\"target\":[\"https:\\\/\\\/somos-hermanos.mx\\\/index.php\\\/2025\\\/08\\\/04\\\/padres-y-compadres-iap-donde-el-amor-se-convierte-en-accion\\\/#respond\"]}]},{\"@type\":\"WebPage\",\"@id\":\"https:\\\/\\\/somos-hermanos.mx\\\/index.php\\\/2025\\\/08\\\/04\\\/padres-y-compadres-iap-donde-el-amor-se-convierte-en-accion\\\/\",\"url\":\"https:\\\/\\\/somos-hermanos.mx\\\/index.php\\\/2025\\\/08\\\/04\\\/padres-y-compadres-iap-donde-el-amor-se-convierte-en-accion\\\/\",\"name\":\"Padres y Compadres IAP, donde el amor se convierte en acci\u00f3n - Historias que inspiran...\",\"isPartOf\":{\"@id\":\"https:\\\/\\\/somos-hermanos.mx\\\/#website\"},\"primaryImageOfPage\":{\"@id\":\"https:\\\/\\\/somos-hermanos.mx\\\/index.php\\\/2025\\\/08\\\/04\\\/padres-y-compadres-iap-donde-el-amor-se-convierte-en-accion\\\/#primaryimage\"},\"image\":{\"@id\":\"https:\\\/\\\/somos-hermanos.mx\\\/index.php\\\/2025\\\/08\\\/04\\\/padres-y-compadres-iap-donde-el-amor-se-convierte-en-accion\\\/#primaryimage\"},\"thumbnailUrl\":\"https:\\\/\\\/somos-hermanos.mx\\\/wp-content\\\/uploads\\\/2025\\\/08\\\/compa.jpeg\",\"datePublished\":\"2025-08-04T08:46:26+00:00\",\"breadcrumb\":{\"@id\":\"https:\\\/\\\/somos-hermanos.mx\\\/index.php\\\/2025\\\/08\\\/04\\\/padres-y-compadres-iap-donde-el-amor-se-convierte-en-accion\\\/#breadcrumb\"},\"inLanguage\":\"es\",\"potentialAction\":[{\"@type\":\"ReadAction\",\"target\":[\"https:\\\/\\\/somos-hermanos.mx\\\/index.php\\\/2025\\\/08\\\/04\\\/padres-y-compadres-iap-donde-el-amor-se-convierte-en-accion\\\/\"]}]},{\"@type\":\"ImageObject\",\"inLanguage\":\"es\",\"@id\":\"https:\\\/\\\/somos-hermanos.mx\\\/index.php\\\/2025\\\/08\\\/04\\\/padres-y-compadres-iap-donde-el-amor-se-convierte-en-accion\\\/#primaryimage\",\"url\":\"https:\\\/\\\/somos-hermanos.mx\\\/wp-content\\\/uploads\\\/2025\\\/08\\\/compa.jpeg\",\"contentUrl\":\"https:\\\/\\\/somos-hermanos.mx\\\/wp-content\\\/uploads\\\/2025\\\/08\\\/compa.jpeg\",\"width\":640,\"height\":640},{\"@type\":\"BreadcrumbList\",\"@id\":\"https:\\\/\\\/somos-hermanos.mx\\\/index.php\\\/2025\\\/08\\\/04\\\/padres-y-compadres-iap-donde-el-amor-se-convierte-en-accion\\\/#breadcrumb\",\"itemListElement\":[{\"@type\":\"ListItem\",\"position\":1,\"name\":\"Inicio\",\"item\":\"https:\\\/\\\/somos-hermanos.mx\\\/\"},{\"@type\":\"ListItem\",\"position\":2,\"name\":\"Padres y Compadres IAP, donde el amor se convierte en acci\u00f3n\"}]},{\"@type\":\"WebSite\",\"@id\":\"https:\\\/\\\/somos-hermanos.mx\\\/#website\",\"url\":\"https:\\\/\\\/somos-hermanos.mx\\\/\",\"name\":\"Historias que inspiran...\",\"description\":\"Somos la voz del altruismo en M\u00e9xico\",\"publisher\":{\"@id\":\"https:\\\/\\\/somos-hermanos.mx\\\/#organization\"},\"potentialAction\":[{\"@type\":\"SearchAction\",\"target\":{\"@type\":\"EntryPoint\",\"urlTemplate\":\"https:\\\/\\\/somos-hermanos.mx\\\/?s={search_term_string}\"},\"query-input\":{\"@type\":\"PropertyValueSpecification\",\"valueRequired\":true,\"valueName\":\"search_term_string\"}}],\"inLanguage\":\"es\"},{\"@type\":\"Organization\",\"@id\":\"https:\\\/\\\/somos-hermanos.mx\\\/#organization\",\"name\":\"Somos Hermanos\",\"url\":\"https:\\\/\\\/somos-hermanos.mx\\\/\",\"logo\":{\"@type\":\"ImageObject\",\"inLanguage\":\"es\",\"@id\":\"https:\\\/\\\/somos-hermanos.mx\\\/#\\\/schema\\\/logo\\\/image\\\/\",\"url\":\"https:\\\/\\\/somos-hermanos.mx\\\/wp-content\\\/uploads\\\/2025\\\/08\\\/SH30-1.jpeg\",\"contentUrl\":\"https:\\\/\\\/somos-hermanos.mx\\\/wp-content\\\/uploads\\\/2025\\\/08\\\/SH30-1.jpeg\",\"width\":1600,\"height\":1142,\"caption\":\"Somos Hermanos\"},\"image\":{\"@id\":\"https:\\\/\\\/somos-hermanos.mx\\\/#\\\/schema\\\/logo\\\/image\\\/\"},\"sameAs\":[\"https:\\\/\\\/www.facebook.com\\\/SomosHermanosIAP\\\/\",\"https:\\\/\\\/x.com\\\/Somos__Hermanos\",\"https:\\\/\\\/www.instagram.com\\\/somos__hermanos\\\/#\",\"https:\\\/\\\/www.tiktok.com\\\/@somoshermanosiap\",\"https:\\\/\\\/www.youtube.com\\\/@somoshermanosiap1201\\\/videos\"]},{\"@type\":\"Person\",\"@id\":\"https:\\\/\\\/somos-hermanos.mx\\\/#\\\/schema\\\/person\\\/410425922654f3768f310e5949e1d304\",\"name\":\"Diana D\u00edaz Cardoza\",\"image\":{\"@type\":\"ImageObject\",\"inLanguage\":\"es\",\"@id\":\"https:\\\/\\\/secure.gravatar.com\\\/avatar\\\/f80bf4377c9bc6108877fbe8e6e6a08647dd8a628846d62be4318348e3a367f7?s=96&d=mm&r=g\",\"url\":\"https:\\\/\\\/secure.gravatar.com\\\/avatar\\\/f80bf4377c9bc6108877fbe8e6e6a08647dd8a628846d62be4318348e3a367f7?s=96&d=mm&r=g\",\"contentUrl\":\"https:\\\/\\\/secure.gravatar.com\\\/avatar\\\/f80bf4377c9bc6108877fbe8e6e6a08647dd8a628846d62be4318348e3a367f7?s=96&d=mm&r=g\",\"caption\":\"Diana D\u00edaz Cardoza\"},\"url\":\"https:\\\/\\\/somos-hermanos.mx\\\/index.php\\\/author\\\/diana-diaz-cardoza\\\/\"}]}<\/script>\n<!-- \/ Yoast SEO plugin. -->","yoast_head_json":{"title":"Padres y Compadres IAP, donde el amor se convierte en acci\u00f3n - Historias que inspiran...","robots":{"index":"index","follow":"follow","max-snippet":"max-snippet:-1","max-image-preview":"max-image-preview:large","max-video-preview":"max-video-preview:-1"},"canonical":"https:\/\/somos-hermanos.mx\/index.php\/2025\/08\/04\/padres-y-compadres-iap-donde-el-amor-se-convierte-en-accion\/","og_locale":"es_MX","og_type":"article","og_title":"Padres y Compadres IAP, donde el amor se convierte en acci\u00f3n - Historias que inspiran...","og_description":"Las personas con discapacidad motriz y cognitiva enfrentan barreras significativas para su vida diaria, como la dificultad de desplazarse, comunicarse, aprender e incluso acceder a servicios b\u00e1sicos. Estas limitaciones afectan no solo a quienes la viven sino tambi\u00e9n a sus familias, quienes muchas veces se sienten solos ante la falta de apoyo por parte del [&hellip;]","og_url":"https:\/\/somos-hermanos.mx\/index.php\/2025\/08\/04\/padres-y-compadres-iap-donde-el-amor-se-convierte-en-accion\/","og_site_name":"Historias que inspiran...","article_publisher":"https:\/\/www.facebook.com\/SomosHermanosIAP\/","article_published_time":"2025-08-04T08:46:26+00:00","og_image":[{"width":640,"height":640,"url":"https:\/\/somos-hermanos.mx\/wp-content\/uploads\/2025\/08\/compa.jpeg","type":"image\/jpeg"}],"author":"Diana D\u00edaz Cardoza","twitter_card":"summary_large_image","twitter_creator":"@Somos__Hermanos","twitter_site":"@Somos__Hermanos","twitter_misc":{"Escrito por":"Diana D\u00edaz Cardoza","Tiempo de lectura":"3 minutos"},"schema":{"@context":"https:\/\/schema.org","@graph":[{"@type":"Article","@id":"https:\/\/somos-hermanos.mx\/index.php\/2025\/08\/04\/padres-y-compadres-iap-donde-el-amor-se-convierte-en-accion\/#article","isPartOf":{"@id":"https:\/\/somos-hermanos.mx\/index.php\/2025\/08\/04\/padres-y-compadres-iap-donde-el-amor-se-convierte-en-accion\/"},"author":{"name":"Diana D\u00edaz Cardoza","@id":"https:\/\/somos-hermanos.mx\/#\/schema\/person\/410425922654f3768f310e5949e1d304"},"headline":"Padres y Compadres IAP, donde el amor se convierte en acci\u00f3n","datePublished":"2025-08-04T08:46:26+00:00","mainEntityOfPage":{"@id":"https:\/\/somos-hermanos.mx\/index.php\/2025\/08\/04\/padres-y-compadres-iap-donde-el-amor-se-convierte-en-accion\/"},"wordCount":451,"commentCount":0,"publisher":{"@id":"https:\/\/somos-hermanos.mx\/#organization"},"image":{"@id":"https:\/\/somos-hermanos.mx\/index.php\/2025\/08\/04\/padres-y-compadres-iap-donde-el-amor-se-convierte-en-accion\/#primaryimage"},"thumbnailUrl":"https:\/\/somos-hermanos.mx\/wp-content\/uploads\/2025\/08\/compa.jpeg","articleSection":["Noticias"],"inLanguage":"es","potentialAction":[{"@type":"CommentAction","name":"Comment","target":["https:\/\/somos-hermanos.mx\/index.php\/2025\/08\/04\/padres-y-compadres-iap-donde-el-amor-se-convierte-en-accion\/#respond"]}]},{"@type":"WebPage","@id":"https:\/\/somos-hermanos.mx\/index.php\/2025\/08\/04\/padres-y-compadres-iap-donde-el-amor-se-convierte-en-accion\/","url":"https:\/\/somos-hermanos.mx\/index.php\/2025\/08\/04\/padres-y-compadres-iap-donde-el-amor-se-convierte-en-accion\/","name":"Padres y Compadres IAP, donde el amor se convierte en acci\u00f3n - Historias que inspiran...","isPartOf":{"@id":"https:\/\/somos-hermanos.mx\/#website"},"primaryImageOfPage":{"@id":"https:\/\/somos-hermanos.mx\/index.php\/2025\/08\/04\/padres-y-compadres-iap-donde-el-amor-se-convierte-en-accion\/#primaryimage"},"image":{"@id":"https:\/\/somos-hermanos.mx\/index.php\/2025\/08\/04\/padres-y-compadres-iap-donde-el-amor-se-convierte-en-accion\/#primaryimage"},"thumbnailUrl":"https:\/\/somos-hermanos.mx\/wp-content\/uploads\/2025\/08\/compa.jpeg","datePublished":"2025-08-04T08:46:26+00:00","breadcrumb":{"@id":"https:\/\/somos-hermanos.mx\/index.php\/2025\/08\/04\/padres-y-compadres-iap-donde-el-amor-se-convierte-en-accion\/#breadcrumb"},"inLanguage":"es","potentialAction":[{"@type":"ReadAction","target":["https:\/\/somos-hermanos.mx\/index.php\/2025\/08\/04\/padres-y-compadres-iap-donde-el-amor-se-convierte-en-accion\/"]}]},{"@type":"ImageObject","inLanguage":"es","@id":"https:\/\/somos-hermanos.mx\/index.php\/2025\/08\/04\/padres-y-compadres-iap-donde-el-amor-se-convierte-en-accion\/#primaryimage","url":"https:\/\/somos-hermanos.mx\/wp-content\/uploads\/2025\/08\/compa.jpeg","contentUrl":"https:\/\/somos-hermanos.mx\/wp-content\/uploads\/2025\/08\/compa.jpeg","width":640,"height":640},{"@type":"BreadcrumbList","@id":"https:\/\/somos-hermanos.mx\/index.php\/2025\/08\/04\/padres-y-compadres-iap-donde-el-amor-se-convierte-en-accion\/#breadcrumb","itemListElement":[{"@type":"ListItem","position":1,"name":"Inicio","item":"https:\/\/somos-hermanos.mx\/"},{"@type":"ListItem","position":2,"name":"Padres y Compadres IAP, donde el amor se convierte en acci\u00f3n"}]},{"@type":"WebSite","@id":"https:\/\/somos-hermanos.mx\/#website","url":"https:\/\/somos-hermanos.mx\/","name":"Historias que inspiran...","description":"Somos la voz del altruismo en M\u00e9xico","publisher":{"@id":"https:\/\/somos-hermanos.mx\/#organization"},"potentialAction":[{"@type":"SearchAction","target":{"@type":"EntryPoint","urlTemplate":"https:\/\/somos-hermanos.mx\/?s={search_term_string}"},"query-input":{"@type":"PropertyValueSpecification","valueRequired":true,"valueName":"search_term_string"}}],"inLanguage":"es"},{"@type":"Organization","@id":"https:\/\/somos-hermanos.mx\/#organization","name":"Somos Hermanos","url":"https:\/\/somos-hermanos.mx\/","logo":{"@type":"ImageObject","inLanguage":"es","@id":"https:\/\/somos-hermanos.mx\/#\/schema\/logo\/image\/","url":"https:\/\/somos-hermanos.mx\/wp-content\/uploads\/2025\/08\/SH30-1.jpeg","contentUrl":"https:\/\/somos-hermanos.mx\/wp-content\/uploads\/2025\/08\/SH30-1.jpeg","width":1600,"height":1142,"caption":"Somos Hermanos"},"image":{"@id":"https:\/\/somos-hermanos.mx\/#\/schema\/logo\/image\/"},"sameAs":["https:\/\/www.facebook.com\/SomosHermanosIAP\/","https:\/\/x.com\/Somos__Hermanos","https:\/\/www.instagram.com\/somos__hermanos\/#","https:\/\/www.tiktok.com\/@somoshermanosiap","https:\/\/www.youtube.com\/@somoshermanosiap1201\/videos"]},{"@type":"Person","@id":"https:\/\/somos-hermanos.mx\/#\/schema\/person\/410425922654f3768f310e5949e1d304","name":"Diana D\u00edaz Cardoza","image":{"@type":"ImageObject","inLanguage":"es","@id":"https:\/\/secure.gravatar.com\/avatar\/f80bf4377c9bc6108877fbe8e6e6a08647dd8a628846d62be4318348e3a367f7?s=96&d=mm&r=g","url":"https:\/\/secure.gravatar.com\/avatar\/f80bf4377c9bc6108877fbe8e6e6a08647dd8a628846d62be4318348e3a367f7?s=96&d=mm&r=g","contentUrl":"https:\/\/secure.gravatar.com\/avatar\/f80bf4377c9bc6108877fbe8e6e6a08647dd8a628846d62be4318348e3a367f7?s=96&d=mm&r=g","caption":"Diana D\u00edaz Cardoza"},"url":"https:\/\/somos-hermanos.mx\/index.php\/author\/diana-diaz-cardoza\/"}]}},"_links":{"self":[{"href":"https:\/\/somos-hermanos.mx\/index.php\/wp-json\/wp\/v2\/posts\/812","targetHints":{"allow":["GET"]}}],"collection":[{"href":"https:\/\/somos-hermanos.mx\/index.php\/wp-json\/wp\/v2\/posts"}],"about":[{"href":"https:\/\/somos-hermanos.mx\/index.php\/wp-json\/wp\/v2\/types\/post"}],"author":[{"embeddable":true,"href":"https:\/\/somos-hermanos.mx\/index.php\/wp-json\/wp\/v2\/users\/4"}],"replies":[{"embeddable":true,"href":"https:\/\/somos-hermanos.mx\/index.php\/wp-json\/wp\/v2\/comments?post=812"}],"version-history":[{"count":1,"href":"https:\/\/somos-hermanos.mx\/index.php\/wp-json\/wp\/v2\/posts\/812\/revisions"}],"predecessor-version":[{"id":814,"href":"https:\/\/somos-hermanos.mx\/index.php\/wp-json\/wp\/v2\/posts\/812\/revisions\/814"}],"wp:featuredmedia":[{"embeddable":true,"href":"https:\/\/somos-hermanos.mx\/index.php\/wp-json\/wp\/v2\/media\/813"}],"wp:attachment":[{"href":"https:\/\/somos-hermanos.mx\/index.php\/wp-json\/wp\/v2\/media?parent=812"}],"wp:term":[{"taxonomy":"category","embeddable":true,"href":"https:\/\/somos-hermanos.mx\/index.php\/wp-json\/wp\/v2\/categories?post=812"},{"taxonomy":"post_tag","embeddable":true,"href":"https:\/\/somos-hermanos.mx\/index.php\/wp-json\/wp\/v2\/tags?post=812"}],"curies":[{"name":"wp","href":"https:\/\/api.w.org\/{rel}","templated":true}]}}