{"id":809,"date":"2025-08-04T02:45:23","date_gmt":"2025-08-04T08:45:23","guid":{"rendered":"https:\/\/somos-hermanos.mx\/?p=809"},"modified":"2025-08-04T02:45:23","modified_gmt":"2025-08-04T08:45:23","slug":"proempleo-apoyo-empresarial-para-emprendedores-mexicanos","status":"publish","type":"post","link":"https:\/\/somos-hermanos.mx\/index.php\/2025\/08\/04\/proempleo-apoyo-empresarial-para-emprendedores-mexicanos\/","title":{"rendered":"ProEmpleo: Apoyo Empresarial para Emprendedores Mexicanos"},"content":{"rendered":"<p>La Fundaci\u00f3n ProEmpleo A.C., es una organizaci\u00f3n sin fines de lucro que desde 1995 brinda capacitaci\u00f3nn, consultor\u00eda y acompa\u00f1amiento a emprendedores y due\u00f1os de microempresas en M\u00e9xico. Su objetivo es ayudar a iniciar o fortalecer negocios, mejorar ingresos y generar empleos.<\/p>\n<p>La\u00a0fundaci\u00f3n\u00a0cuenta con un modelo social que permite el\u00a0<strong><b>desarrollo empresarial<\/b><\/strong>\u00a0de los emprendedores. Que logren construir\u00a0<strong><b>empresas sostenibles<\/b><\/strong>\u00a0para su bienestar, el de sus\u00a0<strong><b>comunidades<\/b><\/strong>\u00a0y el de su\u00a0<strong><b>pa\u00eds<\/b><\/strong>; pero, sobre todo,\u00a0<strong><b>enfocada en los grupos m\u00e1s vulnerables<\/b><\/strong>.<\/p>\n<p>Proempleo es consciente del problema social en M\u00e9xico y en todo el mundo, por ello, apuestan por levantar una\u00a0<strong><b>comunidad emprendedora<\/b><\/strong>\u00a0que\u00a0<strong><b>genere empleos<\/b><\/strong>\u00a0y as\u00ed poder reactivar la econom\u00eda en el pa\u00eds.<\/p>\n<p>Por ello,\u00a0Fundaci\u00f3n Pro-Empleo\u00a0asegura que el conocimiento es un factor de cambio y progreso social, actualmente sigue trabajando por la igualdad econ\u00f3mica a trav\u00e9s de la creaci\u00f3n de nuevos emprendedores en el pa\u00eds.<\/p>\n<p><strong>\u00bf<\/strong><strong>Qu<\/strong><strong>\u00e9 <\/strong><strong>ofrece ProEmpleo?<\/strong><\/p>\n<ul>\n<li><b><\/b><strong><b>Taller Emprende<\/b><\/strong>: Curso para iniciar o mejorar un negocio.<\/li>\n<li><b><\/b><strong><b>Centro de Desarrollo Empresarial<\/b><\/strong>: Asesor\u00eda para negocios ya establecidos.<\/li>\n<li><b><\/b><strong><b>Incubadora de Empresas<\/b><\/strong>: Apoyo para lanzar negocios nuevos.<\/li>\n<li><b><\/b><strong><b>Cursos continuos<\/b><\/strong>: Temas actuales como marketing y finanzas.<\/li>\n<\/ul>\n<p><strong><b>Impacto<\/b><\/strong>: M\u00e1s de 125,000 personas capacitadas en casi 30 a\u00f1os.<\/p>\n<p>Contacto y ubicaci\u00f3n:<\/p>\n<ul>\n<li>Direcci\u00f3n: Herschel 131, Col. Anzures, CDMX.<\/li>\n<li>Tel\u00e9fonos: 55 5545 0844 \/ 55 5193 7308<\/li>\n<li>Correo: <a href=\"mailto:informes@proempleo.org.mx\"><u>informes@proempleo.org.mx<\/u><\/a><\/li>\n<li>Sitio web: <a href=\"https:\/\/proempleo.org.mx\/inicio\/\"><u>proempleo.org.mx<\/u><\/a><\/li>\n<\/ul>\n<p>Redes Sociales:<\/p>\n<ul>\n<li>Facebook: <a href=\"https:\/\/www.facebook.com\/ProEmpleoMexico\/\"><u>ProEmpleo M<\/u><u>\u00e9<\/u><u>xico<\/u><\/a><\/li>\n<li>Instagram: <a href=\"https:\/\/www.instagram.com\/fundacion_proempleo\/\"><u>@fundacion_proempleo<\/u><\/a><\/li>\n<li>LinkedIn: <a href=\"https:\/\/mx.linkedin.com\/company\/proempleo\"><u>Fundaci\u00f3n ProEmpleo<\/u><\/a><\/li>\n<\/ul>\n<p>Tambi\u00e9n puedes participar como voluntario, realizar servicio social o hacer donaciones.<\/p>\n","protected":false},"excerpt":{"rendered":"<p>La Fundaci\u00f3n ProEmpleo A.C., es una organizaci\u00f3n sin fines de lucro que desde 1995 brinda capacitaci\u00f3nn, consultor\u00eda y acompa\u00f1amiento a emprendedores y due\u00f1os de microempresas en M\u00e9xico. Su objetivo es ayudar a iniciar o fortalecer negocios, mejorar ingresos y generar empleos. La\u00a0fundaci\u00f3n\u00a0cuenta con un modelo social que permite el\u00a0desarrollo empresarial\u00a0de los emprendedores. Que logren construir\u00a0empresas [&hellip;]<\/p>\n","protected":false},"author":18,"featured_media":810,"comment_status":"open","ping_status":"closed","sticky":false,"template":"","format":"standard","meta":{"footnotes":""},"categories":[6],"tags":[],"class_list":["post-809","post","type-post","status-publish","format-standard","has-post-thumbnail","hentry","category-noticias"],"yoast_head":"<!-- This site is optimized with the Yoast SEO plugin v27.5 - https:\/\/yoast.com\/product\/yoast-seo-wordpress\/ -->\n<title>ProEmpleo: Apoyo Empresarial para Emprendedores Mexicanos - Historias que inspiran...<\/title>\n<meta name=\"robots\" content=\"index, follow, max-snippet:-1, max-image-preview:large, max-video-preview:-1\" \/>\n<link rel=\"canonical\" href=\"https:\/\/somos-hermanos.mx\/index.php\/2025\/08\/04\/proempleo-apoyo-empresarial-para-emprendedores-mexicanos\/\" \/>\n<meta property=\"og:locale\" content=\"es_MX\" \/>\n<meta property=\"og:type\" content=\"article\" \/>\n<meta property=\"og:title\" content=\"ProEmpleo: Apoyo Empresarial para Emprendedores Mexicanos - Historias que inspiran...\" \/>\n<meta property=\"og:description\" content=\"La Fundaci\u00f3n ProEmpleo A.C., es una organizaci\u00f3n sin fines de lucro que desde 1995 brinda capacitaci\u00f3nn, consultor\u00eda y acompa\u00f1amiento a emprendedores y due\u00f1os de microempresas en M\u00e9xico. Su objetivo es ayudar a iniciar o fortalecer negocios, mejorar ingresos y generar empleos. La\u00a0fundaci\u00f3n\u00a0cuenta con un modelo social que permite el\u00a0desarrollo empresarial\u00a0de los emprendedores. Que logren construir\u00a0empresas [&hellip;]\" \/>\n<meta property=\"og:url\" content=\"https:\/\/somos-hermanos.mx\/index.php\/2025\/08\/04\/proempleo-apoyo-empresarial-para-emprendedores-mexicanos\/\" \/>\n<meta property=\"og:site_name\" content=\"Historias que inspiran...\" \/>\n<meta property=\"article:publisher\" content=\"https:\/\/www.facebook.com\/SomosHermanosIAP\/\" \/>\n<meta property=\"article:published_time\" content=\"2025-08-04T08:45:23+00:00\" \/>\n<meta property=\"og:image\" content=\"https:\/\/somos-hermanos.mx\/wp-content\/uploads\/2025\/08\/proem1.jpeg\" \/>\n\t<meta property=\"og:image:width\" content=\"960\" \/>\n\t<meta property=\"og:image:height\" content=\"720\" \/>\n\t<meta property=\"og:image:type\" content=\"image\/jpeg\" \/>\n<meta name=\"author\" content=\"Tabatha Pati\u00f1o Massironi\" \/>\n<meta name=\"twitter:card\" content=\"summary_large_image\" \/>\n<meta name=\"twitter:creator\" content=\"@Somos__Hermanos\" \/>\n<meta name=\"twitter:site\" content=\"@Somos__Hermanos\" \/>\n<meta name=\"twitter:label1\" content=\"Escrito por\" \/>\n\t<meta name=\"twitter:data1\" content=\"Tabatha Pati\u00f1o Massironi\" \/>\n\t<meta name=\"twitter:label2\" content=\"Tiempo de lectura\" \/>\n\t<meta name=\"twitter:data2\" content=\"2 minutos\" \/>\n<script type=\"application\/ld+json\" class=\"yoast-schema-graph\">{\"@context\":\"https:\\\/\\\/schema.org\",\"@graph\":[{\"@type\":\"Article\",\"@id\":\"https:\\\/\\\/somos-hermanos.mx\\\/index.php\\\/2025\\\/08\\\/04\\\/proempleo-apoyo-empresarial-para-emprendedores-mexicanos\\\/#article\",\"isPartOf\":{\"@id\":\"https:\\\/\\\/somos-hermanos.mx\\\/index.php\\\/2025\\\/08\\\/04\\\/proempleo-apoyo-empresarial-para-emprendedores-mexicanos\\\/\"},\"author\":{\"name\":\"Tabatha Pati\u00f1o Massironi\",\"@id\":\"https:\\\/\\\/somos-hermanos.mx\\\/#\\\/schema\\\/person\\\/178d9721d010404cc8e0146f75955e7d\"},\"headline\":\"ProEmpleo: Apoyo Empresarial para Emprendedores Mexicanos\",\"datePublished\":\"2025-08-04T08:45:23+00:00\",\"mainEntityOfPage\":{\"@id\":\"https:\\\/\\\/somos-hermanos.mx\\\/index.php\\\/2025\\\/08\\\/04\\\/proempleo-apoyo-empresarial-para-emprendedores-mexicanos\\\/\"},\"wordCount\":268,\"commentCount\":0,\"publisher\":{\"@id\":\"https:\\\/\\\/somos-hermanos.mx\\\/#organization\"},\"image\":{\"@id\":\"https:\\\/\\\/somos-hermanos.mx\\\/index.php\\\/2025\\\/08\\\/04\\\/proempleo-apoyo-empresarial-para-emprendedores-mexicanos\\\/#primaryimage\"},\"thumbnailUrl\":\"https:\\\/\\\/somos-hermanos.mx\\\/wp-content\\\/uploads\\\/2025\\\/08\\\/proem1.jpeg\",\"articleSection\":[\"Noticias\"],\"inLanguage\":\"es\",\"potentialAction\":[{\"@type\":\"CommentAction\",\"name\":\"Comment\",\"target\":[\"https:\\\/\\\/somos-hermanos.mx\\\/index.php\\\/2025\\\/08\\\/04\\\/proempleo-apoyo-empresarial-para-emprendedores-mexicanos\\\/#respond\"]}]},{\"@type\":\"WebPage\",\"@id\":\"https:\\\/\\\/somos-hermanos.mx\\\/index.php\\\/2025\\\/08\\\/04\\\/proempleo-apoyo-empresarial-para-emprendedores-mexicanos\\\/\",\"url\":\"https:\\\/\\\/somos-hermanos.mx\\\/index.php\\\/2025\\\/08\\\/04\\\/proempleo-apoyo-empresarial-para-emprendedores-mexicanos\\\/\",\"name\":\"ProEmpleo: Apoyo Empresarial para Emprendedores Mexicanos - Historias que inspiran...\",\"isPartOf\":{\"@id\":\"https:\\\/\\\/somos-hermanos.mx\\\/#website\"},\"primaryImageOfPage\":{\"@id\":\"https:\\\/\\\/somos-hermanos.mx\\\/index.php\\\/2025\\\/08\\\/04\\\/proempleo-apoyo-empresarial-para-emprendedores-mexicanos\\\/#primaryimage\"},\"image\":{\"@id\":\"https:\\\/\\\/somos-hermanos.mx\\\/index.php\\\/2025\\\/08\\\/04\\\/proempleo-apoyo-empresarial-para-emprendedores-mexicanos\\\/#primaryimage\"},\"thumbnailUrl\":\"https:\\\/\\\/somos-hermanos.mx\\\/wp-content\\\/uploads\\\/2025\\\/08\\\/proem1.jpeg\",\"datePublished\":\"2025-08-04T08:45:23+00:00\",\"breadcrumb\":{\"@id\":\"https:\\\/\\\/somos-hermanos.mx\\\/index.php\\\/2025\\\/08\\\/04\\\/proempleo-apoyo-empresarial-para-emprendedores-mexicanos\\\/#breadcrumb\"},\"inLanguage\":\"es\",\"potentialAction\":[{\"@type\":\"ReadAction\",\"target\":[\"https:\\\/\\\/somos-hermanos.mx\\\/index.php\\\/2025\\\/08\\\/04\\\/proempleo-apoyo-empresarial-para-emprendedores-mexicanos\\\/\"]}]},{\"@type\":\"ImageObject\",\"inLanguage\":\"es\",\"@id\":\"https:\\\/\\\/somos-hermanos.mx\\\/index.php\\\/2025\\\/08\\\/04\\\/proempleo-apoyo-empresarial-para-emprendedores-mexicanos\\\/#primaryimage\",\"url\":\"https:\\\/\\\/somos-hermanos.mx\\\/wp-content\\\/uploads\\\/2025\\\/08\\\/proem1.jpeg\",\"contentUrl\":\"https:\\\/\\\/somos-hermanos.mx\\\/wp-content\\\/uploads\\\/2025\\\/08\\\/proem1.jpeg\",\"width\":960,\"height\":720},{\"@type\":\"BreadcrumbList\",\"@id\":\"https:\\\/\\\/somos-hermanos.mx\\\/index.php\\\/2025\\\/08\\\/04\\\/proempleo-apoyo-empresarial-para-emprendedores-mexicanos\\\/#breadcrumb\",\"itemListElement\":[{\"@type\":\"ListItem\",\"position\":1,\"name\":\"Inicio\",\"item\":\"https:\\\/\\\/somos-hermanos.mx\\\/\"},{\"@type\":\"ListItem\",\"position\":2,\"name\":\"ProEmpleo: Apoyo Empresarial para Emprendedores Mexicanos\"}]},{\"@type\":\"WebSite\",\"@id\":\"https:\\\/\\\/somos-hermanos.mx\\\/#website\",\"url\":\"https:\\\/\\\/somos-hermanos.mx\\\/\",\"name\":\"Historias que inspiran...\",\"description\":\"Somos la voz del altruismo en M\u00e9xico\",\"publisher\":{\"@id\":\"https:\\\/\\\/somos-hermanos.mx\\\/#organization\"},\"potentialAction\":[{\"@type\":\"SearchAction\",\"target\":{\"@type\":\"EntryPoint\",\"urlTemplate\":\"https:\\\/\\\/somos-hermanos.mx\\\/?s={search_term_string}\"},\"query-input\":{\"@type\":\"PropertyValueSpecification\",\"valueRequired\":true,\"valueName\":\"search_term_string\"}}],\"inLanguage\":\"es\"},{\"@type\":\"Organization\",\"@id\":\"https:\\\/\\\/somos-hermanos.mx\\\/#organization\",\"name\":\"Somos Hermanos\",\"url\":\"https:\\\/\\\/somos-hermanos.mx\\\/\",\"logo\":{\"@type\":\"ImageObject\",\"inLanguage\":\"es\",\"@id\":\"https:\\\/\\\/somos-hermanos.mx\\\/#\\\/schema\\\/logo\\\/image\\\/\",\"url\":\"https:\\\/\\\/somos-hermanos.mx\\\/wp-content\\\/uploads\\\/2025\\\/08\\\/SH30-1.jpeg\",\"contentUrl\":\"https:\\\/\\\/somos-hermanos.mx\\\/wp-content\\\/uploads\\\/2025\\\/08\\\/SH30-1.jpeg\",\"width\":1600,\"height\":1142,\"caption\":\"Somos Hermanos\"},\"image\":{\"@id\":\"https:\\\/\\\/somos-hermanos.mx\\\/#\\\/schema\\\/logo\\\/image\\\/\"},\"sameAs\":[\"https:\\\/\\\/www.facebook.com\\\/SomosHermanosIAP\\\/\",\"https:\\\/\\\/x.com\\\/Somos__Hermanos\",\"https:\\\/\\\/www.instagram.com\\\/somos__hermanos\\\/#\",\"https:\\\/\\\/www.tiktok.com\\\/@somoshermanosiap\",\"https:\\\/\\\/www.youtube.com\\\/@somoshermanosiap1201\\\/videos\"]},{\"@type\":\"Person\",\"@id\":\"https:\\\/\\\/somos-hermanos.mx\\\/#\\\/schema\\\/person\\\/178d9721d010404cc8e0146f75955e7d\",\"name\":\"Tabatha Pati\u00f1o Massironi\",\"image\":{\"@type\":\"ImageObject\",\"inLanguage\":\"es\",\"@id\":\"https:\\\/\\\/secure.gravatar.com\\\/avatar\\\/68bce6e78f4468fa0b12fce36d08cab74baeb59e9fe1c39db5624f9fb2e5af08?s=96&d=mm&r=g\",\"url\":\"https:\\\/\\\/secure.gravatar.com\\\/avatar\\\/68bce6e78f4468fa0b12fce36d08cab74baeb59e9fe1c39db5624f9fb2e5af08?s=96&d=mm&r=g\",\"contentUrl\":\"https:\\\/\\\/secure.gravatar.com\\\/avatar\\\/68bce6e78f4468fa0b12fce36d08cab74baeb59e9fe1c39db5624f9fb2e5af08?s=96&d=mm&r=g\",\"caption\":\"Tabatha Pati\u00f1o Massironi\"},\"url\":\"https:\\\/\\\/somos-hermanos.mx\\\/index.php\\\/author\\\/tabatha-patino-massironi\\\/\"}]}<\/script>\n<!-- \/ Yoast SEO plugin. -->","yoast_head_json":{"title":"ProEmpleo: Apoyo Empresarial para Emprendedores Mexicanos - Historias que inspiran...","robots":{"index":"index","follow":"follow","max-snippet":"max-snippet:-1","max-image-preview":"max-image-preview:large","max-video-preview":"max-video-preview:-1"},"canonical":"https:\/\/somos-hermanos.mx\/index.php\/2025\/08\/04\/proempleo-apoyo-empresarial-para-emprendedores-mexicanos\/","og_locale":"es_MX","og_type":"article","og_title":"ProEmpleo: Apoyo Empresarial para Emprendedores Mexicanos - Historias que inspiran...","og_description":"La Fundaci\u00f3n ProEmpleo A.C., es una organizaci\u00f3n sin fines de lucro que desde 1995 brinda capacitaci\u00f3nn, consultor\u00eda y acompa\u00f1amiento a emprendedores y due\u00f1os de microempresas en M\u00e9xico. Su objetivo es ayudar a iniciar o fortalecer negocios, mejorar ingresos y generar empleos. La\u00a0fundaci\u00f3n\u00a0cuenta con un modelo social que permite el\u00a0desarrollo empresarial\u00a0de los emprendedores. Que logren construir\u00a0empresas [&hellip;]","og_url":"https:\/\/somos-hermanos.mx\/index.php\/2025\/08\/04\/proempleo-apoyo-empresarial-para-emprendedores-mexicanos\/","og_site_name":"Historias que inspiran...","article_publisher":"https:\/\/www.facebook.com\/SomosHermanosIAP\/","article_published_time":"2025-08-04T08:45:23+00:00","og_image":[{"width":960,"height":720,"url":"https:\/\/somos-hermanos.mx\/wp-content\/uploads\/2025\/08\/proem1.jpeg","type":"image\/jpeg"}],"author":"Tabatha Pati\u00f1o Massironi","twitter_card":"summary_large_image","twitter_creator":"@Somos__Hermanos","twitter_site":"@Somos__Hermanos","twitter_misc":{"Escrito por":"Tabatha Pati\u00f1o Massironi","Tiempo de lectura":"2 minutos"},"schema":{"@context":"https:\/\/schema.org","@graph":[{"@type":"Article","@id":"https:\/\/somos-hermanos.mx\/index.php\/2025\/08\/04\/proempleo-apoyo-empresarial-para-emprendedores-mexicanos\/#article","isPartOf":{"@id":"https:\/\/somos-hermanos.mx\/index.php\/2025\/08\/04\/proempleo-apoyo-empresarial-para-emprendedores-mexicanos\/"},"author":{"name":"Tabatha Pati\u00f1o Massironi","@id":"https:\/\/somos-hermanos.mx\/#\/schema\/person\/178d9721d010404cc8e0146f75955e7d"},"headline":"ProEmpleo: Apoyo Empresarial para Emprendedores Mexicanos","datePublished":"2025-08-04T08:45:23+00:00","mainEntityOfPage":{"@id":"https:\/\/somos-hermanos.mx\/index.php\/2025\/08\/04\/proempleo-apoyo-empresarial-para-emprendedores-mexicanos\/"},"wordCount":268,"commentCount":0,"publisher":{"@id":"https:\/\/somos-hermanos.mx\/#organization"},"image":{"@id":"https:\/\/somos-hermanos.mx\/index.php\/2025\/08\/04\/proempleo-apoyo-empresarial-para-emprendedores-mexicanos\/#primaryimage"},"thumbnailUrl":"https:\/\/somos-hermanos.mx\/wp-content\/uploads\/2025\/08\/proem1.jpeg","articleSection":["Noticias"],"inLanguage":"es","potentialAction":[{"@type":"CommentAction","name":"Comment","target":["https:\/\/somos-hermanos.mx\/index.php\/2025\/08\/04\/proempleo-apoyo-empresarial-para-emprendedores-mexicanos\/#respond"]}]},{"@type":"WebPage","@id":"https:\/\/somos-hermanos.mx\/index.php\/2025\/08\/04\/proempleo-apoyo-empresarial-para-emprendedores-mexicanos\/","url":"https:\/\/somos-hermanos.mx\/index.php\/2025\/08\/04\/proempleo-apoyo-empresarial-para-emprendedores-mexicanos\/","name":"ProEmpleo: Apoyo Empresarial para Emprendedores Mexicanos - Historias que inspiran...","isPartOf":{"@id":"https:\/\/somos-hermanos.mx\/#website"},"primaryImageOfPage":{"@id":"https:\/\/somos-hermanos.mx\/index.php\/2025\/08\/04\/proempleo-apoyo-empresarial-para-emprendedores-mexicanos\/#primaryimage"},"image":{"@id":"https:\/\/somos-hermanos.mx\/index.php\/2025\/08\/04\/proempleo-apoyo-empresarial-para-emprendedores-mexicanos\/#primaryimage"},"thumbnailUrl":"https:\/\/somos-hermanos.mx\/wp-content\/uploads\/2025\/08\/proem1.jpeg","datePublished":"2025-08-04T08:45:23+00:00","breadcrumb":{"@id":"https:\/\/somos-hermanos.mx\/index.php\/2025\/08\/04\/proempleo-apoyo-empresarial-para-emprendedores-mexicanos\/#breadcrumb"},"inLanguage":"es","potentialAction":[{"@type":"ReadAction","target":["https:\/\/somos-hermanos.mx\/index.php\/2025\/08\/04\/proempleo-apoyo-empresarial-para-emprendedores-mexicanos\/"]}]},{"@type":"ImageObject","inLanguage":"es","@id":"https:\/\/somos-hermanos.mx\/index.php\/2025\/08\/04\/proempleo-apoyo-empresarial-para-emprendedores-mexicanos\/#primaryimage","url":"https:\/\/somos-hermanos.mx\/wp-content\/uploads\/2025\/08\/proem1.jpeg","contentUrl":"https:\/\/somos-hermanos.mx\/wp-content\/uploads\/2025\/08\/proem1.jpeg","width":960,"height":720},{"@type":"BreadcrumbList","@id":"https:\/\/somos-hermanos.mx\/index.php\/2025\/08\/04\/proempleo-apoyo-empresarial-para-emprendedores-mexicanos\/#breadcrumb","itemListElement":[{"@type":"ListItem","position":1,"name":"Inicio","item":"https:\/\/somos-hermanos.mx\/"},{"@type":"ListItem","position":2,"name":"ProEmpleo: Apoyo Empresarial para Emprendedores Mexicanos"}]},{"@type":"WebSite","@id":"https:\/\/somos-hermanos.mx\/#website","url":"https:\/\/somos-hermanos.mx\/","name":"Historias que inspiran...","description":"Somos la voz del altruismo en M\u00e9xico","publisher":{"@id":"https:\/\/somos-hermanos.mx\/#organization"},"potentialAction":[{"@type":"SearchAction","target":{"@type":"EntryPoint","urlTemplate":"https:\/\/somos-hermanos.mx\/?s={search_term_string}"},"query-input":{"@type":"PropertyValueSpecification","valueRequired":true,"valueName":"search_term_string"}}],"inLanguage":"es"},{"@type":"Organization","@id":"https:\/\/somos-hermanos.mx\/#organization","name":"Somos Hermanos","url":"https:\/\/somos-hermanos.mx\/","logo":{"@type":"ImageObject","inLanguage":"es","@id":"https:\/\/somos-hermanos.mx\/#\/schema\/logo\/image\/","url":"https:\/\/somos-hermanos.mx\/wp-content\/uploads\/2025\/08\/SH30-1.jpeg","contentUrl":"https:\/\/somos-hermanos.mx\/wp-content\/uploads\/2025\/08\/SH30-1.jpeg","width":1600,"height":1142,"caption":"Somos Hermanos"},"image":{"@id":"https:\/\/somos-hermanos.mx\/#\/schema\/logo\/image\/"},"sameAs":["https:\/\/www.facebook.com\/SomosHermanosIAP\/","https:\/\/x.com\/Somos__Hermanos","https:\/\/www.instagram.com\/somos__hermanos\/#","https:\/\/www.tiktok.com\/@somoshermanosiap","https:\/\/www.youtube.com\/@somoshermanosiap1201\/videos"]},{"@type":"Person","@id":"https:\/\/somos-hermanos.mx\/#\/schema\/person\/178d9721d010404cc8e0146f75955e7d","name":"Tabatha Pati\u00f1o Massironi","image":{"@type":"ImageObject","inLanguage":"es","@id":"https:\/\/secure.gravatar.com\/avatar\/68bce6e78f4468fa0b12fce36d08cab74baeb59e9fe1c39db5624f9fb2e5af08?s=96&d=mm&r=g","url":"https:\/\/secure.gravatar.com\/avatar\/68bce6e78f4468fa0b12fce36d08cab74baeb59e9fe1c39db5624f9fb2e5af08?s=96&d=mm&r=g","contentUrl":"https:\/\/secure.gravatar.com\/avatar\/68bce6e78f4468fa0b12fce36d08cab74baeb59e9fe1c39db5624f9fb2e5af08?s=96&d=mm&r=g","caption":"Tabatha Pati\u00f1o Massironi"},"url":"https:\/\/somos-hermanos.mx\/index.php\/author\/tabatha-patino-massironi\/"}]}},"_links":{"self":[{"href":"https:\/\/somos-hermanos.mx\/index.php\/wp-json\/wp\/v2\/posts\/809","targetHints":{"allow":["GET"]}}],"collection":[{"href":"https:\/\/somos-hermanos.mx\/index.php\/wp-json\/wp\/v2\/posts"}],"about":[{"href":"https:\/\/somos-hermanos.mx\/index.php\/wp-json\/wp\/v2\/types\/post"}],"author":[{"embeddable":true,"href":"https:\/\/somos-hermanos.mx\/index.php\/wp-json\/wp\/v2\/users\/18"}],"replies":[{"embeddable":true,"href":"https:\/\/somos-hermanos.mx\/index.php\/wp-json\/wp\/v2\/comments?post=809"}],"version-history":[{"count":1,"href":"https:\/\/somos-hermanos.mx\/index.php\/wp-json\/wp\/v2\/posts\/809\/revisions"}],"predecessor-version":[{"id":811,"href":"https:\/\/somos-hermanos.mx\/index.php\/wp-json\/wp\/v2\/posts\/809\/revisions\/811"}],"wp:featuredmedia":[{"embeddable":true,"href":"https:\/\/somos-hermanos.mx\/index.php\/wp-json\/wp\/v2\/media\/810"}],"wp:attachment":[{"href":"https:\/\/somos-hermanos.mx\/index.php\/wp-json\/wp\/v2\/media?parent=809"}],"wp:term":[{"taxonomy":"category","embeddable":true,"href":"https:\/\/somos-hermanos.mx\/index.php\/wp-json\/wp\/v2\/categories?post=809"},{"taxonomy":"post_tag","embeddable":true,"href":"https:\/\/somos-hermanos.mx\/index.php\/wp-json\/wp\/v2\/tags?post=809"}],"curies":[{"name":"wp","href":"https:\/\/api.w.org\/{rel}","templated":true}]}}