{"id":805,"date":"2025-08-04T02:44:19","date_gmt":"2025-08-04T08:44:19","guid":{"rendered":"https:\/\/somos-hermanos.mx\/?p=805"},"modified":"2025-08-04T02:44:19","modified_gmt":"2025-08-04T08:44:19","slug":"el-arca-de-mexico-iap-una-comunidad-donde-toda-vida-vale-la-pena","status":"publish","type":"post","link":"https:\/\/somos-hermanos.mx\/index.php\/2025\/08\/04\/el-arca-de-mexico-iap-una-comunidad-donde-toda-vida-vale-la-pena\/","title":{"rendered":"El Arca de M\u00e9xico IAP: Una comunidad donde toda vida vale la pena"},"content":{"rendered":"<p>El Arca de M\u00e9xico IAP es una organizaci\u00f3n de asistencia privada que <strong>forma parte de un movimiento internacional dedicado a mejorar la calidad de vida de personas adultas con discapacidad intelectual, <\/strong>especialmente aquellas que han sido abandonadas o se encuentran en situaci\u00f3n de vulnerabilidad.<\/p>\n<p><strong>Su modelo de trabajo est\u00e1 basado en la convivencia comunitaria, <\/strong>donde personas con y sin discapacidad intelectual comparten la vida diaria en un entorno de respeto, inclusi\u00f3n y fraternidad.<\/p>\n<p>Desde su fundaci\u00f3n, El Arca ha demostrado que la discapacidad no define el valor de una persona y que cada ser humano, sin importar sus limitaciones, posee dones que enriquecen a la sociedad. A trav\u00e9s de una vida en comunidad, la organizaci\u00f3n busca transformar la manera en que la sociedad se relaciona con la fragilidad humana.<\/p>\n<p><strong>Misi\u00f3n:<\/strong><\/p>\n<p>Dar a conocer los dones de las personas con discapacidad intelectual. Ser comunidad de vida y relaci\u00f3n entre personas con y sin discapacidad intelectual, para ser signo de inclusi\u00f3n y acogida de la fragilidad.<\/p>\n<p><strong>Visi\u00f3n:<\/strong><\/p>\n<p>Ser una organizaci\u00f3n referente que mejora la calidad de vida de las personas con discapacidad intelectual y su inclusi\u00f3n social, a trav\u00e9s de la participaci\u00f3n colectiva de los miembros de la comunidad y la sociedad.<\/p>\n<p><strong>Una red global de comunidades inclusivas:<\/strong><\/p>\n<p>El Arca de M\u00e9xico IAP forma parte de la Federaci\u00f3n Internacional del Arca, un movimiento fundado en 1964 por Jean Vanier en el pueblo de Trosly-Breuil, Francia. Lo que inici\u00f3 como una peque\u00f1a casa con dos personas con discapacidad intelectual \u2014Philippe Seux y Raphael Simi\u2014 se ha convertido en una red global con m\u00e1s de 150 comunidades en m\u00e1s de 40 pa\u00edses, en los cinco continentes.<\/p>\n<p>Estas comunidades est\u00e1n unidas por los mismos valores fundamentales: respeto a la dignidad humana, la celebraci\u00f3n de la diversidad y la convicci\u00f3n de que todas las personas tienen la capacidad de amar, ser amadas y contribuir a la sociedad.<\/p>\n<p><strong>Actividades y servicios<\/strong><\/p>\n<p>Entre las principales acciones de El Arca de M\u00e9xico destacan:<\/p>\n<ul>\n<li>Hogares comunitarios permanentes para adultos con discapacidad intelectual en situaci\u00f3n de abandono.<\/li>\n<li>Talleres y actividades ocupacionales que promueven el desarrollo de habilidades y la expresi\u00f3n personal.<\/li>\n<li>Eventos culturales y comunitarios para fomentar la participaci\u00f3n social y la visibilidad de las personas con discapacidad.<\/li>\n<li>Formaci\u00f3n y acompa\u00f1amiento para voluntarios y asistentes nacionales e internacionales.<\/li>\n<li>Promoci\u00f3n de una cultura de inclusi\u00f3n en espacios p\u00fablicos, escolares, empresariales y religiosos.<\/li>\n<\/ul>\n<p><strong>Contacto<\/strong><strong>\u00a0<\/strong><\/p>\n<p><em>Para conocer m\u00e1s, participar o brindar apoyo, se puede contactar a trav\u00e9s del correo electr\u00f3nico:<\/em><\/p>\n<p><em>\ud83d\udce7<\/em><em>\u00a0contacto@elarcademexico.org<\/em><\/p>\n<p><em>Se solicita incluir nombre, correo, tel\u00e9fono y mensaje.<\/em><\/p>\n","protected":false},"excerpt":{"rendered":"<p>El Arca de M\u00e9xico IAP es una organizaci\u00f3n de asistencia privada que forma parte de un movimiento internacional dedicado a mejorar la calidad de vida de personas adultas con discapacidad intelectual, especialmente aquellas que han sido abandonadas o se encuentran en situaci\u00f3n de vulnerabilidad. Su modelo de trabajo est\u00e1 basado en la convivencia comunitaria, donde [&hellip;]<\/p>\n","protected":false},"author":23,"featured_media":806,"comment_status":"open","ping_status":"closed","sticky":false,"template":"","format":"standard","meta":{"footnotes":""},"categories":[6],"tags":[],"class_list":["post-805","post","type-post","status-publish","format-standard","has-post-thumbnail","hentry","category-noticias"],"yoast_head":"<!-- This site is optimized with the Yoast SEO plugin v27.5 - https:\/\/yoast.com\/product\/yoast-seo-wordpress\/ -->\n<title>El Arca de M\u00e9xico IAP: Una comunidad donde toda vida vale la pena - Historias que inspiran...<\/title>\n<meta name=\"robots\" content=\"index, follow, max-snippet:-1, max-image-preview:large, max-video-preview:-1\" \/>\n<link rel=\"canonical\" href=\"https:\/\/somos-hermanos.mx\/index.php\/2025\/08\/04\/el-arca-de-mexico-iap-una-comunidad-donde-toda-vida-vale-la-pena\/\" \/>\n<meta property=\"og:locale\" content=\"es_MX\" \/>\n<meta property=\"og:type\" content=\"article\" \/>\n<meta property=\"og:title\" content=\"El Arca de M\u00e9xico IAP: Una comunidad donde toda vida vale la pena - Historias que inspiran...\" \/>\n<meta property=\"og:description\" content=\"El Arca de M\u00e9xico IAP es una organizaci\u00f3n de asistencia privada que forma parte de un movimiento internacional dedicado a mejorar la calidad de vida de personas adultas con discapacidad intelectual, especialmente aquellas que han sido abandonadas o se encuentran en situaci\u00f3n de vulnerabilidad. Su modelo de trabajo est\u00e1 basado en la convivencia comunitaria, donde [&hellip;]\" \/>\n<meta property=\"og:url\" content=\"https:\/\/somos-hermanos.mx\/index.php\/2025\/08\/04\/el-arca-de-mexico-iap-una-comunidad-donde-toda-vida-vale-la-pena\/\" \/>\n<meta property=\"og:site_name\" content=\"Historias que inspiran...\" \/>\n<meta property=\"article:publisher\" content=\"https:\/\/www.facebook.com\/SomosHermanosIAP\/\" \/>\n<meta property=\"article:published_time\" content=\"2025-08-04T08:44:19+00:00\" \/>\n<meta property=\"og:image\" content=\"https:\/\/somos-hermanos.mx\/wp-content\/uploads\/2025\/08\/arcaa1.jpeg\" \/>\n\t<meta property=\"og:image:width\" content=\"350\" \/>\n\t<meta property=\"og:image:height\" content=\"340\" \/>\n\t<meta property=\"og:image:type\" content=\"image\/jpeg\" \/>\n<meta name=\"author\" content=\"Jorge Luevanos Colunga\" \/>\n<meta name=\"twitter:card\" content=\"summary_large_image\" \/>\n<meta name=\"twitter:creator\" content=\"@Somos__Hermanos\" \/>\n<meta name=\"twitter:site\" content=\"@Somos__Hermanos\" \/>\n<meta name=\"twitter:label1\" content=\"Escrito por\" \/>\n\t<meta name=\"twitter:data1\" content=\"Jorge Luevanos Colunga\" \/>\n\t<meta name=\"twitter:label2\" content=\"Tiempo de lectura\" \/>\n\t<meta name=\"twitter:data2\" content=\"3 minutos\" \/>\n<script type=\"application\/ld+json\" class=\"yoast-schema-graph\">{\"@context\":\"https:\\\/\\\/schema.org\",\"@graph\":[{\"@type\":\"Article\",\"@id\":\"https:\\\/\\\/somos-hermanos.mx\\\/index.php\\\/2025\\\/08\\\/04\\\/el-arca-de-mexico-iap-una-comunidad-donde-toda-vida-vale-la-pena\\\/#article\",\"isPartOf\":{\"@id\":\"https:\\\/\\\/somos-hermanos.mx\\\/index.php\\\/2025\\\/08\\\/04\\\/el-arca-de-mexico-iap-una-comunidad-donde-toda-vida-vale-la-pena\\\/\"},\"author\":{\"name\":\"Jorge Luevanos Colunga\",\"@id\":\"https:\\\/\\\/somos-hermanos.mx\\\/#\\\/schema\\\/person\\\/9a6f4846be3f6417120bd52d3c372a2a\"},\"headline\":\"El Arca de M\u00e9xico IAP: Una comunidad donde toda vida vale la pena\",\"datePublished\":\"2025-08-04T08:44:19+00:00\",\"mainEntityOfPage\":{\"@id\":\"https:\\\/\\\/somos-hermanos.mx\\\/index.php\\\/2025\\\/08\\\/04\\\/el-arca-de-mexico-iap-una-comunidad-donde-toda-vida-vale-la-pena\\\/\"},\"wordCount\":465,\"commentCount\":0,\"publisher\":{\"@id\":\"https:\\\/\\\/somos-hermanos.mx\\\/#organization\"},\"image\":{\"@id\":\"https:\\\/\\\/somos-hermanos.mx\\\/index.php\\\/2025\\\/08\\\/04\\\/el-arca-de-mexico-iap-una-comunidad-donde-toda-vida-vale-la-pena\\\/#primaryimage\"},\"thumbnailUrl\":\"https:\\\/\\\/somos-hermanos.mx\\\/wp-content\\\/uploads\\\/2025\\\/08\\\/arcaa1.jpeg\",\"articleSection\":[\"Noticias\"],\"inLanguage\":\"es\",\"potentialAction\":[{\"@type\":\"CommentAction\",\"name\":\"Comment\",\"target\":[\"https:\\\/\\\/somos-hermanos.mx\\\/index.php\\\/2025\\\/08\\\/04\\\/el-arca-de-mexico-iap-una-comunidad-donde-toda-vida-vale-la-pena\\\/#respond\"]}]},{\"@type\":\"WebPage\",\"@id\":\"https:\\\/\\\/somos-hermanos.mx\\\/index.php\\\/2025\\\/08\\\/04\\\/el-arca-de-mexico-iap-una-comunidad-donde-toda-vida-vale-la-pena\\\/\",\"url\":\"https:\\\/\\\/somos-hermanos.mx\\\/index.php\\\/2025\\\/08\\\/04\\\/el-arca-de-mexico-iap-una-comunidad-donde-toda-vida-vale-la-pena\\\/\",\"name\":\"El Arca de M\u00e9xico IAP: Una comunidad donde toda vida vale la pena - Historias que inspiran...\",\"isPartOf\":{\"@id\":\"https:\\\/\\\/somos-hermanos.mx\\\/#website\"},\"primaryImageOfPage\":{\"@id\":\"https:\\\/\\\/somos-hermanos.mx\\\/index.php\\\/2025\\\/08\\\/04\\\/el-arca-de-mexico-iap-una-comunidad-donde-toda-vida-vale-la-pena\\\/#primaryimage\"},\"image\":{\"@id\":\"https:\\\/\\\/somos-hermanos.mx\\\/index.php\\\/2025\\\/08\\\/04\\\/el-arca-de-mexico-iap-una-comunidad-donde-toda-vida-vale-la-pena\\\/#primaryimage\"},\"thumbnailUrl\":\"https:\\\/\\\/somos-hermanos.mx\\\/wp-content\\\/uploads\\\/2025\\\/08\\\/arcaa1.jpeg\",\"datePublished\":\"2025-08-04T08:44:19+00:00\",\"breadcrumb\":{\"@id\":\"https:\\\/\\\/somos-hermanos.mx\\\/index.php\\\/2025\\\/08\\\/04\\\/el-arca-de-mexico-iap-una-comunidad-donde-toda-vida-vale-la-pena\\\/#breadcrumb\"},\"inLanguage\":\"es\",\"potentialAction\":[{\"@type\":\"ReadAction\",\"target\":[\"https:\\\/\\\/somos-hermanos.mx\\\/index.php\\\/2025\\\/08\\\/04\\\/el-arca-de-mexico-iap-una-comunidad-donde-toda-vida-vale-la-pena\\\/\"]}]},{\"@type\":\"ImageObject\",\"inLanguage\":\"es\",\"@id\":\"https:\\\/\\\/somos-hermanos.mx\\\/index.php\\\/2025\\\/08\\\/04\\\/el-arca-de-mexico-iap-una-comunidad-donde-toda-vida-vale-la-pena\\\/#primaryimage\",\"url\":\"https:\\\/\\\/somos-hermanos.mx\\\/wp-content\\\/uploads\\\/2025\\\/08\\\/arcaa1.jpeg\",\"contentUrl\":\"https:\\\/\\\/somos-hermanos.mx\\\/wp-content\\\/uploads\\\/2025\\\/08\\\/arcaa1.jpeg\",\"width\":350,\"height\":340},{\"@type\":\"BreadcrumbList\",\"@id\":\"https:\\\/\\\/somos-hermanos.mx\\\/index.php\\\/2025\\\/08\\\/04\\\/el-arca-de-mexico-iap-una-comunidad-donde-toda-vida-vale-la-pena\\\/#breadcrumb\",\"itemListElement\":[{\"@type\":\"ListItem\",\"position\":1,\"name\":\"Inicio\",\"item\":\"https:\\\/\\\/somos-hermanos.mx\\\/\"},{\"@type\":\"ListItem\",\"position\":2,\"name\":\"El Arca de M\u00e9xico IAP: Una comunidad donde toda vida vale la pena\"}]},{\"@type\":\"WebSite\",\"@id\":\"https:\\\/\\\/somos-hermanos.mx\\\/#website\",\"url\":\"https:\\\/\\\/somos-hermanos.mx\\\/\",\"name\":\"Historias que inspiran...\",\"description\":\"Somos la voz del altruismo en M\u00e9xico\",\"publisher\":{\"@id\":\"https:\\\/\\\/somos-hermanos.mx\\\/#organization\"},\"potentialAction\":[{\"@type\":\"SearchAction\",\"target\":{\"@type\":\"EntryPoint\",\"urlTemplate\":\"https:\\\/\\\/somos-hermanos.mx\\\/?s={search_term_string}\"},\"query-input\":{\"@type\":\"PropertyValueSpecification\",\"valueRequired\":true,\"valueName\":\"search_term_string\"}}],\"inLanguage\":\"es\"},{\"@type\":\"Organization\",\"@id\":\"https:\\\/\\\/somos-hermanos.mx\\\/#organization\",\"name\":\"Somos Hermanos\",\"url\":\"https:\\\/\\\/somos-hermanos.mx\\\/\",\"logo\":{\"@type\":\"ImageObject\",\"inLanguage\":\"es\",\"@id\":\"https:\\\/\\\/somos-hermanos.mx\\\/#\\\/schema\\\/logo\\\/image\\\/\",\"url\":\"https:\\\/\\\/somos-hermanos.mx\\\/wp-content\\\/uploads\\\/2025\\\/08\\\/SH30-1.jpeg\",\"contentUrl\":\"https:\\\/\\\/somos-hermanos.mx\\\/wp-content\\\/uploads\\\/2025\\\/08\\\/SH30-1.jpeg\",\"width\":1600,\"height\":1142,\"caption\":\"Somos Hermanos\"},\"image\":{\"@id\":\"https:\\\/\\\/somos-hermanos.mx\\\/#\\\/schema\\\/logo\\\/image\\\/\"},\"sameAs\":[\"https:\\\/\\\/www.facebook.com\\\/SomosHermanosIAP\\\/\",\"https:\\\/\\\/x.com\\\/Somos__Hermanos\",\"https:\\\/\\\/www.instagram.com\\\/somos__hermanos\\\/#\",\"https:\\\/\\\/www.tiktok.com\\\/@somoshermanosiap\",\"https:\\\/\\\/www.youtube.com\\\/@somoshermanosiap1201\\\/videos\"]},{\"@type\":\"Person\",\"@id\":\"https:\\\/\\\/somos-hermanos.mx\\\/#\\\/schema\\\/person\\\/9a6f4846be3f6417120bd52d3c372a2a\",\"name\":\"Jorge Luevanos Colunga\",\"image\":{\"@type\":\"ImageObject\",\"inLanguage\":\"es\",\"@id\":\"https:\\\/\\\/secure.gravatar.com\\\/avatar\\\/fe89ce57773d4ca96fa3ec60521226cfd01e86886055be4fe89607061d716c35?s=96&d=mm&r=g\",\"url\":\"https:\\\/\\\/secure.gravatar.com\\\/avatar\\\/fe89ce57773d4ca96fa3ec60521226cfd01e86886055be4fe89607061d716c35?s=96&d=mm&r=g\",\"contentUrl\":\"https:\\\/\\\/secure.gravatar.com\\\/avatar\\\/fe89ce57773d4ca96fa3ec60521226cfd01e86886055be4fe89607061d716c35?s=96&d=mm&r=g\",\"caption\":\"Jorge Luevanos Colunga\"},\"url\":\"https:\\\/\\\/somos-hermanos.mx\\\/index.php\\\/author\\\/jorge-luevanos-colunga\\\/\"}]}<\/script>\n<!-- \/ Yoast SEO plugin. -->","yoast_head_json":{"title":"El Arca de M\u00e9xico IAP: Una comunidad donde toda vida vale la pena - Historias que inspiran...","robots":{"index":"index","follow":"follow","max-snippet":"max-snippet:-1","max-image-preview":"max-image-preview:large","max-video-preview":"max-video-preview:-1"},"canonical":"https:\/\/somos-hermanos.mx\/index.php\/2025\/08\/04\/el-arca-de-mexico-iap-una-comunidad-donde-toda-vida-vale-la-pena\/","og_locale":"es_MX","og_type":"article","og_title":"El Arca de M\u00e9xico IAP: Una comunidad donde toda vida vale la pena - Historias que inspiran...","og_description":"El Arca de M\u00e9xico IAP es una organizaci\u00f3n de asistencia privada que forma parte de un movimiento internacional dedicado a mejorar la calidad de vida de personas adultas con discapacidad intelectual, especialmente aquellas que han sido abandonadas o se encuentran en situaci\u00f3n de vulnerabilidad. Su modelo de trabajo est\u00e1 basado en la convivencia comunitaria, donde [&hellip;]","og_url":"https:\/\/somos-hermanos.mx\/index.php\/2025\/08\/04\/el-arca-de-mexico-iap-una-comunidad-donde-toda-vida-vale-la-pena\/","og_site_name":"Historias que inspiran...","article_publisher":"https:\/\/www.facebook.com\/SomosHermanosIAP\/","article_published_time":"2025-08-04T08:44:19+00:00","og_image":[{"width":350,"height":340,"url":"https:\/\/somos-hermanos.mx\/wp-content\/uploads\/2025\/08\/arcaa1.jpeg","type":"image\/jpeg"}],"author":"Jorge Luevanos Colunga","twitter_card":"summary_large_image","twitter_creator":"@Somos__Hermanos","twitter_site":"@Somos__Hermanos","twitter_misc":{"Escrito por":"Jorge Luevanos Colunga","Tiempo de lectura":"3 minutos"},"schema":{"@context":"https:\/\/schema.org","@graph":[{"@type":"Article","@id":"https:\/\/somos-hermanos.mx\/index.php\/2025\/08\/04\/el-arca-de-mexico-iap-una-comunidad-donde-toda-vida-vale-la-pena\/#article","isPartOf":{"@id":"https:\/\/somos-hermanos.mx\/index.php\/2025\/08\/04\/el-arca-de-mexico-iap-una-comunidad-donde-toda-vida-vale-la-pena\/"},"author":{"name":"Jorge Luevanos Colunga","@id":"https:\/\/somos-hermanos.mx\/#\/schema\/person\/9a6f4846be3f6417120bd52d3c372a2a"},"headline":"El Arca de M\u00e9xico IAP: Una comunidad donde toda vida vale la pena","datePublished":"2025-08-04T08:44:19+00:00","mainEntityOfPage":{"@id":"https:\/\/somos-hermanos.mx\/index.php\/2025\/08\/04\/el-arca-de-mexico-iap-una-comunidad-donde-toda-vida-vale-la-pena\/"},"wordCount":465,"commentCount":0,"publisher":{"@id":"https:\/\/somos-hermanos.mx\/#organization"},"image":{"@id":"https:\/\/somos-hermanos.mx\/index.php\/2025\/08\/04\/el-arca-de-mexico-iap-una-comunidad-donde-toda-vida-vale-la-pena\/#primaryimage"},"thumbnailUrl":"https:\/\/somos-hermanos.mx\/wp-content\/uploads\/2025\/08\/arcaa1.jpeg","articleSection":["Noticias"],"inLanguage":"es","potentialAction":[{"@type":"CommentAction","name":"Comment","target":["https:\/\/somos-hermanos.mx\/index.php\/2025\/08\/04\/el-arca-de-mexico-iap-una-comunidad-donde-toda-vida-vale-la-pena\/#respond"]}]},{"@type":"WebPage","@id":"https:\/\/somos-hermanos.mx\/index.php\/2025\/08\/04\/el-arca-de-mexico-iap-una-comunidad-donde-toda-vida-vale-la-pena\/","url":"https:\/\/somos-hermanos.mx\/index.php\/2025\/08\/04\/el-arca-de-mexico-iap-una-comunidad-donde-toda-vida-vale-la-pena\/","name":"El Arca de M\u00e9xico IAP: Una comunidad donde toda vida vale la pena - Historias que inspiran...","isPartOf":{"@id":"https:\/\/somos-hermanos.mx\/#website"},"primaryImageOfPage":{"@id":"https:\/\/somos-hermanos.mx\/index.php\/2025\/08\/04\/el-arca-de-mexico-iap-una-comunidad-donde-toda-vida-vale-la-pena\/#primaryimage"},"image":{"@id":"https:\/\/somos-hermanos.mx\/index.php\/2025\/08\/04\/el-arca-de-mexico-iap-una-comunidad-donde-toda-vida-vale-la-pena\/#primaryimage"},"thumbnailUrl":"https:\/\/somos-hermanos.mx\/wp-content\/uploads\/2025\/08\/arcaa1.jpeg","datePublished":"2025-08-04T08:44:19+00:00","breadcrumb":{"@id":"https:\/\/somos-hermanos.mx\/index.php\/2025\/08\/04\/el-arca-de-mexico-iap-una-comunidad-donde-toda-vida-vale-la-pena\/#breadcrumb"},"inLanguage":"es","potentialAction":[{"@type":"ReadAction","target":["https:\/\/somos-hermanos.mx\/index.php\/2025\/08\/04\/el-arca-de-mexico-iap-una-comunidad-donde-toda-vida-vale-la-pena\/"]}]},{"@type":"ImageObject","inLanguage":"es","@id":"https:\/\/somos-hermanos.mx\/index.php\/2025\/08\/04\/el-arca-de-mexico-iap-una-comunidad-donde-toda-vida-vale-la-pena\/#primaryimage","url":"https:\/\/somos-hermanos.mx\/wp-content\/uploads\/2025\/08\/arcaa1.jpeg","contentUrl":"https:\/\/somos-hermanos.mx\/wp-content\/uploads\/2025\/08\/arcaa1.jpeg","width":350,"height":340},{"@type":"BreadcrumbList","@id":"https:\/\/somos-hermanos.mx\/index.php\/2025\/08\/04\/el-arca-de-mexico-iap-una-comunidad-donde-toda-vida-vale-la-pena\/#breadcrumb","itemListElement":[{"@type":"ListItem","position":1,"name":"Inicio","item":"https:\/\/somos-hermanos.mx\/"},{"@type":"ListItem","position":2,"name":"El Arca de M\u00e9xico IAP: Una comunidad donde toda vida vale la pena"}]},{"@type":"WebSite","@id":"https:\/\/somos-hermanos.mx\/#website","url":"https:\/\/somos-hermanos.mx\/","name":"Historias que inspiran...","description":"Somos la voz del altruismo en M\u00e9xico","publisher":{"@id":"https:\/\/somos-hermanos.mx\/#organization"},"potentialAction":[{"@type":"SearchAction","target":{"@type":"EntryPoint","urlTemplate":"https:\/\/somos-hermanos.mx\/?s={search_term_string}"},"query-input":{"@type":"PropertyValueSpecification","valueRequired":true,"valueName":"search_term_string"}}],"inLanguage":"es"},{"@type":"Organization","@id":"https:\/\/somos-hermanos.mx\/#organization","name":"Somos Hermanos","url":"https:\/\/somos-hermanos.mx\/","logo":{"@type":"ImageObject","inLanguage":"es","@id":"https:\/\/somos-hermanos.mx\/#\/schema\/logo\/image\/","url":"https:\/\/somos-hermanos.mx\/wp-content\/uploads\/2025\/08\/SH30-1.jpeg","contentUrl":"https:\/\/somos-hermanos.mx\/wp-content\/uploads\/2025\/08\/SH30-1.jpeg","width":1600,"height":1142,"caption":"Somos Hermanos"},"image":{"@id":"https:\/\/somos-hermanos.mx\/#\/schema\/logo\/image\/"},"sameAs":["https:\/\/www.facebook.com\/SomosHermanosIAP\/","https:\/\/x.com\/Somos__Hermanos","https:\/\/www.instagram.com\/somos__hermanos\/#","https:\/\/www.tiktok.com\/@somoshermanosiap","https:\/\/www.youtube.com\/@somoshermanosiap1201\/videos"]},{"@type":"Person","@id":"https:\/\/somos-hermanos.mx\/#\/schema\/person\/9a6f4846be3f6417120bd52d3c372a2a","name":"Jorge Luevanos Colunga","image":{"@type":"ImageObject","inLanguage":"es","@id":"https:\/\/secure.gravatar.com\/avatar\/fe89ce57773d4ca96fa3ec60521226cfd01e86886055be4fe89607061d716c35?s=96&d=mm&r=g","url":"https:\/\/secure.gravatar.com\/avatar\/fe89ce57773d4ca96fa3ec60521226cfd01e86886055be4fe89607061d716c35?s=96&d=mm&r=g","contentUrl":"https:\/\/secure.gravatar.com\/avatar\/fe89ce57773d4ca96fa3ec60521226cfd01e86886055be4fe89607061d716c35?s=96&d=mm&r=g","caption":"Jorge Luevanos Colunga"},"url":"https:\/\/somos-hermanos.mx\/index.php\/author\/jorge-luevanos-colunga\/"}]}},"_links":{"self":[{"href":"https:\/\/somos-hermanos.mx\/index.php\/wp-json\/wp\/v2\/posts\/805","targetHints":{"allow":["GET"]}}],"collection":[{"href":"https:\/\/somos-hermanos.mx\/index.php\/wp-json\/wp\/v2\/posts"}],"about":[{"href":"https:\/\/somos-hermanos.mx\/index.php\/wp-json\/wp\/v2\/types\/post"}],"author":[{"embeddable":true,"href":"https:\/\/somos-hermanos.mx\/index.php\/wp-json\/wp\/v2\/users\/23"}],"replies":[{"embeddable":true,"href":"https:\/\/somos-hermanos.mx\/index.php\/wp-json\/wp\/v2\/comments?post=805"}],"version-history":[{"count":1,"href":"https:\/\/somos-hermanos.mx\/index.php\/wp-json\/wp\/v2\/posts\/805\/revisions"}],"predecessor-version":[{"id":807,"href":"https:\/\/somos-hermanos.mx\/index.php\/wp-json\/wp\/v2\/posts\/805\/revisions\/807"}],"wp:featuredmedia":[{"embeddable":true,"href":"https:\/\/somos-hermanos.mx\/index.php\/wp-json\/wp\/v2\/media\/806"}],"wp:attachment":[{"href":"https:\/\/somos-hermanos.mx\/index.php\/wp-json\/wp\/v2\/media?parent=805"}],"wp:term":[{"taxonomy":"category","embeddable":true,"href":"https:\/\/somos-hermanos.mx\/index.php\/wp-json\/wp\/v2\/categories?post=805"},{"taxonomy":"post_tag","embeddable":true,"href":"https:\/\/somos-hermanos.mx\/index.php\/wp-json\/wp\/v2\/tags?post=805"}],"curies":[{"name":"wp","href":"https:\/\/api.w.org\/{rel}","templated":true}]}}