{"id":799,"date":"2025-08-04T02:41:38","date_gmt":"2025-08-04T08:41:38","guid":{"rendered":"https:\/\/somos-hermanos.mx\/?p=799"},"modified":"2025-08-04T02:41:38","modified_gmt":"2025-08-04T08:41:38","slug":"cedidown-transforma-vidas-y-construye-una-sociedad-inclusiva","status":"publish","type":"post","link":"https:\/\/somos-hermanos.mx\/index.php\/2025\/08\/04\/cedidown-transforma-vidas-y-construye-una-sociedad-inclusiva\/","title":{"rendered":"CEDIDOWN: Transforma vidas y construye una sociedad inclusiva"},"content":{"rendered":"<p>CEDIDOWN comenz\u00f3 su labor en noviembre de 2010 con un objetivo claro: <strong>impulsar el desarrollo de las habilidades cognitivas y fomentar la inclusi\u00f3n social, familiar, educativa y laboral de las personas con s\u00edndrome de Down. <\/strong><\/p>\n<p>Desde sus inicios, ha trabajado incansablemente para reconocer los derechos de este sector de la poblaci\u00f3n y transformar los paradigmas establecidos en la sociedad en relaci\u00f3n a esta condici\u00f3n.<\/p>\n<p>Su enfoque no solo busca el desarrollo individual, <strong>sino tambi\u00e9n la integraci\u00f3n plena en la comunidad, <\/strong>para que estas personas puedan ser vistas y tratadas como miembros activos de la sociedad.<\/p>\n<p>En 2015, la asociaci\u00f3n dio un paso importante al elegir un nuevo consejo y transformarse en una Instituci\u00f3n de Asistencia Privada (IAP), <strong>lo que permiti\u00f3 garantizar mayor eficiencia, transparencia e institucionalizaci\u00f3n en sus actividades. <\/strong>Este cambio fue fundamental para <strong>asegurar la permanencia de la organizaci\u00f3n <\/strong>y para fortalecer la profesionalizaci\u00f3n y capacitaci\u00f3n continua de todas las personas involucradas en el desarrollo y crecimiento de las personas con s\u00edndrome de Down.<\/p>\n<p>Uno de los enfoques primordiales de CEDIDOWN es el fomento del aprendizaje integral. La asociaci\u00f3n se dedica a desarrollar habilidades psicomotrices, cognitivas, emocionales y de comunicaci\u00f3n en las personas con s\u00edndrome de Down, lo que favorece su autonom\u00eda y participaci\u00f3n activa en la vida diaria.<\/p>\n<p>Adem\u00e1s, se dedica a sensibilizar y capacitar a los padres, familiares, educadores y profesionales que trabajan con esta poblaci\u00f3n, asegurando que el entorno de estas personas sea comprensivo, inclusivo y adecuado a sus necesidades.<\/p>\n<p>Otro aspecto fundamental de su trabajo es la sensibilizaci\u00f3n social. A trav\u00e9s de la difusi\u00f3n de informaci\u00f3n acerca del s\u00edndrome de Down, <strong>CEDIDOWN busca derribar mitos y prejuicios, contribuyendo a una mayor aceptaci\u00f3n y entendimiento dentro de la sociedad. <\/strong>Al mismo tiempo, fomenta la creaci\u00f3n de redes de apoyo, incentivando la formaci\u00f3n de grupos entre familias y personas con s\u00edndrome de Down.<\/p>\n<p>Estos grupos brindan el apoyo necesario y generan un sentido de pertenencia, lo que fortalece tanto el desarrollo emocional como la inclusi\u00f3n social de los involucrados.<\/p>\n<p><strong>CEDIDOWN tambi\u00e9n apoya la investigaci\u00f3n e impulsa proyectos que buscan mejorar las condiciones de vida de las personas con s\u00edndrome de Down.<\/strong>\u00a0De esta forma, se generan propuestas innovadoras que tienen el objetivo de asegurar un futuro m\u00e1s inclusivo y accesible.<\/p>\n<p>Adem\u00e1s, la asociaci\u00f3n se involucra activamente en la creaci\u00f3n de pol\u00edticas p\u00fablicas que favorezcan la inclusi\u00f3n social, laboral y educativa de las personas con s\u00edndrome de Down, buscando que sean reconocidas como miembros activos de la familia, estudiantes en las aulas, trabajadores en las empresas y ciudadanos en la sociedad.<\/p>\n<p>Gracias a su \u00e9xito en la implementaci\u00f3n de estos programas, CEDIDOWN ha logrado convertirse en un modelo que puede ser replicado en otras asociaciones tanto a nivel nacional como internacional.<\/p>\n<p>Esta expansi\u00f3n de su enfoque inclusivo es uno de los mayores logros de la organizaci\u00f3n, que contin\u00faa avanzando con el compromiso de garantizar la inclusi\u00f3n y el bienestar de las personas con s\u00edndrome de Down.<\/p>\n<p>Su labor sigue creciendo y evolucionando, siempre con el mismo prop\u00f3sito: transformar vidas y contribuir al desarrollo de una sociedad m\u00e1s justa e inclusiva para todos.<\/p>\n<p>Para seguir avanzando en la inclusi\u00f3n de las personas con s\u00edndrome de Down, <strong>es fundamental que todos nos sumemos al esfuerzo colectivo. <\/strong><\/p>\n<p>Puedes ser parte de este cambio apoyando el trabajo de CEDIDOWN IAP, ya sea a trav\u00e9s de tu tiempo, tu conocimiento o tus recursos.<\/p>\n<p>Juntos, podemos construir una sociedad m\u00e1s inclusiva, donde cada persona sea valorada por sus habilidades y no por sus limitaciones. Si deseas unirte a esta causa, conocer m\u00e1s sobre sus programas o hacer una donaci\u00f3n, visita su sitio web y descubre c\u00f3mo puedes contribuir.<\/p>\n<p><strong>\u00a1T\u00fa apoyo marca la diferencia!<\/strong><\/p>\n","protected":false},"excerpt":{"rendered":"<p>CEDIDOWN comenz\u00f3 su labor en noviembre de 2010 con un objetivo claro: impulsar el desarrollo de las habilidades cognitivas y fomentar la inclusi\u00f3n social, familiar, educativa y laboral de las personas con s\u00edndrome de Down. Desde sus inicios, ha trabajado incansablemente para reconocer los derechos de este sector de la poblaci\u00f3n y transformar los paradigmas [&hellip;]<\/p>\n","protected":false},"author":16,"featured_media":800,"comment_status":"open","ping_status":"closed","sticky":false,"template":"","format":"standard","meta":{"footnotes":""},"categories":[6],"tags":[],"class_list":["post-799","post","type-post","status-publish","format-standard","has-post-thumbnail","hentry","category-noticias"],"yoast_head":"<!-- This site is optimized with the Yoast SEO plugin v27.5 - https:\/\/yoast.com\/product\/yoast-seo-wordpress\/ -->\n<title>CEDIDOWN: Transforma vidas y construye una sociedad inclusiva - Historias que inspiran...<\/title>\n<meta name=\"robots\" content=\"index, follow, max-snippet:-1, max-image-preview:large, max-video-preview:-1\" \/>\n<link rel=\"canonical\" href=\"https:\/\/somos-hermanos.mx\/index.php\/2025\/08\/04\/cedidown-transforma-vidas-y-construye-una-sociedad-inclusiva\/\" \/>\n<meta property=\"og:locale\" content=\"es_MX\" \/>\n<meta property=\"og:type\" content=\"article\" \/>\n<meta property=\"og:title\" content=\"CEDIDOWN: Transforma vidas y construye una sociedad inclusiva - Historias que inspiran...\" \/>\n<meta property=\"og:description\" content=\"CEDIDOWN comenz\u00f3 su labor en noviembre de 2010 con un objetivo claro: impulsar el desarrollo de las habilidades cognitivas y fomentar la inclusi\u00f3n social, familiar, educativa y laboral de las personas con s\u00edndrome de Down. Desde sus inicios, ha trabajado incansablemente para reconocer los derechos de este sector de la poblaci\u00f3n y transformar los paradigmas [&hellip;]\" \/>\n<meta property=\"og:url\" content=\"https:\/\/somos-hermanos.mx\/index.php\/2025\/08\/04\/cedidown-transforma-vidas-y-construye-una-sociedad-inclusiva\/\" \/>\n<meta property=\"og:site_name\" content=\"Historias que inspiran...\" \/>\n<meta property=\"article:publisher\" content=\"https:\/\/www.facebook.com\/SomosHermanosIAP\/\" \/>\n<meta property=\"article:published_time\" content=\"2025-08-04T08:41:38+00:00\" \/>\n<meta property=\"og:image\" content=\"https:\/\/somos-hermanos.mx\/wp-content\/uploads\/2025\/08\/cedi.jpeg\" \/>\n\t<meta property=\"og:image:width\" content=\"388\" \/>\n\t<meta property=\"og:image:height\" content=\"388\" \/>\n\t<meta property=\"og:image:type\" content=\"image\/jpeg\" \/>\n<meta name=\"author\" content=\"Jorge Plascencia Gonz\u00e1lez\" \/>\n<meta name=\"twitter:card\" content=\"summary_large_image\" \/>\n<meta name=\"twitter:creator\" content=\"@Somos__Hermanos\" \/>\n<meta name=\"twitter:site\" content=\"@Somos__Hermanos\" \/>\n<meta name=\"twitter:label1\" content=\"Escrito por\" \/>\n\t<meta name=\"twitter:data1\" content=\"Jorge Plascencia Gonz\u00e1lez\" \/>\n\t<meta name=\"twitter:label2\" content=\"Tiempo de lectura\" \/>\n\t<meta name=\"twitter:data2\" content=\"3 minutos\" \/>\n<script type=\"application\/ld+json\" class=\"yoast-schema-graph\">{\"@context\":\"https:\\\/\\\/schema.org\",\"@graph\":[{\"@type\":\"Article\",\"@id\":\"https:\\\/\\\/somos-hermanos.mx\\\/index.php\\\/2025\\\/08\\\/04\\\/cedidown-transforma-vidas-y-construye-una-sociedad-inclusiva\\\/#article\",\"isPartOf\":{\"@id\":\"https:\\\/\\\/somos-hermanos.mx\\\/index.php\\\/2025\\\/08\\\/04\\\/cedidown-transforma-vidas-y-construye-una-sociedad-inclusiva\\\/\"},\"author\":{\"name\":\"Jorge Plascencia Gonz\u00e1lez\",\"@id\":\"https:\\\/\\\/somos-hermanos.mx\\\/#\\\/schema\\\/person\\\/310a45203a309f04e24f754c2ffd78b2\"},\"headline\":\"CEDIDOWN: Transforma vidas y construye una sociedad inclusiva\",\"datePublished\":\"2025-08-04T08:41:38+00:00\",\"mainEntityOfPage\":{\"@id\":\"https:\\\/\\\/somos-hermanos.mx\\\/index.php\\\/2025\\\/08\\\/04\\\/cedidown-transforma-vidas-y-construye-una-sociedad-inclusiva\\\/\"},\"wordCount\":672,\"commentCount\":0,\"publisher\":{\"@id\":\"https:\\\/\\\/somos-hermanos.mx\\\/#organization\"},\"image\":{\"@id\":\"https:\\\/\\\/somos-hermanos.mx\\\/index.php\\\/2025\\\/08\\\/04\\\/cedidown-transforma-vidas-y-construye-una-sociedad-inclusiva\\\/#primaryimage\"},\"thumbnailUrl\":\"https:\\\/\\\/somos-hermanos.mx\\\/wp-content\\\/uploads\\\/2025\\\/08\\\/cedi.jpeg\",\"articleSection\":[\"Noticias\"],\"inLanguage\":\"es\",\"potentialAction\":[{\"@type\":\"CommentAction\",\"name\":\"Comment\",\"target\":[\"https:\\\/\\\/somos-hermanos.mx\\\/index.php\\\/2025\\\/08\\\/04\\\/cedidown-transforma-vidas-y-construye-una-sociedad-inclusiva\\\/#respond\"]}]},{\"@type\":\"WebPage\",\"@id\":\"https:\\\/\\\/somos-hermanos.mx\\\/index.php\\\/2025\\\/08\\\/04\\\/cedidown-transforma-vidas-y-construye-una-sociedad-inclusiva\\\/\",\"url\":\"https:\\\/\\\/somos-hermanos.mx\\\/index.php\\\/2025\\\/08\\\/04\\\/cedidown-transforma-vidas-y-construye-una-sociedad-inclusiva\\\/\",\"name\":\"CEDIDOWN: Transforma vidas y construye una sociedad inclusiva - Historias que inspiran...\",\"isPartOf\":{\"@id\":\"https:\\\/\\\/somos-hermanos.mx\\\/#website\"},\"primaryImageOfPage\":{\"@id\":\"https:\\\/\\\/somos-hermanos.mx\\\/index.php\\\/2025\\\/08\\\/04\\\/cedidown-transforma-vidas-y-construye-una-sociedad-inclusiva\\\/#primaryimage\"},\"image\":{\"@id\":\"https:\\\/\\\/somos-hermanos.mx\\\/index.php\\\/2025\\\/08\\\/04\\\/cedidown-transforma-vidas-y-construye-una-sociedad-inclusiva\\\/#primaryimage\"},\"thumbnailUrl\":\"https:\\\/\\\/somos-hermanos.mx\\\/wp-content\\\/uploads\\\/2025\\\/08\\\/cedi.jpeg\",\"datePublished\":\"2025-08-04T08:41:38+00:00\",\"breadcrumb\":{\"@id\":\"https:\\\/\\\/somos-hermanos.mx\\\/index.php\\\/2025\\\/08\\\/04\\\/cedidown-transforma-vidas-y-construye-una-sociedad-inclusiva\\\/#breadcrumb\"},\"inLanguage\":\"es\",\"potentialAction\":[{\"@type\":\"ReadAction\",\"target\":[\"https:\\\/\\\/somos-hermanos.mx\\\/index.php\\\/2025\\\/08\\\/04\\\/cedidown-transforma-vidas-y-construye-una-sociedad-inclusiva\\\/\"]}]},{\"@type\":\"ImageObject\",\"inLanguage\":\"es\",\"@id\":\"https:\\\/\\\/somos-hermanos.mx\\\/index.php\\\/2025\\\/08\\\/04\\\/cedidown-transforma-vidas-y-construye-una-sociedad-inclusiva\\\/#primaryimage\",\"url\":\"https:\\\/\\\/somos-hermanos.mx\\\/wp-content\\\/uploads\\\/2025\\\/08\\\/cedi.jpeg\",\"contentUrl\":\"https:\\\/\\\/somos-hermanos.mx\\\/wp-content\\\/uploads\\\/2025\\\/08\\\/cedi.jpeg\",\"width\":388,\"height\":388},{\"@type\":\"BreadcrumbList\",\"@id\":\"https:\\\/\\\/somos-hermanos.mx\\\/index.php\\\/2025\\\/08\\\/04\\\/cedidown-transforma-vidas-y-construye-una-sociedad-inclusiva\\\/#breadcrumb\",\"itemListElement\":[{\"@type\":\"ListItem\",\"position\":1,\"name\":\"Inicio\",\"item\":\"https:\\\/\\\/somos-hermanos.mx\\\/\"},{\"@type\":\"ListItem\",\"position\":2,\"name\":\"CEDIDOWN: Transforma vidas y construye una sociedad inclusiva\"}]},{\"@type\":\"WebSite\",\"@id\":\"https:\\\/\\\/somos-hermanos.mx\\\/#website\",\"url\":\"https:\\\/\\\/somos-hermanos.mx\\\/\",\"name\":\"Historias que inspiran...\",\"description\":\"Somos la voz del altruismo en M\u00e9xico\",\"publisher\":{\"@id\":\"https:\\\/\\\/somos-hermanos.mx\\\/#organization\"},\"potentialAction\":[{\"@type\":\"SearchAction\",\"target\":{\"@type\":\"EntryPoint\",\"urlTemplate\":\"https:\\\/\\\/somos-hermanos.mx\\\/?s={search_term_string}\"},\"query-input\":{\"@type\":\"PropertyValueSpecification\",\"valueRequired\":true,\"valueName\":\"search_term_string\"}}],\"inLanguage\":\"es\"},{\"@type\":\"Organization\",\"@id\":\"https:\\\/\\\/somos-hermanos.mx\\\/#organization\",\"name\":\"Somos Hermanos\",\"url\":\"https:\\\/\\\/somos-hermanos.mx\\\/\",\"logo\":{\"@type\":\"ImageObject\",\"inLanguage\":\"es\",\"@id\":\"https:\\\/\\\/somos-hermanos.mx\\\/#\\\/schema\\\/logo\\\/image\\\/\",\"url\":\"https:\\\/\\\/somos-hermanos.mx\\\/wp-content\\\/uploads\\\/2025\\\/08\\\/SH30-1.jpeg\",\"contentUrl\":\"https:\\\/\\\/somos-hermanos.mx\\\/wp-content\\\/uploads\\\/2025\\\/08\\\/SH30-1.jpeg\",\"width\":1600,\"height\":1142,\"caption\":\"Somos Hermanos\"},\"image\":{\"@id\":\"https:\\\/\\\/somos-hermanos.mx\\\/#\\\/schema\\\/logo\\\/image\\\/\"},\"sameAs\":[\"https:\\\/\\\/www.facebook.com\\\/SomosHermanosIAP\\\/\",\"https:\\\/\\\/x.com\\\/Somos__Hermanos\",\"https:\\\/\\\/www.instagram.com\\\/somos__hermanos\\\/#\",\"https:\\\/\\\/www.tiktok.com\\\/@somoshermanosiap\",\"https:\\\/\\\/www.youtube.com\\\/@somoshermanosiap1201\\\/videos\"]},{\"@type\":\"Person\",\"@id\":\"https:\\\/\\\/somos-hermanos.mx\\\/#\\\/schema\\\/person\\\/310a45203a309f04e24f754c2ffd78b2\",\"name\":\"Jorge Plascencia Gonz\u00e1lez\",\"image\":{\"@type\":\"ImageObject\",\"inLanguage\":\"es\",\"@id\":\"https:\\\/\\\/secure.gravatar.com\\\/avatar\\\/64861ec16c81c93b8ca0cb6e8211fcb69e209928bb5e8c177618e37513c17ed7?s=96&d=mm&r=g\",\"url\":\"https:\\\/\\\/secure.gravatar.com\\\/avatar\\\/64861ec16c81c93b8ca0cb6e8211fcb69e209928bb5e8c177618e37513c17ed7?s=96&d=mm&r=g\",\"contentUrl\":\"https:\\\/\\\/secure.gravatar.com\\\/avatar\\\/64861ec16c81c93b8ca0cb6e8211fcb69e209928bb5e8c177618e37513c17ed7?s=96&d=mm&r=g\",\"caption\":\"Jorge Plascencia Gonz\u00e1lez\"},\"url\":\"https:\\\/\\\/somos-hermanos.mx\\\/index.php\\\/author\\\/jorge-plascencia-gonzalez\\\/\"}]}<\/script>\n<!-- \/ Yoast SEO plugin. -->","yoast_head_json":{"title":"CEDIDOWN: Transforma vidas y construye una sociedad inclusiva - Historias que inspiran...","robots":{"index":"index","follow":"follow","max-snippet":"max-snippet:-1","max-image-preview":"max-image-preview:large","max-video-preview":"max-video-preview:-1"},"canonical":"https:\/\/somos-hermanos.mx\/index.php\/2025\/08\/04\/cedidown-transforma-vidas-y-construye-una-sociedad-inclusiva\/","og_locale":"es_MX","og_type":"article","og_title":"CEDIDOWN: Transforma vidas y construye una sociedad inclusiva - Historias que inspiran...","og_description":"CEDIDOWN comenz\u00f3 su labor en noviembre de 2010 con un objetivo claro: impulsar el desarrollo de las habilidades cognitivas y fomentar la inclusi\u00f3n social, familiar, educativa y laboral de las personas con s\u00edndrome de Down. Desde sus inicios, ha trabajado incansablemente para reconocer los derechos de este sector de la poblaci\u00f3n y transformar los paradigmas [&hellip;]","og_url":"https:\/\/somos-hermanos.mx\/index.php\/2025\/08\/04\/cedidown-transforma-vidas-y-construye-una-sociedad-inclusiva\/","og_site_name":"Historias que inspiran...","article_publisher":"https:\/\/www.facebook.com\/SomosHermanosIAP\/","article_published_time":"2025-08-04T08:41:38+00:00","og_image":[{"width":388,"height":388,"url":"https:\/\/somos-hermanos.mx\/wp-content\/uploads\/2025\/08\/cedi.jpeg","type":"image\/jpeg"}],"author":"Jorge Plascencia Gonz\u00e1lez","twitter_card":"summary_large_image","twitter_creator":"@Somos__Hermanos","twitter_site":"@Somos__Hermanos","twitter_misc":{"Escrito por":"Jorge Plascencia Gonz\u00e1lez","Tiempo de lectura":"3 minutos"},"schema":{"@context":"https:\/\/schema.org","@graph":[{"@type":"Article","@id":"https:\/\/somos-hermanos.mx\/index.php\/2025\/08\/04\/cedidown-transforma-vidas-y-construye-una-sociedad-inclusiva\/#article","isPartOf":{"@id":"https:\/\/somos-hermanos.mx\/index.php\/2025\/08\/04\/cedidown-transforma-vidas-y-construye-una-sociedad-inclusiva\/"},"author":{"name":"Jorge Plascencia Gonz\u00e1lez","@id":"https:\/\/somos-hermanos.mx\/#\/schema\/person\/310a45203a309f04e24f754c2ffd78b2"},"headline":"CEDIDOWN: Transforma vidas y construye una sociedad inclusiva","datePublished":"2025-08-04T08:41:38+00:00","mainEntityOfPage":{"@id":"https:\/\/somos-hermanos.mx\/index.php\/2025\/08\/04\/cedidown-transforma-vidas-y-construye-una-sociedad-inclusiva\/"},"wordCount":672,"commentCount":0,"publisher":{"@id":"https:\/\/somos-hermanos.mx\/#organization"},"image":{"@id":"https:\/\/somos-hermanos.mx\/index.php\/2025\/08\/04\/cedidown-transforma-vidas-y-construye-una-sociedad-inclusiva\/#primaryimage"},"thumbnailUrl":"https:\/\/somos-hermanos.mx\/wp-content\/uploads\/2025\/08\/cedi.jpeg","articleSection":["Noticias"],"inLanguage":"es","potentialAction":[{"@type":"CommentAction","name":"Comment","target":["https:\/\/somos-hermanos.mx\/index.php\/2025\/08\/04\/cedidown-transforma-vidas-y-construye-una-sociedad-inclusiva\/#respond"]}]},{"@type":"WebPage","@id":"https:\/\/somos-hermanos.mx\/index.php\/2025\/08\/04\/cedidown-transforma-vidas-y-construye-una-sociedad-inclusiva\/","url":"https:\/\/somos-hermanos.mx\/index.php\/2025\/08\/04\/cedidown-transforma-vidas-y-construye-una-sociedad-inclusiva\/","name":"CEDIDOWN: Transforma vidas y construye una sociedad inclusiva - Historias que inspiran...","isPartOf":{"@id":"https:\/\/somos-hermanos.mx\/#website"},"primaryImageOfPage":{"@id":"https:\/\/somos-hermanos.mx\/index.php\/2025\/08\/04\/cedidown-transforma-vidas-y-construye-una-sociedad-inclusiva\/#primaryimage"},"image":{"@id":"https:\/\/somos-hermanos.mx\/index.php\/2025\/08\/04\/cedidown-transforma-vidas-y-construye-una-sociedad-inclusiva\/#primaryimage"},"thumbnailUrl":"https:\/\/somos-hermanos.mx\/wp-content\/uploads\/2025\/08\/cedi.jpeg","datePublished":"2025-08-04T08:41:38+00:00","breadcrumb":{"@id":"https:\/\/somos-hermanos.mx\/index.php\/2025\/08\/04\/cedidown-transforma-vidas-y-construye-una-sociedad-inclusiva\/#breadcrumb"},"inLanguage":"es","potentialAction":[{"@type":"ReadAction","target":["https:\/\/somos-hermanos.mx\/index.php\/2025\/08\/04\/cedidown-transforma-vidas-y-construye-una-sociedad-inclusiva\/"]}]},{"@type":"ImageObject","inLanguage":"es","@id":"https:\/\/somos-hermanos.mx\/index.php\/2025\/08\/04\/cedidown-transforma-vidas-y-construye-una-sociedad-inclusiva\/#primaryimage","url":"https:\/\/somos-hermanos.mx\/wp-content\/uploads\/2025\/08\/cedi.jpeg","contentUrl":"https:\/\/somos-hermanos.mx\/wp-content\/uploads\/2025\/08\/cedi.jpeg","width":388,"height":388},{"@type":"BreadcrumbList","@id":"https:\/\/somos-hermanos.mx\/index.php\/2025\/08\/04\/cedidown-transforma-vidas-y-construye-una-sociedad-inclusiva\/#breadcrumb","itemListElement":[{"@type":"ListItem","position":1,"name":"Inicio","item":"https:\/\/somos-hermanos.mx\/"},{"@type":"ListItem","position":2,"name":"CEDIDOWN: Transforma vidas y construye una sociedad inclusiva"}]},{"@type":"WebSite","@id":"https:\/\/somos-hermanos.mx\/#website","url":"https:\/\/somos-hermanos.mx\/","name":"Historias que inspiran...","description":"Somos la voz del altruismo en M\u00e9xico","publisher":{"@id":"https:\/\/somos-hermanos.mx\/#organization"},"potentialAction":[{"@type":"SearchAction","target":{"@type":"EntryPoint","urlTemplate":"https:\/\/somos-hermanos.mx\/?s={search_term_string}"},"query-input":{"@type":"PropertyValueSpecification","valueRequired":true,"valueName":"search_term_string"}}],"inLanguage":"es"},{"@type":"Organization","@id":"https:\/\/somos-hermanos.mx\/#organization","name":"Somos Hermanos","url":"https:\/\/somos-hermanos.mx\/","logo":{"@type":"ImageObject","inLanguage":"es","@id":"https:\/\/somos-hermanos.mx\/#\/schema\/logo\/image\/","url":"https:\/\/somos-hermanos.mx\/wp-content\/uploads\/2025\/08\/SH30-1.jpeg","contentUrl":"https:\/\/somos-hermanos.mx\/wp-content\/uploads\/2025\/08\/SH30-1.jpeg","width":1600,"height":1142,"caption":"Somos Hermanos"},"image":{"@id":"https:\/\/somos-hermanos.mx\/#\/schema\/logo\/image\/"},"sameAs":["https:\/\/www.facebook.com\/SomosHermanosIAP\/","https:\/\/x.com\/Somos__Hermanos","https:\/\/www.instagram.com\/somos__hermanos\/#","https:\/\/www.tiktok.com\/@somoshermanosiap","https:\/\/www.youtube.com\/@somoshermanosiap1201\/videos"]},{"@type":"Person","@id":"https:\/\/somos-hermanos.mx\/#\/schema\/person\/310a45203a309f04e24f754c2ffd78b2","name":"Jorge Plascencia Gonz\u00e1lez","image":{"@type":"ImageObject","inLanguage":"es","@id":"https:\/\/secure.gravatar.com\/avatar\/64861ec16c81c93b8ca0cb6e8211fcb69e209928bb5e8c177618e37513c17ed7?s=96&d=mm&r=g","url":"https:\/\/secure.gravatar.com\/avatar\/64861ec16c81c93b8ca0cb6e8211fcb69e209928bb5e8c177618e37513c17ed7?s=96&d=mm&r=g","contentUrl":"https:\/\/secure.gravatar.com\/avatar\/64861ec16c81c93b8ca0cb6e8211fcb69e209928bb5e8c177618e37513c17ed7?s=96&d=mm&r=g","caption":"Jorge Plascencia Gonz\u00e1lez"},"url":"https:\/\/somos-hermanos.mx\/index.php\/author\/jorge-plascencia-gonzalez\/"}]}},"_links":{"self":[{"href":"https:\/\/somos-hermanos.mx\/index.php\/wp-json\/wp\/v2\/posts\/799","targetHints":{"allow":["GET"]}}],"collection":[{"href":"https:\/\/somos-hermanos.mx\/index.php\/wp-json\/wp\/v2\/posts"}],"about":[{"href":"https:\/\/somos-hermanos.mx\/index.php\/wp-json\/wp\/v2\/types\/post"}],"author":[{"embeddable":true,"href":"https:\/\/somos-hermanos.mx\/index.php\/wp-json\/wp\/v2\/users\/16"}],"replies":[{"embeddable":true,"href":"https:\/\/somos-hermanos.mx\/index.php\/wp-json\/wp\/v2\/comments?post=799"}],"version-history":[{"count":1,"href":"https:\/\/somos-hermanos.mx\/index.php\/wp-json\/wp\/v2\/posts\/799\/revisions"}],"predecessor-version":[{"id":801,"href":"https:\/\/somos-hermanos.mx\/index.php\/wp-json\/wp\/v2\/posts\/799\/revisions\/801"}],"wp:featuredmedia":[{"embeddable":true,"href":"https:\/\/somos-hermanos.mx\/index.php\/wp-json\/wp\/v2\/media\/800"}],"wp:attachment":[{"href":"https:\/\/somos-hermanos.mx\/index.php\/wp-json\/wp\/v2\/media?parent=799"}],"wp:term":[{"taxonomy":"category","embeddable":true,"href":"https:\/\/somos-hermanos.mx\/index.php\/wp-json\/wp\/v2\/categories?post=799"},{"taxonomy":"post_tag","embeddable":true,"href":"https:\/\/somos-hermanos.mx\/index.php\/wp-json\/wp\/v2\/tags?post=799"}],"curies":[{"name":"wp","href":"https:\/\/api.w.org\/{rel}","templated":true}]}}