{"id":796,"date":"2025-08-04T02:40:17","date_gmt":"2025-08-04T08:40:17","guid":{"rendered":"https:\/\/somos-hermanos.mx\/?p=796"},"modified":"2025-08-04T02:40:17","modified_gmt":"2025-08-04T08:40:17","slug":"refuerzan-lucha-contra-las-quemaduras-infantiles","status":"publish","type":"post","link":"https:\/\/somos-hermanos.mx\/index.php\/2025\/08\/04\/refuerzan-lucha-contra-las-quemaduras-infantiles\/","title":{"rendered":"Refuerzan lucha contra las quemaduras infantiles"},"content":{"rendered":"<p>En M\u00e9xico, cada a\u00f1o, <strong>cerca de 128 mil personas sufren quemaduras, y de ellas uno de cada tres es un ni\u00f1o o ni\u00f1a, principalmente menores de entre 1 y 4 a\u00f1os, <\/strong>de acuerdo con datos de la Secretar\u00eda de Salud. Las quemaduras son una de las principales causas de discapacidad en la infancia y representan la tercera causa de muerte en el hogar para menores de 5 a\u00f1os.<\/p>\n<p>Conscientes de esta problem\u00e1tica, Fundaci\u00f3n FUNO, brazo social de Fibra Uno (FUNO<strong><b>)<\/b><\/strong>, ha fortalecido su alianza con Te Queremos Ayudar, A.C., organizaci\u00f3n dedicada a brindar atenci\u00f3n integral a personas con quemaduras de escasos recursos en el sur de M\u00e9xico. A la fecha, Fundaci\u00f3n FUNO ha canalizado m\u00e1s de 3 millones de pesos en donativos, incluyendo la adquisici\u00f3n de un <em><i>food truck<\/i><\/em>\u00a0que provee alimentos a familiares de pacientes hospitalizados.<\/p>\n<p><strong><b>Impacto medible y atenci\u00f3n integral<\/b><\/strong><\/p>\n<p>El apoyo de Fundaci\u00f3n FUNO ha generado un beneficio directo a m\u00e1s de 10 mil personas y ha propiciado la creaci\u00f3n de 117 empleos en comunidades vulnerables. Las acciones conjuntas se centran en seis ejes: atenci\u00f3n m\u00e9dica especializada, apoyo psicol\u00f3gico, capacitaci\u00f3n, prevenci\u00f3n de accidentes, acompa\u00f1amiento emocional y distribuci\u00f3n de alimentos.<\/p>\n<p>Te Queremos Ayudar, A.C<strong><b>.<\/b><\/strong>\u00a0opera desde 2018 el Centro de Prevenci\u00f3n, Atenci\u00f3n y Rehabilitaci\u00f3n del Ni\u00f1o Quemado (Ceparniq) en Veracruz. Ah\u00ed se han atendido, tan solo el a\u00f1o pasado, 49 casos de ni\u00f1os con quemaduras; se realizaron 43 traslados de emergencia y se capacit\u00f3 a 604 personas a trav\u00e9s de talleres de prevenci\u00f3n y de <em><i>mindfulness <\/i><\/em>y resiliencia.<\/p>\n<p>Adem\u00e1s, a trav\u00e9s de su programa de alimento solidario, se han servido 8 mil 720 comidas a familiares de pacientes en hospitales p\u00fablicos, una ayuda crucial para quienes pasan largas jornadas de espera en los centros de salud.<\/p>\n<p><strong><b>Prevenci\u00f3n: clave en las comunidades<\/b><\/strong><\/p>\n<p>En regiones donde a\u00fan se cocina con le\u00f1a o anafres dentro del hogar, los ni\u00f1os se encuentran en mayor riesgo de sufrir quemaduras. Por ello, Te Queremos Ayudar, A.C. realiza campa\u00f1as educativas para capacitar a las familias en la prevenci\u00f3n de incendios y primeros auxilios.<\/p>\n<p>Cuando un paciente presenta lesiones severas, se gestionan traslados a centros especializados, como los Shriners Hospitals for Children en Galveston, Texas, reconocidos internacionalmente por su tratamiento de quemaduras pedi\u00e1tricas.<\/p>\n<p><strong><b>Inclusi\u00f3n y generaci\u00f3n de empleo<\/b><\/strong><\/p>\n<p>El programa no solo apoya a pacientes, tambi\u00e9n fomenta la inclusi\u00f3n econ\u00f3mica. Hasta hoy, se han creado empleos para 45 mujeres, 21 hombres, 42 madres y padres solteros, 4 personas con discapacidad y 5 personas de origen ind\u00edgena.<\/p>\n<p>Fundaci\u00f3n FUNO est\u00e1 convencida de que atender y prevenir las quemaduras infantiles no solo salva vidas, tambi\u00e9n transforma comunidades. La alianza con Te Queremos Ayudar, A.C. es un ejemplo tangible de c\u00f3mo la colaboraci\u00f3n entre sociedad civil y empresas genera valor social.<\/p>\n<p><strong><em><b>Para m\u00e1s informaci\u00f3n: <\/b><\/em><\/strong><\/p>\n<p><em>visitar el <\/em><a href=\"https:\/\/funo.mx\/ASG-sostenibilidad\/fundacion\"><em><u>Sitio web de Fundaci\u00f3n FUNO<\/u><\/em><\/a><\/p>\n<p><em>o escribir a <\/em><a href=\"mailto:fundacion@fibrauno.mx\"><em><u>fundacion@fibrauno.mx<\/u><\/em><\/a><\/p>\n","protected":false},"excerpt":{"rendered":"<p>En M\u00e9xico, cada a\u00f1o, cerca de 128 mil personas sufren quemaduras, y de ellas uno de cada tres es un ni\u00f1o o ni\u00f1a, principalmente menores de entre 1 y 4 a\u00f1os, de acuerdo con datos de la Secretar\u00eda de Salud. Las quemaduras son una de las principales causas de discapacidad en la infancia y representan [&hellip;]<\/p>\n","protected":false},"author":8,"featured_media":797,"comment_status":"open","ping_status":"closed","sticky":false,"template":"","format":"standard","meta":{"footnotes":""},"categories":[6],"tags":[],"class_list":["post-796","post","type-post","status-publish","format-standard","has-post-thumbnail","hentry","category-noticias"],"yoast_head":"<!-- This site is optimized with the Yoast SEO plugin v27.5 - https:\/\/yoast.com\/product\/yoast-seo-wordpress\/ -->\n<title>Refuerzan lucha contra las quemaduras infantiles - Historias que inspiran...<\/title>\n<meta name=\"robots\" content=\"index, follow, max-snippet:-1, max-image-preview:large, max-video-preview:-1\" \/>\n<link rel=\"canonical\" href=\"https:\/\/somos-hermanos.mx\/index.php\/2025\/08\/04\/refuerzan-lucha-contra-las-quemaduras-infantiles\/\" \/>\n<meta property=\"og:locale\" content=\"es_MX\" \/>\n<meta property=\"og:type\" content=\"article\" \/>\n<meta property=\"og:title\" content=\"Refuerzan lucha contra las quemaduras infantiles - Historias que inspiran...\" \/>\n<meta property=\"og:description\" content=\"En M\u00e9xico, cada a\u00f1o, cerca de 128 mil personas sufren quemaduras, y de ellas uno de cada tres es un ni\u00f1o o ni\u00f1a, principalmente menores de entre 1 y 4 a\u00f1os, de acuerdo con datos de la Secretar\u00eda de Salud. Las quemaduras son una de las principales causas de discapacidad en la infancia y representan [&hellip;]\" \/>\n<meta property=\"og:url\" content=\"https:\/\/somos-hermanos.mx\/index.php\/2025\/08\/04\/refuerzan-lucha-contra-las-quemaduras-infantiles\/\" \/>\n<meta property=\"og:site_name\" content=\"Historias que inspiran...\" \/>\n<meta property=\"article:publisher\" content=\"https:\/\/www.facebook.com\/SomosHermanosIAP\/\" \/>\n<meta property=\"article:published_time\" content=\"2025-08-04T08:40:17+00:00\" \/>\n<meta property=\"og:image\" content=\"https:\/\/somos-hermanos.mx\/wp-content\/uploads\/2025\/08\/funo1.jpeg\" \/>\n\t<meta property=\"og:image:width\" content=\"1080\" \/>\n\t<meta property=\"og:image:height\" content=\"1080\" \/>\n\t<meta property=\"og:image:type\" content=\"image\/jpeg\" \/>\n<meta name=\"author\" content=\"Jes\u00fas Arizmendi\" \/>\n<meta name=\"twitter:card\" content=\"summary_large_image\" \/>\n<meta name=\"twitter:creator\" content=\"@Somos__Hermanos\" \/>\n<meta name=\"twitter:site\" content=\"@Somos__Hermanos\" \/>\n<meta name=\"twitter:label1\" content=\"Escrito por\" \/>\n\t<meta name=\"twitter:data1\" content=\"Jes\u00fas Arizmendi\" \/>\n\t<meta name=\"twitter:label2\" content=\"Tiempo de lectura\" \/>\n\t<meta name=\"twitter:data2\" content=\"3 minutos\" \/>\n<script type=\"application\/ld+json\" class=\"yoast-schema-graph\">{\"@context\":\"https:\\\/\\\/schema.org\",\"@graph\":[{\"@type\":\"Article\",\"@id\":\"https:\\\/\\\/somos-hermanos.mx\\\/index.php\\\/2025\\\/08\\\/04\\\/refuerzan-lucha-contra-las-quemaduras-infantiles\\\/#article\",\"isPartOf\":{\"@id\":\"https:\\\/\\\/somos-hermanos.mx\\\/index.php\\\/2025\\\/08\\\/04\\\/refuerzan-lucha-contra-las-quemaduras-infantiles\\\/\"},\"author\":{\"name\":\"Jes\u00fas Arizmendi\",\"@id\":\"https:\\\/\\\/somos-hermanos.mx\\\/#\\\/schema\\\/person\\\/945cdfed39314d9db1242f593aecb908\"},\"headline\":\"Refuerzan lucha contra las quemaduras infantiles\",\"datePublished\":\"2025-08-04T08:40:17+00:00\",\"mainEntityOfPage\":{\"@id\":\"https:\\\/\\\/somos-hermanos.mx\\\/index.php\\\/2025\\\/08\\\/04\\\/refuerzan-lucha-contra-las-quemaduras-infantiles\\\/\"},\"wordCount\":517,\"commentCount\":0,\"publisher\":{\"@id\":\"https:\\\/\\\/somos-hermanos.mx\\\/#organization\"},\"image\":{\"@id\":\"https:\\\/\\\/somos-hermanos.mx\\\/index.php\\\/2025\\\/08\\\/04\\\/refuerzan-lucha-contra-las-quemaduras-infantiles\\\/#primaryimage\"},\"thumbnailUrl\":\"https:\\\/\\\/somos-hermanos.mx\\\/wp-content\\\/uploads\\\/2025\\\/08\\\/funo1.jpeg\",\"articleSection\":[\"Noticias\"],\"inLanguage\":\"es\",\"potentialAction\":[{\"@type\":\"CommentAction\",\"name\":\"Comment\",\"target\":[\"https:\\\/\\\/somos-hermanos.mx\\\/index.php\\\/2025\\\/08\\\/04\\\/refuerzan-lucha-contra-las-quemaduras-infantiles\\\/#respond\"]}]},{\"@type\":\"WebPage\",\"@id\":\"https:\\\/\\\/somos-hermanos.mx\\\/index.php\\\/2025\\\/08\\\/04\\\/refuerzan-lucha-contra-las-quemaduras-infantiles\\\/\",\"url\":\"https:\\\/\\\/somos-hermanos.mx\\\/index.php\\\/2025\\\/08\\\/04\\\/refuerzan-lucha-contra-las-quemaduras-infantiles\\\/\",\"name\":\"Refuerzan lucha contra las quemaduras infantiles - Historias que inspiran...\",\"isPartOf\":{\"@id\":\"https:\\\/\\\/somos-hermanos.mx\\\/#website\"},\"primaryImageOfPage\":{\"@id\":\"https:\\\/\\\/somos-hermanos.mx\\\/index.php\\\/2025\\\/08\\\/04\\\/refuerzan-lucha-contra-las-quemaduras-infantiles\\\/#primaryimage\"},\"image\":{\"@id\":\"https:\\\/\\\/somos-hermanos.mx\\\/index.php\\\/2025\\\/08\\\/04\\\/refuerzan-lucha-contra-las-quemaduras-infantiles\\\/#primaryimage\"},\"thumbnailUrl\":\"https:\\\/\\\/somos-hermanos.mx\\\/wp-content\\\/uploads\\\/2025\\\/08\\\/funo1.jpeg\",\"datePublished\":\"2025-08-04T08:40:17+00:00\",\"breadcrumb\":{\"@id\":\"https:\\\/\\\/somos-hermanos.mx\\\/index.php\\\/2025\\\/08\\\/04\\\/refuerzan-lucha-contra-las-quemaduras-infantiles\\\/#breadcrumb\"},\"inLanguage\":\"es\",\"potentialAction\":[{\"@type\":\"ReadAction\",\"target\":[\"https:\\\/\\\/somos-hermanos.mx\\\/index.php\\\/2025\\\/08\\\/04\\\/refuerzan-lucha-contra-las-quemaduras-infantiles\\\/\"]}]},{\"@type\":\"ImageObject\",\"inLanguage\":\"es\",\"@id\":\"https:\\\/\\\/somos-hermanos.mx\\\/index.php\\\/2025\\\/08\\\/04\\\/refuerzan-lucha-contra-las-quemaduras-infantiles\\\/#primaryimage\",\"url\":\"https:\\\/\\\/somos-hermanos.mx\\\/wp-content\\\/uploads\\\/2025\\\/08\\\/funo1.jpeg\",\"contentUrl\":\"https:\\\/\\\/somos-hermanos.mx\\\/wp-content\\\/uploads\\\/2025\\\/08\\\/funo1.jpeg\",\"width\":1080,\"height\":1080},{\"@type\":\"BreadcrumbList\",\"@id\":\"https:\\\/\\\/somos-hermanos.mx\\\/index.php\\\/2025\\\/08\\\/04\\\/refuerzan-lucha-contra-las-quemaduras-infantiles\\\/#breadcrumb\",\"itemListElement\":[{\"@type\":\"ListItem\",\"position\":1,\"name\":\"Inicio\",\"item\":\"https:\\\/\\\/somos-hermanos.mx\\\/\"},{\"@type\":\"ListItem\",\"position\":2,\"name\":\"Refuerzan lucha contra las quemaduras infantiles\"}]},{\"@type\":\"WebSite\",\"@id\":\"https:\\\/\\\/somos-hermanos.mx\\\/#website\",\"url\":\"https:\\\/\\\/somos-hermanos.mx\\\/\",\"name\":\"Historias que inspiran...\",\"description\":\"Somos la voz del altruismo en M\u00e9xico\",\"publisher\":{\"@id\":\"https:\\\/\\\/somos-hermanos.mx\\\/#organization\"},\"potentialAction\":[{\"@type\":\"SearchAction\",\"target\":{\"@type\":\"EntryPoint\",\"urlTemplate\":\"https:\\\/\\\/somos-hermanos.mx\\\/?s={search_term_string}\"},\"query-input\":{\"@type\":\"PropertyValueSpecification\",\"valueRequired\":true,\"valueName\":\"search_term_string\"}}],\"inLanguage\":\"es\"},{\"@type\":\"Organization\",\"@id\":\"https:\\\/\\\/somos-hermanos.mx\\\/#organization\",\"name\":\"Somos Hermanos\",\"url\":\"https:\\\/\\\/somos-hermanos.mx\\\/\",\"logo\":{\"@type\":\"ImageObject\",\"inLanguage\":\"es\",\"@id\":\"https:\\\/\\\/somos-hermanos.mx\\\/#\\\/schema\\\/logo\\\/image\\\/\",\"url\":\"https:\\\/\\\/somos-hermanos.mx\\\/wp-content\\\/uploads\\\/2025\\\/08\\\/SH30-1.jpeg\",\"contentUrl\":\"https:\\\/\\\/somos-hermanos.mx\\\/wp-content\\\/uploads\\\/2025\\\/08\\\/SH30-1.jpeg\",\"width\":1600,\"height\":1142,\"caption\":\"Somos Hermanos\"},\"image\":{\"@id\":\"https:\\\/\\\/somos-hermanos.mx\\\/#\\\/schema\\\/logo\\\/image\\\/\"},\"sameAs\":[\"https:\\\/\\\/www.facebook.com\\\/SomosHermanosIAP\\\/\",\"https:\\\/\\\/x.com\\\/Somos__Hermanos\",\"https:\\\/\\\/www.instagram.com\\\/somos__hermanos\\\/#\",\"https:\\\/\\\/www.tiktok.com\\\/@somoshermanosiap\",\"https:\\\/\\\/www.youtube.com\\\/@somoshermanosiap1201\\\/videos\"]},{\"@type\":\"Person\",\"@id\":\"https:\\\/\\\/somos-hermanos.mx\\\/#\\\/schema\\\/person\\\/945cdfed39314d9db1242f593aecb908\",\"name\":\"Jes\u00fas Arizmendi\",\"image\":{\"@type\":\"ImageObject\",\"inLanguage\":\"es\",\"@id\":\"https:\\\/\\\/secure.gravatar.com\\\/avatar\\\/9d2f2284f2cc108aae42b8fdb13afa29b801f64001b731516b830e4926cc1b4b?s=96&d=mm&r=g\",\"url\":\"https:\\\/\\\/secure.gravatar.com\\\/avatar\\\/9d2f2284f2cc108aae42b8fdb13afa29b801f64001b731516b830e4926cc1b4b?s=96&d=mm&r=g\",\"contentUrl\":\"https:\\\/\\\/secure.gravatar.com\\\/avatar\\\/9d2f2284f2cc108aae42b8fdb13afa29b801f64001b731516b830e4926cc1b4b?s=96&d=mm&r=g\",\"caption\":\"Jes\u00fas Arizmendi\"},\"url\":\"https:\\\/\\\/somos-hermanos.mx\\\/index.php\\\/author\\\/jesus-arizmendi\\\/\"}]}<\/script>\n<!-- \/ Yoast SEO plugin. -->","yoast_head_json":{"title":"Refuerzan lucha contra las quemaduras infantiles - Historias que inspiran...","robots":{"index":"index","follow":"follow","max-snippet":"max-snippet:-1","max-image-preview":"max-image-preview:large","max-video-preview":"max-video-preview:-1"},"canonical":"https:\/\/somos-hermanos.mx\/index.php\/2025\/08\/04\/refuerzan-lucha-contra-las-quemaduras-infantiles\/","og_locale":"es_MX","og_type":"article","og_title":"Refuerzan lucha contra las quemaduras infantiles - Historias que inspiran...","og_description":"En M\u00e9xico, cada a\u00f1o, cerca de 128 mil personas sufren quemaduras, y de ellas uno de cada tres es un ni\u00f1o o ni\u00f1a, principalmente menores de entre 1 y 4 a\u00f1os, de acuerdo con datos de la Secretar\u00eda de Salud. Las quemaduras son una de las principales causas de discapacidad en la infancia y representan [&hellip;]","og_url":"https:\/\/somos-hermanos.mx\/index.php\/2025\/08\/04\/refuerzan-lucha-contra-las-quemaduras-infantiles\/","og_site_name":"Historias que inspiran...","article_publisher":"https:\/\/www.facebook.com\/SomosHermanosIAP\/","article_published_time":"2025-08-04T08:40:17+00:00","og_image":[{"width":1080,"height":1080,"url":"https:\/\/somos-hermanos.mx\/wp-content\/uploads\/2025\/08\/funo1.jpeg","type":"image\/jpeg"}],"author":"Jes\u00fas Arizmendi","twitter_card":"summary_large_image","twitter_creator":"@Somos__Hermanos","twitter_site":"@Somos__Hermanos","twitter_misc":{"Escrito por":"Jes\u00fas Arizmendi","Tiempo de lectura":"3 minutos"},"schema":{"@context":"https:\/\/schema.org","@graph":[{"@type":"Article","@id":"https:\/\/somos-hermanos.mx\/index.php\/2025\/08\/04\/refuerzan-lucha-contra-las-quemaduras-infantiles\/#article","isPartOf":{"@id":"https:\/\/somos-hermanos.mx\/index.php\/2025\/08\/04\/refuerzan-lucha-contra-las-quemaduras-infantiles\/"},"author":{"name":"Jes\u00fas Arizmendi","@id":"https:\/\/somos-hermanos.mx\/#\/schema\/person\/945cdfed39314d9db1242f593aecb908"},"headline":"Refuerzan lucha contra las quemaduras infantiles","datePublished":"2025-08-04T08:40:17+00:00","mainEntityOfPage":{"@id":"https:\/\/somos-hermanos.mx\/index.php\/2025\/08\/04\/refuerzan-lucha-contra-las-quemaduras-infantiles\/"},"wordCount":517,"commentCount":0,"publisher":{"@id":"https:\/\/somos-hermanos.mx\/#organization"},"image":{"@id":"https:\/\/somos-hermanos.mx\/index.php\/2025\/08\/04\/refuerzan-lucha-contra-las-quemaduras-infantiles\/#primaryimage"},"thumbnailUrl":"https:\/\/somos-hermanos.mx\/wp-content\/uploads\/2025\/08\/funo1.jpeg","articleSection":["Noticias"],"inLanguage":"es","potentialAction":[{"@type":"CommentAction","name":"Comment","target":["https:\/\/somos-hermanos.mx\/index.php\/2025\/08\/04\/refuerzan-lucha-contra-las-quemaduras-infantiles\/#respond"]}]},{"@type":"WebPage","@id":"https:\/\/somos-hermanos.mx\/index.php\/2025\/08\/04\/refuerzan-lucha-contra-las-quemaduras-infantiles\/","url":"https:\/\/somos-hermanos.mx\/index.php\/2025\/08\/04\/refuerzan-lucha-contra-las-quemaduras-infantiles\/","name":"Refuerzan lucha contra las quemaduras infantiles - Historias que inspiran...","isPartOf":{"@id":"https:\/\/somos-hermanos.mx\/#website"},"primaryImageOfPage":{"@id":"https:\/\/somos-hermanos.mx\/index.php\/2025\/08\/04\/refuerzan-lucha-contra-las-quemaduras-infantiles\/#primaryimage"},"image":{"@id":"https:\/\/somos-hermanos.mx\/index.php\/2025\/08\/04\/refuerzan-lucha-contra-las-quemaduras-infantiles\/#primaryimage"},"thumbnailUrl":"https:\/\/somos-hermanos.mx\/wp-content\/uploads\/2025\/08\/funo1.jpeg","datePublished":"2025-08-04T08:40:17+00:00","breadcrumb":{"@id":"https:\/\/somos-hermanos.mx\/index.php\/2025\/08\/04\/refuerzan-lucha-contra-las-quemaduras-infantiles\/#breadcrumb"},"inLanguage":"es","potentialAction":[{"@type":"ReadAction","target":["https:\/\/somos-hermanos.mx\/index.php\/2025\/08\/04\/refuerzan-lucha-contra-las-quemaduras-infantiles\/"]}]},{"@type":"ImageObject","inLanguage":"es","@id":"https:\/\/somos-hermanos.mx\/index.php\/2025\/08\/04\/refuerzan-lucha-contra-las-quemaduras-infantiles\/#primaryimage","url":"https:\/\/somos-hermanos.mx\/wp-content\/uploads\/2025\/08\/funo1.jpeg","contentUrl":"https:\/\/somos-hermanos.mx\/wp-content\/uploads\/2025\/08\/funo1.jpeg","width":1080,"height":1080},{"@type":"BreadcrumbList","@id":"https:\/\/somos-hermanos.mx\/index.php\/2025\/08\/04\/refuerzan-lucha-contra-las-quemaduras-infantiles\/#breadcrumb","itemListElement":[{"@type":"ListItem","position":1,"name":"Inicio","item":"https:\/\/somos-hermanos.mx\/"},{"@type":"ListItem","position":2,"name":"Refuerzan lucha contra las quemaduras infantiles"}]},{"@type":"WebSite","@id":"https:\/\/somos-hermanos.mx\/#website","url":"https:\/\/somos-hermanos.mx\/","name":"Historias que inspiran...","description":"Somos la voz del altruismo en M\u00e9xico","publisher":{"@id":"https:\/\/somos-hermanos.mx\/#organization"},"potentialAction":[{"@type":"SearchAction","target":{"@type":"EntryPoint","urlTemplate":"https:\/\/somos-hermanos.mx\/?s={search_term_string}"},"query-input":{"@type":"PropertyValueSpecification","valueRequired":true,"valueName":"search_term_string"}}],"inLanguage":"es"},{"@type":"Organization","@id":"https:\/\/somos-hermanos.mx\/#organization","name":"Somos Hermanos","url":"https:\/\/somos-hermanos.mx\/","logo":{"@type":"ImageObject","inLanguage":"es","@id":"https:\/\/somos-hermanos.mx\/#\/schema\/logo\/image\/","url":"https:\/\/somos-hermanos.mx\/wp-content\/uploads\/2025\/08\/SH30-1.jpeg","contentUrl":"https:\/\/somos-hermanos.mx\/wp-content\/uploads\/2025\/08\/SH30-1.jpeg","width":1600,"height":1142,"caption":"Somos Hermanos"},"image":{"@id":"https:\/\/somos-hermanos.mx\/#\/schema\/logo\/image\/"},"sameAs":["https:\/\/www.facebook.com\/SomosHermanosIAP\/","https:\/\/x.com\/Somos__Hermanos","https:\/\/www.instagram.com\/somos__hermanos\/#","https:\/\/www.tiktok.com\/@somoshermanosiap","https:\/\/www.youtube.com\/@somoshermanosiap1201\/videos"]},{"@type":"Person","@id":"https:\/\/somos-hermanos.mx\/#\/schema\/person\/945cdfed39314d9db1242f593aecb908","name":"Jes\u00fas Arizmendi","image":{"@type":"ImageObject","inLanguage":"es","@id":"https:\/\/secure.gravatar.com\/avatar\/9d2f2284f2cc108aae42b8fdb13afa29b801f64001b731516b830e4926cc1b4b?s=96&d=mm&r=g","url":"https:\/\/secure.gravatar.com\/avatar\/9d2f2284f2cc108aae42b8fdb13afa29b801f64001b731516b830e4926cc1b4b?s=96&d=mm&r=g","contentUrl":"https:\/\/secure.gravatar.com\/avatar\/9d2f2284f2cc108aae42b8fdb13afa29b801f64001b731516b830e4926cc1b4b?s=96&d=mm&r=g","caption":"Jes\u00fas Arizmendi"},"url":"https:\/\/somos-hermanos.mx\/index.php\/author\/jesus-arizmendi\/"}]}},"_links":{"self":[{"href":"https:\/\/somos-hermanos.mx\/index.php\/wp-json\/wp\/v2\/posts\/796","targetHints":{"allow":["GET"]}}],"collection":[{"href":"https:\/\/somos-hermanos.mx\/index.php\/wp-json\/wp\/v2\/posts"}],"about":[{"href":"https:\/\/somos-hermanos.mx\/index.php\/wp-json\/wp\/v2\/types\/post"}],"author":[{"embeddable":true,"href":"https:\/\/somos-hermanos.mx\/index.php\/wp-json\/wp\/v2\/users\/8"}],"replies":[{"embeddable":true,"href":"https:\/\/somos-hermanos.mx\/index.php\/wp-json\/wp\/v2\/comments?post=796"}],"version-history":[{"count":1,"href":"https:\/\/somos-hermanos.mx\/index.php\/wp-json\/wp\/v2\/posts\/796\/revisions"}],"predecessor-version":[{"id":798,"href":"https:\/\/somos-hermanos.mx\/index.php\/wp-json\/wp\/v2\/posts\/796\/revisions\/798"}],"wp:featuredmedia":[{"embeddable":true,"href":"https:\/\/somos-hermanos.mx\/index.php\/wp-json\/wp\/v2\/media\/797"}],"wp:attachment":[{"href":"https:\/\/somos-hermanos.mx\/index.php\/wp-json\/wp\/v2\/media?parent=796"}],"wp:term":[{"taxonomy":"category","embeddable":true,"href":"https:\/\/somos-hermanos.mx\/index.php\/wp-json\/wp\/v2\/categories?post=796"},{"taxonomy":"post_tag","embeddable":true,"href":"https:\/\/somos-hermanos.mx\/index.php\/wp-json\/wp\/v2\/tags?post=796"}],"curies":[{"name":"wp","href":"https:\/\/api.w.org\/{rel}","templated":true}]}}