{"id":790,"date":"2025-08-04T02:38:32","date_gmt":"2025-08-04T08:38:32","guid":{"rendered":"https:\/\/somos-hermanos.mx\/?p=790"},"modified":"2025-08-04T02:38:32","modified_gmt":"2025-08-04T08:38:32","slug":"colonias-de-vacaciones-iap-promueve-el-derecho-a-la-recreacion-y-el-desarrollo-integral-de-la-ninez","status":"publish","type":"post","link":"https:\/\/somos-hermanos.mx\/index.php\/2025\/08\/04\/colonias-de-vacaciones-iap-promueve-el-derecho-a-la-recreacion-y-el-desarrollo-integral-de-la-ninez\/","title":{"rendered":"Colonias de Vacaciones IAP promueve el derecho a la recreaci\u00f3n y el desarrollo integral de la ni\u00f1ez"},"content":{"rendered":"<p>Bajo el Art\u00edculo 24 de la Declaraci\u00f3n Universal de los Derechos Humanos se establece que <strong>\u201cToda persona tiene derecho al disfrute del tiempo libre y a vacacionar\u201d <\/strong>por lo que el acceso a las vacaciones debe ser universal.<\/p>\n<p>En Colonias de Vacaciones IAP <strong>promueven el incentivo de recreaci\u00f3n en la ni\u00f1ez de escasos recursos en edad escolar,<\/strong>\u00a0y lo logran con un programa de actividades recreativas y educativas.<\/p>\n<p>Tanto este concepto como el desarrollo integral se basan en un contexto de contacto con la naturaleza y responsabilidad por el medio ambiente, con la visi\u00f3n de contribuir al desarrollo social de M\u00e9xico.<\/p>\n<p>La instituci\u00f3n realiza campamentos de 8 d\u00edas llamados Colonias, con ni\u00f1os cuyas familias no tienen la posibilidad econ\u00f3mica de brindarles unas vacaciones con dichas caracter\u00edsticas.<\/p>\n<p>Aprendizaje social y personal, convivencia sana y diversos valores intr\u00ednsecos se llevan a cabo en las actividades y juegos del campamento de la mano de animadores capacitados.<\/p>\n<p>Desde 1965 la IAP <strong>se ha encargado de realizar cerca de 514 colonias y as\u00ed impactar a m\u00e1s de 43,800 ni\u00f1os<\/strong>\u00a0principalmente ubicados en la CDMX y EDOMEX.<\/p>\n<p>El acumulado de esfuerzos y alianzas producen que cada a\u00f1o Colonias de Vacaciones IAP contin\u00faen su din\u00e1mica y creativa labor, porque desde voluntarios integrados por j\u00f3venes y adultos hacen la diferencia.<\/p>\n<p>Sin olvidar a empresas privadas, gobierno, otras instituciones y OSC que suman desde su lugar para crear sinergia y colaboraci\u00f3n.<\/p>\n<p>Mediante el curso de animadores se imparte la capacitaci\u00f3n necesaria y as\u00ed adquieren las herramientas id\u00f3neas para el trabajo con ni\u00f1os.<\/p>\n<p>Las instalaciones de la organizaci\u00f3n se encuentran en Tenancingo, Estado de M\u00e9xico en la Hacienda Santa Teresa donde pueden albergar hasta 130 ni\u00f1os, espacio que cuenta con todo lo necesario para que los beneficiarios tengan las mejores vacaciones.<\/p>\n<p>Tanto los animadores y voluntarios, est\u00e1n comprometidos para que cada ni\u00f1o viva la mejor experiencia de vacaciones en la instituci\u00f3n, y cada a\u00f1o contin\u00faan su capacitaci\u00f3n para ofrecer el mejor esfuerzo a la causa.<\/p>\n<p><strong>Colonias de Vacaciones IAP cumple 60 a\u00f1os de brindarles a ni\u00f1os de escasos recursos en nivel escolar lo valioso del desarrollo integral mediante el juego y actividades recreativas<\/strong>\u00a0que impacten en la sociedad mexicana.<\/p>\n","protected":false},"excerpt":{"rendered":"<p>Bajo el Art\u00edculo 24 de la Declaraci\u00f3n Universal de los Derechos Humanos se establece que \u201cToda persona tiene derecho al disfrute del tiempo libre y a vacacionar\u201d por lo que el acceso a las vacaciones debe ser universal. En Colonias de Vacaciones IAP promueven el incentivo de recreaci\u00f3n en la ni\u00f1ez de escasos recursos en [&hellip;]<\/p>\n","protected":false},"author":10,"featured_media":791,"comment_status":"open","ping_status":"closed","sticky":false,"template":"","format":"standard","meta":{"footnotes":""},"categories":[6],"tags":[],"class_list":["post-790","post","type-post","status-publish","format-standard","has-post-thumbnail","hentry","category-noticias"],"yoast_head":"<!-- This site is optimized with the Yoast SEO plugin v27.5 - https:\/\/yoast.com\/product\/yoast-seo-wordpress\/ -->\n<title>Colonias de Vacaciones IAP promueve el derecho a la recreaci\u00f3n y el desarrollo integral de la ni\u00f1ez - Historias que inspiran...<\/title>\n<meta name=\"robots\" content=\"index, follow, max-snippet:-1, max-image-preview:large, max-video-preview:-1\" \/>\n<link rel=\"canonical\" href=\"https:\/\/somos-hermanos.mx\/index.php\/2025\/08\/04\/colonias-de-vacaciones-iap-promueve-el-derecho-a-la-recreacion-y-el-desarrollo-integral-de-la-ninez\/\" \/>\n<meta property=\"og:locale\" content=\"es_MX\" \/>\n<meta property=\"og:type\" content=\"article\" \/>\n<meta property=\"og:title\" content=\"Colonias de Vacaciones IAP promueve el derecho a la recreaci\u00f3n y el desarrollo integral de la ni\u00f1ez - Historias que inspiran...\" \/>\n<meta property=\"og:description\" content=\"Bajo el Art\u00edculo 24 de la Declaraci\u00f3n Universal de los Derechos Humanos se establece que \u201cToda persona tiene derecho al disfrute del tiempo libre y a vacacionar\u201d por lo que el acceso a las vacaciones debe ser universal. En Colonias de Vacaciones IAP promueven el incentivo de recreaci\u00f3n en la ni\u00f1ez de escasos recursos en [&hellip;]\" \/>\n<meta property=\"og:url\" content=\"https:\/\/somos-hermanos.mx\/index.php\/2025\/08\/04\/colonias-de-vacaciones-iap-promueve-el-derecho-a-la-recreacion-y-el-desarrollo-integral-de-la-ninez\/\" \/>\n<meta property=\"og:site_name\" content=\"Historias que inspiran...\" \/>\n<meta property=\"article:publisher\" content=\"https:\/\/www.facebook.com\/SomosHermanosIAP\/\" \/>\n<meta property=\"article:published_time\" content=\"2025-08-04T08:38:32+00:00\" \/>\n<meta property=\"og:image\" content=\"https:\/\/somos-hermanos.mx\/wp-content\/uploads\/2025\/08\/vaca.jpeg\" \/>\n\t<meta property=\"og:image:width\" content=\"851\" \/>\n\t<meta property=\"og:image:height\" content=\"315\" \/>\n\t<meta property=\"og:image:type\" content=\"image\/jpeg\" \/>\n<meta name=\"author\" content=\"Carlos Hernandez Huerta\" \/>\n<meta name=\"twitter:card\" content=\"summary_large_image\" \/>\n<meta name=\"twitter:creator\" content=\"@Somos__Hermanos\" \/>\n<meta name=\"twitter:site\" content=\"@Somos__Hermanos\" \/>\n<meta name=\"twitter:label1\" content=\"Escrito por\" \/>\n\t<meta name=\"twitter:data1\" content=\"Carlos Hernandez Huerta\" \/>\n\t<meta name=\"twitter:label2\" content=\"Tiempo de lectura\" \/>\n\t<meta name=\"twitter:data2\" content=\"2 minutos\" \/>\n<script type=\"application\/ld+json\" class=\"yoast-schema-graph\">{\"@context\":\"https:\\\/\\\/schema.org\",\"@graph\":[{\"@type\":\"Article\",\"@id\":\"https:\\\/\\\/somos-hermanos.mx\\\/index.php\\\/2025\\\/08\\\/04\\\/colonias-de-vacaciones-iap-promueve-el-derecho-a-la-recreacion-y-el-desarrollo-integral-de-la-ninez\\\/#article\",\"isPartOf\":{\"@id\":\"https:\\\/\\\/somos-hermanos.mx\\\/index.php\\\/2025\\\/08\\\/04\\\/colonias-de-vacaciones-iap-promueve-el-derecho-a-la-recreacion-y-el-desarrollo-integral-de-la-ninez\\\/\"},\"author\":{\"name\":\"Carlos Hernandez Huerta\",\"@id\":\"https:\\\/\\\/somos-hermanos.mx\\\/#\\\/schema\\\/person\\\/2466d21e6ade208f45dbc821298d62b6\"},\"headline\":\"Colonias de Vacaciones IAP promueve el derecho a la recreaci\u00f3n y el desarrollo integral de la ni\u00f1ez\",\"datePublished\":\"2025-08-04T08:38:32+00:00\",\"mainEntityOfPage\":{\"@id\":\"https:\\\/\\\/somos-hermanos.mx\\\/index.php\\\/2025\\\/08\\\/04\\\/colonias-de-vacaciones-iap-promueve-el-derecho-a-la-recreacion-y-el-desarrollo-integral-de-la-ninez\\\/\"},\"wordCount\":404,\"commentCount\":0,\"publisher\":{\"@id\":\"https:\\\/\\\/somos-hermanos.mx\\\/#organization\"},\"image\":{\"@id\":\"https:\\\/\\\/somos-hermanos.mx\\\/index.php\\\/2025\\\/08\\\/04\\\/colonias-de-vacaciones-iap-promueve-el-derecho-a-la-recreacion-y-el-desarrollo-integral-de-la-ninez\\\/#primaryimage\"},\"thumbnailUrl\":\"https:\\\/\\\/somos-hermanos.mx\\\/wp-content\\\/uploads\\\/2025\\\/08\\\/vaca.jpeg\",\"articleSection\":[\"Noticias\"],\"inLanguage\":\"es\",\"potentialAction\":[{\"@type\":\"CommentAction\",\"name\":\"Comment\",\"target\":[\"https:\\\/\\\/somos-hermanos.mx\\\/index.php\\\/2025\\\/08\\\/04\\\/colonias-de-vacaciones-iap-promueve-el-derecho-a-la-recreacion-y-el-desarrollo-integral-de-la-ninez\\\/#respond\"]}]},{\"@type\":\"WebPage\",\"@id\":\"https:\\\/\\\/somos-hermanos.mx\\\/index.php\\\/2025\\\/08\\\/04\\\/colonias-de-vacaciones-iap-promueve-el-derecho-a-la-recreacion-y-el-desarrollo-integral-de-la-ninez\\\/\",\"url\":\"https:\\\/\\\/somos-hermanos.mx\\\/index.php\\\/2025\\\/08\\\/04\\\/colonias-de-vacaciones-iap-promueve-el-derecho-a-la-recreacion-y-el-desarrollo-integral-de-la-ninez\\\/\",\"name\":\"Colonias de Vacaciones IAP promueve el derecho a la recreaci\u00f3n y el desarrollo integral de la ni\u00f1ez - Historias que inspiran...\",\"isPartOf\":{\"@id\":\"https:\\\/\\\/somos-hermanos.mx\\\/#website\"},\"primaryImageOfPage\":{\"@id\":\"https:\\\/\\\/somos-hermanos.mx\\\/index.php\\\/2025\\\/08\\\/04\\\/colonias-de-vacaciones-iap-promueve-el-derecho-a-la-recreacion-y-el-desarrollo-integral-de-la-ninez\\\/#primaryimage\"},\"image\":{\"@id\":\"https:\\\/\\\/somos-hermanos.mx\\\/index.php\\\/2025\\\/08\\\/04\\\/colonias-de-vacaciones-iap-promueve-el-derecho-a-la-recreacion-y-el-desarrollo-integral-de-la-ninez\\\/#primaryimage\"},\"thumbnailUrl\":\"https:\\\/\\\/somos-hermanos.mx\\\/wp-content\\\/uploads\\\/2025\\\/08\\\/vaca.jpeg\",\"datePublished\":\"2025-08-04T08:38:32+00:00\",\"breadcrumb\":{\"@id\":\"https:\\\/\\\/somos-hermanos.mx\\\/index.php\\\/2025\\\/08\\\/04\\\/colonias-de-vacaciones-iap-promueve-el-derecho-a-la-recreacion-y-el-desarrollo-integral-de-la-ninez\\\/#breadcrumb\"},\"inLanguage\":\"es\",\"potentialAction\":[{\"@type\":\"ReadAction\",\"target\":[\"https:\\\/\\\/somos-hermanos.mx\\\/index.php\\\/2025\\\/08\\\/04\\\/colonias-de-vacaciones-iap-promueve-el-derecho-a-la-recreacion-y-el-desarrollo-integral-de-la-ninez\\\/\"]}]},{\"@type\":\"ImageObject\",\"inLanguage\":\"es\",\"@id\":\"https:\\\/\\\/somos-hermanos.mx\\\/index.php\\\/2025\\\/08\\\/04\\\/colonias-de-vacaciones-iap-promueve-el-derecho-a-la-recreacion-y-el-desarrollo-integral-de-la-ninez\\\/#primaryimage\",\"url\":\"https:\\\/\\\/somos-hermanos.mx\\\/wp-content\\\/uploads\\\/2025\\\/08\\\/vaca.jpeg\",\"contentUrl\":\"https:\\\/\\\/somos-hermanos.mx\\\/wp-content\\\/uploads\\\/2025\\\/08\\\/vaca.jpeg\",\"width\":851,\"height\":315},{\"@type\":\"BreadcrumbList\",\"@id\":\"https:\\\/\\\/somos-hermanos.mx\\\/index.php\\\/2025\\\/08\\\/04\\\/colonias-de-vacaciones-iap-promueve-el-derecho-a-la-recreacion-y-el-desarrollo-integral-de-la-ninez\\\/#breadcrumb\",\"itemListElement\":[{\"@type\":\"ListItem\",\"position\":1,\"name\":\"Inicio\",\"item\":\"https:\\\/\\\/somos-hermanos.mx\\\/\"},{\"@type\":\"ListItem\",\"position\":2,\"name\":\"Colonias de Vacaciones IAP promueve el derecho a la recreaci\u00f3n y el desarrollo integral de la ni\u00f1ez\"}]},{\"@type\":\"WebSite\",\"@id\":\"https:\\\/\\\/somos-hermanos.mx\\\/#website\",\"url\":\"https:\\\/\\\/somos-hermanos.mx\\\/\",\"name\":\"Historias que inspiran...\",\"description\":\"Somos la voz del altruismo en M\u00e9xico\",\"publisher\":{\"@id\":\"https:\\\/\\\/somos-hermanos.mx\\\/#organization\"},\"potentialAction\":[{\"@type\":\"SearchAction\",\"target\":{\"@type\":\"EntryPoint\",\"urlTemplate\":\"https:\\\/\\\/somos-hermanos.mx\\\/?s={search_term_string}\"},\"query-input\":{\"@type\":\"PropertyValueSpecification\",\"valueRequired\":true,\"valueName\":\"search_term_string\"}}],\"inLanguage\":\"es\"},{\"@type\":\"Organization\",\"@id\":\"https:\\\/\\\/somos-hermanos.mx\\\/#organization\",\"name\":\"Somos Hermanos\",\"url\":\"https:\\\/\\\/somos-hermanos.mx\\\/\",\"logo\":{\"@type\":\"ImageObject\",\"inLanguage\":\"es\",\"@id\":\"https:\\\/\\\/somos-hermanos.mx\\\/#\\\/schema\\\/logo\\\/image\\\/\",\"url\":\"https:\\\/\\\/somos-hermanos.mx\\\/wp-content\\\/uploads\\\/2025\\\/08\\\/SH30-1.jpeg\",\"contentUrl\":\"https:\\\/\\\/somos-hermanos.mx\\\/wp-content\\\/uploads\\\/2025\\\/08\\\/SH30-1.jpeg\",\"width\":1600,\"height\":1142,\"caption\":\"Somos Hermanos\"},\"image\":{\"@id\":\"https:\\\/\\\/somos-hermanos.mx\\\/#\\\/schema\\\/logo\\\/image\\\/\"},\"sameAs\":[\"https:\\\/\\\/www.facebook.com\\\/SomosHermanosIAP\\\/\",\"https:\\\/\\\/x.com\\\/Somos__Hermanos\",\"https:\\\/\\\/www.instagram.com\\\/somos__hermanos\\\/#\",\"https:\\\/\\\/www.tiktok.com\\\/@somoshermanosiap\",\"https:\\\/\\\/www.youtube.com\\\/@somoshermanosiap1201\\\/videos\"]},{\"@type\":\"Person\",\"@id\":\"https:\\\/\\\/somos-hermanos.mx\\\/#\\\/schema\\\/person\\\/2466d21e6ade208f45dbc821298d62b6\",\"name\":\"Carlos Hernandez Huerta\",\"image\":{\"@type\":\"ImageObject\",\"inLanguage\":\"es\",\"@id\":\"https:\\\/\\\/secure.gravatar.com\\\/avatar\\\/51f6e8e89626306c560ccd8823655e34da99a1f976b5f71bb93591c6b45fd128?s=96&d=mm&r=g\",\"url\":\"https:\\\/\\\/secure.gravatar.com\\\/avatar\\\/51f6e8e89626306c560ccd8823655e34da99a1f976b5f71bb93591c6b45fd128?s=96&d=mm&r=g\",\"contentUrl\":\"https:\\\/\\\/secure.gravatar.com\\\/avatar\\\/51f6e8e89626306c560ccd8823655e34da99a1f976b5f71bb93591c6b45fd128?s=96&d=mm&r=g\",\"caption\":\"Carlos Hernandez Huerta\"},\"url\":\"https:\\\/\\\/somos-hermanos.mx\\\/index.php\\\/author\\\/carlos-hernandez-huerta\\\/\"}]}<\/script>\n<!-- \/ Yoast SEO plugin. -->","yoast_head_json":{"title":"Colonias de Vacaciones IAP promueve el derecho a la recreaci\u00f3n y el desarrollo integral de la ni\u00f1ez - Historias que inspiran...","robots":{"index":"index","follow":"follow","max-snippet":"max-snippet:-1","max-image-preview":"max-image-preview:large","max-video-preview":"max-video-preview:-1"},"canonical":"https:\/\/somos-hermanos.mx\/index.php\/2025\/08\/04\/colonias-de-vacaciones-iap-promueve-el-derecho-a-la-recreacion-y-el-desarrollo-integral-de-la-ninez\/","og_locale":"es_MX","og_type":"article","og_title":"Colonias de Vacaciones IAP promueve el derecho a la recreaci\u00f3n y el desarrollo integral de la ni\u00f1ez - Historias que inspiran...","og_description":"Bajo el Art\u00edculo 24 de la Declaraci\u00f3n Universal de los Derechos Humanos se establece que \u201cToda persona tiene derecho al disfrute del tiempo libre y a vacacionar\u201d por lo que el acceso a las vacaciones debe ser universal. En Colonias de Vacaciones IAP promueven el incentivo de recreaci\u00f3n en la ni\u00f1ez de escasos recursos en [&hellip;]","og_url":"https:\/\/somos-hermanos.mx\/index.php\/2025\/08\/04\/colonias-de-vacaciones-iap-promueve-el-derecho-a-la-recreacion-y-el-desarrollo-integral-de-la-ninez\/","og_site_name":"Historias que inspiran...","article_publisher":"https:\/\/www.facebook.com\/SomosHermanosIAP\/","article_published_time":"2025-08-04T08:38:32+00:00","og_image":[{"width":851,"height":315,"url":"https:\/\/somos-hermanos.mx\/wp-content\/uploads\/2025\/08\/vaca.jpeg","type":"image\/jpeg"}],"author":"Carlos Hernandez Huerta","twitter_card":"summary_large_image","twitter_creator":"@Somos__Hermanos","twitter_site":"@Somos__Hermanos","twitter_misc":{"Escrito por":"Carlos Hernandez Huerta","Tiempo de lectura":"2 minutos"},"schema":{"@context":"https:\/\/schema.org","@graph":[{"@type":"Article","@id":"https:\/\/somos-hermanos.mx\/index.php\/2025\/08\/04\/colonias-de-vacaciones-iap-promueve-el-derecho-a-la-recreacion-y-el-desarrollo-integral-de-la-ninez\/#article","isPartOf":{"@id":"https:\/\/somos-hermanos.mx\/index.php\/2025\/08\/04\/colonias-de-vacaciones-iap-promueve-el-derecho-a-la-recreacion-y-el-desarrollo-integral-de-la-ninez\/"},"author":{"name":"Carlos Hernandez Huerta","@id":"https:\/\/somos-hermanos.mx\/#\/schema\/person\/2466d21e6ade208f45dbc821298d62b6"},"headline":"Colonias de Vacaciones IAP promueve el derecho a la recreaci\u00f3n y el desarrollo integral de la ni\u00f1ez","datePublished":"2025-08-04T08:38:32+00:00","mainEntityOfPage":{"@id":"https:\/\/somos-hermanos.mx\/index.php\/2025\/08\/04\/colonias-de-vacaciones-iap-promueve-el-derecho-a-la-recreacion-y-el-desarrollo-integral-de-la-ninez\/"},"wordCount":404,"commentCount":0,"publisher":{"@id":"https:\/\/somos-hermanos.mx\/#organization"},"image":{"@id":"https:\/\/somos-hermanos.mx\/index.php\/2025\/08\/04\/colonias-de-vacaciones-iap-promueve-el-derecho-a-la-recreacion-y-el-desarrollo-integral-de-la-ninez\/#primaryimage"},"thumbnailUrl":"https:\/\/somos-hermanos.mx\/wp-content\/uploads\/2025\/08\/vaca.jpeg","articleSection":["Noticias"],"inLanguage":"es","potentialAction":[{"@type":"CommentAction","name":"Comment","target":["https:\/\/somos-hermanos.mx\/index.php\/2025\/08\/04\/colonias-de-vacaciones-iap-promueve-el-derecho-a-la-recreacion-y-el-desarrollo-integral-de-la-ninez\/#respond"]}]},{"@type":"WebPage","@id":"https:\/\/somos-hermanos.mx\/index.php\/2025\/08\/04\/colonias-de-vacaciones-iap-promueve-el-derecho-a-la-recreacion-y-el-desarrollo-integral-de-la-ninez\/","url":"https:\/\/somos-hermanos.mx\/index.php\/2025\/08\/04\/colonias-de-vacaciones-iap-promueve-el-derecho-a-la-recreacion-y-el-desarrollo-integral-de-la-ninez\/","name":"Colonias de Vacaciones IAP promueve el derecho a la recreaci\u00f3n y el desarrollo integral de la ni\u00f1ez - Historias que inspiran...","isPartOf":{"@id":"https:\/\/somos-hermanos.mx\/#website"},"primaryImageOfPage":{"@id":"https:\/\/somos-hermanos.mx\/index.php\/2025\/08\/04\/colonias-de-vacaciones-iap-promueve-el-derecho-a-la-recreacion-y-el-desarrollo-integral-de-la-ninez\/#primaryimage"},"image":{"@id":"https:\/\/somos-hermanos.mx\/index.php\/2025\/08\/04\/colonias-de-vacaciones-iap-promueve-el-derecho-a-la-recreacion-y-el-desarrollo-integral-de-la-ninez\/#primaryimage"},"thumbnailUrl":"https:\/\/somos-hermanos.mx\/wp-content\/uploads\/2025\/08\/vaca.jpeg","datePublished":"2025-08-04T08:38:32+00:00","breadcrumb":{"@id":"https:\/\/somos-hermanos.mx\/index.php\/2025\/08\/04\/colonias-de-vacaciones-iap-promueve-el-derecho-a-la-recreacion-y-el-desarrollo-integral-de-la-ninez\/#breadcrumb"},"inLanguage":"es","potentialAction":[{"@type":"ReadAction","target":["https:\/\/somos-hermanos.mx\/index.php\/2025\/08\/04\/colonias-de-vacaciones-iap-promueve-el-derecho-a-la-recreacion-y-el-desarrollo-integral-de-la-ninez\/"]}]},{"@type":"ImageObject","inLanguage":"es","@id":"https:\/\/somos-hermanos.mx\/index.php\/2025\/08\/04\/colonias-de-vacaciones-iap-promueve-el-derecho-a-la-recreacion-y-el-desarrollo-integral-de-la-ninez\/#primaryimage","url":"https:\/\/somos-hermanos.mx\/wp-content\/uploads\/2025\/08\/vaca.jpeg","contentUrl":"https:\/\/somos-hermanos.mx\/wp-content\/uploads\/2025\/08\/vaca.jpeg","width":851,"height":315},{"@type":"BreadcrumbList","@id":"https:\/\/somos-hermanos.mx\/index.php\/2025\/08\/04\/colonias-de-vacaciones-iap-promueve-el-derecho-a-la-recreacion-y-el-desarrollo-integral-de-la-ninez\/#breadcrumb","itemListElement":[{"@type":"ListItem","position":1,"name":"Inicio","item":"https:\/\/somos-hermanos.mx\/"},{"@type":"ListItem","position":2,"name":"Colonias de Vacaciones IAP promueve el derecho a la recreaci\u00f3n y el desarrollo integral de la ni\u00f1ez"}]},{"@type":"WebSite","@id":"https:\/\/somos-hermanos.mx\/#website","url":"https:\/\/somos-hermanos.mx\/","name":"Historias que inspiran...","description":"Somos la voz del altruismo en M\u00e9xico","publisher":{"@id":"https:\/\/somos-hermanos.mx\/#organization"},"potentialAction":[{"@type":"SearchAction","target":{"@type":"EntryPoint","urlTemplate":"https:\/\/somos-hermanos.mx\/?s={search_term_string}"},"query-input":{"@type":"PropertyValueSpecification","valueRequired":true,"valueName":"search_term_string"}}],"inLanguage":"es"},{"@type":"Organization","@id":"https:\/\/somos-hermanos.mx\/#organization","name":"Somos Hermanos","url":"https:\/\/somos-hermanos.mx\/","logo":{"@type":"ImageObject","inLanguage":"es","@id":"https:\/\/somos-hermanos.mx\/#\/schema\/logo\/image\/","url":"https:\/\/somos-hermanos.mx\/wp-content\/uploads\/2025\/08\/SH30-1.jpeg","contentUrl":"https:\/\/somos-hermanos.mx\/wp-content\/uploads\/2025\/08\/SH30-1.jpeg","width":1600,"height":1142,"caption":"Somos Hermanos"},"image":{"@id":"https:\/\/somos-hermanos.mx\/#\/schema\/logo\/image\/"},"sameAs":["https:\/\/www.facebook.com\/SomosHermanosIAP\/","https:\/\/x.com\/Somos__Hermanos","https:\/\/www.instagram.com\/somos__hermanos\/#","https:\/\/www.tiktok.com\/@somoshermanosiap","https:\/\/www.youtube.com\/@somoshermanosiap1201\/videos"]},{"@type":"Person","@id":"https:\/\/somos-hermanos.mx\/#\/schema\/person\/2466d21e6ade208f45dbc821298d62b6","name":"Carlos Hernandez Huerta","image":{"@type":"ImageObject","inLanguage":"es","@id":"https:\/\/secure.gravatar.com\/avatar\/51f6e8e89626306c560ccd8823655e34da99a1f976b5f71bb93591c6b45fd128?s=96&d=mm&r=g","url":"https:\/\/secure.gravatar.com\/avatar\/51f6e8e89626306c560ccd8823655e34da99a1f976b5f71bb93591c6b45fd128?s=96&d=mm&r=g","contentUrl":"https:\/\/secure.gravatar.com\/avatar\/51f6e8e89626306c560ccd8823655e34da99a1f976b5f71bb93591c6b45fd128?s=96&d=mm&r=g","caption":"Carlos Hernandez Huerta"},"url":"https:\/\/somos-hermanos.mx\/index.php\/author\/carlos-hernandez-huerta\/"}]}},"_links":{"self":[{"href":"https:\/\/somos-hermanos.mx\/index.php\/wp-json\/wp\/v2\/posts\/790","targetHints":{"allow":["GET"]}}],"collection":[{"href":"https:\/\/somos-hermanos.mx\/index.php\/wp-json\/wp\/v2\/posts"}],"about":[{"href":"https:\/\/somos-hermanos.mx\/index.php\/wp-json\/wp\/v2\/types\/post"}],"author":[{"embeddable":true,"href":"https:\/\/somos-hermanos.mx\/index.php\/wp-json\/wp\/v2\/users\/10"}],"replies":[{"embeddable":true,"href":"https:\/\/somos-hermanos.mx\/index.php\/wp-json\/wp\/v2\/comments?post=790"}],"version-history":[{"count":1,"href":"https:\/\/somos-hermanos.mx\/index.php\/wp-json\/wp\/v2\/posts\/790\/revisions"}],"predecessor-version":[{"id":792,"href":"https:\/\/somos-hermanos.mx\/index.php\/wp-json\/wp\/v2\/posts\/790\/revisions\/792"}],"wp:featuredmedia":[{"embeddable":true,"href":"https:\/\/somos-hermanos.mx\/index.php\/wp-json\/wp\/v2\/media\/791"}],"wp:attachment":[{"href":"https:\/\/somos-hermanos.mx\/index.php\/wp-json\/wp\/v2\/media?parent=790"}],"wp:term":[{"taxonomy":"category","embeddable":true,"href":"https:\/\/somos-hermanos.mx\/index.php\/wp-json\/wp\/v2\/categories?post=790"},{"taxonomy":"post_tag","embeddable":true,"href":"https:\/\/somos-hermanos.mx\/index.php\/wp-json\/wp\/v2\/tags?post=790"}],"curies":[{"name":"wp","href":"https:\/\/api.w.org\/{rel}","templated":true}]}}