{"id":787,"date":"2025-08-04T02:37:31","date_gmt":"2025-08-04T08:37:31","guid":{"rendered":"https:\/\/somos-hermanos.mx\/?p=787"},"modified":"2025-08-04T02:37:31","modified_gmt":"2025-08-04T08:37:31","slug":"inauguran-en-hidalgo-albergue-para-ninas-ninos-y-adolescentes-en-contexto-de-movilidad","status":"publish","type":"post","link":"https:\/\/somos-hermanos.mx\/index.php\/2025\/08\/04\/inauguran-en-hidalgo-albergue-para-ninas-ninos-y-adolescentes-en-contexto-de-movilidad\/","title":{"rendered":"Inauguran en Hidalgo Albergue para ni\u00f1as, ni\u00f1os y adolescentes en contexto de movilidad"},"content":{"rendered":"<p>Con una inversi\u00f3n de m\u00e1s de 53.4 millones de pesos provenientes de recursos federales, <strong>fue inaugurado en Pachuca, Hidalgo un nuevo albergue destinado a brindar refugio seguro y atenci\u00f3n integral a ni\u00f1as, ni\u00f1os y adolescentes en contexto de movilidad, <\/strong>acompa\u00f1ados y no acompa\u00f1ados.<\/p>\n<p>Como resultado de una adecuada vinculaci\u00f3n institucional para garantizar espacios dignos, seguros y humanos para personas en situaci\u00f3n de movilidad, la titular del Sistema Nacional para el Desarrollo Integral de la Familia (SNDIF), Mar\u00eda del Roc\u00edo Garc\u00eda P\u00e9rez y el gobernador de Hidalgo, Julio Menchaca Vite, encabezaron la ceremonia de apertura de este espacio.<\/p>\n<p>Durante su intervenci\u00f3n, la titular del DIF Nacional se\u00f1al\u00f3 que <strong>este albergue no s\u00f3lo representa una nueva y mejorada infraestructura, sino tambi\u00e9n un compromiso profundo con la dignidad humana, la solidaridad y los derechos de la ni\u00f1ez y adolescencia. <\/strong>\u201cDesde el DIF Nacional tenemos la responsabilidad de proteger a quienes m\u00e1s lo necesitan. Esa es la instrucci\u00f3n de nuestra presidenta Claudia Sheinbaum Pardo, y hoy refrendamos nuestro compromiso de no dejar a nadie atr\u00e1s ni afuera. Trabajamos incansablemente por las ni\u00f1as, ni\u00f1os y adolescentes, sin importar su origen, porque cada vida importa y es prioridad que todas y todos sean felices, est\u00e9n sanos y seguros\u201d, afirm\u00f3.<\/p>\n<p>Por su parte, Edda Vite Ramos, presidenta del Patronato del DIF Hidalgo, subray\u00f3 que <strong>este espacio naci\u00f3 del convencimiento profundo de que nadie debe enfrentar la adversidad en soledad. <\/strong>Record\u00f3 que este proyecto se impulsa con la visi\u00f3n de lograr una migraci\u00f3n m\u00e1s ordenada, segura, regulada y, sobre todo, m\u00e1s humana.<\/p>\n<p>El director general del DIF Hidalgo, Ricardo Alvizo Contreras, destac\u00f3 que esta obra es ejemplo de una correcta vinculaci\u00f3n institucional, y, m\u00e1s all\u00e1 de eso, representa un esfuerzo humanitario: <strong>\u201cEstamos aqu\u00ed para restablecer los derechos de todas las ni\u00f1as, ni\u00f1os y adolescentes en esta situaci\u00f3n\u201d.<\/strong><\/p>\n<p>La inversi\u00f3n para la construcci\u00f3n del albergue super\u00f3 los 53.4 millones de pesos en recursos federales, y permitir\u00e1 brindar atenci\u00f3n a 150 personas. El espacio cuenta con dormitorios con sanitarios y regaderas, \u00e1rea de lavado, salas de estar, \u00e1rea administrativa, m\u00f3dulos de trabajo social, atenci\u00f3n jur\u00eddica, educativa y psicol\u00f3gica, as\u00ed como comedor, cocina, servicios m\u00e9dicos, caseta de vigilancia y estacionamiento.<\/p>\n<p><strong>La atenci\u00f3n que se proporcionar\u00e1 ser\u00e1 completamente gratuita e integral, incluyendo cinco alimentos diarios (desayuno, dos colaciones, comida y cena), servicios de salud f\u00edsica y mental, as\u00ed como alojamiento digno y seguro.<\/strong><\/p>\n<p>El DIF Hidalgo actualmente opera cuatro albergues para ni\u00f1as, ni\u00f1os y adolescentes en contexto de movilidad en los municipios de Ciudad Sahag\u00fan, Huejutla de Reyes, Tepeji del R\u00edo y Pachuca de Soto. El albergue inaugurado el d\u00eda de hoy se suma a esta red, con lo que ahora son 5 espacios de apoyo a personas en contexto de movilidad operados por el Sistema Estatal DIF Hidalgo.<\/p>\n<p>Tras la ceremonia de inauguraci\u00f3n, las autoridades realizaron un recorrido por el Hospital del Ni\u00f1o DIF Hidalgo y el Centro de Rehabilitaci\u00f3n Integral del estado.<\/p>\n","protected":false},"excerpt":{"rendered":"<p>Con una inversi\u00f3n de m\u00e1s de 53.4 millones de pesos provenientes de recursos federales, fue inaugurado en Pachuca, Hidalgo un nuevo albergue destinado a brindar refugio seguro y atenci\u00f3n integral a ni\u00f1as, ni\u00f1os y adolescentes en contexto de movilidad, acompa\u00f1ados y no acompa\u00f1ados. Como resultado de una adecuada vinculaci\u00f3n institucional para garantizar espacios dignos, seguros [&hellip;]<\/p>\n","protected":false},"author":2,"featured_media":788,"comment_status":"open","ping_status":"closed","sticky":false,"template":"","format":"standard","meta":{"footnotes":""},"categories":[6],"tags":[],"class_list":["post-787","post","type-post","status-publish","format-standard","has-post-thumbnail","hentry","category-noticias"],"yoast_head":"<!-- This site is optimized with the Yoast SEO plugin v27.5 - https:\/\/yoast.com\/product\/yoast-seo-wordpress\/ -->\n<title>Inauguran en Hidalgo Albergue para ni\u00f1as, ni\u00f1os y adolescentes en contexto de movilidad - Historias que inspiran...<\/title>\n<meta name=\"robots\" content=\"index, follow, max-snippet:-1, max-image-preview:large, max-video-preview:-1\" \/>\n<link rel=\"canonical\" href=\"https:\/\/somos-hermanos.mx\/index.php\/2025\/08\/04\/inauguran-en-hidalgo-albergue-para-ninas-ninos-y-adolescentes-en-contexto-de-movilidad\/\" \/>\n<meta property=\"og:locale\" content=\"es_MX\" \/>\n<meta property=\"og:type\" content=\"article\" \/>\n<meta property=\"og:title\" content=\"Inauguran en Hidalgo Albergue para ni\u00f1as, ni\u00f1os y adolescentes en contexto de movilidad - Historias que inspiran...\" \/>\n<meta property=\"og:description\" content=\"Con una inversi\u00f3n de m\u00e1s de 53.4 millones de pesos provenientes de recursos federales, fue inaugurado en Pachuca, Hidalgo un nuevo albergue destinado a brindar refugio seguro y atenci\u00f3n integral a ni\u00f1as, ni\u00f1os y adolescentes en contexto de movilidad, acompa\u00f1ados y no acompa\u00f1ados. Como resultado de una adecuada vinculaci\u00f3n institucional para garantizar espacios dignos, seguros [&hellip;]\" \/>\n<meta property=\"og:url\" content=\"https:\/\/somos-hermanos.mx\/index.php\/2025\/08\/04\/inauguran-en-hidalgo-albergue-para-ninas-ninos-y-adolescentes-en-contexto-de-movilidad\/\" \/>\n<meta property=\"og:site_name\" content=\"Historias que inspiran...\" \/>\n<meta property=\"article:publisher\" content=\"https:\/\/www.facebook.com\/SomosHermanosIAP\/\" \/>\n<meta property=\"article:published_time\" content=\"2025-08-04T08:37:31+00:00\" \/>\n<meta property=\"og:image\" content=\"https:\/\/somos-hermanos.mx\/wp-content\/uploads\/2025\/08\/albergue2.jpeg\" \/>\n\t<meta property=\"og:image:width\" content=\"1600\" \/>\n\t<meta property=\"og:image:height\" content=\"950\" \/>\n\t<meta property=\"og:image:type\" content=\"image\/jpeg\" \/>\n<meta name=\"author\" content=\"Redacci\u00f3n\" \/>\n<meta name=\"twitter:card\" content=\"summary_large_image\" \/>\n<meta name=\"twitter:creator\" content=\"@Somos__Hermanos\" \/>\n<meta name=\"twitter:site\" content=\"@Somos__Hermanos\" \/>\n<meta name=\"twitter:label1\" content=\"Escrito por\" \/>\n\t<meta name=\"twitter:data1\" content=\"Redacci\u00f3n\" \/>\n\t<meta name=\"twitter:label2\" content=\"Tiempo de lectura\" \/>\n\t<meta name=\"twitter:data2\" content=\"3 minutos\" \/>\n<script type=\"application\/ld+json\" class=\"yoast-schema-graph\">{\"@context\":\"https:\\\/\\\/schema.org\",\"@graph\":[{\"@type\":\"Article\",\"@id\":\"https:\\\/\\\/somos-hermanos.mx\\\/index.php\\\/2025\\\/08\\\/04\\\/inauguran-en-hidalgo-albergue-para-ninas-ninos-y-adolescentes-en-contexto-de-movilidad\\\/#article\",\"isPartOf\":{\"@id\":\"https:\\\/\\\/somos-hermanos.mx\\\/index.php\\\/2025\\\/08\\\/04\\\/inauguran-en-hidalgo-albergue-para-ninas-ninos-y-adolescentes-en-contexto-de-movilidad\\\/\"},\"author\":{\"name\":\"Redacci\u00f3n\",\"@id\":\"https:\\\/\\\/somos-hermanos.mx\\\/#\\\/schema\\\/person\\\/72be0deaeb1d387148bc8db9a84cd13a\"},\"headline\":\"Inauguran en Hidalgo Albergue para ni\u00f1as, ni\u00f1os y adolescentes en contexto de movilidad\",\"datePublished\":\"2025-08-04T08:37:31+00:00\",\"mainEntityOfPage\":{\"@id\":\"https:\\\/\\\/somos-hermanos.mx\\\/index.php\\\/2025\\\/08\\\/04\\\/inauguran-en-hidalgo-albergue-para-ninas-ninos-y-adolescentes-en-contexto-de-movilidad\\\/\"},\"wordCount\":544,\"commentCount\":0,\"publisher\":{\"@id\":\"https:\\\/\\\/somos-hermanos.mx\\\/#organization\"},\"image\":{\"@id\":\"https:\\\/\\\/somos-hermanos.mx\\\/index.php\\\/2025\\\/08\\\/04\\\/inauguran-en-hidalgo-albergue-para-ninas-ninos-y-adolescentes-en-contexto-de-movilidad\\\/#primaryimage\"},\"thumbnailUrl\":\"https:\\\/\\\/somos-hermanos.mx\\\/wp-content\\\/uploads\\\/2025\\\/08\\\/albergue2.jpeg\",\"articleSection\":[\"Noticias\"],\"inLanguage\":\"es\",\"potentialAction\":[{\"@type\":\"CommentAction\",\"name\":\"Comment\",\"target\":[\"https:\\\/\\\/somos-hermanos.mx\\\/index.php\\\/2025\\\/08\\\/04\\\/inauguran-en-hidalgo-albergue-para-ninas-ninos-y-adolescentes-en-contexto-de-movilidad\\\/#respond\"]}]},{\"@type\":\"WebPage\",\"@id\":\"https:\\\/\\\/somos-hermanos.mx\\\/index.php\\\/2025\\\/08\\\/04\\\/inauguran-en-hidalgo-albergue-para-ninas-ninos-y-adolescentes-en-contexto-de-movilidad\\\/\",\"url\":\"https:\\\/\\\/somos-hermanos.mx\\\/index.php\\\/2025\\\/08\\\/04\\\/inauguran-en-hidalgo-albergue-para-ninas-ninos-y-adolescentes-en-contexto-de-movilidad\\\/\",\"name\":\"Inauguran en Hidalgo Albergue para ni\u00f1as, ni\u00f1os y adolescentes en contexto de movilidad - Historias que inspiran...\",\"isPartOf\":{\"@id\":\"https:\\\/\\\/somos-hermanos.mx\\\/#website\"},\"primaryImageOfPage\":{\"@id\":\"https:\\\/\\\/somos-hermanos.mx\\\/index.php\\\/2025\\\/08\\\/04\\\/inauguran-en-hidalgo-albergue-para-ninas-ninos-y-adolescentes-en-contexto-de-movilidad\\\/#primaryimage\"},\"image\":{\"@id\":\"https:\\\/\\\/somos-hermanos.mx\\\/index.php\\\/2025\\\/08\\\/04\\\/inauguran-en-hidalgo-albergue-para-ninas-ninos-y-adolescentes-en-contexto-de-movilidad\\\/#primaryimage\"},\"thumbnailUrl\":\"https:\\\/\\\/somos-hermanos.mx\\\/wp-content\\\/uploads\\\/2025\\\/08\\\/albergue2.jpeg\",\"datePublished\":\"2025-08-04T08:37:31+00:00\",\"breadcrumb\":{\"@id\":\"https:\\\/\\\/somos-hermanos.mx\\\/index.php\\\/2025\\\/08\\\/04\\\/inauguran-en-hidalgo-albergue-para-ninas-ninos-y-adolescentes-en-contexto-de-movilidad\\\/#breadcrumb\"},\"inLanguage\":\"es\",\"potentialAction\":[{\"@type\":\"ReadAction\",\"target\":[\"https:\\\/\\\/somos-hermanos.mx\\\/index.php\\\/2025\\\/08\\\/04\\\/inauguran-en-hidalgo-albergue-para-ninas-ninos-y-adolescentes-en-contexto-de-movilidad\\\/\"]}]},{\"@type\":\"ImageObject\",\"inLanguage\":\"es\",\"@id\":\"https:\\\/\\\/somos-hermanos.mx\\\/index.php\\\/2025\\\/08\\\/04\\\/inauguran-en-hidalgo-albergue-para-ninas-ninos-y-adolescentes-en-contexto-de-movilidad\\\/#primaryimage\",\"url\":\"https:\\\/\\\/somos-hermanos.mx\\\/wp-content\\\/uploads\\\/2025\\\/08\\\/albergue2.jpeg\",\"contentUrl\":\"https:\\\/\\\/somos-hermanos.mx\\\/wp-content\\\/uploads\\\/2025\\\/08\\\/albergue2.jpeg\",\"width\":1600,\"height\":950},{\"@type\":\"BreadcrumbList\",\"@id\":\"https:\\\/\\\/somos-hermanos.mx\\\/index.php\\\/2025\\\/08\\\/04\\\/inauguran-en-hidalgo-albergue-para-ninas-ninos-y-adolescentes-en-contexto-de-movilidad\\\/#breadcrumb\",\"itemListElement\":[{\"@type\":\"ListItem\",\"position\":1,\"name\":\"Inicio\",\"item\":\"https:\\\/\\\/somos-hermanos.mx\\\/\"},{\"@type\":\"ListItem\",\"position\":2,\"name\":\"Inauguran en Hidalgo Albergue para ni\u00f1as, ni\u00f1os y adolescentes en contexto de movilidad\"}]},{\"@type\":\"WebSite\",\"@id\":\"https:\\\/\\\/somos-hermanos.mx\\\/#website\",\"url\":\"https:\\\/\\\/somos-hermanos.mx\\\/\",\"name\":\"Historias que inspiran...\",\"description\":\"Somos la voz del altruismo en M\u00e9xico\",\"publisher\":{\"@id\":\"https:\\\/\\\/somos-hermanos.mx\\\/#organization\"},\"potentialAction\":[{\"@type\":\"SearchAction\",\"target\":{\"@type\":\"EntryPoint\",\"urlTemplate\":\"https:\\\/\\\/somos-hermanos.mx\\\/?s={search_term_string}\"},\"query-input\":{\"@type\":\"PropertyValueSpecification\",\"valueRequired\":true,\"valueName\":\"search_term_string\"}}],\"inLanguage\":\"es\"},{\"@type\":\"Organization\",\"@id\":\"https:\\\/\\\/somos-hermanos.mx\\\/#organization\",\"name\":\"Somos Hermanos\",\"url\":\"https:\\\/\\\/somos-hermanos.mx\\\/\",\"logo\":{\"@type\":\"ImageObject\",\"inLanguage\":\"es\",\"@id\":\"https:\\\/\\\/somos-hermanos.mx\\\/#\\\/schema\\\/logo\\\/image\\\/\",\"url\":\"https:\\\/\\\/somos-hermanos.mx\\\/wp-content\\\/uploads\\\/2025\\\/08\\\/SH30-1.jpeg\",\"contentUrl\":\"https:\\\/\\\/somos-hermanos.mx\\\/wp-content\\\/uploads\\\/2025\\\/08\\\/SH30-1.jpeg\",\"width\":1600,\"height\":1142,\"caption\":\"Somos Hermanos\"},\"image\":{\"@id\":\"https:\\\/\\\/somos-hermanos.mx\\\/#\\\/schema\\\/logo\\\/image\\\/\"},\"sameAs\":[\"https:\\\/\\\/www.facebook.com\\\/SomosHermanosIAP\\\/\",\"https:\\\/\\\/x.com\\\/Somos__Hermanos\",\"https:\\\/\\\/www.instagram.com\\\/somos__hermanos\\\/#\",\"https:\\\/\\\/www.tiktok.com\\\/@somoshermanosiap\",\"https:\\\/\\\/www.youtube.com\\\/@somoshermanosiap1201\\\/videos\"]},{\"@type\":\"Person\",\"@id\":\"https:\\\/\\\/somos-hermanos.mx\\\/#\\\/schema\\\/person\\\/72be0deaeb1d387148bc8db9a84cd13a\",\"name\":\"Redacci\u00f3n\",\"image\":{\"@type\":\"ImageObject\",\"inLanguage\":\"es\",\"@id\":\"https:\\\/\\\/secure.gravatar.com\\\/avatar\\\/0471f62dae6ab1c39ae7c79f265de6a8ede1928a658b55db6bd71466aa956832?s=96&d=mm&r=g\",\"url\":\"https:\\\/\\\/secure.gravatar.com\\\/avatar\\\/0471f62dae6ab1c39ae7c79f265de6a8ede1928a658b55db6bd71466aa956832?s=96&d=mm&r=g\",\"contentUrl\":\"https:\\\/\\\/secure.gravatar.com\\\/avatar\\\/0471f62dae6ab1c39ae7c79f265de6a8ede1928a658b55db6bd71466aa956832?s=96&d=mm&r=g\",\"caption\":\"Redacci\u00f3n\"},\"url\":\"https:\\\/\\\/somos-hermanos.mx\\\/index.php\\\/author\\\/redaccion\\\/\"}]}<\/script>\n<!-- \/ Yoast SEO plugin. -->","yoast_head_json":{"title":"Inauguran en Hidalgo Albergue para ni\u00f1as, ni\u00f1os y adolescentes en contexto de movilidad - Historias que inspiran...","robots":{"index":"index","follow":"follow","max-snippet":"max-snippet:-1","max-image-preview":"max-image-preview:large","max-video-preview":"max-video-preview:-1"},"canonical":"https:\/\/somos-hermanos.mx\/index.php\/2025\/08\/04\/inauguran-en-hidalgo-albergue-para-ninas-ninos-y-adolescentes-en-contexto-de-movilidad\/","og_locale":"es_MX","og_type":"article","og_title":"Inauguran en Hidalgo Albergue para ni\u00f1as, ni\u00f1os y adolescentes en contexto de movilidad - Historias que inspiran...","og_description":"Con una inversi\u00f3n de m\u00e1s de 53.4 millones de pesos provenientes de recursos federales, fue inaugurado en Pachuca, Hidalgo un nuevo albergue destinado a brindar refugio seguro y atenci\u00f3n integral a ni\u00f1as, ni\u00f1os y adolescentes en contexto de movilidad, acompa\u00f1ados y no acompa\u00f1ados. Como resultado de una adecuada vinculaci\u00f3n institucional para garantizar espacios dignos, seguros [&hellip;]","og_url":"https:\/\/somos-hermanos.mx\/index.php\/2025\/08\/04\/inauguran-en-hidalgo-albergue-para-ninas-ninos-y-adolescentes-en-contexto-de-movilidad\/","og_site_name":"Historias que inspiran...","article_publisher":"https:\/\/www.facebook.com\/SomosHermanosIAP\/","article_published_time":"2025-08-04T08:37:31+00:00","og_image":[{"width":1600,"height":950,"url":"https:\/\/somos-hermanos.mx\/wp-content\/uploads\/2025\/08\/albergue2.jpeg","type":"image\/jpeg"}],"author":"Redacci\u00f3n","twitter_card":"summary_large_image","twitter_creator":"@Somos__Hermanos","twitter_site":"@Somos__Hermanos","twitter_misc":{"Escrito por":"Redacci\u00f3n","Tiempo de lectura":"3 minutos"},"schema":{"@context":"https:\/\/schema.org","@graph":[{"@type":"Article","@id":"https:\/\/somos-hermanos.mx\/index.php\/2025\/08\/04\/inauguran-en-hidalgo-albergue-para-ninas-ninos-y-adolescentes-en-contexto-de-movilidad\/#article","isPartOf":{"@id":"https:\/\/somos-hermanos.mx\/index.php\/2025\/08\/04\/inauguran-en-hidalgo-albergue-para-ninas-ninos-y-adolescentes-en-contexto-de-movilidad\/"},"author":{"name":"Redacci\u00f3n","@id":"https:\/\/somos-hermanos.mx\/#\/schema\/person\/72be0deaeb1d387148bc8db9a84cd13a"},"headline":"Inauguran en Hidalgo Albergue para ni\u00f1as, ni\u00f1os y adolescentes en contexto de movilidad","datePublished":"2025-08-04T08:37:31+00:00","mainEntityOfPage":{"@id":"https:\/\/somos-hermanos.mx\/index.php\/2025\/08\/04\/inauguran-en-hidalgo-albergue-para-ninas-ninos-y-adolescentes-en-contexto-de-movilidad\/"},"wordCount":544,"commentCount":0,"publisher":{"@id":"https:\/\/somos-hermanos.mx\/#organization"},"image":{"@id":"https:\/\/somos-hermanos.mx\/index.php\/2025\/08\/04\/inauguran-en-hidalgo-albergue-para-ninas-ninos-y-adolescentes-en-contexto-de-movilidad\/#primaryimage"},"thumbnailUrl":"https:\/\/somos-hermanos.mx\/wp-content\/uploads\/2025\/08\/albergue2.jpeg","articleSection":["Noticias"],"inLanguage":"es","potentialAction":[{"@type":"CommentAction","name":"Comment","target":["https:\/\/somos-hermanos.mx\/index.php\/2025\/08\/04\/inauguran-en-hidalgo-albergue-para-ninas-ninos-y-adolescentes-en-contexto-de-movilidad\/#respond"]}]},{"@type":"WebPage","@id":"https:\/\/somos-hermanos.mx\/index.php\/2025\/08\/04\/inauguran-en-hidalgo-albergue-para-ninas-ninos-y-adolescentes-en-contexto-de-movilidad\/","url":"https:\/\/somos-hermanos.mx\/index.php\/2025\/08\/04\/inauguran-en-hidalgo-albergue-para-ninas-ninos-y-adolescentes-en-contexto-de-movilidad\/","name":"Inauguran en Hidalgo Albergue para ni\u00f1as, ni\u00f1os y adolescentes en contexto de movilidad - Historias que inspiran...","isPartOf":{"@id":"https:\/\/somos-hermanos.mx\/#website"},"primaryImageOfPage":{"@id":"https:\/\/somos-hermanos.mx\/index.php\/2025\/08\/04\/inauguran-en-hidalgo-albergue-para-ninas-ninos-y-adolescentes-en-contexto-de-movilidad\/#primaryimage"},"image":{"@id":"https:\/\/somos-hermanos.mx\/index.php\/2025\/08\/04\/inauguran-en-hidalgo-albergue-para-ninas-ninos-y-adolescentes-en-contexto-de-movilidad\/#primaryimage"},"thumbnailUrl":"https:\/\/somos-hermanos.mx\/wp-content\/uploads\/2025\/08\/albergue2.jpeg","datePublished":"2025-08-04T08:37:31+00:00","breadcrumb":{"@id":"https:\/\/somos-hermanos.mx\/index.php\/2025\/08\/04\/inauguran-en-hidalgo-albergue-para-ninas-ninos-y-adolescentes-en-contexto-de-movilidad\/#breadcrumb"},"inLanguage":"es","potentialAction":[{"@type":"ReadAction","target":["https:\/\/somos-hermanos.mx\/index.php\/2025\/08\/04\/inauguran-en-hidalgo-albergue-para-ninas-ninos-y-adolescentes-en-contexto-de-movilidad\/"]}]},{"@type":"ImageObject","inLanguage":"es","@id":"https:\/\/somos-hermanos.mx\/index.php\/2025\/08\/04\/inauguran-en-hidalgo-albergue-para-ninas-ninos-y-adolescentes-en-contexto-de-movilidad\/#primaryimage","url":"https:\/\/somos-hermanos.mx\/wp-content\/uploads\/2025\/08\/albergue2.jpeg","contentUrl":"https:\/\/somos-hermanos.mx\/wp-content\/uploads\/2025\/08\/albergue2.jpeg","width":1600,"height":950},{"@type":"BreadcrumbList","@id":"https:\/\/somos-hermanos.mx\/index.php\/2025\/08\/04\/inauguran-en-hidalgo-albergue-para-ninas-ninos-y-adolescentes-en-contexto-de-movilidad\/#breadcrumb","itemListElement":[{"@type":"ListItem","position":1,"name":"Inicio","item":"https:\/\/somos-hermanos.mx\/"},{"@type":"ListItem","position":2,"name":"Inauguran en Hidalgo Albergue para ni\u00f1as, ni\u00f1os y adolescentes en contexto de movilidad"}]},{"@type":"WebSite","@id":"https:\/\/somos-hermanos.mx\/#website","url":"https:\/\/somos-hermanos.mx\/","name":"Historias que inspiran...","description":"Somos la voz del altruismo en M\u00e9xico","publisher":{"@id":"https:\/\/somos-hermanos.mx\/#organization"},"potentialAction":[{"@type":"SearchAction","target":{"@type":"EntryPoint","urlTemplate":"https:\/\/somos-hermanos.mx\/?s={search_term_string}"},"query-input":{"@type":"PropertyValueSpecification","valueRequired":true,"valueName":"search_term_string"}}],"inLanguage":"es"},{"@type":"Organization","@id":"https:\/\/somos-hermanos.mx\/#organization","name":"Somos Hermanos","url":"https:\/\/somos-hermanos.mx\/","logo":{"@type":"ImageObject","inLanguage":"es","@id":"https:\/\/somos-hermanos.mx\/#\/schema\/logo\/image\/","url":"https:\/\/somos-hermanos.mx\/wp-content\/uploads\/2025\/08\/SH30-1.jpeg","contentUrl":"https:\/\/somos-hermanos.mx\/wp-content\/uploads\/2025\/08\/SH30-1.jpeg","width":1600,"height":1142,"caption":"Somos Hermanos"},"image":{"@id":"https:\/\/somos-hermanos.mx\/#\/schema\/logo\/image\/"},"sameAs":["https:\/\/www.facebook.com\/SomosHermanosIAP\/","https:\/\/x.com\/Somos__Hermanos","https:\/\/www.instagram.com\/somos__hermanos\/#","https:\/\/www.tiktok.com\/@somoshermanosiap","https:\/\/www.youtube.com\/@somoshermanosiap1201\/videos"]},{"@type":"Person","@id":"https:\/\/somos-hermanos.mx\/#\/schema\/person\/72be0deaeb1d387148bc8db9a84cd13a","name":"Redacci\u00f3n","image":{"@type":"ImageObject","inLanguage":"es","@id":"https:\/\/secure.gravatar.com\/avatar\/0471f62dae6ab1c39ae7c79f265de6a8ede1928a658b55db6bd71466aa956832?s=96&d=mm&r=g","url":"https:\/\/secure.gravatar.com\/avatar\/0471f62dae6ab1c39ae7c79f265de6a8ede1928a658b55db6bd71466aa956832?s=96&d=mm&r=g","contentUrl":"https:\/\/secure.gravatar.com\/avatar\/0471f62dae6ab1c39ae7c79f265de6a8ede1928a658b55db6bd71466aa956832?s=96&d=mm&r=g","caption":"Redacci\u00f3n"},"url":"https:\/\/somos-hermanos.mx\/index.php\/author\/redaccion\/"}]}},"_links":{"self":[{"href":"https:\/\/somos-hermanos.mx\/index.php\/wp-json\/wp\/v2\/posts\/787","targetHints":{"allow":["GET"]}}],"collection":[{"href":"https:\/\/somos-hermanos.mx\/index.php\/wp-json\/wp\/v2\/posts"}],"about":[{"href":"https:\/\/somos-hermanos.mx\/index.php\/wp-json\/wp\/v2\/types\/post"}],"author":[{"embeddable":true,"href":"https:\/\/somos-hermanos.mx\/index.php\/wp-json\/wp\/v2\/users\/2"}],"replies":[{"embeddable":true,"href":"https:\/\/somos-hermanos.mx\/index.php\/wp-json\/wp\/v2\/comments?post=787"}],"version-history":[{"count":1,"href":"https:\/\/somos-hermanos.mx\/index.php\/wp-json\/wp\/v2\/posts\/787\/revisions"}],"predecessor-version":[{"id":789,"href":"https:\/\/somos-hermanos.mx\/index.php\/wp-json\/wp\/v2\/posts\/787\/revisions\/789"}],"wp:featuredmedia":[{"embeddable":true,"href":"https:\/\/somos-hermanos.mx\/index.php\/wp-json\/wp\/v2\/media\/788"}],"wp:attachment":[{"href":"https:\/\/somos-hermanos.mx\/index.php\/wp-json\/wp\/v2\/media?parent=787"}],"wp:term":[{"taxonomy":"category","embeddable":true,"href":"https:\/\/somos-hermanos.mx\/index.php\/wp-json\/wp\/v2\/categories?post=787"},{"taxonomy":"post_tag","embeddable":true,"href":"https:\/\/somos-hermanos.mx\/index.php\/wp-json\/wp\/v2\/tags?post=787"}],"curies":[{"name":"wp","href":"https:\/\/api.w.org\/{rel}","templated":true}]}}